{"id":1451625,"date":"2024-08-06T06:03:43","date_gmt":"2024-08-06T13:03:43","guid":{"rendered":"https:\/\/noticiasya.com\/2024\/08\/06\/david-lynch-nunca-se-jubilara-enfisema-trax\/"},"modified":"2024-08-06T06:03:43","modified_gmt":"2024-08-06T13:03:43","slug":"david-lynch-nunca-se-jubilara-enfisema-trax","status":"publish","type":"post","link":"https:\/\/noticiasya.com\/boston\/2024\/08\/06\/david-lynch-nunca-se-jubilara-enfisema-trax\/","title":{"rendered":"David Lynch dice que &#171;nunca se jubilar\u00e1&#187; a pesar del diagn\u00f3stico de enfisema"},"content":{"rendered":"<p>(CNN) &#8212; El cineasta David Lynch asegur\u00f3 a sus seguidores que no tiene previsto retirarse, a pesar de haber revelado que padece una enfermedad pulmonar cr\u00f3nica.<\/p>\n<p>El guionista y director de 78 a\u00f1os, cuyos cr\u00e9ditos incluyen &#171;Twin Peaks&#187;, &#171;The Elephant Man&#187; y &#171;Blue Velvet&#187;, dijo a Sight and Sound, la revista del British Film Institute (BFI), que le hab\u00edan diagnosticado enfisema.<\/p>\n<p>&#171;He tenido enfisema por fumar durante tanto tiempo, as\u00ed que estoy confinado en casa, me guste o no\u2026 Y ahora, debido al covid, ser\u00eda muy malo para m\u00ed enfermarme, incluso tener un resfriado&#187;, dijo a la revista, seg\u00fan inform\u00f3 Reuters.<\/p>\n<p>Despu\u00e9s de que se publicara el art\u00edculo, Lynch recurri\u00f3 a las redes sociales el lunes para asegurar a sus seguidores que no tiene planes de abandonar la industria cinematogr\u00e1fica.<\/p>\n<p>Dirigi\u00e9ndose a sus seguidores como &#171;damas y caballeros&#187;, escribi\u00f3: &#171;S\u00ed, tengo enfisema por mis muchos a\u00f1os de fuma&#187;.<\/p>\n<p>&#171;Tengo que decir que disfrut\u00e9 mucho fumar, y me encanta el tabaco: su olor, encender cigarrillos, fumarlos, pero hay un precio que pagar por este placer, y el precio para m\u00ed es el enfisema&#187;, indic\u00f3 el director.<\/p>\n<p>&#171;Hace m\u00e1s de dos a\u00f1os que dej\u00e9 de fumar. Recientemente me hice muchas pruebas y la buena noticia es que estoy en excelente forma, excepto por el enfisema. Estoy lleno de felicidad y nunca me jubilar\u00e9&#187;.<\/p>\n<p>Termin\u00f3 diciendo: &#171;Realmente aprecio su preocupaci\u00f3n&#187;,\u00a0 y se despidi\u00f3: &#171;Con cari\u00f1o, David&#187;.<\/p>\n<p>El enfisema, uno de los trastornos pulmonares clasificados como enfermedad pulmonar obstructiva cr\u00f3nica (EPOC), es causado por un da\u00f1o a los sacos de aire de los pulmones, lo que reduce la capacidad del cuerpo para captar ox\u00edgeno del aire.<\/p>\n<p>M\u00e1s de tres millones de personas viven con esta afecci\u00f3n en EE.UU., seg\u00fan la Asociaci\u00f3n Estadounidense del Pulm\u00f3n.<\/p>\n<p>The-CNN-Wire<br \/>&trade; &amp; &copy; 2024 Cable News Network, Inc., a Warner Bros. Discovery Company. All rights reserved.<\/p>\n","protected":false},"excerpt":{"rendered":"<p>(CNN) &#8212; El cineasta David Lynch asegur\u00f3 a sus seguidores que no tiene previsto retirarse, a pesar de haber revelado que padece una enfermedad pulmonar cr\u00f3nica. El guionista y director de 78 a\u00f1os, cuyos cr\u00e9ditos incluyen &#171;Twin Peaks&#187;, &#171;The Elephant Man&#187; y &#171;Blue Velvet&#187;, dijo a Sight and Sound, la revista del British Film Institute [&hellip;]<\/p>\n","protected":false},"author":0,"featured_media":0,"comment_status":"open","ping_status":"open","sticky":false,"template":"","format":"standard","meta":{"_jetpack_memberships_contains_paid_content":false,"footnotes":""},"categories":[10],"tags":[],"class_list":["post-1451625","post","type-post","status-publish","format-standard","hentry","category-noticias-nacionales","market-global"],"yoast_head":"<!-- This site is optimized with the Yoast SEO plugin v24.4 - https:\/\/yoast.com\/wordpress\/plugins\/seo\/ -->\n<title>David Lynch dice que &quot;nunca se jubilar\u00e1&quot; a pesar del diagn\u00f3stico de enfisema - Noticias<\/title>\n<meta name=\"robots\" content=\"index, follow, max-snippet:-1, max-image-preview:large, max-video-preview:-1\" \/>\n<link rel=\"canonical\" href=\"https:\/\/noticiasya.com\/2024\/08\/06\/david-lynch-nunca-se-jubilara-enfisema-trax\/\" \/>\n<meta property=\"og:locale\" content=\"es_ES\" \/>\n<meta property=\"og:type\" content=\"article\" \/>\n<meta property=\"og:title\" content=\"David Lynch dice que &quot;nunca se jubilar\u00e1&quot; a pesar del diagn\u00f3stico de enfisema - Noticias\" \/>\n<meta property=\"og:description\" content=\"(CNN) &#8212; El cineasta David Lynch asegur\u00f3 a sus seguidores que no tiene previsto retirarse, a pesar de haber revelado que padece una enfermedad pulmonar cr\u00f3nica. El guionista y director de 78 a\u00f1os, cuyos cr\u00e9ditos incluyen &#171;Twin Peaks&#187;, &#171;The Elephant Man&#187; y &#171;Blue Velvet&#187;, dijo a Sight and Sound, la revista del British Film Institute [&hellip;]\" \/>\n<meta property=\"og:url\" content=\"https:\/\/noticiasya.com\/2024\/08\/06\/david-lynch-nunca-se-jubilara-enfisema-trax\/\" \/>\n<meta property=\"og:site_name\" content=\"Noticias\" \/>\n<meta property=\"article:published_time\" content=\"2024-08-06T13:03:43+00:00\" \/>\n<meta name=\"twitter:card\" content=\"summary_large_image\" \/>\n<meta name=\"twitter:label1\" content=\"Est. reading time\" \/>\n\t<meta name=\"twitter:data1\" content=\"2 minutos\" \/>\n<script type=\"application\/ld+json\" class=\"yoast-schema-graph\">{\"@context\":\"https:\/\/schema.org\",\"@graph\":[{\"@type\":\"Article\",\"@id\":\"https:\/\/noticiasya.com\/2024\/08\/06\/david-lynch-nunca-se-jubilara-enfisema-trax\/#article\",\"isPartOf\":{\"@id\":\"https:\/\/noticiasya.com\/2024\/08\/06\/david-lynch-nunca-se-jubilara-enfisema-trax\/\"},\"author\":{\"name\":\"\",\"@id\":\"\"},\"headline\":\"David Lynch dice que &#171;nunca se jubilar\u00e1&#187; a pesar del diagn\u00f3stico de enfisema\",\"datePublished\":\"2024-08-06T13:03:43+00:00\",\"mainEntityOfPage\":{\"@id\":\"https:\/\/noticiasya.com\/2024\/08\/06\/david-lynch-nunca-se-jubilara-enfisema-trax\/\"},\"wordCount\":343,\"commentCount\":0,\"publisher\":{\"@id\":\"https:\/\/noticiasya.com\/#organization\"},\"articleSection\":[\"Noticias Nacionales\"],\"inLanguage\":\"es\",\"potentialAction\":[{\"@type\":\"CommentAction\",\"name\":\"Comment\",\"target\":[\"https:\/\/noticiasya.com\/2024\/08\/06\/david-lynch-nunca-se-jubilara-enfisema-trax\/#respond\"]}]},{\"@type\":\"WebPage\",\"@id\":\"https:\/\/noticiasya.com\/2024\/08\/06\/david-lynch-nunca-se-jubilara-enfisema-trax\/\",\"url\":\"https:\/\/noticiasya.com\/2024\/08\/06\/david-lynch-nunca-se-jubilara-enfisema-trax\/\",\"name\":\"David Lynch dice que \\\"nunca se jubilar\u00e1\\\" a pesar del diagn\u00f3stico de enfisema - Noticias\",\"isPartOf\":{\"@id\":\"https:\/\/noticiasya.com\/#website\"},\"datePublished\":\"2024-08-06T13:03:43+00:00\",\"breadcrumb\":{\"@id\":\"https:\/\/noticiasya.com\/2024\/08\/06\/david-lynch-nunca-se-jubilara-enfisema-trax\/#breadcrumb\"},\"inLanguage\":\"es\",\"potentialAction\":[{\"@type\":\"ReadAction\",\"target\":[\"https:\/\/noticiasya.com\/2024\/08\/06\/david-lynch-nunca-se-jubilara-enfisema-trax\/\"]}]},{\"@type\":\"BreadcrumbList\",\"@id\":\"https:\/\/noticiasya.com\/2024\/08\/06\/david-lynch-nunca-se-jubilara-enfisema-trax\/#breadcrumb\",\"itemListElement\":[{\"@type\":\"ListItem\",\"position\":1,\"name\":\"Home\",\"item\":\"https:\/\/noticiasya.com\/\"},{\"@type\":\"ListItem\",\"position\":2,\"name\":\"David Lynch dice que &#171;nunca se jubilar\u00e1&#187; a pesar del diagn\u00f3stico de enfisema\"}]},{\"@type\":\"WebSite\",\"@id\":\"https:\/\/noticiasya.com\/#website\",\"url\":\"https:\/\/noticiasya.com\/\",\"name\":\"Noticias\",\"description\":\"Lo que importa\",\"publisher\":{\"@id\":\"https:\/\/noticiasya.com\/#organization\"},\"potentialAction\":[{\"@type\":\"SearchAction\",\"target\":{\"@type\":\"EntryPoint\",\"urlTemplate\":\"https:\/\/noticiasya.com\/?s={search_term_string}\"},\"query-input\":{\"@type\":\"PropertyValueSpecification\",\"valueRequired\":true,\"valueName\":\"search_term_string\"}}],\"inLanguage\":\"es\"},{\"@type\":\"Organization\",\"@id\":\"https:\/\/noticiasya.com\/#organization\",\"name\":\"Noticias\",\"url\":\"https:\/\/noticiasya.com\/\",\"logo\":{\"@type\":\"ImageObject\",\"inLanguage\":\"es\",\"@id\":\"https:\/\/noticiasya.com\/#\/schema\/logo\/image\/\",\"url\":\"https:\/\/noticiasya.com\/wp-content\/uploads\/sites\/22\/2023\/12\/logo-nacional.png\",\"contentUrl\":\"https:\/\/noticiasya.com\/wp-content\/uploads\/sites\/22\/2023\/12\/logo-nacional.png\",\"width\":1801,\"height\":691,\"caption\":\"Noticias\"},\"image\":{\"@id\":\"https:\/\/noticiasya.com\/#\/schema\/logo\/image\/\"}}]}<\/script>\n<!-- \/ Yoast SEO plugin. -->","yoast_head_json":{"title":"David Lynch dice que \"nunca se jubilar\u00e1\" a pesar del diagn\u00f3stico de enfisema - Noticias","robots":{"index":"index","follow":"follow","max-snippet":"max-snippet:-1","max-image-preview":"max-image-preview:large","max-video-preview":"max-video-preview:-1"},"canonical":"https:\/\/noticiasya.com\/2024\/08\/06\/david-lynch-nunca-se-jubilara-enfisema-trax\/","og_locale":"es_ES","og_type":"article","og_title":"David Lynch dice que \"nunca se jubilar\u00e1\" a pesar del diagn\u00f3stico de enfisema - Noticias","og_description":"(CNN) &#8212; El cineasta David Lynch asegur\u00f3 a sus seguidores que no tiene previsto retirarse, a pesar de haber revelado que padece una enfermedad pulmonar cr\u00f3nica. El guionista y director de 78 a\u00f1os, cuyos cr\u00e9ditos incluyen &#171;Twin Peaks&#187;, &#171;The Elephant Man&#187; y &#171;Blue Velvet&#187;, dijo a Sight and Sound, la revista del British Film Institute [&hellip;]","og_url":"https:\/\/noticiasya.com\/2024\/08\/06\/david-lynch-nunca-se-jubilara-enfisema-trax\/","og_site_name":"Noticias","article_published_time":"2024-08-06T13:03:43+00:00","twitter_card":"summary_large_image","twitter_misc":{"Est. reading time":"2 minutos"},"schema":{"@context":"https:\/\/schema.org","@graph":[{"@type":"Article","@id":"https:\/\/noticiasya.com\/2024\/08\/06\/david-lynch-nunca-se-jubilara-enfisema-trax\/#article","isPartOf":{"@id":"https:\/\/noticiasya.com\/2024\/08\/06\/david-lynch-nunca-se-jubilara-enfisema-trax\/"},"author":{"name":"","@id":""},"headline":"David Lynch dice que &#171;nunca se jubilar\u00e1&#187; a pesar del diagn\u00f3stico de enfisema","datePublished":"2024-08-06T13:03:43+00:00","mainEntityOfPage":{"@id":"https:\/\/noticiasya.com\/2024\/08\/06\/david-lynch-nunca-se-jubilara-enfisema-trax\/"},"wordCount":343,"commentCount":0,"publisher":{"@id":"https:\/\/noticiasya.com\/#organization"},"articleSection":["Noticias Nacionales"],"inLanguage":"es","potentialAction":[{"@type":"CommentAction","name":"Comment","target":["https:\/\/noticiasya.com\/2024\/08\/06\/david-lynch-nunca-se-jubilara-enfisema-trax\/#respond"]}]},{"@type":"WebPage","@id":"https:\/\/noticiasya.com\/2024\/08\/06\/david-lynch-nunca-se-jubilara-enfisema-trax\/","url":"https:\/\/noticiasya.com\/2024\/08\/06\/david-lynch-nunca-se-jubilara-enfisema-trax\/","name":"David Lynch dice que \"nunca se jubilar\u00e1\" a pesar del diagn\u00f3stico de enfisema - Noticias","isPartOf":{"@id":"https:\/\/noticiasya.com\/#website"},"datePublished":"2024-08-06T13:03:43+00:00","breadcrumb":{"@id":"https:\/\/noticiasya.com\/2024\/08\/06\/david-lynch-nunca-se-jubilara-enfisema-trax\/#breadcrumb"},"inLanguage":"es","potentialAction":[{"@type":"ReadAction","target":["https:\/\/noticiasya.com\/2024\/08\/06\/david-lynch-nunca-se-jubilara-enfisema-trax\/"]}]},{"@type":"BreadcrumbList","@id":"https:\/\/noticiasya.com\/2024\/08\/06\/david-lynch-nunca-se-jubilara-enfisema-trax\/#breadcrumb","itemListElement":[{"@type":"ListItem","position":1,"name":"Home","item":"https:\/\/noticiasya.com\/"},{"@type":"ListItem","position":2,"name":"David Lynch dice que &#171;nunca se jubilar\u00e1&#187; a pesar del diagn\u00f3stico de enfisema"}]},{"@type":"WebSite","@id":"https:\/\/noticiasya.com\/#website","url":"https:\/\/noticiasya.com\/","name":"Noticias","description":"Lo que importa","publisher":{"@id":"https:\/\/noticiasya.com\/#organization"},"potentialAction":[{"@type":"SearchAction","target":{"@type":"EntryPoint","urlTemplate":"https:\/\/noticiasya.com\/?s={search_term_string}"},"query-input":{"@type":"PropertyValueSpecification","valueRequired":true,"valueName":"search_term_string"}}],"inLanguage":"es"},{"@type":"Organization","@id":"https:\/\/noticiasya.com\/#organization","name":"Noticias","url":"https:\/\/noticiasya.com\/","logo":{"@type":"ImageObject","inLanguage":"es","@id":"https:\/\/noticiasya.com\/#\/schema\/logo\/image\/","url":"https:\/\/noticiasya.com\/wp-content\/uploads\/sites\/22\/2023\/12\/logo-nacional.png","contentUrl":"https:\/\/noticiasya.com\/wp-content\/uploads\/sites\/22\/2023\/12\/logo-nacional.png","width":1801,"height":691,"caption":"Noticias"},"image":{"@id":"https:\/\/noticiasya.com\/#\/schema\/logo\/image\/"}}]}},"parsely":{"version":"1.1.0","canonical_url":"https:\/\/noticiasya.com\/boston\/2024\/08\/06\/david-lynch-nunca-se-jubilara-enfisema-trax\/","smart_links":{"inbound":0,"outbound":0},"traffic_boost_suggestions_count":0,"meta":{"@context":"https:\/\/schema.org","@type":"NewsArticle","headline":"David Lynch dice que &#171;nunca se jubilar\u00e1&#187; a pesar del diagn\u00f3stico de enfisema","url":"http:\/\/noticiasya.com\/boston\/2024\/08\/06\/david-lynch-nunca-se-jubilara-enfisema-trax\/","mainEntityOfPage":{"@type":"WebPage","@id":"http:\/\/noticiasya.com\/boston\/2024\/08\/06\/david-lynch-nunca-se-jubilara-enfisema-trax\/"},"thumbnailUrl":"","image":{"@type":"ImageObject","url":""},"articleSection":"Noticias Nacionales","author":[],"creator":[],"publisher":{"@type":"Organization","name":"Noticias","logo":""},"keywords":[],"dateCreated":"2024-08-06T13:03:43Z","datePublished":"2024-08-06T13:03:43Z","dateModified":"2024-08-06T13:03:43Z"},"rendered":"<script type=\"application\/ld+json\" class=\"wp-parsely-metadata\">{\"@context\":\"https:\\\/\\\/schema.org\",\"@type\":\"NewsArticle\",\"headline\":\"David Lynch dice que &#171;nunca se jubilar\\u00e1&#187; a pesar del diagn\\u00f3stico de enfisema\",\"url\":\"http:\\\/\\\/noticiasya.com\\\/boston\\\/2024\\\/08\\\/06\\\/david-lynch-nunca-se-jubilara-enfisema-trax\\\/\",\"mainEntityOfPage\":{\"@type\":\"WebPage\",\"@id\":\"http:\\\/\\\/noticiasya.com\\\/boston\\\/2024\\\/08\\\/06\\\/david-lynch-nunca-se-jubilara-enfisema-trax\\\/\"},\"thumbnailUrl\":\"\",\"image\":{\"@type\":\"ImageObject\",\"url\":\"\"},\"articleSection\":\"Noticias Nacionales\",\"author\":[],\"creator\":[],\"publisher\":{\"@type\":\"Organization\",\"name\":\"Noticias\",\"logo\":\"\"},\"keywords\":[],\"dateCreated\":\"2024-08-06T13:03:43Z\",\"datePublished\":\"2024-08-06T13:03:43Z\",\"dateModified\":\"2024-08-06T13:03:43Z\"}<\/script>","tracker_url":"https:\/\/cdn.parsely.com\/keys\/noticiasya.com\/p.js"},"jetpack_featured_media_url":"","jetpack-related-posts":[{"id":1457579,"url":"https:\/\/noticiasya.com\/boston\/2025\/01\/16\/muere-david-lynch-director-trax\/","url_meta":{"origin":1451625,"position":0},"title":"Muere a los 78 a\u00f1os David Lynch, director de &#171;Twin Peaks&#187; y &#171;Mulholland Drive&#187;","author":"","date":"enero 16, 2025","format":false,"excerpt":"David Lynch, influyente director conocido por sus pel\u00edculas y programas de televisi\u00f3n \u00fanicos y surrealistas, como \u201cBlue Velvet\u201d y \u201cTwin Peaks\u201d, muri\u00f3 a los 78 a\u00f1os.Su muerte fue confirmada a trav\u00e9s de su p\u00e1gina oficial de Facebook, donde su familia escribi\u00f3:\u201cCon profundo pesar, nosotros, su familia, anunciamos el fallecimiento del\u2026","rel":"","context":"In &quot;Noticias Nacionales&quot;","block_context":{"text":"Noticias Nacionales","link":"https:\/\/noticiasya.com\/boston\/categoria\/noticias-nacionales"},"img":{"alt_text":"","src":"","width":0,"height":0},"classes":[]},{"id":1452910,"url":"https:\/\/noticiasya.com\/boston\/2024\/09\/21\/superyate-hundido-cajas-fuertes-hermeticas-inteligencia-sensibles-trax\/","url_meta":{"origin":1451625,"position":1},"title":"Sospechan que el superyate hundido en agosto conten\u00eda cajas fuertes herm\u00e9ticas con datos de inteligencia sensibles","author":"","date":"septiembre 21, 2024","format":false,"excerpt":"(CNN) -- Buzos especializados que inspeccionan los restos del superyate de US$ 40 millones que se hundi\u00f3 frente a Sicilia en agosto y en el que murieron ahogadas ocho personas \u2014incluido el magnate tecnol\u00f3gico brit\u00e1nico Mike Lynch\u2014 han solicitado mayor seguridad en el barco, debido a que les preocupa que\u2026","rel":"","context":"In &quot;Noticias Nacionales&quot;","block_context":{"text":"Noticias Nacionales","link":"https:\/\/noticiasya.com\/boston\/categoria\/noticias-nacionales"},"img":{"alt_text":"","src":"","width":0,"height":0},"classes":[]},{"id":1460225,"url":"https:\/\/noticiasya.com\/boston\/2025\/03\/21\/bertie-benegas-lynch-el-paro-nacional-es-por-sacar-curros-y-parasitos\/","url_meta":{"origin":1451625,"position":2},"title":"Bertie Benegas Lynch: &#171;El paro nacional es por sacar curros y par\u00e1sitos&#187;","author":"","date":"marzo 21, 2025","format":false,"excerpt":"Bertie Benegas Lynch, diputado nacional La Libertad Avanza, habl\u00f3 este viernes en CNN Radio sobre el paro nacional de la CGT, las jubilaciones y el panorama econ\u00f3mico.Sobre el paro sindical, el diputado coment\u00f3 en di\u00e1logo con Nacho Gir\u00f3n en La Ma\u00f1ana de CNN que \u201ces parte de la transici\u00f3n de\u2026","rel":"","context":"In &quot;Noticias Nacionales&quot;","block_context":{"text":"Noticias Nacionales","link":"https:\/\/noticiasya.com\/boston\/categoria\/noticias-nacionales"},"img":{"alt_text":"","src":"","width":0,"height":0},"classes":[]},{"id":1457485,"url":"https:\/\/noticiasya.com\/boston\/2025\/01\/13\/bertie-benegas-lynch-en-la-manana-de-cnn-el-trabajo-de-los-legisladores-deberia-ser-part-time\/","url_meta":{"origin":1451625,"position":3},"title":"Bertie Benegas Lynch en La Ma\u00f1ana de CNN: &#171;El trabajo de los legisladores deber\u00eda ser part-time&#187;","author":"","date":"enero 13, 2025","format":false,"excerpt":"Bertie Benegas Lynch, diputado nacional de la La Libertad Avanza, habl\u00f3 este lunes en CNN Radio sobre la incertidumbre sobre el Presupuesto 2025, la idea del Gobierno de avanzar con el juez Ariel Lijo en la Corte y se refiri\u00f3 a los sueldos de los integrantes del Congreso nacional.En di\u00e1logo\u2026","rel":"","context":"In &quot;Noticias Nacionales&quot;","block_context":{"text":"Noticias Nacionales","link":"https:\/\/noticiasya.com\/boston\/categoria\/noticias-nacionales"},"img":{"alt_text":"","src":"","width":0,"height":0},"classes":[]},{"id":1459395,"url":"https:\/\/noticiasya.com\/boston\/2025\/03\/02\/in-memoriam-oscar-2025-david-lynch-silvia-pinal-maggie-smith-cine-murieron-orix\/","url_meta":{"origin":1451625,"position":4},"title":"In Memoriam de los Oscar 2025: David Lynch, Silvia Pinal, Maggie Smith y m\u00e1s figuras del cine que murieron en el \u00faltimo a\u00f1o","author":"","date":"marzo 2, 2025","format":false,"excerpt":"David Lynch, Silvia Pinal, James Earl Jones, Maggie Smith, Shelley Duvall. Ellas son algunas de las grandes figuras del cine que fallecieron en el \u00faltimo a\u00f1o.En el marco de los Premios Oscar 2025, que el domingo presentar\u00e1n su conocida secci\u00f3n \u201cIn Memoriam\u201d, te presentamos a m\u00e1s de 30 celebridades de\u2026","rel":"","context":"In &quot;Noticias Nacionales&quot;","block_context":{"text":"Noticias Nacionales","link":"https:\/\/noticiasya.com\/boston\/categoria\/noticias-nacionales"},"img":{"alt_text":"","src":"","width":0,"height":0},"classes":[]},{"id":1452000,"url":"https:\/\/noticiasya.com\/boston\/2024\/08\/20\/que-paso-yate-lujo-naufrago-sicilia-tornado-trax\/","url_meta":{"origin":1451625,"position":5},"title":"\u00bfQu\u00e9 pas\u00f3 con el yate de lujo que naufrag\u00f3 en Sicilia tras chocar con un tornado? Esto sabemos","author":"","date":"agosto 20, 2024","format":false,"excerpt":"(CNN) --\u00a0Los equipos de emergencia del sur de Italia siguen buscando a seis personas desaparecidas a causa de un tornado que hundi\u00f3 un yate de lujo a primera hora del lunes, lo que provoc\u00f3 una operaci\u00f3n a\u00e9rea y naval frente a la costa de Sicilia.Quince personas fueron rescatadas de entre\u2026","rel":"","context":"In &quot;Noticias Nacionales&quot;","block_context":{"text":"Noticias Nacionales","link":"https:\/\/noticiasya.com\/boston\/categoria\/noticias-nacionales"},"img":{"alt_text":"","src":"","width":0,"height":0},"classes":[]}],"jetpack_sharing_enabled":true,"_links":{"self":[{"href":"https:\/\/noticiasya.com\/boston\/wp-json\/wp\/v2\/posts\/1451625","targetHints":{"allow":["GET"]}}],"collection":[{"href":"https:\/\/noticiasya.com\/boston\/wp-json\/wp\/v2\/posts"}],"about":[{"href":"https:\/\/noticiasya.com\/boston\/wp-json\/wp\/v2\/types\/post"}],"replies":[{"embeddable":true,"href":"https:\/\/noticiasya.com\/boston\/wp-json\/wp\/v2\/comments?post=1451625"}],"version-history":[{"count":0,"href":"https:\/\/noticiasya.com\/boston\/wp-json\/wp\/v2\/posts\/1451625\/revisions"}],"wp:attachment":[{"href":"https:\/\/noticiasya.com\/boston\/wp-json\/wp\/v2\/media?parent=1451625"}],"wp:term":[{"taxonomy":"category","embeddable":true,"href":"https:\/\/noticiasya.com\/boston\/wp-json\/wp\/v2\/categories?post=1451625"},{"taxonomy":"post_tag","embeddable":true,"href":"https:\/\/noticiasya.com\/boston\/wp-json\/wp\/v2\/tags?post=1451625"}],"curies":[{"name":"wp","href":"https:\/\/api.w.org\/{rel}","templated":true}]}}