{"id":1451626,"date":"2024-08-06T08:03:41","date_gmt":"2024-08-06T15:03:41","guid":{"rendered":"https:\/\/noticiasya.com\/2024\/08\/06\/investigacion-penal-edmundo-gonzalez-maria-corina-machado-orix\/"},"modified":"2024-08-06T08:03:41","modified_gmt":"2024-08-06T15:03:41","slug":"investigacion-penal-edmundo-gonzalez-maria-corina-machado-orix","status":"publish","type":"post","link":"https:\/\/noticiasya.com\/boston\/2024\/08\/06\/investigacion-penal-edmundo-gonzalez-maria-corina-machado-orix\/","title":{"rendered":"Ministerio P\u00fablico de Venezuela abre investigaci\u00f3n penal contra opositores Edmundo Gonz\u00e1lez Urrutia y Mar\u00eda Corina Machado"},"content":{"rendered":"<p>(CNN Espa\u00f1ol) &#8212;\u00a0El Ministerio P\u00fablico de Venezuela abri\u00f3 una investigaci\u00f3n penal contra el candidato presidencial de la mayor\u00eda opositora Edmundo Gonz\u00e1lez Urrutia y la l\u00edder opositora Mar\u00eda Corina Machado, inform\u00f3 la entidad en un comunicado.<\/p>\n<p>Seg\u00fan el Ministerio, los opositores ser\u00e1n investigados por &#171;la presunta comisi\u00f3n de los delitos de Usurpaci\u00f3n de Funciones, Difusi\u00f3n de Informaci\u00f3n Falsa para Causar Zozobra, Instigaci\u00f3n a la Desobediencia de las Leyes, Instigaci\u00f3n a la Insurrecci\u00f3n, Asociaci\u00f3n para Delinquir y Conspiraci\u00f3n&#187;.<\/p>\n<p>Investigaci\u00f3n contra Mar\u00eda Corina Machado y Edmundo Gonz\u00e1lez, informa el fiscal 1:31<\/p>\n<p>Agreg\u00f3 que esto es consecuencia de que Gonz\u00e1lez Urrutia y Machado llamaron este lunes a los militares y a los polic\u00edas a ponerse &#171;al lado del pueblo&#187; mediante una carta abierta publicada en redes sociales. Tambi\u00e9n se\u00f1ala a los acusados de que \u201cfalsamente anuncian un ganador de las elecciones presidenciales distinto al proclamado por el Consejo Nacional Electoral\u201d, al indicar que este es el \u00fanico calificado para hacerlo.<\/p>\n<p>Los opositores no se hab\u00edan pronunciado p\u00fablicamente sobre esta investigaci\u00f3n este lunes y CNN intenta comunicarse con ellos para obtener resultados.<\/p>\n<p>Noticia en desarrollo&#8230;<\/p>\n<p>The-CNN-Wire<br \/>&trade; &amp; &copy; 2024 Cable News Network, Inc., a Warner Bros. Discovery Company. All rights reserved.<\/p>\n","protected":false},"excerpt":{"rendered":"<p>(CNN Espa\u00f1ol) &#8212;\u00a0El Ministerio P\u00fablico de Venezuela abri\u00f3 una investigaci\u00f3n penal contra el candidato presidencial de la mayor\u00eda opositora Edmundo Gonz\u00e1lez Urrutia y la l\u00edder opositora Mar\u00eda Corina Machado, inform\u00f3 la entidad en un comunicado. Seg\u00fan el Ministerio, los opositores ser\u00e1n investigados por &#171;la presunta comisi\u00f3n de los delitos de Usurpaci\u00f3n de Funciones, Difusi\u00f3n de [&hellip;]<\/p>\n","protected":false},"author":0,"featured_media":0,"comment_status":"open","ping_status":"open","sticky":false,"template":"","format":"standard","meta":{"_jetpack_memberships_contains_paid_content":false,"footnotes":""},"categories":[10],"tags":[],"class_list":["post-1451626","post","type-post","status-publish","format-standard","hentry","category-noticias-nacionales","market-global"],"yoast_head":"<!-- This site is optimized with the Yoast SEO plugin v24.4 - https:\/\/yoast.com\/wordpress\/plugins\/seo\/ -->\n<title>Ministerio P\u00fablico de Venezuela abre investigaci\u00f3n penal contra opositores Edmundo Gonz\u00e1lez Urrutia y Mar\u00eda Corina Machado - Noticias<\/title>\n<meta name=\"robots\" content=\"index, follow, max-snippet:-1, max-image-preview:large, max-video-preview:-1\" \/>\n<link rel=\"canonical\" href=\"https:\/\/noticiasya.com\/2024\/08\/06\/investigacion-penal-edmundo-gonzalez-maria-corina-machado-orix\/\" \/>\n<meta property=\"og:locale\" content=\"es_ES\" \/>\n<meta property=\"og:type\" content=\"article\" \/>\n<meta property=\"og:title\" content=\"Ministerio P\u00fablico de Venezuela abre investigaci\u00f3n penal contra opositores Edmundo Gonz\u00e1lez Urrutia y Mar\u00eda Corina Machado - Noticias\" \/>\n<meta property=\"og:description\" content=\"(CNN Espa\u00f1ol) &#8212;\u00a0El Ministerio P\u00fablico de Venezuela abri\u00f3 una investigaci\u00f3n penal contra el candidato presidencial de la mayor\u00eda opositora Edmundo Gonz\u00e1lez Urrutia y la l\u00edder opositora Mar\u00eda Corina Machado, inform\u00f3 la entidad en un comunicado. Seg\u00fan el Ministerio, los opositores ser\u00e1n investigados por &#171;la presunta comisi\u00f3n de los delitos de Usurpaci\u00f3n de Funciones, Difusi\u00f3n de [&hellip;]\" \/>\n<meta property=\"og:url\" content=\"https:\/\/noticiasya.com\/2024\/08\/06\/investigacion-penal-edmundo-gonzalez-maria-corina-machado-orix\/\" \/>\n<meta property=\"og:site_name\" content=\"Noticias\" \/>\n<meta property=\"article:published_time\" content=\"2024-08-06T15:03:41+00:00\" \/>\n<meta name=\"twitter:card\" content=\"summary_large_image\" \/>\n<meta name=\"twitter:label1\" content=\"Est. reading time\" \/>\n\t<meta name=\"twitter:data1\" content=\"1 minuto\" \/>\n<script type=\"application\/ld+json\" class=\"yoast-schema-graph\">{\"@context\":\"https:\/\/schema.org\",\"@graph\":[{\"@type\":\"Article\",\"@id\":\"https:\/\/noticiasya.com\/2024\/08\/06\/investigacion-penal-edmundo-gonzalez-maria-corina-machado-orix\/#article\",\"isPartOf\":{\"@id\":\"https:\/\/noticiasya.com\/2024\/08\/06\/investigacion-penal-edmundo-gonzalez-maria-corina-machado-orix\/\"},\"author\":{\"name\":\"\",\"@id\":\"\"},\"headline\":\"Ministerio P\u00fablico de Venezuela abre investigaci\u00f3n penal contra opositores Edmundo Gonz\u00e1lez Urrutia y Mar\u00eda Corina Machado\",\"datePublished\":\"2024-08-06T15:03:41+00:00\",\"mainEntityOfPage\":{\"@id\":\"https:\/\/noticiasya.com\/2024\/08\/06\/investigacion-penal-edmundo-gonzalez-maria-corina-machado-orix\/\"},\"wordCount\":244,\"commentCount\":0,\"publisher\":{\"@id\":\"https:\/\/noticiasya.com\/#organization\"},\"articleSection\":[\"Noticias Nacionales\"],\"inLanguage\":\"es\",\"potentialAction\":[{\"@type\":\"CommentAction\",\"name\":\"Comment\",\"target\":[\"https:\/\/noticiasya.com\/2024\/08\/06\/investigacion-penal-edmundo-gonzalez-maria-corina-machado-orix\/#respond\"]}]},{\"@type\":\"WebPage\",\"@id\":\"https:\/\/noticiasya.com\/2024\/08\/06\/investigacion-penal-edmundo-gonzalez-maria-corina-machado-orix\/\",\"url\":\"https:\/\/noticiasya.com\/2024\/08\/06\/investigacion-penal-edmundo-gonzalez-maria-corina-machado-orix\/\",\"name\":\"Ministerio P\u00fablico de Venezuela abre investigaci\u00f3n penal contra opositores Edmundo Gonz\u00e1lez Urrutia y Mar\u00eda Corina Machado - Noticias\",\"isPartOf\":{\"@id\":\"https:\/\/noticiasya.com\/#website\"},\"datePublished\":\"2024-08-06T15:03:41+00:00\",\"breadcrumb\":{\"@id\":\"https:\/\/noticiasya.com\/2024\/08\/06\/investigacion-penal-edmundo-gonzalez-maria-corina-machado-orix\/#breadcrumb\"},\"inLanguage\":\"es\",\"potentialAction\":[{\"@type\":\"ReadAction\",\"target\":[\"https:\/\/noticiasya.com\/2024\/08\/06\/investigacion-penal-edmundo-gonzalez-maria-corina-machado-orix\/\"]}]},{\"@type\":\"BreadcrumbList\",\"@id\":\"https:\/\/noticiasya.com\/2024\/08\/06\/investigacion-penal-edmundo-gonzalez-maria-corina-machado-orix\/#breadcrumb\",\"itemListElement\":[{\"@type\":\"ListItem\",\"position\":1,\"name\":\"Home\",\"item\":\"https:\/\/noticiasya.com\/\"},{\"@type\":\"ListItem\",\"position\":2,\"name\":\"Ministerio P\u00fablico de Venezuela abre investigaci\u00f3n penal contra opositores Edmundo Gonz\u00e1lez Urrutia y Mar\u00eda Corina Machado\"}]},{\"@type\":\"WebSite\",\"@id\":\"https:\/\/noticiasya.com\/#website\",\"url\":\"https:\/\/noticiasya.com\/\",\"name\":\"Noticias\",\"description\":\"Lo que importa\",\"publisher\":{\"@id\":\"https:\/\/noticiasya.com\/#organization\"},\"potentialAction\":[{\"@type\":\"SearchAction\",\"target\":{\"@type\":\"EntryPoint\",\"urlTemplate\":\"https:\/\/noticiasya.com\/?s={search_term_string}\"},\"query-input\":{\"@type\":\"PropertyValueSpecification\",\"valueRequired\":true,\"valueName\":\"search_term_string\"}}],\"inLanguage\":\"es\"},{\"@type\":\"Organization\",\"@id\":\"https:\/\/noticiasya.com\/#organization\",\"name\":\"Noticias\",\"url\":\"https:\/\/noticiasya.com\/\",\"logo\":{\"@type\":\"ImageObject\",\"inLanguage\":\"es\",\"@id\":\"https:\/\/noticiasya.com\/#\/schema\/logo\/image\/\",\"url\":\"https:\/\/noticiasya.com\/wp-content\/uploads\/sites\/22\/2023\/12\/logo-nacional.png\",\"contentUrl\":\"https:\/\/noticiasya.com\/wp-content\/uploads\/sites\/22\/2023\/12\/logo-nacional.png\",\"width\":1801,\"height\":691,\"caption\":\"Noticias\"},\"image\":{\"@id\":\"https:\/\/noticiasya.com\/#\/schema\/logo\/image\/\"}}]}<\/script>\n<!-- \/ Yoast SEO plugin. -->","yoast_head_json":{"title":"Ministerio P\u00fablico de Venezuela abre investigaci\u00f3n penal contra opositores Edmundo Gonz\u00e1lez Urrutia y Mar\u00eda Corina Machado - Noticias","robots":{"index":"index","follow":"follow","max-snippet":"max-snippet:-1","max-image-preview":"max-image-preview:large","max-video-preview":"max-video-preview:-1"},"canonical":"https:\/\/noticiasya.com\/2024\/08\/06\/investigacion-penal-edmundo-gonzalez-maria-corina-machado-orix\/","og_locale":"es_ES","og_type":"article","og_title":"Ministerio P\u00fablico de Venezuela abre investigaci\u00f3n penal contra opositores Edmundo Gonz\u00e1lez Urrutia y Mar\u00eda Corina Machado - Noticias","og_description":"(CNN Espa\u00f1ol) &#8212;\u00a0El Ministerio P\u00fablico de Venezuela abri\u00f3 una investigaci\u00f3n penal contra el candidato presidencial de la mayor\u00eda opositora Edmundo Gonz\u00e1lez Urrutia y la l\u00edder opositora Mar\u00eda Corina Machado, inform\u00f3 la entidad en un comunicado. Seg\u00fan el Ministerio, los opositores ser\u00e1n investigados por &#171;la presunta comisi\u00f3n de los delitos de Usurpaci\u00f3n de Funciones, Difusi\u00f3n de [&hellip;]","og_url":"https:\/\/noticiasya.com\/2024\/08\/06\/investigacion-penal-edmundo-gonzalez-maria-corina-machado-orix\/","og_site_name":"Noticias","article_published_time":"2024-08-06T15:03:41+00:00","twitter_card":"summary_large_image","twitter_misc":{"Est. reading time":"1 minuto"},"schema":{"@context":"https:\/\/schema.org","@graph":[{"@type":"Article","@id":"https:\/\/noticiasya.com\/2024\/08\/06\/investigacion-penal-edmundo-gonzalez-maria-corina-machado-orix\/#article","isPartOf":{"@id":"https:\/\/noticiasya.com\/2024\/08\/06\/investigacion-penal-edmundo-gonzalez-maria-corina-machado-orix\/"},"author":{"name":"","@id":""},"headline":"Ministerio P\u00fablico de Venezuela abre investigaci\u00f3n penal contra opositores Edmundo Gonz\u00e1lez Urrutia y Mar\u00eda Corina Machado","datePublished":"2024-08-06T15:03:41+00:00","mainEntityOfPage":{"@id":"https:\/\/noticiasya.com\/2024\/08\/06\/investigacion-penal-edmundo-gonzalez-maria-corina-machado-orix\/"},"wordCount":244,"commentCount":0,"publisher":{"@id":"https:\/\/noticiasya.com\/#organization"},"articleSection":["Noticias Nacionales"],"inLanguage":"es","potentialAction":[{"@type":"CommentAction","name":"Comment","target":["https:\/\/noticiasya.com\/2024\/08\/06\/investigacion-penal-edmundo-gonzalez-maria-corina-machado-orix\/#respond"]}]},{"@type":"WebPage","@id":"https:\/\/noticiasya.com\/2024\/08\/06\/investigacion-penal-edmundo-gonzalez-maria-corina-machado-orix\/","url":"https:\/\/noticiasya.com\/2024\/08\/06\/investigacion-penal-edmundo-gonzalez-maria-corina-machado-orix\/","name":"Ministerio P\u00fablico de Venezuela abre investigaci\u00f3n penal contra opositores Edmundo Gonz\u00e1lez Urrutia y Mar\u00eda Corina Machado - Noticias","isPartOf":{"@id":"https:\/\/noticiasya.com\/#website"},"datePublished":"2024-08-06T15:03:41+00:00","breadcrumb":{"@id":"https:\/\/noticiasya.com\/2024\/08\/06\/investigacion-penal-edmundo-gonzalez-maria-corina-machado-orix\/#breadcrumb"},"inLanguage":"es","potentialAction":[{"@type":"ReadAction","target":["https:\/\/noticiasya.com\/2024\/08\/06\/investigacion-penal-edmundo-gonzalez-maria-corina-machado-orix\/"]}]},{"@type":"BreadcrumbList","@id":"https:\/\/noticiasya.com\/2024\/08\/06\/investigacion-penal-edmundo-gonzalez-maria-corina-machado-orix\/#breadcrumb","itemListElement":[{"@type":"ListItem","position":1,"name":"Home","item":"https:\/\/noticiasya.com\/"},{"@type":"ListItem","position":2,"name":"Ministerio P\u00fablico de Venezuela abre investigaci\u00f3n penal contra opositores Edmundo Gonz\u00e1lez Urrutia y Mar\u00eda Corina Machado"}]},{"@type":"WebSite","@id":"https:\/\/noticiasya.com\/#website","url":"https:\/\/noticiasya.com\/","name":"Noticias","description":"Lo que importa","publisher":{"@id":"https:\/\/noticiasya.com\/#organization"},"potentialAction":[{"@type":"SearchAction","target":{"@type":"EntryPoint","urlTemplate":"https:\/\/noticiasya.com\/?s={search_term_string}"},"query-input":{"@type":"PropertyValueSpecification","valueRequired":true,"valueName":"search_term_string"}}],"inLanguage":"es"},{"@type":"Organization","@id":"https:\/\/noticiasya.com\/#organization","name":"Noticias","url":"https:\/\/noticiasya.com\/","logo":{"@type":"ImageObject","inLanguage":"es","@id":"https:\/\/noticiasya.com\/#\/schema\/logo\/image\/","url":"https:\/\/noticiasya.com\/wp-content\/uploads\/sites\/22\/2023\/12\/logo-nacional.png","contentUrl":"https:\/\/noticiasya.com\/wp-content\/uploads\/sites\/22\/2023\/12\/logo-nacional.png","width":1801,"height":691,"caption":"Noticias"},"image":{"@id":"https:\/\/noticiasya.com\/#\/schema\/logo\/image\/"}}]}},"parsely":{"version":"1.1.0","canonical_url":"https:\/\/noticiasya.com\/boston\/2024\/08\/06\/investigacion-penal-edmundo-gonzalez-maria-corina-machado-orix\/","smart_links":{"inbound":0,"outbound":0},"traffic_boost_suggestions_count":0,"meta":{"@context":"https:\/\/schema.org","@type":"NewsArticle","headline":"Ministerio P\u00fablico de Venezuela abre investigaci\u00f3n penal contra opositores Edmundo Gonz\u00e1lez Urrutia y Mar\u00eda Corina Machado","url":"http:\/\/noticiasya.com\/boston\/2024\/08\/06\/investigacion-penal-edmundo-gonzalez-maria-corina-machado-orix\/","mainEntityOfPage":{"@type":"WebPage","@id":"http:\/\/noticiasya.com\/boston\/2024\/08\/06\/investigacion-penal-edmundo-gonzalez-maria-corina-machado-orix\/"},"thumbnailUrl":"","image":{"@type":"ImageObject","url":""},"articleSection":"Noticias Nacionales","author":[],"creator":[],"publisher":{"@type":"Organization","name":"Noticias","logo":""},"keywords":[],"dateCreated":"2024-08-06T15:03:41Z","datePublished":"2024-08-06T15:03:41Z","dateModified":"2024-08-06T15:03:41Z"},"rendered":"<script type=\"application\/ld+json\" class=\"wp-parsely-metadata\">{\"@context\":\"https:\\\/\\\/schema.org\",\"@type\":\"NewsArticle\",\"headline\":\"Ministerio P\\u00fablico de Venezuela abre investigaci\\u00f3n penal contra opositores Edmundo Gonz\\u00e1lez Urrutia y Mar\\u00eda Corina Machado\",\"url\":\"http:\\\/\\\/noticiasya.com\\\/boston\\\/2024\\\/08\\\/06\\\/investigacion-penal-edmundo-gonzalez-maria-corina-machado-orix\\\/\",\"mainEntityOfPage\":{\"@type\":\"WebPage\",\"@id\":\"http:\\\/\\\/noticiasya.com\\\/boston\\\/2024\\\/08\\\/06\\\/investigacion-penal-edmundo-gonzalez-maria-corina-machado-orix\\\/\"},\"thumbnailUrl\":\"\",\"image\":{\"@type\":\"ImageObject\",\"url\":\"\"},\"articleSection\":\"Noticias Nacionales\",\"author\":[],\"creator\":[],\"publisher\":{\"@type\":\"Organization\",\"name\":\"Noticias\",\"logo\":\"\"},\"keywords\":[],\"dateCreated\":\"2024-08-06T15:03:41Z\",\"datePublished\":\"2024-08-06T15:03:41Z\",\"dateModified\":\"2024-08-06T15:03:41Z\"}<\/script>","tracker_url":"https:\/\/cdn.parsely.com\/keys\/noticiasya.com\/p.js"},"jetpack_featured_media_url":"","jetpack-related-posts":[{"id":1451512,"url":"https:\/\/noticiasya.com\/boston\/2024\/07\/30\/costa-rica-ofrece-asilo-politico-lideres-opositores-venezuela-orix\/","url_meta":{"origin":1451626,"position":0},"title":"Costa Rica ofrece asilo pol\u00edtico a l\u00edderes opositores de Venezuela","author":"","date":"julio 30, 2024","format":false,"excerpt":"(CNN Espa\u00f1ol) --\u00a0El Gobierno de Costa Rica anunci\u00f3 este martes su disposici\u00f3n a ofrecer asilo pol\u00edtico a Mar\u00eda Corina Machado y a Edmundo Gonz\u00e1lez Urrutia, as\u00ed como a otros l\u00edderes de la oposici\u00f3n venezolana.El ministro de Relaciones Exteriores, Arnoldo Andr\u00e9 Tinoco, dijo que han sido informados de que existen \u00f3rdenes\u2026","rel":"","context":"In &quot;Noticias Nacionales&quot;","block_context":{"text":"Noticias Nacionales","link":"https:\/\/noticiasya.com\/boston\/categoria\/noticias-nacionales"},"img":{"alt_text":"","src":"","width":0,"height":0},"classes":[]},{"id":1451478,"url":"https:\/\/noticiasya.com\/boston\/2024\/07\/28\/maria-corina-machado-edmundo-gonzalez-desconocen-triunfo-maduro-orix\/","url_meta":{"origin":1451626,"position":1},"title":"Mar\u00eda Corina Machado y Edmundo Gonz\u00e1lez: &#171;Esto es desconocer y violar la soberan\u00eda popular&#187;","author":"","date":"julio 28, 2024","format":false,"excerpt":"(CNN Espa\u00f1ol) -- La l\u00edder opositora venezolana Mar\u00eda Corina Machado y el candidato presidencial Edmundo Gonz\u00e1lez no reconocen la victoria, seg\u00fan el CNE, de Nicol\u00e1s Maduro en Venezuela.Tras el discurso de Nicol\u00e1s Maduro y despu\u00e9s de la conferencia del CNE, la excandidata habl\u00f3 en una rueda de prensa y dijo:\u2026","rel":"","context":"In &quot;Noticias Nacionales&quot;","block_context":{"text":"Noticias Nacionales","link":"https:\/\/noticiasya.com\/boston\/categoria\/noticias-nacionales"},"img":{"alt_text":"","src":"","width":0,"height":0},"classes":[]},{"id":1451483,"url":"https:\/\/noticiasya.com\/boston\/2024\/07\/29\/maria-corina-machado-pagina-web-verificar-victoria-elecciones-venezuela-orix\/","url_meta":{"origin":1451626,"position":2},"title":"Mar\u00eda Corina Machado asegura que tiene forma de comprobar la victoria de la oposici\u00f3n con una p\u00e1gina web que alberga las actas digitalizadas","author":"","date":"julio 29, 2024","format":false,"excerpt":"(CNN Espa\u00f1ol) -- Mar\u00eda Corina Machado asegur\u00f3 en conferencia de prensa que su equipo trabaj\u00f3 durante m\u00e1s de 12 horas para la creaci\u00f3n de una p\u00e1gina web que alberga los resultados de las actas electorales y muestra la victoria de la oposici\u00f3n venezolana.\"Ya tenemos c\u00f3mo probar la verdad de lo\u2026","rel":"","context":"In &quot;Noticias Nacionales&quot;","block_context":{"text":"Noticias Nacionales","link":"https:\/\/noticiasya.com\/boston\/categoria\/noticias-nacionales"},"img":{"alt_text":"","src":"","width":0,"height":0},"classes":[]},{"id":1469750,"url":"https:\/\/noticiasya.com\/boston\/2026\/01\/03\/maria-corina-machado-edmundo-gonzalez-captura-maduro-orix\/","url_meta":{"origin":1451626,"position":3},"title":"Mar\u00eda Corina Machado dice que Edmundo Gonz\u00e1lez debe asumir como &#171;leg\u00edtimo presidente&#187; de Venezuela tras captura de Maduro","author":"","date":"enero 3, 2026","format":false,"excerpt":"La l\u00edder opositora venezolana Mar\u00eda Corina Machado public\u00f3 un mensaje en sus redes sociales tras conocerse la noticia de la captura de Nicol\u00e1s Maduro por parte de Estados Unidos. En su mensaje, Machado dijo que Edmundo Gonz\u00e1lez Urrutia debe asumir como \u201cleg\u00edtimo presidente\u201d de Venezuela.\u201cEsta es la hora de los\u2026","rel":"","context":"In &quot;Noticias Nacionales&quot;","block_context":{"text":"Noticias Nacionales","link":"https:\/\/noticiasya.com\/boston\/categoria\/noticias-nacionales"},"img":{"alt_text":"","src":"","width":0,"height":0},"classes":[]},{"id":1453280,"url":"https:\/\/noticiasya.com\/boston\/2024\/10\/02\/maria-corina-machado-no-se-va-venezuela-orix\/","url_meta":{"origin":1451626,"position":4},"title":"Mar\u00eda Corina Machado asegura que no se va de Venezuela luego de que Maduro especulara con una supuesta salida","author":"","date":"octubre 2, 2024","format":false,"excerpt":"(CNN Espa\u00f1ol) -- La l\u00edder opositora venezolana Mar\u00eda Corina Machado asegur\u00f3 que no tiene planes para salir del pa\u00eds, luego de que el s\u00e1bado el presidente Nicol\u00e1s Maduro dijera, sin pruebas, que la exdiputada \u201cest\u00e1 preparando maletas\u201d para dejar territorio venezolano.\u201cAqu\u00ed seguimos de frente con los venezolanos, cerca, a pesar\u2026","rel":"","context":"In &quot;Noticias Nacionales&quot;","block_context":{"text":"Noticias Nacionales","link":"https:\/\/noticiasya.com\/boston\/categoria\/noticias-nacionales"},"img":{"alt_text":"","src":"","width":0,"height":0},"classes":[]},{"id":1451194,"url":"https:\/\/noticiasya.com\/boston\/2024\/07\/17\/maria-corina-machado-detencion-jefe-de-seguridad-orix\/","url_meta":{"origin":1451626,"position":5},"title":"Mar\u00eda Corina Machado denuncia la detenci\u00f3n de su jefe de seguridad","author":"","date":"julio 17, 2024","format":false,"excerpt":"(CNN Espa\u00f1ol) --\u00a0 La l\u00edder opositora venezolana Mar\u00eda Corina Machado afirm\u00f3 este mi\u00e9rcoles en X que Milciades \u00c1vila, jefe de seguridad de su equipo, fue arrestado en la madrugada por presunta \"violencia de g\u00e9nero\" contra un grupo de mujeres que, seg\u00fan Machado, intentaron agredirla a ella y al candidato presidencial\u2026","rel":"","context":"In &quot;Noticias Nacionales&quot;","block_context":{"text":"Noticias Nacionales","link":"https:\/\/noticiasya.com\/boston\/categoria\/noticias-nacionales"},"img":{"alt_text":"","src":"","width":0,"height":0},"classes":[]}],"jetpack_sharing_enabled":true,"_links":{"self":[{"href":"https:\/\/noticiasya.com\/boston\/wp-json\/wp\/v2\/posts\/1451626","targetHints":{"allow":["GET"]}}],"collection":[{"href":"https:\/\/noticiasya.com\/boston\/wp-json\/wp\/v2\/posts"}],"about":[{"href":"https:\/\/noticiasya.com\/boston\/wp-json\/wp\/v2\/types\/post"}],"replies":[{"embeddable":true,"href":"https:\/\/noticiasya.com\/boston\/wp-json\/wp\/v2\/comments?post=1451626"}],"version-history":[{"count":0,"href":"https:\/\/noticiasya.com\/boston\/wp-json\/wp\/v2\/posts\/1451626\/revisions"}],"wp:attachment":[{"href":"https:\/\/noticiasya.com\/boston\/wp-json\/wp\/v2\/media?parent=1451626"}],"wp:term":[{"taxonomy":"category","embeddable":true,"href":"https:\/\/noticiasya.com\/boston\/wp-json\/wp\/v2\/categories?post=1451626"},{"taxonomy":"post_tag","embeddable":true,"href":"https:\/\/noticiasya.com\/boston\/wp-json\/wp\/v2\/tags?post=1451626"}],"curies":[{"name":"wp","href":"https:\/\/api.w.org\/{rel}","templated":true}]}}