{"id":1451970,"date":"2024-08-19T03:03:38","date_gmt":"2024-08-19T10:03:38","guid":{"rendered":"https:\/\/noticiasya.com\/2024\/08\/19\/autoridades-israelies-declaran-ataque-terrorista-explosion-en-tel-aviv-trax\/"},"modified":"2024-08-19T03:03:38","modified_gmt":"2024-08-19T10:03:38","slug":"autoridades-israelies-declaran-ataque-terrorista-explosion-en-tel-aviv-trax","status":"publish","type":"post","link":"https:\/\/noticiasya.com\/boston\/2024\/08\/19\/autoridades-israelies-declaran-ataque-terrorista-explosion-en-tel-aviv-trax\/","title":{"rendered":"Autoridades israel\u00edes declaran &#171;ataque terrorista&#187; explosi\u00f3n en Tel Aviv"},"content":{"rendered":"<p>(CNN) &#8211;La Polic\u00eda israel\u00ed y el Shin Bet, la agencia de seguridad interior de Israel, declararon como ataque terrorista una explosi\u00f3n ocurrida este domingo por la noche en Tel Aviv.<\/p>\n<p>\u201cEste fue un ataque terrorista que implic\u00f3 la explosi\u00f3n de un poderoso explosivo\u201d, dijeron el lunes la Unidad del Portavoz de la Polic\u00eda de Israel y la Unidad del Portavoz del Shin Bet en una declaraci\u00f3n conjunta.<\/p>\n<p>\u201cComo resultado de la explosi\u00f3n, un transe\u00fante result\u00f3 herido de gravedad (seg\u00fan fuentes m\u00e9dicas) y fue trasladado para recibir tratamiento m\u00e9dico\u201d, a\u00f1adi\u00f3.<\/p>\n<p>Un funcionario de la Polic\u00eda dijo a CNN el lunes por la ma\u00f1ana que \u201cse evit\u00f3 un desastre mayor y que podr\u00edan haber muerto decenas de personas\u201d. El funcionario se neg\u00f3 a hacer comentarios sobre cu\u00e1l podr\u00eda haber sido el objetivo del ataque.<\/p>\n<p>Tras la explosi\u00f3n, el comandante del distrito de Tel Aviv llev\u00f3 a cabo \u201camplias b\u00fasquedas\u201d en toda la zona metropolitana, seg\u00fan el comunicado conjunto. La polic\u00eda afirm\u00f3 haber recibido decenas de llamadas informando de la fuerte explosi\u00f3n en la calle HaLehi.<\/p>\n<p>Anteriormente, la polic\u00eda dijo que se cree que la persona que muri\u00f3 llevaba el material explosivo.<\/p>\n<p>La explosi\u00f3n se produjo mientras la ciudad permanece en alerta m\u00e1xima en medio de crecientes tensiones regionales relacionadas con la guerra en Gaza. No qued\u00f3 claro si el acto estaba relacionado con la compleja situaci\u00f3n de seguridad.<\/p>\n<p>El brazo armado de Hamas reivindica la explosi\u00f3n de Tel Aviv<\/p>\n<p>El brazo armado de Hamas, las Brigadas Al Qassam, reinvindic\u00f3 la autor\u00eda de la explosi\u00f3n ocurrida este domingo en Tel Aviv, en un comunicado publicado en su cuenta de Telegram.<\/p>\n<p>Seg\u00fan el comunicado, la &#171;operaci\u00f3n de martirio&#187; se llev\u00f3 a cabo en cooperaci\u00f3n con el brazo armado de la Yihad Isl\u00e1mica Palestina, las Brigadas Al-Quds.<\/p>\n<p>&#171;Las Brigadas confirman que las operaciones de martirio dentro de los territorios ocupados volver\u00e1n al primer plano mientras contin\u00faen las masacres de la ocupaci\u00f3n, el desplazamiento de civiles y la continuaci\u00f3n de la pol\u00edtica de asesinatos&#187;, a\u00f1ade el comunicado.<\/p>\n<p>Dana Karni de CNN contribuy\u00f3 con este informe.<\/p>\n<p>The-CNN-Wire<br \/>&trade; &amp; &copy; 2024 Cable News Network, Inc., a Warner Bros. Discovery Company. All rights reserved.<\/p>\n","protected":false},"excerpt":{"rendered":"<p>(CNN) &#8211;La Polic\u00eda israel\u00ed y el Shin Bet, la agencia de seguridad interior de Israel, declararon como ataque terrorista una explosi\u00f3n ocurrida este domingo por la noche en Tel Aviv. \u201cEste fue un ataque terrorista que implic\u00f3 la explosi\u00f3n de un poderoso explosivo\u201d, dijeron el lunes la Unidad del Portavoz de la Polic\u00eda de Israel [&hellip;]<\/p>\n","protected":false},"author":0,"featured_media":0,"comment_status":"open","ping_status":"open","sticky":false,"template":"","format":"standard","meta":{"_jetpack_memberships_contains_paid_content":false,"footnotes":""},"categories":[10],"tags":[],"class_list":["post-1451970","post","type-post","status-publish","format-standard","hentry","category-noticias-nacionales","market-global"],"yoast_head":"<!-- This site is optimized with the Yoast SEO plugin v24.4 - https:\/\/yoast.com\/wordpress\/plugins\/seo\/ -->\n<title>Autoridades israel\u00edes declaran &quot;ataque terrorista&quot; explosi\u00f3n en Tel Aviv - Noticias<\/title>\n<meta name=\"robots\" content=\"index, follow, max-snippet:-1, max-image-preview:large, max-video-preview:-1\" \/>\n<link rel=\"canonical\" href=\"https:\/\/noticiasya.com\/2024\/08\/19\/autoridades-israelies-declaran-ataque-terrorista-explosion-en-tel-aviv-trax\/\" \/>\n<meta property=\"og:locale\" content=\"es_ES\" \/>\n<meta property=\"og:type\" content=\"article\" \/>\n<meta property=\"og:title\" content=\"Autoridades israel\u00edes declaran &quot;ataque terrorista&quot; explosi\u00f3n en Tel Aviv - Noticias\" \/>\n<meta property=\"og:description\" content=\"(CNN) &#8211;La Polic\u00eda israel\u00ed y el Shin Bet, la agencia de seguridad interior de Israel, declararon como ataque terrorista una explosi\u00f3n ocurrida este domingo por la noche en Tel Aviv. \u201cEste fue un ataque terrorista que implic\u00f3 la explosi\u00f3n de un poderoso explosivo\u201d, dijeron el lunes la Unidad del Portavoz de la Polic\u00eda de Israel [&hellip;]\" \/>\n<meta property=\"og:url\" content=\"https:\/\/noticiasya.com\/2024\/08\/19\/autoridades-israelies-declaran-ataque-terrorista-explosion-en-tel-aviv-trax\/\" \/>\n<meta property=\"og:site_name\" content=\"Noticias\" \/>\n<meta property=\"article:published_time\" content=\"2024-08-19T10:03:38+00:00\" \/>\n<meta name=\"twitter:card\" content=\"summary_large_image\" \/>\n<meta name=\"twitter:label1\" content=\"Est. reading time\" \/>\n\t<meta name=\"twitter:data1\" content=\"2 minutos\" \/>\n<script type=\"application\/ld+json\" class=\"yoast-schema-graph\">{\"@context\":\"https:\/\/schema.org\",\"@graph\":[{\"@type\":\"Article\",\"@id\":\"https:\/\/noticiasya.com\/2024\/08\/19\/autoridades-israelies-declaran-ataque-terrorista-explosion-en-tel-aviv-trax\/#article\",\"isPartOf\":{\"@id\":\"https:\/\/noticiasya.com\/2024\/08\/19\/autoridades-israelies-declaran-ataque-terrorista-explosion-en-tel-aviv-trax\/\"},\"author\":{\"name\":\"\",\"@id\":\"\"},\"headline\":\"Autoridades israel\u00edes declaran &#171;ataque terrorista&#187; explosi\u00f3n en Tel Aviv\",\"datePublished\":\"2024-08-19T10:03:38+00:00\",\"mainEntityOfPage\":{\"@id\":\"https:\/\/noticiasya.com\/2024\/08\/19\/autoridades-israelies-declaran-ataque-terrorista-explosion-en-tel-aviv-trax\/\"},\"wordCount\":404,\"commentCount\":0,\"publisher\":{\"@id\":\"https:\/\/noticiasya.com\/#organization\"},\"articleSection\":[\"Noticias Nacionales\"],\"inLanguage\":\"es\",\"potentialAction\":[{\"@type\":\"CommentAction\",\"name\":\"Comment\",\"target\":[\"https:\/\/noticiasya.com\/2024\/08\/19\/autoridades-israelies-declaran-ataque-terrorista-explosion-en-tel-aviv-trax\/#respond\"]}]},{\"@type\":\"WebPage\",\"@id\":\"https:\/\/noticiasya.com\/2024\/08\/19\/autoridades-israelies-declaran-ataque-terrorista-explosion-en-tel-aviv-trax\/\",\"url\":\"https:\/\/noticiasya.com\/2024\/08\/19\/autoridades-israelies-declaran-ataque-terrorista-explosion-en-tel-aviv-trax\/\",\"name\":\"Autoridades israel\u00edes declaran \\\"ataque terrorista\\\" explosi\u00f3n en Tel Aviv - Noticias\",\"isPartOf\":{\"@id\":\"https:\/\/noticiasya.com\/#website\"},\"datePublished\":\"2024-08-19T10:03:38+00:00\",\"breadcrumb\":{\"@id\":\"https:\/\/noticiasya.com\/2024\/08\/19\/autoridades-israelies-declaran-ataque-terrorista-explosion-en-tel-aviv-trax\/#breadcrumb\"},\"inLanguage\":\"es\",\"potentialAction\":[{\"@type\":\"ReadAction\",\"target\":[\"https:\/\/noticiasya.com\/2024\/08\/19\/autoridades-israelies-declaran-ataque-terrorista-explosion-en-tel-aviv-trax\/\"]}]},{\"@type\":\"BreadcrumbList\",\"@id\":\"https:\/\/noticiasya.com\/2024\/08\/19\/autoridades-israelies-declaran-ataque-terrorista-explosion-en-tel-aviv-trax\/#breadcrumb\",\"itemListElement\":[{\"@type\":\"ListItem\",\"position\":1,\"name\":\"Home\",\"item\":\"https:\/\/noticiasya.com\/\"},{\"@type\":\"ListItem\",\"position\":2,\"name\":\"Autoridades israel\u00edes declaran &#171;ataque terrorista&#187; explosi\u00f3n en Tel Aviv\"}]},{\"@type\":\"WebSite\",\"@id\":\"https:\/\/noticiasya.com\/#website\",\"url\":\"https:\/\/noticiasya.com\/\",\"name\":\"Noticias\",\"description\":\"Lo que importa\",\"publisher\":{\"@id\":\"https:\/\/noticiasya.com\/#organization\"},\"potentialAction\":[{\"@type\":\"SearchAction\",\"target\":{\"@type\":\"EntryPoint\",\"urlTemplate\":\"https:\/\/noticiasya.com\/?s={search_term_string}\"},\"query-input\":{\"@type\":\"PropertyValueSpecification\",\"valueRequired\":true,\"valueName\":\"search_term_string\"}}],\"inLanguage\":\"es\"},{\"@type\":\"Organization\",\"@id\":\"https:\/\/noticiasya.com\/#organization\",\"name\":\"Noticias\",\"url\":\"https:\/\/noticiasya.com\/\",\"logo\":{\"@type\":\"ImageObject\",\"inLanguage\":\"es\",\"@id\":\"https:\/\/noticiasya.com\/#\/schema\/logo\/image\/\",\"url\":\"https:\/\/noticiasya.com\/wp-content\/uploads\/sites\/22\/2023\/12\/logo-nacional.png\",\"contentUrl\":\"https:\/\/noticiasya.com\/wp-content\/uploads\/sites\/22\/2023\/12\/logo-nacional.png\",\"width\":1801,\"height\":691,\"caption\":\"Noticias\"},\"image\":{\"@id\":\"https:\/\/noticiasya.com\/#\/schema\/logo\/image\/\"}}]}<\/script>\n<!-- \/ Yoast SEO plugin. -->","yoast_head_json":{"title":"Autoridades israel\u00edes declaran \"ataque terrorista\" explosi\u00f3n en Tel Aviv - Noticias","robots":{"index":"index","follow":"follow","max-snippet":"max-snippet:-1","max-image-preview":"max-image-preview:large","max-video-preview":"max-video-preview:-1"},"canonical":"https:\/\/noticiasya.com\/2024\/08\/19\/autoridades-israelies-declaran-ataque-terrorista-explosion-en-tel-aviv-trax\/","og_locale":"es_ES","og_type":"article","og_title":"Autoridades israel\u00edes declaran \"ataque terrorista\" explosi\u00f3n en Tel Aviv - Noticias","og_description":"(CNN) &#8211;La Polic\u00eda israel\u00ed y el Shin Bet, la agencia de seguridad interior de Israel, declararon como ataque terrorista una explosi\u00f3n ocurrida este domingo por la noche en Tel Aviv. \u201cEste fue un ataque terrorista que implic\u00f3 la explosi\u00f3n de un poderoso explosivo\u201d, dijeron el lunes la Unidad del Portavoz de la Polic\u00eda de Israel [&hellip;]","og_url":"https:\/\/noticiasya.com\/2024\/08\/19\/autoridades-israelies-declaran-ataque-terrorista-explosion-en-tel-aviv-trax\/","og_site_name":"Noticias","article_published_time":"2024-08-19T10:03:38+00:00","twitter_card":"summary_large_image","twitter_misc":{"Est. reading time":"2 minutos"},"schema":{"@context":"https:\/\/schema.org","@graph":[{"@type":"Article","@id":"https:\/\/noticiasya.com\/2024\/08\/19\/autoridades-israelies-declaran-ataque-terrorista-explosion-en-tel-aviv-trax\/#article","isPartOf":{"@id":"https:\/\/noticiasya.com\/2024\/08\/19\/autoridades-israelies-declaran-ataque-terrorista-explosion-en-tel-aviv-trax\/"},"author":{"name":"","@id":""},"headline":"Autoridades israel\u00edes declaran &#171;ataque terrorista&#187; explosi\u00f3n en Tel Aviv","datePublished":"2024-08-19T10:03:38+00:00","mainEntityOfPage":{"@id":"https:\/\/noticiasya.com\/2024\/08\/19\/autoridades-israelies-declaran-ataque-terrorista-explosion-en-tel-aviv-trax\/"},"wordCount":404,"commentCount":0,"publisher":{"@id":"https:\/\/noticiasya.com\/#organization"},"articleSection":["Noticias Nacionales"],"inLanguage":"es","potentialAction":[{"@type":"CommentAction","name":"Comment","target":["https:\/\/noticiasya.com\/2024\/08\/19\/autoridades-israelies-declaran-ataque-terrorista-explosion-en-tel-aviv-trax\/#respond"]}]},{"@type":"WebPage","@id":"https:\/\/noticiasya.com\/2024\/08\/19\/autoridades-israelies-declaran-ataque-terrorista-explosion-en-tel-aviv-trax\/","url":"https:\/\/noticiasya.com\/2024\/08\/19\/autoridades-israelies-declaran-ataque-terrorista-explosion-en-tel-aviv-trax\/","name":"Autoridades israel\u00edes declaran \"ataque terrorista\" explosi\u00f3n en Tel Aviv - Noticias","isPartOf":{"@id":"https:\/\/noticiasya.com\/#website"},"datePublished":"2024-08-19T10:03:38+00:00","breadcrumb":{"@id":"https:\/\/noticiasya.com\/2024\/08\/19\/autoridades-israelies-declaran-ataque-terrorista-explosion-en-tel-aviv-trax\/#breadcrumb"},"inLanguage":"es","potentialAction":[{"@type":"ReadAction","target":["https:\/\/noticiasya.com\/2024\/08\/19\/autoridades-israelies-declaran-ataque-terrorista-explosion-en-tel-aviv-trax\/"]}]},{"@type":"BreadcrumbList","@id":"https:\/\/noticiasya.com\/2024\/08\/19\/autoridades-israelies-declaran-ataque-terrorista-explosion-en-tel-aviv-trax\/#breadcrumb","itemListElement":[{"@type":"ListItem","position":1,"name":"Home","item":"https:\/\/noticiasya.com\/"},{"@type":"ListItem","position":2,"name":"Autoridades israel\u00edes declaran &#171;ataque terrorista&#187; explosi\u00f3n en Tel Aviv"}]},{"@type":"WebSite","@id":"https:\/\/noticiasya.com\/#website","url":"https:\/\/noticiasya.com\/","name":"Noticias","description":"Lo que importa","publisher":{"@id":"https:\/\/noticiasya.com\/#organization"},"potentialAction":[{"@type":"SearchAction","target":{"@type":"EntryPoint","urlTemplate":"https:\/\/noticiasya.com\/?s={search_term_string}"},"query-input":{"@type":"PropertyValueSpecification","valueRequired":true,"valueName":"search_term_string"}}],"inLanguage":"es"},{"@type":"Organization","@id":"https:\/\/noticiasya.com\/#organization","name":"Noticias","url":"https:\/\/noticiasya.com\/","logo":{"@type":"ImageObject","inLanguage":"es","@id":"https:\/\/noticiasya.com\/#\/schema\/logo\/image\/","url":"https:\/\/noticiasya.com\/wp-content\/uploads\/sites\/22\/2023\/12\/logo-nacional.png","contentUrl":"https:\/\/noticiasya.com\/wp-content\/uploads\/sites\/22\/2023\/12\/logo-nacional.png","width":1801,"height":691,"caption":"Noticias"},"image":{"@id":"https:\/\/noticiasya.com\/#\/schema\/logo\/image\/"}}]}},"parsely":{"version":"1.1.0","canonical_url":"https:\/\/noticiasya.com\/boston\/2024\/08\/19\/autoridades-israelies-declaran-ataque-terrorista-explosion-en-tel-aviv-trax\/","smart_links":{"inbound":0,"outbound":0},"traffic_boost_suggestions_count":0,"meta":{"@context":"https:\/\/schema.org","@type":"NewsArticle","headline":"Autoridades israel\u00edes declaran &#171;ataque terrorista&#187; explosi\u00f3n en Tel Aviv","url":"http:\/\/noticiasya.com\/boston\/2024\/08\/19\/autoridades-israelies-declaran-ataque-terrorista-explosion-en-tel-aviv-trax\/","mainEntityOfPage":{"@type":"WebPage","@id":"http:\/\/noticiasya.com\/boston\/2024\/08\/19\/autoridades-israelies-declaran-ataque-terrorista-explosion-en-tel-aviv-trax\/"},"thumbnailUrl":"","image":{"@type":"ImageObject","url":""},"articleSection":"Noticias Nacionales","author":[],"creator":[],"publisher":{"@type":"Organization","name":"Noticias","logo":""},"keywords":[],"dateCreated":"2024-08-19T10:03:38Z","datePublished":"2024-08-19T10:03:38Z","dateModified":"2024-08-19T10:03:38Z"},"rendered":"<script type=\"application\/ld+json\" class=\"wp-parsely-metadata\">{\"@context\":\"https:\\\/\\\/schema.org\",\"@type\":\"NewsArticle\",\"headline\":\"Autoridades israel\\u00edes declaran &#171;ataque terrorista&#187; explosi\\u00f3n en Tel Aviv\",\"url\":\"http:\\\/\\\/noticiasya.com\\\/boston\\\/2024\\\/08\\\/19\\\/autoridades-israelies-declaran-ataque-terrorista-explosion-en-tel-aviv-trax\\\/\",\"mainEntityOfPage\":{\"@type\":\"WebPage\",\"@id\":\"http:\\\/\\\/noticiasya.com\\\/boston\\\/2024\\\/08\\\/19\\\/autoridades-israelies-declaran-ataque-terrorista-explosion-en-tel-aviv-trax\\\/\"},\"thumbnailUrl\":\"\",\"image\":{\"@type\":\"ImageObject\",\"url\":\"\"},\"articleSection\":\"Noticias Nacionales\",\"author\":[],\"creator\":[],\"publisher\":{\"@type\":\"Organization\",\"name\":\"Noticias\",\"logo\":\"\"},\"keywords\":[],\"dateCreated\":\"2024-08-19T10:03:38Z\",\"datePublished\":\"2024-08-19T10:03:38Z\",\"dateModified\":\"2024-08-19T10:03:38Z\"}<\/script>","tracker_url":"https:\/\/cdn.parsely.com\/keys\/noticiasya.com\/p.js"},"jetpack_featured_media_url":"","jetpack-related-posts":[{"id":1451961,"url":"https:\/\/noticiasya.com\/boston\/2024\/08\/18\/explosion-mortal-tel-aviv-israel-trax\/","url_meta":{"origin":1451970,"position":0},"title":"La polic\u00eda israel\u00ed investiga una explosi\u00f3n en Tel Aviv que dej\u00f3 al menos un muerto","author":"","date":"agosto 18, 2024","format":false,"excerpt":"(CNN) \u2013\u2013 La polic\u00eda israel\u00ed investiga una explosi\u00f3n que mat\u00f3 a una persona en Tel Aviv este domingo por la noche.Se cree que la persona fallecida portaba material explosivo, dijo el comandante del distrito Peretz Amar. La polic\u00eda todav\u00eda no ha identificado a la persona.Una segunda persona result\u00f3 levemente herida\u2026","rel":"","context":"In &quot;Noticias Nacionales&quot;","block_context":{"text":"Noticias Nacionales","link":"https:\/\/noticiasya.com\/boston\/categoria\/noticias-nacionales"},"img":{"alt_text":"","src":"","width":0,"height":0},"classes":[]},{"id":1451254,"url":"https:\/\/noticiasya.com\/boston\/2024\/07\/18\/heridos-explosion-centro-tel-aviv-trax\/","url_meta":{"origin":1451970,"position":1},"title":"Se reportan heridos tras una explosi\u00f3n en el centro de Tel Aviv","author":"","date":"julio 18, 2024","format":false,"excerpt":"(CNN) --\u00a0La polic\u00eda de Israel y expertos en desactivaci\u00f3n de bombas se encuentran en el lugar de una explosi\u00f3n que ocurri\u00f3 la madrugada del viernes en un edificio central de Tel Aviv, de acuerdo con la polic\u00eda israel\u00ed.A\u00fan no se ha confirmado qu\u00e9 caus\u00f3 la explosi\u00f3n.Las Fuerzas de Defensa de\u2026","rel":"","context":"In &quot;Noticias Nacionales&quot;","block_context":{"text":"Noticias Nacionales","link":"https:\/\/noticiasya.com\/boston\/categoria\/noticias-nacionales"},"img":{"alt_text":"","src":"","width":0,"height":0},"classes":[]},{"id":1466292,"url":"https:\/\/noticiasya.com\/boston\/2025\/09\/09\/israel-ataque-hamas-qatar-trax\/","url_meta":{"origin":1451970,"position":2},"title":"Israel lleva a cabo un ataque contra los l\u00edderes de Hamas en Qatar, seg\u00fan una fuente israel\u00ed","author":"","date":"septiembre 9, 2025","format":false,"excerpt":"Israel llev\u00f3 a cabo un ataque contra los l\u00edderes de Hamas en Doha, seg\u00fan inform\u00f3 una fuente israel\u00ed a CNN, tras escucharse una explosi\u00f3n en la capital qatar\u00ed.La fuente no especific\u00f3 qui\u00e9n fue el objetivo, pero los l\u00edderes de Hamas han utilizado la capital qatar\u00ed como cuartel general fuera de\u2026","rel":"","context":"In &quot;Noticias Nacionales&quot;","block_context":{"text":"Noticias Nacionales","link":"https:\/\/noticiasya.com\/boston\/categoria\/noticias-nacionales"},"img":{"alt_text":"","src":"","width":0,"height":0},"classes":[]},{"id":1443106,"url":"https:\/\/noticiasya.com\/boston\/2024\/01\/03\/al-menos-103-muertos-tras-una-explosion-cerca-de-la-tumba-en-iran-del-comandante-militar-qasem-soleimani\/","url_meta":{"origin":1451970,"position":3},"title":"Al menos 103 muertos tras una explosi\u00f3n cerca de la tumba en Ir\u00e1n del comandante militar Qasem Soleimani","author":"","date":"enero 3, 2024","format":false,"excerpt":"(CNN) -- Al menos 103 personas murieron este mi\u00e9rcoles y 141 resultaron heridas en la ciudad iran\u00ed de Kerman despu\u00e9s de dos explosiones cerca de la tumba del comandante militar Qasem Soleimani, en lo que las autoridades llamaron un{ ataque terrorista, seg\u00fan los medios de comunicaci\u00f3n estatales.\u00b4+La primera explosi\u00f3n se\u2026","rel":"","context":"In &quot;Noticias Nacionales&quot;","block_context":{"text":"Noticias Nacionales","link":"https:\/\/noticiasya.com\/boston\/categoria\/noticias-nacionales"},"img":{"alt_text":"","src":"","width":0,"height":0},"classes":[]},{"id":1451284,"url":"https:\/\/noticiasya.com\/boston\/2024\/07\/20\/ataques-aereos-israel-huties-hodeidah-yemen-trax\/","url_meta":{"origin":1451970,"position":4},"title":"Israel lanza ataques a\u00e9reos contra los hut\u00edes de Yemen, un d\u00eda despu\u00e9s del mortal ataque con aviones no tripulados en Tel Aviv","author":"","date":"julio 20, 2024","format":false,"excerpt":"(CNN) -- Una serie de ataques a\u00e9reos israel\u00edes tuvieron como objetivo a los rebeldes hut\u00edes en Yemen este s\u00e1bado, un d\u00eda despu\u00e9s de que el grupo respaldado por Ir\u00e1n reivindicara un ataque mortal contra la ciudad israel\u00ed de Tel Aviv.\"Hace poco, aviones de combate de las FDI atacaron objetivos militares\u2026","rel":"","context":"In &quot;Noticias Nacionales&quot;","block_context":{"text":"Noticias Nacionales","link":"https:\/\/noticiasya.com\/boston\/categoria\/noticias-nacionales"},"img":{"alt_text":"","src":"","width":0,"height":0},"classes":[]},{"id":1443113,"url":"https:\/\/noticiasya.com\/boston\/2024\/01\/03\/al-menos-103-muertos-tras-una-explosion-cerca-de-la-tumba-en-iran-del-comandante-militar-qasem-soleimani-2\/","url_meta":{"origin":1451970,"position":5},"title":"Al menos 103 muertos tras una explosi\u00f3n cerca de la tumba en Ir\u00e1n del comandante militar Qasem Soleimani","author":"","date":"enero 3, 2024","format":false,"excerpt":"(CNN) -- Al menos 103 personas murieron este mi\u00e9rcoles y 141 resultaron heridas en la ciudad iran\u00ed de Kerman despu\u00e9s de dos explosiones cerca de la tumba del comandante militar Qasem Soleimani, en lo que las autoridades llamaron un ataque terrorista, seg\u00fan los medios de comunicaci\u00f3n estatales.La primera explosi\u00f3n se\u2026","rel":"","context":"In &quot;Noticias Nacionales&quot;","block_context":{"text":"Noticias Nacionales","link":"https:\/\/noticiasya.com\/boston\/categoria\/noticias-nacionales"},"img":{"alt_text":"","src":"","width":0,"height":0},"classes":[]}],"jetpack_sharing_enabled":true,"_links":{"self":[{"href":"https:\/\/noticiasya.com\/boston\/wp-json\/wp\/v2\/posts\/1451970","targetHints":{"allow":["GET"]}}],"collection":[{"href":"https:\/\/noticiasya.com\/boston\/wp-json\/wp\/v2\/posts"}],"about":[{"href":"https:\/\/noticiasya.com\/boston\/wp-json\/wp\/v2\/types\/post"}],"replies":[{"embeddable":true,"href":"https:\/\/noticiasya.com\/boston\/wp-json\/wp\/v2\/comments?post=1451970"}],"version-history":[{"count":0,"href":"https:\/\/noticiasya.com\/boston\/wp-json\/wp\/v2\/posts\/1451970\/revisions"}],"wp:attachment":[{"href":"https:\/\/noticiasya.com\/boston\/wp-json\/wp\/v2\/media?parent=1451970"}],"wp:term":[{"taxonomy":"category","embeddable":true,"href":"https:\/\/noticiasya.com\/boston\/wp-json\/wp\/v2\/categories?post=1451970"},{"taxonomy":"post_tag","embeddable":true,"href":"https:\/\/noticiasya.com\/boston\/wp-json\/wp\/v2\/tags?post=1451970"}],"curies":[{"name":"wp","href":"https:\/\/api.w.org\/{rel}","templated":true}]}}