{"id":1452108,"date":"2024-08-23T14:03:59","date_gmt":"2024-08-23T21:03:59","guid":{"rendered":"https:\/\/noticiasya.com\/2024\/08\/23\/moda-sostenible-ropa-consciente-orix\/"},"modified":"2024-08-23T14:03:59","modified_gmt":"2024-08-23T21:03:59","slug":"moda-sostenible-ropa-consciente-orix","status":"publish","type":"post","link":"https:\/\/noticiasya.com\/boston\/2024\/08\/23\/moda-sostenible-ropa-consciente-orix\/","title":{"rendered":"Moda sostenible: c\u00f3mo consumir ropa de manera m\u00e1s consciente"},"content":{"rendered":"<p>(CNN Espa\u00f1ol) &#8212; Estar a la moda tiene su costo. No solo econ\u00f3mico, sino tambi\u00e9n ambiental. La industria textil es la segunda m\u00e1s contaminante del mundo, seg\u00fan la Organizaci\u00f3n de las Naciones Unidas (ONU).<\/p>\n<p>Aunque la expectativa es mantenerse al d\u00eda con las tendencias en constante cambio, renovando nuestro guardarropa cada pocas semanas o meses, comprar menos ropa ayudar\u00eda al medio ambiente.<\/p>\n<p>Colectivamente, la industria mundial de la moda produce casi 4.000 millones de toneladas m\u00e9tricas de emisiones de gases de efecto invernadero, o el 8,1 % del total mundial, seg\u00fan Quantis, una consultora clim\u00e1tica que analiza el impacto ambiental de la industria de la moda. Ese c\u00e1lculo incluye las siete etapas de la vida de una prenda, comenzando con la creaci\u00f3n de las fibras que se usan para fabricarla, por ejemplo, cultivando algod\u00f3n, hasta ensamblar la ropa y, finalmente, transportarla y venderla.<\/p>\n<p>Aqu\u00ed te presentamos una serie de propuestas que te ayudar\u00e1n a ser m\u00e1s consciente a la hora de vestirte:<\/p>\n<p>Reduce el consumo<\/p>\n<p>Este es, sin duda, el punto m\u00e1s importante a tener en cuenta a la hora de pensar en estrategias que cuiden al planeta. Reducir el consumo frente a un mercado que est\u00e1 constantemente produciendo nuevas colecciones para satisfacer la demanda, no solo a costa del medio ambiente, sino tambi\u00e9n de condiciones de trabajo inseguras y que violan los derechos humanos.<\/p>\n<p>Datos de la Conferencia de la ONU sobre Comercio y Desarrollo demuestran que la industria utiliza cantidades excesivas de agua para confeccionar prendas, produce emisiones de carbono superiores a todos los vuelos y env\u00edos mar\u00edtimos internacionales y tira al mar medio mill\u00f3n de toneladas de microfibra cada a\u00f1o.<\/p>\n<p>Miembros de Extinction Rebellion vestidos con dise\u00f1os creados con elementos reciclados por dise\u00f1adores de moda Trash Couture, durante una manifestaci\u00f3n contra la industria fast fashion en Buenos Aires, en diciembre de 2021. (JUAN MABROMATA\/AFP via Getty Images)<\/p>\n<p>Ropa usada, una popular alternativa<\/p>\n<p>Existen varias alternativas para reutilizar prendas que van desde intercambiar ropa con amigos hasta comprar vintage o de segunda mano. Esta \u00faltima es una tendencia cada vez m\u00e1s popular. Tan es as\u00ed que en 2030 el mercado de la moda usada tendr\u00e1 un valor aproximado de US$ 77.000 millones, seg\u00fan el informe anual de ThredUP, una de las mayores compa\u00f1\u00edas especializadas en la compraventa en l\u00ednea de prendas y accesorios usados.<\/p>\n<p>Lo vintage ha pasado de ser una necesidad econ\u00f3mica a tener un valor est\u00e9tico, para terminar como una respuesta \u00e9tica. Y existen distintos lugares como boutiques, ferias o bazares especializados en la ropa de segunda mano donde puedes encontrar distintas opciones \u00fanicas que se adec\u00faen a tu estilo.<\/p>\n<p>Dale una segunda vida a tus prendas<\/p>\n<p>\u00bfSab\u00edas que la cantidad de ropa, calzado y accesorios que acumulamos acaba constantemente incinerada o en basureros? Cada segundo se entierra o quema una cantidad de textiles equivalente a un cami\u00f3n de basura, de acuerdo con la ONU.<\/p>\n<p>As\u00ed que si buscas contribuir a frenar el desperdicio de ropa puedes apostar por darle una segunda vida. Donarlo a una organizaci\u00f3n que recolecte ropa, venderlo en una tienda de segunda mano, regalarlo a alguien que sepas que lo usar\u00e1. O intercambiar prendas con tus amigos para darle un toque fresco a tu guardarropa. Incluso puedes darle una vuelta y usar tu imaginaci\u00f3n para convertirlo en otra prenda que tambi\u00e9n puedas usar.<\/p>\n<p>Compra y vende en plataformas en l\u00ednea<\/p>\n<p>Tu ropa puede tener alcances insospechados y no necesariamente en la basura o el mar. Las aplicaciones de compraventa de ropa usada son una herramienta muy efectiva para impulsar el consumo circular. En muchas de ellas puedes vender ropa, calzado o accesorios que ya no usas a personas de todo el mundo y, al mismo tiempo, puedes comprarle a alguien todo eso que ya no necesita.<\/p>\n<p>Renta tu ropa<\/p>\n<p>Rentar es una opci\u00f3n muy conveniente cuando lo que buscas es una prenda que utilizar\u00e1s una o dos veces o que sabes que es algo que pasar\u00e1 de moda la siguiente temporada.<\/p>\n<p>Para la fundaci\u00f3n Ellen MacArthur, que trabaja para mejorar el historial de sustentabilidad de la industria, se trata de &#171;una propuesta de valor convincente, especialmente cuando se tienen en cuenta las necesidades cambiantes del cliente; los ejemplos incluyen el uso a corto plazo, los requisitos pr\u00e1cticos o las preferencias de moda en r\u00e1pida evoluci\u00f3n&#187;.<\/p>\n<p>Un proyecto textil rompe las cadenas de la esclavitud en Argentina<\/p>\n<p>Recicla<\/p>\n<p>Cuando se trata de reciclar nuestros desechos, generalmente pensamos en botellas de pl\u00e1stico u otros envases de alimentos y bebidas. Las prendas de vestir a menudo no se consideran art\u00edculos reciclables y, como ya vimos, generalmente se tiran a la basura.<\/p>\n<p>Aunque la industria textil se basa principalmente en recursos no renovables \u2014petr\u00f3leo para producir telas sint\u00e9ticas, fertilizantes para cultivar algod\u00f3n y productos qu\u00edmicos para producir tintes y acabados de fibras y textiles\u2014 su inmensa huella se extiende m\u00e1s all\u00e1 del uso de materias primas, se\u00f1ala la fundaci\u00f3n Ellen MacArthur.<\/p>\n<p>&#171;Sus bajas tasas de uso y bajos niveles de reciclaje, el actual sistema lineal y derrochador es la causa ra\u00edz de esta presi\u00f3n masiva y en constante expansi\u00f3n sobre los recursos&#187;, agrega.<\/p>\n<p>En respuesta a todo este desperdicio que tiene impactos negativos en el medio ambiente, algunos grandes almacenes de moda han impulsado iniciativas de reciclaje en los \u00faltimos a\u00f1os en las que puedes participar. Se trata de contenedores ubicados en sus tiendas de casi todo el mundo donde los clientes pueden depositar la ropa que ya no desean. Seg\u00fan la multinacional sueca H&#038;M, la idea es aumentar las tasas de recolecci\u00f3n y reciclaje de textiles, y reducir los desechos innecesarios a los vertederos.<\/p>\n<p>Vale se\u00f1alar que H&#038;M fue acusada de hacer &#171;greenwashing&#187; a los consumidores al ser vaga sobre las credenciales de sostenibilidad de su Conscious Collection lanzada en 2010.<\/p>\n<p>Qu\u00e9 es el &#171;greenwashing&#187; y c\u00f3mo evitar que te enga\u00f1en<\/p>\n<p>The-CNN-Wire<br \/>&trade; &amp; &copy; 2024 Cable News Network, Inc., a Warner Bros. Discovery Company. All rights reserved.<\/p>\n","protected":false},"excerpt":{"rendered":"<p>(CNN Espa\u00f1ol) &#8212; Estar a la moda tiene su costo. No solo econ\u00f3mico, sino tambi\u00e9n ambiental. La industria textil es la segunda m\u00e1s contaminante del mundo, seg\u00fan la Organizaci\u00f3n de las Naciones Unidas (ONU). Aunque la expectativa es mantenerse al d\u00eda con las tendencias en constante cambio, renovando nuestro guardarropa cada pocas semanas o meses, [&hellip;]<\/p>\n","protected":false},"author":0,"featured_media":0,"comment_status":"open","ping_status":"open","sticky":false,"template":"","format":"standard","meta":{"_jetpack_memberships_contains_paid_content":false,"footnotes":""},"categories":[10],"tags":[],"class_list":["post-1452108","post","type-post","status-publish","format-standard","hentry","category-noticias-nacionales","market-global"],"yoast_head":"<!-- This site is optimized with the Yoast SEO plugin v24.4 - https:\/\/yoast.com\/wordpress\/plugins\/seo\/ -->\n<title>Moda sostenible: c\u00f3mo consumir ropa de manera m\u00e1s consciente - Noticias<\/title>\n<meta name=\"robots\" content=\"index, follow, max-snippet:-1, max-image-preview:large, max-video-preview:-1\" \/>\n<link rel=\"canonical\" href=\"https:\/\/noticiasya.com\/2024\/08\/23\/moda-sostenible-ropa-consciente-orix\/\" \/>\n<meta property=\"og:locale\" content=\"es_ES\" \/>\n<meta property=\"og:type\" content=\"article\" \/>\n<meta property=\"og:title\" content=\"Moda sostenible: c\u00f3mo consumir ropa de manera m\u00e1s consciente - Noticias\" \/>\n<meta property=\"og:description\" content=\"(CNN Espa\u00f1ol) &#8212; Estar a la moda tiene su costo. No solo econ\u00f3mico, sino tambi\u00e9n ambiental. La industria textil es la segunda m\u00e1s contaminante del mundo, seg\u00fan la Organizaci\u00f3n de las Naciones Unidas (ONU). Aunque la expectativa es mantenerse al d\u00eda con las tendencias en constante cambio, renovando nuestro guardarropa cada pocas semanas o meses, [&hellip;]\" \/>\n<meta property=\"og:url\" content=\"https:\/\/noticiasya.com\/2024\/08\/23\/moda-sostenible-ropa-consciente-orix\/\" \/>\n<meta property=\"og:site_name\" content=\"Noticias\" \/>\n<meta property=\"article:published_time\" content=\"2024-08-23T21:03:59+00:00\" \/>\n<meta name=\"twitter:card\" content=\"summary_large_image\" \/>\n<meta name=\"twitter:label1\" content=\"Est. reading time\" \/>\n\t<meta name=\"twitter:data1\" content=\"5 minutos\" \/>\n<script type=\"application\/ld+json\" class=\"yoast-schema-graph\">{\"@context\":\"https:\/\/schema.org\",\"@graph\":[{\"@type\":\"Article\",\"@id\":\"https:\/\/noticiasya.com\/2024\/08\/23\/moda-sostenible-ropa-consciente-orix\/#article\",\"isPartOf\":{\"@id\":\"https:\/\/noticiasya.com\/2024\/08\/23\/moda-sostenible-ropa-consciente-orix\/\"},\"author\":{\"name\":\"\",\"@id\":\"\"},\"headline\":\"Moda sostenible: c\u00f3mo consumir ropa de manera m\u00e1s consciente\",\"datePublished\":\"2024-08-23T21:03:59+00:00\",\"mainEntityOfPage\":{\"@id\":\"https:\/\/noticiasya.com\/2024\/08\/23\/moda-sostenible-ropa-consciente-orix\/\"},\"wordCount\":1051,\"commentCount\":0,\"publisher\":{\"@id\":\"https:\/\/noticiasya.com\/#organization\"},\"articleSection\":[\"Noticias Nacionales\"],\"inLanguage\":\"es\",\"potentialAction\":[{\"@type\":\"CommentAction\",\"name\":\"Comment\",\"target\":[\"https:\/\/noticiasya.com\/2024\/08\/23\/moda-sostenible-ropa-consciente-orix\/#respond\"]}]},{\"@type\":\"WebPage\",\"@id\":\"https:\/\/noticiasya.com\/2024\/08\/23\/moda-sostenible-ropa-consciente-orix\/\",\"url\":\"https:\/\/noticiasya.com\/2024\/08\/23\/moda-sostenible-ropa-consciente-orix\/\",\"name\":\"Moda sostenible: c\u00f3mo consumir ropa de manera m\u00e1s consciente - Noticias\",\"isPartOf\":{\"@id\":\"https:\/\/noticiasya.com\/#website\"},\"datePublished\":\"2024-08-23T21:03:59+00:00\",\"breadcrumb\":{\"@id\":\"https:\/\/noticiasya.com\/2024\/08\/23\/moda-sostenible-ropa-consciente-orix\/#breadcrumb\"},\"inLanguage\":\"es\",\"potentialAction\":[{\"@type\":\"ReadAction\",\"target\":[\"https:\/\/noticiasya.com\/2024\/08\/23\/moda-sostenible-ropa-consciente-orix\/\"]}]},{\"@type\":\"BreadcrumbList\",\"@id\":\"https:\/\/noticiasya.com\/2024\/08\/23\/moda-sostenible-ropa-consciente-orix\/#breadcrumb\",\"itemListElement\":[{\"@type\":\"ListItem\",\"position\":1,\"name\":\"Home\",\"item\":\"https:\/\/noticiasya.com\/\"},{\"@type\":\"ListItem\",\"position\":2,\"name\":\"Moda sostenible: c\u00f3mo consumir ropa de manera m\u00e1s consciente\"}]},{\"@type\":\"WebSite\",\"@id\":\"https:\/\/noticiasya.com\/#website\",\"url\":\"https:\/\/noticiasya.com\/\",\"name\":\"Noticias\",\"description\":\"Lo que importa\",\"publisher\":{\"@id\":\"https:\/\/noticiasya.com\/#organization\"},\"potentialAction\":[{\"@type\":\"SearchAction\",\"target\":{\"@type\":\"EntryPoint\",\"urlTemplate\":\"https:\/\/noticiasya.com\/?s={search_term_string}\"},\"query-input\":{\"@type\":\"PropertyValueSpecification\",\"valueRequired\":true,\"valueName\":\"search_term_string\"}}],\"inLanguage\":\"es\"},{\"@type\":\"Organization\",\"@id\":\"https:\/\/noticiasya.com\/#organization\",\"name\":\"Noticias\",\"url\":\"https:\/\/noticiasya.com\/\",\"logo\":{\"@type\":\"ImageObject\",\"inLanguage\":\"es\",\"@id\":\"https:\/\/noticiasya.com\/#\/schema\/logo\/image\/\",\"url\":\"https:\/\/noticiasya.com\/wp-content\/uploads\/sites\/22\/2023\/12\/logo-nacional.png\",\"contentUrl\":\"https:\/\/noticiasya.com\/wp-content\/uploads\/sites\/22\/2023\/12\/logo-nacional.png\",\"width\":1801,\"height\":691,\"caption\":\"Noticias\"},\"image\":{\"@id\":\"https:\/\/noticiasya.com\/#\/schema\/logo\/image\/\"}}]}<\/script>\n<!-- \/ Yoast SEO plugin. -->","yoast_head_json":{"title":"Moda sostenible: c\u00f3mo consumir ropa de manera m\u00e1s consciente - Noticias","robots":{"index":"index","follow":"follow","max-snippet":"max-snippet:-1","max-image-preview":"max-image-preview:large","max-video-preview":"max-video-preview:-1"},"canonical":"https:\/\/noticiasya.com\/2024\/08\/23\/moda-sostenible-ropa-consciente-orix\/","og_locale":"es_ES","og_type":"article","og_title":"Moda sostenible: c\u00f3mo consumir ropa de manera m\u00e1s consciente - Noticias","og_description":"(CNN Espa\u00f1ol) &#8212; Estar a la moda tiene su costo. No solo econ\u00f3mico, sino tambi\u00e9n ambiental. La industria textil es la segunda m\u00e1s contaminante del mundo, seg\u00fan la Organizaci\u00f3n de las Naciones Unidas (ONU). Aunque la expectativa es mantenerse al d\u00eda con las tendencias en constante cambio, renovando nuestro guardarropa cada pocas semanas o meses, [&hellip;]","og_url":"https:\/\/noticiasya.com\/2024\/08\/23\/moda-sostenible-ropa-consciente-orix\/","og_site_name":"Noticias","article_published_time":"2024-08-23T21:03:59+00:00","twitter_card":"summary_large_image","twitter_misc":{"Est. reading time":"5 minutos"},"schema":{"@context":"https:\/\/schema.org","@graph":[{"@type":"Article","@id":"https:\/\/noticiasya.com\/2024\/08\/23\/moda-sostenible-ropa-consciente-orix\/#article","isPartOf":{"@id":"https:\/\/noticiasya.com\/2024\/08\/23\/moda-sostenible-ropa-consciente-orix\/"},"author":{"name":"","@id":""},"headline":"Moda sostenible: c\u00f3mo consumir ropa de manera m\u00e1s consciente","datePublished":"2024-08-23T21:03:59+00:00","mainEntityOfPage":{"@id":"https:\/\/noticiasya.com\/2024\/08\/23\/moda-sostenible-ropa-consciente-orix\/"},"wordCount":1051,"commentCount":0,"publisher":{"@id":"https:\/\/noticiasya.com\/#organization"},"articleSection":["Noticias Nacionales"],"inLanguage":"es","potentialAction":[{"@type":"CommentAction","name":"Comment","target":["https:\/\/noticiasya.com\/2024\/08\/23\/moda-sostenible-ropa-consciente-orix\/#respond"]}]},{"@type":"WebPage","@id":"https:\/\/noticiasya.com\/2024\/08\/23\/moda-sostenible-ropa-consciente-orix\/","url":"https:\/\/noticiasya.com\/2024\/08\/23\/moda-sostenible-ropa-consciente-orix\/","name":"Moda sostenible: c\u00f3mo consumir ropa de manera m\u00e1s consciente - Noticias","isPartOf":{"@id":"https:\/\/noticiasya.com\/#website"},"datePublished":"2024-08-23T21:03:59+00:00","breadcrumb":{"@id":"https:\/\/noticiasya.com\/2024\/08\/23\/moda-sostenible-ropa-consciente-orix\/#breadcrumb"},"inLanguage":"es","potentialAction":[{"@type":"ReadAction","target":["https:\/\/noticiasya.com\/2024\/08\/23\/moda-sostenible-ropa-consciente-orix\/"]}]},{"@type":"BreadcrumbList","@id":"https:\/\/noticiasya.com\/2024\/08\/23\/moda-sostenible-ropa-consciente-orix\/#breadcrumb","itemListElement":[{"@type":"ListItem","position":1,"name":"Home","item":"https:\/\/noticiasya.com\/"},{"@type":"ListItem","position":2,"name":"Moda sostenible: c\u00f3mo consumir ropa de manera m\u00e1s consciente"}]},{"@type":"WebSite","@id":"https:\/\/noticiasya.com\/#website","url":"https:\/\/noticiasya.com\/","name":"Noticias","description":"Lo que importa","publisher":{"@id":"https:\/\/noticiasya.com\/#organization"},"potentialAction":[{"@type":"SearchAction","target":{"@type":"EntryPoint","urlTemplate":"https:\/\/noticiasya.com\/?s={search_term_string}"},"query-input":{"@type":"PropertyValueSpecification","valueRequired":true,"valueName":"search_term_string"}}],"inLanguage":"es"},{"@type":"Organization","@id":"https:\/\/noticiasya.com\/#organization","name":"Noticias","url":"https:\/\/noticiasya.com\/","logo":{"@type":"ImageObject","inLanguage":"es","@id":"https:\/\/noticiasya.com\/#\/schema\/logo\/image\/","url":"https:\/\/noticiasya.com\/wp-content\/uploads\/sites\/22\/2023\/12\/logo-nacional.png","contentUrl":"https:\/\/noticiasya.com\/wp-content\/uploads\/sites\/22\/2023\/12\/logo-nacional.png","width":1801,"height":691,"caption":"Noticias"},"image":{"@id":"https:\/\/noticiasya.com\/#\/schema\/logo\/image\/"}}]}},"parsely":{"version":"1.1.0","canonical_url":"https:\/\/noticiasya.com\/boston\/2024\/08\/23\/moda-sostenible-ropa-consciente-orix\/","smart_links":{"inbound":0,"outbound":0},"traffic_boost_suggestions_count":0,"meta":{"@context":"https:\/\/schema.org","@type":"NewsArticle","headline":"Moda sostenible: c\u00f3mo consumir ropa de manera m\u00e1s consciente","url":"http:\/\/noticiasya.com\/boston\/2024\/08\/23\/moda-sostenible-ropa-consciente-orix\/","mainEntityOfPage":{"@type":"WebPage","@id":"http:\/\/noticiasya.com\/boston\/2024\/08\/23\/moda-sostenible-ropa-consciente-orix\/"},"thumbnailUrl":"","image":{"@type":"ImageObject","url":""},"articleSection":"Noticias Nacionales","author":[],"creator":[],"publisher":{"@type":"Organization","name":"Noticias","logo":""},"keywords":[],"dateCreated":"2024-08-23T21:03:59Z","datePublished":"2024-08-23T21:03:59Z","dateModified":"2024-08-23T21:03:59Z"},"rendered":"<script type=\"application\/ld+json\" class=\"wp-parsely-metadata\">{\"@context\":\"https:\\\/\\\/schema.org\",\"@type\":\"NewsArticle\",\"headline\":\"Moda sostenible: c\\u00f3mo consumir ropa de manera m\\u00e1s consciente\",\"url\":\"http:\\\/\\\/noticiasya.com\\\/boston\\\/2024\\\/08\\\/23\\\/moda-sostenible-ropa-consciente-orix\\\/\",\"mainEntityOfPage\":{\"@type\":\"WebPage\",\"@id\":\"http:\\\/\\\/noticiasya.com\\\/boston\\\/2024\\\/08\\\/23\\\/moda-sostenible-ropa-consciente-orix\\\/\"},\"thumbnailUrl\":\"\",\"image\":{\"@type\":\"ImageObject\",\"url\":\"\"},\"articleSection\":\"Noticias Nacionales\",\"author\":[],\"creator\":[],\"publisher\":{\"@type\":\"Organization\",\"name\":\"Noticias\",\"logo\":\"\"},\"keywords\":[],\"dateCreated\":\"2024-08-23T21:03:59Z\",\"datePublished\":\"2024-08-23T21:03:59Z\",\"dateModified\":\"2024-08-23T21:03:59Z\"}<\/script>","tracker_url":"https:\/\/cdn.parsely.com\/keys\/noticiasya.com\/p.js"},"jetpack_featured_media_url":"","jetpack-related-posts":[{"id":1460812,"url":"https:\/\/noticiasya.com\/boston\/2025\/04\/03\/significan-aranceles-trump-para-moda-trax\/","url_meta":{"origin":1452108,"position":0},"title":"As\u00ed pueden impactar los aranceles de Trump a la ropa y la industria de la moda","author":"","date":"abril 3, 2025","format":false,"excerpt":"La industria mundial de la moda qued\u00f3 at\u00f3nita el mi\u00e9rcoles despu\u00e9s de que el presidente de Estados Unidos, Donald Trump, anunciara los aranceles m\u00e1s altos y completos en casi un siglo, con los grav\u00e1menes m\u00e1s severos reservados para algunos de los mayores centros de fabricaci\u00f3n de prendas de vestir.En un\u2026","rel":"","context":"In &quot;Noticias Nacionales&quot;","block_context":{"text":"Noticias Nacionales","link":"https:\/\/noticiasya.com\/boston\/categoria\/noticias-nacionales"},"img":{"alt_text":"","src":"","width":0,"height":0},"classes":[]},{"id":1456687,"url":"https:\/\/noticiasya.com\/boston\/2024\/12\/17\/tendencias-moda-2025-orix\/","url_meta":{"origin":1452108,"position":1},"title":"OPINI\u00d3N | Tendencias de la moda en el 2025","author":"","date":"diciembre 17, 2024","format":false,"excerpt":"Nota del editor: Mari Rodr\u00edguez Ichaso ha sido colaboradora de la revista Vanidades durante varias d\u00e9cadas. Es especialista en moda, viajes, gastronom\u00eda, arte, arquitectura y entretenimiento, productora de cine y columnista de estilo de CNN en Espa\u00f1ol. Las opiniones expresadas en esta columna son exclusivamente suyas. Lee m\u00e1s art\u00edculos de\u2026","rel":"","context":"In &quot;Noticias Nacionales&quot;","block_context":{"text":"Noticias Nacionales","link":"https:\/\/noticiasya.com\/boston\/categoria\/noticias-nacionales"},"img":{"alt_text":"","src":"","width":0,"height":0},"classes":[]},{"id":1450520,"url":"https:\/\/noticiasya.com\/boston\/2024\/06\/19\/libertad-moda-es-total-y-maravillosa-opinion-orix\/","url_meta":{"origin":1452108,"position":2},"title":"La libertad de la moda es total y maravillosa","author":"","date":"junio 19, 2024","format":false,"excerpt":"Nota del editor: Mari Rodr\u00edguez Ichaso ha sido colaboradora de la revista Vanidades durante varias d\u00e9cadas. Especialista en moda, viajes, gastronom\u00eda, arte, arquitectura y entretenimiento. Productora de cine. Columnista de estilo de CNN en Espa\u00f1ol. Las opiniones expresadas en esta columna son exclusivamente suyas. Lee m\u00e1s art\u00edculos de opini\u00f3n en\u00a0cnne.com\/opinion(CNN\u2026","rel":"","context":"In &quot;Noticias Nacionales&quot;","block_context":{"text":"Noticias Nacionales","link":"https:\/\/noticiasya.com\/boston\/categoria\/noticias-nacionales"},"img":{"alt_text":"","src":"","width":0,"height":0},"classes":[]},{"id":1457989,"url":"https:\/\/noticiasya.com\/boston\/2025\/01\/29\/diseno-nigeriana-moda-cuatridimensional-trax\/","url_meta":{"origin":1452108,"position":3},"title":"Dise\u00f1adora nigeriana causa sensaci\u00f3n con su moda &#171;cuatridimensional&#187;","author":"","date":"enero 29, 2025","format":false,"excerpt":"Es la hermana del legendario futbolista nigeriano Sunday Oliseh, pero ahora Tessy Oliseh-Amaize se est\u00e1 convirtiendo en una celebridad por derecho propio, haci\u00e9ndose un nombre en el mundo de la moda estadounidense.Como fundadora de la marca de moda Tesslo, y antigua estudiante de ciencias, produce una versi\u00f3n distintivamente moderna de\u2026","rel":"","context":"In &quot;Noticias Nacionales&quot;","block_context":{"text":"Noticias Nacionales","link":"https:\/\/noticiasya.com\/boston\/categoria\/noticias-nacionales"},"img":{"alt_text":"","src":"","width":0,"height":0},"classes":[]},{"id":1458020,"url":"https:\/\/noticiasya.com\/boston\/2025\/01\/29\/opinion-influencia-moda-etnica-orix\/","url_meta":{"origin":1452108,"position":4},"title":"OPINI\u00d3N | \u00bfC\u00f3mo influye la moda \u00e9tnica en nuestra forma de vestir?","author":"","date":"enero 29, 2025","format":false,"excerpt":"Moda \u00e9tnica, moda ex\u00f3tica y diferente\u2026 moda llamativa. Una tendencia que en los revolucionarios a\u00f1os 60 y 70 del siglo XX lanz\u00f3 con enorme \u00e9xito Yves Saint Laurent en sus distintas colecciones. Desde entonces el mundo de la moda cambi\u00f3 y recibi\u00f3 una inyecci\u00f3n de creatividad con los muchos toques\u2026","rel":"","context":"In &quot;Noticias Nacionales&quot;","block_context":{"text":"Noticias Nacionales","link":"https:\/\/noticiasya.com\/boston\/categoria\/noticias-nacionales"},"img":{"alt_text":"","src":"","width":0,"height":0},"classes":[]},{"id":1468439,"url":"https:\/\/noticiasya.com\/boston\/2025\/11\/17\/tematica-met-gala-2026-costume-art-trax\/","url_meta":{"origin":1452108,"position":5},"title":"El Museo Metropolitano de Arte revela la tem\u00e1tica de la Met Gala 2026: &#171;Costume Art&#187;","author":"","date":"noviembre 17, 2025","format":false,"excerpt":"\u00bfCu\u00e1l es el cuadro con el mejor vestuario de todos los tiempos?Es una pregunta que el Museo Metropolitano de Arte (Met) espera responder con su pr\u00f3xima exposici\u00f3n del Costume Institute, que este lunes por la ma\u00f1ana anunci\u00f3 que se titular\u00e1 \u201cCostume Art\u201d (El Arte del Vestuario). La muestra, que se\u2026","rel":"","context":"In &quot;Noticias Nacionales&quot;","block_context":{"text":"Noticias Nacionales","link":"https:\/\/noticiasya.com\/boston\/categoria\/noticias-nacionales"},"img":{"alt_text":"","src":"","width":0,"height":0},"classes":[]}],"jetpack_sharing_enabled":true,"_links":{"self":[{"href":"https:\/\/noticiasya.com\/boston\/wp-json\/wp\/v2\/posts\/1452108","targetHints":{"allow":["GET"]}}],"collection":[{"href":"https:\/\/noticiasya.com\/boston\/wp-json\/wp\/v2\/posts"}],"about":[{"href":"https:\/\/noticiasya.com\/boston\/wp-json\/wp\/v2\/types\/post"}],"replies":[{"embeddable":true,"href":"https:\/\/noticiasya.com\/boston\/wp-json\/wp\/v2\/comments?post=1452108"}],"version-history":[{"count":0,"href":"https:\/\/noticiasya.com\/boston\/wp-json\/wp\/v2\/posts\/1452108\/revisions"}],"wp:attachment":[{"href":"https:\/\/noticiasya.com\/boston\/wp-json\/wp\/v2\/media?parent=1452108"}],"wp:term":[{"taxonomy":"category","embeddable":true,"href":"https:\/\/noticiasya.com\/boston\/wp-json\/wp\/v2\/categories?post=1452108"},{"taxonomy":"post_tag","embeddable":true,"href":"https:\/\/noticiasya.com\/boston\/wp-json\/wp\/v2\/tags?post=1452108"}],"curies":[{"name":"wp","href":"https:\/\/api.w.org\/{rel}","templated":true}]}}