{"id":1452178,"date":"2024-08-26T15:03:48","date_gmt":"2024-08-26T22:03:48","guid":{"rendered":"https:\/\/noticiasya.com\/2024\/08\/26\/autoridades-brasil-alerta-maxima-incendios-sao-paulo-orix\/"},"modified":"2024-08-26T15:03:48","modified_gmt":"2024-08-26T22:03:48","slug":"autoridades-brasil-alerta-maxima-incendios-sao-paulo-orix","status":"publish","type":"post","link":"https:\/\/noticiasya.com\/boston\/2024\/08\/26\/autoridades-brasil-alerta-maxima-incendios-sao-paulo-orix\/","title":{"rendered":"Autoridades de Brasil emiten alerta m\u00e1xima por incendios en Sao Paulo"},"content":{"rendered":"<p>(CNN Espa\u00f1ol) &#8212; Al menos 2.191 incendios se registraron entre el viernes y el s\u00e1bado en el estado de Sao Paulo, donde 46 municipios est\u00e1n en alerta m\u00e1xima, inform\u00f3 el Ministerio de Medio Ambiente y Cambio Clim\u00e1tico en su cuenta de X.<\/p>\n<p>Marina Silva, titular del Ministerio, asegur\u00f3 este domingo que sospechan que los incendios fueron causados por acciones criminales y que la Polic\u00eda Federal ya investiga los hechos.<\/p>\n<p>El Pantanal de Brasil, el humedal m\u00e1s grande del mundo, rompe r\u00e9cord de incendios en lo que va de 2024<\/p>\n<p>Cr\u00e9dito: Reuters<\/p>\n<p>El presidente de Brasil, Luiz In\u00e1cio Lula da Silva, dijo sobre el tema que &#171;no se ha detectado ning\u00fan incendio por causas naturales. Quiere decir que hay personas provocando incendios ilegalmente&#187;.<\/p>\n<p>Piracicaba, Barrinha, Sert\u00e3ozinho y Ribeir\u00e3o Preto son algunos de los lugares m\u00e1s afectados, de acuerdo con informaci\u00f3n del gobernador del estado, Tarc\u00edsio Gomes de Freitas.<\/p>\n<p>The-CNN-Wire<br \/>&trade; &amp; &copy; 2024 Cable News Network, Inc., a Warner Bros. Discovery Company. All rights reserved.<\/p>\n","protected":false},"excerpt":{"rendered":"<p>(CNN Espa\u00f1ol) &#8212; Al menos 2.191 incendios se registraron entre el viernes y el s\u00e1bado en el estado de Sao Paulo, donde 46 municipios est\u00e1n en alerta m\u00e1xima, inform\u00f3 el Ministerio de Medio Ambiente y Cambio Clim\u00e1tico en su cuenta de X. Marina Silva, titular del Ministerio, asegur\u00f3 este domingo que sospechan que los incendios [&hellip;]<\/p>\n","protected":false},"author":0,"featured_media":0,"comment_status":"open","ping_status":"open","sticky":false,"template":"","format":"standard","meta":{"_jetpack_memberships_contains_paid_content":false,"footnotes":""},"categories":[10],"tags":[],"class_list":["post-1452178","post","type-post","status-publish","format-standard","hentry","category-noticias-nacionales","market-global"],"yoast_head":"<!-- This site is optimized with the Yoast SEO plugin v24.4 - https:\/\/yoast.com\/wordpress\/plugins\/seo\/ -->\n<title>Autoridades de Brasil emiten alerta m\u00e1xima por incendios en Sao Paulo - Noticias<\/title>\n<meta name=\"robots\" content=\"index, follow, max-snippet:-1, max-image-preview:large, max-video-preview:-1\" \/>\n<link rel=\"canonical\" href=\"https:\/\/noticiasya.com\/2024\/08\/26\/autoridades-brasil-alerta-maxima-incendios-sao-paulo-orix\/\" \/>\n<meta property=\"og:locale\" content=\"es_ES\" \/>\n<meta property=\"og:type\" content=\"article\" \/>\n<meta property=\"og:title\" content=\"Autoridades de Brasil emiten alerta m\u00e1xima por incendios en Sao Paulo - Noticias\" \/>\n<meta property=\"og:description\" content=\"(CNN Espa\u00f1ol) &#8212; Al menos 2.191 incendios se registraron entre el viernes y el s\u00e1bado en el estado de Sao Paulo, donde 46 municipios est\u00e1n en alerta m\u00e1xima, inform\u00f3 el Ministerio de Medio Ambiente y Cambio Clim\u00e1tico en su cuenta de X. Marina Silva, titular del Ministerio, asegur\u00f3 este domingo que sospechan que los incendios [&hellip;]\" \/>\n<meta property=\"og:url\" content=\"https:\/\/noticiasya.com\/2024\/08\/26\/autoridades-brasil-alerta-maxima-incendios-sao-paulo-orix\/\" \/>\n<meta property=\"og:site_name\" content=\"Noticias\" \/>\n<meta property=\"article:published_time\" content=\"2024-08-26T22:03:48+00:00\" \/>\n<meta name=\"twitter:card\" content=\"summary_large_image\" \/>\n<meta name=\"twitter:label1\" content=\"Est. reading time\" \/>\n\t<meta name=\"twitter:data1\" content=\"1 minuto\" \/>\n<script type=\"application\/ld+json\" class=\"yoast-schema-graph\">{\"@context\":\"https:\/\/schema.org\",\"@graph\":[{\"@type\":\"Article\",\"@id\":\"https:\/\/noticiasya.com\/2024\/08\/26\/autoridades-brasil-alerta-maxima-incendios-sao-paulo-orix\/#article\",\"isPartOf\":{\"@id\":\"https:\/\/noticiasya.com\/2024\/08\/26\/autoridades-brasil-alerta-maxima-incendios-sao-paulo-orix\/\"},\"author\":{\"name\":\"\",\"@id\":\"\"},\"headline\":\"Autoridades de Brasil emiten alerta m\u00e1xima por incendios en Sao Paulo\",\"datePublished\":\"2024-08-26T22:03:48+00:00\",\"mainEntityOfPage\":{\"@id\":\"https:\/\/noticiasya.com\/2024\/08\/26\/autoridades-brasil-alerta-maxima-incendios-sao-paulo-orix\/\"},\"wordCount\":188,\"commentCount\":0,\"publisher\":{\"@id\":\"https:\/\/noticiasya.com\/#organization\"},\"articleSection\":[\"Noticias Nacionales\"],\"inLanguage\":\"es\",\"potentialAction\":[{\"@type\":\"CommentAction\",\"name\":\"Comment\",\"target\":[\"https:\/\/noticiasya.com\/2024\/08\/26\/autoridades-brasil-alerta-maxima-incendios-sao-paulo-orix\/#respond\"]}]},{\"@type\":\"WebPage\",\"@id\":\"https:\/\/noticiasya.com\/2024\/08\/26\/autoridades-brasil-alerta-maxima-incendios-sao-paulo-orix\/\",\"url\":\"https:\/\/noticiasya.com\/2024\/08\/26\/autoridades-brasil-alerta-maxima-incendios-sao-paulo-orix\/\",\"name\":\"Autoridades de Brasil emiten alerta m\u00e1xima por incendios en Sao Paulo - Noticias\",\"isPartOf\":{\"@id\":\"https:\/\/noticiasya.com\/#website\"},\"datePublished\":\"2024-08-26T22:03:48+00:00\",\"breadcrumb\":{\"@id\":\"https:\/\/noticiasya.com\/2024\/08\/26\/autoridades-brasil-alerta-maxima-incendios-sao-paulo-orix\/#breadcrumb\"},\"inLanguage\":\"es\",\"potentialAction\":[{\"@type\":\"ReadAction\",\"target\":[\"https:\/\/noticiasya.com\/2024\/08\/26\/autoridades-brasil-alerta-maxima-incendios-sao-paulo-orix\/\"]}]},{\"@type\":\"BreadcrumbList\",\"@id\":\"https:\/\/noticiasya.com\/2024\/08\/26\/autoridades-brasil-alerta-maxima-incendios-sao-paulo-orix\/#breadcrumb\",\"itemListElement\":[{\"@type\":\"ListItem\",\"position\":1,\"name\":\"Home\",\"item\":\"https:\/\/noticiasya.com\/\"},{\"@type\":\"ListItem\",\"position\":2,\"name\":\"Autoridades de Brasil emiten alerta m\u00e1xima por incendios en Sao Paulo\"}]},{\"@type\":\"WebSite\",\"@id\":\"https:\/\/noticiasya.com\/#website\",\"url\":\"https:\/\/noticiasya.com\/\",\"name\":\"Noticias\",\"description\":\"Lo que importa\",\"publisher\":{\"@id\":\"https:\/\/noticiasya.com\/#organization\"},\"potentialAction\":[{\"@type\":\"SearchAction\",\"target\":{\"@type\":\"EntryPoint\",\"urlTemplate\":\"https:\/\/noticiasya.com\/?s={search_term_string}\"},\"query-input\":{\"@type\":\"PropertyValueSpecification\",\"valueRequired\":true,\"valueName\":\"search_term_string\"}}],\"inLanguage\":\"es\"},{\"@type\":\"Organization\",\"@id\":\"https:\/\/noticiasya.com\/#organization\",\"name\":\"Noticias\",\"url\":\"https:\/\/noticiasya.com\/\",\"logo\":{\"@type\":\"ImageObject\",\"inLanguage\":\"es\",\"@id\":\"https:\/\/noticiasya.com\/#\/schema\/logo\/image\/\",\"url\":\"https:\/\/noticiasya.com\/wp-content\/uploads\/sites\/22\/2023\/12\/logo-nacional.png\",\"contentUrl\":\"https:\/\/noticiasya.com\/wp-content\/uploads\/sites\/22\/2023\/12\/logo-nacional.png\",\"width\":1801,\"height\":691,\"caption\":\"Noticias\"},\"image\":{\"@id\":\"https:\/\/noticiasya.com\/#\/schema\/logo\/image\/\"}}]}<\/script>\n<!-- \/ Yoast SEO plugin. -->","yoast_head_json":{"title":"Autoridades de Brasil emiten alerta m\u00e1xima por incendios en Sao Paulo - Noticias","robots":{"index":"index","follow":"follow","max-snippet":"max-snippet:-1","max-image-preview":"max-image-preview:large","max-video-preview":"max-video-preview:-1"},"canonical":"https:\/\/noticiasya.com\/2024\/08\/26\/autoridades-brasil-alerta-maxima-incendios-sao-paulo-orix\/","og_locale":"es_ES","og_type":"article","og_title":"Autoridades de Brasil emiten alerta m\u00e1xima por incendios en Sao Paulo - Noticias","og_description":"(CNN Espa\u00f1ol) &#8212; Al menos 2.191 incendios se registraron entre el viernes y el s\u00e1bado en el estado de Sao Paulo, donde 46 municipios est\u00e1n en alerta m\u00e1xima, inform\u00f3 el Ministerio de Medio Ambiente y Cambio Clim\u00e1tico en su cuenta de X. Marina Silva, titular del Ministerio, asegur\u00f3 este domingo que sospechan que los incendios [&hellip;]","og_url":"https:\/\/noticiasya.com\/2024\/08\/26\/autoridades-brasil-alerta-maxima-incendios-sao-paulo-orix\/","og_site_name":"Noticias","article_published_time":"2024-08-26T22:03:48+00:00","twitter_card":"summary_large_image","twitter_misc":{"Est. reading time":"1 minuto"},"schema":{"@context":"https:\/\/schema.org","@graph":[{"@type":"Article","@id":"https:\/\/noticiasya.com\/2024\/08\/26\/autoridades-brasil-alerta-maxima-incendios-sao-paulo-orix\/#article","isPartOf":{"@id":"https:\/\/noticiasya.com\/2024\/08\/26\/autoridades-brasil-alerta-maxima-incendios-sao-paulo-orix\/"},"author":{"name":"","@id":""},"headline":"Autoridades de Brasil emiten alerta m\u00e1xima por incendios en Sao Paulo","datePublished":"2024-08-26T22:03:48+00:00","mainEntityOfPage":{"@id":"https:\/\/noticiasya.com\/2024\/08\/26\/autoridades-brasil-alerta-maxima-incendios-sao-paulo-orix\/"},"wordCount":188,"commentCount":0,"publisher":{"@id":"https:\/\/noticiasya.com\/#organization"},"articleSection":["Noticias Nacionales"],"inLanguage":"es","potentialAction":[{"@type":"CommentAction","name":"Comment","target":["https:\/\/noticiasya.com\/2024\/08\/26\/autoridades-brasil-alerta-maxima-incendios-sao-paulo-orix\/#respond"]}]},{"@type":"WebPage","@id":"https:\/\/noticiasya.com\/2024\/08\/26\/autoridades-brasil-alerta-maxima-incendios-sao-paulo-orix\/","url":"https:\/\/noticiasya.com\/2024\/08\/26\/autoridades-brasil-alerta-maxima-incendios-sao-paulo-orix\/","name":"Autoridades de Brasil emiten alerta m\u00e1xima por incendios en Sao Paulo - Noticias","isPartOf":{"@id":"https:\/\/noticiasya.com\/#website"},"datePublished":"2024-08-26T22:03:48+00:00","breadcrumb":{"@id":"https:\/\/noticiasya.com\/2024\/08\/26\/autoridades-brasil-alerta-maxima-incendios-sao-paulo-orix\/#breadcrumb"},"inLanguage":"es","potentialAction":[{"@type":"ReadAction","target":["https:\/\/noticiasya.com\/2024\/08\/26\/autoridades-brasil-alerta-maxima-incendios-sao-paulo-orix\/"]}]},{"@type":"BreadcrumbList","@id":"https:\/\/noticiasya.com\/2024\/08\/26\/autoridades-brasil-alerta-maxima-incendios-sao-paulo-orix\/#breadcrumb","itemListElement":[{"@type":"ListItem","position":1,"name":"Home","item":"https:\/\/noticiasya.com\/"},{"@type":"ListItem","position":2,"name":"Autoridades de Brasil emiten alerta m\u00e1xima por incendios en Sao Paulo"}]},{"@type":"WebSite","@id":"https:\/\/noticiasya.com\/#website","url":"https:\/\/noticiasya.com\/","name":"Noticias","description":"Lo que importa","publisher":{"@id":"https:\/\/noticiasya.com\/#organization"},"potentialAction":[{"@type":"SearchAction","target":{"@type":"EntryPoint","urlTemplate":"https:\/\/noticiasya.com\/?s={search_term_string}"},"query-input":{"@type":"PropertyValueSpecification","valueRequired":true,"valueName":"search_term_string"}}],"inLanguage":"es"},{"@type":"Organization","@id":"https:\/\/noticiasya.com\/#organization","name":"Noticias","url":"https:\/\/noticiasya.com\/","logo":{"@type":"ImageObject","inLanguage":"es","@id":"https:\/\/noticiasya.com\/#\/schema\/logo\/image\/","url":"https:\/\/noticiasya.com\/wp-content\/uploads\/sites\/22\/2023\/12\/logo-nacional.png","contentUrl":"https:\/\/noticiasya.com\/wp-content\/uploads\/sites\/22\/2023\/12\/logo-nacional.png","width":1801,"height":691,"caption":"Noticias"},"image":{"@id":"https:\/\/noticiasya.com\/#\/schema\/logo\/image\/"}}]}},"parsely":{"version":"1.1.0","canonical_url":"https:\/\/noticiasya.com\/boston\/2024\/08\/26\/autoridades-brasil-alerta-maxima-incendios-sao-paulo-orix\/","smart_links":{"inbound":0,"outbound":0},"traffic_boost_suggestions_count":0,"meta":{"@context":"https:\/\/schema.org","@type":"NewsArticle","headline":"Autoridades de Brasil emiten alerta m\u00e1xima por incendios en Sao Paulo","url":"http:\/\/noticiasya.com\/boston\/2024\/08\/26\/autoridades-brasil-alerta-maxima-incendios-sao-paulo-orix\/","mainEntityOfPage":{"@type":"WebPage","@id":"http:\/\/noticiasya.com\/boston\/2024\/08\/26\/autoridades-brasil-alerta-maxima-incendios-sao-paulo-orix\/"},"thumbnailUrl":"","image":{"@type":"ImageObject","url":""},"articleSection":"Noticias Nacionales","author":[],"creator":[],"publisher":{"@type":"Organization","name":"Noticias","logo":""},"keywords":[],"dateCreated":"2024-08-26T22:03:48Z","datePublished":"2024-08-26T22:03:48Z","dateModified":"2024-08-26T22:03:48Z"},"rendered":"<script type=\"application\/ld+json\" class=\"wp-parsely-metadata\">{\"@context\":\"https:\\\/\\\/schema.org\",\"@type\":\"NewsArticle\",\"headline\":\"Autoridades de Brasil emiten alerta m\\u00e1xima por incendios en Sao Paulo\",\"url\":\"http:\\\/\\\/noticiasya.com\\\/boston\\\/2024\\\/08\\\/26\\\/autoridades-brasil-alerta-maxima-incendios-sao-paulo-orix\\\/\",\"mainEntityOfPage\":{\"@type\":\"WebPage\",\"@id\":\"http:\\\/\\\/noticiasya.com\\\/boston\\\/2024\\\/08\\\/26\\\/autoridades-brasil-alerta-maxima-incendios-sao-paulo-orix\\\/\"},\"thumbnailUrl\":\"\",\"image\":{\"@type\":\"ImageObject\",\"url\":\"\"},\"articleSection\":\"Noticias Nacionales\",\"author\":[],\"creator\":[],\"publisher\":{\"@type\":\"Organization\",\"name\":\"Noticias\",\"logo\":\"\"},\"keywords\":[],\"dateCreated\":\"2024-08-26T22:03:48Z\",\"datePublished\":\"2024-08-26T22:03:48Z\",\"dateModified\":\"2024-08-26T22:03:48Z\"}<\/script>","tracker_url":"https:\/\/cdn.parsely.com\/keys\/noticiasya.com\/p.js"},"jetpack_featured_media_url":"","jetpack-related-posts":[{"id":1450350,"url":"https:\/\/noticiasya.com\/boston\/2024\/06\/14\/incendios-humedales-brasil-record-junio-trax\/","url_meta":{"origin":1452178,"position":0},"title":"Incendios en los humedales de Brasil baten r\u00e9cord para el mes de junio","author":"","date":"junio 14, 2024","format":false,"excerpt":"(CNN) -- Los incendios en los humedales del Pantanal de Brasil este mes han batido el r\u00e9cord de junio desde que se comenzaron a llevar registros en el a\u00f1o 1998.El Instituto Nacional de Investigaciones Espaciales (INPE) de Brasil ha detectado 733 incendios en el bioma del Pantanal en lo que\u2026","rel":"","context":"In &quot;Noticias Nacionales&quot;","block_context":{"text":"Noticias Nacionales","link":"https:\/\/noticiasya.com\/boston\/categoria\/noticias-nacionales"},"img":{"alt_text":"","src":"","width":0,"height":0},"classes":[]},{"id":1460428,"url":"https:\/\/noticiasya.com\/boston\/2025\/03\/26\/incendios-forestales-corea-sur-19-muertos-templo-budista-trax\/","url_meta":{"origin":1452178,"position":1},"title":"Incendios forestales sin precedentes en Corea del Sur dejan al menos 19 muertos y destruyen un centenario templo budista","author":"","date":"marzo 26, 2025","format":false,"excerpt":"Corea del Sur dej\u00f3 en tierra los helic\u00f3pteros de extinci\u00f3n de incendios luego de un accidente fatal el mi\u00e9rcoles mientras las autoridades luchan por contener incendios forestales \u201csin precedentes\u201d que han devastado el sureste del pa\u00eds, matando al menos a 19 personas y destruyendo un templo budista centenario.El helic\u00f3ptero se\u2026","rel":"","context":"In &quot;Noticias Nacionales&quot;","block_context":{"text":"Noticias Nacionales","link":"https:\/\/noticiasya.com\/boston\/categoria\/noticias-nacionales"},"img":{"alt_text":"","src":"","width":0,"height":0},"classes":[]},{"id":1460346,"url":"https:\/\/noticiasya.com\/boston\/2025\/03\/24\/chile-alerta-roja-evacuaciones-incendios-forestales-orix\/","url_meta":{"origin":1452178,"position":2},"title":"Autoridades de Chile declaran alerta roja y activan evacuaciones por incendios forestales en el sur del pa\u00eds","author":"","date":"marzo 24, 2025","format":false,"excerpt":"Rige una alerta roja por los incendios forestales en el sur de Chile, inform\u00f3 este lunes el Servicio Nacional de Prevenci\u00f3n y Respuesta ante Desastres.Por su lado, el presidente de Chile, Gabriel Boric dijo que las principales zonas afectadas son las de B\u00edo B\u00edo y La Araucan\u00eda. El mandatario agreg\u00f3\u2026","rel":"","context":"In &quot;Noticias Nacionales&quot;","block_context":{"text":"Noticias Nacionales","link":"https:\/\/noticiasya.com\/boston\/categoria\/noticias-nacionales"},"img":{"alt_text":"","src":"","width":0,"height":0},"classes":[]},{"id":1446116,"url":"https:\/\/noticiasya.com\/boston\/2024\/02\/29\/costa-rica-incendios-alerta-verano-fenomeno-el-nino-orix\/","url_meta":{"origin":1452178,"position":3},"title":"Bomberos de Costa Rica lanza alerta por incremento de incendios forestales en un verano m\u00e1s seco por el fen\u00f3meno de El Ni\u00f1o","author":"","date":"febrero 29, 2024","format":false,"excerpt":"(CNN Espa\u00f1ol) \u2013\u2013\u00a0Bomberos de Costa Rica inform\u00f3 que atendi\u00f3 un incendio en vegetaci\u00f3n cada 15 minutos en promedio entre el 1 de enero y el 28 de febrero, per\u00edodo en el registr\u00f3 27 incendios forestales y 3.507 fuegos en charrales, un aumento frente a los 20 y 2.934 del a\u00f1o\u2026","rel":"","context":"In &quot;Noticias Nacionales&quot;","block_context":{"text":"Noticias Nacionales","link":"https:\/\/noticiasya.com\/boston\/categoria\/noticias-nacionales"},"img":{"alt_text":"","src":"","width":0,"height":0},"classes":[]},{"id":1444834,"url":"https:\/\/noticiasya.com\/boston\/2024\/02\/03\/chile-declara-alerta-roja-en-las-provincias-de-valparaiso-y-marga-marga-por-incendios-forestales-2\/","url_meta":{"origin":1452178,"position":4},"title":"Chile declara alerta roja en las provincias de Valpara\u00edso y Marga Marga por incendios forestales","author":"","date":"febrero 3, 2024","format":false,"excerpt":"(CNN Espa\u00f1ol) -- Las provincias de Valpara\u00edso y Marga Marga fueron declaradas en alerta roja debido a tres incendios forestales que hasta el momento han afectado en total unas 565 hect\u00e1reas, inform\u00f3 este viernes el Servicio Nacional de Prevenci\u00f3n y Respuesta ante Desastres (Senapred).El incendio m\u00e1s extenso hasta ahora es\u2026","rel":"","context":"In &quot;Noticias Nacionales&quot;","block_context":{"text":"Noticias Nacionales","link":"https:\/\/noticiasya.com\/boston\/categoria\/noticias-nacionales"},"img":{"alt_text":"","src":"","width":0,"height":0},"classes":[]},{"id":1444832,"url":"https:\/\/noticiasya.com\/boston\/2024\/02\/03\/chile-declara-alerta-roja-en-las-provincias-de-valparaiso-y-marga-marga-por-incendios-forestales\/","url_meta":{"origin":1452178,"position":5},"title":"Chile declara alerta roja en las provincias de Valpara\u00edso y Marga Marga por incendios forestales","author":"","date":"febrero 3, 2024","format":false,"excerpt":"(CNN Espa\u00f1ol) -- Las provincias de Valpara\u00edso y Marga Marga fueron declaradas en alerta roja debido a tres incendios forestales que hasta el momento han afectado en total unas 565 hect\u00e1reas, inform\u00f3 este viernes el Servicio Nacional de Prevenci\u00f3n y Respuesta ante Desastres (Senapred).El incendio m\u00e1s extenso hasta ahora es\u2026","rel":"","context":"In &quot;Noticias Nacionales&quot;","block_context":{"text":"Noticias Nacionales","link":"https:\/\/noticiasya.com\/boston\/categoria\/noticias-nacionales"},"img":{"alt_text":"","src":"","width":0,"height":0},"classes":[]}],"jetpack_sharing_enabled":true,"_links":{"self":[{"href":"https:\/\/noticiasya.com\/boston\/wp-json\/wp\/v2\/posts\/1452178","targetHints":{"allow":["GET"]}}],"collection":[{"href":"https:\/\/noticiasya.com\/boston\/wp-json\/wp\/v2\/posts"}],"about":[{"href":"https:\/\/noticiasya.com\/boston\/wp-json\/wp\/v2\/types\/post"}],"replies":[{"embeddable":true,"href":"https:\/\/noticiasya.com\/boston\/wp-json\/wp\/v2\/comments?post=1452178"}],"version-history":[{"count":0,"href":"https:\/\/noticiasya.com\/boston\/wp-json\/wp\/v2\/posts\/1452178\/revisions"}],"wp:attachment":[{"href":"https:\/\/noticiasya.com\/boston\/wp-json\/wp\/v2\/media?parent=1452178"}],"wp:term":[{"taxonomy":"category","embeddable":true,"href":"https:\/\/noticiasya.com\/boston\/wp-json\/wp\/v2\/categories?post=1452178"},{"taxonomy":"post_tag","embeddable":true,"href":"https:\/\/noticiasya.com\/boston\/wp-json\/wp\/v2\/tags?post=1452178"}],"curies":[{"name":"wp","href":"https:\/\/api.w.org\/{rel}","templated":true}]}}