{"id":1452180,"date":"2024-08-26T16:03:44","date_gmt":"2024-08-26T23:03:44","guid":{"rendered":"https:\/\/noticiasya.com\/2024\/08\/26\/hijo-reeve-ultima-vez-padre-superman-trax\/"},"modified":"2024-08-26T16:03:44","modified_gmt":"2024-08-26T23:03:44","slug":"hijo-reeve-ultima-vez-padre-superman-trax","status":"publish","type":"post","link":"https:\/\/noticiasya.com\/boston\/2024\/08\/26\/hijo-reeve-ultima-vez-padre-superman-trax\/","title":{"rendered":"El hijo de Christopher Reeve recuerda la \u00faltima vez que vio a su padre de pie en el nuevo tr\u00e1iler de &#171;Super\/Man&#187;"},"content":{"rendered":"<p>(CNN) &#8212; El tr\u00e1iler de un nuevo documental sobre Christopher Reeve, la estrella de \u201cSuperman\u201d, incluye un momento emotivo de su hijo.<\/p>\n<p>\u201cSuper\/Man: The Christopher Reeve Story\u201d explora la carrera y el activismo de Reeve despu\u00e9s de que un accidente en una competencia ecuestre en 1995 lo dejara paralizado. El actor muri\u00f3 en 2004 de insuficiencia card\u00edaca a los 52 a\u00f1os.<\/p>\n<p>En el tr\u00e1iler, su hijo mayor, Matthew, se muestra visiblemente conmovido cuando comparte un recuerdo de su padre.<\/p>\n<p>\u201cNos despedimos y \u00e9l hizo un gesto con la mano\u201d, recuerda Matthew Reeve en el tr\u00e1iler. \u201cEsa fue la \u00faltima vez que lo vi de pie\u201d.<\/p>\n<p>Christopher Reeve era un jinete entusiasta y experimentado. En el evento de Virginia, su caballo se resisti\u00f3 a saltar una barandilla y fue arrojado hacia adelante, lo que le caus\u00f3 una lesi\u00f3n y par\u00e1lisis.<\/p>\n<p>El documental presenta las propias palabras del actor, as\u00ed como entrevistas \u00edntimas con la esposa de Reeve, Dana, quien muri\u00f3 en 2006 de c\u00e1ncer de pulm\u00f3n, y amigos cercanos como Susan Sarandon y Glenn Close.<\/p>\n<p>\u201cSuper\/Man: The Christopher Reeve Story\u201d ser\u00e1 distribuida por Warner Bros. Pictures, que es propiedad de la empresa matriz de CNN.<\/p>\n<p>El documental debut\u00f3 en el Festival de Cine de Sundance en enero y estar\u00e1 en cines selectos el 21 y el 25 de septiembre.<\/p>\n<p>The-CNN-Wire<br \/>&trade; &amp; &copy; 2024 Cable News Network, Inc., a Warner Bros. Discovery Company. All rights reserved.<\/p>\n","protected":false},"excerpt":{"rendered":"<p>(CNN) &#8212; El tr\u00e1iler de un nuevo documental sobre Christopher Reeve, la estrella de \u201cSuperman\u201d, incluye un momento emotivo de su hijo. \u201cSuper\/Man: The Christopher Reeve Story\u201d explora la carrera y el activismo de Reeve despu\u00e9s de que un accidente en una competencia ecuestre en 1995 lo dejara paralizado. El actor muri\u00f3 en 2004 de [&hellip;]<\/p>\n","protected":false},"author":0,"featured_media":0,"comment_status":"open","ping_status":"open","sticky":false,"template":"","format":"standard","meta":{"_jetpack_memberships_contains_paid_content":false,"footnotes":""},"categories":[10],"tags":[],"class_list":["post-1452180","post","type-post","status-publish","format-standard","hentry","category-noticias-nacionales","market-global"],"yoast_head":"<!-- This site is optimized with the Yoast SEO plugin v24.4 - https:\/\/yoast.com\/wordpress\/plugins\/seo\/ -->\n<title>El hijo de Christopher Reeve recuerda la \u00faltima vez que vio a su padre de pie en el nuevo tr\u00e1iler de &quot;Super\/Man&quot; - Noticias<\/title>\n<meta name=\"robots\" content=\"index, follow, max-snippet:-1, max-image-preview:large, max-video-preview:-1\" \/>\n<link rel=\"canonical\" href=\"https:\/\/noticiasya.com\/2024\/08\/26\/hijo-reeve-ultima-vez-padre-superman-trax\/\" \/>\n<meta property=\"og:locale\" content=\"es_ES\" \/>\n<meta property=\"og:type\" content=\"article\" \/>\n<meta property=\"og:title\" content=\"El hijo de Christopher Reeve recuerda la \u00faltima vez que vio a su padre de pie en el nuevo tr\u00e1iler de &quot;Super\/Man&quot; - Noticias\" \/>\n<meta property=\"og:description\" content=\"(CNN) &#8212; El tr\u00e1iler de un nuevo documental sobre Christopher Reeve, la estrella de \u201cSuperman\u201d, incluye un momento emotivo de su hijo. \u201cSuper\/Man: The Christopher Reeve Story\u201d explora la carrera y el activismo de Reeve despu\u00e9s de que un accidente en una competencia ecuestre en 1995 lo dejara paralizado. El actor muri\u00f3 en 2004 de [&hellip;]\" \/>\n<meta property=\"og:url\" content=\"https:\/\/noticiasya.com\/2024\/08\/26\/hijo-reeve-ultima-vez-padre-superman-trax\/\" \/>\n<meta property=\"og:site_name\" content=\"Noticias\" \/>\n<meta property=\"article:published_time\" content=\"2024-08-26T23:03:44+00:00\" \/>\n<meta name=\"twitter:card\" content=\"summary_large_image\" \/>\n<meta name=\"twitter:label1\" content=\"Est. reading time\" \/>\n\t<meta name=\"twitter:data1\" content=\"1 minuto\" \/>\n<script type=\"application\/ld+json\" class=\"yoast-schema-graph\">{\"@context\":\"https:\/\/schema.org\",\"@graph\":[{\"@type\":\"Article\",\"@id\":\"https:\/\/noticiasya.com\/2024\/08\/26\/hijo-reeve-ultima-vez-padre-superman-trax\/#article\",\"isPartOf\":{\"@id\":\"https:\/\/noticiasya.com\/2024\/08\/26\/hijo-reeve-ultima-vez-padre-superman-trax\/\"},\"author\":{\"name\":\"\",\"@id\":\"\"},\"headline\":\"El hijo de Christopher Reeve recuerda la \u00faltima vez que vio a su padre de pie en el nuevo tr\u00e1iler de &#171;Super\/Man&#187;\",\"datePublished\":\"2024-08-26T23:03:44+00:00\",\"mainEntityOfPage\":{\"@id\":\"https:\/\/noticiasya.com\/2024\/08\/26\/hijo-reeve-ultima-vez-padre-superman-trax\/\"},\"wordCount\":264,\"commentCount\":0,\"publisher\":{\"@id\":\"https:\/\/noticiasya.com\/#organization\"},\"articleSection\":[\"Noticias Nacionales\"],\"inLanguage\":\"es\",\"potentialAction\":[{\"@type\":\"CommentAction\",\"name\":\"Comment\",\"target\":[\"https:\/\/noticiasya.com\/2024\/08\/26\/hijo-reeve-ultima-vez-padre-superman-trax\/#respond\"]}]},{\"@type\":\"WebPage\",\"@id\":\"https:\/\/noticiasya.com\/2024\/08\/26\/hijo-reeve-ultima-vez-padre-superman-trax\/\",\"url\":\"https:\/\/noticiasya.com\/2024\/08\/26\/hijo-reeve-ultima-vez-padre-superman-trax\/\",\"name\":\"El hijo de Christopher Reeve recuerda la \u00faltima vez que vio a su padre de pie en el nuevo tr\u00e1iler de \\\"Super\/Man\\\" - Noticias\",\"isPartOf\":{\"@id\":\"https:\/\/noticiasya.com\/#website\"},\"datePublished\":\"2024-08-26T23:03:44+00:00\",\"breadcrumb\":{\"@id\":\"https:\/\/noticiasya.com\/2024\/08\/26\/hijo-reeve-ultima-vez-padre-superman-trax\/#breadcrumb\"},\"inLanguage\":\"es\",\"potentialAction\":[{\"@type\":\"ReadAction\",\"target\":[\"https:\/\/noticiasya.com\/2024\/08\/26\/hijo-reeve-ultima-vez-padre-superman-trax\/\"]}]},{\"@type\":\"BreadcrumbList\",\"@id\":\"https:\/\/noticiasya.com\/2024\/08\/26\/hijo-reeve-ultima-vez-padre-superman-trax\/#breadcrumb\",\"itemListElement\":[{\"@type\":\"ListItem\",\"position\":1,\"name\":\"Home\",\"item\":\"https:\/\/noticiasya.com\/\"},{\"@type\":\"ListItem\",\"position\":2,\"name\":\"El hijo de Christopher Reeve recuerda la \u00faltima vez que vio a su padre de pie en el nuevo tr\u00e1iler de &#171;Super\/Man&#187;\"}]},{\"@type\":\"WebSite\",\"@id\":\"https:\/\/noticiasya.com\/#website\",\"url\":\"https:\/\/noticiasya.com\/\",\"name\":\"Noticias\",\"description\":\"Lo que importa\",\"publisher\":{\"@id\":\"https:\/\/noticiasya.com\/#organization\"},\"potentialAction\":[{\"@type\":\"SearchAction\",\"target\":{\"@type\":\"EntryPoint\",\"urlTemplate\":\"https:\/\/noticiasya.com\/?s={search_term_string}\"},\"query-input\":{\"@type\":\"PropertyValueSpecification\",\"valueRequired\":true,\"valueName\":\"search_term_string\"}}],\"inLanguage\":\"es\"},{\"@type\":\"Organization\",\"@id\":\"https:\/\/noticiasya.com\/#organization\",\"name\":\"Noticias\",\"url\":\"https:\/\/noticiasya.com\/\",\"logo\":{\"@type\":\"ImageObject\",\"inLanguage\":\"es\",\"@id\":\"https:\/\/noticiasya.com\/#\/schema\/logo\/image\/\",\"url\":\"https:\/\/noticiasya.com\/wp-content\/uploads\/sites\/22\/2023\/12\/logo-nacional.png\",\"contentUrl\":\"https:\/\/noticiasya.com\/wp-content\/uploads\/sites\/22\/2023\/12\/logo-nacional.png\",\"width\":1801,\"height\":691,\"caption\":\"Noticias\"},\"image\":{\"@id\":\"https:\/\/noticiasya.com\/#\/schema\/logo\/image\/\"}}]}<\/script>\n<!-- \/ Yoast SEO plugin. -->","yoast_head_json":{"title":"El hijo de Christopher Reeve recuerda la \u00faltima vez que vio a su padre de pie en el nuevo tr\u00e1iler de \"Super\/Man\" - Noticias","robots":{"index":"index","follow":"follow","max-snippet":"max-snippet:-1","max-image-preview":"max-image-preview:large","max-video-preview":"max-video-preview:-1"},"canonical":"https:\/\/noticiasya.com\/2024\/08\/26\/hijo-reeve-ultima-vez-padre-superman-trax\/","og_locale":"es_ES","og_type":"article","og_title":"El hijo de Christopher Reeve recuerda la \u00faltima vez que vio a su padre de pie en el nuevo tr\u00e1iler de \"Super\/Man\" - Noticias","og_description":"(CNN) &#8212; El tr\u00e1iler de un nuevo documental sobre Christopher Reeve, la estrella de \u201cSuperman\u201d, incluye un momento emotivo de su hijo. \u201cSuper\/Man: The Christopher Reeve Story\u201d explora la carrera y el activismo de Reeve despu\u00e9s de que un accidente en una competencia ecuestre en 1995 lo dejara paralizado. El actor muri\u00f3 en 2004 de [&hellip;]","og_url":"https:\/\/noticiasya.com\/2024\/08\/26\/hijo-reeve-ultima-vez-padre-superman-trax\/","og_site_name":"Noticias","article_published_time":"2024-08-26T23:03:44+00:00","twitter_card":"summary_large_image","twitter_misc":{"Est. reading time":"1 minuto"},"schema":{"@context":"https:\/\/schema.org","@graph":[{"@type":"Article","@id":"https:\/\/noticiasya.com\/2024\/08\/26\/hijo-reeve-ultima-vez-padre-superman-trax\/#article","isPartOf":{"@id":"https:\/\/noticiasya.com\/2024\/08\/26\/hijo-reeve-ultima-vez-padre-superman-trax\/"},"author":{"name":"","@id":""},"headline":"El hijo de Christopher Reeve recuerda la \u00faltima vez que vio a su padre de pie en el nuevo tr\u00e1iler de &#171;Super\/Man&#187;","datePublished":"2024-08-26T23:03:44+00:00","mainEntityOfPage":{"@id":"https:\/\/noticiasya.com\/2024\/08\/26\/hijo-reeve-ultima-vez-padre-superman-trax\/"},"wordCount":264,"commentCount":0,"publisher":{"@id":"https:\/\/noticiasya.com\/#organization"},"articleSection":["Noticias Nacionales"],"inLanguage":"es","potentialAction":[{"@type":"CommentAction","name":"Comment","target":["https:\/\/noticiasya.com\/2024\/08\/26\/hijo-reeve-ultima-vez-padre-superman-trax\/#respond"]}]},{"@type":"WebPage","@id":"https:\/\/noticiasya.com\/2024\/08\/26\/hijo-reeve-ultima-vez-padre-superman-trax\/","url":"https:\/\/noticiasya.com\/2024\/08\/26\/hijo-reeve-ultima-vez-padre-superman-trax\/","name":"El hijo de Christopher Reeve recuerda la \u00faltima vez que vio a su padre de pie en el nuevo tr\u00e1iler de \"Super\/Man\" - Noticias","isPartOf":{"@id":"https:\/\/noticiasya.com\/#website"},"datePublished":"2024-08-26T23:03:44+00:00","breadcrumb":{"@id":"https:\/\/noticiasya.com\/2024\/08\/26\/hijo-reeve-ultima-vez-padre-superman-trax\/#breadcrumb"},"inLanguage":"es","potentialAction":[{"@type":"ReadAction","target":["https:\/\/noticiasya.com\/2024\/08\/26\/hijo-reeve-ultima-vez-padre-superman-trax\/"]}]},{"@type":"BreadcrumbList","@id":"https:\/\/noticiasya.com\/2024\/08\/26\/hijo-reeve-ultima-vez-padre-superman-trax\/#breadcrumb","itemListElement":[{"@type":"ListItem","position":1,"name":"Home","item":"https:\/\/noticiasya.com\/"},{"@type":"ListItem","position":2,"name":"El hijo de Christopher Reeve recuerda la \u00faltima vez que vio a su padre de pie en el nuevo tr\u00e1iler de &#171;Super\/Man&#187;"}]},{"@type":"WebSite","@id":"https:\/\/noticiasya.com\/#website","url":"https:\/\/noticiasya.com\/","name":"Noticias","description":"Lo que importa","publisher":{"@id":"https:\/\/noticiasya.com\/#organization"},"potentialAction":[{"@type":"SearchAction","target":{"@type":"EntryPoint","urlTemplate":"https:\/\/noticiasya.com\/?s={search_term_string}"},"query-input":{"@type":"PropertyValueSpecification","valueRequired":true,"valueName":"search_term_string"}}],"inLanguage":"es"},{"@type":"Organization","@id":"https:\/\/noticiasya.com\/#organization","name":"Noticias","url":"https:\/\/noticiasya.com\/","logo":{"@type":"ImageObject","inLanguage":"es","@id":"https:\/\/noticiasya.com\/#\/schema\/logo\/image\/","url":"https:\/\/noticiasya.com\/wp-content\/uploads\/sites\/22\/2023\/12\/logo-nacional.png","contentUrl":"https:\/\/noticiasya.com\/wp-content\/uploads\/sites\/22\/2023\/12\/logo-nacional.png","width":1801,"height":691,"caption":"Noticias"},"image":{"@id":"https:\/\/noticiasya.com\/#\/schema\/logo\/image\/"}}]}},"parsely":{"version":"1.1.0","canonical_url":"https:\/\/noticiasya.com\/boston\/2024\/08\/26\/hijo-reeve-ultima-vez-padre-superman-trax\/","smart_links":{"inbound":0,"outbound":0},"traffic_boost_suggestions_count":0,"meta":{"@context":"https:\/\/schema.org","@type":"NewsArticle","headline":"El hijo de Christopher Reeve recuerda la \u00faltima vez que vio a su padre de pie en el nuevo tr\u00e1iler de &#171;Super\/Man&#187;","url":"http:\/\/noticiasya.com\/boston\/2024\/08\/26\/hijo-reeve-ultima-vez-padre-superman-trax\/","mainEntityOfPage":{"@type":"WebPage","@id":"http:\/\/noticiasya.com\/boston\/2024\/08\/26\/hijo-reeve-ultima-vez-padre-superman-trax\/"},"thumbnailUrl":"","image":{"@type":"ImageObject","url":""},"articleSection":"Noticias Nacionales","author":[],"creator":[],"publisher":{"@type":"Organization","name":"Noticias","logo":""},"keywords":[],"dateCreated":"2024-08-26T23:03:44Z","datePublished":"2024-08-26T23:03:44Z","dateModified":"2024-08-26T23:03:44Z"},"rendered":"<script type=\"application\/ld+json\" class=\"wp-parsely-metadata\">{\"@context\":\"https:\\\/\\\/schema.org\",\"@type\":\"NewsArticle\",\"headline\":\"El hijo de Christopher Reeve recuerda la \\u00faltima vez que vio a su padre de pie en el nuevo tr\\u00e1iler de &#171;Super\\\/Man&#187;\",\"url\":\"http:\\\/\\\/noticiasya.com\\\/boston\\\/2024\\\/08\\\/26\\\/hijo-reeve-ultima-vez-padre-superman-trax\\\/\",\"mainEntityOfPage\":{\"@type\":\"WebPage\",\"@id\":\"http:\\\/\\\/noticiasya.com\\\/boston\\\/2024\\\/08\\\/26\\\/hijo-reeve-ultima-vez-padre-superman-trax\\\/\"},\"thumbnailUrl\":\"\",\"image\":{\"@type\":\"ImageObject\",\"url\":\"\"},\"articleSection\":\"Noticias Nacionales\",\"author\":[],\"creator\":[],\"publisher\":{\"@type\":\"Organization\",\"name\":\"Noticias\",\"logo\":\"\"},\"keywords\":[],\"dateCreated\":\"2024-08-26T23:03:44Z\",\"datePublished\":\"2024-08-26T23:03:44Z\",\"dateModified\":\"2024-08-26T23:03:44Z\"}<\/script>","tracker_url":"https:\/\/cdn.parsely.com\/keys\/noticiasya.com\/p.js"},"jetpack_featured_media_url":"","jetpack-related-posts":[{"id":1458686,"url":"https:\/\/noticiasya.com\/boston\/2025\/02\/13\/padre-ballena-traga-hijo-escupe-orix\/","url_meta":{"origin":1452180,"position":0},"title":"Padre graba el momento que ballena traga a su hijo y luego lo escupe","author":"","date":"febrero 13, 2025","format":false,"excerpt":"Un padre grab\u00f3 el momento en que su hijo fue tragado por una ballena jorobada, que segundos despu\u00e9s lo expuls\u00f3. El episodio ocurri\u00f3 en el sector sur de Punta Arenas, en Chile, en las g\u00e9lidas aguas del estrecho de Magallanes el pasado s\u00e1bado 8 de febrero cerca de las 3:00\u2026","rel":"","context":"In &quot;Noticias Nacionales&quot;","block_context":{"text":"Noticias Nacionales","link":"https:\/\/noticiasya.com\/boston\/categoria\/noticias-nacionales"},"img":{"alt_text":"","src":"","width":0,"height":0},"classes":[]},{"id":1455839,"url":"https:\/\/noticiasya.com\/boston\/2024\/11\/14\/gladiator-2-historia-trailer-elenco-lo-que-tienes-que-saber-orix\/","url_meta":{"origin":1452180,"position":1},"title":"As\u00ed ser\u00e1 &#171;Gladiator 2&#187;: historia, tr\u00e1iler, elenco actoral y lo que debes saber","author":"","date":"noviembre 14, 2024","format":false,"excerpt":"(CNN Espa\u00f1ol) -- Este fin de semana se estrena la pel\u00edcula \"Gladiator 2\", la secuela dirigida por Ridley Scott y protagonizada por Paul Mescal.Adem\u00e1s de Mescal, tambi\u00e9n act\u00faan Joseph Quinn, Connie Nielsen, Pedro Pascal y Denzel Washington, seg\u00fan IMDB.Veinticuatro a\u00f1os despu\u00e9s de la original, protagonizada por Ruseell Crowe y\u00a0 tambi\u00e9n\u2026","rel":"","context":"In &quot;Noticias Nacionales&quot;","block_context":{"text":"Noticias Nacionales","link":"https:\/\/noticiasya.com\/boston\/categoria\/noticias-nacionales"},"img":{"alt_text":"","src":"","width":0,"height":0},"classes":[]},{"id":1408171,"url":"https:\/\/noticiasya.com\/boston\/2022\/06\/23\/padre-pide-ayuda-para-encontrar-el-cuerpo-de-su-hijo-ahogado-en-mission-beach\/","url_meta":{"origin":1452180,"position":2},"title":"Padre pide ayuda para encontrar el cuerpo de su hijo ahogado en Mission Beach","author":"agomez","date":"junio 23, 2022","format":false,"excerpt":"La familia del joven sigue esperando que el mar les regrese su cuerpo para poder tener un cierre a esta tragedia.","rel":"","context":"In &quot;Comunidad&quot;","block_context":{"text":"Comunidad","link":"https:\/\/noticiasya.com\/boston\/categoria\/comunidad"},"img":{"alt_text":"","src":"","width":0,"height":0},"classes":[]},{"id":1449575,"url":"https:\/\/noticiasya.com\/boston\/2024\/05\/18\/estudiante-aceptado-122-universidades-becas-eligio-musica-trax\/","url_meta":{"origin":1452180,"position":3},"title":"Fue admitido en 122 universidades con US$ 5,3 millones en becas. Eligi\u00f3 seg\u00fan su amor por la m\u00fasica","author":"agomez","date":"mayo 18, 2024","format":false,"excerpt":"(CNN) -- Helms Ategeka quiere ser una estrella pop. Pero cuando le dijo a su padre que planeaba estudiar m\u00fasica cuando se graduase el mes que viene en el instituto, a su padre no le hizo mucha gracia.As\u00ed que el oto\u00f1o pasado, el adolescente de Oakland (California) adopt\u00f3 un enfoque\u2026","rel":"","context":"In &quot;Noticias Nacionales&quot;","block_context":{"text":"Noticias Nacionales","link":"https:\/\/noticiasya.com\/boston\/categoria\/noticias-nacionales"},"img":{"alt_text":"","src":"","width":0,"height":0},"classes":[]},{"id":1466099,"url":"https:\/\/noticiasya.com\/boston\/2025\/09\/02\/padre-piloto-aeropuerto-avion-casa-trax\/","url_meta":{"origin":1452180,"position":4},"title":"Ella pens\u00f3 que su padre piloto la recoger\u00eda en auto desde el aeropuerto, pero \u00e9l la sorprendi\u00f3 volando el avi\u00f3n hasta casa","author":"","date":"septiembre 2, 2025","format":false,"excerpt":"Cuando Addison Stock le pidi\u00f3 a su padre piloto que la llevara a casa desde el aeropuerto, sab\u00eda que \u00e9l cumplir\u00eda.\u201cCuando aparece, pienso: \u2018Bueno, estoy bien\u2019\u201d, cuenta Stock a CNN Travel. \u201cAs\u00ed ha sido toda mi vida, siempre ha sido del tipo que aparece\u201d.Sin embargo, ella no pod\u00eda imaginar hasta\u2026","rel":"","context":"In &quot;Noticias Nacionales&quot;","block_context":{"text":"Noticias Nacionales","link":"https:\/\/noticiasya.com\/boston\/categoria\/noticias-nacionales"},"img":{"alt_text":"","src":"","width":0,"height":0},"classes":[]},{"id":1457546,"url":"https:\/\/noticiasya.com\/boston\/2025\/01\/15\/nominaciones-premios-bafta-lista-nominados-trax\/","url_meta":{"origin":1452180,"position":5},"title":"Nominaciones de los premios BAFTA 2025: lista completa por categor\u00edas","author":"","date":"enero 15, 2025","format":false,"excerpt":"\u201cConclave\u201d, pel\u00edcula que dramatiza el proceso de elecci\u00f3n de un papa, encabeza la lista de los nominados en los premios BAFTA 2025.\u201cConclave\u201d obtuvo 12 nominaciones, superando al musical sobre un capo de la droga que recibe atenci\u00f3n m\u00e9dica que afirma su g\u00e9nero, \u201cEmilia P\u00e9rez\u201d, que tuvo 11.El drama de \u00e9poca\u2026","rel":"","context":"In &quot;Noticias Nacionales&quot;","block_context":{"text":"Noticias Nacionales","link":"https:\/\/noticiasya.com\/boston\/categoria\/noticias-nacionales"},"img":{"alt_text":"","src":"","width":0,"height":0},"classes":[]}],"jetpack_sharing_enabled":true,"_links":{"self":[{"href":"https:\/\/noticiasya.com\/boston\/wp-json\/wp\/v2\/posts\/1452180","targetHints":{"allow":["GET"]}}],"collection":[{"href":"https:\/\/noticiasya.com\/boston\/wp-json\/wp\/v2\/posts"}],"about":[{"href":"https:\/\/noticiasya.com\/boston\/wp-json\/wp\/v2\/types\/post"}],"replies":[{"embeddable":true,"href":"https:\/\/noticiasya.com\/boston\/wp-json\/wp\/v2\/comments?post=1452180"}],"version-history":[{"count":0,"href":"https:\/\/noticiasya.com\/boston\/wp-json\/wp\/v2\/posts\/1452180\/revisions"}],"wp:attachment":[{"href":"https:\/\/noticiasya.com\/boston\/wp-json\/wp\/v2\/media?parent=1452180"}],"wp:term":[{"taxonomy":"category","embeddable":true,"href":"https:\/\/noticiasya.com\/boston\/wp-json\/wp\/v2\/categories?post=1452180"},{"taxonomy":"post_tag","embeddable":true,"href":"https:\/\/noticiasya.com\/boston\/wp-json\/wp\/v2\/tags?post=1452180"}],"curies":[{"name":"wp","href":"https:\/\/api.w.org\/{rel}","templated":true}]}}