{"id":1452421,"date":"2024-09-04T06:03:38","date_gmt":"2024-09-04T13:03:38","guid":{"rendered":"https:\/\/noticiasya.com\/2024\/09\/04\/mexico-acepta-tramite-previo-comercializacion-vacuna-viruela-del-mono-orix\/"},"modified":"2024-09-04T06:03:38","modified_gmt":"2024-09-04T13:03:38","slug":"mexico-acepta-tramite-previo-comercializacion-vacuna-viruela-del-mono-orix","status":"publish","type":"post","link":"https:\/\/noticiasya.com\/boston\/2024\/09\/04\/mexico-acepta-tramite-previo-comercializacion-vacuna-viruela-del-mono-orix\/","title":{"rendered":"M\u00e9xico acepta tr\u00e1mite previo a la comercializaci\u00f3n de la vacuna contra la viruela del mono"},"content":{"rendered":"<p>(CNN Espa\u00f1ol) &#8212; El Gobierno de M\u00e9xico anunci\u00f3 el martes que acept\u00f3 el tr\u00e1mite de registro sanitario para la comercializaci\u00f3n de la vacuna contra la viruela del mono presentado por la empresa Bavarian Nordic, que tendr\u00e1 resultados a finales de septiembre.<\/p>\n<p>La Comisi\u00f3n Federal para la Protecci\u00f3n de Riesgos Sanitarios (Cofepris) de M\u00e9xico inform\u00f3 a trav\u00e9s de un comunicado que ha mantenido comunicaci\u00f3n con la farmac\u00e9utica de Dinamarca, lo que result\u00f3 en la entrega del dossier actualizado de la vacuna.<\/p>\n<p>&#171;Se realizar\u00e1 la evaluaci\u00f3n de seguridad, calidad y eficacia de manera inmediata y \u00e1gil, por lo que se espera una resoluci\u00f3n en los pr\u00f3ximos 10 d\u00edas&#187;, agreg\u00f3 Cofepris.<\/p>\n<p>\u00bfQu\u00e9 es la viruela del mono o mpox y por qu\u00e9 es preocupante el brote actual?<\/p>\n<p>La Organizaci\u00f3n Mundial de la Salud (OMS) declar\u00f3 el 14 de agosto que el brote de viruela del mono en \u00c1frica constituye una emergencia sanitaria mundial. La OMS convoc\u00f3 a su comit\u00e9 de emergencia de viruela mitocondrial ante la preocupaci\u00f3n de que una cepa m\u00e1s mortal del virus haya llegado a cuatro provincias africanas no afectadas por el momento. Esta cepa se hab\u00eda contenido anteriormente en la Rep\u00fablica Democr\u00e1tica del Congo.<\/p>\n<p>En M\u00e9xico se han registrado 61 casos de viruela del mono en lo que va de este a\u00f1o, 58 en hombres y 3 en mujeres, seg\u00fan el bolet\u00edn epidemiol\u00f3gico de la Secretaria de Salud de M\u00e9xico.<\/p>\n<p>The-CNN-Wire<br \/>&trade; &amp; &copy; 2024 Cable News Network, Inc., a Warner Bros. Discovery Company. All rights reserved.<\/p>\n","protected":false},"excerpt":{"rendered":"<p>(CNN Espa\u00f1ol) &#8212; El Gobierno de M\u00e9xico anunci\u00f3 el martes que acept\u00f3 el tr\u00e1mite de registro sanitario para la comercializaci\u00f3n de la vacuna contra la viruela del mono presentado por la empresa Bavarian Nordic, que tendr\u00e1 resultados a finales de septiembre. La Comisi\u00f3n Federal para la Protecci\u00f3n de Riesgos Sanitarios (Cofepris) de M\u00e9xico inform\u00f3 a [&hellip;]<\/p>\n","protected":false},"author":0,"featured_media":0,"comment_status":"open","ping_status":"open","sticky":false,"template":"","format":"standard","meta":{"_jetpack_memberships_contains_paid_content":false,"footnotes":""},"categories":[10],"tags":[],"class_list":["post-1452421","post","type-post","status-publish","format-standard","hentry","category-noticias-nacionales","market-global"],"yoast_head":"<!-- This site is optimized with the Yoast SEO plugin v24.4 - https:\/\/yoast.com\/wordpress\/plugins\/seo\/ -->\n<title>M\u00e9xico acepta tr\u00e1mite previo a la comercializaci\u00f3n de la vacuna contra la viruela del mono - Noticias<\/title>\n<meta name=\"robots\" content=\"index, follow, max-snippet:-1, max-image-preview:large, max-video-preview:-1\" \/>\n<link rel=\"canonical\" href=\"https:\/\/noticiasya.com\/2024\/09\/04\/mexico-acepta-tramite-previo-comercializacion-vacuna-viruela-del-mono-orix\/\" \/>\n<meta property=\"og:locale\" content=\"es_ES\" \/>\n<meta property=\"og:type\" content=\"article\" \/>\n<meta property=\"og:title\" content=\"M\u00e9xico acepta tr\u00e1mite previo a la comercializaci\u00f3n de la vacuna contra la viruela del mono - Noticias\" \/>\n<meta property=\"og:description\" content=\"(CNN Espa\u00f1ol) &#8212; El Gobierno de M\u00e9xico anunci\u00f3 el martes que acept\u00f3 el tr\u00e1mite de registro sanitario para la comercializaci\u00f3n de la vacuna contra la viruela del mono presentado por la empresa Bavarian Nordic, que tendr\u00e1 resultados a finales de septiembre. La Comisi\u00f3n Federal para la Protecci\u00f3n de Riesgos Sanitarios (Cofepris) de M\u00e9xico inform\u00f3 a [&hellip;]\" \/>\n<meta property=\"og:url\" content=\"https:\/\/noticiasya.com\/2024\/09\/04\/mexico-acepta-tramite-previo-comercializacion-vacuna-viruela-del-mono-orix\/\" \/>\n<meta property=\"og:site_name\" content=\"Noticias\" \/>\n<meta property=\"article:published_time\" content=\"2024-09-04T13:03:38+00:00\" \/>\n<meta name=\"twitter:card\" content=\"summary_large_image\" \/>\n<meta name=\"twitter:label1\" content=\"Est. reading time\" \/>\n\t<meta name=\"twitter:data1\" content=\"1 minuto\" \/>\n<script type=\"application\/ld+json\" class=\"yoast-schema-graph\">{\"@context\":\"https:\/\/schema.org\",\"@graph\":[{\"@type\":\"Article\",\"@id\":\"https:\/\/noticiasya.com\/2024\/09\/04\/mexico-acepta-tramite-previo-comercializacion-vacuna-viruela-del-mono-orix\/#article\",\"isPartOf\":{\"@id\":\"https:\/\/noticiasya.com\/2024\/09\/04\/mexico-acepta-tramite-previo-comercializacion-vacuna-viruela-del-mono-orix\/\"},\"author\":{\"name\":\"\",\"@id\":\"\"},\"headline\":\"M\u00e9xico acepta tr\u00e1mite previo a la comercializaci\u00f3n de la vacuna contra la viruela del mono\",\"datePublished\":\"2024-09-04T13:03:38+00:00\",\"mainEntityOfPage\":{\"@id\":\"https:\/\/noticiasya.com\/2024\/09\/04\/mexico-acepta-tramite-previo-comercializacion-vacuna-viruela-del-mono-orix\/\"},\"wordCount\":286,\"commentCount\":0,\"publisher\":{\"@id\":\"https:\/\/noticiasya.com\/#organization\"},\"articleSection\":[\"Noticias Nacionales\"],\"inLanguage\":\"es\",\"potentialAction\":[{\"@type\":\"CommentAction\",\"name\":\"Comment\",\"target\":[\"https:\/\/noticiasya.com\/2024\/09\/04\/mexico-acepta-tramite-previo-comercializacion-vacuna-viruela-del-mono-orix\/#respond\"]}]},{\"@type\":\"WebPage\",\"@id\":\"https:\/\/noticiasya.com\/2024\/09\/04\/mexico-acepta-tramite-previo-comercializacion-vacuna-viruela-del-mono-orix\/\",\"url\":\"https:\/\/noticiasya.com\/2024\/09\/04\/mexico-acepta-tramite-previo-comercializacion-vacuna-viruela-del-mono-orix\/\",\"name\":\"M\u00e9xico acepta tr\u00e1mite previo a la comercializaci\u00f3n de la vacuna contra la viruela del mono - Noticias\",\"isPartOf\":{\"@id\":\"https:\/\/noticiasya.com\/#website\"},\"datePublished\":\"2024-09-04T13:03:38+00:00\",\"breadcrumb\":{\"@id\":\"https:\/\/noticiasya.com\/2024\/09\/04\/mexico-acepta-tramite-previo-comercializacion-vacuna-viruela-del-mono-orix\/#breadcrumb\"},\"inLanguage\":\"es\",\"potentialAction\":[{\"@type\":\"ReadAction\",\"target\":[\"https:\/\/noticiasya.com\/2024\/09\/04\/mexico-acepta-tramite-previo-comercializacion-vacuna-viruela-del-mono-orix\/\"]}]},{\"@type\":\"BreadcrumbList\",\"@id\":\"https:\/\/noticiasya.com\/2024\/09\/04\/mexico-acepta-tramite-previo-comercializacion-vacuna-viruela-del-mono-orix\/#breadcrumb\",\"itemListElement\":[{\"@type\":\"ListItem\",\"position\":1,\"name\":\"Home\",\"item\":\"https:\/\/noticiasya.com\/\"},{\"@type\":\"ListItem\",\"position\":2,\"name\":\"M\u00e9xico acepta tr\u00e1mite previo a la comercializaci\u00f3n de la vacuna contra la viruela del mono\"}]},{\"@type\":\"WebSite\",\"@id\":\"https:\/\/noticiasya.com\/#website\",\"url\":\"https:\/\/noticiasya.com\/\",\"name\":\"Noticias\",\"description\":\"Lo que importa\",\"publisher\":{\"@id\":\"https:\/\/noticiasya.com\/#organization\"},\"potentialAction\":[{\"@type\":\"SearchAction\",\"target\":{\"@type\":\"EntryPoint\",\"urlTemplate\":\"https:\/\/noticiasya.com\/?s={search_term_string}\"},\"query-input\":{\"@type\":\"PropertyValueSpecification\",\"valueRequired\":true,\"valueName\":\"search_term_string\"}}],\"inLanguage\":\"es\"},{\"@type\":\"Organization\",\"@id\":\"https:\/\/noticiasya.com\/#organization\",\"name\":\"Noticias\",\"url\":\"https:\/\/noticiasya.com\/\",\"logo\":{\"@type\":\"ImageObject\",\"inLanguage\":\"es\",\"@id\":\"https:\/\/noticiasya.com\/#\/schema\/logo\/image\/\",\"url\":\"https:\/\/noticiasya.com\/wp-content\/uploads\/sites\/22\/2023\/12\/logo-nacional.png\",\"contentUrl\":\"https:\/\/noticiasya.com\/wp-content\/uploads\/sites\/22\/2023\/12\/logo-nacional.png\",\"width\":1801,\"height\":691,\"caption\":\"Noticias\"},\"image\":{\"@id\":\"https:\/\/noticiasya.com\/#\/schema\/logo\/image\/\"}}]}<\/script>\n<!-- \/ Yoast SEO plugin. -->","yoast_head_json":{"title":"M\u00e9xico acepta tr\u00e1mite previo a la comercializaci\u00f3n de la vacuna contra la viruela del mono - Noticias","robots":{"index":"index","follow":"follow","max-snippet":"max-snippet:-1","max-image-preview":"max-image-preview:large","max-video-preview":"max-video-preview:-1"},"canonical":"https:\/\/noticiasya.com\/2024\/09\/04\/mexico-acepta-tramite-previo-comercializacion-vacuna-viruela-del-mono-orix\/","og_locale":"es_ES","og_type":"article","og_title":"M\u00e9xico acepta tr\u00e1mite previo a la comercializaci\u00f3n de la vacuna contra la viruela del mono - Noticias","og_description":"(CNN Espa\u00f1ol) &#8212; El Gobierno de M\u00e9xico anunci\u00f3 el martes que acept\u00f3 el tr\u00e1mite de registro sanitario para la comercializaci\u00f3n de la vacuna contra la viruela del mono presentado por la empresa Bavarian Nordic, que tendr\u00e1 resultados a finales de septiembre. La Comisi\u00f3n Federal para la Protecci\u00f3n de Riesgos Sanitarios (Cofepris) de M\u00e9xico inform\u00f3 a [&hellip;]","og_url":"https:\/\/noticiasya.com\/2024\/09\/04\/mexico-acepta-tramite-previo-comercializacion-vacuna-viruela-del-mono-orix\/","og_site_name":"Noticias","article_published_time":"2024-09-04T13:03:38+00:00","twitter_card":"summary_large_image","twitter_misc":{"Est. reading time":"1 minuto"},"schema":{"@context":"https:\/\/schema.org","@graph":[{"@type":"Article","@id":"https:\/\/noticiasya.com\/2024\/09\/04\/mexico-acepta-tramite-previo-comercializacion-vacuna-viruela-del-mono-orix\/#article","isPartOf":{"@id":"https:\/\/noticiasya.com\/2024\/09\/04\/mexico-acepta-tramite-previo-comercializacion-vacuna-viruela-del-mono-orix\/"},"author":{"name":"","@id":""},"headline":"M\u00e9xico acepta tr\u00e1mite previo a la comercializaci\u00f3n de la vacuna contra la viruela del mono","datePublished":"2024-09-04T13:03:38+00:00","mainEntityOfPage":{"@id":"https:\/\/noticiasya.com\/2024\/09\/04\/mexico-acepta-tramite-previo-comercializacion-vacuna-viruela-del-mono-orix\/"},"wordCount":286,"commentCount":0,"publisher":{"@id":"https:\/\/noticiasya.com\/#organization"},"articleSection":["Noticias Nacionales"],"inLanguage":"es","potentialAction":[{"@type":"CommentAction","name":"Comment","target":["https:\/\/noticiasya.com\/2024\/09\/04\/mexico-acepta-tramite-previo-comercializacion-vacuna-viruela-del-mono-orix\/#respond"]}]},{"@type":"WebPage","@id":"https:\/\/noticiasya.com\/2024\/09\/04\/mexico-acepta-tramite-previo-comercializacion-vacuna-viruela-del-mono-orix\/","url":"https:\/\/noticiasya.com\/2024\/09\/04\/mexico-acepta-tramite-previo-comercializacion-vacuna-viruela-del-mono-orix\/","name":"M\u00e9xico acepta tr\u00e1mite previo a la comercializaci\u00f3n de la vacuna contra la viruela del mono - Noticias","isPartOf":{"@id":"https:\/\/noticiasya.com\/#website"},"datePublished":"2024-09-04T13:03:38+00:00","breadcrumb":{"@id":"https:\/\/noticiasya.com\/2024\/09\/04\/mexico-acepta-tramite-previo-comercializacion-vacuna-viruela-del-mono-orix\/#breadcrumb"},"inLanguage":"es","potentialAction":[{"@type":"ReadAction","target":["https:\/\/noticiasya.com\/2024\/09\/04\/mexico-acepta-tramite-previo-comercializacion-vacuna-viruela-del-mono-orix\/"]}]},{"@type":"BreadcrumbList","@id":"https:\/\/noticiasya.com\/2024\/09\/04\/mexico-acepta-tramite-previo-comercializacion-vacuna-viruela-del-mono-orix\/#breadcrumb","itemListElement":[{"@type":"ListItem","position":1,"name":"Home","item":"https:\/\/noticiasya.com\/"},{"@type":"ListItem","position":2,"name":"M\u00e9xico acepta tr\u00e1mite previo a la comercializaci\u00f3n de la vacuna contra la viruela del mono"}]},{"@type":"WebSite","@id":"https:\/\/noticiasya.com\/#website","url":"https:\/\/noticiasya.com\/","name":"Noticias","description":"Lo que importa","publisher":{"@id":"https:\/\/noticiasya.com\/#organization"},"potentialAction":[{"@type":"SearchAction","target":{"@type":"EntryPoint","urlTemplate":"https:\/\/noticiasya.com\/?s={search_term_string}"},"query-input":{"@type":"PropertyValueSpecification","valueRequired":true,"valueName":"search_term_string"}}],"inLanguage":"es"},{"@type":"Organization","@id":"https:\/\/noticiasya.com\/#organization","name":"Noticias","url":"https:\/\/noticiasya.com\/","logo":{"@type":"ImageObject","inLanguage":"es","@id":"https:\/\/noticiasya.com\/#\/schema\/logo\/image\/","url":"https:\/\/noticiasya.com\/wp-content\/uploads\/sites\/22\/2023\/12\/logo-nacional.png","contentUrl":"https:\/\/noticiasya.com\/wp-content\/uploads\/sites\/22\/2023\/12\/logo-nacional.png","width":1801,"height":691,"caption":"Noticias"},"image":{"@id":"https:\/\/noticiasya.com\/#\/schema\/logo\/image\/"}}]}},"parsely":{"version":"1.1.0","canonical_url":"https:\/\/noticiasya.com\/boston\/2024\/09\/04\/mexico-acepta-tramite-previo-comercializacion-vacuna-viruela-del-mono-orix\/","smart_links":{"inbound":0,"outbound":0},"traffic_boost_suggestions_count":0,"meta":{"@context":"https:\/\/schema.org","@type":"NewsArticle","headline":"M\u00e9xico acepta tr\u00e1mite previo a la comercializaci\u00f3n de la vacuna contra la viruela del mono","url":"http:\/\/noticiasya.com\/boston\/2024\/09\/04\/mexico-acepta-tramite-previo-comercializacion-vacuna-viruela-del-mono-orix\/","mainEntityOfPage":{"@type":"WebPage","@id":"http:\/\/noticiasya.com\/boston\/2024\/09\/04\/mexico-acepta-tramite-previo-comercializacion-vacuna-viruela-del-mono-orix\/"},"thumbnailUrl":"","image":{"@type":"ImageObject","url":""},"articleSection":"Noticias Nacionales","author":[],"creator":[],"publisher":{"@type":"Organization","name":"Noticias","logo":""},"keywords":[],"dateCreated":"2024-09-04T13:03:38Z","datePublished":"2024-09-04T13:03:38Z","dateModified":"2024-09-04T13:03:38Z"},"rendered":"<script type=\"application\/ld+json\" class=\"wp-parsely-metadata\">{\"@context\":\"https:\\\/\\\/schema.org\",\"@type\":\"NewsArticle\",\"headline\":\"M\\u00e9xico acepta tr\\u00e1mite previo a la comercializaci\\u00f3n de la vacuna contra la viruela del mono\",\"url\":\"http:\\\/\\\/noticiasya.com\\\/boston\\\/2024\\\/09\\\/04\\\/mexico-acepta-tramite-previo-comercializacion-vacuna-viruela-del-mono-orix\\\/\",\"mainEntityOfPage\":{\"@type\":\"WebPage\",\"@id\":\"http:\\\/\\\/noticiasya.com\\\/boston\\\/2024\\\/09\\\/04\\\/mexico-acepta-tramite-previo-comercializacion-vacuna-viruela-del-mono-orix\\\/\"},\"thumbnailUrl\":\"\",\"image\":{\"@type\":\"ImageObject\",\"url\":\"\"},\"articleSection\":\"Noticias Nacionales\",\"author\":[],\"creator\":[],\"publisher\":{\"@type\":\"Organization\",\"name\":\"Noticias\",\"logo\":\"\"},\"keywords\":[],\"dateCreated\":\"2024-09-04T13:03:38Z\",\"datePublished\":\"2024-09-04T13:03:38Z\",\"dateModified\":\"2024-09-04T13:03:38Z\"}<\/script>","tracker_url":"https:\/\/cdn.parsely.com\/keys\/noticiasya.com\/p.js"},"jetpack_featured_media_url":"","jetpack-related-posts":[{"id":1452422,"url":"https:\/\/noticiasya.com\/boston\/2024\/09\/04\/muere-ciudadana-mexicana-accidente-cataluna-orix\/","url_meta":{"origin":1452421,"position":0},"title":"Muere ciudadana mexicana en un accidente en Catalu\u00f1a","author":"","date":"septiembre 4, 2024","format":false,"excerpt":"(CNN Espa\u00f1ol) -- Una ciudadana mexicana falleci\u00f3 el lunes en la localidad de Tossa de Mar, Catalu\u00f1a, Espa\u00f1a, inform\u00f3 la Secretar\u00eda de Relaciones Exteriores de M\u00e9xico este martes a trav\u00e9s de un comunicado.La Secretar\u00eda agreg\u00f3 que, la polic\u00eda local de Tossa de Mar fue quien notific\u00f3 al Consulado de M\u00e9xico\u2026","rel":"","context":"In &quot;Noticias Nacionales&quot;","block_context":{"text":"Noticias Nacionales","link":"https:\/\/noticiasya.com\/boston\/categoria\/noticias-nacionales"},"img":{"alt_text":"","src":"","width":0,"height":0},"classes":[]},{"id":1451917,"url":"https:\/\/noticiasya.com\/boston\/2024\/08\/16\/que-es-la-viruela-del-mono-o-mpox-y-por-que-es-preocupante-el-brote-actual\/","url_meta":{"origin":1452421,"position":1},"title":"\u00bfQu\u00e9 es la viruela del mono o mpox y por qu\u00e9 es preocupante el brote actual?","author":"","date":"agosto 16, 2024","format":false,"excerpt":"(CNN) -- La Organizaci\u00f3n Mundial de la Salud declar\u00f3 el mi\u00e9rcoles que el brote de viruela del mono o mpox que se est\u00e1 produciendo en \u00c1frica es una emergencia sanitaria mundial, el nivel m\u00e1s alto de alarma seg\u00fan la legislaci\u00f3n sanitaria internacional. Es la continuaci\u00f3n de una declaraci\u00f3n de emergencia\u2026","rel":"","context":"In &quot;Noticias Nacionales&quot;","block_context":{"text":"Noticias Nacionales","link":"https:\/\/noticiasya.com\/boston\/categoria\/noticias-nacionales"},"img":{"alt_text":"","src":"","width":0,"height":0},"classes":[]},{"id":1452007,"url":"https:\/\/noticiasya.com\/boston\/2024\/08\/20\/argentina-revisa-barco-tripulantes-sintomas-viruela-mono-orix\/","url_meta":{"origin":1452421,"position":2},"title":"Argentina revisa barco carguero donde tripulantes presentaron s\u00edntomas de viruela del mono","author":"","date":"agosto 20, 2024","format":false,"excerpt":"(CNN Espa\u00f1ol) --\u00a0Autoridades sanitarias de Argentina activaron un protocolo preventivo para revisar un barco carguero que se dirige al puerto de San Lorenzo, pues integrantes de la tripulaci\u00f3n presentaron s\u00edntomas de viruela del mono (mpox), inform\u00f3 este martes el Ministerio de Salud del pa\u00eds sudamercano.La vocer\u00eda de la instituci\u00f3n dijo\u2026","rel":"","context":"In &quot;Noticias Nacionales&quot;","block_context":{"text":"Noticias Nacionales","link":"https:\/\/noticiasya.com\/boston\/categoria\/noticias-nacionales"},"img":{"alt_text":"","src":"","width":0,"height":0},"classes":[]},{"id":1452009,"url":"https:\/\/noticiasya.com\/boston\/2024\/08\/20\/honduras-vigilancia-fronteras-aeropuertos-viruela-mono-orix\/","url_meta":{"origin":1452421,"position":3},"title":"Honduras reforzar\u00e1 vigilancia en fronteras y aeropuertos para evitar posible ingreso de viajeros con s\u00edntomas de viruela del mono","author":"","date":"agosto 20, 2024","format":false,"excerpt":"(CNN Espa\u00f1ol) \u2013\u2013 El Gobierno de Honduras anunci\u00f3 este martes que reforzar\u00e1 la vigilancia epidemiol\u00f3gica para evitar la entrada a su territorio del virus de la viruela del mono.El director del Instituto Nacional de Migraci\u00f3n, Allan Alvarenga, inform\u00f3 que la dependencia se encuentra en permanente comunicaci\u00f3n con la Secretar\u00eda de\u2026","rel":"","context":"In &quot;Noticias Nacionales&quot;","block_context":{"text":"Noticias Nacionales","link":"https:\/\/noticiasya.com\/boston\/categoria\/noticias-nacionales"},"img":{"alt_text":"","src":"","width":0,"height":0},"classes":[]},{"id":1419262,"url":"https:\/\/noticiasya.com\/boston\/2022\/08\/11\/autoridades-contestan-tus-preguntas-sobre-la-viruela-del-mono\/","url_meta":{"origin":1452421,"position":4},"title":"Autoridades contestan tus preguntas sobre la viruela del mono","author":"agomez","date":"agosto 11, 2022","format":false,"excerpt":"Este evento se llevar\u00e1 a cabo durante la tarde de este jueves 11 de agosto de 6:00 p. m. a 7:30 p. m.","rel":"","context":"In &quot;Comunidad&quot;","block_context":{"text":"Comunidad","link":"https:\/\/noticiasya.com\/boston\/categoria\/comunidad"},"img":{"alt_text":"","src":"","width":0,"height":0},"classes":[]},{"id":1452022,"url":"https:\/\/noticiasya.com\/boston\/2024\/08\/20\/viruela-mono-mpox-covid-19-trax\/","url_meta":{"origin":1452421,"position":5},"title":"La viruela del mono &#171;no es el nuevo covid-19&#187;, seg\u00fan la OMS","author":"agomez","date":"agosto 20, 2024","format":false,"excerpt":"(CNN) \u2013\u2013 El brote de viruela del mono (mpox) no es el pr\u00f3ximo covid-19, dijo este martes la Organizaci\u00f3n Mundial de la Salud, que pidi\u00f3 una respuesta coordinada al brote en curso despu\u00e9s de que la agencia declarara una emergencia sanitaria mundial la semana pasada.\u201cMpox no es el nuevo covid-19\u201d,\u2026","rel":"","context":"In &quot;Noticias Nacionales&quot;","block_context":{"text":"Noticias Nacionales","link":"https:\/\/noticiasya.com\/boston\/categoria\/noticias-nacionales"},"img":{"alt_text":"","src":"","width":0,"height":0},"classes":[]}],"jetpack_sharing_enabled":true,"_links":{"self":[{"href":"https:\/\/noticiasya.com\/boston\/wp-json\/wp\/v2\/posts\/1452421","targetHints":{"allow":["GET"]}}],"collection":[{"href":"https:\/\/noticiasya.com\/boston\/wp-json\/wp\/v2\/posts"}],"about":[{"href":"https:\/\/noticiasya.com\/boston\/wp-json\/wp\/v2\/types\/post"}],"replies":[{"embeddable":true,"href":"https:\/\/noticiasya.com\/boston\/wp-json\/wp\/v2\/comments?post=1452421"}],"version-history":[{"count":0,"href":"https:\/\/noticiasya.com\/boston\/wp-json\/wp\/v2\/posts\/1452421\/revisions"}],"wp:attachment":[{"href":"https:\/\/noticiasya.com\/boston\/wp-json\/wp\/v2\/media?parent=1452421"}],"wp:term":[{"taxonomy":"category","embeddable":true,"href":"https:\/\/noticiasya.com\/boston\/wp-json\/wp\/v2\/categories?post=1452421"},{"taxonomy":"post_tag","embeddable":true,"href":"https:\/\/noticiasya.com\/boston\/wp-json\/wp\/v2\/tags?post=1452421"}],"curies":[{"name":"wp","href":"https:\/\/api.w.org\/{rel}","templated":true}]}}