{"id":1452422,"date":"2024-09-04T07:03:51","date_gmt":"2024-09-04T14:03:51","guid":{"rendered":"https:\/\/noticiasya.com\/2024\/09\/04\/muere-ciudadana-mexicana-accidente-cataluna-orix\/"},"modified":"2024-09-04T07:03:51","modified_gmt":"2024-09-04T14:03:51","slug":"muere-ciudadana-mexicana-accidente-cataluna-orix","status":"publish","type":"post","link":"https:\/\/noticiasya.com\/boston\/2024\/09\/04\/muere-ciudadana-mexicana-accidente-cataluna-orix\/","title":{"rendered":"Muere ciudadana mexicana en un accidente en Catalu\u00f1a"},"content":{"rendered":"<p>(CNN Espa\u00f1ol) &#8212; Una ciudadana mexicana falleci\u00f3 el lunes en la localidad de Tossa de Mar, Catalu\u00f1a, Espa\u00f1a, inform\u00f3 la Secretar\u00eda de Relaciones Exteriores de M\u00e9xico este martes a trav\u00e9s de un comunicado.<\/p>\n<p>La Secretar\u00eda agreg\u00f3 que, la polic\u00eda local de Tossa de Mar fue quien notific\u00f3 al Consulado de M\u00e9xico en Barcelona el fallecimiento.<\/p>\n<p>La polic\u00eda de la localidad catalana inform\u00f3 que el fallecimiento se dio tras un accidente sin dar m\u00e1s detalles de lo sucedido, explica el comunicado de la Canciller\u00eda mexicana.<\/p>\n<p>M\u00e9xico acepta tr\u00e1mite previo a la comercializaci\u00f3n de la vacuna contra la viruela del mono<\/p>\n<p>La Canciller\u00eda a\u00f1adi\u00f3 que, el personal diplom\u00e1tico del consulado estableci\u00f3 comunicaci\u00f3n con la persona que viajaba con la connacional fallecida para proporcionar asistencia y apoyo en las gestiones para el traslado del cuerpo de la fallecida a M\u00e9xico. Actualmente brinda asistencia y protecci\u00f3n consular a los familiares.<\/p>\n<p>La Secretar\u00eda de Relaciones Exteriores de M\u00e9xico no dio a conocer la identidad de la persona fallecida.<\/p>\n<p>The-CNN-Wire<br \/>&trade; &amp; &copy; 2024 Cable News Network, Inc., a Warner Bros. Discovery Company. All rights reserved.<\/p>\n","protected":false},"excerpt":{"rendered":"<p>(CNN Espa\u00f1ol) &#8212; Una ciudadana mexicana falleci\u00f3 el lunes en la localidad de Tossa de Mar, Catalu\u00f1a, Espa\u00f1a, inform\u00f3 la Secretar\u00eda de Relaciones Exteriores de M\u00e9xico este martes a trav\u00e9s de un comunicado. La Secretar\u00eda agreg\u00f3 que, la polic\u00eda local de Tossa de Mar fue quien notific\u00f3 al Consulado de M\u00e9xico en Barcelona el fallecimiento. [&hellip;]<\/p>\n","protected":false},"author":0,"featured_media":0,"comment_status":"open","ping_status":"open","sticky":false,"template":"","format":"standard","meta":{"_jetpack_memberships_contains_paid_content":false,"footnotes":""},"categories":[10],"tags":[],"class_list":["post-1452422","post","type-post","status-publish","format-standard","hentry","category-noticias-nacionales","market-global"],"yoast_head":"<!-- This site is optimized with the Yoast SEO plugin v24.4 - https:\/\/yoast.com\/wordpress\/plugins\/seo\/ -->\n<title>Muere ciudadana mexicana en un accidente en Catalu\u00f1a - Noticias<\/title>\n<meta name=\"robots\" content=\"index, follow, max-snippet:-1, max-image-preview:large, max-video-preview:-1\" \/>\n<link rel=\"canonical\" href=\"https:\/\/noticiasya.com\/2024\/09\/04\/muere-ciudadana-mexicana-accidente-cataluna-orix\/\" \/>\n<meta property=\"og:locale\" content=\"es_ES\" \/>\n<meta property=\"og:type\" content=\"article\" \/>\n<meta property=\"og:title\" content=\"Muere ciudadana mexicana en un accidente en Catalu\u00f1a - Noticias\" \/>\n<meta property=\"og:description\" content=\"(CNN Espa\u00f1ol) &#8212; Una ciudadana mexicana falleci\u00f3 el lunes en la localidad de Tossa de Mar, Catalu\u00f1a, Espa\u00f1a, inform\u00f3 la Secretar\u00eda de Relaciones Exteriores de M\u00e9xico este martes a trav\u00e9s de un comunicado. La Secretar\u00eda agreg\u00f3 que, la polic\u00eda local de Tossa de Mar fue quien notific\u00f3 al Consulado de M\u00e9xico en Barcelona el fallecimiento. [&hellip;]\" \/>\n<meta property=\"og:url\" content=\"https:\/\/noticiasya.com\/2024\/09\/04\/muere-ciudadana-mexicana-accidente-cataluna-orix\/\" \/>\n<meta property=\"og:site_name\" content=\"Noticias\" \/>\n<meta property=\"article:published_time\" content=\"2024-09-04T14:03:51+00:00\" \/>\n<meta name=\"twitter:card\" content=\"summary_large_image\" \/>\n<meta name=\"twitter:label1\" content=\"Est. reading time\" \/>\n\t<meta name=\"twitter:data1\" content=\"1 minuto\" \/>\n<script type=\"application\/ld+json\" class=\"yoast-schema-graph\">{\"@context\":\"https:\/\/schema.org\",\"@graph\":[{\"@type\":\"Article\",\"@id\":\"https:\/\/noticiasya.com\/2024\/09\/04\/muere-ciudadana-mexicana-accidente-cataluna-orix\/#article\",\"isPartOf\":{\"@id\":\"https:\/\/noticiasya.com\/2024\/09\/04\/muere-ciudadana-mexicana-accidente-cataluna-orix\/\"},\"author\":{\"name\":\"\",\"@id\":\"\"},\"headline\":\"Muere ciudadana mexicana en un accidente en Catalu\u00f1a\",\"datePublished\":\"2024-09-04T14:03:51+00:00\",\"mainEntityOfPage\":{\"@id\":\"https:\/\/noticiasya.com\/2024\/09\/04\/muere-ciudadana-mexicana-accidente-cataluna-orix\/\"},\"wordCount\":211,\"commentCount\":0,\"publisher\":{\"@id\":\"https:\/\/noticiasya.com\/#organization\"},\"articleSection\":[\"Noticias Nacionales\"],\"inLanguage\":\"es\",\"potentialAction\":[{\"@type\":\"CommentAction\",\"name\":\"Comment\",\"target\":[\"https:\/\/noticiasya.com\/2024\/09\/04\/muere-ciudadana-mexicana-accidente-cataluna-orix\/#respond\"]}]},{\"@type\":\"WebPage\",\"@id\":\"https:\/\/noticiasya.com\/2024\/09\/04\/muere-ciudadana-mexicana-accidente-cataluna-orix\/\",\"url\":\"https:\/\/noticiasya.com\/2024\/09\/04\/muere-ciudadana-mexicana-accidente-cataluna-orix\/\",\"name\":\"Muere ciudadana mexicana en un accidente en Catalu\u00f1a - Noticias\",\"isPartOf\":{\"@id\":\"https:\/\/noticiasya.com\/#website\"},\"datePublished\":\"2024-09-04T14:03:51+00:00\",\"breadcrumb\":{\"@id\":\"https:\/\/noticiasya.com\/2024\/09\/04\/muere-ciudadana-mexicana-accidente-cataluna-orix\/#breadcrumb\"},\"inLanguage\":\"es\",\"potentialAction\":[{\"@type\":\"ReadAction\",\"target\":[\"https:\/\/noticiasya.com\/2024\/09\/04\/muere-ciudadana-mexicana-accidente-cataluna-orix\/\"]}]},{\"@type\":\"BreadcrumbList\",\"@id\":\"https:\/\/noticiasya.com\/2024\/09\/04\/muere-ciudadana-mexicana-accidente-cataluna-orix\/#breadcrumb\",\"itemListElement\":[{\"@type\":\"ListItem\",\"position\":1,\"name\":\"Home\",\"item\":\"https:\/\/noticiasya.com\/\"},{\"@type\":\"ListItem\",\"position\":2,\"name\":\"Muere ciudadana mexicana en un accidente en Catalu\u00f1a\"}]},{\"@type\":\"WebSite\",\"@id\":\"https:\/\/noticiasya.com\/#website\",\"url\":\"https:\/\/noticiasya.com\/\",\"name\":\"Noticias\",\"description\":\"Lo que importa\",\"publisher\":{\"@id\":\"https:\/\/noticiasya.com\/#organization\"},\"potentialAction\":[{\"@type\":\"SearchAction\",\"target\":{\"@type\":\"EntryPoint\",\"urlTemplate\":\"https:\/\/noticiasya.com\/?s={search_term_string}\"},\"query-input\":{\"@type\":\"PropertyValueSpecification\",\"valueRequired\":true,\"valueName\":\"search_term_string\"}}],\"inLanguage\":\"es\"},{\"@type\":\"Organization\",\"@id\":\"https:\/\/noticiasya.com\/#organization\",\"name\":\"Noticias\",\"url\":\"https:\/\/noticiasya.com\/\",\"logo\":{\"@type\":\"ImageObject\",\"inLanguage\":\"es\",\"@id\":\"https:\/\/noticiasya.com\/#\/schema\/logo\/image\/\",\"url\":\"https:\/\/noticiasya.com\/wp-content\/uploads\/sites\/22\/2023\/12\/logo-nacional.png\",\"contentUrl\":\"https:\/\/noticiasya.com\/wp-content\/uploads\/sites\/22\/2023\/12\/logo-nacional.png\",\"width\":1801,\"height\":691,\"caption\":\"Noticias\"},\"image\":{\"@id\":\"https:\/\/noticiasya.com\/#\/schema\/logo\/image\/\"}}]}<\/script>\n<!-- \/ Yoast SEO plugin. -->","yoast_head_json":{"title":"Muere ciudadana mexicana en un accidente en Catalu\u00f1a - Noticias","robots":{"index":"index","follow":"follow","max-snippet":"max-snippet:-1","max-image-preview":"max-image-preview:large","max-video-preview":"max-video-preview:-1"},"canonical":"https:\/\/noticiasya.com\/2024\/09\/04\/muere-ciudadana-mexicana-accidente-cataluna-orix\/","og_locale":"es_ES","og_type":"article","og_title":"Muere ciudadana mexicana en un accidente en Catalu\u00f1a - Noticias","og_description":"(CNN Espa\u00f1ol) &#8212; Una ciudadana mexicana falleci\u00f3 el lunes en la localidad de Tossa de Mar, Catalu\u00f1a, Espa\u00f1a, inform\u00f3 la Secretar\u00eda de Relaciones Exteriores de M\u00e9xico este martes a trav\u00e9s de un comunicado. La Secretar\u00eda agreg\u00f3 que, la polic\u00eda local de Tossa de Mar fue quien notific\u00f3 al Consulado de M\u00e9xico en Barcelona el fallecimiento. [&hellip;]","og_url":"https:\/\/noticiasya.com\/2024\/09\/04\/muere-ciudadana-mexicana-accidente-cataluna-orix\/","og_site_name":"Noticias","article_published_time":"2024-09-04T14:03:51+00:00","twitter_card":"summary_large_image","twitter_misc":{"Est. reading time":"1 minuto"},"schema":{"@context":"https:\/\/schema.org","@graph":[{"@type":"Article","@id":"https:\/\/noticiasya.com\/2024\/09\/04\/muere-ciudadana-mexicana-accidente-cataluna-orix\/#article","isPartOf":{"@id":"https:\/\/noticiasya.com\/2024\/09\/04\/muere-ciudadana-mexicana-accidente-cataluna-orix\/"},"author":{"name":"","@id":""},"headline":"Muere ciudadana mexicana en un accidente en Catalu\u00f1a","datePublished":"2024-09-04T14:03:51+00:00","mainEntityOfPage":{"@id":"https:\/\/noticiasya.com\/2024\/09\/04\/muere-ciudadana-mexicana-accidente-cataluna-orix\/"},"wordCount":211,"commentCount":0,"publisher":{"@id":"https:\/\/noticiasya.com\/#organization"},"articleSection":["Noticias Nacionales"],"inLanguage":"es","potentialAction":[{"@type":"CommentAction","name":"Comment","target":["https:\/\/noticiasya.com\/2024\/09\/04\/muere-ciudadana-mexicana-accidente-cataluna-orix\/#respond"]}]},{"@type":"WebPage","@id":"https:\/\/noticiasya.com\/2024\/09\/04\/muere-ciudadana-mexicana-accidente-cataluna-orix\/","url":"https:\/\/noticiasya.com\/2024\/09\/04\/muere-ciudadana-mexicana-accidente-cataluna-orix\/","name":"Muere ciudadana mexicana en un accidente en Catalu\u00f1a - Noticias","isPartOf":{"@id":"https:\/\/noticiasya.com\/#website"},"datePublished":"2024-09-04T14:03:51+00:00","breadcrumb":{"@id":"https:\/\/noticiasya.com\/2024\/09\/04\/muere-ciudadana-mexicana-accidente-cataluna-orix\/#breadcrumb"},"inLanguage":"es","potentialAction":[{"@type":"ReadAction","target":["https:\/\/noticiasya.com\/2024\/09\/04\/muere-ciudadana-mexicana-accidente-cataluna-orix\/"]}]},{"@type":"BreadcrumbList","@id":"https:\/\/noticiasya.com\/2024\/09\/04\/muere-ciudadana-mexicana-accidente-cataluna-orix\/#breadcrumb","itemListElement":[{"@type":"ListItem","position":1,"name":"Home","item":"https:\/\/noticiasya.com\/"},{"@type":"ListItem","position":2,"name":"Muere ciudadana mexicana en un accidente en Catalu\u00f1a"}]},{"@type":"WebSite","@id":"https:\/\/noticiasya.com\/#website","url":"https:\/\/noticiasya.com\/","name":"Noticias","description":"Lo que importa","publisher":{"@id":"https:\/\/noticiasya.com\/#organization"},"potentialAction":[{"@type":"SearchAction","target":{"@type":"EntryPoint","urlTemplate":"https:\/\/noticiasya.com\/?s={search_term_string}"},"query-input":{"@type":"PropertyValueSpecification","valueRequired":true,"valueName":"search_term_string"}}],"inLanguage":"es"},{"@type":"Organization","@id":"https:\/\/noticiasya.com\/#organization","name":"Noticias","url":"https:\/\/noticiasya.com\/","logo":{"@type":"ImageObject","inLanguage":"es","@id":"https:\/\/noticiasya.com\/#\/schema\/logo\/image\/","url":"https:\/\/noticiasya.com\/wp-content\/uploads\/sites\/22\/2023\/12\/logo-nacional.png","contentUrl":"https:\/\/noticiasya.com\/wp-content\/uploads\/sites\/22\/2023\/12\/logo-nacional.png","width":1801,"height":691,"caption":"Noticias"},"image":{"@id":"https:\/\/noticiasya.com\/#\/schema\/logo\/image\/"}}]}},"parsely":{"version":"1.1.0","canonical_url":"https:\/\/noticiasya.com\/boston\/2024\/09\/04\/muere-ciudadana-mexicana-accidente-cataluna-orix\/","smart_links":{"inbound":0,"outbound":0},"traffic_boost_suggestions_count":0,"meta":{"@context":"https:\/\/schema.org","@type":"NewsArticle","headline":"Muere ciudadana mexicana en un accidente en Catalu\u00f1a","url":"http:\/\/noticiasya.com\/boston\/2024\/09\/04\/muere-ciudadana-mexicana-accidente-cataluna-orix\/","mainEntityOfPage":{"@type":"WebPage","@id":"http:\/\/noticiasya.com\/boston\/2024\/09\/04\/muere-ciudadana-mexicana-accidente-cataluna-orix\/"},"thumbnailUrl":"","image":{"@type":"ImageObject","url":""},"articleSection":"Noticias Nacionales","author":[],"creator":[],"publisher":{"@type":"Organization","name":"Noticias","logo":""},"keywords":[],"dateCreated":"2024-09-04T14:03:51Z","datePublished":"2024-09-04T14:03:51Z","dateModified":"2024-09-04T14:03:51Z"},"rendered":"<script type=\"application\/ld+json\" class=\"wp-parsely-metadata\">{\"@context\":\"https:\\\/\\\/schema.org\",\"@type\":\"NewsArticle\",\"headline\":\"Muere ciudadana mexicana en un accidente en Catalu\\u00f1a\",\"url\":\"http:\\\/\\\/noticiasya.com\\\/boston\\\/2024\\\/09\\\/04\\\/muere-ciudadana-mexicana-accidente-cataluna-orix\\\/\",\"mainEntityOfPage\":{\"@type\":\"WebPage\",\"@id\":\"http:\\\/\\\/noticiasya.com\\\/boston\\\/2024\\\/09\\\/04\\\/muere-ciudadana-mexicana-accidente-cataluna-orix\\\/\"},\"thumbnailUrl\":\"\",\"image\":{\"@type\":\"ImageObject\",\"url\":\"\"},\"articleSection\":\"Noticias Nacionales\",\"author\":[],\"creator\":[],\"publisher\":{\"@type\":\"Organization\",\"name\":\"Noticias\",\"logo\":\"\"},\"keywords\":[],\"dateCreated\":\"2024-09-04T14:03:51Z\",\"datePublished\":\"2024-09-04T14:03:51Z\",\"dateModified\":\"2024-09-04T14:03:51Z\"}<\/script>","tracker_url":"https:\/\/cdn.parsely.com\/keys\/noticiasya.com\/p.js"},"jetpack_featured_media_url":"","jetpack-related-posts":[{"id":1455540,"url":"https:\/\/noticiasya.com\/boston\/2024\/11\/03\/enfrentamiento-traficantes-migrantes-colombianos-muertos-frontera-mexico-y-ee-uu-orix\/","url_meta":{"origin":1452422,"position":0},"title":"Enfrentamiento con traficantes de migrantes y militares deja dos colombianos muertos en frontera de M\u00e9xico y EE.UU.","author":"","date":"noviembre 3, 2024","format":false,"excerpt":"(CNN Espa\u00f1ol) -- La Secretar\u00eda de la Defensa Nacional de M\u00e9xico inform\u00f3 este domingo que dos migrantes colombianos murieron y cuatro m\u00e1s resultaron heridos tras un enfrentamiento entre civiles armados y elementos de la Guardia Nacional en una terracer\u00eda utilizado como ruta de tr\u00e1fico de migrantes cerca de la frontera\u2026","rel":"","context":"In &quot;Noticias Nacionales&quot;","block_context":{"text":"Noticias Nacionales","link":"https:\/\/noticiasya.com\/boston\/categoria\/noticias-nacionales"},"img":{"alt_text":"","src":"","width":0,"height":0},"classes":[]},{"id":1456600,"url":"https:\/\/noticiasya.com\/boston\/2024\/12\/14\/fundador-mango-muere-accidente-trax\/","url_meta":{"origin":1452422,"position":1},"title":"Fundador del gigante de la moda Mango muere en un aparente accidente","author":"","date":"diciembre 14, 2024","format":false,"excerpt":"El fundador del gigante de la moda Mango, Isak Andic, muri\u00f3 inesperadamente en un accidente este s\u00e1bado, anunci\u00f3 la compa\u00f1\u00eda en un comunicado.Andic se desempe\u00f1aba como presidente no ejecutivo de la compa\u00f1\u00eda, seg\u00fan el comunicado firmado por el CEO de Mango, Toni Ruiz.\u201cDedic\u00f3 su vida a Mango, dejando una marca\u2026","rel":"","context":"In &quot;Noticias Nacionales&quot;","block_context":{"text":"Noticias Nacionales","link":"https:\/\/noticiasya.com\/boston\/categoria\/noticias-nacionales"},"img":{"alt_text":"","src":"","width":0,"height":0},"classes":[]},{"id":1453273,"url":"https:\/\/noticiasya.com\/boston\/2024\/10\/01\/hallan-mujeres-colombianas-secuestradas-veracruz-mexico-orix\/","url_meta":{"origin":1452422,"position":2},"title":"Hallan a seis mujeres colombianas que presuntamente fueron secuestradas en Veracruz, M\u00e9xico","author":"","date":"octubre 1, 2024","format":false,"excerpt":"(CNN) -- Seis mujeres colombianas fueron localizadas con vida este martes luego de que presuntamente fueran secuestradas a finales de septiembre en Veracruz, al este de M\u00e9xico, informaron la Canciller\u00eda de Colombia y la Fiscal\u00eda de Veracruz.La Canciller\u00eda de Colombia dijo en un comunicado que el presunto secuestro fue reportado\u2026","rel":"","context":"In &quot;Noticias Nacionales&quot;","block_context":{"text":"Noticias Nacionales","link":"https:\/\/noticiasya.com\/boston\/categoria\/noticias-nacionales"},"img":{"alt_text":"","src":"","width":0,"height":0},"classes":[]},{"id":1463142,"url":"https:\/\/noticiasya.com\/boston\/2025\/06\/03\/inundaciones-ciudad-mexico-lluvias-record-orix\/","url_meta":{"origin":1452422,"position":3},"title":"Inundaciones en Ciudad de M\u00e9xico: lluvias r\u00e9cord dejan veh\u00edculos varados y personas atrapadas","author":"","date":"junio 3, 2025","format":false,"excerpt":"La capital mexicana pas\u00f3 una ca\u00f3tica noche de lunes debido a las intensas lluvias que causaron severas inundaciones en distintos puntos de la capital. No se hab\u00edan registrado lluvias de esta magnitud desde 2017, de acuerdo con la Secretar\u00eda de Gesti\u00f3n Integral del Agua (Segiagua).Varias personas que quedaron atrapadas en\u2026","rel":"","context":"In &quot;Noticias Nacionales&quot;","block_context":{"text":"Noticias Nacionales","link":"https:\/\/noticiasya.com\/boston\/categoria\/noticias-nacionales"},"img":{"alt_text":"","src":"","width":0,"height":0},"classes":[]},{"id":1455239,"url":"https:\/\/noticiasya.com\/boston\/2024\/10\/18\/diana-sanchez-barrios-hieren-ataque-armado-ciudad-de-mexico-diputada-orix\/","url_meta":{"origin":1452422,"position":4},"title":"Hieren en ataque armado en la capital mexicana a diputada suplente en Congreso de la Ciudad de M\u00e9xico y l\u00edder de comerciantes Diana S\u00e1nchez Barrios","author":"","date":"octubre 18, 2024","format":false,"excerpt":"(CNN Espa\u00f1ol) -- La l\u00edder de comerciantes ambulantes, diputada suplente local y activista de la comunidad LGBTQ Diana S\u00e1nchez Barrios fue herida en un ataque armado en pleno d\u00eda contra tres personas en calles del Centro Hist\u00f3rico de la Ciudad de M\u00e9xico, en un hecho donde muri\u00f3 un hombre que\u2026","rel":"","context":"In &quot;Noticias Nacionales&quot;","block_context":{"text":"Noticias Nacionales","link":"https:\/\/noticiasya.com\/boston\/categoria\/noticias-nacionales"},"img":{"alt_text":"","src":"","width":0,"height":0},"classes":[]},{"id":1464746,"url":"https:\/\/noticiasya.com\/boston\/2025\/07\/22\/mexico-arresto-alligator-alcatraz-acceso-defensa-orix\/","url_meta":{"origin":1452422,"position":5},"title":"Gobierno de M\u00e9xico informa de dos mexicanos bajo arresto en &#171;Alligator Alcatraz&#187;: c\u00f3nsul alerta falta de acceso a defensa","author":"","date":"julio 22, 2025","format":false,"excerpt":"Dos hermanos de nacionalidad mexicana se encuentran detenidos en la prisi\u00f3n \u00abAlligator Alcatraz\u00bb, en Florida, dijo el c\u00f3nsul de M\u00e9xico en Orlando, Juan Sabines Guerrero, inform\u00f3 a trav\u00e9s de su cuenta en X. El c\u00f3nsul lo confirm\u00f3 el lunes por la noche tras reunirse con el padre de los j\u00f3venes,\u2026","rel":"","context":"In &quot;Noticias Nacionales&quot;","block_context":{"text":"Noticias Nacionales","link":"https:\/\/noticiasya.com\/boston\/categoria\/noticias-nacionales"},"img":{"alt_text":"","src":"","width":0,"height":0},"classes":[]}],"jetpack_sharing_enabled":true,"_links":{"self":[{"href":"https:\/\/noticiasya.com\/boston\/wp-json\/wp\/v2\/posts\/1452422","targetHints":{"allow":["GET"]}}],"collection":[{"href":"https:\/\/noticiasya.com\/boston\/wp-json\/wp\/v2\/posts"}],"about":[{"href":"https:\/\/noticiasya.com\/boston\/wp-json\/wp\/v2\/types\/post"}],"replies":[{"embeddable":true,"href":"https:\/\/noticiasya.com\/boston\/wp-json\/wp\/v2\/comments?post=1452422"}],"version-history":[{"count":0,"href":"https:\/\/noticiasya.com\/boston\/wp-json\/wp\/v2\/posts\/1452422\/revisions"}],"wp:attachment":[{"href":"https:\/\/noticiasya.com\/boston\/wp-json\/wp\/v2\/media?parent=1452422"}],"wp:term":[{"taxonomy":"category","embeddable":true,"href":"https:\/\/noticiasya.com\/boston\/wp-json\/wp\/v2\/categories?post=1452422"},{"taxonomy":"post_tag","embeddable":true,"href":"https:\/\/noticiasya.com\/boston\/wp-json\/wp\/v2\/tags?post=1452422"}],"curies":[{"name":"wp","href":"https:\/\/api.w.org\/{rel}","templated":true}]}}