{"id":1452497,"date":"2024-09-06T18:03:38","date_gmt":"2024-09-07T01:03:38","guid":{"rendered":"https:\/\/noticiasya.com\/2024\/09\/06\/detienen-gildardo-lopez-el-gil-guerreros-unidos-43-ayotzinapa-orix\/"},"modified":"2024-09-06T18:03:38","modified_gmt":"2024-09-07T01:03:38","slug":"detienen-gildardo-lopez-el-gil-guerreros-unidos-43-ayotzinapa-orix","status":"publish","type":"post","link":"https:\/\/noticiasya.com\/boston\/2024\/09\/06\/detienen-gildardo-lopez-el-gil-guerreros-unidos-43-ayotzinapa-orix\/","title":{"rendered":"Arrestan en M\u00e9xico a Gildardo L\u00f3pez Astudillo, &#171;El Gil&#187;, absuelto previamente en el caso de los 43 estudiantes de Ayotzinapa desaparecidos"},"content":{"rendered":"<p>(CNN Espa\u00f1ol) &#8212; Autoridades de M\u00e9xico arrestaron al presunto jefe del grupo criminal Guerreros Unidos Gildardo L\u00f3pez Astudillo, alias &#171;El Gil&#187;, quien fue se\u00f1alado en 2015 y luego absuelto en relaci\u00f3n con la desaparici\u00f3n de los 43 estudiantes normalistas de Ayotzinapa, seg\u00fan informaci\u00f3n que aparece en el Registro Nacional de Detenciones de la Secretar\u00eda de Seguridad y Protecci\u00f3n Ciudadana.<\/p>\n<p>Seg\u00fan esos registros, consultados por CNN este viernes, L\u00f3pez Astudillo fue puesto bajo custodia el jueves por la noche, aunque no se dieron m\u00e1s detalles.<\/p>\n<p>La Fiscal\u00eda General de la Rep\u00fablica (FGR) le dijo a CNN este viernes que \u201cEl Gil\u201d fue acusado de delincuencia organizada y que fue recluido en el penal de m\u00e1xima seguridad de El Altiplano del Estado de M\u00e9xico. No se dieron m\u00e1s detalles.<\/p>\n<p>CNN trabaja para conocer si L\u00f3pez Astudillo cuenta con representaci\u00f3n legal y c\u00f3mo se declara ante las acusaciones.<\/p>\n<p>\u201cEl Gil\u201d fue detenido por la Polic\u00eda en septiembre de 2015 por su presunta participaci\u00f3n en la desaparici\u00f3n de los normalistas en Iguala, Guerrero.<\/p>\n<p>L\u00f3pez Astudillo fue identificado por las autoridades mexicanas de la \u00e9poca por operar como jefe del grupo criminal Guerreros Unidos en la regi\u00f3n, cuando los estudiantes fueron desaparecidos.<\/p>\n<p>Desde su detenci\u00f3n, \u201cEl Gil\u201d insisti\u00f3 en que no tuvo nada que ver con la desaparici\u00f3n de los normalistas.<\/p>\n<p>En 2019, un juez de Tamaulipas absolvi\u00f3 a L\u00f3pez Astudillo al considerar que no exist\u00edan elementos suficientes para probar el delito de delincuencia organizada y desestim\u00f3 los m\u00e1s de 40 elementos presentados en su momento como pruebas por la entonces Procuradur\u00eda General, que buscaban adjudicarle el delito de secuestro.<\/p>\n<p>La sentencia se\u00f1alaba que esas pruebas hab\u00edan sido obtenidas con base en castigos o de amedrentamiento. El resto de los argumentos fueron valorados como insuficientes, inform\u00f3 entonces el subsecretario de Derechos Humanos, Poblaci\u00f3n y Migraci\u00f3n de M\u00e9xico, Alejandro Encinas.<\/p>\n<p>La sentencia absolutoria fue catalogada entonces por el Gobierno del presidente Andr\u00e9s Manuel L\u00f3pez Obrador como un precedente muy grave en el caso.<\/p>\n<p>The-CNN-Wire<br \/>&trade; &amp; &copy; 2024 Cable News Network, Inc., a Warner Bros. Discovery Company. All rights reserved.<\/p>\n","protected":false},"excerpt":{"rendered":"<p>(CNN Espa\u00f1ol) &#8212; Autoridades de M\u00e9xico arrestaron al presunto jefe del grupo criminal Guerreros Unidos Gildardo L\u00f3pez Astudillo, alias &#171;El Gil&#187;, quien fue se\u00f1alado en 2015 y luego absuelto en relaci\u00f3n con la desaparici\u00f3n de los 43 estudiantes normalistas de Ayotzinapa, seg\u00fan informaci\u00f3n que aparece en el Registro Nacional de Detenciones de la Secretar\u00eda de [&hellip;]<\/p>\n","protected":false},"author":0,"featured_media":0,"comment_status":"open","ping_status":"open","sticky":false,"template":"","format":"standard","meta":{"_jetpack_memberships_contains_paid_content":false,"footnotes":""},"categories":[10],"tags":[],"class_list":["post-1452497","post","type-post","status-publish","format-standard","hentry","category-noticias-nacionales","market-global"],"yoast_head":"<!-- This site is optimized with the Yoast SEO plugin v24.4 - https:\/\/yoast.com\/wordpress\/plugins\/seo\/ -->\n<title>Arrestan en M\u00e9xico a Gildardo L\u00f3pez Astudillo, &quot;El Gil&quot;, absuelto previamente en el caso de los 43 estudiantes de Ayotzinapa desaparecidos - Noticias<\/title>\n<meta name=\"robots\" content=\"index, follow, max-snippet:-1, max-image-preview:large, max-video-preview:-1\" \/>\n<link rel=\"canonical\" href=\"https:\/\/noticiasya.com\/2024\/09\/06\/detienen-gildardo-lopez-el-gil-guerreros-unidos-43-ayotzinapa-orix\/\" \/>\n<meta property=\"og:locale\" content=\"es_ES\" \/>\n<meta property=\"og:type\" content=\"article\" \/>\n<meta property=\"og:title\" content=\"Arrestan en M\u00e9xico a Gildardo L\u00f3pez Astudillo, &quot;El Gil&quot;, absuelto previamente en el caso de los 43 estudiantes de Ayotzinapa desaparecidos - Noticias\" \/>\n<meta property=\"og:description\" content=\"(CNN Espa\u00f1ol) &#8212; Autoridades de M\u00e9xico arrestaron al presunto jefe del grupo criminal Guerreros Unidos Gildardo L\u00f3pez Astudillo, alias &#171;El Gil&#187;, quien fue se\u00f1alado en 2015 y luego absuelto en relaci\u00f3n con la desaparici\u00f3n de los 43 estudiantes normalistas de Ayotzinapa, seg\u00fan informaci\u00f3n que aparece en el Registro Nacional de Detenciones de la Secretar\u00eda de [&hellip;]\" \/>\n<meta property=\"og:url\" content=\"https:\/\/noticiasya.com\/2024\/09\/06\/detienen-gildardo-lopez-el-gil-guerreros-unidos-43-ayotzinapa-orix\/\" \/>\n<meta property=\"og:site_name\" content=\"Noticias\" \/>\n<meta property=\"article:published_time\" content=\"2024-09-07T01:03:38+00:00\" \/>\n<meta name=\"twitter:card\" content=\"summary_large_image\" \/>\n<meta name=\"twitter:label1\" content=\"Est. reading time\" \/>\n\t<meta name=\"twitter:data1\" content=\"2 minutos\" \/>\n<script type=\"application\/ld+json\" class=\"yoast-schema-graph\">{\"@context\":\"https:\/\/schema.org\",\"@graph\":[{\"@type\":\"Article\",\"@id\":\"https:\/\/noticiasya.com\/2024\/09\/06\/detienen-gildardo-lopez-el-gil-guerreros-unidos-43-ayotzinapa-orix\/#article\",\"isPartOf\":{\"@id\":\"https:\/\/noticiasya.com\/2024\/09\/06\/detienen-gildardo-lopez-el-gil-guerreros-unidos-43-ayotzinapa-orix\/\"},\"author\":{\"name\":\"\",\"@id\":\"\"},\"headline\":\"Arrestan en M\u00e9xico a Gildardo L\u00f3pez Astudillo, &#171;El Gil&#187;, absuelto previamente en el caso de los 43 estudiantes de Ayotzinapa desaparecidos\",\"datePublished\":\"2024-09-07T01:03:38+00:00\",\"mainEntityOfPage\":{\"@id\":\"https:\/\/noticiasya.com\/2024\/09\/06\/detienen-gildardo-lopez-el-gil-guerreros-unidos-43-ayotzinapa-orix\/\"},\"wordCount\":399,\"commentCount\":0,\"publisher\":{\"@id\":\"https:\/\/noticiasya.com\/#organization\"},\"articleSection\":[\"Noticias Nacionales\"],\"inLanguage\":\"es\",\"potentialAction\":[{\"@type\":\"CommentAction\",\"name\":\"Comment\",\"target\":[\"https:\/\/noticiasya.com\/2024\/09\/06\/detienen-gildardo-lopez-el-gil-guerreros-unidos-43-ayotzinapa-orix\/#respond\"]}]},{\"@type\":\"WebPage\",\"@id\":\"https:\/\/noticiasya.com\/2024\/09\/06\/detienen-gildardo-lopez-el-gil-guerreros-unidos-43-ayotzinapa-orix\/\",\"url\":\"https:\/\/noticiasya.com\/2024\/09\/06\/detienen-gildardo-lopez-el-gil-guerreros-unidos-43-ayotzinapa-orix\/\",\"name\":\"Arrestan en M\u00e9xico a Gildardo L\u00f3pez Astudillo, \\\"El Gil\\\", absuelto previamente en el caso de los 43 estudiantes de Ayotzinapa desaparecidos - Noticias\",\"isPartOf\":{\"@id\":\"https:\/\/noticiasya.com\/#website\"},\"datePublished\":\"2024-09-07T01:03:38+00:00\",\"breadcrumb\":{\"@id\":\"https:\/\/noticiasya.com\/2024\/09\/06\/detienen-gildardo-lopez-el-gil-guerreros-unidos-43-ayotzinapa-orix\/#breadcrumb\"},\"inLanguage\":\"es\",\"potentialAction\":[{\"@type\":\"ReadAction\",\"target\":[\"https:\/\/noticiasya.com\/2024\/09\/06\/detienen-gildardo-lopez-el-gil-guerreros-unidos-43-ayotzinapa-orix\/\"]}]},{\"@type\":\"BreadcrumbList\",\"@id\":\"https:\/\/noticiasya.com\/2024\/09\/06\/detienen-gildardo-lopez-el-gil-guerreros-unidos-43-ayotzinapa-orix\/#breadcrumb\",\"itemListElement\":[{\"@type\":\"ListItem\",\"position\":1,\"name\":\"Home\",\"item\":\"https:\/\/noticiasya.com\/\"},{\"@type\":\"ListItem\",\"position\":2,\"name\":\"Arrestan en M\u00e9xico a Gildardo L\u00f3pez Astudillo, &#171;El Gil&#187;, absuelto previamente en el caso de los 43 estudiantes de Ayotzinapa desaparecidos\"}]},{\"@type\":\"WebSite\",\"@id\":\"https:\/\/noticiasya.com\/#website\",\"url\":\"https:\/\/noticiasya.com\/\",\"name\":\"Noticias\",\"description\":\"Lo que importa\",\"publisher\":{\"@id\":\"https:\/\/noticiasya.com\/#organization\"},\"potentialAction\":[{\"@type\":\"SearchAction\",\"target\":{\"@type\":\"EntryPoint\",\"urlTemplate\":\"https:\/\/noticiasya.com\/?s={search_term_string}\"},\"query-input\":{\"@type\":\"PropertyValueSpecification\",\"valueRequired\":true,\"valueName\":\"search_term_string\"}}],\"inLanguage\":\"es\"},{\"@type\":\"Organization\",\"@id\":\"https:\/\/noticiasya.com\/#organization\",\"name\":\"Noticias\",\"url\":\"https:\/\/noticiasya.com\/\",\"logo\":{\"@type\":\"ImageObject\",\"inLanguage\":\"es\",\"@id\":\"https:\/\/noticiasya.com\/#\/schema\/logo\/image\/\",\"url\":\"https:\/\/noticiasya.com\/wp-content\/uploads\/sites\/22\/2023\/12\/logo-nacional.png\",\"contentUrl\":\"https:\/\/noticiasya.com\/wp-content\/uploads\/sites\/22\/2023\/12\/logo-nacional.png\",\"width\":1801,\"height\":691,\"caption\":\"Noticias\"},\"image\":{\"@id\":\"https:\/\/noticiasya.com\/#\/schema\/logo\/image\/\"}}]}<\/script>\n<!-- \/ Yoast SEO plugin. -->","yoast_head_json":{"title":"Arrestan en M\u00e9xico a Gildardo L\u00f3pez Astudillo, \"El Gil\", absuelto previamente en el caso de los 43 estudiantes de Ayotzinapa desaparecidos - Noticias","robots":{"index":"index","follow":"follow","max-snippet":"max-snippet:-1","max-image-preview":"max-image-preview:large","max-video-preview":"max-video-preview:-1"},"canonical":"https:\/\/noticiasya.com\/2024\/09\/06\/detienen-gildardo-lopez-el-gil-guerreros-unidos-43-ayotzinapa-orix\/","og_locale":"es_ES","og_type":"article","og_title":"Arrestan en M\u00e9xico a Gildardo L\u00f3pez Astudillo, \"El Gil\", absuelto previamente en el caso de los 43 estudiantes de Ayotzinapa desaparecidos - Noticias","og_description":"(CNN Espa\u00f1ol) &#8212; Autoridades de M\u00e9xico arrestaron al presunto jefe del grupo criminal Guerreros Unidos Gildardo L\u00f3pez Astudillo, alias &#171;El Gil&#187;, quien fue se\u00f1alado en 2015 y luego absuelto en relaci\u00f3n con la desaparici\u00f3n de los 43 estudiantes normalistas de Ayotzinapa, seg\u00fan informaci\u00f3n que aparece en el Registro Nacional de Detenciones de la Secretar\u00eda de [&hellip;]","og_url":"https:\/\/noticiasya.com\/2024\/09\/06\/detienen-gildardo-lopez-el-gil-guerreros-unidos-43-ayotzinapa-orix\/","og_site_name":"Noticias","article_published_time":"2024-09-07T01:03:38+00:00","twitter_card":"summary_large_image","twitter_misc":{"Est. reading time":"2 minutos"},"schema":{"@context":"https:\/\/schema.org","@graph":[{"@type":"Article","@id":"https:\/\/noticiasya.com\/2024\/09\/06\/detienen-gildardo-lopez-el-gil-guerreros-unidos-43-ayotzinapa-orix\/#article","isPartOf":{"@id":"https:\/\/noticiasya.com\/2024\/09\/06\/detienen-gildardo-lopez-el-gil-guerreros-unidos-43-ayotzinapa-orix\/"},"author":{"name":"","@id":""},"headline":"Arrestan en M\u00e9xico a Gildardo L\u00f3pez Astudillo, &#171;El Gil&#187;, absuelto previamente en el caso de los 43 estudiantes de Ayotzinapa desaparecidos","datePublished":"2024-09-07T01:03:38+00:00","mainEntityOfPage":{"@id":"https:\/\/noticiasya.com\/2024\/09\/06\/detienen-gildardo-lopez-el-gil-guerreros-unidos-43-ayotzinapa-orix\/"},"wordCount":399,"commentCount":0,"publisher":{"@id":"https:\/\/noticiasya.com\/#organization"},"articleSection":["Noticias Nacionales"],"inLanguage":"es","potentialAction":[{"@type":"CommentAction","name":"Comment","target":["https:\/\/noticiasya.com\/2024\/09\/06\/detienen-gildardo-lopez-el-gil-guerreros-unidos-43-ayotzinapa-orix\/#respond"]}]},{"@type":"WebPage","@id":"https:\/\/noticiasya.com\/2024\/09\/06\/detienen-gildardo-lopez-el-gil-guerreros-unidos-43-ayotzinapa-orix\/","url":"https:\/\/noticiasya.com\/2024\/09\/06\/detienen-gildardo-lopez-el-gil-guerreros-unidos-43-ayotzinapa-orix\/","name":"Arrestan en M\u00e9xico a Gildardo L\u00f3pez Astudillo, \"El Gil\", absuelto previamente en el caso de los 43 estudiantes de Ayotzinapa desaparecidos - Noticias","isPartOf":{"@id":"https:\/\/noticiasya.com\/#website"},"datePublished":"2024-09-07T01:03:38+00:00","breadcrumb":{"@id":"https:\/\/noticiasya.com\/2024\/09\/06\/detienen-gildardo-lopez-el-gil-guerreros-unidos-43-ayotzinapa-orix\/#breadcrumb"},"inLanguage":"es","potentialAction":[{"@type":"ReadAction","target":["https:\/\/noticiasya.com\/2024\/09\/06\/detienen-gildardo-lopez-el-gil-guerreros-unidos-43-ayotzinapa-orix\/"]}]},{"@type":"BreadcrumbList","@id":"https:\/\/noticiasya.com\/2024\/09\/06\/detienen-gildardo-lopez-el-gil-guerreros-unidos-43-ayotzinapa-orix\/#breadcrumb","itemListElement":[{"@type":"ListItem","position":1,"name":"Home","item":"https:\/\/noticiasya.com\/"},{"@type":"ListItem","position":2,"name":"Arrestan en M\u00e9xico a Gildardo L\u00f3pez Astudillo, &#171;El Gil&#187;, absuelto previamente en el caso de los 43 estudiantes de Ayotzinapa desaparecidos"}]},{"@type":"WebSite","@id":"https:\/\/noticiasya.com\/#website","url":"https:\/\/noticiasya.com\/","name":"Noticias","description":"Lo que importa","publisher":{"@id":"https:\/\/noticiasya.com\/#organization"},"potentialAction":[{"@type":"SearchAction","target":{"@type":"EntryPoint","urlTemplate":"https:\/\/noticiasya.com\/?s={search_term_string}"},"query-input":{"@type":"PropertyValueSpecification","valueRequired":true,"valueName":"search_term_string"}}],"inLanguage":"es"},{"@type":"Organization","@id":"https:\/\/noticiasya.com\/#organization","name":"Noticias","url":"https:\/\/noticiasya.com\/","logo":{"@type":"ImageObject","inLanguage":"es","@id":"https:\/\/noticiasya.com\/#\/schema\/logo\/image\/","url":"https:\/\/noticiasya.com\/wp-content\/uploads\/sites\/22\/2023\/12\/logo-nacional.png","contentUrl":"https:\/\/noticiasya.com\/wp-content\/uploads\/sites\/22\/2023\/12\/logo-nacional.png","width":1801,"height":691,"caption":"Noticias"},"image":{"@id":"https:\/\/noticiasya.com\/#\/schema\/logo\/image\/"}}]}},"parsely":{"version":"1.1.0","canonical_url":"https:\/\/noticiasya.com\/boston\/2024\/09\/06\/detienen-gildardo-lopez-el-gil-guerreros-unidos-43-ayotzinapa-orix\/","smart_links":{"inbound":0,"outbound":0},"traffic_boost_suggestions_count":0,"meta":{"@context":"https:\/\/schema.org","@type":"NewsArticle","headline":"Arrestan en M\u00e9xico a Gildardo L\u00f3pez Astudillo, &#171;El Gil&#187;, absuelto previamente en el caso de los 43 estudiantes de Ayotzinapa desaparecidos","url":"http:\/\/noticiasya.com\/boston\/2024\/09\/06\/detienen-gildardo-lopez-el-gil-guerreros-unidos-43-ayotzinapa-orix\/","mainEntityOfPage":{"@type":"WebPage","@id":"http:\/\/noticiasya.com\/boston\/2024\/09\/06\/detienen-gildardo-lopez-el-gil-guerreros-unidos-43-ayotzinapa-orix\/"},"thumbnailUrl":"","image":{"@type":"ImageObject","url":""},"articleSection":"Noticias Nacionales","author":[],"creator":[],"publisher":{"@type":"Organization","name":"Noticias","logo":""},"keywords":[],"dateCreated":"2024-09-07T01:03:38Z","datePublished":"2024-09-07T01:03:38Z","dateModified":"2024-09-07T01:03:38Z"},"rendered":"<script type=\"application\/ld+json\" class=\"wp-parsely-metadata\">{\"@context\":\"https:\\\/\\\/schema.org\",\"@type\":\"NewsArticle\",\"headline\":\"Arrestan en M\\u00e9xico a Gildardo L\\u00f3pez Astudillo, &#171;El Gil&#187;, absuelto previamente en el caso de los 43 estudiantes de Ayotzinapa desaparecidos\",\"url\":\"http:\\\/\\\/noticiasya.com\\\/boston\\\/2024\\\/09\\\/06\\\/detienen-gildardo-lopez-el-gil-guerreros-unidos-43-ayotzinapa-orix\\\/\",\"mainEntityOfPage\":{\"@type\":\"WebPage\",\"@id\":\"http:\\\/\\\/noticiasya.com\\\/boston\\\/2024\\\/09\\\/06\\\/detienen-gildardo-lopez-el-gil-guerreros-unidos-43-ayotzinapa-orix\\\/\"},\"thumbnailUrl\":\"\",\"image\":{\"@type\":\"ImageObject\",\"url\":\"\"},\"articleSection\":\"Noticias Nacionales\",\"author\":[],\"creator\":[],\"publisher\":{\"@type\":\"Organization\",\"name\":\"Noticias\",\"logo\":\"\"},\"keywords\":[],\"dateCreated\":\"2024-09-07T01:03:38Z\",\"datePublished\":\"2024-09-07T01:03:38Z\",\"dateModified\":\"2024-09-07T01:03:38Z\"}<\/script>","tracker_url":"https:\/\/cdn.parsely.com\/keys\/noticiasya.com\/p.js"},"jetpack_featured_media_url":"","jetpack-related-posts":[{"id":1453099,"url":"https:\/\/noticiasya.com\/boston\/2024\/09\/26\/que-paso-estudiantes-43-ayotzinapa-iguala-orix\/","url_meta":{"origin":1452497,"position":0},"title":"\u00bfQu\u00e9 pas\u00f3 con los 43 estudiantes de Ayotzinapa en 2014 y qu\u00e9 se sabe de ellos?","author":"","date":"septiembre 26, 2024","format":false,"excerpt":"(CNN Espa\u00f1ol) -- Hace 10 a\u00f1os ocurri\u00f3 la desaparici\u00f3n de 43 estudiantes en M\u00e9xico y los familiares a\u00fan esperan una respuesta sobre qu\u00e9 ocurri\u00f3 con los j\u00f3venes. Una d\u00e9cada despu\u00e9s a\u00fan hay impunidad, preguntas sin resolver y la marca de una tragedia hist\u00f3rica. Esto es lo que sabemos de los\u2026","rel":"","context":"In &quot;Noticias Nacionales&quot;","block_context":{"text":"Noticias Nacionales","link":"https:\/\/noticiasya.com\/boston\/categoria\/noticias-nacionales"},"img":{"alt_text":"","src":"","width":0,"height":0},"classes":[]},{"id":1462439,"url":"https:\/\/noticiasya.com\/boston\/2025\/05\/16\/arrestan-exjueza-lambertina-galeana-43-estudiantes-ayotzinapa-trax\/","url_meta":{"origin":1452497,"position":1},"title":"Arrestan a exjueza Lambertina Galeana Mar\u00edn por caso de los 43 estudiantes desaparecidos de Ayotzinapa","author":"","date":"mayo 16, 2025","format":false,"excerpt":"M\u00e1s de una d\u00e9cada despu\u00e9s de que 43 estudiantes de una escuela rural en Ayotzinapa desaparecieran, un nuevo arresto ha generado un nuevo escrutinio y reabierto viejas heridas. El jueves, las autoridades mexicanas detuvieron a la ahora retirada jueza Lambertina Galeana Mar\u00edn, de 79 a\u00f1os, por pruebas faltantes en el\u2026","rel":"","context":"In &quot;Noticias Nacionales&quot;","block_context":{"text":"Noticias Nacionales","link":"https:\/\/noticiasya.com\/boston\/categoria\/noticias-nacionales"},"img":{"alt_text":"","src":"","width":0,"height":0},"classes":[]},{"id":1451488,"url":"https:\/\/noticiasya.com\/boston\/2024\/07\/29\/claudia-sheinbaum-se-reune-por-primera-vez-padres-43-estudiantes-ayotzinapa-tras-encuentro-lopez-obrador-trax\/","url_meta":{"origin":1452497,"position":2},"title":"Claudia Sheinbaum se re\u00fane por primera vez con padres de los 43 estudiantes de Ayotzinapa tras encuentro con L\u00f3pez Obrador","author":"","date":"julio 29, 2024","format":false,"excerpt":"(CNN Espa\u00f1ol) -- La pr\u00f3xima presidenta de M\u00e9xico, Claudia Sheinbaum, se reuni\u00f3 este lunes por primera vez con padres de los 43 estudiantes de Ayotzinapa desaparecidos en 2014, ocasi\u00f3n en la que la futura mandataria se comprometi\u00f3 a dar seguimiento en la b\u00fasqueda de la verdad y la justicia de\u2026","rel":"","context":"In &quot;Noticias Nacionales&quot;","block_context":{"text":"Noticias Nacionales","link":"https:\/\/noticiasya.com\/boston\/categoria\/noticias-nacionales"},"img":{"alt_text":"","src":"","width":0,"height":0},"classes":[]},{"id":1446936,"url":"https:\/\/noticiasya.com\/boston\/2024\/03\/13\/policias-estatales-relacionados-asesinato-normalista-entregan-fiscalia-general-mexico-orix\/","url_meta":{"origin":1452497,"position":3},"title":"Polic\u00edas estatales relacionados con el asesinato de normalista de Ayotzinapa se entregan a la Fiscal\u00eda General de M\u00e9xico","author":"","date":"marzo 13, 2024","format":false,"excerpt":"(CNN Espa\u00f1ol) -- Dos polic\u00edas estatales relacionados con la muerte del joven Yanki Kothan G\u00f3mez, estudiante de la escuela Normal Rural de Ayotzinapa, se entregaron este mi\u00e9rcoles ante la Fiscal\u00eda General de la Rep\u00fablica, seg\u00fan confirm\u00f3 a CNN una fuente policial vinculada con el caso.Los agentes estatales hab\u00edan sido detenidos\u2026","rel":"","context":"In &quot;Noticias Nacionales&quot;","block_context":{"text":"Noticias Nacionales","link":"https:\/\/noticiasya.com\/boston\/categoria\/noticias-nacionales"},"img":{"alt_text":"","src":"","width":0,"height":0},"classes":[]},{"id":1456288,"url":"https:\/\/noticiasya.com\/boston\/2024\/12\/05\/sheinbaum-ayotzinapa-investigacion-padres-43-orix\/","url_meta":{"origin":1452497,"position":4},"title":"Sheinbaum ofrece nueva ruta en la investigaci\u00f3n del caso Ayotzinapa","author":"","date":"diciembre 5, 2024","format":false,"excerpt":"Los padres de los 43 estudiantes de Ayotzinapa, desaparecidos en 2014, sostuvieron este mi\u00e9rcoles su primer encuentro con la presidenta de M\u00e9xico, Claudia Sheinbaum, desde que asumi\u00f3 el cargo el 1 de octubre, ocasi\u00f3n en la que les ofreci\u00f3 reconstruir el di\u00e1logo y la implementaci\u00f3n de una nueva ruta en\u2026","rel":"","context":"In &quot;Noticias Nacionales&quot;","block_context":{"text":"Noticias Nacionales","link":"https:\/\/noticiasya.com\/boston\/categoria\/noticias-nacionales"},"img":{"alt_text":"","src":"","width":0,"height":0},"classes":[]},{"id":1463209,"url":"https:\/\/noticiasya.com\/boston\/2025\/06\/04\/detienen-miguel-pantoja-alias-pajarraco-vinculado-43-ayotzinapa-orix\/","url_meta":{"origin":1452497,"position":5},"title":"Detienen a Juan Miguel Pantoja, alias &#171;Pajarraco&#187;, presuntamente vinculado con desaparici\u00f3n de los estudiantes de Ayotzinapa","author":"","date":"junio 4, 2025","format":false,"excerpt":"El gabinete de Seguridad de M\u00e9xico inform\u00f3 el arresto de Juan Miguel Pantoja Miranda, alias \u201cPajarraco\u201d, por delitos de delincuencia organizada y desaparici\u00f3n forzada en relaci\u00f3n con las investigaciones de la desaparici\u00f3n de los 43 estudiantes de Ayotzinapa, Guerrero, en 2014.En un comunicado difundido este mi\u00e9rcoles, se detall\u00f3 que se\u2026","rel":"","context":"In &quot;Noticias Nacionales&quot;","block_context":{"text":"Noticias Nacionales","link":"https:\/\/noticiasya.com\/boston\/categoria\/noticias-nacionales"},"img":{"alt_text":"","src":"","width":0,"height":0},"classes":[]}],"jetpack_sharing_enabled":true,"_links":{"self":[{"href":"https:\/\/noticiasya.com\/boston\/wp-json\/wp\/v2\/posts\/1452497","targetHints":{"allow":["GET"]}}],"collection":[{"href":"https:\/\/noticiasya.com\/boston\/wp-json\/wp\/v2\/posts"}],"about":[{"href":"https:\/\/noticiasya.com\/boston\/wp-json\/wp\/v2\/types\/post"}],"replies":[{"embeddable":true,"href":"https:\/\/noticiasya.com\/boston\/wp-json\/wp\/v2\/comments?post=1452497"}],"version-history":[{"count":0,"href":"https:\/\/noticiasya.com\/boston\/wp-json\/wp\/v2\/posts\/1452497\/revisions"}],"wp:attachment":[{"href":"https:\/\/noticiasya.com\/boston\/wp-json\/wp\/v2\/media?parent=1452497"}],"wp:term":[{"taxonomy":"category","embeddable":true,"href":"https:\/\/noticiasya.com\/boston\/wp-json\/wp\/v2\/categories?post=1452497"},{"taxonomy":"post_tag","embeddable":true,"href":"https:\/\/noticiasya.com\/boston\/wp-json\/wp\/v2\/tags?post=1452497"}],"curies":[{"name":"wp","href":"https:\/\/api.w.org\/{rel}","templated":true}]}}