{"id":1452498,"date":"2024-09-06T18:03:38","date_gmt":"2024-09-07T01:03:38","guid":{"rendered":"https:\/\/noticiasya.com\/2024\/09\/06\/panama-deporto-migrantes-vuelo-financiado-eeuu-orix\/"},"modified":"2024-09-06T18:03:38","modified_gmt":"2024-09-07T01:03:38","slug":"panama-deporto-migrantes-vuelo-financiado-eeuu-orix","status":"publish","type":"post","link":"https:\/\/noticiasya.com\/boston\/2024\/09\/06\/panama-deporto-migrantes-vuelo-financiado-eeuu-orix\/","title":{"rendered":"Panam\u00e1 deport\u00f3 a 130 migrantes de India en vuelo financiado por el Gobierno de EE.UU."},"content":{"rendered":"<p>(CNN Espa\u00f1ol) &#8212; El Gobierno de Panam\u00e1 deport\u00f3 este viernes a 130 migrantes de India que hab\u00edan entrado de forma irregular al pa\u00eds por la selva del Dari\u00e9n. El vuelo fue financiado por el Gobierno de EE.UU. a un costo de US$ 700.000, seg\u00fan inform\u00f3 el director del Servicio Nacional de Migraci\u00f3n de Panam\u00e1, Roger Mojica, en conferencia de prensa.<\/p>\n<p>Esta es la primera deportaci\u00f3n de migrantes extracontinentales, destac\u00f3 Mojica, y la sexta, desde que inici\u00f3 su mandato el presidente de Panam\u00e1, Jos\u00e9 Ra\u00fal Mulino, el pasado 1 de julio, fecha en la que se firm\u00f3 un memorando de entendimiento y cooperaci\u00f3n con EE.UU., para deportar a migrantes que entran de forma irregular por Dari\u00e9n.<\/p>\n<p>El vuelo con migrantes de India, en el que se deport\u00f3 a 125 hombres y cinco mujeres, es el cuarto pagado por el Gobierno de EE.UU., en este caso con un costo de US$ 700.000, asegur\u00f3 Marlen Pi\u00f1eiro, funcionaria de la Embajada de EE.UU. en Panam\u00e1, y quien detall\u00f3 que Panam\u00e1 financi\u00f3 los otros dos vuelos.<\/p>\n<p>Por ahora se han devuelto a migrantes de Colombia, Ecuador e India, y seg\u00fan el director de Migraci\u00f3n de Panam\u00e1, los mismos se han logrado con base en las coordinaciones a trav\u00e9s de relaciones diplom\u00e1ticas, por lo cual, por ahora no es posible deportar a migrantes venezolanos, al no haber relaciones diplom\u00e1ticas con Venezuela.<\/p>\n<p>Panam\u00e1 deporta a un grupo de migrantes ecuatorianos<\/p>\n<p>En este caso, a los migrantes venezolanos se les brinda asistencia humanitaria y se les permite seguir su camino, excepto que sea captado con antecedentes o alertas, a trav\u00e9s del perfilamiento migratorio, explic\u00f3 Mojica.<\/p>\n<p>Situaci\u00f3n migratoria y derechos humanos<\/p>\n<p>El director de Migraci\u00f3n de Panam\u00e1 inform\u00f3 que, hasta este viernes, m\u00e1s de 240.000 personas entraron al pa\u00eds por la frontera con Colombia en lo que va del a\u00f1o, y que con las medidas adoptadas por el Gobierno de Panam\u00e1, que incluye el cierre de cinco trochas de acceso a la selva, hay una disminuci\u00f3n de 29 a 30%, asegur\u00f3 en la conferencia de prensa.<\/p>\n<p>En cuanto a las quejas de migrantes ecuatorianos, deportados la semana pasada, y que aseguraron haber sido maltratados en Panam\u00e1, el director de Migraci\u00f3n, Roger Mojica, neg\u00f3 los se\u00f1alamientos, dijo que se respetan los derechos humanos y que se ejerce la ley cumpliendo las normas nacionales e internacionales.<\/p>\n<p>Detall\u00f3 que el uso de esposas es una medida de seguridad, trat\u00e1ndose de un vuelo, y cuidando la posibilidad de amotinamiento.<\/p>\n<p>Al respecto, Pi\u00f1eiro, en representaci\u00f3n de la Embajada de EE.UU. en Panam\u00e1, asegur\u00f3 que hace visitas sin avisar, de forma sorpresiva, a los campamentos y centros temporales migratorios, y que da fe del respeto a los derechos humanos y la dignidad de estas personas.<\/p>\n<p>The-CNN-Wire<br \/>&trade; &amp; &copy; 2024 Cable News Network, Inc., a Warner Bros. Discovery Company. All rights reserved.<\/p>\n","protected":false},"excerpt":{"rendered":"<p>(CNN Espa\u00f1ol) &#8212; El Gobierno de Panam\u00e1 deport\u00f3 este viernes a 130 migrantes de India que hab\u00edan entrado de forma irregular al pa\u00eds por la selva del Dari\u00e9n. El vuelo fue financiado por el Gobierno de EE.UU. a un costo de US$ 700.000, seg\u00fan inform\u00f3 el director del Servicio Nacional de Migraci\u00f3n de Panam\u00e1, Roger [&hellip;]<\/p>\n","protected":false},"author":0,"featured_media":0,"comment_status":"open","ping_status":"open","sticky":false,"template":"","format":"standard","meta":{"_jetpack_memberships_contains_paid_content":false,"footnotes":""},"categories":[10],"tags":[],"class_list":["post-1452498","post","type-post","status-publish","format-standard","hentry","category-noticias-nacionales","market-global"],"yoast_head":"<!-- This site is optimized with the Yoast SEO plugin v24.4 - https:\/\/yoast.com\/wordpress\/plugins\/seo\/ -->\n<title>Panam\u00e1 deport\u00f3 a 130 migrantes de India en vuelo financiado por el Gobierno de EE.UU. - Noticias<\/title>\n<meta name=\"robots\" content=\"index, follow, max-snippet:-1, max-image-preview:large, max-video-preview:-1\" \/>\n<link rel=\"canonical\" href=\"https:\/\/noticiasya.com\/2024\/09\/06\/panama-deporto-migrantes-vuelo-financiado-eeuu-orix\/\" \/>\n<meta property=\"og:locale\" content=\"es_ES\" \/>\n<meta property=\"og:type\" content=\"article\" \/>\n<meta property=\"og:title\" content=\"Panam\u00e1 deport\u00f3 a 130 migrantes de India en vuelo financiado por el Gobierno de EE.UU. - Noticias\" \/>\n<meta property=\"og:description\" content=\"(CNN Espa\u00f1ol) &#8212; El Gobierno de Panam\u00e1 deport\u00f3 este viernes a 130 migrantes de India que hab\u00edan entrado de forma irregular al pa\u00eds por la selva del Dari\u00e9n. El vuelo fue financiado por el Gobierno de EE.UU. a un costo de US$ 700.000, seg\u00fan inform\u00f3 el director del Servicio Nacional de Migraci\u00f3n de Panam\u00e1, Roger [&hellip;]\" \/>\n<meta property=\"og:url\" content=\"https:\/\/noticiasya.com\/2024\/09\/06\/panama-deporto-migrantes-vuelo-financiado-eeuu-orix\/\" \/>\n<meta property=\"og:site_name\" content=\"Noticias\" \/>\n<meta property=\"article:published_time\" content=\"2024-09-07T01:03:38+00:00\" \/>\n<meta name=\"twitter:card\" content=\"summary_large_image\" \/>\n<meta name=\"twitter:label1\" content=\"Est. reading time\" \/>\n\t<meta name=\"twitter:data1\" content=\"2 minutos\" \/>\n<script type=\"application\/ld+json\" class=\"yoast-schema-graph\">{\"@context\":\"https:\/\/schema.org\",\"@graph\":[{\"@type\":\"Article\",\"@id\":\"https:\/\/noticiasya.com\/2024\/09\/06\/panama-deporto-migrantes-vuelo-financiado-eeuu-orix\/#article\",\"isPartOf\":{\"@id\":\"https:\/\/noticiasya.com\/2024\/09\/06\/panama-deporto-migrantes-vuelo-financiado-eeuu-orix\/\"},\"author\":{\"name\":\"\",\"@id\":\"\"},\"headline\":\"Panam\u00e1 deport\u00f3 a 130 migrantes de India en vuelo financiado por el Gobierno de EE.UU.\",\"datePublished\":\"2024-09-07T01:03:38+00:00\",\"mainEntityOfPage\":{\"@id\":\"https:\/\/noticiasya.com\/2024\/09\/06\/panama-deporto-migrantes-vuelo-financiado-eeuu-orix\/\"},\"wordCount\":506,\"commentCount\":0,\"publisher\":{\"@id\":\"https:\/\/noticiasya.com\/#organization\"},\"articleSection\":[\"Noticias Nacionales\"],\"inLanguage\":\"es\",\"potentialAction\":[{\"@type\":\"CommentAction\",\"name\":\"Comment\",\"target\":[\"https:\/\/noticiasya.com\/2024\/09\/06\/panama-deporto-migrantes-vuelo-financiado-eeuu-orix\/#respond\"]}]},{\"@type\":\"WebPage\",\"@id\":\"https:\/\/noticiasya.com\/2024\/09\/06\/panama-deporto-migrantes-vuelo-financiado-eeuu-orix\/\",\"url\":\"https:\/\/noticiasya.com\/2024\/09\/06\/panama-deporto-migrantes-vuelo-financiado-eeuu-orix\/\",\"name\":\"Panam\u00e1 deport\u00f3 a 130 migrantes de India en vuelo financiado por el Gobierno de EE.UU. - Noticias\",\"isPartOf\":{\"@id\":\"https:\/\/noticiasya.com\/#website\"},\"datePublished\":\"2024-09-07T01:03:38+00:00\",\"breadcrumb\":{\"@id\":\"https:\/\/noticiasya.com\/2024\/09\/06\/panama-deporto-migrantes-vuelo-financiado-eeuu-orix\/#breadcrumb\"},\"inLanguage\":\"es\",\"potentialAction\":[{\"@type\":\"ReadAction\",\"target\":[\"https:\/\/noticiasya.com\/2024\/09\/06\/panama-deporto-migrantes-vuelo-financiado-eeuu-orix\/\"]}]},{\"@type\":\"BreadcrumbList\",\"@id\":\"https:\/\/noticiasya.com\/2024\/09\/06\/panama-deporto-migrantes-vuelo-financiado-eeuu-orix\/#breadcrumb\",\"itemListElement\":[{\"@type\":\"ListItem\",\"position\":1,\"name\":\"Home\",\"item\":\"https:\/\/noticiasya.com\/\"},{\"@type\":\"ListItem\",\"position\":2,\"name\":\"Panam\u00e1 deport\u00f3 a 130 migrantes de India en vuelo financiado por el Gobierno de EE.UU.\"}]},{\"@type\":\"WebSite\",\"@id\":\"https:\/\/noticiasya.com\/#website\",\"url\":\"https:\/\/noticiasya.com\/\",\"name\":\"Noticias\",\"description\":\"Lo que importa\",\"publisher\":{\"@id\":\"https:\/\/noticiasya.com\/#organization\"},\"potentialAction\":[{\"@type\":\"SearchAction\",\"target\":{\"@type\":\"EntryPoint\",\"urlTemplate\":\"https:\/\/noticiasya.com\/?s={search_term_string}\"},\"query-input\":{\"@type\":\"PropertyValueSpecification\",\"valueRequired\":true,\"valueName\":\"search_term_string\"}}],\"inLanguage\":\"es\"},{\"@type\":\"Organization\",\"@id\":\"https:\/\/noticiasya.com\/#organization\",\"name\":\"Noticias\",\"url\":\"https:\/\/noticiasya.com\/\",\"logo\":{\"@type\":\"ImageObject\",\"inLanguage\":\"es\",\"@id\":\"https:\/\/noticiasya.com\/#\/schema\/logo\/image\/\",\"url\":\"https:\/\/noticiasya.com\/wp-content\/uploads\/sites\/22\/2023\/12\/logo-nacional.png\",\"contentUrl\":\"https:\/\/noticiasya.com\/wp-content\/uploads\/sites\/22\/2023\/12\/logo-nacional.png\",\"width\":1801,\"height\":691,\"caption\":\"Noticias\"},\"image\":{\"@id\":\"https:\/\/noticiasya.com\/#\/schema\/logo\/image\/\"}}]}<\/script>\n<!-- \/ Yoast SEO plugin. -->","yoast_head_json":{"title":"Panam\u00e1 deport\u00f3 a 130 migrantes de India en vuelo financiado por el Gobierno de EE.UU. - Noticias","robots":{"index":"index","follow":"follow","max-snippet":"max-snippet:-1","max-image-preview":"max-image-preview:large","max-video-preview":"max-video-preview:-1"},"canonical":"https:\/\/noticiasya.com\/2024\/09\/06\/panama-deporto-migrantes-vuelo-financiado-eeuu-orix\/","og_locale":"es_ES","og_type":"article","og_title":"Panam\u00e1 deport\u00f3 a 130 migrantes de India en vuelo financiado por el Gobierno de EE.UU. - Noticias","og_description":"(CNN Espa\u00f1ol) &#8212; El Gobierno de Panam\u00e1 deport\u00f3 este viernes a 130 migrantes de India que hab\u00edan entrado de forma irregular al pa\u00eds por la selva del Dari\u00e9n. El vuelo fue financiado por el Gobierno de EE.UU. a un costo de US$ 700.000, seg\u00fan inform\u00f3 el director del Servicio Nacional de Migraci\u00f3n de Panam\u00e1, Roger [&hellip;]","og_url":"https:\/\/noticiasya.com\/2024\/09\/06\/panama-deporto-migrantes-vuelo-financiado-eeuu-orix\/","og_site_name":"Noticias","article_published_time":"2024-09-07T01:03:38+00:00","twitter_card":"summary_large_image","twitter_misc":{"Est. reading time":"2 minutos"},"schema":{"@context":"https:\/\/schema.org","@graph":[{"@type":"Article","@id":"https:\/\/noticiasya.com\/2024\/09\/06\/panama-deporto-migrantes-vuelo-financiado-eeuu-orix\/#article","isPartOf":{"@id":"https:\/\/noticiasya.com\/2024\/09\/06\/panama-deporto-migrantes-vuelo-financiado-eeuu-orix\/"},"author":{"name":"","@id":""},"headline":"Panam\u00e1 deport\u00f3 a 130 migrantes de India en vuelo financiado por el Gobierno de EE.UU.","datePublished":"2024-09-07T01:03:38+00:00","mainEntityOfPage":{"@id":"https:\/\/noticiasya.com\/2024\/09\/06\/panama-deporto-migrantes-vuelo-financiado-eeuu-orix\/"},"wordCount":506,"commentCount":0,"publisher":{"@id":"https:\/\/noticiasya.com\/#organization"},"articleSection":["Noticias Nacionales"],"inLanguage":"es","potentialAction":[{"@type":"CommentAction","name":"Comment","target":["https:\/\/noticiasya.com\/2024\/09\/06\/panama-deporto-migrantes-vuelo-financiado-eeuu-orix\/#respond"]}]},{"@type":"WebPage","@id":"https:\/\/noticiasya.com\/2024\/09\/06\/panama-deporto-migrantes-vuelo-financiado-eeuu-orix\/","url":"https:\/\/noticiasya.com\/2024\/09\/06\/panama-deporto-migrantes-vuelo-financiado-eeuu-orix\/","name":"Panam\u00e1 deport\u00f3 a 130 migrantes de India en vuelo financiado por el Gobierno de EE.UU. - Noticias","isPartOf":{"@id":"https:\/\/noticiasya.com\/#website"},"datePublished":"2024-09-07T01:03:38+00:00","breadcrumb":{"@id":"https:\/\/noticiasya.com\/2024\/09\/06\/panama-deporto-migrantes-vuelo-financiado-eeuu-orix\/#breadcrumb"},"inLanguage":"es","potentialAction":[{"@type":"ReadAction","target":["https:\/\/noticiasya.com\/2024\/09\/06\/panama-deporto-migrantes-vuelo-financiado-eeuu-orix\/"]}]},{"@type":"BreadcrumbList","@id":"https:\/\/noticiasya.com\/2024\/09\/06\/panama-deporto-migrantes-vuelo-financiado-eeuu-orix\/#breadcrumb","itemListElement":[{"@type":"ListItem","position":1,"name":"Home","item":"https:\/\/noticiasya.com\/"},{"@type":"ListItem","position":2,"name":"Panam\u00e1 deport\u00f3 a 130 migrantes de India en vuelo financiado por el Gobierno de EE.UU."}]},{"@type":"WebSite","@id":"https:\/\/noticiasya.com\/#website","url":"https:\/\/noticiasya.com\/","name":"Noticias","description":"Lo que importa","publisher":{"@id":"https:\/\/noticiasya.com\/#organization"},"potentialAction":[{"@type":"SearchAction","target":{"@type":"EntryPoint","urlTemplate":"https:\/\/noticiasya.com\/?s={search_term_string}"},"query-input":{"@type":"PropertyValueSpecification","valueRequired":true,"valueName":"search_term_string"}}],"inLanguage":"es"},{"@type":"Organization","@id":"https:\/\/noticiasya.com\/#organization","name":"Noticias","url":"https:\/\/noticiasya.com\/","logo":{"@type":"ImageObject","inLanguage":"es","@id":"https:\/\/noticiasya.com\/#\/schema\/logo\/image\/","url":"https:\/\/noticiasya.com\/wp-content\/uploads\/sites\/22\/2023\/12\/logo-nacional.png","contentUrl":"https:\/\/noticiasya.com\/wp-content\/uploads\/sites\/22\/2023\/12\/logo-nacional.png","width":1801,"height":691,"caption":"Noticias"},"image":{"@id":"https:\/\/noticiasya.com\/#\/schema\/logo\/image\/"}}]}},"parsely":{"version":"1.1.0","canonical_url":"https:\/\/noticiasya.com\/boston\/2024\/09\/06\/panama-deporto-migrantes-vuelo-financiado-eeuu-orix\/","smart_links":{"inbound":0,"outbound":0},"traffic_boost_suggestions_count":0,"meta":{"@context":"https:\/\/schema.org","@type":"NewsArticle","headline":"Panam\u00e1 deport\u00f3 a 130 migrantes de India en vuelo financiado por el Gobierno de EE.UU.","url":"http:\/\/noticiasya.com\/boston\/2024\/09\/06\/panama-deporto-migrantes-vuelo-financiado-eeuu-orix\/","mainEntityOfPage":{"@type":"WebPage","@id":"http:\/\/noticiasya.com\/boston\/2024\/09\/06\/panama-deporto-migrantes-vuelo-financiado-eeuu-orix\/"},"thumbnailUrl":"","image":{"@type":"ImageObject","url":""},"articleSection":"Noticias Nacionales","author":[],"creator":[],"publisher":{"@type":"Organization","name":"Noticias","logo":""},"keywords":[],"dateCreated":"2024-09-07T01:03:38Z","datePublished":"2024-09-07T01:03:38Z","dateModified":"2024-09-07T01:03:38Z"},"rendered":"<script type=\"application\/ld+json\" class=\"wp-parsely-metadata\">{\"@context\":\"https:\\\/\\\/schema.org\",\"@type\":\"NewsArticle\",\"headline\":\"Panam\\u00e1 deport\\u00f3 a 130 migrantes de India en vuelo financiado por el Gobierno de EE.UU.\",\"url\":\"http:\\\/\\\/noticiasya.com\\\/boston\\\/2024\\\/09\\\/06\\\/panama-deporto-migrantes-vuelo-financiado-eeuu-orix\\\/\",\"mainEntityOfPage\":{\"@type\":\"WebPage\",\"@id\":\"http:\\\/\\\/noticiasya.com\\\/boston\\\/2024\\\/09\\\/06\\\/panama-deporto-migrantes-vuelo-financiado-eeuu-orix\\\/\"},\"thumbnailUrl\":\"\",\"image\":{\"@type\":\"ImageObject\",\"url\":\"\"},\"articleSection\":\"Noticias Nacionales\",\"author\":[],\"creator\":[],\"publisher\":{\"@type\":\"Organization\",\"name\":\"Noticias\",\"logo\":\"\"},\"keywords\":[],\"dateCreated\":\"2024-09-07T01:03:38Z\",\"datePublished\":\"2024-09-07T01:03:38Z\",\"dateModified\":\"2024-09-07T01:03:38Z\"}<\/script>","tracker_url":"https:\/\/cdn.parsely.com\/keys\/noticiasya.com\/p.js"},"jetpack_featured_media_url":"","jetpack-related-posts":[{"id":1452078,"url":"https:\/\/noticiasya.com\/boston\/2024\/08\/22\/panama-vuelos-deportacion-ecuador-colombia-trax\/","url_meta":{"origin":1452498,"position":0},"title":"Panam\u00e1 iniciar\u00e1 vuelos de deportaci\u00f3n a Ecuador y Colombia","author":"","date":"agosto 22, 2024","format":false,"excerpt":"(CNN) -- Panam\u00e1 deportar\u00e1 a m\u00e1s de 100 migrantes de China, India, Ecuador y Colombia, en una nueva ofensiva contra el n\u00famero de personas que viajan hacia el norte a trav\u00e9s de Centroam\u00e9rica, anunci\u00f3 este jueves el presidente Jos\u00e9 Mulino.Estas deportaciones forman parte del memorando de cooperaci\u00f3n de Panam\u00e1 con\u2026","rel":"","context":"In &quot;Noticias Nacionales&quot;","block_context":{"text":"Noticias Nacionales","link":"https:\/\/noticiasya.com\/boston\/categoria\/noticias-nacionales"},"img":{"alt_text":"","src":"","width":0,"height":0},"classes":[]},{"id":1458700,"url":"https:\/\/noticiasya.com\/boston\/2025\/02\/13\/deportacion-migrantes-paises-asiaticos-panama-trax\/","url_meta":{"origin":1452498,"position":1},"title":"Mulino afirma que EE.UU. deport\u00f3 a migrantes de varios pa\u00edses asi\u00e1ticos a Panam\u00e1","author":"","date":"febrero 13, 2025","format":false,"excerpt":"Un avi\u00f3n militar estadounidense que deport\u00f3 a 119 ciudadanos no paname\u00f1os, incluidos inmigrantes de varios pa\u00edses asi\u00e1ticos, lleg\u00f3 a la naci\u00f3n centroamericana el mi\u00e9rcoles, dijo el presidente de Panam\u00e1, Jos\u00e9 Ra\u00fal Mulino, en una conferencia de prensa este jueves.Los migrantes, de \u201clas nacionalidades m\u00e1s diversas del mundo\u201d, fueron recibidos por\u2026","rel":"","context":"In &quot;Noticias Nacionales&quot;","block_context":{"text":"Noticias Nacionales","link":"https:\/\/noticiasya.com\/boston\/categoria\/noticias-nacionales"},"img":{"alt_text":"","src":"","width":0,"height":0},"classes":[]},{"id":1456707,"url":"https:\/\/noticiasya.com\/boston\/2024\/12\/18\/migrantes-darien-disminuyo-41-2024-orix\/","url_meta":{"origin":1452498,"position":2},"title":"El n\u00famero de migrantes que cruzaron el Dari\u00e9n disminuy\u00f3 un 41% en 2024, informan autoridades paname\u00f1as","author":"","date":"diciembre 18, 2024","format":false,"excerpt":"La cifra de migrantes que atravesaron la selva del Dari\u00e9n en 2024 disminuy\u00f3 un 41% comparada con el mismo periodo en 2023, inform\u00f3 este martes el director del Servicio Nacional de Migraci\u00f3n (SNM) de Panam\u00e1, Roger Mojica Rivera.Las autoridades paname\u00f1as han registrado el ingreso de 300.549 migrantes irregulares por la\u2026","rel":"","context":"In &quot;Noticias Nacionales&quot;","block_context":{"text":"Noticias Nacionales","link":"https:\/\/noticiasya.com\/boston\/categoria\/noticias-nacionales"},"img":{"alt_text":"","src":"","width":0,"height":0},"classes":[]},{"id":1460767,"url":"https:\/\/noticiasya.com\/boston\/2025\/04\/02\/migrantes-venezolanos-regresaran-vuelos-jueves-viernes-nicolas-maduro-orix\/","url_meta":{"origin":1452498,"position":3},"title":"Cientos de migrantes venezolanos regresar\u00e1n a su pa\u00eds en 3 vuelos entre el jueves y viernes, dice Nicol\u00e1s Maduro","author":"","date":"abril 2, 2025","format":false,"excerpt":"Cientos de migrantes venezolanos regresar\u00e1n a su pa\u00eds en tres vuelos que llegar\u00e1n entre el jueves y el viernes, anunci\u00f3 este mi\u00e9rcoles el presidente de Venezuela, Nicol\u00e1s Maduro.Los dos primeros, que arribar\u00e1n el jueves, ser\u00e1n realizados en aviones de la aerol\u00ednea estatal Conviasa, dijo el mandatario durante un acto p\u00fablico.Uno\u2026","rel":"","context":"In &quot;Noticias Nacionales&quot;","block_context":{"text":"Noticias Nacionales","link":"https:\/\/noticiasya.com\/boston\/categoria\/noticias-nacionales"},"img":{"alt_text":"","src":"","width":0,"height":0},"classes":[]},{"id":1459001,"url":"https:\/\/noticiasya.com\/boston\/2025\/02\/20\/eeuu-deporta-migrantes-venezolanos-guantanamo-trax\/","url_meta":{"origin":1452498,"position":4},"title":"EE.UU. deporta a migrantes venezolanos de la base de Guant\u00e1namo","author":"","date":"febrero 20, 2025","format":false,"excerpt":"Estados Unidos deport\u00f3 este jueves a m\u00e1s de 170 migrantes venezolanos de la Base Naval de Guant\u00e1namo a Honduras, antes de su esperado traslado a Venezuela, lo que pareci\u00f3 haber casi vaciado de migrantes la base.Los deportados fueron trasladados en avi\u00f3n de Guant\u00e1namo a la ciudad de Comayagua, Honduras, y\u2026","rel":"","context":"In &quot;Noticias Nacionales&quot;","block_context":{"text":"Noticias Nacionales","link":"https:\/\/noticiasya.com\/boston\/categoria\/noticias-nacionales"},"img":{"alt_text":"","src":"","width":0,"height":0},"classes":[]},{"id":1462455,"url":"https:\/\/noticiasya.com\/boston\/2025\/05\/16\/tribunal-rechaza-reanudar-deportaciones-terceros-paises-trax\/","url_meta":{"origin":1452498,"position":5},"title":"Tribunal de apelaciones rechaza solicitud del Gobierno de EE.UU. para reanudar las deportaciones a terceros pa\u00edses","author":"","date":"mayo 16, 2025","format":false,"excerpt":"Un tribunal federal de apelaciones de Estados Unidos se neg\u00f3 este viernes a permitir que la administraci\u00f3n Trump reanude la deportaci\u00f3n de inmigrantes a pa\u00edses distintos al suyo sin previo aviso ni la oportunidad de buscar protecci\u00f3n contra la persecuci\u00f3n o la tortura.El Tribunal de Apelaciones del Primer Circuito de\u2026","rel":"","context":"In &quot;Noticias Nacionales&quot;","block_context":{"text":"Noticias Nacionales","link":"https:\/\/noticiasya.com\/boston\/categoria\/noticias-nacionales"},"img":{"alt_text":"","src":"","width":0,"height":0},"classes":[]}],"jetpack_sharing_enabled":true,"_links":{"self":[{"href":"https:\/\/noticiasya.com\/boston\/wp-json\/wp\/v2\/posts\/1452498","targetHints":{"allow":["GET"]}}],"collection":[{"href":"https:\/\/noticiasya.com\/boston\/wp-json\/wp\/v2\/posts"}],"about":[{"href":"https:\/\/noticiasya.com\/boston\/wp-json\/wp\/v2\/types\/post"}],"replies":[{"embeddable":true,"href":"https:\/\/noticiasya.com\/boston\/wp-json\/wp\/v2\/comments?post=1452498"}],"version-history":[{"count":0,"href":"https:\/\/noticiasya.com\/boston\/wp-json\/wp\/v2\/posts\/1452498\/revisions"}],"wp:attachment":[{"href":"https:\/\/noticiasya.com\/boston\/wp-json\/wp\/v2\/media?parent=1452498"}],"wp:term":[{"taxonomy":"category","embeddable":true,"href":"https:\/\/noticiasya.com\/boston\/wp-json\/wp\/v2\/categories?post=1452498"},{"taxonomy":"post_tag","embeddable":true,"href":"https:\/\/noticiasya.com\/boston\/wp-json\/wp\/v2\/tags?post=1452498"}],"curies":[{"name":"wp","href":"https:\/\/api.w.org\/{rel}","templated":true}]}}