{"id":1452526,"date":"2024-09-08T02:03:37","date_gmt":"2024-09-08T09:03:37","guid":{"rendered":"https:\/\/noticiasya.com\/2024\/09\/08\/afirmacion-de-trump-terroristas-estan-invadiendo-frontera-sur-no-resiste-escrutinio-trax\/"},"modified":"2024-09-08T02:03:37","modified_gmt":"2024-09-08T09:03:37","slug":"afirmacion-de-trump-terroristas-estan-invadiendo-frontera-sur-no-resiste-escrutinio-trax","status":"publish","type":"post","link":"https:\/\/noticiasya.com\/boston\/2024\/09\/08\/afirmacion-de-trump-terroristas-estan-invadiendo-frontera-sur-no-resiste-escrutinio-trax\/","title":{"rendered":"La afirmaci\u00f3n de Trump de que los terroristas est\u00e1n invadiendo la frontera sur no resiste el escrutinio"},"content":{"rendered":"<p>(CNN) &#8212; Este mi\u00e9rcoles, en un foro abierto de Fox News, el expresidente Donald Trump anticip\u00f3 algunos de los temas que probablemente escucharemos m\u00e1s de \u00e9l en la campa\u00f1a electoral y durante su debate del 10 de septiembre con la vicepresidenta Kamala Harris.<\/p>\n<p>Al hablar de la frontera sur de Estados Unidos, Trump afirm\u00f3 que \u201chan entrado m\u00e1s terroristas a Estados Unidos en los \u00faltimos tres a\u00f1os. Y creo que probablemente en 50 a\u00f1os\u201d.<\/p>\n<p>A medida que nos acercamos al 23 aniversario de los ataques del 11 de septiembre, parece una afirmaci\u00f3n extra\u00f1a cuando 19 secuestradores \u00e1rabes, ninguno de los cuales hab\u00eda cruzado la frontera sur hacia Estados Unidos, mataron a casi 3.000 personas , la gran mayor\u00eda de ellas en la ciudad natal de Trump, Nueva York.<\/p>\n<p>Y si realmente fuera cierto que los terroristas yihadistas hab\u00edan estado cruzando la frontera sur de Estados Unidos en los \u00faltimos tres a\u00f1os, como afirm\u00f3 Trump, \u00bfno se habr\u00edan producido, ya sabe, algunos ataques terroristas en Estados Unidos como resultado de ello? O, por lo menos, \u00bfno se habr\u00edan detenido a muchos m\u00e1s terroristas en Estados Unidos durante ese mismo per\u00edodo?<\/p>\n<p>De hecho, durante los \u00faltimos tres a\u00f1os no se ha registrado ning\u00fan ataque terrorista en Estados Unidos llevado a cabo por terroristas yihadistas que hayan cruzado la frontera sur.<\/p>\n<p>De hecho, el ataque terrorista letal m\u00e1s reciente perpetrado por un terrorista yihadista ocurri\u00f3 cuando el propio Trump estaba en el cargo en 2019, cuando un oficial militar saud\u00ed mat\u00f3 a tres marineros estadounidenses en la Estaci\u00f3n A\u00e9rea Naval de Pensacola, Florida, y \u00e9l hab\u00eda llegado legalmente a Estados Unidos como parte de un programa de entrenamiento del Pent\u00e1gono.<\/p>\n<p>Mientras tanto, durante los \u00faltimos tres a\u00f1os, 22 personas han sido asesinadas en Estados Unidos por terroristas dom\u00e9sticos de extrema derecha en lugares como Buffalo, Nueva York, y Allen, Texas, seg\u00fan datos recopilados por New America, una instituci\u00f3n de investigaci\u00f3n (donde soy vicepresidente).<\/p>\n<p>El normalmente locuaz Trump no suele tener mucho que decir cuando terroristas locales de extrema derecha perpetran actos terroristas en Estados Unidos.<\/p>\n<p>En el foro de Fox, Trump tambi\u00e9n afirm\u00f3 que no hubo actos de \u201cterrorismo isl\u00e1mico radical\u201d mientras \u00e9l era presidente. Sin embargo, el ataque terrorista en Pensacola ocurri\u00f3 bajo su supervisi\u00f3n, al igual que el ataque en Manhattan en 2017 por un terrorista inspirado en ISIS que mat\u00f3 a ocho personas usando un cami\u00f3n como arma.<\/p>\n<p>El tropo de los &#171;terroristas cruzando la frontera sur&#187; es una remezcla de 2024 del llamado de Trump a una prohibici\u00f3n musulmana durante la campa\u00f1a electoral de 2016, que combin\u00f3 las preocupaciones generalizadas de los estadounidenses sobre la inmigraci\u00f3n con su miedo al terrorismo, que desde los ataques del 11 de septiembre ha quedado impreso en las mentes de muchos estadounidenses.<\/p>\n<p>Sin duda, existen preocupaciones razonables sobre la frontera sur, como el hecho de que, como inform\u00f3 CNN en junio, ocho ciudadanos de Tayikist\u00e1n que se encontraban en Estados Unidos y hab\u00edan cruzado la frontera sur fueron arrestados por cargos de inmigraci\u00f3n \u201ctras el descubrimiento de posibles v\u00ednculos con el terrorismo\u201d, incluido posiblemente con el ISIS. Sin embargo, no hab\u00eda pruebas de que estos hombres estuvieran planeando un ataque terrorista.<\/p>\n<p>Adem\u00e1s, el director del FBI, Christopher Wray, testific\u00f3 el a\u00f1o pasado ante el Comit\u00e9 Judicial del Senado de Estados Unidos: \u201cMe preocupa que estemos en\u2026 un entorno de mayor amenaza por parte de organizaciones terroristas extranjeras por una gran cantidad de razones y, obviamente, su capacidad para explotar cualquier puerto de entrada, incluida nuestra frontera suroeste\u2026 Hemos visto un aumento de los llamados KST, &#8216;terroristas conocidos o sospechosos&#8217;, que intentan cruzar en los \u00faltimos cinco a\u00f1os\u201d.<\/p>\n<p>Es el caso que seg\u00fan las estad\u00edsticas m\u00e1s recientes de Aduanas y Protecci\u00f3n Fronteriza de Estados Unidos, en lo que va de 2024, hubo 43 \u201cencuentros\u201d con personas en la lista de vigilancia de terrorismo en la frontera sur.<\/p>\n<p>Adem\u00e1s, en 2024, la Patrulla de Aduanas y Protecci\u00f3n Fronteriza tuvo 281 encuentros con personas en la lista de vigilancia por terrorismo en la frontera de Estados Unidos con Canad\u00e1. Sin embargo, Trump no est\u00e1 pidiendo una aplicaci\u00f3n draconiana de las leyes de inmigraci\u00f3n para las personas que cruzan la frontera canadiense, a pesar de que en lo que va de a\u00f1o alrededor de seis veces m\u00e1s personas en la lista de vigilancia por terrorismo intentaron cruzar esa frontera.<\/p>\n<p>Adem\u00e1s, estar en la lista de vigilancia terrorista no significa que usted sea un terrorista; CBS News ha informado que hay alrededor de dos millones de personas en ella.<\/p>\n<p>Todo esto dista mucho de la afirmaci\u00f3n de Trump en Fox de que \u201cm\u00e1s terroristas han entrado a Estados Unidos en los \u00faltimos tres a\u00f1os. Y creo que probablemente en 50 a\u00f1os\u201d y que no hubo terrorismo islamista en Estados Unidos durante los cuatro a\u00f1os que estuvo en el cargo.<\/p>\n<p>Sin embargo, si el desempe\u00f1o pasado predice el desempe\u00f1o futuro, Trump probablemente har\u00e1 afirmaciones similares durante las \u00faltimas semanas de la campa\u00f1a electoral.<\/p>\n<p>The-CNN-Wire<br \/>&trade; &amp; &copy; 2024 Cable News Network, Inc., a Warner Bros. Discovery Company. All rights reserved.<\/p>\n","protected":false},"excerpt":{"rendered":"<p>(CNN) &#8212; Este mi\u00e9rcoles, en un foro abierto de Fox News, el expresidente Donald Trump anticip\u00f3 algunos de los temas que probablemente escucharemos m\u00e1s de \u00e9l en la campa\u00f1a electoral y durante su debate del 10 de septiembre con la vicepresidenta Kamala Harris. Al hablar de la frontera sur de Estados Unidos, Trump afirm\u00f3 que [&hellip;]<\/p>\n","protected":false},"author":0,"featured_media":0,"comment_status":"open","ping_status":"open","sticky":false,"template":"","format":"standard","meta":{"_jetpack_memberships_contains_paid_content":false,"footnotes":""},"categories":[10],"tags":[],"class_list":["post-1452526","post","type-post","status-publish","format-standard","hentry","category-noticias-nacionales","market-global"],"yoast_head":"<!-- This site is optimized with the Yoast SEO plugin v24.4 - https:\/\/yoast.com\/wordpress\/plugins\/seo\/ -->\n<title>La afirmaci\u00f3n de Trump de que los terroristas est\u00e1n invadiendo la frontera sur no resiste el escrutinio - Noticias<\/title>\n<meta name=\"robots\" content=\"index, follow, max-snippet:-1, max-image-preview:large, max-video-preview:-1\" \/>\n<link rel=\"canonical\" href=\"https:\/\/noticiasya.com\/2024\/09\/08\/afirmacion-de-trump-terroristas-estan-invadiendo-frontera-sur-no-resiste-escrutinio-trax\/\" \/>\n<meta property=\"og:locale\" content=\"es_ES\" \/>\n<meta property=\"og:type\" content=\"article\" \/>\n<meta property=\"og:title\" content=\"La afirmaci\u00f3n de Trump de que los terroristas est\u00e1n invadiendo la frontera sur no resiste el escrutinio - Noticias\" \/>\n<meta property=\"og:description\" content=\"(CNN) &#8212; Este mi\u00e9rcoles, en un foro abierto de Fox News, el expresidente Donald Trump anticip\u00f3 algunos de los temas que probablemente escucharemos m\u00e1s de \u00e9l en la campa\u00f1a electoral y durante su debate del 10 de septiembre con la vicepresidenta Kamala Harris. Al hablar de la frontera sur de Estados Unidos, Trump afirm\u00f3 que [&hellip;]\" \/>\n<meta property=\"og:url\" content=\"https:\/\/noticiasya.com\/2024\/09\/08\/afirmacion-de-trump-terroristas-estan-invadiendo-frontera-sur-no-resiste-escrutinio-trax\/\" \/>\n<meta property=\"og:site_name\" content=\"Noticias\" \/>\n<meta property=\"article:published_time\" content=\"2024-09-08T09:03:37+00:00\" \/>\n<meta name=\"twitter:card\" content=\"summary_large_image\" \/>\n<meta name=\"twitter:label1\" content=\"Est. reading time\" \/>\n\t<meta name=\"twitter:data1\" content=\"4 minutos\" \/>\n<script type=\"application\/ld+json\" class=\"yoast-schema-graph\">{\"@context\":\"https:\/\/schema.org\",\"@graph\":[{\"@type\":\"Article\",\"@id\":\"https:\/\/noticiasya.com\/2024\/09\/08\/afirmacion-de-trump-terroristas-estan-invadiendo-frontera-sur-no-resiste-escrutinio-trax\/#article\",\"isPartOf\":{\"@id\":\"https:\/\/noticiasya.com\/2024\/09\/08\/afirmacion-de-trump-terroristas-estan-invadiendo-frontera-sur-no-resiste-escrutinio-trax\/\"},\"author\":{\"name\":\"\",\"@id\":\"\"},\"headline\":\"La afirmaci\u00f3n de Trump de que los terroristas est\u00e1n invadiendo la frontera sur no resiste el escrutinio\",\"datePublished\":\"2024-09-08T09:03:37+00:00\",\"mainEntityOfPage\":{\"@id\":\"https:\/\/noticiasya.com\/2024\/09\/08\/afirmacion-de-trump-terroristas-estan-invadiendo-frontera-sur-no-resiste-escrutinio-trax\/\"},\"wordCount\":903,\"commentCount\":0,\"publisher\":{\"@id\":\"https:\/\/noticiasya.com\/#organization\"},\"articleSection\":[\"Noticias Nacionales\"],\"inLanguage\":\"es\",\"potentialAction\":[{\"@type\":\"CommentAction\",\"name\":\"Comment\",\"target\":[\"https:\/\/noticiasya.com\/2024\/09\/08\/afirmacion-de-trump-terroristas-estan-invadiendo-frontera-sur-no-resiste-escrutinio-trax\/#respond\"]}]},{\"@type\":\"WebPage\",\"@id\":\"https:\/\/noticiasya.com\/2024\/09\/08\/afirmacion-de-trump-terroristas-estan-invadiendo-frontera-sur-no-resiste-escrutinio-trax\/\",\"url\":\"https:\/\/noticiasya.com\/2024\/09\/08\/afirmacion-de-trump-terroristas-estan-invadiendo-frontera-sur-no-resiste-escrutinio-trax\/\",\"name\":\"La afirmaci\u00f3n de Trump de que los terroristas est\u00e1n invadiendo la frontera sur no resiste el escrutinio - Noticias\",\"isPartOf\":{\"@id\":\"https:\/\/noticiasya.com\/#website\"},\"datePublished\":\"2024-09-08T09:03:37+00:00\",\"breadcrumb\":{\"@id\":\"https:\/\/noticiasya.com\/2024\/09\/08\/afirmacion-de-trump-terroristas-estan-invadiendo-frontera-sur-no-resiste-escrutinio-trax\/#breadcrumb\"},\"inLanguage\":\"es\",\"potentialAction\":[{\"@type\":\"ReadAction\",\"target\":[\"https:\/\/noticiasya.com\/2024\/09\/08\/afirmacion-de-trump-terroristas-estan-invadiendo-frontera-sur-no-resiste-escrutinio-trax\/\"]}]},{\"@type\":\"BreadcrumbList\",\"@id\":\"https:\/\/noticiasya.com\/2024\/09\/08\/afirmacion-de-trump-terroristas-estan-invadiendo-frontera-sur-no-resiste-escrutinio-trax\/#breadcrumb\",\"itemListElement\":[{\"@type\":\"ListItem\",\"position\":1,\"name\":\"Home\",\"item\":\"https:\/\/noticiasya.com\/\"},{\"@type\":\"ListItem\",\"position\":2,\"name\":\"La afirmaci\u00f3n de Trump de que los terroristas est\u00e1n invadiendo la frontera sur no resiste el escrutinio\"}]},{\"@type\":\"WebSite\",\"@id\":\"https:\/\/noticiasya.com\/#website\",\"url\":\"https:\/\/noticiasya.com\/\",\"name\":\"Noticias\",\"description\":\"Lo que importa\",\"publisher\":{\"@id\":\"https:\/\/noticiasya.com\/#organization\"},\"potentialAction\":[{\"@type\":\"SearchAction\",\"target\":{\"@type\":\"EntryPoint\",\"urlTemplate\":\"https:\/\/noticiasya.com\/?s={search_term_string}\"},\"query-input\":{\"@type\":\"PropertyValueSpecification\",\"valueRequired\":true,\"valueName\":\"search_term_string\"}}],\"inLanguage\":\"es\"},{\"@type\":\"Organization\",\"@id\":\"https:\/\/noticiasya.com\/#organization\",\"name\":\"Noticias\",\"url\":\"https:\/\/noticiasya.com\/\",\"logo\":{\"@type\":\"ImageObject\",\"inLanguage\":\"es\",\"@id\":\"https:\/\/noticiasya.com\/#\/schema\/logo\/image\/\",\"url\":\"https:\/\/noticiasya.com\/wp-content\/uploads\/sites\/22\/2023\/12\/logo-nacional.png\",\"contentUrl\":\"https:\/\/noticiasya.com\/wp-content\/uploads\/sites\/22\/2023\/12\/logo-nacional.png\",\"width\":1801,\"height\":691,\"caption\":\"Noticias\"},\"image\":{\"@id\":\"https:\/\/noticiasya.com\/#\/schema\/logo\/image\/\"}}]}<\/script>\n<!-- \/ Yoast SEO plugin. -->","yoast_head_json":{"title":"La afirmaci\u00f3n de Trump de que los terroristas est\u00e1n invadiendo la frontera sur no resiste el escrutinio - Noticias","robots":{"index":"index","follow":"follow","max-snippet":"max-snippet:-1","max-image-preview":"max-image-preview:large","max-video-preview":"max-video-preview:-1"},"canonical":"https:\/\/noticiasya.com\/2024\/09\/08\/afirmacion-de-trump-terroristas-estan-invadiendo-frontera-sur-no-resiste-escrutinio-trax\/","og_locale":"es_ES","og_type":"article","og_title":"La afirmaci\u00f3n de Trump de que los terroristas est\u00e1n invadiendo la frontera sur no resiste el escrutinio - Noticias","og_description":"(CNN) &#8212; Este mi\u00e9rcoles, en un foro abierto de Fox News, el expresidente Donald Trump anticip\u00f3 algunos de los temas que probablemente escucharemos m\u00e1s de \u00e9l en la campa\u00f1a electoral y durante su debate del 10 de septiembre con la vicepresidenta Kamala Harris. Al hablar de la frontera sur de Estados Unidos, Trump afirm\u00f3 que [&hellip;]","og_url":"https:\/\/noticiasya.com\/2024\/09\/08\/afirmacion-de-trump-terroristas-estan-invadiendo-frontera-sur-no-resiste-escrutinio-trax\/","og_site_name":"Noticias","article_published_time":"2024-09-08T09:03:37+00:00","twitter_card":"summary_large_image","twitter_misc":{"Est. reading time":"4 minutos"},"schema":{"@context":"https:\/\/schema.org","@graph":[{"@type":"Article","@id":"https:\/\/noticiasya.com\/2024\/09\/08\/afirmacion-de-trump-terroristas-estan-invadiendo-frontera-sur-no-resiste-escrutinio-trax\/#article","isPartOf":{"@id":"https:\/\/noticiasya.com\/2024\/09\/08\/afirmacion-de-trump-terroristas-estan-invadiendo-frontera-sur-no-resiste-escrutinio-trax\/"},"author":{"name":"","@id":""},"headline":"La afirmaci\u00f3n de Trump de que los terroristas est\u00e1n invadiendo la frontera sur no resiste el escrutinio","datePublished":"2024-09-08T09:03:37+00:00","mainEntityOfPage":{"@id":"https:\/\/noticiasya.com\/2024\/09\/08\/afirmacion-de-trump-terroristas-estan-invadiendo-frontera-sur-no-resiste-escrutinio-trax\/"},"wordCount":903,"commentCount":0,"publisher":{"@id":"https:\/\/noticiasya.com\/#organization"},"articleSection":["Noticias Nacionales"],"inLanguage":"es","potentialAction":[{"@type":"CommentAction","name":"Comment","target":["https:\/\/noticiasya.com\/2024\/09\/08\/afirmacion-de-trump-terroristas-estan-invadiendo-frontera-sur-no-resiste-escrutinio-trax\/#respond"]}]},{"@type":"WebPage","@id":"https:\/\/noticiasya.com\/2024\/09\/08\/afirmacion-de-trump-terroristas-estan-invadiendo-frontera-sur-no-resiste-escrutinio-trax\/","url":"https:\/\/noticiasya.com\/2024\/09\/08\/afirmacion-de-trump-terroristas-estan-invadiendo-frontera-sur-no-resiste-escrutinio-trax\/","name":"La afirmaci\u00f3n de Trump de que los terroristas est\u00e1n invadiendo la frontera sur no resiste el escrutinio - Noticias","isPartOf":{"@id":"https:\/\/noticiasya.com\/#website"},"datePublished":"2024-09-08T09:03:37+00:00","breadcrumb":{"@id":"https:\/\/noticiasya.com\/2024\/09\/08\/afirmacion-de-trump-terroristas-estan-invadiendo-frontera-sur-no-resiste-escrutinio-trax\/#breadcrumb"},"inLanguage":"es","potentialAction":[{"@type":"ReadAction","target":["https:\/\/noticiasya.com\/2024\/09\/08\/afirmacion-de-trump-terroristas-estan-invadiendo-frontera-sur-no-resiste-escrutinio-trax\/"]}]},{"@type":"BreadcrumbList","@id":"https:\/\/noticiasya.com\/2024\/09\/08\/afirmacion-de-trump-terroristas-estan-invadiendo-frontera-sur-no-resiste-escrutinio-trax\/#breadcrumb","itemListElement":[{"@type":"ListItem","position":1,"name":"Home","item":"https:\/\/noticiasya.com\/"},{"@type":"ListItem","position":2,"name":"La afirmaci\u00f3n de Trump de que los terroristas est\u00e1n invadiendo la frontera sur no resiste el escrutinio"}]},{"@type":"WebSite","@id":"https:\/\/noticiasya.com\/#website","url":"https:\/\/noticiasya.com\/","name":"Noticias","description":"Lo que importa","publisher":{"@id":"https:\/\/noticiasya.com\/#organization"},"potentialAction":[{"@type":"SearchAction","target":{"@type":"EntryPoint","urlTemplate":"https:\/\/noticiasya.com\/?s={search_term_string}"},"query-input":{"@type":"PropertyValueSpecification","valueRequired":true,"valueName":"search_term_string"}}],"inLanguage":"es"},{"@type":"Organization","@id":"https:\/\/noticiasya.com\/#organization","name":"Noticias","url":"https:\/\/noticiasya.com\/","logo":{"@type":"ImageObject","inLanguage":"es","@id":"https:\/\/noticiasya.com\/#\/schema\/logo\/image\/","url":"https:\/\/noticiasya.com\/wp-content\/uploads\/sites\/22\/2023\/12\/logo-nacional.png","contentUrl":"https:\/\/noticiasya.com\/wp-content\/uploads\/sites\/22\/2023\/12\/logo-nacional.png","width":1801,"height":691,"caption":"Noticias"},"image":{"@id":"https:\/\/noticiasya.com\/#\/schema\/logo\/image\/"}}]}},"parsely":{"version":"1.1.0","canonical_url":"https:\/\/noticiasya.com\/boston\/2024\/09\/08\/afirmacion-de-trump-terroristas-estan-invadiendo-frontera-sur-no-resiste-escrutinio-trax\/","smart_links":{"inbound":0,"outbound":0},"traffic_boost_suggestions_count":0,"meta":{"@context":"https:\/\/schema.org","@type":"NewsArticle","headline":"La afirmaci\u00f3n de Trump de que los terroristas est\u00e1n invadiendo la frontera sur no resiste el escrutinio","url":"http:\/\/noticiasya.com\/boston\/2024\/09\/08\/afirmacion-de-trump-terroristas-estan-invadiendo-frontera-sur-no-resiste-escrutinio-trax\/","mainEntityOfPage":{"@type":"WebPage","@id":"http:\/\/noticiasya.com\/boston\/2024\/09\/08\/afirmacion-de-trump-terroristas-estan-invadiendo-frontera-sur-no-resiste-escrutinio-trax\/"},"thumbnailUrl":"","image":{"@type":"ImageObject","url":""},"articleSection":"Noticias Nacionales","author":[],"creator":[],"publisher":{"@type":"Organization","name":"Noticias","logo":""},"keywords":[],"dateCreated":"2024-09-08T09:03:37Z","datePublished":"2024-09-08T09:03:37Z","dateModified":"2024-09-08T09:03:37Z"},"rendered":"<script type=\"application\/ld+json\" class=\"wp-parsely-metadata\">{\"@context\":\"https:\\\/\\\/schema.org\",\"@type\":\"NewsArticle\",\"headline\":\"La afirmaci\\u00f3n de Trump de que los terroristas est\\u00e1n invadiendo la frontera sur no resiste el escrutinio\",\"url\":\"http:\\\/\\\/noticiasya.com\\\/boston\\\/2024\\\/09\\\/08\\\/afirmacion-de-trump-terroristas-estan-invadiendo-frontera-sur-no-resiste-escrutinio-trax\\\/\",\"mainEntityOfPage\":{\"@type\":\"WebPage\",\"@id\":\"http:\\\/\\\/noticiasya.com\\\/boston\\\/2024\\\/09\\\/08\\\/afirmacion-de-trump-terroristas-estan-invadiendo-frontera-sur-no-resiste-escrutinio-trax\\\/\"},\"thumbnailUrl\":\"\",\"image\":{\"@type\":\"ImageObject\",\"url\":\"\"},\"articleSection\":\"Noticias Nacionales\",\"author\":[],\"creator\":[],\"publisher\":{\"@type\":\"Organization\",\"name\":\"Noticias\",\"logo\":\"\"},\"keywords\":[],\"dateCreated\":\"2024-09-08T09:03:37Z\",\"datePublished\":\"2024-09-08T09:03:37Z\",\"dateModified\":\"2024-09-08T09:03:37Z\"}<\/script>","tracker_url":"https:\/\/cdn.parsely.com\/keys\/noticiasya.com\/p.js"},"jetpack_featured_media_url":"","jetpack-related-posts":[{"id":1455170,"url":"https:\/\/noticiasya.com\/boston\/2024\/10\/16\/cnn-verifica-trump-19-afirmaciones-falsas-foro-fox-mujeres-trax\/","url_meta":{"origin":1452526,"position":0},"title":"CNN verifica: Trump hizo al menos 19 afirmaciones falsas en un foro de Fox con mujeres en una sola hora","author":"","date":"octubre 16, 2024","format":false,"excerpt":"Washington (CNN) -- El expresidente Donald Trump, que se encuentra en desventaja entre las mujeres en las \u00faltimas encuestas nacionales, particip\u00f3 el martes en un foro de Fox News ante una audiencia femenina.All\u00ed dijo un mont\u00f3n de mentiras.El candidato presidencial republicano hizo al menos 19 afirmaciones falsas en el acto\u2026","rel":"","context":"In &quot;Noticias Nacionales&quot;","block_context":{"text":"Noticias Nacionales","link":"https:\/\/noticiasya.com\/boston\/categoria\/noticias-nacionales"},"img":{"alt_text":"","src":"","width":0,"height":0},"classes":[]},{"id":1456327,"url":"https:\/\/noticiasya.com\/boston\/2024\/12\/06\/trump-trudeau-sheinbaum-aranceles\/","url_meta":{"origin":1452526,"position":1},"title":"Trump detalla conversaciones con Trudeau y Sheinbaum mientras reitera que aumentar\u00e1 los aranceles","author":"","date":"diciembre 6, 2024","format":false,"excerpt":"El presidente electo de Estados Unidos Donald Trump detall\u00f3, durante una ceremonia de premiaci\u00f3n este jueves, sus conversaciones con la presidenta de M\u00e9xico, Claudia Sheinbaum, y el primer ministro de Canad\u00e1, Justin Trudeau, reiterando su afirmaci\u00f3n de que la presidenta de M\u00e9xico accedi\u00f3 a detener el flujo de migrantes a\u2026","rel":"","context":"In &quot;Noticias Nacionales&quot;","block_context":{"text":"Noticias Nacionales","link":"https:\/\/noticiasya.com\/boston\/categoria\/noticias-nacionales"},"img":{"alt_text":"","src":"","width":0,"height":0},"classes":[]},{"id":1457662,"url":"https:\/\/noticiasya.com\/boston\/2025\/01\/20\/medidas-ejecutivas-inmigracion-trump-trax\/","url_meta":{"origin":1452526,"position":2},"title":"Funcionarios entrantes de la Casa Blanca delinean las 7 medidas ejecutivas sobre inmigraci\u00f3n","author":"","date":"enero 20, 2025","format":false,"excerpt":"Los nuevos funcionarios de la Casa Blanca esbozaron una serie de amplias acciones ejecutivas sobre inmigraci\u00f3n este lunes que incluyen declarar una emergencia nacional en la frontera sur de EE.UU. y comenzar el proceso para terminar con la ciudadan\u00eda por nacimiento, lo que se espera que genere una pelea legal.Las\u2026","rel":"","context":"In &quot;Noticias Nacionales&quot;","block_context":{"text":"Noticias Nacionales","link":"https:\/\/noticiasya.com\/boston\/categoria\/noticias-nacionales"},"img":{"alt_text":"","src":"","width":0,"height":0},"classes":[]},{"id":1471973,"url":"https:\/\/noticiasya.com\/boston\/2026\/03\/06\/ecuador-operacion-apoyo-eeuu-campamento-narcotrafico-orix\/","url_meta":{"origin":1452526,"position":3},"title":"Con apoyo de EE.UU., Ecuador destruye un supuesto campamento de disidencias de las FARC","author":"","date":"marzo 6, 2026","format":false,"excerpt":"En una operaci\u00f3n contra grupos delictivos apoyada por Estados Unidos, las Fuerzas Armadas de Ecuador destruyeron este viernes un supuesto campamento de Comandos de la Frontera, un grupo disidente de la extinta guerrilla de las Fuerzas Armadas Revolucionarias de Colombia (FARC), seg\u00fan inform\u00f3 el Ministerio de Defensa de Ecuador en\u2026","rel":"","context":"In &quot;Noticias Nacionales&quot;","block_context":{"text":"Noticias Nacionales","link":"https:\/\/noticiasya.com\/boston\/categoria\/noticias-nacionales"},"img":{"alt_text":"","src":"","width":0,"height":0},"classes":[]},{"id":1457785,"url":"https:\/\/noticiasya.com\/boston\/2025\/01\/22\/puerto-rico-expectativa-trump-inmigrantes-orix\/","url_meta":{"origin":1452526,"position":4},"title":"Autoridades en Puerto Rico est\u00e1n a la expectativa por decretos de Trump sobre inmigrantes","author":"","date":"enero 22, 2025","format":false,"excerpt":"Los decretos firmados por el presidente de Estados Unidos, Donald Trump, han comenzado a cambiar dr\u00e1sticamente las pol\u00edticas en temas de inmigraci\u00f3n y mantienen vigilantes a algunas agencias federales que operan directamente en Puerto Rico y que tendr\u00edan que cumplir la ley.La isla es un territorio de Estados Unidos en\u2026","rel":"","context":"In &quot;Noticias Nacionales&quot;","block_context":{"text":"Noticias Nacionales","link":"https:\/\/noticiasya.com\/boston\/categoria\/noticias-nacionales"},"img":{"alt_text":"","src":"","width":0,"height":0},"classes":[]},{"id":1458870,"url":"https:\/\/noticiasya.com\/boston\/2025\/02\/18\/trump-carteles-grupos-terroristas-trax\/","url_meta":{"origin":1452526,"position":5},"title":"Gobierno de Trump notifica al Congreso sobre los c\u00e1rteles y bandas criminales que planea designar como grupos terroristas","author":"","date":"febrero 18, 2025","format":false,"excerpt":"El Gobierno de Donald Trump envi\u00f3 la semana pasada al Congreso de EE.UU. una lista de c\u00e1rteles de drogas que planea designar como organizaciones terroristas extranjeras, seg\u00fan dos fuentes familiarizadas con el asunto.La lista incluye a las bandas transnacionales MS-13 y Tren de Aragua, as\u00ed como a varios c\u00e1rteles activos\u2026","rel":"","context":"In &quot;Noticias Nacionales&quot;","block_context":{"text":"Noticias Nacionales","link":"https:\/\/noticiasya.com\/boston\/categoria\/noticias-nacionales"},"img":{"alt_text":"","src":"","width":0,"height":0},"classes":[]}],"jetpack_sharing_enabled":true,"_links":{"self":[{"href":"https:\/\/noticiasya.com\/boston\/wp-json\/wp\/v2\/posts\/1452526","targetHints":{"allow":["GET"]}}],"collection":[{"href":"https:\/\/noticiasya.com\/boston\/wp-json\/wp\/v2\/posts"}],"about":[{"href":"https:\/\/noticiasya.com\/boston\/wp-json\/wp\/v2\/types\/post"}],"replies":[{"embeddable":true,"href":"https:\/\/noticiasya.com\/boston\/wp-json\/wp\/v2\/comments?post=1452526"}],"version-history":[{"count":0,"href":"https:\/\/noticiasya.com\/boston\/wp-json\/wp\/v2\/posts\/1452526\/revisions"}],"wp:attachment":[{"href":"https:\/\/noticiasya.com\/boston\/wp-json\/wp\/v2\/media?parent=1452526"}],"wp:term":[{"taxonomy":"category","embeddable":true,"href":"https:\/\/noticiasya.com\/boston\/wp-json\/wp\/v2\/categories?post=1452526"},{"taxonomy":"post_tag","embeddable":true,"href":"https:\/\/noticiasya.com\/boston\/wp-json\/wp\/v2\/tags?post=1452526"}],"curies":[{"name":"wp","href":"https:\/\/api.w.org\/{rel}","templated":true}]}}