{"id":1452527,"date":"2024-09-08T04:03:43","date_gmt":"2024-09-08T11:03:43","guid":{"rendered":"https:\/\/noticiasya.com\/2024\/09\/08\/interrupciones-masivas-en-trenes-dejan-a-cientos-de-personas-varadas-en-alemania\/"},"modified":"2024-09-08T04:03:43","modified_gmt":"2024-09-08T11:03:43","slug":"interrupciones-masivas-en-trenes-dejan-a-cientos-de-personas-varadas-en-alemania","status":"publish","type":"post","link":"https:\/\/noticiasya.com\/boston\/2024\/09\/08\/interrupciones-masivas-en-trenes-dejan-a-cientos-de-personas-varadas-en-alemania\/","title":{"rendered":"Interrupciones masivas en trenes dejan a cientos de personas varadas en Alemania"},"content":{"rendered":"<p>(CNN) &#8212; Este s\u00e1bado, las autoridades alemanas intentaron restablecer el tr\u00e1fico tras un problema t\u00e9cnico, pero desde entonces se ha reanudado parte del tr\u00e1fico.<\/p>\n<p>Los servicios de trenes en el centro de Alemania se han visto \u201cenormemente afectados\u201d debido a un fallo t\u00e9cnico, dijo la compa\u00f1\u00eda ferroviaria alemana Deutsche Bahn.<\/p>\n<p>En el \u00e1rea metropolitana de Frankfurt se produjeron numerosas cancelaciones de trenes debido a un fallo en las comunicaciones por radio, seg\u00fan inform\u00f3 el servicio de noticias Tagesschau de la radiodifusora p\u00fablica ARD.<\/p>\n<p>Seg\u00fan Tagesschau, los trenes que viajaban hacia o desde Frankfurt se vieron afectados y el tr\u00e1fico a trav\u00e9s del importante centro financiero y de viajes se detuvo.<\/p>\n<p>Cientos de pasajeros quedaron varados en la estaci\u00f3n central de Frankfurt el s\u00e1bado, sin saber cu\u00e1ndo podr\u00e1n reanudar sus viajes, inform\u00f3 Tagesschau.<\/p>\n<p>La Asociaci\u00f3n Regional de Transporte del Rin-Meno (RMV), una de las mayores asociaciones de transporte de Alemania, dijo el s\u00e1bado en una publicaci\u00f3n en las redes sociales que debido a una falla t\u00e9cnica en las comunicaciones por radio, \u201clos servicios de trenes en el \u00e1rea de la RMV han sido suspendidos hasta nuevo aviso\u201d y que ni los trenes S-Bahn ni los trenes regionales podr\u00edan funcionar.<\/p>\n<p>\u201cPor el momento no se puede prever la duraci\u00f3n de la interrupci\u00f3n\u201d, afirm\u00f3 RMV en aquel momento.<\/p>\n<p>A\u00fan no est\u00e1 claro qu\u00e9 caus\u00f3 el fallo t\u00e9cnico.<\/p>\n<p>Este s\u00e1bado, la Deutsche Bahn inform\u00f3 que el problema t\u00e9cnico se hab\u00eda solucionado. &#171;El tr\u00e1fico ferroviario en el centro de Alemania se est\u00e1 reanudando. Puede haber interrupciones hasta el final del d\u00eda&#187;, indic\u00f3.<\/p>\n<p>Frankfurt es uno de los centros de transporte europeos m\u00e1s importantes, con alrededor de 1.200 trenes locales y de larga distancia en servicio regular cada d\u00eda, seg\u00fan Tagesschau.<\/p>\n<p>The-CNN-Wire<br \/>&trade; &amp; &copy; 2024 Cable News Network, Inc., a Warner Bros. Discovery Company. All rights reserved.<\/p>\n","protected":false},"excerpt":{"rendered":"<p>(CNN) &#8212; Este s\u00e1bado, las autoridades alemanas intentaron restablecer el tr\u00e1fico tras un problema t\u00e9cnico, pero desde entonces se ha reanudado parte del tr\u00e1fico. Los servicios de trenes en el centro de Alemania se han visto \u201cenormemente afectados\u201d debido a un fallo t\u00e9cnico, dijo la compa\u00f1\u00eda ferroviaria alemana Deutsche Bahn. En el \u00e1rea metropolitana de [&hellip;]<\/p>\n","protected":false},"author":0,"featured_media":0,"comment_status":"open","ping_status":"open","sticky":false,"template":"","format":"standard","meta":{"_jetpack_memberships_contains_paid_content":false,"footnotes":""},"categories":[10],"tags":[],"class_list":["post-1452527","post","type-post","status-publish","format-standard","hentry","category-noticias-nacionales","market-global"],"yoast_head":"<!-- This site is optimized with the Yoast SEO plugin v24.4 - https:\/\/yoast.com\/wordpress\/plugins\/seo\/ -->\n<title>Interrupciones masivas en trenes dejan a cientos de personas varadas en Alemania - Noticias<\/title>\n<meta name=\"robots\" content=\"index, follow, max-snippet:-1, max-image-preview:large, max-video-preview:-1\" \/>\n<link rel=\"canonical\" href=\"https:\/\/noticiasya.com\/2024\/09\/08\/interrupciones-masivas-en-trenes-dejan-a-cientos-de-personas-varadas-en-alemania\/\" \/>\n<meta property=\"og:locale\" content=\"es_ES\" \/>\n<meta property=\"og:type\" content=\"article\" \/>\n<meta property=\"og:title\" content=\"Interrupciones masivas en trenes dejan a cientos de personas varadas en Alemania - Noticias\" \/>\n<meta property=\"og:description\" content=\"(CNN) &#8212; Este s\u00e1bado, las autoridades alemanas intentaron restablecer el tr\u00e1fico tras un problema t\u00e9cnico, pero desde entonces se ha reanudado parte del tr\u00e1fico. Los servicios de trenes en el centro de Alemania se han visto \u201cenormemente afectados\u201d debido a un fallo t\u00e9cnico, dijo la compa\u00f1\u00eda ferroviaria alemana Deutsche Bahn. En el \u00e1rea metropolitana de [&hellip;]\" \/>\n<meta property=\"og:url\" content=\"https:\/\/noticiasya.com\/2024\/09\/08\/interrupciones-masivas-en-trenes-dejan-a-cientos-de-personas-varadas-en-alemania\/\" \/>\n<meta property=\"og:site_name\" content=\"Noticias\" \/>\n<meta property=\"article:published_time\" content=\"2024-09-08T11:03:43+00:00\" \/>\n<meta name=\"twitter:card\" content=\"summary_large_image\" \/>\n<meta name=\"twitter:label1\" content=\"Est. reading time\" \/>\n\t<meta name=\"twitter:data1\" content=\"2 minutos\" \/>\n<script type=\"application\/ld+json\" class=\"yoast-schema-graph\">{\"@context\":\"https:\/\/schema.org\",\"@graph\":[{\"@type\":\"Article\",\"@id\":\"https:\/\/noticiasya.com\/2024\/09\/08\/interrupciones-masivas-en-trenes-dejan-a-cientos-de-personas-varadas-en-alemania\/#article\",\"isPartOf\":{\"@id\":\"https:\/\/noticiasya.com\/2024\/09\/08\/interrupciones-masivas-en-trenes-dejan-a-cientos-de-personas-varadas-en-alemania\/\"},\"author\":{\"name\":\"\",\"@id\":\"\"},\"headline\":\"Interrupciones masivas en trenes dejan a cientos de personas varadas en Alemania\",\"datePublished\":\"2024-09-08T11:03:43+00:00\",\"mainEntityOfPage\":{\"@id\":\"https:\/\/noticiasya.com\/2024\/09\/08\/interrupciones-masivas-en-trenes-dejan-a-cientos-de-personas-varadas-en-alemania\/\"},\"wordCount\":344,\"commentCount\":0,\"publisher\":{\"@id\":\"https:\/\/noticiasya.com\/#organization\"},\"articleSection\":[\"Noticias Nacionales\"],\"inLanguage\":\"es\",\"potentialAction\":[{\"@type\":\"CommentAction\",\"name\":\"Comment\",\"target\":[\"https:\/\/noticiasya.com\/2024\/09\/08\/interrupciones-masivas-en-trenes-dejan-a-cientos-de-personas-varadas-en-alemania\/#respond\"]}]},{\"@type\":\"WebPage\",\"@id\":\"https:\/\/noticiasya.com\/2024\/09\/08\/interrupciones-masivas-en-trenes-dejan-a-cientos-de-personas-varadas-en-alemania\/\",\"url\":\"https:\/\/noticiasya.com\/2024\/09\/08\/interrupciones-masivas-en-trenes-dejan-a-cientos-de-personas-varadas-en-alemania\/\",\"name\":\"Interrupciones masivas en trenes dejan a cientos de personas varadas en Alemania - Noticias\",\"isPartOf\":{\"@id\":\"https:\/\/noticiasya.com\/#website\"},\"datePublished\":\"2024-09-08T11:03:43+00:00\",\"breadcrumb\":{\"@id\":\"https:\/\/noticiasya.com\/2024\/09\/08\/interrupciones-masivas-en-trenes-dejan-a-cientos-de-personas-varadas-en-alemania\/#breadcrumb\"},\"inLanguage\":\"es\",\"potentialAction\":[{\"@type\":\"ReadAction\",\"target\":[\"https:\/\/noticiasya.com\/2024\/09\/08\/interrupciones-masivas-en-trenes-dejan-a-cientos-de-personas-varadas-en-alemania\/\"]}]},{\"@type\":\"BreadcrumbList\",\"@id\":\"https:\/\/noticiasya.com\/2024\/09\/08\/interrupciones-masivas-en-trenes-dejan-a-cientos-de-personas-varadas-en-alemania\/#breadcrumb\",\"itemListElement\":[{\"@type\":\"ListItem\",\"position\":1,\"name\":\"Home\",\"item\":\"https:\/\/noticiasya.com\/\"},{\"@type\":\"ListItem\",\"position\":2,\"name\":\"Interrupciones masivas en trenes dejan a cientos de personas varadas en Alemania\"}]},{\"@type\":\"WebSite\",\"@id\":\"https:\/\/noticiasya.com\/#website\",\"url\":\"https:\/\/noticiasya.com\/\",\"name\":\"Noticias\",\"description\":\"Lo que importa\",\"publisher\":{\"@id\":\"https:\/\/noticiasya.com\/#organization\"},\"potentialAction\":[{\"@type\":\"SearchAction\",\"target\":{\"@type\":\"EntryPoint\",\"urlTemplate\":\"https:\/\/noticiasya.com\/?s={search_term_string}\"},\"query-input\":{\"@type\":\"PropertyValueSpecification\",\"valueRequired\":true,\"valueName\":\"search_term_string\"}}],\"inLanguage\":\"es\"},{\"@type\":\"Organization\",\"@id\":\"https:\/\/noticiasya.com\/#organization\",\"name\":\"Noticias\",\"url\":\"https:\/\/noticiasya.com\/\",\"logo\":{\"@type\":\"ImageObject\",\"inLanguage\":\"es\",\"@id\":\"https:\/\/noticiasya.com\/#\/schema\/logo\/image\/\",\"url\":\"https:\/\/noticiasya.com\/wp-content\/uploads\/sites\/22\/2023\/12\/logo-nacional.png\",\"contentUrl\":\"https:\/\/noticiasya.com\/wp-content\/uploads\/sites\/22\/2023\/12\/logo-nacional.png\",\"width\":1801,\"height\":691,\"caption\":\"Noticias\"},\"image\":{\"@id\":\"https:\/\/noticiasya.com\/#\/schema\/logo\/image\/\"}}]}<\/script>\n<!-- \/ Yoast SEO plugin. -->","yoast_head_json":{"title":"Interrupciones masivas en trenes dejan a cientos de personas varadas en Alemania - Noticias","robots":{"index":"index","follow":"follow","max-snippet":"max-snippet:-1","max-image-preview":"max-image-preview:large","max-video-preview":"max-video-preview:-1"},"canonical":"https:\/\/noticiasya.com\/2024\/09\/08\/interrupciones-masivas-en-trenes-dejan-a-cientos-de-personas-varadas-en-alemania\/","og_locale":"es_ES","og_type":"article","og_title":"Interrupciones masivas en trenes dejan a cientos de personas varadas en Alemania - Noticias","og_description":"(CNN) &#8212; Este s\u00e1bado, las autoridades alemanas intentaron restablecer el tr\u00e1fico tras un problema t\u00e9cnico, pero desde entonces se ha reanudado parte del tr\u00e1fico. Los servicios de trenes en el centro de Alemania se han visto \u201cenormemente afectados\u201d debido a un fallo t\u00e9cnico, dijo la compa\u00f1\u00eda ferroviaria alemana Deutsche Bahn. En el \u00e1rea metropolitana de [&hellip;]","og_url":"https:\/\/noticiasya.com\/2024\/09\/08\/interrupciones-masivas-en-trenes-dejan-a-cientos-de-personas-varadas-en-alemania\/","og_site_name":"Noticias","article_published_time":"2024-09-08T11:03:43+00:00","twitter_card":"summary_large_image","twitter_misc":{"Est. reading time":"2 minutos"},"schema":{"@context":"https:\/\/schema.org","@graph":[{"@type":"Article","@id":"https:\/\/noticiasya.com\/2024\/09\/08\/interrupciones-masivas-en-trenes-dejan-a-cientos-de-personas-varadas-en-alemania\/#article","isPartOf":{"@id":"https:\/\/noticiasya.com\/2024\/09\/08\/interrupciones-masivas-en-trenes-dejan-a-cientos-de-personas-varadas-en-alemania\/"},"author":{"name":"","@id":""},"headline":"Interrupciones masivas en trenes dejan a cientos de personas varadas en Alemania","datePublished":"2024-09-08T11:03:43+00:00","mainEntityOfPage":{"@id":"https:\/\/noticiasya.com\/2024\/09\/08\/interrupciones-masivas-en-trenes-dejan-a-cientos-de-personas-varadas-en-alemania\/"},"wordCount":344,"commentCount":0,"publisher":{"@id":"https:\/\/noticiasya.com\/#organization"},"articleSection":["Noticias Nacionales"],"inLanguage":"es","potentialAction":[{"@type":"CommentAction","name":"Comment","target":["https:\/\/noticiasya.com\/2024\/09\/08\/interrupciones-masivas-en-trenes-dejan-a-cientos-de-personas-varadas-en-alemania\/#respond"]}]},{"@type":"WebPage","@id":"https:\/\/noticiasya.com\/2024\/09\/08\/interrupciones-masivas-en-trenes-dejan-a-cientos-de-personas-varadas-en-alemania\/","url":"https:\/\/noticiasya.com\/2024\/09\/08\/interrupciones-masivas-en-trenes-dejan-a-cientos-de-personas-varadas-en-alemania\/","name":"Interrupciones masivas en trenes dejan a cientos de personas varadas en Alemania - Noticias","isPartOf":{"@id":"https:\/\/noticiasya.com\/#website"},"datePublished":"2024-09-08T11:03:43+00:00","breadcrumb":{"@id":"https:\/\/noticiasya.com\/2024\/09\/08\/interrupciones-masivas-en-trenes-dejan-a-cientos-de-personas-varadas-en-alemania\/#breadcrumb"},"inLanguage":"es","potentialAction":[{"@type":"ReadAction","target":["https:\/\/noticiasya.com\/2024\/09\/08\/interrupciones-masivas-en-trenes-dejan-a-cientos-de-personas-varadas-en-alemania\/"]}]},{"@type":"BreadcrumbList","@id":"https:\/\/noticiasya.com\/2024\/09\/08\/interrupciones-masivas-en-trenes-dejan-a-cientos-de-personas-varadas-en-alemania\/#breadcrumb","itemListElement":[{"@type":"ListItem","position":1,"name":"Home","item":"https:\/\/noticiasya.com\/"},{"@type":"ListItem","position":2,"name":"Interrupciones masivas en trenes dejan a cientos de personas varadas en Alemania"}]},{"@type":"WebSite","@id":"https:\/\/noticiasya.com\/#website","url":"https:\/\/noticiasya.com\/","name":"Noticias","description":"Lo que importa","publisher":{"@id":"https:\/\/noticiasya.com\/#organization"},"potentialAction":[{"@type":"SearchAction","target":{"@type":"EntryPoint","urlTemplate":"https:\/\/noticiasya.com\/?s={search_term_string}"},"query-input":{"@type":"PropertyValueSpecification","valueRequired":true,"valueName":"search_term_string"}}],"inLanguage":"es"},{"@type":"Organization","@id":"https:\/\/noticiasya.com\/#organization","name":"Noticias","url":"https:\/\/noticiasya.com\/","logo":{"@type":"ImageObject","inLanguage":"es","@id":"https:\/\/noticiasya.com\/#\/schema\/logo\/image\/","url":"https:\/\/noticiasya.com\/wp-content\/uploads\/sites\/22\/2023\/12\/logo-nacional.png","contentUrl":"https:\/\/noticiasya.com\/wp-content\/uploads\/sites\/22\/2023\/12\/logo-nacional.png","width":1801,"height":691,"caption":"Noticias"},"image":{"@id":"https:\/\/noticiasya.com\/#\/schema\/logo\/image\/"}}]}},"parsely":{"version":"1.1.0","canonical_url":"https:\/\/noticiasya.com\/boston\/2024\/09\/08\/interrupciones-masivas-en-trenes-dejan-a-cientos-de-personas-varadas-en-alemania\/","smart_links":{"inbound":0,"outbound":0},"traffic_boost_suggestions_count":0,"meta":{"@context":"https:\/\/schema.org","@type":"NewsArticle","headline":"Interrupciones masivas en trenes dejan a cientos de personas varadas en Alemania","url":"http:\/\/noticiasya.com\/boston\/2024\/09\/08\/interrupciones-masivas-en-trenes-dejan-a-cientos-de-personas-varadas-en-alemania\/","mainEntityOfPage":{"@type":"WebPage","@id":"http:\/\/noticiasya.com\/boston\/2024\/09\/08\/interrupciones-masivas-en-trenes-dejan-a-cientos-de-personas-varadas-en-alemania\/"},"thumbnailUrl":"","image":{"@type":"ImageObject","url":""},"articleSection":"Noticias Nacionales","author":[],"creator":[],"publisher":{"@type":"Organization","name":"Noticias","logo":""},"keywords":[],"dateCreated":"2024-09-08T11:03:43Z","datePublished":"2024-09-08T11:03:43Z","dateModified":"2024-09-08T11:03:43Z"},"rendered":"<script type=\"application\/ld+json\" class=\"wp-parsely-metadata\">{\"@context\":\"https:\\\/\\\/schema.org\",\"@type\":\"NewsArticle\",\"headline\":\"Interrupciones masivas en trenes dejan a cientos de personas varadas en Alemania\",\"url\":\"http:\\\/\\\/noticiasya.com\\\/boston\\\/2024\\\/09\\\/08\\\/interrupciones-masivas-en-trenes-dejan-a-cientos-de-personas-varadas-en-alemania\\\/\",\"mainEntityOfPage\":{\"@type\":\"WebPage\",\"@id\":\"http:\\\/\\\/noticiasya.com\\\/boston\\\/2024\\\/09\\\/08\\\/interrupciones-masivas-en-trenes-dejan-a-cientos-de-personas-varadas-en-alemania\\\/\"},\"thumbnailUrl\":\"\",\"image\":{\"@type\":\"ImageObject\",\"url\":\"\"},\"articleSection\":\"Noticias Nacionales\",\"author\":[],\"creator\":[],\"publisher\":{\"@type\":\"Organization\",\"name\":\"Noticias\",\"logo\":\"\"},\"keywords\":[],\"dateCreated\":\"2024-09-08T11:03:43Z\",\"datePublished\":\"2024-09-08T11:03:43Z\",\"dateModified\":\"2024-09-08T11:03:43Z\"}<\/script>","tracker_url":"https:\/\/cdn.parsely.com\/keys\/noticiasya.com\/p.js"},"jetpack_featured_media_url":"","jetpack-related-posts":[{"id":1469631,"url":"https:\/\/noticiasya.com\/boston\/2025\/12\/28\/trenes-2026-trax\/","url_meta":{"origin":1452527,"position":0},"title":"Las nuevas rutas de tren m\u00e1s emocionantes que empezar\u00e1n a operar en 2026","author":"","date":"diciembre 28, 2025","format":false,"excerpt":"Cuando est\u00e1s en la estaci\u00f3n de tren de una gran ciudad, mirando el panel de salidas de tu tren, no importa si eres un viajero experimentado o un reci\u00e9n llegado nervioso. Pocos momentos de viaje se comparan con ese breve cosquilleo de anticipaci\u00f3n, mientras las posibilidades de aventura revolotean en\u2026","rel":"","context":"In &quot;Noticias Nacionales&quot;","block_context":{"text":"Noticias Nacionales","link":"https:\/\/noticiasya.com\/boston\/categoria\/noticias-nacionales"},"img":{"alt_text":"","src":"","width":0,"height":0},"classes":[]},{"id":1459612,"url":"https:\/\/noticiasya.com\/boston\/2025\/03\/07\/bomba-wwii-paris-detiene-viajes-eurostar-londres-norte-francia-trax\/","url_meta":{"origin":1452527,"position":1},"title":"Par\u00eds paraliza los trenes a Londres tras hallar una bomba de la Segunda Guerra Mundial sin detonar cerca de las v\u00edas","author":"","date":"marzo 7, 2025","format":false,"excerpt":"Los trenes Eurostar con destino a Londres y todos los que se dirigen al norte de Francia fueron detenidos este viernes tras el hallazgo de una bomba sin detonar de la Segunda Guerra Mundial cerca de las v\u00edas.La Polic\u00eda de Par\u00eds dijo que a las 4:00 a.m. hora local de\u2026","rel":"","context":"In &quot;Noticias Nacionales&quot;","block_context":{"text":"Noticias Nacionales","link":"https:\/\/noticiasya.com\/boston\/categoria\/noticias-nacionales"},"img":{"alt_text":"","src":"","width":0,"height":0},"classes":[]},{"id":1461713,"url":"https:\/\/noticiasya.com\/boston\/2025\/04\/28\/corte-electricidad-transporte-aviones-trenes-espana-portugal-trax\/","url_meta":{"origin":1452527,"position":2},"title":"\u00bfC\u00f3mo afecta el masivo corte de electricidad al transporte de Espa\u00f1a y Portugal?","author":"","date":"abril 28, 2025","format":false,"excerpt":"Este lunes por la ma\u00f1ana, toda la pen\u00ednsula Ib\u00e9rica y partes de Francia sufrieron un corte de electricidad que gener\u00f3 caos de tr\u00e1nsito, suspensi\u00f3n de actividades y afect\u00f3 severamente al funcionamiento del transporte.Los aeropuertos de Espa\u00f1a est\u00e1n operativos pero con algunos retrasos debido a los cortes de electricidad generalizados, seg\u00fan\u2026","rel":"","context":"In &quot;Noticias Nacionales&quot;","block_context":{"text":"Noticias Nacionales","link":"https:\/\/noticiasya.com\/boston\/categoria\/noticias-nacionales"},"img":{"alt_text":"","src":"","width":0,"height":0},"classes":[]},{"id":1448454,"url":"https:\/\/noticiasya.com\/boston\/2024\/04\/23\/habitaciones-privadas-en-algunos-de-los-trenes-bala-de-japon-trax\/","url_meta":{"origin":1452527,"position":3},"title":"Habitaciones privadas en algunos de los trenes bala de Jap\u00f3n","author":"","date":"abril 23, 2024","format":false,"excerpt":"(CNN) -- Los queridos trenes Shinkansen de Jap\u00f3n est\u00e1n recibiendo otra mejora.A partir de 2026, algunos trenes de la l\u00ednea Tokaido -la m\u00e1s transitada del pa\u00eds, ya que conecta Tokio, Nagoya y Osaka- tendr\u00e1n habitaciones privadas con puertas en el tramo de clase alta.Seg\u00fan un comunicado de Japan Rail, las\u2026","rel":"","context":"In &quot;Noticias Nacionales&quot;","block_context":{"text":"Noticias Nacionales","link":"https:\/\/noticiasya.com\/boston\/categoria\/noticias-nacionales"},"img":{"alt_text":"","src":"","width":0,"height":0},"classes":[]},{"id":1469688,"url":"https:\/\/noticiasya.com\/boston\/2025\/12\/31\/trenes-machu-picchu-choque-orix\/","url_meta":{"origin":1452527,"position":4},"title":"Los trenes vuelven a circular en la v\u00eda a Machu Picchu tras el choque que dej\u00f3 un muerto y 36 heridos","author":"","date":"diciembre 31, 2025","format":false,"excerpt":"El tr\u00e1nsito ferroviario en la v\u00eda que lleva turistas a Machu Picchu se reanud\u00f3 este mi\u00e9rcoles, seg\u00fan inform\u00f3 la empresa concesionaria de la ruta, tras el choque de dos trenes que dej\u00f3 un muerto y decenas de heridos en Per\u00fa.La compa\u00f1\u00eda Ferrocarril Transandino dijo que los trenes volvieron a circular\u2026","rel":"","context":"In &quot;Noticias Nacionales&quot;","block_context":{"text":"Noticias Nacionales","link":"https:\/\/noticiasya.com\/boston\/categoria\/noticias-nacionales"},"img":{"alt_text":"","src":"","width":0,"height":0},"classes":[]},{"id":1461737,"url":"https:\/\/noticiasya.com\/boston\/2025\/04\/29\/espana-descarta-ciberataque-causa-gran-apagon-orix\/","url_meta":{"origin":1452527,"position":5},"title":"El operador de la red el\u00e9ctrica de Espa\u00f1a descarta un ciberataque como causa del gran apag\u00f3n","author":"","date":"abril 29, 2025","format":false,"excerpt":"El gran apag\u00f3n que afect\u00f3 a la mayor parte de la pen\u00ednsula ib\u00e9rica este lunes no fue causado por un ciberataque, seg\u00fan declar\u00f3 el operador de la red el\u00e9ctrica de Espa\u00f1a este martes.Eduardo Prieto, director de servicios de Red El\u00e9ctrica, dijo que una evaluaci\u00f3n preliminar demostr\u00f3 que no hubo intrusi\u00f3n\u2026","rel":"","context":"In &quot;Noticias Nacionales&quot;","block_context":{"text":"Noticias Nacionales","link":"https:\/\/noticiasya.com\/boston\/categoria\/noticias-nacionales"},"img":{"alt_text":"","src":"","width":0,"height":0},"classes":[]}],"jetpack_sharing_enabled":true,"_links":{"self":[{"href":"https:\/\/noticiasya.com\/boston\/wp-json\/wp\/v2\/posts\/1452527","targetHints":{"allow":["GET"]}}],"collection":[{"href":"https:\/\/noticiasya.com\/boston\/wp-json\/wp\/v2\/posts"}],"about":[{"href":"https:\/\/noticiasya.com\/boston\/wp-json\/wp\/v2\/types\/post"}],"replies":[{"embeddable":true,"href":"https:\/\/noticiasya.com\/boston\/wp-json\/wp\/v2\/comments?post=1452527"}],"version-history":[{"count":0,"href":"https:\/\/noticiasya.com\/boston\/wp-json\/wp\/v2\/posts\/1452527\/revisions"}],"wp:attachment":[{"href":"https:\/\/noticiasya.com\/boston\/wp-json\/wp\/v2\/media?parent=1452527"}],"wp:term":[{"taxonomy":"category","embeddable":true,"href":"https:\/\/noticiasya.com\/boston\/wp-json\/wp\/v2\/categories?post=1452527"},{"taxonomy":"post_tag","embeddable":true,"href":"https:\/\/noticiasya.com\/boston\/wp-json\/wp\/v2\/tags?post=1452527"}],"curies":[{"name":"wp","href":"https:\/\/api.w.org\/{rel}","templated":true}]}}