{"id":1452966,"date":"2024-09-23T15:03:39","date_gmt":"2024-09-23T22:03:39","guid":{"rendered":"https:\/\/noticiasya.com\/2024\/09\/23\/tecnologia-impulsada-ia-podria-ayudar-personas-discapacidades-habla-trabajar-remoto-trax\/"},"modified":"2024-09-23T15:03:39","modified_gmt":"2024-09-23T22:03:39","slug":"tecnologia-impulsada-ia-podria-ayudar-personas-discapacidades-habla-trabajar-remoto-trax","status":"publish","type":"post","link":"https:\/\/noticiasya.com\/boston\/2024\/09\/23\/tecnologia-impulsada-ia-podria-ayudar-personas-discapacidades-habla-trabajar-remoto-trax\/","title":{"rendered":"La tecnolog\u00eda impulsada por IA podr\u00eda ayudar a las personas con discapacidades del habla a trabajar de forma remota"},"content":{"rendered":"<p>(CNN) &#8212; Probablemente hayas experimentado la frustraci\u00f3n de que un altavoz inteligente o un asistente de inteligencia artificial no te escuchen o te entiendan bien. Para las personas con un habla no convencional, esto puede suceder en casi todas las interacciones con este tipo de tecnolog\u00eda. La empresa israel\u00ed Voiceitt pretende cambiar eso.<\/p>\n<p>Al utilizar modelos de voz personalizados, su sistema de reconocimiento de voz impulsado por IA ayuda a las personas con problemas de habla, causados \u200b\u200bpor afecciones como par\u00e1lisis cerebral, Parkinson, s\u00edndrome de Down o accidente cerebrovascular, a comunicarse de manera m\u00e1s efectiva con personas y dispositivos digitales.<\/p>\n<p>Para Sara Smolley, cofundadora de Voiceitt, facilitar el reconocimiento de voz para patrones de habla no est\u00e1ndar es una misi\u00f3n personal.<\/p>\n<p>\u201cA mi abuela le diagnosticaron la enfermedad de Parkinson de aparici\u00f3n temprana\u201d, dijo. \u201cCuando yo nac\u00ed, ella ya hab\u00eda perdido la mayor parte de sus capacidades motoras y su habla se vio afectada\u201d.<\/p>\n<p>Voiceitt se lanz\u00f3 como aplicaci\u00f3n en 2021 y funcionaba como un traductor vocal simple que convert\u00eda el habla no est\u00e1ndar en audio. La IA se entrena grabando al usuario mientras dice alrededor de 200 frases comunes.<\/p>\n<p>Smolley dijo que la idea original era facilitar la comunicaci\u00f3n en persona, pero la tecnolog\u00eda ahora tambi\u00e9n se ha adaptado a los trabajadores remotos.<\/p>\n<p>Voiceitt ha desarrollado integraciones con WebEx y ChatGPT, junto con una extensi\u00f3n de Google Chrome, que convierten el habla no est\u00e1ndar en subt\u00edtulos que se muestran en la pantalla. La empresa tambi\u00e9n se est\u00e1 asociando con Zoom y Microsoft Teams.<\/p>\n<p>\u201cUna de las cosas que realmente me llam\u00f3 la atenci\u00f3n fue la importancia de la tecnolog\u00eda de accesibilidad en el lugar de trabajo\u201d, se\u00f1al\u00f3 Smolley. \u201cLo que una rampa (para sillas de ruedas) era para el edificio de oficinas de ayer, Voiceitt es para el lugar de trabajo remoto de hoy\u201d, dijo.<\/p>\n<p>El software se vende como licencia por minuto o por usuario, con precios que van desde los 20 a los 50 d\u00f3lares. Las licencias se pueden comprar en grandes cantidades para lugares de trabajo e instituciones de salud o educaci\u00f3n.<\/p>\n<p>\u201cLa gente usa Voiceitt no solo para videoconferencias, sino tambi\u00e9n para escribir documentos, correos electr\u00f3nicos, publicar en LinkedIn y acceder a navegadores web mediante la voz\u201d, explic\u00f3 Smolley. \u201cEsto ha abierto el mundo digital a personas que antes no habr\u00edan sido consideradas para ciertos trabajos o no habr\u00edan podido comunicarse con colegas o clientes\u201d.<\/p>\n<p>\u201cTodo este sector necesita una reestructuraci\u00f3n\u201d<\/p>\n<p>Entre los usuarios de Voiceitt se encuentra Colin Hughes, un ex productor de la BBC que se convirti\u00f3 en defensor de la accesibilidad . Hughes, que padece distrofia muscular, depende del dictado para sus interacciones digitales, lo que le hace ser muy consciente tanto del potencial como de las limitaciones de las tecnolog\u00edas actuales. Hughes ha utilizado Voiceitt para redactar correos electr\u00f3nicos y dictar textos m\u00e1s extensos.<\/p>\n<p>&#171;Descubr\u00ed que la aplicaci\u00f3n de Voiceitt es impresionantemente precisa con mi habla at\u00edpica, y su proceso de entrenamiento y configuraci\u00f3n fue sencillo&#187;, dijo Hughes, aunque destac\u00f3 las deficiencias cr\u00edticas para los usuarios profesionales. &#171;Muchas personas con problemas de habla y discapacidades en las extremidades superiores necesitan algo m\u00e1s que una conversi\u00f3n de voz a texto&#187;, se\u00f1al\u00f3.<\/p>\n<p>Aboga por funciones como el control del cursor controlado por voz y un reconocimiento de dictado mejorado para redactar contenido largo, y afirma que Voiceitt funciona mejor para mensajes de una sola oraci\u00f3n.<\/p>\n<p>Hughes enfatiza la necesidad de una tecnolog\u00eda de reconocimiento de voz m\u00e1s completa que permita a los usuarios hacer cosas como administrar correos electr\u00f3nicos y formatear documentos usando su voz.<\/p>\n<p>\u00c9l ve un futuro en el que la tecnolog\u00eda desempe\u00f1ar\u00e1 un papel m\u00e1s importante en la accesibilidad y agrega: \u201cTodo este sector necesita una reestructuraci\u00f3n. Voiceitt, con un mejor acceso a las principales plataformas, podr\u00eda ser el que lidere este cambio\u201d.<\/p>\n<p>Un futuro accesible<\/p>\n<p>Seg\u00fan Smolley, en los \u00faltimos a\u00f1os se produjeron avances significativos en la tecnolog\u00eda de reconocimiento de voz.<\/p>\n<p>Un ejemplo es el Proyecto de Accesibilidad del Habla, un proyecto de investigaci\u00f3n dirigido por el Instituto Beckman de Ciencia y Tecnolog\u00eda Avanzada de la Universidad de Illinois, que recopila datos de voz de personas con diferentes afecciones para construir algoritmos para ayudar a las personas con habla no est\u00e1ndar.<\/p>\n<p>A principios de este a\u00f1o, Apple ( AAPL ) lanz\u00f3 su funci\u00f3n \u201cEscuchar habla at\u00edpica\u201d impulsada por IA, que utiliza el aprendizaje autom\u00e1tico para reconocer una gama m\u00e1s amplia de patrones de habla.<\/p>\n<p>Con la tecnolog\u00eda que captura y almacena datos personales, como grabaciones de voz, la privacidad puede ser una preocupaci\u00f3n para los usuarios. Smolley dice que su empresa cumple con las regulaciones de la Uni\u00f3n Europea, que ella llama \u201clos est\u00e1ndares m\u00e1s altos del mundo en t\u00e9rminos de privacidad de datos\u201d.<\/p>\n<p>&#171;Si los datos del usuario se conservan en nuestra base de datos con su consentimiento, se anonimizan y desidentifican, y se utilizan para aumentar nuestra pila de datos y mejorar nuestro algoritmo&#187;, a\u00f1ade.<\/p>\n<p>Smolley cree que la tecnolog\u00eda de Voiceitt puede cambiar la vida de las personas. \u201cQueremos que las personas no s\u00f3lo sean m\u00e1s independientes en sus vidas y en su trabajo\u201d, afirma Smolley, \u201csino que tambi\u00e9n puedan disfrutar de la tecnolog\u00eda y divertirse\u201d.<\/p>\n<p>The-CNN-Wire<br \/>&trade; &amp; &copy; 2024 Cable News Network, Inc., a Warner Bros. Discovery Company. All rights reserved.<\/p>\n","protected":false},"excerpt":{"rendered":"<p>(CNN) &#8212; Probablemente hayas experimentado la frustraci\u00f3n de que un altavoz inteligente o un asistente de inteligencia artificial no te escuchen o te entiendan bien. Para las personas con un habla no convencional, esto puede suceder en casi todas las interacciones con este tipo de tecnolog\u00eda. La empresa israel\u00ed Voiceitt pretende cambiar eso. Al utilizar [&hellip;]<\/p>\n","protected":false},"author":0,"featured_media":0,"comment_status":"open","ping_status":"open","sticky":false,"template":"","format":"standard","meta":{"_jetpack_memberships_contains_paid_content":false,"footnotes":""},"categories":[10],"tags":[],"class_list":["post-1452966","post","type-post","status-publish","format-standard","hentry","category-noticias-nacionales","market-global"],"yoast_head":"<!-- This site is optimized with the Yoast SEO plugin v24.4 - https:\/\/yoast.com\/wordpress\/plugins\/seo\/ -->\n<title>La tecnolog\u00eda impulsada por IA podr\u00eda ayudar a las personas con discapacidades del habla a trabajar de forma remota - Noticias<\/title>\n<meta name=\"robots\" content=\"index, follow, max-snippet:-1, max-image-preview:large, max-video-preview:-1\" \/>\n<link rel=\"canonical\" href=\"https:\/\/noticiasya.com\/2024\/09\/23\/tecnologia-impulsada-ia-podria-ayudar-personas-discapacidades-habla-trabajar-remoto-trax\/\" \/>\n<meta property=\"og:locale\" content=\"es_ES\" \/>\n<meta property=\"og:type\" content=\"article\" \/>\n<meta property=\"og:title\" content=\"La tecnolog\u00eda impulsada por IA podr\u00eda ayudar a las personas con discapacidades del habla a trabajar de forma remota - Noticias\" \/>\n<meta property=\"og:description\" content=\"(CNN) &#8212; Probablemente hayas experimentado la frustraci\u00f3n de que un altavoz inteligente o un asistente de inteligencia artificial no te escuchen o te entiendan bien. Para las personas con un habla no convencional, esto puede suceder en casi todas las interacciones con este tipo de tecnolog\u00eda. La empresa israel\u00ed Voiceitt pretende cambiar eso. Al utilizar [&hellip;]\" \/>\n<meta property=\"og:url\" content=\"https:\/\/noticiasya.com\/2024\/09\/23\/tecnologia-impulsada-ia-podria-ayudar-personas-discapacidades-habla-trabajar-remoto-trax\/\" \/>\n<meta property=\"og:site_name\" content=\"Noticias\" \/>\n<meta property=\"article:published_time\" content=\"2024-09-23T22:03:39+00:00\" \/>\n<meta name=\"twitter:card\" content=\"summary_large_image\" \/>\n<meta name=\"twitter:label1\" content=\"Est. reading time\" \/>\n\t<meta name=\"twitter:data1\" content=\"5 minutos\" \/>\n<script type=\"application\/ld+json\" class=\"yoast-schema-graph\">{\"@context\":\"https:\/\/schema.org\",\"@graph\":[{\"@type\":\"Article\",\"@id\":\"https:\/\/noticiasya.com\/2024\/09\/23\/tecnologia-impulsada-ia-podria-ayudar-personas-discapacidades-habla-trabajar-remoto-trax\/#article\",\"isPartOf\":{\"@id\":\"https:\/\/noticiasya.com\/2024\/09\/23\/tecnologia-impulsada-ia-podria-ayudar-personas-discapacidades-habla-trabajar-remoto-trax\/\"},\"author\":{\"name\":\"\",\"@id\":\"\"},\"headline\":\"La tecnolog\u00eda impulsada por IA podr\u00eda ayudar a las personas con discapacidades del habla a trabajar de forma remota\",\"datePublished\":\"2024-09-23T22:03:39+00:00\",\"mainEntityOfPage\":{\"@id\":\"https:\/\/noticiasya.com\/2024\/09\/23\/tecnologia-impulsada-ia-podria-ayudar-personas-discapacidades-habla-trabajar-remoto-trax\/\"},\"wordCount\":962,\"commentCount\":0,\"publisher\":{\"@id\":\"https:\/\/noticiasya.com\/#organization\"},\"articleSection\":[\"Noticias Nacionales\"],\"inLanguage\":\"es\",\"potentialAction\":[{\"@type\":\"CommentAction\",\"name\":\"Comment\",\"target\":[\"https:\/\/noticiasya.com\/2024\/09\/23\/tecnologia-impulsada-ia-podria-ayudar-personas-discapacidades-habla-trabajar-remoto-trax\/#respond\"]}]},{\"@type\":\"WebPage\",\"@id\":\"https:\/\/noticiasya.com\/2024\/09\/23\/tecnologia-impulsada-ia-podria-ayudar-personas-discapacidades-habla-trabajar-remoto-trax\/\",\"url\":\"https:\/\/noticiasya.com\/2024\/09\/23\/tecnologia-impulsada-ia-podria-ayudar-personas-discapacidades-habla-trabajar-remoto-trax\/\",\"name\":\"La tecnolog\u00eda impulsada por IA podr\u00eda ayudar a las personas con discapacidades del habla a trabajar de forma remota - Noticias\",\"isPartOf\":{\"@id\":\"https:\/\/noticiasya.com\/#website\"},\"datePublished\":\"2024-09-23T22:03:39+00:00\",\"breadcrumb\":{\"@id\":\"https:\/\/noticiasya.com\/2024\/09\/23\/tecnologia-impulsada-ia-podria-ayudar-personas-discapacidades-habla-trabajar-remoto-trax\/#breadcrumb\"},\"inLanguage\":\"es\",\"potentialAction\":[{\"@type\":\"ReadAction\",\"target\":[\"https:\/\/noticiasya.com\/2024\/09\/23\/tecnologia-impulsada-ia-podria-ayudar-personas-discapacidades-habla-trabajar-remoto-trax\/\"]}]},{\"@type\":\"BreadcrumbList\",\"@id\":\"https:\/\/noticiasya.com\/2024\/09\/23\/tecnologia-impulsada-ia-podria-ayudar-personas-discapacidades-habla-trabajar-remoto-trax\/#breadcrumb\",\"itemListElement\":[{\"@type\":\"ListItem\",\"position\":1,\"name\":\"Home\",\"item\":\"https:\/\/noticiasya.com\/\"},{\"@type\":\"ListItem\",\"position\":2,\"name\":\"La tecnolog\u00eda impulsada por IA podr\u00eda ayudar a las personas con discapacidades del habla a trabajar de forma remota\"}]},{\"@type\":\"WebSite\",\"@id\":\"https:\/\/noticiasya.com\/#website\",\"url\":\"https:\/\/noticiasya.com\/\",\"name\":\"Noticias\",\"description\":\"Lo que importa\",\"publisher\":{\"@id\":\"https:\/\/noticiasya.com\/#organization\"},\"potentialAction\":[{\"@type\":\"SearchAction\",\"target\":{\"@type\":\"EntryPoint\",\"urlTemplate\":\"https:\/\/noticiasya.com\/?s={search_term_string}\"},\"query-input\":{\"@type\":\"PropertyValueSpecification\",\"valueRequired\":true,\"valueName\":\"search_term_string\"}}],\"inLanguage\":\"es\"},{\"@type\":\"Organization\",\"@id\":\"https:\/\/noticiasya.com\/#organization\",\"name\":\"Noticias\",\"url\":\"https:\/\/noticiasya.com\/\",\"logo\":{\"@type\":\"ImageObject\",\"inLanguage\":\"es\",\"@id\":\"https:\/\/noticiasya.com\/#\/schema\/logo\/image\/\",\"url\":\"https:\/\/noticiasya.com\/wp-content\/uploads\/sites\/22\/2023\/12\/logo-nacional.png\",\"contentUrl\":\"https:\/\/noticiasya.com\/wp-content\/uploads\/sites\/22\/2023\/12\/logo-nacional.png\",\"width\":1801,\"height\":691,\"caption\":\"Noticias\"},\"image\":{\"@id\":\"https:\/\/noticiasya.com\/#\/schema\/logo\/image\/\"}}]}<\/script>\n<!-- \/ Yoast SEO plugin. -->","yoast_head_json":{"title":"La tecnolog\u00eda impulsada por IA podr\u00eda ayudar a las personas con discapacidades del habla a trabajar de forma remota - Noticias","robots":{"index":"index","follow":"follow","max-snippet":"max-snippet:-1","max-image-preview":"max-image-preview:large","max-video-preview":"max-video-preview:-1"},"canonical":"https:\/\/noticiasya.com\/2024\/09\/23\/tecnologia-impulsada-ia-podria-ayudar-personas-discapacidades-habla-trabajar-remoto-trax\/","og_locale":"es_ES","og_type":"article","og_title":"La tecnolog\u00eda impulsada por IA podr\u00eda ayudar a las personas con discapacidades del habla a trabajar de forma remota - Noticias","og_description":"(CNN) &#8212; Probablemente hayas experimentado la frustraci\u00f3n de que un altavoz inteligente o un asistente de inteligencia artificial no te escuchen o te entiendan bien. Para las personas con un habla no convencional, esto puede suceder en casi todas las interacciones con este tipo de tecnolog\u00eda. La empresa israel\u00ed Voiceitt pretende cambiar eso. Al utilizar [&hellip;]","og_url":"https:\/\/noticiasya.com\/2024\/09\/23\/tecnologia-impulsada-ia-podria-ayudar-personas-discapacidades-habla-trabajar-remoto-trax\/","og_site_name":"Noticias","article_published_time":"2024-09-23T22:03:39+00:00","twitter_card":"summary_large_image","twitter_misc":{"Est. reading time":"5 minutos"},"schema":{"@context":"https:\/\/schema.org","@graph":[{"@type":"Article","@id":"https:\/\/noticiasya.com\/2024\/09\/23\/tecnologia-impulsada-ia-podria-ayudar-personas-discapacidades-habla-trabajar-remoto-trax\/#article","isPartOf":{"@id":"https:\/\/noticiasya.com\/2024\/09\/23\/tecnologia-impulsada-ia-podria-ayudar-personas-discapacidades-habla-trabajar-remoto-trax\/"},"author":{"name":"","@id":""},"headline":"La tecnolog\u00eda impulsada por IA podr\u00eda ayudar a las personas con discapacidades del habla a trabajar de forma remota","datePublished":"2024-09-23T22:03:39+00:00","mainEntityOfPage":{"@id":"https:\/\/noticiasya.com\/2024\/09\/23\/tecnologia-impulsada-ia-podria-ayudar-personas-discapacidades-habla-trabajar-remoto-trax\/"},"wordCount":962,"commentCount":0,"publisher":{"@id":"https:\/\/noticiasya.com\/#organization"},"articleSection":["Noticias Nacionales"],"inLanguage":"es","potentialAction":[{"@type":"CommentAction","name":"Comment","target":["https:\/\/noticiasya.com\/2024\/09\/23\/tecnologia-impulsada-ia-podria-ayudar-personas-discapacidades-habla-trabajar-remoto-trax\/#respond"]}]},{"@type":"WebPage","@id":"https:\/\/noticiasya.com\/2024\/09\/23\/tecnologia-impulsada-ia-podria-ayudar-personas-discapacidades-habla-trabajar-remoto-trax\/","url":"https:\/\/noticiasya.com\/2024\/09\/23\/tecnologia-impulsada-ia-podria-ayudar-personas-discapacidades-habla-trabajar-remoto-trax\/","name":"La tecnolog\u00eda impulsada por IA podr\u00eda ayudar a las personas con discapacidades del habla a trabajar de forma remota - Noticias","isPartOf":{"@id":"https:\/\/noticiasya.com\/#website"},"datePublished":"2024-09-23T22:03:39+00:00","breadcrumb":{"@id":"https:\/\/noticiasya.com\/2024\/09\/23\/tecnologia-impulsada-ia-podria-ayudar-personas-discapacidades-habla-trabajar-remoto-trax\/#breadcrumb"},"inLanguage":"es","potentialAction":[{"@type":"ReadAction","target":["https:\/\/noticiasya.com\/2024\/09\/23\/tecnologia-impulsada-ia-podria-ayudar-personas-discapacidades-habla-trabajar-remoto-trax\/"]}]},{"@type":"BreadcrumbList","@id":"https:\/\/noticiasya.com\/2024\/09\/23\/tecnologia-impulsada-ia-podria-ayudar-personas-discapacidades-habla-trabajar-remoto-trax\/#breadcrumb","itemListElement":[{"@type":"ListItem","position":1,"name":"Home","item":"https:\/\/noticiasya.com\/"},{"@type":"ListItem","position":2,"name":"La tecnolog\u00eda impulsada por IA podr\u00eda ayudar a las personas con discapacidades del habla a trabajar de forma remota"}]},{"@type":"WebSite","@id":"https:\/\/noticiasya.com\/#website","url":"https:\/\/noticiasya.com\/","name":"Noticias","description":"Lo que importa","publisher":{"@id":"https:\/\/noticiasya.com\/#organization"},"potentialAction":[{"@type":"SearchAction","target":{"@type":"EntryPoint","urlTemplate":"https:\/\/noticiasya.com\/?s={search_term_string}"},"query-input":{"@type":"PropertyValueSpecification","valueRequired":true,"valueName":"search_term_string"}}],"inLanguage":"es"},{"@type":"Organization","@id":"https:\/\/noticiasya.com\/#organization","name":"Noticias","url":"https:\/\/noticiasya.com\/","logo":{"@type":"ImageObject","inLanguage":"es","@id":"https:\/\/noticiasya.com\/#\/schema\/logo\/image\/","url":"https:\/\/noticiasya.com\/wp-content\/uploads\/sites\/22\/2023\/12\/logo-nacional.png","contentUrl":"https:\/\/noticiasya.com\/wp-content\/uploads\/sites\/22\/2023\/12\/logo-nacional.png","width":1801,"height":691,"caption":"Noticias"},"image":{"@id":"https:\/\/noticiasya.com\/#\/schema\/logo\/image\/"}}]}},"parsely":{"version":"1.1.0","canonical_url":"https:\/\/noticiasya.com\/boston\/2024\/09\/23\/tecnologia-impulsada-ia-podria-ayudar-personas-discapacidades-habla-trabajar-remoto-trax\/","smart_links":{"inbound":0,"outbound":0},"traffic_boost_suggestions_count":0,"meta":{"@context":"https:\/\/schema.org","@type":"NewsArticle","headline":"La tecnolog\u00eda impulsada por IA podr\u00eda ayudar a las personas con discapacidades del habla a trabajar de forma remota","url":"http:\/\/noticiasya.com\/boston\/2024\/09\/23\/tecnologia-impulsada-ia-podria-ayudar-personas-discapacidades-habla-trabajar-remoto-trax\/","mainEntityOfPage":{"@type":"WebPage","@id":"http:\/\/noticiasya.com\/boston\/2024\/09\/23\/tecnologia-impulsada-ia-podria-ayudar-personas-discapacidades-habla-trabajar-remoto-trax\/"},"thumbnailUrl":"","image":{"@type":"ImageObject","url":""},"articleSection":"Noticias Nacionales","author":[],"creator":[],"publisher":{"@type":"Organization","name":"Noticias","logo":""},"keywords":[],"dateCreated":"2024-09-23T22:03:39Z","datePublished":"2024-09-23T22:03:39Z","dateModified":"2024-09-23T22:03:39Z"},"rendered":"<script type=\"application\/ld+json\" class=\"wp-parsely-metadata\">{\"@context\":\"https:\\\/\\\/schema.org\",\"@type\":\"NewsArticle\",\"headline\":\"La tecnolog\\u00eda impulsada por IA podr\\u00eda ayudar a las personas con discapacidades del habla a trabajar de forma remota\",\"url\":\"http:\\\/\\\/noticiasya.com\\\/boston\\\/2024\\\/09\\\/23\\\/tecnologia-impulsada-ia-podria-ayudar-personas-discapacidades-habla-trabajar-remoto-trax\\\/\",\"mainEntityOfPage\":{\"@type\":\"WebPage\",\"@id\":\"http:\\\/\\\/noticiasya.com\\\/boston\\\/2024\\\/09\\\/23\\\/tecnologia-impulsada-ia-podria-ayudar-personas-discapacidades-habla-trabajar-remoto-trax\\\/\"},\"thumbnailUrl\":\"\",\"image\":{\"@type\":\"ImageObject\",\"url\":\"\"},\"articleSection\":\"Noticias Nacionales\",\"author\":[],\"creator\":[],\"publisher\":{\"@type\":\"Organization\",\"name\":\"Noticias\",\"logo\":\"\"},\"keywords\":[],\"dateCreated\":\"2024-09-23T22:03:39Z\",\"datePublished\":\"2024-09-23T22:03:39Z\",\"dateModified\":\"2024-09-23T22:03:39Z\"}<\/script>","tracker_url":"https:\/\/cdn.parsely.com\/keys\/noticiasya.com\/p.js"},"jetpack_featured_media_url":"","jetpack-related-posts":[{"id":1448924,"url":"https:\/\/noticiasya.com\/boston\/2024\/05\/06\/inteligencia-artificial-duelo-comunican-muertos-trax\/","url_meta":{"origin":1452966,"position":0},"title":"Cuando el dolor y la inteligencia artificial se cruzan: estas personas se &#171;comunican&#187; con los muertos","author":"","date":"mayo 6, 2024","format":false,"excerpt":"(CNN) --\u00a0Cuando Ana Schultz, una joven de 25 a\u00f1os de Rock Falls, Illinois, extra\u00f1a a su esposo Kyle, quien falleci\u00f3 en febrero de 2023, le pide consejos de cocina.Ella activa Snapchat My AI, el chatbot de inteligencia artificial de la plataforma de redes sociales, y le env\u00eda a Kyle los\u2026","rel":"","context":"In &quot;Noticias Nacionales&quot;","block_context":{"text":"Noticias Nacionales","link":"https:\/\/noticiasya.com\/boston\/categoria\/noticias-nacionales"},"img":{"alt_text":"","src":"","width":0,"height":0},"classes":[]},{"id":1449484,"url":"https:\/\/noticiasya.com\/boston\/2024\/05\/15\/openai-modelo-inteligencia-artificial-gpt-4o-trax\/","url_meta":{"origin":1452966,"position":1},"title":"OpenAI presenta su nuevo modelo de Inteligencia Artificial, GPT-4o","author":"","date":"mayo 15, 2024","format":false,"excerpt":"Nueva York (CNN) -- OpenAI anunci\u00f3 este lunes su \u00faltimo modelo de lenguaje de gran inteligencia artificial que, seg\u00fan afirma, har\u00e1 que ChatGPT sea m\u00e1s inteligente y f\u00e1cil de usar.El nuevo modelo, llamado GPT-4o, es una actualizaci\u00f3n del anterior modelo GPT-4 de la compa\u00f1\u00eda, que se lanz\u00f3 hace poco m\u00e1s\u2026","rel":"","context":"In &quot;Noticias Nacionales&quot;","block_context":{"text":"Noticias Nacionales","link":"https:\/\/noticiasya.com\/boston\/categoria\/noticias-nacionales"},"img":{"alt_text":"","src":"","width":0,"height":0},"classes":[]},{"id":1448511,"url":"https:\/\/noticiasya.com\/boston\/2024\/04\/25\/simplemente-no-entiendo-a-taylor-swift-trax\/","url_meta":{"origin":1452966,"position":2},"title":"OPINI\u00d3N | Simplemente no entiendo a Taylor Swift","author":"","date":"abril 25, 2024","format":false,"excerpt":"Nota del editor: Este es el primer art\u00edculo de una serie ocasional titulada \"Simplemente no lo entiendo\". A veces, no importa lo popular que sea algo, simplemente no encaja con nosotros. Ya sea una comida, un hobby, una estrella de la cultura pop o cualquier otra cosa que las masas\u2026","rel":"","context":"In &quot;Noticias Nacionales&quot;","block_context":{"text":"Noticias Nacionales","link":"https:\/\/noticiasya.com\/boston\/categoria\/noticias-nacionales"},"img":{"alt_text":"","src":"","width":0,"height":0},"classes":[]},{"id":1471241,"url":"https:\/\/noticiasya.com\/boston\/2026\/02\/14\/inteligencia-artificial-crisis-desaparecidos-mexico-orix\/","url_meta":{"origin":1452966,"position":3},"title":"Del reconocimiento de tatuajes a la progresi\u00f3n de edad: as\u00ed se utiliza la IA en la crisis de desaparecidos en M\u00e9xico","author":"","date":"febrero 14, 2026","format":false,"excerpt":"H\u00e9ctor Flores recuerda la primera vez\u202fque vio\u202fun video de su hijo\u202fH\u00e9ctor Daniel Flores Hern\u00e1ndez, reportado como desaparecido en 2021 en el que \u2014por medio de inteligencia artificial\u2014 narra la historia de su desaparici\u00f3n y exige a las autoridades ser hallado con vida.La tecnolog\u00eda de Inteligencia Artificial (IA) utiliza fotograf\u00edas de\u2026","rel":"","context":"In &quot;Noticias Nacionales&quot;","block_context":{"text":"Noticias Nacionales","link":"https:\/\/noticiasya.com\/boston\/categoria\/noticias-nacionales"},"img":{"alt_text":"","src":"","width":0,"height":0},"classes":[]},{"id":1470017,"url":"https:\/\/noticiasya.com\/boston\/2026\/01\/12\/consejos-conseguir-empleo-trax\/","url_meta":{"origin":1452966,"position":4},"title":"El mercado laboral est\u00e1 complejo, pero no hay que desanimarse: estas son algunas estrategias para conseguir trabajo","author":"","date":"enero 12, 2026","format":false,"excerpt":"Si has estado trabajando durante m\u00e1s de una d\u00e9cada y este a\u00f1o comienzas una b\u00fasqueda de empleo \u2013ya sea porque te despidieron o simplemente quieres cambiar\u2013, no te dejes consumir por los datos desalentadores del mercado laboral ni por las amenazas percibidas que representa la inteligencia artificial.S\u00ed, el crecimiento del\u2026","rel":"","context":"In &quot;Noticias Nacionales&quot;","block_context":{"text":"Noticias Nacionales","link":"https:\/\/noticiasya.com\/boston\/categoria\/noticias-nacionales"},"img":{"alt_text":"","src":"","width":0,"height":0},"classes":[]},{"id":1456713,"url":"https:\/\/noticiasya.com\/boston\/2024\/12\/18\/charlie-engman-imagenes-inquietantes-ia-trax\/","url_meta":{"origin":1452966,"position":5},"title":"El artista que crea im\u00e1genes inquietantes del cuerpo humano con IA","author":"","date":"diciembre 18, 2024","format":false,"excerpt":"Demasiados dedos o demasiados dientes: el a\u00f1o pasado, cuando las im\u00e1genes generativas de inteligencia artificial irrumpieron en Internet, este tipo de variaciones corporales se convirti\u00f3 tanto en un chiste como en una se\u00f1al reveladora de que ciertas fotograf\u00edas no eran reales. En cambio, eran la forma de detectar la marca\u2026","rel":"","context":"In &quot;Noticias Nacionales&quot;","block_context":{"text":"Noticias Nacionales","link":"https:\/\/noticiasya.com\/boston\/categoria\/noticias-nacionales"},"img":{"alt_text":"","src":"","width":0,"height":0},"classes":[]}],"jetpack_sharing_enabled":true,"_links":{"self":[{"href":"https:\/\/noticiasya.com\/boston\/wp-json\/wp\/v2\/posts\/1452966","targetHints":{"allow":["GET"]}}],"collection":[{"href":"https:\/\/noticiasya.com\/boston\/wp-json\/wp\/v2\/posts"}],"about":[{"href":"https:\/\/noticiasya.com\/boston\/wp-json\/wp\/v2\/types\/post"}],"replies":[{"embeddable":true,"href":"https:\/\/noticiasya.com\/boston\/wp-json\/wp\/v2\/comments?post=1452966"}],"version-history":[{"count":0,"href":"https:\/\/noticiasya.com\/boston\/wp-json\/wp\/v2\/posts\/1452966\/revisions"}],"wp:attachment":[{"href":"https:\/\/noticiasya.com\/boston\/wp-json\/wp\/v2\/media?parent=1452966"}],"wp:term":[{"taxonomy":"category","embeddable":true,"href":"https:\/\/noticiasya.com\/boston\/wp-json\/wp\/v2\/categories?post=1452966"},{"taxonomy":"post_tag","embeddable":true,"href":"https:\/\/noticiasya.com\/boston\/wp-json\/wp\/v2\/tags?post=1452966"}],"curies":[{"name":"wp","href":"https:\/\/api.w.org\/{rel}","templated":true}]}}