{"id":1452970,"date":"2024-09-23T16:03:38","date_gmt":"2024-09-23T23:03:38","guid":{"rendered":"https:\/\/noticiasya.com\/2024\/09\/23\/cuando-tocaria-tierra-huracan-john-mexico-estados-amenaza-orix\/"},"modified":"2024-09-23T16:03:38","modified_gmt":"2024-09-23T23:03:38","slug":"cuando-tocaria-tierra-huracan-john-mexico-estados-amenaza-orix","status":"publish","type":"post","link":"https:\/\/noticiasya.com\/boston\/2024\/09\/23\/cuando-tocaria-tierra-huracan-john-mexico-estados-amenaza-orix\/","title":{"rendered":"\u00bfCu\u00e1ndo tocar\u00eda tierra el hurac\u00e1n John en M\u00e9xico y qu\u00e9 estados amenaza?"},"content":{"rendered":"<p>(CNN Espa\u00f1ol) &#8212; John se intensifica r\u00e1pidamente en su camino hacia las costas de Oaxaca y Guerrero, M\u00e9xico, y podr\u00eda convertirse en un hurac\u00e1n mayor, seg\u00fan los pron\u00f3sticos del Servicio Meteorol\u00f3gico Nacional (SMN) de M\u00e9xico y el Centro Nacional de Huracanes (NHC, por sus siglas en ingl\u00e9s) de Estados Unidos.<\/p>\n<p>John, que se fortaleci\u00f3 la tarde de este lunes a categor\u00eda 2, tiene vientos m\u00e1ximos sostenidos de 155 km\/h y rachas cada vez m\u00e1s fuertes que han aumentado a medida que avanza hacia la costa sur mexicana, de acuerdo con la actualizaci\u00f3n m\u00e1s reciente del NHC.<\/p>\n<p>A las 3:15 p.m. de este lunes, seg\u00fan el SMN, John se encontraba a 90 km al sur de Punta Maldonado, Guerrero, y a 155 km al oeste-suroeste de Puerto Escondido, Oaxaca.<\/p>\n<p>Trayectoria del hurac\u00e1n John: d\u00f3nde est\u00e1 y hacia d\u00f3nde se dirige<\/p>\n<p>\u00bfCu\u00e1ndo y d\u00f3nde tocar\u00e1 tierra?<\/p>\n<p>De mantener su trayectoria actual, el centro del hurac\u00e1n John podr\u00eda tocar tierra como un hurac\u00e1n categor\u00eda 2 entre Santiago Pinotepa Nacional, Oaxaca, y Copala, Guerrero, entre las 9:00 p.m. del lunes 23 de septiembre y las 1:00 a.m. del martes 24.<\/p>\n<p>Trayectoria del hurac\u00e1n John prevista por el SMN de M\u00e9xico. (Cr\u00e9dito: SMN)<\/p>\n<p>Las zonas afectadas por el hurac\u00e1n John<\/p>\n<p>Las autoridades de M\u00e9xico establecieron una zona de prevenci\u00f3n por efectos de hurac\u00e1n desde el este de Acapulco, Guerrero, hasta Bah\u00edas de Huatulco, Oaxaca, y una zona de prevenci\u00f3n por efectos de tormenta tropical desde el este de Bah\u00edas de Huatulco hasta Salina Cruz, Oaxaca.<\/p>\n<p>Hasta las 3:15 p.m. de este lunes, el hurac\u00e1n John ten\u00eda vientos sostenidos de 155 km\/h y rachas de 195 km\/h.<\/p>\n<p>Se espera que traiga fuertes lluvias principalmente a los estados mexicanos de Chiapas, Oaxaca, y el sureste de Guerrero, especialmente en la zonas cerca de la costa, seg\u00fan el SMN.<\/p>\n<p>Lluvias puntuales extraordinarias (superiores a 250 mm) en Oaxaca y Guerrero<br \/>\nLluvias puntuales torrenciales (150 a 250 mm) en Chiapas.<br \/>\nLluvias puntuales intensas (75 a 150 mm) en zonas de Veracruz y Puebla<br \/>\nLluvias puntuales muy fuertes (50 a 75 mm) en Tabasco, Michoac\u00e1n y Morelos.<br \/>\nY lluvias puntuales fuertes (25 a 50 mm) en zonas del Estado de M\u00e9xico.<\/p>\n<p>Adem\u00e1s, es probable que las fuertes causen inundaciones repentinas y deslizamientos de tierra significativos y posiblemente catastr\u00f3ficos en los estados m\u00e1s afectados, de acuerdo con el aviso m\u00e1s reciente del NHC.<\/p>\n<p>Instalaci\u00f3n de refugios<\/p>\n<p>Las autoridades de Protecci\u00f3n Civil pidieron a la poblaci\u00f3n mantenerse pendiente de los reportes y avisos meteorol\u00f3gicos as\u00ed como a buscar refugio a quienes se encuentran en los municipios m\u00e1s cercanos a las costas de Guerrero y Oaxaca.<\/p>\n<p>El gobierno de Guerrero ha destinado 299 refugios temporales en los municipios costeros ante la llegada del hurac\u00e1n John. Aqu\u00ed puedes ubicar el m\u00e1s cercano.<\/p>\n<p>The-CNN-Wire<br \/>&trade; &amp; &copy; 2024 Cable News Network, Inc., a Warner Bros. Discovery Company. All rights reserved.<\/p>\n","protected":false},"excerpt":{"rendered":"<p>(CNN Espa\u00f1ol) &#8212; John se intensifica r\u00e1pidamente en su camino hacia las costas de Oaxaca y Guerrero, M\u00e9xico, y podr\u00eda convertirse en un hurac\u00e1n mayor, seg\u00fan los pron\u00f3sticos del Servicio Meteorol\u00f3gico Nacional (SMN) de M\u00e9xico y el Centro Nacional de Huracanes (NHC, por sus siglas en ingl\u00e9s) de Estados Unidos. John, que se fortaleci\u00f3 la [&hellip;]<\/p>\n","protected":false},"author":0,"featured_media":0,"comment_status":"open","ping_status":"open","sticky":false,"template":"","format":"standard","meta":{"_jetpack_memberships_contains_paid_content":false,"footnotes":""},"categories":[10],"tags":[],"class_list":["post-1452970","post","type-post","status-publish","format-standard","hentry","category-noticias-nacionales","market-global"],"yoast_head":"<!-- This site is optimized with the Yoast SEO plugin v24.4 - https:\/\/yoast.com\/wordpress\/plugins\/seo\/ -->\n<title>\u00bfCu\u00e1ndo tocar\u00eda tierra el hurac\u00e1n John en M\u00e9xico y qu\u00e9 estados amenaza? - Noticias<\/title>\n<meta name=\"robots\" content=\"index, follow, max-snippet:-1, max-image-preview:large, max-video-preview:-1\" \/>\n<link rel=\"canonical\" href=\"https:\/\/noticiasya.com\/2024\/09\/23\/cuando-tocaria-tierra-huracan-john-mexico-estados-amenaza-orix\/\" \/>\n<meta property=\"og:locale\" content=\"es_ES\" \/>\n<meta property=\"og:type\" content=\"article\" \/>\n<meta property=\"og:title\" content=\"\u00bfCu\u00e1ndo tocar\u00eda tierra el hurac\u00e1n John en M\u00e9xico y qu\u00e9 estados amenaza? - Noticias\" \/>\n<meta property=\"og:description\" content=\"(CNN Espa\u00f1ol) &#8212; John se intensifica r\u00e1pidamente en su camino hacia las costas de Oaxaca y Guerrero, M\u00e9xico, y podr\u00eda convertirse en un hurac\u00e1n mayor, seg\u00fan los pron\u00f3sticos del Servicio Meteorol\u00f3gico Nacional (SMN) de M\u00e9xico y el Centro Nacional de Huracanes (NHC, por sus siglas en ingl\u00e9s) de Estados Unidos. John, que se fortaleci\u00f3 la [&hellip;]\" \/>\n<meta property=\"og:url\" content=\"https:\/\/noticiasya.com\/2024\/09\/23\/cuando-tocaria-tierra-huracan-john-mexico-estados-amenaza-orix\/\" \/>\n<meta property=\"og:site_name\" content=\"Noticias\" \/>\n<meta property=\"article:published_time\" content=\"2024-09-23T23:03:38+00:00\" \/>\n<meta name=\"twitter:card\" content=\"summary_large_image\" \/>\n<meta name=\"twitter:label1\" content=\"Est. reading time\" \/>\n\t<meta name=\"twitter:data1\" content=\"3 minutos\" \/>\n<script type=\"application\/ld+json\" class=\"yoast-schema-graph\">{\"@context\":\"https:\/\/schema.org\",\"@graph\":[{\"@type\":\"Article\",\"@id\":\"https:\/\/noticiasya.com\/2024\/09\/23\/cuando-tocaria-tierra-huracan-john-mexico-estados-amenaza-orix\/#article\",\"isPartOf\":{\"@id\":\"https:\/\/noticiasya.com\/2024\/09\/23\/cuando-tocaria-tierra-huracan-john-mexico-estados-amenaza-orix\/\"},\"author\":{\"name\":\"\",\"@id\":\"\"},\"headline\":\"\u00bfCu\u00e1ndo tocar\u00eda tierra el hurac\u00e1n John en M\u00e9xico y qu\u00e9 estados amenaza?\",\"datePublished\":\"2024-09-23T23:03:38+00:00\",\"mainEntityOfPage\":{\"@id\":\"https:\/\/noticiasya.com\/2024\/09\/23\/cuando-tocaria-tierra-huracan-john-mexico-estados-amenaza-orix\/\"},\"wordCount\":525,\"commentCount\":0,\"publisher\":{\"@id\":\"https:\/\/noticiasya.com\/#organization\"},\"articleSection\":[\"Noticias Nacionales\"],\"inLanguage\":\"es\",\"potentialAction\":[{\"@type\":\"CommentAction\",\"name\":\"Comment\",\"target\":[\"https:\/\/noticiasya.com\/2024\/09\/23\/cuando-tocaria-tierra-huracan-john-mexico-estados-amenaza-orix\/#respond\"]}]},{\"@type\":\"WebPage\",\"@id\":\"https:\/\/noticiasya.com\/2024\/09\/23\/cuando-tocaria-tierra-huracan-john-mexico-estados-amenaza-orix\/\",\"url\":\"https:\/\/noticiasya.com\/2024\/09\/23\/cuando-tocaria-tierra-huracan-john-mexico-estados-amenaza-orix\/\",\"name\":\"\u00bfCu\u00e1ndo tocar\u00eda tierra el hurac\u00e1n John en M\u00e9xico y qu\u00e9 estados amenaza? - Noticias\",\"isPartOf\":{\"@id\":\"https:\/\/noticiasya.com\/#website\"},\"datePublished\":\"2024-09-23T23:03:38+00:00\",\"breadcrumb\":{\"@id\":\"https:\/\/noticiasya.com\/2024\/09\/23\/cuando-tocaria-tierra-huracan-john-mexico-estados-amenaza-orix\/#breadcrumb\"},\"inLanguage\":\"es\",\"potentialAction\":[{\"@type\":\"ReadAction\",\"target\":[\"https:\/\/noticiasya.com\/2024\/09\/23\/cuando-tocaria-tierra-huracan-john-mexico-estados-amenaza-orix\/\"]}]},{\"@type\":\"BreadcrumbList\",\"@id\":\"https:\/\/noticiasya.com\/2024\/09\/23\/cuando-tocaria-tierra-huracan-john-mexico-estados-amenaza-orix\/#breadcrumb\",\"itemListElement\":[{\"@type\":\"ListItem\",\"position\":1,\"name\":\"Home\",\"item\":\"https:\/\/noticiasya.com\/\"},{\"@type\":\"ListItem\",\"position\":2,\"name\":\"\u00bfCu\u00e1ndo tocar\u00eda tierra el hurac\u00e1n John en M\u00e9xico y qu\u00e9 estados amenaza?\"}]},{\"@type\":\"WebSite\",\"@id\":\"https:\/\/noticiasya.com\/#website\",\"url\":\"https:\/\/noticiasya.com\/\",\"name\":\"Noticias\",\"description\":\"Lo que importa\",\"publisher\":{\"@id\":\"https:\/\/noticiasya.com\/#organization\"},\"potentialAction\":[{\"@type\":\"SearchAction\",\"target\":{\"@type\":\"EntryPoint\",\"urlTemplate\":\"https:\/\/noticiasya.com\/?s={search_term_string}\"},\"query-input\":{\"@type\":\"PropertyValueSpecification\",\"valueRequired\":true,\"valueName\":\"search_term_string\"}}],\"inLanguage\":\"es\"},{\"@type\":\"Organization\",\"@id\":\"https:\/\/noticiasya.com\/#organization\",\"name\":\"Noticias\",\"url\":\"https:\/\/noticiasya.com\/\",\"logo\":{\"@type\":\"ImageObject\",\"inLanguage\":\"es\",\"@id\":\"https:\/\/noticiasya.com\/#\/schema\/logo\/image\/\",\"url\":\"https:\/\/noticiasya.com\/wp-content\/uploads\/sites\/22\/2023\/12\/logo-nacional.png\",\"contentUrl\":\"https:\/\/noticiasya.com\/wp-content\/uploads\/sites\/22\/2023\/12\/logo-nacional.png\",\"width\":1801,\"height\":691,\"caption\":\"Noticias\"},\"image\":{\"@id\":\"https:\/\/noticiasya.com\/#\/schema\/logo\/image\/\"}}]}<\/script>\n<!-- \/ Yoast SEO plugin. -->","yoast_head_json":{"title":"\u00bfCu\u00e1ndo tocar\u00eda tierra el hurac\u00e1n John en M\u00e9xico y qu\u00e9 estados amenaza? - Noticias","robots":{"index":"index","follow":"follow","max-snippet":"max-snippet:-1","max-image-preview":"max-image-preview:large","max-video-preview":"max-video-preview:-1"},"canonical":"https:\/\/noticiasya.com\/2024\/09\/23\/cuando-tocaria-tierra-huracan-john-mexico-estados-amenaza-orix\/","og_locale":"es_ES","og_type":"article","og_title":"\u00bfCu\u00e1ndo tocar\u00eda tierra el hurac\u00e1n John en M\u00e9xico y qu\u00e9 estados amenaza? - Noticias","og_description":"(CNN Espa\u00f1ol) &#8212; John se intensifica r\u00e1pidamente en su camino hacia las costas de Oaxaca y Guerrero, M\u00e9xico, y podr\u00eda convertirse en un hurac\u00e1n mayor, seg\u00fan los pron\u00f3sticos del Servicio Meteorol\u00f3gico Nacional (SMN) de M\u00e9xico y el Centro Nacional de Huracanes (NHC, por sus siglas en ingl\u00e9s) de Estados Unidos. John, que se fortaleci\u00f3 la [&hellip;]","og_url":"https:\/\/noticiasya.com\/2024\/09\/23\/cuando-tocaria-tierra-huracan-john-mexico-estados-amenaza-orix\/","og_site_name":"Noticias","article_published_time":"2024-09-23T23:03:38+00:00","twitter_card":"summary_large_image","twitter_misc":{"Est. reading time":"3 minutos"},"schema":{"@context":"https:\/\/schema.org","@graph":[{"@type":"Article","@id":"https:\/\/noticiasya.com\/2024\/09\/23\/cuando-tocaria-tierra-huracan-john-mexico-estados-amenaza-orix\/#article","isPartOf":{"@id":"https:\/\/noticiasya.com\/2024\/09\/23\/cuando-tocaria-tierra-huracan-john-mexico-estados-amenaza-orix\/"},"author":{"name":"","@id":""},"headline":"\u00bfCu\u00e1ndo tocar\u00eda tierra el hurac\u00e1n John en M\u00e9xico y qu\u00e9 estados amenaza?","datePublished":"2024-09-23T23:03:38+00:00","mainEntityOfPage":{"@id":"https:\/\/noticiasya.com\/2024\/09\/23\/cuando-tocaria-tierra-huracan-john-mexico-estados-amenaza-orix\/"},"wordCount":525,"commentCount":0,"publisher":{"@id":"https:\/\/noticiasya.com\/#organization"},"articleSection":["Noticias Nacionales"],"inLanguage":"es","potentialAction":[{"@type":"CommentAction","name":"Comment","target":["https:\/\/noticiasya.com\/2024\/09\/23\/cuando-tocaria-tierra-huracan-john-mexico-estados-amenaza-orix\/#respond"]}]},{"@type":"WebPage","@id":"https:\/\/noticiasya.com\/2024\/09\/23\/cuando-tocaria-tierra-huracan-john-mexico-estados-amenaza-orix\/","url":"https:\/\/noticiasya.com\/2024\/09\/23\/cuando-tocaria-tierra-huracan-john-mexico-estados-amenaza-orix\/","name":"\u00bfCu\u00e1ndo tocar\u00eda tierra el hurac\u00e1n John en M\u00e9xico y qu\u00e9 estados amenaza? - Noticias","isPartOf":{"@id":"https:\/\/noticiasya.com\/#website"},"datePublished":"2024-09-23T23:03:38+00:00","breadcrumb":{"@id":"https:\/\/noticiasya.com\/2024\/09\/23\/cuando-tocaria-tierra-huracan-john-mexico-estados-amenaza-orix\/#breadcrumb"},"inLanguage":"es","potentialAction":[{"@type":"ReadAction","target":["https:\/\/noticiasya.com\/2024\/09\/23\/cuando-tocaria-tierra-huracan-john-mexico-estados-amenaza-orix\/"]}]},{"@type":"BreadcrumbList","@id":"https:\/\/noticiasya.com\/2024\/09\/23\/cuando-tocaria-tierra-huracan-john-mexico-estados-amenaza-orix\/#breadcrumb","itemListElement":[{"@type":"ListItem","position":1,"name":"Home","item":"https:\/\/noticiasya.com\/"},{"@type":"ListItem","position":2,"name":"\u00bfCu\u00e1ndo tocar\u00eda tierra el hurac\u00e1n John en M\u00e9xico y qu\u00e9 estados amenaza?"}]},{"@type":"WebSite","@id":"https:\/\/noticiasya.com\/#website","url":"https:\/\/noticiasya.com\/","name":"Noticias","description":"Lo que importa","publisher":{"@id":"https:\/\/noticiasya.com\/#organization"},"potentialAction":[{"@type":"SearchAction","target":{"@type":"EntryPoint","urlTemplate":"https:\/\/noticiasya.com\/?s={search_term_string}"},"query-input":{"@type":"PropertyValueSpecification","valueRequired":true,"valueName":"search_term_string"}}],"inLanguage":"es"},{"@type":"Organization","@id":"https:\/\/noticiasya.com\/#organization","name":"Noticias","url":"https:\/\/noticiasya.com\/","logo":{"@type":"ImageObject","inLanguage":"es","@id":"https:\/\/noticiasya.com\/#\/schema\/logo\/image\/","url":"https:\/\/noticiasya.com\/wp-content\/uploads\/sites\/22\/2023\/12\/logo-nacional.png","contentUrl":"https:\/\/noticiasya.com\/wp-content\/uploads\/sites\/22\/2023\/12\/logo-nacional.png","width":1801,"height":691,"caption":"Noticias"},"image":{"@id":"https:\/\/noticiasya.com\/#\/schema\/logo\/image\/"}}]}},"parsely":{"version":"1.1.0","canonical_url":"https:\/\/noticiasya.com\/boston\/2024\/09\/23\/cuando-tocaria-tierra-huracan-john-mexico-estados-amenaza-orix\/","smart_links":{"inbound":0,"outbound":0},"traffic_boost_suggestions_count":0,"meta":{"@context":"https:\/\/schema.org","@type":"NewsArticle","headline":"\u00bfCu\u00e1ndo tocar\u00eda tierra el hurac\u00e1n John en M\u00e9xico y qu\u00e9 estados amenaza?","url":"http:\/\/noticiasya.com\/boston\/2024\/09\/23\/cuando-tocaria-tierra-huracan-john-mexico-estados-amenaza-orix\/","mainEntityOfPage":{"@type":"WebPage","@id":"http:\/\/noticiasya.com\/boston\/2024\/09\/23\/cuando-tocaria-tierra-huracan-john-mexico-estados-amenaza-orix\/"},"thumbnailUrl":"","image":{"@type":"ImageObject","url":""},"articleSection":"Noticias Nacionales","author":[],"creator":[],"publisher":{"@type":"Organization","name":"Noticias","logo":""},"keywords":[],"dateCreated":"2024-09-23T23:03:38Z","datePublished":"2024-09-23T23:03:38Z","dateModified":"2024-09-23T23:03:38Z"},"rendered":"<script type=\"application\/ld+json\" class=\"wp-parsely-metadata\">{\"@context\":\"https:\\\/\\\/schema.org\",\"@type\":\"NewsArticle\",\"headline\":\"\\u00bfCu\\u00e1ndo tocar\\u00eda tierra el hurac\\u00e1n John en M\\u00e9xico y qu\\u00e9 estados amenaza?\",\"url\":\"http:\\\/\\\/noticiasya.com\\\/boston\\\/2024\\\/09\\\/23\\\/cuando-tocaria-tierra-huracan-john-mexico-estados-amenaza-orix\\\/\",\"mainEntityOfPage\":{\"@type\":\"WebPage\",\"@id\":\"http:\\\/\\\/noticiasya.com\\\/boston\\\/2024\\\/09\\\/23\\\/cuando-tocaria-tierra-huracan-john-mexico-estados-amenaza-orix\\\/\"},\"thumbnailUrl\":\"\",\"image\":{\"@type\":\"ImageObject\",\"url\":\"\"},\"articleSection\":\"Noticias Nacionales\",\"author\":[],\"creator\":[],\"publisher\":{\"@type\":\"Organization\",\"name\":\"Noticias\",\"logo\":\"\"},\"keywords\":[],\"dateCreated\":\"2024-09-23T23:03:38Z\",\"datePublished\":\"2024-09-23T23:03:38Z\",\"dateModified\":\"2024-09-23T23:03:38Z\"}<\/script>","tracker_url":"https:\/\/cdn.parsely.com\/keys\/noticiasya.com\/p.js"},"jetpack_featured_media_url":"","jetpack-related-posts":[{"id":1452965,"url":"https:\/\/noticiasya.com\/boston\/2024\/09\/23\/trayectoria-huracan-john-donde-esta-se-dirige-orix\/","url_meta":{"origin":1452970,"position":0},"title":"Trayectoria del hurac\u00e1n John: d\u00f3nde est\u00e1 y hacia d\u00f3nde se dirige","author":"","date":"septiembre 23, 2024","format":false,"excerpt":"(CNN Espa\u00f1ol) -- John se fortaleci\u00f3 la tarde de este lunes a hurac\u00e1n categor\u00eda 2 tras formarse la noche del domingo hora del centro de M\u00e9xico (madrugada del lunes en Miami) frente a las costas de Oaxaca, seg\u00fan el Servicio Meteorol\u00f3gico Nacional (SMN) de M\u00e9xico y el Centro Nacional de\u2026","rel":"","context":"In &quot;Noticias Nacionales&quot;","block_context":{"text":"Noticias Nacionales","link":"https:\/\/noticiasya.com\/boston\/categoria\/noticias-nacionales"},"img":{"alt_text":"","src":"","width":0,"height":0},"classes":[]},{"id":1452954,"url":"https:\/\/noticiasya.com\/boston\/2024\/09\/23\/trayectoria-tormenta-tropical-john-donde-esta-se-dirige-orix\/","url_meta":{"origin":1452970,"position":1},"title":"Trayectoria de la tormenta tropical John: d\u00f3nde est\u00e1 y hacia d\u00f3nde se dirige","author":"","date":"septiembre 23, 2024","format":false,"excerpt":"(CNN Espa\u00f1ol) -- La tormenta tropical John se form\u00f3 en los \u00faltimos minutos del domingo hora del centro de M\u00e9xico (madrugada del lunes en Miami) frente a las costas de Oaxaca, seg\u00fan el Servicio Meteorol\u00f3gico Nacional (SMN) de M\u00e9xico y el Centro Nacional de Huracanes (NHC, por sus siglas en\u2026","rel":"","context":"In &quot;Noticias Nacionales&quot;","block_context":{"text":"Noticias Nacionales","link":"https:\/\/noticiasya.com\/boston\/categoria\/noticias-nacionales"},"img":{"alt_text":"","src":"","width":0,"height":0},"classes":[]},{"id":1463621,"url":"https:\/\/noticiasya.com\/boston\/2025\/06\/17\/tormenta-tropical-erick-trayectoria-donde-esta-dirige-orix\/","url_meta":{"origin":1452970,"position":2},"title":"Trayectoria de la tormenta tropical Erick: d\u00f3nde est\u00e1 y hacia d\u00f3nde se dirige","author":"","date":"junio 17, 2025","format":false,"excerpt":"La tormenta tropical Erick, que se form\u00f3 en la madrugada de este martes frente a las costas del Pac\u00edfico mexicano, es un cicl\u00f3n que podr\u00eda fortalecerse significativamente antes de impactar la costa sur del pa\u00eds, donde hay una alerta de hurac\u00e1n, seg\u00fan el Centro Nacional de Huracanes de EE.UU. (NHC,\u2026","rel":"","context":"In &quot;Noticias Nacionales&quot;","block_context":{"text":"Noticias Nacionales","link":"https:\/\/noticiasya.com\/boston\/categoria\/noticias-nacionales"},"img":{"alt_text":"","src":"","width":0,"height":0},"classes":[]},{"id":1453288,"url":"https:\/\/noticiasya.com\/boston\/2024\/10\/02\/trayectoria-tormenta-tropical-kristy-donde-esta-donde-se-dirige-orix\/","url_meta":{"origin":1452970,"position":3},"title":"Trayectoria de la depresi\u00f3n tropical Once-E, que podr\u00eda convertirse en la tormenta Kristy","author":"","date":"octubre 2, 2024","format":false,"excerpt":"(CNN Espa\u00f1ol) -- La depresi\u00f3n tropical Once-E que se desplaza frente a las costas de Oaxaca, M\u00e9xico, cobrar\u00e1 fuerza en las pr\u00f3ximas horas y se prev\u00e9 que se convierta en la tormenta tropical Kristy entre la noche del mi\u00e9rcoles 2 y jueves 3 de octubre, seg\u00fan el Sistema Meteorol\u00f3gico Nacional\u2026","rel":"","context":"In &quot;Noticias Nacionales&quot;","block_context":{"text":"Noticias Nacionales","link":"https:\/\/noticiasya.com\/boston\/categoria\/noticias-nacionales"},"img":{"alt_text":"","src":"","width":0,"height":0},"classes":[]},{"id":1463705,"url":"https:\/\/noticiasya.com\/boston\/2025\/06\/18\/trayectoria-huracan-erick-donde-esta-orix\/","url_meta":{"origin":1452970,"position":4},"title":"Trayectoria del hurac\u00e1n Erick: d\u00f3nde est\u00e1 y hacia d\u00f3nde se dirige","author":"","date":"junio 18, 2025","format":false,"excerpt":"Erick contin\u00faa fortaleci\u00e9ndose en su paso por el Pac\u00edfico y es ahora en un hurac\u00e1n categor\u00eda 2, inform\u00f3 este mi\u00e9rcoles por la tarde el Centro Nacional de Huracanes de EE.UU. (NHC, por sus siglas en ingl\u00e9s).Este mi\u00e9rcoles por la tarde, seg\u00fan el NHC, Erick se encontraba a 155 km de\u2026","rel":"","context":"In &quot;Noticias Nacionales&quot;","block_context":{"text":"Noticias Nacionales","link":"https:\/\/noticiasya.com\/boston\/categoria\/noticias-nacionales"},"img":{"alt_text":"","src":"","width":0,"height":0},"classes":[]},{"id":1463660,"url":"https:\/\/noticiasya.com\/boston\/2025\/06\/17\/cuando-huracan-tormenta-tropical-erick-categoria-orix\/","url_meta":{"origin":1452970,"position":5},"title":"\u00bfCu\u00e1ndo se convertir\u00e1 en hurac\u00e1n la tormenta tropical Erick y qu\u00e9 categor\u00eda alcanzar\u00e1?","author":"","date":"junio 17, 2025","format":false,"excerpt":"La tormenta tropical Erick, que se mueve frente a las costas del Pac\u00edfico mexicano, podr\u00eda fortalecerse hasta convertirse en hurac\u00e1n, seg\u00fan el Centro Nacional de Huracanes de EE.UU. y el Servicio Meteorol\u00f3gico Nacional de M\u00e9xico.Seg\u00fan el pron\u00f3stico del SMN, la tormenta tropical Erick podr\u00eda volverse hurac\u00e1n categor\u00eda 1 el mi\u00e9rcoles\u2026","rel":"","context":"In &quot;Noticias Nacionales&quot;","block_context":{"text":"Noticias Nacionales","link":"https:\/\/noticiasya.com\/boston\/categoria\/noticias-nacionales"},"img":{"alt_text":"","src":"","width":0,"height":0},"classes":[]}],"jetpack_sharing_enabled":true,"_links":{"self":[{"href":"https:\/\/noticiasya.com\/boston\/wp-json\/wp\/v2\/posts\/1452970","targetHints":{"allow":["GET"]}}],"collection":[{"href":"https:\/\/noticiasya.com\/boston\/wp-json\/wp\/v2\/posts"}],"about":[{"href":"https:\/\/noticiasya.com\/boston\/wp-json\/wp\/v2\/types\/post"}],"replies":[{"embeddable":true,"href":"https:\/\/noticiasya.com\/boston\/wp-json\/wp\/v2\/comments?post=1452970"}],"version-history":[{"count":0,"href":"https:\/\/noticiasya.com\/boston\/wp-json\/wp\/v2\/posts\/1452970\/revisions"}],"wp:attachment":[{"href":"https:\/\/noticiasya.com\/boston\/wp-json\/wp\/v2\/media?parent=1452970"}],"wp:term":[{"taxonomy":"category","embeddable":true,"href":"https:\/\/noticiasya.com\/boston\/wp-json\/wp\/v2\/categories?post=1452970"},{"taxonomy":"post_tag","embeddable":true,"href":"https:\/\/noticiasya.com\/boston\/wp-json\/wp\/v2\/tags?post=1452970"}],"curies":[{"name":"wp","href":"https:\/\/api.w.org\/{rel}","templated":true}]}}