{"id":1453030,"date":"2024-09-24T21:03:56","date_gmt":"2024-09-25T04:03:56","guid":{"rendered":"https:\/\/noticiasya.com\/2024\/09\/24\/incendio-forestal-humo-quito-ecuador-orix\/"},"modified":"2024-09-24T21:03:56","modified_gmt":"2024-09-25T04:03:56","slug":"incendio-forestal-humo-quito-ecuador-orix","status":"publish","type":"post","link":"https:\/\/noticiasya.com\/boston\/2024\/09\/24\/incendio-forestal-humo-quito-ecuador-orix\/","title":{"rendered":"Gran incendio forestal cubre de humo la ciudad de Quito, hay equipos de emergencia luchando contra las llamas"},"content":{"rendered":"<p>(CNN Espa\u00f1ol) \u2013\u2013 El Cuerpo de Bomberos de Quito, en Ecuador, confirm\u00f3 que un incendio forestal fue reportado en el sector de Gu\u00e1pulo, en el centro norte de la capital.<\/p>\n<p>La instituci\u00f3n indic\u00f3 que debido a los fuertes vientos que atraviesa la capital ecuatoriana se present\u00f3 una gran cantidad de humo y residuos de combusti\u00f3n en varios sectores. CNN evidenci\u00f3 una gran nube de humo que alcanz\u00f3 algunos barrios y estaba acompa\u00f1ada de un fuerte olor producto del incendio.<\/p>\n<p>\u201cNuestro personal ya se encuentra en el lugar en labores de combate y control del fuego, precautelando el bienestar de las personas y las infraestructuras cercanas\u201d, precis\u00f3 el Cuerpo de Bomberos en un mensaje en X.<\/p>\n<p>El organismo tambi\u00e9n report\u00f3 otros dos incendios en los sectores de La Forestal, al sur de Quito, y en La Tola, en el centro.<\/p>\n<p>Pabel Mu\u00f1oz, alcalde de Quito, se pronunci\u00f3 en su cuenta de X sobre la emergencia.<\/p>\n<p>Crisis energ\u00e9tica: aumentan apagones en Ecuador con cortes de hasta 11 horas al d\u00eda<\/p>\n<p>\u201cIncendio de grandes proporciones, activado todo el Municipio as\u00ed como el apoyo del Gobierno Nacional. Exhortamos a la ciudadan\u00eda a limitar su circulaci\u00f3n a lo estrictamente necesario para evitar caotizar el tr\u00e1fico a\u00fan m\u00e1s\u201d, insisti\u00f3 Mu\u00f1oz.<\/p>\n<p>Daniel Noboa, presidente de la Rep\u00fablica, quien se encuentra de gira por Estados Unidos, adelant\u00f3 que equipos de emergencia de las Fuerzas Armadas se est\u00e1n sumando a las tareas de extinci\u00f3n del incendio en Gu\u00e1pulo.<\/p>\n<p>\u201cHe dispuesto la movilizaci\u00f3n de todo el contingente necesario. Los helic\u00f3pteros vendr\u00e1n en apoyo apenas sea seguro para los pilotos emprender su misi\u00f3n\u201d, puntualiz\u00f3 Noboa.<\/p>\n<p>La Agencia Metropolitana de Tr\u00e1nsito de Quito (AMT) inform\u00f3 que la avenida Sim\u00f3n Bol\u00edvar, en la zona de Gu\u00e1pulo, fue cerrada en todos sus carriles para evitar el paso de veh\u00edculos cuyos pasajeros puedan ponerse en riesgo. Adem\u00e1s, suspendi\u00f3 la medida del pico y placa (prohibici\u00f3n de tr\u00e1nsito para veh\u00edculos particulares de 6 a.m. a 9 p.m. hora local) debido a la emergencia.<\/p>\n<p>La ministra de Ambiente, In\u00e9s Manzano, adelant\u00f3 que el servicio de energ\u00eda no se suspender\u00eda en Quito. Sin embargo, tras el incendio, s\u00ed se registraron cortes en algunos barrios debido a posibles riesgos en tres subestaciones el\u00e9ctricas que podr\u00edan verse comprometidas por el flagelo, aclar\u00f3 la Empresa El\u00e9ctrica de Quito.<\/p>\n<p>Ecuador enfrenta en estos d\u00edas apagones en distintos horarios debido a la fuerte sequ\u00eda, reducci\u00f3n del caudal de los r\u00edos y la incapacidad de las centrales el\u00e9ctricas de proporcionar m\u00e1s energ\u00eda.<\/p>\n<p>Adem\u00e1s, el fin de semana fueron declaradas en alerta roja 19 de las 24 provincias que tiene Ecuador debido a los incendios forestales, d\u00e9ficit h\u00eddrico y seguridad alimentaria, seg\u00fan anunci\u00f3 el Gobierno.<\/p>\n<p>The-CNN-Wire<br \/>&trade; &amp; &copy; 2024 Cable News Network, Inc., a Warner Bros. Discovery Company. All rights reserved.<\/p>\n","protected":false},"excerpt":{"rendered":"<p>(CNN Espa\u00f1ol) \u2013\u2013 El Cuerpo de Bomberos de Quito, en Ecuador, confirm\u00f3 que un incendio forestal fue reportado en el sector de Gu\u00e1pulo, en el centro norte de la capital. La instituci\u00f3n indic\u00f3 que debido a los fuertes vientos que atraviesa la capital ecuatoriana se present\u00f3 una gran cantidad de humo y residuos de combusti\u00f3n [&hellip;]<\/p>\n","protected":false},"author":0,"featured_media":0,"comment_status":"open","ping_status":"open","sticky":false,"template":"","format":"standard","meta":{"_jetpack_memberships_contains_paid_content":false,"footnotes":""},"categories":[10],"tags":[],"class_list":["post-1453030","post","type-post","status-publish","format-standard","hentry","category-noticias-nacionales","market-global"],"yoast_head":"<!-- This site is optimized with the Yoast SEO plugin v24.4 - https:\/\/yoast.com\/wordpress\/plugins\/seo\/ -->\n<title>Gran incendio forestal cubre de humo la ciudad de Quito, hay equipos de emergencia luchando contra las llamas - Noticias<\/title>\n<meta name=\"robots\" content=\"index, follow, max-snippet:-1, max-image-preview:large, max-video-preview:-1\" \/>\n<link rel=\"canonical\" href=\"https:\/\/noticiasya.com\/2024\/09\/24\/incendio-forestal-humo-quito-ecuador-orix\/\" \/>\n<meta property=\"og:locale\" content=\"es_ES\" \/>\n<meta property=\"og:type\" content=\"article\" \/>\n<meta property=\"og:title\" content=\"Gran incendio forestal cubre de humo la ciudad de Quito, hay equipos de emergencia luchando contra las llamas - Noticias\" \/>\n<meta property=\"og:description\" content=\"(CNN Espa\u00f1ol) \u2013\u2013 El Cuerpo de Bomberos de Quito, en Ecuador, confirm\u00f3 que un incendio forestal fue reportado en el sector de Gu\u00e1pulo, en el centro norte de la capital. La instituci\u00f3n indic\u00f3 que debido a los fuertes vientos que atraviesa la capital ecuatoriana se present\u00f3 una gran cantidad de humo y residuos de combusti\u00f3n [&hellip;]\" \/>\n<meta property=\"og:url\" content=\"https:\/\/noticiasya.com\/2024\/09\/24\/incendio-forestal-humo-quito-ecuador-orix\/\" \/>\n<meta property=\"og:site_name\" content=\"Noticias\" \/>\n<meta property=\"article:published_time\" content=\"2024-09-25T04:03:56+00:00\" \/>\n<meta name=\"twitter:card\" content=\"summary_large_image\" \/>\n<meta name=\"twitter:label1\" content=\"Est. reading time\" \/>\n\t<meta name=\"twitter:data1\" content=\"3 minutos\" \/>\n<script type=\"application\/ld+json\" class=\"yoast-schema-graph\">{\"@context\":\"https:\/\/schema.org\",\"@graph\":[{\"@type\":\"Article\",\"@id\":\"https:\/\/noticiasya.com\/2024\/09\/24\/incendio-forestal-humo-quito-ecuador-orix\/#article\",\"isPartOf\":{\"@id\":\"https:\/\/noticiasya.com\/2024\/09\/24\/incendio-forestal-humo-quito-ecuador-orix\/\"},\"author\":{\"name\":\"\",\"@id\":\"\"},\"headline\":\"Gran incendio forestal cubre de humo la ciudad de Quito, hay equipos de emergencia luchando contra las llamas\",\"datePublished\":\"2024-09-25T04:03:56+00:00\",\"mainEntityOfPage\":{\"@id\":\"https:\/\/noticiasya.com\/2024\/09\/24\/incendio-forestal-humo-quito-ecuador-orix\/\"},\"wordCount\":519,\"commentCount\":0,\"publisher\":{\"@id\":\"https:\/\/noticiasya.com\/#organization\"},\"articleSection\":[\"Noticias Nacionales\"],\"inLanguage\":\"es\",\"potentialAction\":[{\"@type\":\"CommentAction\",\"name\":\"Comment\",\"target\":[\"https:\/\/noticiasya.com\/2024\/09\/24\/incendio-forestal-humo-quito-ecuador-orix\/#respond\"]}]},{\"@type\":\"WebPage\",\"@id\":\"https:\/\/noticiasya.com\/2024\/09\/24\/incendio-forestal-humo-quito-ecuador-orix\/\",\"url\":\"https:\/\/noticiasya.com\/2024\/09\/24\/incendio-forestal-humo-quito-ecuador-orix\/\",\"name\":\"Gran incendio forestal cubre de humo la ciudad de Quito, hay equipos de emergencia luchando contra las llamas - Noticias\",\"isPartOf\":{\"@id\":\"https:\/\/noticiasya.com\/#website\"},\"datePublished\":\"2024-09-25T04:03:56+00:00\",\"breadcrumb\":{\"@id\":\"https:\/\/noticiasya.com\/2024\/09\/24\/incendio-forestal-humo-quito-ecuador-orix\/#breadcrumb\"},\"inLanguage\":\"es\",\"potentialAction\":[{\"@type\":\"ReadAction\",\"target\":[\"https:\/\/noticiasya.com\/2024\/09\/24\/incendio-forestal-humo-quito-ecuador-orix\/\"]}]},{\"@type\":\"BreadcrumbList\",\"@id\":\"https:\/\/noticiasya.com\/2024\/09\/24\/incendio-forestal-humo-quito-ecuador-orix\/#breadcrumb\",\"itemListElement\":[{\"@type\":\"ListItem\",\"position\":1,\"name\":\"Home\",\"item\":\"https:\/\/noticiasya.com\/\"},{\"@type\":\"ListItem\",\"position\":2,\"name\":\"Gran incendio forestal cubre de humo la ciudad de Quito, hay equipos de emergencia luchando contra las llamas\"}]},{\"@type\":\"WebSite\",\"@id\":\"https:\/\/noticiasya.com\/#website\",\"url\":\"https:\/\/noticiasya.com\/\",\"name\":\"Noticias\",\"description\":\"Lo que importa\",\"publisher\":{\"@id\":\"https:\/\/noticiasya.com\/#organization\"},\"potentialAction\":[{\"@type\":\"SearchAction\",\"target\":{\"@type\":\"EntryPoint\",\"urlTemplate\":\"https:\/\/noticiasya.com\/?s={search_term_string}\"},\"query-input\":{\"@type\":\"PropertyValueSpecification\",\"valueRequired\":true,\"valueName\":\"search_term_string\"}}],\"inLanguage\":\"es\"},{\"@type\":\"Organization\",\"@id\":\"https:\/\/noticiasya.com\/#organization\",\"name\":\"Noticias\",\"url\":\"https:\/\/noticiasya.com\/\",\"logo\":{\"@type\":\"ImageObject\",\"inLanguage\":\"es\",\"@id\":\"https:\/\/noticiasya.com\/#\/schema\/logo\/image\/\",\"url\":\"https:\/\/noticiasya.com\/wp-content\/uploads\/sites\/22\/2023\/12\/logo-nacional.png\",\"contentUrl\":\"https:\/\/noticiasya.com\/wp-content\/uploads\/sites\/22\/2023\/12\/logo-nacional.png\",\"width\":1801,\"height\":691,\"caption\":\"Noticias\"},\"image\":{\"@id\":\"https:\/\/noticiasya.com\/#\/schema\/logo\/image\/\"}}]}<\/script>\n<!-- \/ Yoast SEO plugin. -->","yoast_head_json":{"title":"Gran incendio forestal cubre de humo la ciudad de Quito, hay equipos de emergencia luchando contra las llamas - Noticias","robots":{"index":"index","follow":"follow","max-snippet":"max-snippet:-1","max-image-preview":"max-image-preview:large","max-video-preview":"max-video-preview:-1"},"canonical":"https:\/\/noticiasya.com\/2024\/09\/24\/incendio-forestal-humo-quito-ecuador-orix\/","og_locale":"es_ES","og_type":"article","og_title":"Gran incendio forestal cubre de humo la ciudad de Quito, hay equipos de emergencia luchando contra las llamas - Noticias","og_description":"(CNN Espa\u00f1ol) \u2013\u2013 El Cuerpo de Bomberos de Quito, en Ecuador, confirm\u00f3 que un incendio forestal fue reportado en el sector de Gu\u00e1pulo, en el centro norte de la capital. La instituci\u00f3n indic\u00f3 que debido a los fuertes vientos que atraviesa la capital ecuatoriana se present\u00f3 una gran cantidad de humo y residuos de combusti\u00f3n [&hellip;]","og_url":"https:\/\/noticiasya.com\/2024\/09\/24\/incendio-forestal-humo-quito-ecuador-orix\/","og_site_name":"Noticias","article_published_time":"2024-09-25T04:03:56+00:00","twitter_card":"summary_large_image","twitter_misc":{"Est. reading time":"3 minutos"},"schema":{"@context":"https:\/\/schema.org","@graph":[{"@type":"Article","@id":"https:\/\/noticiasya.com\/2024\/09\/24\/incendio-forestal-humo-quito-ecuador-orix\/#article","isPartOf":{"@id":"https:\/\/noticiasya.com\/2024\/09\/24\/incendio-forestal-humo-quito-ecuador-orix\/"},"author":{"name":"","@id":""},"headline":"Gran incendio forestal cubre de humo la ciudad de Quito, hay equipos de emergencia luchando contra las llamas","datePublished":"2024-09-25T04:03:56+00:00","mainEntityOfPage":{"@id":"https:\/\/noticiasya.com\/2024\/09\/24\/incendio-forestal-humo-quito-ecuador-orix\/"},"wordCount":519,"commentCount":0,"publisher":{"@id":"https:\/\/noticiasya.com\/#organization"},"articleSection":["Noticias Nacionales"],"inLanguage":"es","potentialAction":[{"@type":"CommentAction","name":"Comment","target":["https:\/\/noticiasya.com\/2024\/09\/24\/incendio-forestal-humo-quito-ecuador-orix\/#respond"]}]},{"@type":"WebPage","@id":"https:\/\/noticiasya.com\/2024\/09\/24\/incendio-forestal-humo-quito-ecuador-orix\/","url":"https:\/\/noticiasya.com\/2024\/09\/24\/incendio-forestal-humo-quito-ecuador-orix\/","name":"Gran incendio forestal cubre de humo la ciudad de Quito, hay equipos de emergencia luchando contra las llamas - Noticias","isPartOf":{"@id":"https:\/\/noticiasya.com\/#website"},"datePublished":"2024-09-25T04:03:56+00:00","breadcrumb":{"@id":"https:\/\/noticiasya.com\/2024\/09\/24\/incendio-forestal-humo-quito-ecuador-orix\/#breadcrumb"},"inLanguage":"es","potentialAction":[{"@type":"ReadAction","target":["https:\/\/noticiasya.com\/2024\/09\/24\/incendio-forestal-humo-quito-ecuador-orix\/"]}]},{"@type":"BreadcrumbList","@id":"https:\/\/noticiasya.com\/2024\/09\/24\/incendio-forestal-humo-quito-ecuador-orix\/#breadcrumb","itemListElement":[{"@type":"ListItem","position":1,"name":"Home","item":"https:\/\/noticiasya.com\/"},{"@type":"ListItem","position":2,"name":"Gran incendio forestal cubre de humo la ciudad de Quito, hay equipos de emergencia luchando contra las llamas"}]},{"@type":"WebSite","@id":"https:\/\/noticiasya.com\/#website","url":"https:\/\/noticiasya.com\/","name":"Noticias","description":"Lo que importa","publisher":{"@id":"https:\/\/noticiasya.com\/#organization"},"potentialAction":[{"@type":"SearchAction","target":{"@type":"EntryPoint","urlTemplate":"https:\/\/noticiasya.com\/?s={search_term_string}"},"query-input":{"@type":"PropertyValueSpecification","valueRequired":true,"valueName":"search_term_string"}}],"inLanguage":"es"},{"@type":"Organization","@id":"https:\/\/noticiasya.com\/#organization","name":"Noticias","url":"https:\/\/noticiasya.com\/","logo":{"@type":"ImageObject","inLanguage":"es","@id":"https:\/\/noticiasya.com\/#\/schema\/logo\/image\/","url":"https:\/\/noticiasya.com\/wp-content\/uploads\/sites\/22\/2023\/12\/logo-nacional.png","contentUrl":"https:\/\/noticiasya.com\/wp-content\/uploads\/sites\/22\/2023\/12\/logo-nacional.png","width":1801,"height":691,"caption":"Noticias"},"image":{"@id":"https:\/\/noticiasya.com\/#\/schema\/logo\/image\/"}}]}},"parsely":{"version":"1.1.0","canonical_url":"https:\/\/noticiasya.com\/boston\/2024\/09\/24\/incendio-forestal-humo-quito-ecuador-orix\/","smart_links":{"inbound":0,"outbound":0},"traffic_boost_suggestions_count":0,"meta":{"@context":"https:\/\/schema.org","@type":"NewsArticle","headline":"Gran incendio forestal cubre de humo la ciudad de Quito, hay equipos de emergencia luchando contra las llamas","url":"http:\/\/noticiasya.com\/boston\/2024\/09\/24\/incendio-forestal-humo-quito-ecuador-orix\/","mainEntityOfPage":{"@type":"WebPage","@id":"http:\/\/noticiasya.com\/boston\/2024\/09\/24\/incendio-forestal-humo-quito-ecuador-orix\/"},"thumbnailUrl":"","image":{"@type":"ImageObject","url":""},"articleSection":"Noticias Nacionales","author":[],"creator":[],"publisher":{"@type":"Organization","name":"Noticias","logo":""},"keywords":[],"dateCreated":"2024-09-25T04:03:56Z","datePublished":"2024-09-25T04:03:56Z","dateModified":"2024-09-25T04:03:56Z"},"rendered":"<script type=\"application\/ld+json\" class=\"wp-parsely-metadata\">{\"@context\":\"https:\\\/\\\/schema.org\",\"@type\":\"NewsArticle\",\"headline\":\"Gran incendio forestal cubre de humo la ciudad de Quito, hay equipos de emergencia luchando contra las llamas\",\"url\":\"http:\\\/\\\/noticiasya.com\\\/boston\\\/2024\\\/09\\\/24\\\/incendio-forestal-humo-quito-ecuador-orix\\\/\",\"mainEntityOfPage\":{\"@type\":\"WebPage\",\"@id\":\"http:\\\/\\\/noticiasya.com\\\/boston\\\/2024\\\/09\\\/24\\\/incendio-forestal-humo-quito-ecuador-orix\\\/\"},\"thumbnailUrl\":\"\",\"image\":{\"@type\":\"ImageObject\",\"url\":\"\"},\"articleSection\":\"Noticias Nacionales\",\"author\":[],\"creator\":[],\"publisher\":{\"@type\":\"Organization\",\"name\":\"Noticias\",\"logo\":\"\"},\"keywords\":[],\"dateCreated\":\"2024-09-25T04:03:56Z\",\"datePublished\":\"2024-09-25T04:03:56Z\",\"dateModified\":\"2024-09-25T04:03:56Z\"}<\/script>","tracker_url":"https:\/\/cdn.parsely.com\/keys\/noticiasya.com\/p.js"},"jetpack_featured_media_url":"","jetpack-related-posts":[{"id":1453164,"url":"https:\/\/noticiasya.com\/boston\/2024\/09\/27\/incendios-quito-ecuador-liquidados-4-detenidos-orix\/","url_meta":{"origin":1453030,"position":0},"title":"Declaran liquidados los incendios que afectaron Quito esta semana; hay 4 presuntos responsables detenidos","author":"","date":"septiembre 27, 2024","format":false,"excerpt":"(CNN Espa\u00f1ol) -- Los incendios forestales que esta semana afectaron varios puntos de Quito quedaron liquidados este viernes, dijeron el alcalde Pabel Mu\u00f1oz y los bomberos de la capital de Ecuador.El alcalde dijo en su cuenta de X que se trat\u00f3 de los peores incendios en 30 a\u00f1os, y agradeci\u00f3\u2026","rel":"","context":"In &quot;Noticias Nacionales&quot;","block_context":{"text":"Noticias Nacionales","link":"https:\/\/noticiasya.com\/boston\/categoria\/noticias-nacionales"},"img":{"alt_text":"","src":"","width":0,"height":0},"classes":[]},{"id":1412371,"url":"https:\/\/noticiasya.com\/boston\/2022\/07\/12\/incendio-forestal-deja-1-herido-y-provoca-evacuaciones-en-dehesa-video-se-registra-un-incendio-de-maleza-en-el-area-de-dehesa\/","url_meta":{"origin":1453030,"position":1},"title":"VIDEO: Incendio forestal deja 1 herido y provoca evacuaciones en Dehesa","author":"agomez","date":"julio 12, 2022","format":false,"excerpt":"Se registra un incendio de maleza en el \u00e1rea de Dehesa. Hasta el momento el fuego ha consumido 5 acres.\u00a0","rel":"","context":"In &quot;Comunidad&quot;","block_context":{"text":"Comunidad","link":"https:\/\/noticiasya.com\/boston\/categoria\/comunidad"},"img":{"alt_text":"","src":"","width":0,"height":0},"classes":[]},{"id":1453093,"url":"https:\/\/noticiasya.com\/boston\/2024\/09\/26\/ecuador-incendio-forestal-quito-provocado-trax\/","url_meta":{"origin":1453030,"position":2},"title":"Autoridades de Ecuador afirman que el incendio forestal en Quito fue provocado y buscan a los responsables","author":"agomez","date":"septiembre 26, 2024","format":false,"excerpt":"(CNN Espa\u00f1ol) --\u00a0El incendio forestal que arrasa con todo a su paso por Quito, capital de Ecuador, habr\u00eda sido provocado, asegur\u00f3 In\u00e9s Manzano, ministra de Ambiente, en un mensaje publicado en la red social X este martes, quien cit\u00f3 informaci\u00f3n del comandante de Polic\u00eda y sum\u00f3 que el ministerio de\u2026","rel":"","context":"In &quot;Noticias Nacionales&quot;","block_context":{"text":"Noticias Nacionales","link":"https:\/\/noticiasya.com\/boston\/categoria\/noticias-nacionales"},"img":{"alt_text":"","src":"","width":0,"height":0},"classes":[]},{"id":1453116,"url":"https:\/\/noticiasya.com\/boston\/2024\/09\/26\/detienen-segundo-hombre-involucrado-incendios-quito-orix\/","url_meta":{"origin":1453030,"position":3},"title":"Detienen a un segundo hombre presuntamente involucrado en los incendios en Quito","author":"","date":"septiembre 26, 2024","format":false,"excerpt":"(CNN Espa\u00f1ol) \u2013\u2013 La Polic\u00eda Nacional de Ecuador detuvo este jueves a un segundo hombre presuntamente involucrado en los incendios que esta semana afectan a Quito e hicieron que la Alcald\u00eda declarara emergencia en la capital, de acuerdo con un comunicado.Se trata, seg\u00fan las autoridades, de una persona de nacionalidad\u2026","rel":"","context":"In &quot;Noticias Nacionales&quot;","block_context":{"text":"Noticias Nacionales","link":"https:\/\/noticiasya.com\/boston\/categoria\/noticias-nacionales"},"img":{"alt_text":"","src":"","width":0,"height":0},"classes":[]},{"id":1412070,"url":"https:\/\/noticiasya.com\/boston\/2022\/07\/11\/incendio-forestal-amenaza-las-secuoyas-gigantes-del-parque-nacional-yosemite\/","url_meta":{"origin":1453030,"position":4},"title":"Incendio forestal amenaza las secuoyas gigantes del Parque Nacional Yosemite","author":"agomez","date":"julio 11, 2022","format":false,"excerpt":"Los equipos de bomberos est\u00e1n trabajando para proteger los legendarios \u00e1rboles con varias alternativas.","rel":"","context":"In &quot;Comunidad&quot;","block_context":{"text":"Comunidad","link":"https:\/\/noticiasya.com\/boston\/categoria\/comunidad"},"img":{"alt_text":"","src":"","width":0,"height":0},"classes":[]},{"id":1449412,"url":"https:\/\/noticiasya.com\/boston\/2024\/05\/12\/miles-de-canadienses-obligados-evacuar-devastadores-incendios-forestales-ahora-humo-calidad-aire-sea-peligrosa-trax\/","url_meta":{"origin":1453030,"position":5},"title":"Miles de canadienses se han visto obligados a evacuar debido a los devastadores incendios forestales. Ahora el humo hace que la calidad del aire sea peligrosa","author":"agomez","date":"mayo 12, 2024","format":false,"excerpt":"(CNN) -- Este s\u00e1bado se inst\u00f3 a miles de personas en todo Canad\u00e1 a evacuar los incendios forestales, y el humo que emanan de ellos podr\u00eda ser otro peligro que perdurar\u00e1 durante los pr\u00f3ximos dos d\u00edas, lo que resultar\u00eda en una mala calidad del aire y una visibilidad reducida.Aproximadamente 3.200\u2026","rel":"","context":"In &quot;Noticias Nacionales&quot;","block_context":{"text":"Noticias Nacionales","link":"https:\/\/noticiasya.com\/boston\/categoria\/noticias-nacionales"},"img":{"alt_text":"","src":"","width":0,"height":0},"classes":[]}],"jetpack_sharing_enabled":true,"_links":{"self":[{"href":"https:\/\/noticiasya.com\/boston\/wp-json\/wp\/v2\/posts\/1453030","targetHints":{"allow":["GET"]}}],"collection":[{"href":"https:\/\/noticiasya.com\/boston\/wp-json\/wp\/v2\/posts"}],"about":[{"href":"https:\/\/noticiasya.com\/boston\/wp-json\/wp\/v2\/types\/post"}],"replies":[{"embeddable":true,"href":"https:\/\/noticiasya.com\/boston\/wp-json\/wp\/v2\/comments?post=1453030"}],"version-history":[{"count":0,"href":"https:\/\/noticiasya.com\/boston\/wp-json\/wp\/v2\/posts\/1453030\/revisions"}],"wp:attachment":[{"href":"https:\/\/noticiasya.com\/boston\/wp-json\/wp\/v2\/media?parent=1453030"}],"wp:term":[{"taxonomy":"category","embeddable":true,"href":"https:\/\/noticiasya.com\/boston\/wp-json\/wp\/v2\/categories?post=1453030"},{"taxonomy":"post_tag","embeddable":true,"href":"https:\/\/noticiasya.com\/boston\/wp-json\/wp\/v2\/tags?post=1453030"}],"curies":[{"name":"wp","href":"https:\/\/api.w.org\/{rel}","templated":true}]}}