{"id":1450117,"date":"2024-06-06T17:03:56","date_gmt":"2024-06-07T00:03:56","guid":{"rendered":"https:\/\/noticiasya.com\/2024\/06\/06\/petro-onu-asamblea-constituyente-colombia-orix\/"},"modified":"2024-06-06T17:03:56","modified_gmt":"2024-06-07T00:03:56","slug":"petro-onu-asamblea-constituyente-colombia-orix","status":"publish","type":"post","link":"https:\/\/noticiasya.com\/costa-central\/2024\/06\/06\/petro-onu-asamblea-constituyente-colombia-orix\/","title":{"rendered":"El presidente Petro niega que llevar\u00e1 a la ONU el tema de una convocatoria a una Asamblea Constituyente en Colombia"},"content":{"rendered":"<p>(CNN Espa\u00f1ol) &#8212; En medio de la controversia pol\u00edtica en Colombia por la posibilidad de una convocatoria a una Asamblea Constituyente por parte del Gobierno de Gustavo Petro \u2014esto por la interpretaci\u00f3n de un p\u00e1rrafo del acuerdo de paz firmado con las FARC en 2016\u2014, el mandatario neg\u00f3 este jueves a trav\u00e9s de su cuenta de X que tenga intenci\u00f3n de llevar el tema al Consejo de Seguridad de las Naciones Unidas.<\/p>\n<p>\u201cDejen de decir mentiras. Yo no voy a pedirle al Consejo de Seguridad que avale una Constituyente colombiana. El poder constituyente es exclusivamente del pueblo colombiano, de nadie m\u00e1s\u201d, escribi\u00f3 Petro.<\/p>\n<p>En una publicaci\u00f3n anterior, tambi\u00e9n de este jueves, Petro afirm\u00f3 que la pol\u00e9mica generada por el llamado a una eventual Constituyente para aprobar las reformas sociales que no ha podido sacar adelante su Gobierno en el legislativo ha sido combatida \u201cdesde la extrema derecha\u201d y el llamado \u201c\u2018sindicato del pasado\u2019 con la figura mentirosa de la reelecci\u00f3n presidencial\u201d.<\/p>\n<p>En la misma publicaci\u00f3n, el presidente asegura que, para que se den los cambios que seg\u00fan \u00e9l no quiere la oposici\u00f3n y la derecha, es necesario que el pueblo se manifieste.<\/p>\n<p>Los puntos clave de la Asamblea Constituyente que propone Petro en Colombia<\/p>\n<p>\u201cLos adictos a la violencia, que son los mismos adictos al poder, no quieren cambios. Por eso es indispensable que el pueblo aparezca. El poder constituyente no es m\u00e1s que el pueblo aparezca y decida sobre sus derechos, sus sue\u00f1os y su pa\u00eds\u201d.<\/p>\n<p>Estos pronunciamientos del mandatario colombiano llegan luego de que, a principios de esta semana, el expresidente Juan Manuel Santos difundiera una carta enviada al secretario general de las Naciones Unidas, Ant\u00f3nio Guterres, aclarando que el acuerdo de paz firmado con las FARC no establece en ninguna parte de su contenido la convocatoria de una Asamblea Constituyente, como lo han venido planteando en las \u00faltimas semanas tanto el presidente Petro como su excanciller \u00c1lvaro Leyva.<\/p>\n<p>En entrevistas concedidas este martes a medios de comunicaci\u00f3n de Colombia, el expresidente Santos se\u00f1al\u00f3 adem\u00e1s que si el presidente Petro pretend\u00eda llevar temas internos de la pol\u00edtica colombiana a las Naciones Unidas se expondr\u00eda al \u201crid\u00edculo\u201d.<\/p>\n<p>El 14 de mayo, Petro asegur\u00f3 que ir\u00eda ante Naciones Unidas para denunciar que el Estado colombiano no cumple el acuerdo de paz que firm\u00f3 con las FARC.<\/p>\n<p>Sobre el tema, se pronunci\u00f3 este jueves tambi\u00e9n el expresidente Iv\u00e1n Duque, desde Cartagena, donde participa en la Asamblea de Asobancaria (Asociaci\u00f3n Bancaria y de Entidades Financieras de Colombia), y asegur\u00f3 que hablar de Constituyente en este momento en el pa\u00eds es inconveniente y que la intenci\u00f3n detr\u00e1s del gobierno de Petro de abordar el tema es supuestamente perpetuarse en el poder.<\/p>\n<p>\u201cUna Constituyente como la est\u00e1n planteando sin cumplir los requisitos taxativos que establece la carta pol\u00edtica es un golpe a la institucionalidad de nuestro pa\u00eds que los colombianos no podemos aceptar. \u00bfY cu\u00e1l es la intenci\u00f3n del Gobierno? Perpetuarse en el poder. \u00bfPor qu\u00e9 habla de Constituyente? Porque es uno de los mecanismos contemplados para revivir la reelecci\u00f3n en Colombia\u201d, afirm\u00f3 Duque.<\/p>\n<p>The-CNN-Wire<br \/>&trade; &amp; &copy; 2024 Cable News Network, Inc., a Warner Bros. Discovery Company. All rights reserved.<\/p>\n","protected":false},"excerpt":{"rendered":"<p>(CNN Espa\u00f1ol) &#8212; En medio de la controversia pol\u00edtica en Colombia por la posibilidad de una convocatoria a una Asamblea Constituyente por parte del Gobierno de Gustavo Petro \u2014esto por la interpretaci\u00f3n de un p\u00e1rrafo del acuerdo de paz firmado con las FARC en 2016\u2014, el mandatario neg\u00f3 este jueves a trav\u00e9s de su cuenta [&hellip;]<\/p>\n","protected":false},"author":0,"featured_media":0,"comment_status":"open","ping_status":"open","sticky":false,"template":"","format":"standard","meta":{"_jetpack_memberships_contains_paid_content":false,"footnotes":""},"categories":[10],"tags":[],"class_list":["post-1450117","post","type-post","status-publish","format-standard","hentry","category-noticias-nacionales","market-global"],"yoast_head":"<!-- This site is optimized with the Yoast SEO plugin v24.4 - https:\/\/yoast.com\/wordpress\/plugins\/seo\/ -->\n<title>El presidente Petro niega que llevar\u00e1 a la ONU el tema de una convocatoria a una Asamblea Constituyente en Colombia - Noticias<\/title>\n<meta name=\"robots\" content=\"index, follow, max-snippet:-1, max-image-preview:large, max-video-preview:-1\" \/>\n<link rel=\"canonical\" href=\"https:\/\/noticiasya.com\/2024\/06\/06\/petro-onu-asamblea-constituyente-colombia-orix\/\" \/>\n<meta property=\"og:locale\" content=\"es_ES\" \/>\n<meta property=\"og:type\" content=\"article\" \/>\n<meta property=\"og:title\" content=\"El presidente Petro niega que llevar\u00e1 a la ONU el tema de una convocatoria a una Asamblea Constituyente en Colombia - Noticias\" \/>\n<meta property=\"og:description\" content=\"(CNN Espa\u00f1ol) &#8212; En medio de la controversia pol\u00edtica en Colombia por la posibilidad de una convocatoria a una Asamblea Constituyente por parte del Gobierno de Gustavo Petro \u2014esto por la interpretaci\u00f3n de un p\u00e1rrafo del acuerdo de paz firmado con las FARC en 2016\u2014, el mandatario neg\u00f3 este jueves a trav\u00e9s de su cuenta [&hellip;]\" \/>\n<meta property=\"og:url\" content=\"https:\/\/noticiasya.com\/2024\/06\/06\/petro-onu-asamblea-constituyente-colombia-orix\/\" \/>\n<meta property=\"og:site_name\" content=\"Noticias\" \/>\n<meta property=\"article:published_time\" content=\"2024-06-07T00:03:56+00:00\" \/>\n<meta name=\"twitter:card\" content=\"summary_large_image\" \/>\n<meta name=\"twitter:label1\" content=\"Est. reading time\" \/>\n\t<meta name=\"twitter:data1\" content=\"3 minutos\" \/>\n<script type=\"application\/ld+json\" class=\"yoast-schema-graph\">{\"@context\":\"https:\/\/schema.org\",\"@graph\":[{\"@type\":\"Article\",\"@id\":\"https:\/\/noticiasya.com\/2024\/06\/06\/petro-onu-asamblea-constituyente-colombia-orix\/#article\",\"isPartOf\":{\"@id\":\"https:\/\/noticiasya.com\/2024\/06\/06\/petro-onu-asamblea-constituyente-colombia-orix\/\"},\"author\":{\"name\":\"\",\"@id\":\"\"},\"headline\":\"El presidente Petro niega que llevar\u00e1 a la ONU el tema de una convocatoria a una Asamblea Constituyente en Colombia\",\"datePublished\":\"2024-06-07T00:03:56+00:00\",\"mainEntityOfPage\":{\"@id\":\"https:\/\/noticiasya.com\/2024\/06\/06\/petro-onu-asamblea-constituyente-colombia-orix\/\"},\"wordCount\":582,\"commentCount\":0,\"publisher\":{\"@id\":\"https:\/\/noticiasya.com\/#organization\"},\"articleSection\":[\"Noticias Nacionales\"],\"inLanguage\":\"es\",\"potentialAction\":[{\"@type\":\"CommentAction\",\"name\":\"Comment\",\"target\":[\"https:\/\/noticiasya.com\/2024\/06\/06\/petro-onu-asamblea-constituyente-colombia-orix\/#respond\"]}]},{\"@type\":\"WebPage\",\"@id\":\"https:\/\/noticiasya.com\/2024\/06\/06\/petro-onu-asamblea-constituyente-colombia-orix\/\",\"url\":\"https:\/\/noticiasya.com\/2024\/06\/06\/petro-onu-asamblea-constituyente-colombia-orix\/\",\"name\":\"El presidente Petro niega que llevar\u00e1 a la ONU el tema de una convocatoria a una Asamblea Constituyente en Colombia - Noticias\",\"isPartOf\":{\"@id\":\"https:\/\/noticiasya.com\/#website\"},\"datePublished\":\"2024-06-07T00:03:56+00:00\",\"breadcrumb\":{\"@id\":\"https:\/\/noticiasya.com\/2024\/06\/06\/petro-onu-asamblea-constituyente-colombia-orix\/#breadcrumb\"},\"inLanguage\":\"es\",\"potentialAction\":[{\"@type\":\"ReadAction\",\"target\":[\"https:\/\/noticiasya.com\/2024\/06\/06\/petro-onu-asamblea-constituyente-colombia-orix\/\"]}]},{\"@type\":\"BreadcrumbList\",\"@id\":\"https:\/\/noticiasya.com\/2024\/06\/06\/petro-onu-asamblea-constituyente-colombia-orix\/#breadcrumb\",\"itemListElement\":[{\"@type\":\"ListItem\",\"position\":1,\"name\":\"Home\",\"item\":\"https:\/\/noticiasya.com\/\"},{\"@type\":\"ListItem\",\"position\":2,\"name\":\"El presidente Petro niega que llevar\u00e1 a la ONU el tema de una convocatoria a una Asamblea Constituyente en Colombia\"}]},{\"@type\":\"WebSite\",\"@id\":\"https:\/\/noticiasya.com\/#website\",\"url\":\"https:\/\/noticiasya.com\/\",\"name\":\"Noticias\",\"description\":\"Lo que importa\",\"publisher\":{\"@id\":\"https:\/\/noticiasya.com\/#organization\"},\"potentialAction\":[{\"@type\":\"SearchAction\",\"target\":{\"@type\":\"EntryPoint\",\"urlTemplate\":\"https:\/\/noticiasya.com\/?s={search_term_string}\"},\"query-input\":{\"@type\":\"PropertyValueSpecification\",\"valueRequired\":true,\"valueName\":\"search_term_string\"}}],\"inLanguage\":\"es\"},{\"@type\":\"Organization\",\"@id\":\"https:\/\/noticiasya.com\/#organization\",\"name\":\"Noticias\",\"url\":\"https:\/\/noticiasya.com\/\",\"logo\":{\"@type\":\"ImageObject\",\"inLanguage\":\"es\",\"@id\":\"https:\/\/noticiasya.com\/#\/schema\/logo\/image\/\",\"url\":\"https:\/\/noticiasya.com\/wp-content\/uploads\/sites\/22\/2023\/12\/logo-nacional.png\",\"contentUrl\":\"https:\/\/noticiasya.com\/wp-content\/uploads\/sites\/22\/2023\/12\/logo-nacional.png\",\"width\":1801,\"height\":691,\"caption\":\"Noticias\"},\"image\":{\"@id\":\"https:\/\/noticiasya.com\/#\/schema\/logo\/image\/\"}}]}<\/script>\n<!-- \/ Yoast SEO plugin. -->","yoast_head_json":{"title":"El presidente Petro niega que llevar\u00e1 a la ONU el tema de una convocatoria a una Asamblea Constituyente en Colombia - Noticias","robots":{"index":"index","follow":"follow","max-snippet":"max-snippet:-1","max-image-preview":"max-image-preview:large","max-video-preview":"max-video-preview:-1"},"canonical":"https:\/\/noticiasya.com\/2024\/06\/06\/petro-onu-asamblea-constituyente-colombia-orix\/","og_locale":"es_ES","og_type":"article","og_title":"El presidente Petro niega que llevar\u00e1 a la ONU el tema de una convocatoria a una Asamblea Constituyente en Colombia - Noticias","og_description":"(CNN Espa\u00f1ol) &#8212; En medio de la controversia pol\u00edtica en Colombia por la posibilidad de una convocatoria a una Asamblea Constituyente por parte del Gobierno de Gustavo Petro \u2014esto por la interpretaci\u00f3n de un p\u00e1rrafo del acuerdo de paz firmado con las FARC en 2016\u2014, el mandatario neg\u00f3 este jueves a trav\u00e9s de su cuenta [&hellip;]","og_url":"https:\/\/noticiasya.com\/2024\/06\/06\/petro-onu-asamblea-constituyente-colombia-orix\/","og_site_name":"Noticias","article_published_time":"2024-06-07T00:03:56+00:00","twitter_card":"summary_large_image","twitter_misc":{"Est. reading time":"3 minutos"},"schema":{"@context":"https:\/\/schema.org","@graph":[{"@type":"Article","@id":"https:\/\/noticiasya.com\/2024\/06\/06\/petro-onu-asamblea-constituyente-colombia-orix\/#article","isPartOf":{"@id":"https:\/\/noticiasya.com\/2024\/06\/06\/petro-onu-asamblea-constituyente-colombia-orix\/"},"author":{"name":"","@id":""},"headline":"El presidente Petro niega que llevar\u00e1 a la ONU el tema de una convocatoria a una Asamblea Constituyente en Colombia","datePublished":"2024-06-07T00:03:56+00:00","mainEntityOfPage":{"@id":"https:\/\/noticiasya.com\/2024\/06\/06\/petro-onu-asamblea-constituyente-colombia-orix\/"},"wordCount":582,"commentCount":0,"publisher":{"@id":"https:\/\/noticiasya.com\/#organization"},"articleSection":["Noticias Nacionales"],"inLanguage":"es","potentialAction":[{"@type":"CommentAction","name":"Comment","target":["https:\/\/noticiasya.com\/2024\/06\/06\/petro-onu-asamblea-constituyente-colombia-orix\/#respond"]}]},{"@type":"WebPage","@id":"https:\/\/noticiasya.com\/2024\/06\/06\/petro-onu-asamblea-constituyente-colombia-orix\/","url":"https:\/\/noticiasya.com\/2024\/06\/06\/petro-onu-asamblea-constituyente-colombia-orix\/","name":"El presidente Petro niega que llevar\u00e1 a la ONU el tema de una convocatoria a una Asamblea Constituyente en Colombia - Noticias","isPartOf":{"@id":"https:\/\/noticiasya.com\/#website"},"datePublished":"2024-06-07T00:03:56+00:00","breadcrumb":{"@id":"https:\/\/noticiasya.com\/2024\/06\/06\/petro-onu-asamblea-constituyente-colombia-orix\/#breadcrumb"},"inLanguage":"es","potentialAction":[{"@type":"ReadAction","target":["https:\/\/noticiasya.com\/2024\/06\/06\/petro-onu-asamblea-constituyente-colombia-orix\/"]}]},{"@type":"BreadcrumbList","@id":"https:\/\/noticiasya.com\/2024\/06\/06\/petro-onu-asamblea-constituyente-colombia-orix\/#breadcrumb","itemListElement":[{"@type":"ListItem","position":1,"name":"Home","item":"https:\/\/noticiasya.com\/"},{"@type":"ListItem","position":2,"name":"El presidente Petro niega que llevar\u00e1 a la ONU el tema de una convocatoria a una Asamblea Constituyente en Colombia"}]},{"@type":"WebSite","@id":"https:\/\/noticiasya.com\/#website","url":"https:\/\/noticiasya.com\/","name":"Noticias","description":"Lo que importa","publisher":{"@id":"https:\/\/noticiasya.com\/#organization"},"potentialAction":[{"@type":"SearchAction","target":{"@type":"EntryPoint","urlTemplate":"https:\/\/noticiasya.com\/?s={search_term_string}"},"query-input":{"@type":"PropertyValueSpecification","valueRequired":true,"valueName":"search_term_string"}}],"inLanguage":"es"},{"@type":"Organization","@id":"https:\/\/noticiasya.com\/#organization","name":"Noticias","url":"https:\/\/noticiasya.com\/","logo":{"@type":"ImageObject","inLanguage":"es","@id":"https:\/\/noticiasya.com\/#\/schema\/logo\/image\/","url":"https:\/\/noticiasya.com\/wp-content\/uploads\/sites\/22\/2023\/12\/logo-nacional.png","contentUrl":"https:\/\/noticiasya.com\/wp-content\/uploads\/sites\/22\/2023\/12\/logo-nacional.png","width":1801,"height":691,"caption":"Noticias"},"image":{"@id":"https:\/\/noticiasya.com\/#\/schema\/logo\/image\/"}}]}},"parsely":{"version":"1.1.0","canonical_url":"https:\/\/noticiasya.com\/costa-central\/2024\/06\/06\/petro-onu-asamblea-constituyente-colombia-orix\/","smart_links":{"inbound":0,"outbound":0},"traffic_boost_suggestions_count":0,"meta":{"@context":"https:\/\/schema.org","@type":"NewsArticle","headline":"El presidente Petro niega que llevar\u00e1 a la ONU el tema de una convocatoria a una Asamblea Constituyente en Colombia","url":"http:\/\/noticiasya.com\/costa-central\/2024\/06\/06\/petro-onu-asamblea-constituyente-colombia-orix\/","mainEntityOfPage":{"@type":"WebPage","@id":"http:\/\/noticiasya.com\/costa-central\/2024\/06\/06\/petro-onu-asamblea-constituyente-colombia-orix\/"},"thumbnailUrl":"","image":{"@type":"ImageObject","url":""},"articleSection":"Noticias Nacionales","author":[],"creator":[],"publisher":{"@type":"Organization","name":"Noticias","logo":""},"keywords":[],"dateCreated":"2024-06-07T00:03:56Z","datePublished":"2024-06-07T00:03:56Z","dateModified":"2024-06-07T00:03:56Z"},"rendered":"<script type=\"application\/ld+json\" class=\"wp-parsely-metadata\">{\"@context\":\"https:\\\/\\\/schema.org\",\"@type\":\"NewsArticle\",\"headline\":\"El presidente Petro niega que llevar\\u00e1 a la ONU el tema de una convocatoria a una Asamblea Constituyente en Colombia\",\"url\":\"http:\\\/\\\/noticiasya.com\\\/costa-central\\\/2024\\\/06\\\/06\\\/petro-onu-asamblea-constituyente-colombia-orix\\\/\",\"mainEntityOfPage\":{\"@type\":\"WebPage\",\"@id\":\"http:\\\/\\\/noticiasya.com\\\/costa-central\\\/2024\\\/06\\\/06\\\/petro-onu-asamblea-constituyente-colombia-orix\\\/\"},\"thumbnailUrl\":\"\",\"image\":{\"@type\":\"ImageObject\",\"url\":\"\"},\"articleSection\":\"Noticias Nacionales\",\"author\":[],\"creator\":[],\"publisher\":{\"@type\":\"Organization\",\"name\":\"Noticias\",\"logo\":\"\"},\"keywords\":[],\"dateCreated\":\"2024-06-07T00:03:56Z\",\"datePublished\":\"2024-06-07T00:03:56Z\",\"dateModified\":\"2024-06-07T00:03:56Z\"}<\/script>","tracker_url":"https:\/\/cdn.parsely.com\/keys\/noticiasya.com\/p.js"},"jetpack_featured_media_url":"","jetpack-related-posts":[{"id":1450024,"url":"https:\/\/noticiasya.com\/costa-central\/2024\/06\/04\/santos-onu-acuerdo-paz-colombia-constituyente-orix\/","url_meta":{"origin":1450117,"position":0},"title":"Santos se\u00f1ala ante la ONU que el acuerdo de paz con las FARC no incluye convocatoria a una Asamblea Constituyente, como sostiene el Gobierno de Petro","author":"","date":"junio 4, 2024","format":false,"excerpt":"(CNN Espa\u00f1ol) -- El expresidente de Colombia y Premio Nobel de la Paz 2016, Juan Manuel Santos, se\u00f1al\u00f3 en una carta enviada al secretario general de las Naciones Unidas, Ant\u00f3nio Guterres, que el acuerdo de paz firmado en 2016 con la antigua guerrilla de las FARC no prev\u00e9 en su\u2026","rel":"","context":"In &quot;Noticias Nacionales&quot;","block_context":{"text":"Noticias Nacionales","link":"https:\/\/noticiasya.com\/costa-central\/categoria\/noticias-nacionales"},"img":{"alt_text":"","src":"","width":0,"height":0},"classes":[]},{"id":1463784,"url":"https:\/\/noticiasya.com\/costa-central\/2025\/06\/20\/petro-elecciones-papeleta-asamblea-constituyente-orix\/","url_meta":{"origin":1450117,"position":1},"title":"Petro anuncia que en las pr\u00f3ximas elecciones incluir\u00e1 una papeleta sobre una Asamblea Constituyente. \u00bfCu\u00e1l es el antecedente?","author":"","date":"junio 20, 2025","format":false,"excerpt":"El presidente de Colombia, Gustavo Petro, anunci\u00f3 este viernes que en las pr\u00f3ximas elecciones \u201cser\u00e1 entregada una papeleta para convocar la asamblea nacional constituyente\u201d.Petro lo comunic\u00f3 en un tuit de reacci\u00f3n a la aprobaci\u00f3n en el Senado de la conciliaci\u00f3n de la reforma laboral. El mandatario calific\u00f3 el hecho como\u2026","rel":"","context":"In &quot;Noticias Nacionales&quot;","block_context":{"text":"Noticias Nacionales","link":"https:\/\/noticiasya.com\/costa-central\/categoria\/noticias-nacionales"},"img":{"alt_text":"","src":"","width":0,"height":0},"classes":[]},{"id":1467616,"url":"https:\/\/noticiasya.com\/costa-central\/2025\/10\/21\/petro-concentracion-bogota-mounstruo-trump-efe\/","url_meta":{"origin":1450117,"position":2},"title":"Petro convoca a una concentraci\u00f3n en Bogot\u00e1 como acto de defensa colectivo ante &#171;un monstruo como Trump&#187;","author":"","date":"octubre 21, 2025","format":false,"excerpt":"El presidente de Colombia, Gustavo Petro, llam\u00f3 este martes a la ciudadan\u00eda a concentrarse el viernes en la Plaza de Bol\u00edvar de Bogot\u00e1 en lo que calific\u00f3 como un acto de defensa frente a \u201cun monstruo como Trump\u201d en medio de su enfrentamiento con el presidente de Estados Unidos.\u201cEl pueblo\u2026","rel":"","context":"In &quot;Noticias Nacionales&quot;","block_context":{"text":"Noticias Nacionales","link":"https:\/\/noticiasya.com\/costa-central\/categoria\/noticias-nacionales"},"img":{"alt_text":"","src":"","width":0,"height":0},"classes":[]},{"id":1450995,"url":"https:\/\/noticiasya.com\/costa-central\/2024\/07\/09\/petro-onu-plazo-acuerdos-paz-guerrilla-farc-orix\/","url_meta":{"origin":1450117,"position":3},"title":"Petro pedir\u00e1 ante la ONU ampliar el plazo para cumplir los acuerdos de paz con la desmovilizada guerrilla de las FARC","author":"","date":"julio 9, 2024","format":false,"excerpt":"(CNN Espa\u00f1ol) -- El presidente de Colombia, Gustavo Petro, rendir\u00e1 este jueves un informe ante el Consejo de Seguridad de Naciones Unidas, donde expondr\u00e1 las dificultades que han tenido en la implementaci\u00f3n del acuerdo de paz firmado en 2016 entre el gobierno del entonces presidente Juan Manuel Santos y la\u2026","rel":"","context":"In &quot;Noticias Nacionales&quot;","block_context":{"text":"Noticias Nacionales","link":"https:\/\/noticiasya.com\/costa-central\/categoria\/noticias-nacionales"},"img":{"alt_text":"","src":"","width":0,"height":0},"classes":[]},{"id":1466565,"url":"https:\/\/noticiasya.com\/costa-central\/2025\/09\/17\/noboa-convoca-asamblea-constituyente-orix\/","url_meta":{"origin":1450117,"position":4},"title":"Noboa dice que incluir\u00e1 en el refer\u00e9ndum una pregunta para convocar a una Asamblea Constituyente en Ecuador","author":"","date":"septiembre 17, 2025","format":false,"excerpt":"El presidente de Ecuador, Daniel Noboa, anunci\u00f3 este martes que impulsar\u00e1 una Asamblea Constituyente, despu\u00e9s de que la Corte Constitucional negara varias de las preguntas planteadas por su gobierno para el refer\u00e9ndum previsto el pr\u00f3ximo 30 de noviembre.En una carta publicada en sus redes sociales, el mandatario dijo que incluir\u00e1\u2026","rel":"","context":"In &quot;Noticias Nacionales&quot;","block_context":{"text":"Noticias Nacionales","link":"https:\/\/noticiasya.com\/costa-central\/categoria\/noticias-nacionales"},"img":{"alt_text":"","src":"","width":0,"height":0},"classes":[]},{"id":1466627,"url":"https:\/\/noticiasya.com\/costa-central\/2025\/09\/19\/noboa-convoca-consulta-popular-asamblea-constituyente-orix\/","url_meta":{"origin":1450117,"position":5},"title":"Noboa convoca a consulta popular sobre una Asamblea Constituyente sin pedir antes el aval de la Corte Constitucional","author":"","date":"septiembre 19, 2025","format":false,"excerpt":"El presidente de Ecuador, Daniel Noboa, public\u00f3 este viernes un decreto en el que convoca a una consulta popular para que se pregunte a la ciudadan\u00eda si estar\u00eda de acuerdo o no con que se instale una Asamblea Constituyente.La pregunta que plantea realizar es:\u201c\u00bfEst\u00e1 usted de acuerdo en que se\u2026","rel":"","context":"In &quot;Noticias Nacionales&quot;","block_context":{"text":"Noticias Nacionales","link":"https:\/\/noticiasya.com\/costa-central\/categoria\/noticias-nacionales"},"img":{"alt_text":"","src":"","width":0,"height":0},"classes":[]}],"jetpack_sharing_enabled":true,"_links":{"self":[{"href":"https:\/\/noticiasya.com\/costa-central\/wp-json\/wp\/v2\/posts\/1450117","targetHints":{"allow":["GET"]}}],"collection":[{"href":"https:\/\/noticiasya.com\/costa-central\/wp-json\/wp\/v2\/posts"}],"about":[{"href":"https:\/\/noticiasya.com\/costa-central\/wp-json\/wp\/v2\/types\/post"}],"replies":[{"embeddable":true,"href":"https:\/\/noticiasya.com\/costa-central\/wp-json\/wp\/v2\/comments?post=1450117"}],"version-history":[{"count":0,"href":"https:\/\/noticiasya.com\/costa-central\/wp-json\/wp\/v2\/posts\/1450117\/revisions"}],"wp:attachment":[{"href":"https:\/\/noticiasya.com\/costa-central\/wp-json\/wp\/v2\/media?parent=1450117"}],"wp:term":[{"taxonomy":"category","embeddable":true,"href":"https:\/\/noticiasya.com\/costa-central\/wp-json\/wp\/v2\/categories?post=1450117"},{"taxonomy":"post_tag","embeddable":true,"href":"https:\/\/noticiasya.com\/costa-central\/wp-json\/wp\/v2\/tags?post=1450117"}],"curies":[{"name":"wp","href":"https:\/\/api.w.org\/{rel}","templated":true}]}}