{"id":1469719,"date":"2026-01-01T16:04:00","date_gmt":"2026-01-02T00:04:00","guid":{"rendered":"https:\/\/noticiasya.com\/2026\/01\/01\/trump-trastoco-gobierno-federal-primer-ano-trax\/"},"modified":"2026-01-01T16:04:00","modified_gmt":"2026-01-02T00:04:00","slug":"trump-trastoco-gobierno-federal-primer-ano-trax","status":"publish","type":"post","link":"https:\/\/noticiasya.com\/el-centro\/2026\/01\/01\/trump-trastoco-gobierno-federal-primer-ano-trax\/","title":{"rendered":"&#171;Costos profundos&#187;: C\u00f3mo Trump trastoc\u00f3 el gobierno federal en su primer a\u00f1o de regreso a Washington"},"content":{"rendered":"<p>Mientras el presidente Donald Trump termina su primer a\u00f1o de regreso en la Casa Blanca, ya ha transformado y trastocado el gobierno federal.<\/p>\n<p>Ha recurrido a purgas pol\u00edticas, despidos masivos de empleados federales y recortes dr\u00e1sticos de gastos para neutralizar la disidencia e implementar agresivamente su agenda de segundo mandato.<\/p>\n<p>Al mismo tiempo, tambi\u00e9n ha ordenado al Departamento de Justicia <a href=\"https:\/\/cnnespanol.cnn.com\/2018\/10\/25\/trump-culpa-a-sus-opositores-y-a-los-medios-el-dia-en-que-bombas-fueron-enviadas-a-los-democratas-y-cnn\">investigar y procesar a sus oponentes pol\u00edticos<\/a>. Y ha marginado o destituido a decenas de supervisores independientes que supervisan la rendici\u00f3n de cuentas de las agencias.<\/p>\n<p>Los aliados de Trump sostienen que simplemente est\u00e1 utilizando todas las herramientas a su disposici\u00f3n, bajo una visi\u00f3n amplia del poder ejecutivo, para promulgar pol\u00edticas que el pueblo estadounidense respald\u00f3 cuando vot\u00f3 para devolverlo a la Casa Blanca en 2024.<\/p>\n<p>Pero sus cr\u00edticos afirman que ha arrasado con el gobierno federal, a veces con crueldad intencional, lo que podr\u00eda causar da\u00f1os potencialmente irreparables.<\/p>\n<p>\u201cLo que hemos visto en nuestro gobierno ha sido extraordinario y sin precedentes\u201d, dijo Max Stier, presidente de la Alianza para el Servicio P\u00fablico, un grupo sin fines de lucro y no partidista que se enfoca en mejorar el gobierno federal.<br \/>\u201cHay mucho en juego ahora mismo para el pueblo estadounidense. Es una batalla sobre la naturaleza de nuestro gobierno\u201d.<\/p>\n<p>As\u00ed es como Trump transform\u00f3 cuatro elementos distintos de las operaciones del gobierno federal durante el ca\u00f3tico primer a\u00f1o de su segundo mandato.<\/p>\n<p>El Gobierno de Trump hizo de la reducci\u00f3n significativa de la fuerza laboral federal una de sus principales prioridades desde el primer d\u00eda. El esfuerzo fue liderado en parte por el <a href=\"https:\/\/cnnespanol.cnn.com\/2025\/05\/29\/eeuu\/video\/eeuu-elon-musk-doge-resultados-dusa-tv\">multimillonario Elon Musk<\/a> y su Departamento de Eficiencia Gubernamental (DOGE, por sus siglas en ingl\u00e9s).<\/p>\n<p>Desde 1966, el n\u00famero de empleados federales ha oscilado entre 2,7 y 3 millones, seg\u00fan estad\u00edsticas gubernamentales. (Eran 3,02 millones en enero cuando Trump asumi\u00f3 el cargo). Trump y Musk afirmaron que los despidos masivos eran necesarios para eliminar el despilfarro y agilizar un gobierno sobrecargado.<\/p>\n<p>El a\u00f1o estuvo <a href=\"https:\/\/cnnespanol.cnn.com\/2025\/10\/10\/eeuu\/comienzan-despidos-empleados-federales-cierre-gobierno-trax\">marcado por despidos masivos<\/a>, despidos partidistas, jubilaciones anticipadas y renuncias incentivadas. Es dif\u00edcil precisar un n\u00famero exacto de cu\u00e1ntos empleos federales se perdieron bajo Trump, pero la Alianza para el Servicio P\u00fablico estima que fueron unos 212.000.<\/p>\n<p>\u201cLa administraci\u00f3n ha trastocado totalmente el valor b\u00e1sico de que el servicio p\u00fablico es para servir al p\u00fablico\u201d, dijo Stier, el presidente del grupo. \u201cHay costos profundos para el pueblo estadounidense. Y para quienes fueron despedidos, no solo pierden su sustento, tambi\u00e9n pierden su prop\u00f3sito\u201d.<\/p>\n<p>El Gobierno de Trump afirma que DOGE ahorr\u00f3 US$ 214.000 millones el a\u00f1o pasado, aunque la exactitud de esa cifra ha sido ampliamente cuestionada. Cuando Musk dej\u00f3 el gobierno en mayo, Trump dijo que DOGE hab\u00eda cumplido su misi\u00f3n de \u201cdetectar fraudes, eliminar el despilfarro y modernizar sistemas rotos y obsoletos\u201d mientras eliminaba programas federales \u201cincre\u00edblemente est\u00fapidos e incre\u00edblemente malos\u201d.<\/p>\n<p>\u201cEl presidente Trump recibi\u00f3 un mandato claro para eliminar el despilfarro, el fraude y el abuso del gobierno federal\u201d, declar\u00f3 la portavoz de la Casa Blanca, Liz Huston. \u201cEn menos de un a\u00f1o en el cargo, ha logrado avances significativos para que el gobierno federal sea m\u00e1s eficiente y sirva mejor al contribuyente estadounidense\u201d.<\/p>\n<p>Un portavoz de la Oficina de Administraci\u00f3n y Presupuesto dijo que el Gobierno de Trump \u201cest\u00e1 trabajando horas extra para eliminar la burocracia y el gasto innecesario\u201d y que se han recortado miles de millones de d\u00f3lares de \u201cprogramas ideologizados, derrochadores y politizados, con mucho m\u00e1s por venir en los pr\u00f3ximos a\u00f1os\u201d.<\/p>\n<p>Entre las agencias m\u00e1s afectadas estuvo el Servicio de Impuestos Internos (IRS, por sus siglas en ingl\u00e9s), que perdi\u00f3 una cuarta parte de su fuerza laboral de 100.000 personas en 2025. Otras agencias fueron cerradas por completo, como la Agencia de Estados Unidos para el Desarrollo Internacional (<a href=\"https:\/\/cnnespanol.cnn.com\/2025\/02\/03\/mundo\/que-es-usaid-paises-financia-orix\">USAID<\/a>, por sus siglas en ingl\u00e9s) o est\u00e1n en proceso de ser desmanteladas, como el Departamento de Educaci\u00f3n.<\/p>\n<p>Sin embargo, los sindicatos y activistas liberales organizaron una iniciativa relativamente exitosa para hacer retroceder estas medidas, incluso durante el reciente cierre del Gobierno.<\/p>\n<p>Obtuvieron \u00f3rdenes judiciales que bloquearon los despidos en DOGE, reincorporaron a empleados y detuvieron despidos amenazados durante el cierre. Pero algunos de estos logros fueron revocados por tribunales superiores. Algunos trabajadores dijeron que el caos interminable los llev\u00f3 a abandonar sus carreras federales y buscar nuevos empleos.<\/p>\n<p>Caitlin Lewis, fundadora de CivicMatch, que conecta a trabajadores federales con nuevas oportunidades en gobiernos estatales o locales, dijo que se han registrado de 12.600 inscripciones hasta ahora, desde que la plataforma se lanz\u00f3 tras la victoria de Trump en 2024. En promedio, dijo, hay una colocaci\u00f3n laboral exitosa cada dos d\u00edas.<\/p>\n<p>Adem\u00e1s de recortar empleos federales, el Gobierno de Trump ha cancelado o pausado cientos de miles de millones de d\u00f3lares en gastos y subvenciones federales.<\/p>\n<p>Los dem\u00f3cratas de la C\u00e1mara estiman que el Gobierno de Trump ha retenido US$ 410 mil millones en fondos aprobados por el Congreso. Esto incluye US$ 150 millones para combatir la falta de vivienda, US$c55 millones para apoyar negocios de minor\u00edas, US$ 30 millones para bibliotecas locales y US$ 3 millones para abordar el covid persistente.<\/p>\n<p>Los <a href=\"https:\/\/cnnespanol.cnn.com\/2025\/04\/17\/eeuu\/trump-propuesta-recorte-presupuesto-agencias-salud-trax\">recortes en los Institutos Nacionales de Salud<\/a> desencadenaron una crisis en universidades que dependen de subvenciones federales. Los recortes en el Departamento de Justicia obligaron a los funcionarios locales a luchar por financiar programas de prevenci\u00f3n de violencia armada que, seg\u00fan ellos, eran efectivos.<\/p>\n<p>El cierre de USAID \u2013que jug\u00f3 un papel importante en la lucha contra la malaria, la viruela y el c\u00f3lera en el extranjero\u2013 podr\u00eda contribuir a 14 millones de muertes en los pr\u00f3ximos cinco a\u00f1os, seg\u00fan un estudio publicado en la revista m\u00e9dica The Lancet.<\/p>\n<p>En el IRS, la p\u00e9rdida de personal y los recortes presupuestarios est\u00e1n creando una tormenta perfecta.<\/p>\n<p>El inspector general del Departamento del Tesoro dijo en un informe de septiembre que la temporada de declaraciones de 2026 est\u00e1 \u201cen riesgo\u201d debido a los considerables recortes en los equipos de atenci\u00f3n al cliente y corrigen errores en las declaraciones de impuestos. El organismo de control advirti\u00f3 en octubre que los recortes presupuestarios conducir\u00e1n a \u201cgrandes desaf\u00edos de gesti\u00f3n\u201d en 2026.<\/p>\n<p>\u201cLos contribuyentes estar\u00e1n frustrados, ser\u00e1 menos probable que les resuelvan los problemas y terminar\u00e1n pagando m\u00e1s dinero en multas e intereses si deben, y se les adeudar\u00e1n m\u00e1s intereses si sus reembolsos se retrasan\u201d, dijo Alex Berman, empleado del IRS y l\u00edder del Sindicato Nacional de Empleados del Tesoro en Filadelfia.<\/p>\n<p>Agreg\u00f3: \u201cEsto nos cuesta a todos, como contribuyentes\u201d.<\/p>\n<p>Promulgados por el Congreso controlado por los republicanos y apoyados por la Casa Blanca, los recortes recuperaron miles de millones de d\u00f3lares en fondos prometidos para auditores del IRS que buscan fraude fiscal. Las estimaciones var\u00edan, pero los expertos dicen que esto podr\u00eda llevar a una p\u00e9rdida de entre US$ 350 mil millones y US$ 900 mil millones en ingresos para 2036.<\/p>\n<p>A las pocas horas de la investidura de Trump, comenz\u00f3 a poner a prueba los l\u00edmites del poder presidencial y el estado de derecho. Dijo que estaba restaurando el equilibrio tras a\u00f1os de politizaci\u00f3n. Sus cr\u00edticos dijeron que estaba abusando gravemente de su cargo.<\/p>\n<p>Otorg\u00f3 indultos o conmutaciones a las 1.500 personas acusadas o condenadas por delitos relacionados con la insurrecci\u00f3n del 6 de enero de 2021, liberando a cientos de delincuentes violentos de prisi\u00f3n. Sigui\u00f3 esto con una serie de indultos controvertidos a lo largo del a\u00f1o, recompensando a aliados pol\u00edticos.<\/p>\n<p>Trump tambi\u00e9n firm\u00f3 m\u00e1s de 215 \u00f3rdenes ejecutivas en 2025, superando los cuatro a\u00f1os del expresidente Joe Biden. Muchas de estas \u00f3rdenes de gran alcance fueron r\u00e1pidamente bloqueadas por los tribunales por ser inconstitucionales, incluida una que buscaba castigar a un bufete espec\u00edfico que hab\u00eda provocado la ira de Trump, lo que un juez federal calific\u00f3 como un \u201cabuso de poder impactante\u201d.<\/p>\n<p>\u201cEste a\u00f1o puso a prueba el estado de derecho de una manera nunca antes vista en este pa\u00eds\u201d, dijo Joanna Lydgate, directora ejecutiva del Centro para la Democracia de los Estados Unidos, un grupo apartidista aliado con estados dem\u00f3cratas que demandaron al Gobierno por despliegue de tropas y recortes en programas de cambio clim\u00e1tico.<\/p>\n<p>Tambi\u00e9n hubo deportaciones ilegales, detenciones migratorias sin orden judicial y una investigaci\u00f3n por desacato para determinar si los funcionarios de Trump desobedecieron \u00f3rdenes judiciales.<\/p>\n<p>Aun as\u00ed, Trump sol\u00eda ganar cuando los casos llegaban a la Corte Suprema. Los jueces conservadores revocaron muchas de sus derrotas en tribunales inferiores, incluso en casos importantes que ampliaron sus poderes de despido y contribuyeron a su ofensiva migratoria.<\/p>\n<p>\u201cObviamente no vamos a ganar todo\u201d, dijo Lydgate. \u201cPero presentar demandas, obtener ayuda, aunque sea inicial, y retrasar la implementaci\u00f3n de pol\u00edticas ha sido fundamental para comunicarle al p\u00fablico lo que est\u00e1 en juego\u201d.<\/p>\n<p>Algunos expertos legales creen que la ofensa m\u00e1s atroz de Trump fue presionar con \u00e9xito al Departamento de Justicia para que acusara a sus oponentes pol\u00edticos, incluido el exdirector del FBI, James Comey, su exasesor de seguridad nacional, John Bolton, y la fiscal general de Nueva York Letitia James.<\/p>\n<p>Tambi\u00e9n orden\u00f3 al Departamento de Justicia investigar a innumerables personas m\u00e1s.<\/p>\n<p>Pero tambi\u00e9n hay se\u00f1ales de que el sistema de pesos y contrapesos del pa\u00eds est\u00e1 resistiendo bajo la presi\u00f3n de los l\u00edmites que Trump est\u00e1 empujando.<\/p>\n<p>Un juez federal desestim\u00f3 r\u00e1pidamente los cargos contra Comey y James, concluyendo que el fiscal designado por Trump fue designado ilegalmente. Los grandes jurados federales se negaron a volver a acusar a James o a aprobar los cargos contra los acusados \u200b\u200ben otros casos que, seg\u00fan los cr\u00edticos, estaban motivados por la pol\u00edtica.<\/p>\n<p>\u201cHasta ahora, el sistema constitucional ha demostrado resiliencia, pero a\u00fan es pronto\u201d, dijo Ross Garber, abogado especializado en investigaciones pol\u00edticas y juicio pol\u00edtico. \u201cEl poder judicial ha emitido fallos r\u00e1pidos en algunos casos dif\u00edciles y ha frenado al ejecutivo en asuntos de muy alto perfil\u201d.<\/p>\n<p>Las v\u00edas tradicionales de supervisi\u00f3n gubernamental tambi\u00e9n se erosionaron con Trump.<\/p>\n<p>Despidi\u00f3 a los supervisores internos en muchas agencias, <a href=\"https:\/\/cnnespanol.cnn.com\/2024\/11\/13\/trump-maga-gabinete-selecciones-analisis-trax\">nombr\u00f3 a partidarios de MAGA<\/a> para dirigir oficinas que se supone deben prevenir el partidismo en la fuerza laboral federal y puso bajo su control a agencias \u201cindependientes\u201d.<\/p>\n<p>Esto era necesario, argument\u00f3 Trump, para erradicar a los liberales del \u201cestado profundo\u201d y a los remanentes de la era Biden que podr\u00edan socavarlo. Pero muchos funcionarios que Trump purg\u00f3 dijeron que su trabajo estaba motivado por el patriotismo, no por la pol\u00edtica.<\/p>\n<p>\u201cEst\u00e1bamos haciendo el trabajo\u201d, dijo Michael Missal, exinspector general del Departamento de Asuntos de los Veteranos, quien fue despedido por Trump en enero.<\/p>\n<p>Missal dijo que durante sus casi nueve a\u00f1os como supervisor interno del VA, su equipo descubri\u00f3 US$ 45.000 millones en ahorros. (Fue uno de varios inspectores generales despedidos que emprendieron una batalla judicial infructuosa para buscar la reincorporaci\u00f3n).<\/p>\n<p>\u201cEncontr\u00e1bamos fraude, despilfarro y abuso. Confi\u00e1bamos en que nuestro trabajo era crucial. Nos basamos en la evidencia\u201d, dijo Missal. \u201cEl Congreso no podr\u00e1 realizar una supervisi\u00f3n efectiva si no puede confiar en los inspectores generales. Si hay personas partidistas en las oficinas del inspector general, el Congreso no puede confiar en ellas\u201d.<\/p>\n<p>Algunos de los nombrados por Trump para reemplazar a estos supervisores eran m\u00e1s partidistas y menos experimentados en supervisi\u00f3n que los inspectores generales anteriores, incluido un exlegislador republicano acusado de violaciones \u00e9ticas y una activista antiaborto. El Senado confirm\u00f3 a varios de estos nominados en una votaci\u00f3n partidista en diciembre.<\/p>\n<p>Los inspectores generales a menudo dependen de denunciantes para reportar irregularidades. Pero ahora los leales a Trump dirigen la Oficina del Asesor Especial, que suele ser apartidista y procesa las denuncias de los denunciantes. (El primer elegido de Trump para dirigir la oficina se retir\u00f3 despu\u00e9s de que se informara sobre sus mensajes racistas y simpatizantes del nazismo).<\/p>\n<p>Esto ha llevado a algunos denunciantes a reconsiderar la posibilidad de interactuar con la agencia.<\/p>\n<p>Seg\u00fan informes, el Gobierno de Trump tambi\u00e9n est\u00e1 implementando una nueva regla que despoja a los denunciantes de algunas protecciones, lo que debilita a\u00fan m\u00e1s la supervisi\u00f3n.<\/p>\n<p>\u201cLa norma propuesta es legalmente cuestionable, pero puede disuadir a las personas de denunciar\u201d, declar\u00f3 Jeremy Abay, abogado especializado en denuncias.<br \/>\u201cLa incertidumbre jur\u00eddica tiene la misma fuerza que la letra de la ley\u201d. \u00bfDe verdad vas a poner en riesgo tu carrera con la esperanza de que m\u00e1s tarde un juez te d\u00e9 la raz\u00f3n?<\/p>\n<p>The-CNN-Wire<br \/>&trade; &amp; &copy; 2026 Cable News Network, Inc., a Warner Bros. Discovery Company. All rights reserved.<\/p>\n","protected":false},"excerpt":{"rendered":"<p>Mientras el presidente Donald Trump termina su primer a\u00f1o de regreso en la Casa Blanca, ya ha transformado y trastocado el gobierno federal. Ha recurrido a purgas pol\u00edticas, despidos masivos de empleados federales y recortes dr\u00e1sticos de gastos para neutralizar la disidencia e implementar agresivamente su agenda de segundo mandato. Al mismo tiempo, tambi\u00e9n ha [&hellip;]<\/p>\n","protected":false},"author":0,"featured_media":0,"comment_status":"open","ping_status":"open","sticky":false,"template":"","format":"standard","meta":{"_jetpack_memberships_contains_paid_content":false,"footnotes":""},"categories":[10],"tags":[],"class_list":["post-1469719","post","type-post","status-publish","format-standard","hentry","category-noticias-nacionales","market-global"],"yoast_head":"<!-- This site is optimized with the Yoast SEO plugin v24.4 - https:\/\/yoast.com\/wordpress\/plugins\/seo\/ -->\n<title>&quot;Costos profundos&quot;: C\u00f3mo Trump trastoc\u00f3 el gobierno federal en su primer a\u00f1o de regreso a Washington - Noticias<\/title>\n<meta name=\"robots\" content=\"index, follow, max-snippet:-1, max-image-preview:large, max-video-preview:-1\" \/>\n<link rel=\"canonical\" href=\"https:\/\/noticiasya.com\/2026\/01\/01\/trump-trastoco-gobierno-federal-primer-ano-trax\/\" \/>\n<meta property=\"og:locale\" content=\"es_ES\" \/>\n<meta property=\"og:type\" content=\"article\" \/>\n<meta property=\"og:title\" content=\"&quot;Costos profundos&quot;: C\u00f3mo Trump trastoc\u00f3 el gobierno federal en su primer a\u00f1o de regreso a Washington - Noticias\" \/>\n<meta property=\"og:description\" content=\"Mientras el presidente Donald Trump termina su primer a\u00f1o de regreso en la Casa Blanca, ya ha transformado y trastocado el gobierno federal. Ha recurrido a purgas pol\u00edticas, despidos masivos de empleados federales y recortes dr\u00e1sticos de gastos para neutralizar la disidencia e implementar agresivamente su agenda de segundo mandato. Al mismo tiempo, tambi\u00e9n ha [&hellip;]\" \/>\n<meta property=\"og:url\" content=\"https:\/\/noticiasya.com\/2026\/01\/01\/trump-trastoco-gobierno-federal-primer-ano-trax\/\" \/>\n<meta property=\"og:site_name\" content=\"Noticias\" \/>\n<meta property=\"article:published_time\" content=\"2026-01-02T00:04:00+00:00\" \/>\n<meta name=\"twitter:card\" content=\"summary_large_image\" \/>\n<meta name=\"twitter:label1\" content=\"Est. reading time\" \/>\n\t<meta name=\"twitter:data1\" content=\"11 minutos\" \/>\n<script type=\"application\/ld+json\" class=\"yoast-schema-graph\">{\"@context\":\"https:\/\/schema.org\",\"@graph\":[{\"@type\":\"Article\",\"@id\":\"https:\/\/noticiasya.com\/2026\/01\/01\/trump-trastoco-gobierno-federal-primer-ano-trax\/#article\",\"isPartOf\":{\"@id\":\"https:\/\/noticiasya.com\/2026\/01\/01\/trump-trastoco-gobierno-federal-primer-ano-trax\/\"},\"author\":{\"name\":\"\",\"@id\":\"\"},\"headline\":\"&#171;Costos profundos&#187;: C\u00f3mo Trump trastoc\u00f3 el gobierno federal en su primer a\u00f1o de regreso a Washington\",\"datePublished\":\"2026-01-02T00:04:00+00:00\",\"mainEntityOfPage\":{\"@id\":\"https:\/\/noticiasya.com\/2026\/01\/01\/trump-trastoco-gobierno-federal-primer-ano-trax\/\"},\"wordCount\":2186,\"commentCount\":0,\"publisher\":{\"@id\":\"https:\/\/noticiasya.com\/#organization\"},\"articleSection\":[\"Noticias Nacionales\"],\"inLanguage\":\"es\",\"potentialAction\":[{\"@type\":\"CommentAction\",\"name\":\"Comment\",\"target\":[\"https:\/\/noticiasya.com\/2026\/01\/01\/trump-trastoco-gobierno-federal-primer-ano-trax\/#respond\"]}]},{\"@type\":\"WebPage\",\"@id\":\"https:\/\/noticiasya.com\/2026\/01\/01\/trump-trastoco-gobierno-federal-primer-ano-trax\/\",\"url\":\"https:\/\/noticiasya.com\/2026\/01\/01\/trump-trastoco-gobierno-federal-primer-ano-trax\/\",\"name\":\"\\\"Costos profundos\\\": C\u00f3mo Trump trastoc\u00f3 el gobierno federal en su primer a\u00f1o de regreso a Washington - Noticias\",\"isPartOf\":{\"@id\":\"https:\/\/noticiasya.com\/#website\"},\"datePublished\":\"2026-01-02T00:04:00+00:00\",\"breadcrumb\":{\"@id\":\"https:\/\/noticiasya.com\/2026\/01\/01\/trump-trastoco-gobierno-federal-primer-ano-trax\/#breadcrumb\"},\"inLanguage\":\"es\",\"potentialAction\":[{\"@type\":\"ReadAction\",\"target\":[\"https:\/\/noticiasya.com\/2026\/01\/01\/trump-trastoco-gobierno-federal-primer-ano-trax\/\"]}]},{\"@type\":\"BreadcrumbList\",\"@id\":\"https:\/\/noticiasya.com\/2026\/01\/01\/trump-trastoco-gobierno-federal-primer-ano-trax\/#breadcrumb\",\"itemListElement\":[{\"@type\":\"ListItem\",\"position\":1,\"name\":\"Home\",\"item\":\"https:\/\/noticiasya.com\/\"},{\"@type\":\"ListItem\",\"position\":2,\"name\":\"&#171;Costos profundos&#187;: C\u00f3mo Trump trastoc\u00f3 el gobierno federal en su primer a\u00f1o de regreso a Washington\"}]},{\"@type\":\"WebSite\",\"@id\":\"https:\/\/noticiasya.com\/#website\",\"url\":\"https:\/\/noticiasya.com\/\",\"name\":\"Noticias\",\"description\":\"Lo que importa\",\"publisher\":{\"@id\":\"https:\/\/noticiasya.com\/#organization\"},\"potentialAction\":[{\"@type\":\"SearchAction\",\"target\":{\"@type\":\"EntryPoint\",\"urlTemplate\":\"https:\/\/noticiasya.com\/?s={search_term_string}\"},\"query-input\":{\"@type\":\"PropertyValueSpecification\",\"valueRequired\":true,\"valueName\":\"search_term_string\"}}],\"inLanguage\":\"es\"},{\"@type\":\"Organization\",\"@id\":\"https:\/\/noticiasya.com\/#organization\",\"name\":\"Noticias\",\"url\":\"https:\/\/noticiasya.com\/\",\"logo\":{\"@type\":\"ImageObject\",\"inLanguage\":\"es\",\"@id\":\"https:\/\/noticiasya.com\/#\/schema\/logo\/image\/\",\"url\":\"https:\/\/noticiasya.com\/wp-content\/uploads\/sites\/22\/2023\/12\/logo-nacional.png\",\"contentUrl\":\"https:\/\/noticiasya.com\/wp-content\/uploads\/sites\/22\/2023\/12\/logo-nacional.png\",\"width\":1801,\"height\":691,\"caption\":\"Noticias\"},\"image\":{\"@id\":\"https:\/\/noticiasya.com\/#\/schema\/logo\/image\/\"}}]}<\/script>\n<!-- \/ Yoast SEO plugin. -->","yoast_head_json":{"title":"\"Costos profundos\": C\u00f3mo Trump trastoc\u00f3 el gobierno federal en su primer a\u00f1o de regreso a Washington - Noticias","robots":{"index":"index","follow":"follow","max-snippet":"max-snippet:-1","max-image-preview":"max-image-preview:large","max-video-preview":"max-video-preview:-1"},"canonical":"https:\/\/noticiasya.com\/2026\/01\/01\/trump-trastoco-gobierno-federal-primer-ano-trax\/","og_locale":"es_ES","og_type":"article","og_title":"\"Costos profundos\": C\u00f3mo Trump trastoc\u00f3 el gobierno federal en su primer a\u00f1o de regreso a Washington - Noticias","og_description":"Mientras el presidente Donald Trump termina su primer a\u00f1o de regreso en la Casa Blanca, ya ha transformado y trastocado el gobierno federal. Ha recurrido a purgas pol\u00edticas, despidos masivos de empleados federales y recortes dr\u00e1sticos de gastos para neutralizar la disidencia e implementar agresivamente su agenda de segundo mandato. Al mismo tiempo, tambi\u00e9n ha [&hellip;]","og_url":"https:\/\/noticiasya.com\/2026\/01\/01\/trump-trastoco-gobierno-federal-primer-ano-trax\/","og_site_name":"Noticias","article_published_time":"2026-01-02T00:04:00+00:00","twitter_card":"summary_large_image","twitter_misc":{"Est. reading time":"11 minutos"},"schema":{"@context":"https:\/\/schema.org","@graph":[{"@type":"Article","@id":"https:\/\/noticiasya.com\/2026\/01\/01\/trump-trastoco-gobierno-federal-primer-ano-trax\/#article","isPartOf":{"@id":"https:\/\/noticiasya.com\/2026\/01\/01\/trump-trastoco-gobierno-federal-primer-ano-trax\/"},"author":{"name":"","@id":""},"headline":"&#171;Costos profundos&#187;: C\u00f3mo Trump trastoc\u00f3 el gobierno federal en su primer a\u00f1o de regreso a Washington","datePublished":"2026-01-02T00:04:00+00:00","mainEntityOfPage":{"@id":"https:\/\/noticiasya.com\/2026\/01\/01\/trump-trastoco-gobierno-federal-primer-ano-trax\/"},"wordCount":2186,"commentCount":0,"publisher":{"@id":"https:\/\/noticiasya.com\/#organization"},"articleSection":["Noticias Nacionales"],"inLanguage":"es","potentialAction":[{"@type":"CommentAction","name":"Comment","target":["https:\/\/noticiasya.com\/2026\/01\/01\/trump-trastoco-gobierno-federal-primer-ano-trax\/#respond"]}]},{"@type":"WebPage","@id":"https:\/\/noticiasya.com\/2026\/01\/01\/trump-trastoco-gobierno-federal-primer-ano-trax\/","url":"https:\/\/noticiasya.com\/2026\/01\/01\/trump-trastoco-gobierno-federal-primer-ano-trax\/","name":"\"Costos profundos\": C\u00f3mo Trump trastoc\u00f3 el gobierno federal en su primer a\u00f1o de regreso a Washington - Noticias","isPartOf":{"@id":"https:\/\/noticiasya.com\/#website"},"datePublished":"2026-01-02T00:04:00+00:00","breadcrumb":{"@id":"https:\/\/noticiasya.com\/2026\/01\/01\/trump-trastoco-gobierno-federal-primer-ano-trax\/#breadcrumb"},"inLanguage":"es","potentialAction":[{"@type":"ReadAction","target":["https:\/\/noticiasya.com\/2026\/01\/01\/trump-trastoco-gobierno-federal-primer-ano-trax\/"]}]},{"@type":"BreadcrumbList","@id":"https:\/\/noticiasya.com\/2026\/01\/01\/trump-trastoco-gobierno-federal-primer-ano-trax\/#breadcrumb","itemListElement":[{"@type":"ListItem","position":1,"name":"Home","item":"https:\/\/noticiasya.com\/"},{"@type":"ListItem","position":2,"name":"&#171;Costos profundos&#187;: C\u00f3mo Trump trastoc\u00f3 el gobierno federal en su primer a\u00f1o de regreso a Washington"}]},{"@type":"WebSite","@id":"https:\/\/noticiasya.com\/#website","url":"https:\/\/noticiasya.com\/","name":"Noticias","description":"Lo que importa","publisher":{"@id":"https:\/\/noticiasya.com\/#organization"},"potentialAction":[{"@type":"SearchAction","target":{"@type":"EntryPoint","urlTemplate":"https:\/\/noticiasya.com\/?s={search_term_string}"},"query-input":{"@type":"PropertyValueSpecification","valueRequired":true,"valueName":"search_term_string"}}],"inLanguage":"es"},{"@type":"Organization","@id":"https:\/\/noticiasya.com\/#organization","name":"Noticias","url":"https:\/\/noticiasya.com\/","logo":{"@type":"ImageObject","inLanguage":"es","@id":"https:\/\/noticiasya.com\/#\/schema\/logo\/image\/","url":"https:\/\/noticiasya.com\/wp-content\/uploads\/sites\/22\/2023\/12\/logo-nacional.png","contentUrl":"https:\/\/noticiasya.com\/wp-content\/uploads\/sites\/22\/2023\/12\/logo-nacional.png","width":1801,"height":691,"caption":"Noticias"},"image":{"@id":"https:\/\/noticiasya.com\/#\/schema\/logo\/image\/"}}]}},"parsely":{"version":"1.1.0","canonical_url":"https:\/\/noticiasya.com\/el-centro\/2026\/01\/01\/trump-trastoco-gobierno-federal-primer-ano-trax\/","smart_links":{"inbound":0,"outbound":0},"traffic_boost_suggestions_count":0,"meta":{"@context":"https:\/\/schema.org","@type":"NewsArticle","headline":"&#171;Costos profundos&#187;: C\u00f3mo Trump trastoc\u00f3 el gobierno federal en su primer a\u00f1o de regreso a Washington","url":"http:\/\/noticiasya.com\/el-centro\/2026\/01\/01\/trump-trastoco-gobierno-federal-primer-ano-trax\/","mainEntityOfPage":{"@type":"WebPage","@id":"http:\/\/noticiasya.com\/el-centro\/2026\/01\/01\/trump-trastoco-gobierno-federal-primer-ano-trax\/"},"thumbnailUrl":"","image":{"@type":"ImageObject","url":""},"articleSection":"Noticias Nacionales","author":[],"creator":[],"publisher":{"@type":"Organization","name":"Noticias","logo":""},"keywords":[],"dateCreated":"2026-01-02T00:04:00Z","datePublished":"2026-01-02T00:04:00Z","dateModified":"2026-01-02T00:04:00Z"},"rendered":"<script type=\"application\/ld+json\" class=\"wp-parsely-metadata\">{\"@context\":\"https:\\\/\\\/schema.org\",\"@type\":\"NewsArticle\",\"headline\":\"&#171;Costos profundos&#187;: C\\u00f3mo Trump trastoc\\u00f3 el gobierno federal en su primer a\\u00f1o de regreso a Washington\",\"url\":\"http:\\\/\\\/noticiasya.com\\\/el-centro\\\/2026\\\/01\\\/01\\\/trump-trastoco-gobierno-federal-primer-ano-trax\\\/\",\"mainEntityOfPage\":{\"@type\":\"WebPage\",\"@id\":\"http:\\\/\\\/noticiasya.com\\\/el-centro\\\/2026\\\/01\\\/01\\\/trump-trastoco-gobierno-federal-primer-ano-trax\\\/\"},\"thumbnailUrl\":\"\",\"image\":{\"@type\":\"ImageObject\",\"url\":\"\"},\"articleSection\":\"Noticias Nacionales\",\"author\":[],\"creator\":[],\"publisher\":{\"@type\":\"Organization\",\"name\":\"Noticias\",\"logo\":\"\"},\"keywords\":[],\"dateCreated\":\"2026-01-02T00:04:00Z\",\"datePublished\":\"2026-01-02T00:04:00Z\",\"dateModified\":\"2026-01-02T00:04:00Z\"}<\/script>","tracker_url":"https:\/\/cdn.parsely.com\/keys\/noticiasya.com\/p.js"},"jetpack_featured_media_url":"","jetpack-related-posts":[{"id":1461779,"url":"https:\/\/noticiasya.com\/el-centro\/2025\/04\/30\/encuesta-trump-inmigracion-deportaciones-trax\/","url_meta":{"origin":1469719,"position":0},"title":"Encuesta CNN: mayor\u00edas se oponen a que Trump deporte migrantes a una prisi\u00f3n de El Salvador y cancele visas de estudiantes","author":"","date":"abril 30, 2025","format":false,"excerpt":"Un creciente porcentaje de estadounidenses afirma que las pol\u00edticas de deportaci\u00f3n del presidente Donald Trump han ido demasiado lejos, seg\u00fan una nueva encuesta de CNN realizada por SSRS.Poco m\u00e1s de la mitad (52 %) afirma que Trump ha ido demasiado lejos al deportar inmigrantes indocumentados, frente al 45 % de\u2026","rel":"","context":"In &quot;Noticias Nacionales&quot;","block_context":{"text":"Noticias Nacionales","link":"https:\/\/noticiasya.com\/el-centro\/categoria\/noticias-nacionales"},"img":{"alt_text":"","src":"","width":0,"height":0},"classes":[]},{"id":1461165,"url":"https:\/\/noticiasya.com\/el-centro\/2025\/04\/14\/trump-bukele-el-salvador-deportaciones-trax\/","url_meta":{"origin":1469719,"position":1},"title":"Trump recibir\u00e1 en la Casa Blanca a Bukele, que juega un papel clave en la agenda sobre inmigraci\u00f3n del Gobierno de EE.UU.","author":"","date":"abril 14, 2025","format":false,"excerpt":"En una \u00e9poca en la que las alianzas estadounidenses se han visto sometidas a una tensi\u00f3n extrema por las guerras arancelarias y las disputas sobre el gasto militar, un l\u00edder se ha ganado firmemente el favor del presidente Donald Trump: Nayib Bukele, de El Salvador, quien visitar\u00e1 la Casa Blanca\u2026","rel":"","context":"In &quot;Noticias Nacionales&quot;","block_context":{"text":"Noticias Nacionales","link":"https:\/\/noticiasya.com\/el-centro\/categoria\/noticias-nacionales"},"img":{"alt_text":"","src":"","width":0,"height":0},"classes":[]},{"id":1460747,"url":"https:\/\/noticiasya.com\/el-centro\/2025\/04\/02\/que-son-aranceles-como-funcionan-graficos-trax\/","url_meta":{"origin":1469719,"position":2},"title":"\u00bfQu\u00e9 son los aranceles y c\u00f3mo funcionan? Estos dos gr\u00e1ficos lo explican","author":"","date":"abril 2, 2025","format":false,"excerpt":"Los aranceles han estado en el centro de la agenda pol\u00edtica del presidente Donald Trump desde su regreso a la Casa Blanca, como mecanismo de presi\u00f3n internacional y como eje de su plan econ\u00f3mico.\u201cPara m\u00ed, la palabra m\u00e1s hermosa del diccionario es arancel. Y es mi palabra favorita\u201d, dijo Trump\u2026","rel":"","context":"In &quot;Noticias Nacionales&quot;","block_context":{"text":"Noticias Nacionales","link":"https:\/\/noticiasya.com\/el-centro\/categoria\/noticias-nacionales"},"img":{"alt_text":"","src":"","width":0,"height":0},"classes":[]},{"id":1464764,"url":"https:\/\/noticiasya.com\/el-centro\/2025\/07\/22\/abogados-solicitante-asilo-venezolano-deportado-procedimientos-desacato-penal-trax\/","url_meta":{"origin":1469719,"position":3},"title":"Abogados de &#171;Cristian&#187;, venezolano solicitante de asilo deportado por error, iniciar\u00e1n procedimientos por desacato penal","author":"","date":"julio 22, 2025","format":false,"excerpt":"Abogados de un solicitante de asilo venezolano de 20 a\u00f1os que fue deportado por error a principios de este a\u00f1o pedir\u00e1n en los pr\u00f3ximos d\u00edas a una jueza federal que considere abrir procedimientos por desacato penal contra el Gobierno de Trump por \u201cviolaciones graves\u201d de sus \u00f3rdenes.Los posibles procedimientos abrir\u00edan\u2026","rel":"","context":"In &quot;Noticias Nacionales&quot;","block_context":{"text":"Noticias Nacionales","link":"https:\/\/noticiasya.com\/el-centro\/categoria\/noticias-nacionales"},"img":{"alt_text":"","src":"","width":0,"height":0},"classes":[]},{"id":1472930,"url":"https:\/\/noticiasya.com\/el-centro\/2026\/04\/07\/vance-hungria-apoyo-orban-negociaciones-iran-trax\/","url_meta":{"origin":1469719,"position":4},"title":"J. D. Vance visita Hungr\u00eda para apoyar a Orb\u00e1n en medio de las negociaciones con Ir\u00e1n","author":"","date":"abril 7, 2026","format":false,"excerpt":"La guerra con Ir\u00e1n contin\u00faa, los precios de la gasolina aumentan y las disputas por el gasto persisten en el Capitolio. Entonces, \u00bfpor qu\u00e9 el n\u00famero dos de la Casa Blanca vuela a Budapest?La visita del vicepresidente J. D. Vance a Hungr\u00eda esta semana, a pocos d\u00edas de las elecciones\u2026","rel":"","context":"In &quot;Noticias Nacionales&quot;","block_context":{"text":"Noticias Nacionales","link":"https:\/\/noticiasya.com\/el-centro\/categoria\/noticias-nacionales"},"img":{"alt_text":"","src":"","width":0,"height":0},"classes":[]},{"id":1459683,"url":"https:\/\/noticiasya.com\/el-centro\/2025\/03\/08\/reemplazo-trudeau-canada-trax\/","url_meta":{"origin":1469719,"position":5},"title":"\u00bfQui\u00e9n reemplazar\u00e1 a Justin Trudeau como l\u00edder del Partido Liberal de Canad\u00e1? Esto es lo que hay que saber","author":"","date":"marzo 8, 2025","format":false,"excerpt":"La carrera para reemplazar al primer ministro de Canad\u00e1, Justin Trudeau, est\u00e1 en marcha. Los principales candidatos para liderar el Partido Liberal de Trudeau, entre ellos los internacionalmente reconocidos Chrystia Freeland y Mark Carney, est\u00e1n argumentando que pueden guiar a Canad\u00e1 a trav\u00e9s de numerosos problemas nacionales e internacionales, incluidas\u2026","rel":"","context":"In &quot;Noticias Nacionales&quot;","block_context":{"text":"Noticias Nacionales","link":"https:\/\/noticiasya.com\/el-centro\/categoria\/noticias-nacionales"},"img":{"alt_text":"","src":"","width":0,"height":0},"classes":[]}],"jetpack_sharing_enabled":true,"_links":{"self":[{"href":"https:\/\/noticiasya.com\/el-centro\/wp-json\/wp\/v2\/posts\/1469719","targetHints":{"allow":["GET"]}}],"collection":[{"href":"https:\/\/noticiasya.com\/el-centro\/wp-json\/wp\/v2\/posts"}],"about":[{"href":"https:\/\/noticiasya.com\/el-centro\/wp-json\/wp\/v2\/types\/post"}],"replies":[{"embeddable":true,"href":"https:\/\/noticiasya.com\/el-centro\/wp-json\/wp\/v2\/comments?post=1469719"}],"version-history":[{"count":0,"href":"https:\/\/noticiasya.com\/el-centro\/wp-json\/wp\/v2\/posts\/1469719\/revisions"}],"wp:attachment":[{"href":"https:\/\/noticiasya.com\/el-centro\/wp-json\/wp\/v2\/media?parent=1469719"}],"wp:term":[{"taxonomy":"category","embeddable":true,"href":"https:\/\/noticiasya.com\/el-centro\/wp-json\/wp\/v2\/categories?post=1469719"},{"taxonomy":"post_tag","embeddable":true,"href":"https:\/\/noticiasya.com\/el-centro\/wp-json\/wp\/v2\/tags?post=1469719"}],"curies":[{"name":"wp","href":"https:\/\/api.w.org\/{rel}","templated":true}]}}