{"id":1443230,"date":"2024-01-06T02:33:28","date_gmt":"2024-01-06T10:33:28","guid":{"rendered":"https:\/\/wordpress-vip.entravision.com\/noticias\/?p=1443230"},"modified":"2024-01-06T02:33:28","modified_gmt":"2024-01-06T10:33:28","slug":"wander-franco-debera-presentarse-periodicamente-ante-un-juzgado-por-presuntamente-haber-mantenido-una-relacion-con-una-menor","status":"publish","type":"post","link":"https:\/\/noticiasya.com\/el-paso\/2024\/01\/06\/wander-franco-debera-presentarse-periodicamente-ante-un-juzgado-por-presuntamente-haber-mantenido-una-relacion-con-una-menor\/","title":{"rendered":"Wander Franco deber\u00e1 presentarse peri\u00f3dicamente ante un juzgado por presuntamente haber mantenido una relaci\u00f3n con una menor"},"content":{"rendered":"<p>(CNN Espa\u00f1ol) &#8212;\u00a0Un tribunal de Rep\u00fablica Dominicana acogi\u00f3 este viernes un pedido del Ministerio P\u00fablico del pa\u00eds e impuso medidas de coerci\u00f3n al grandeliga Wander Franco, quien enfrenta un proceso penal por presuntamente haber mantenido una relaci\u00f3n con una menor de edad, inform\u00f3 la Procuradur\u00eda General del pa\u00eds en un comunicado.<\/p>\n<p>El beisbolista dominicano deber\u00e1 presentarse peri\u00f3dicamente ante un juzgado y pagar 2 millones de pesos dominicanos (unos US$ 34.000), mientras que a la madre de la menor le impusieron arresto domiciliario y prohibici\u00f3n de salida del pa\u00eds.<\/p>\n<p>El Ministerio P\u00fablico de Puerto Plata acus\u00f3 al pelotero y a la mujer, que no ha sido identificada para proteger los derechos de la adolescente, de los delitos de explotaci\u00f3n sexual comercial y lavado de activos.<\/p>\n<p>El beisbolista Wander Franco seguir\u00e1 bajo arresto preventivo por acusaciones de mantener una relaci\u00f3n con una menor de edad<\/p>\n<p>Las denuncias contra Franco se dieron a conocer en agosto de 2023 en medios de Rep\u00fablica Dominicana. A partir de entonces, \u00e9l tom\u00f3 una licencia de las Grandes Ligas, donde jugaba para los Tampa Bay Rays.<\/p>\n<p>El jugador de 22 a\u00f1os evit\u00f3 este viernes dar declaraciones ante los medios. Su defensa legal dijo esta semana que las acusaciones del Ministerio P\u00fablico carecen de fundamento y que la instituci\u00f3n act\u00faa con base en \u201cespeculaciones\u201d.<\/p>\n<p>La Procuradur\u00eda de Rep\u00fablica Dominicana se\u00f1al\u00f3 en su comunicado de este viernes que las investigaciones contin\u00faan y que en ellas participan la Fiscal\u00eda de Puerto Plata y unidades especializadas en menores de edad, violencia de g\u00e9nero y lavado de activos<\/p>\n<p>The-CNN-Wire<br \/>\u2122 &amp; \u00a9 2024 Cable News Network, Inc., a Warner Bros. Discovery Company. All rights reserved.<\/p>\n","protected":false},"excerpt":{"rendered":"<p>(CNN Espa\u00f1ol) &#8212;\u00a0Un tribunal de Rep\u00fablica Dominicana acogi\u00f3 este viernes un pedido del Ministerio P\u00fablico del pa\u00eds e impuso medidas de coerci\u00f3n al grandeliga Wander Franco, quien enfrenta un proceso penal por presuntamente haber mantenido una relaci\u00f3n con una menor de edad, inform\u00f3 la Procuradur\u00eda General del pa\u00eds en un comunicado. El beisbolista dominicano deber\u00e1 [&hellip;]<\/p>\n","protected":false},"author":0,"featured_media":0,"comment_status":"open","ping_status":"open","sticky":false,"template":"","format":"standard","meta":{"_jetpack_memberships_contains_paid_content":false,"footnotes":""},"categories":[10],"tags":[],"class_list":["post-1443230","post","type-post","status-publish","format-standard","hentry","category-noticias-nacionales","market-global"],"yoast_head":"<!-- This site is optimized with the Yoast SEO plugin v24.4 - https:\/\/yoast.com\/wordpress\/plugins\/seo\/ -->\n<title>Wander Franco deber\u00e1 presentarse peri\u00f3dicamente ante un juzgado por presuntamente haber mantenido una relaci\u00f3n con una menor - Noticias<\/title>\n<meta name=\"robots\" content=\"index, follow, max-snippet:-1, max-image-preview:large, max-video-preview:-1\" \/>\n<link rel=\"canonical\" href=\"https:\/\/noticiasya.com\/el-paso\/2024\/01\/06\/wander-franco-debera-presentarse-periodicamente-ante-un-juzgado-por-presuntamente-haber-mantenido-una-relacion-con-una-menor\/\" \/>\n<meta property=\"og:locale\" content=\"es_ES\" \/>\n<meta property=\"og:type\" content=\"article\" \/>\n<meta property=\"og:title\" content=\"Wander Franco deber\u00e1 presentarse peri\u00f3dicamente ante un juzgado por presuntamente haber mantenido una relaci\u00f3n con una menor - Noticias\" \/>\n<meta property=\"og:description\" content=\"(CNN Espa\u00f1ol) &#8212;\u00a0Un tribunal de Rep\u00fablica Dominicana acogi\u00f3 este viernes un pedido del Ministerio P\u00fablico del pa\u00eds e impuso medidas de coerci\u00f3n al grandeliga Wander Franco, quien enfrenta un proceso penal por presuntamente haber mantenido una relaci\u00f3n con una menor de edad, inform\u00f3 la Procuradur\u00eda General del pa\u00eds en un comunicado. El beisbolista dominicano deber\u00e1 [&hellip;]\" \/>\n<meta property=\"og:url\" content=\"https:\/\/noticiasya.com\/el-paso\/2024\/01\/06\/wander-franco-debera-presentarse-periodicamente-ante-un-juzgado-por-presuntamente-haber-mantenido-una-relacion-con-una-menor\/\" \/>\n<meta property=\"og:site_name\" content=\"Noticias\" \/>\n<meta property=\"article:published_time\" content=\"2024-01-06T10:33:28+00:00\" \/>\n<meta name=\"twitter:card\" content=\"summary_large_image\" \/>\n<meta name=\"twitter:label1\" content=\"Est. reading time\" \/>\n\t<meta name=\"twitter:data1\" content=\"1 minuto\" \/>\n<script type=\"application\/ld+json\" class=\"yoast-schema-graph\">{\"@context\":\"https:\/\/schema.org\",\"@graph\":[{\"@type\":\"Article\",\"@id\":\"https:\/\/noticiasya.com\/el-paso\/2024\/01\/06\/wander-franco-debera-presentarse-periodicamente-ante-un-juzgado-por-presuntamente-haber-mantenido-una-relacion-con-una-menor\/#article\",\"isPartOf\":{\"@id\":\"https:\/\/noticiasya.com\/el-paso\/2024\/01\/06\/wander-franco-debera-presentarse-periodicamente-ante-un-juzgado-por-presuntamente-haber-mantenido-una-relacion-con-una-menor\/\"},\"author\":{\"name\":\"\",\"@id\":\"\"},\"headline\":\"Wander Franco deber\u00e1 presentarse peri\u00f3dicamente ante un juzgado por presuntamente haber mantenido una relaci\u00f3n con una menor\",\"datePublished\":\"2024-01-06T10:33:28+00:00\",\"mainEntityOfPage\":{\"@id\":\"https:\/\/noticiasya.com\/el-paso\/2024\/01\/06\/wander-franco-debera-presentarse-periodicamente-ante-un-juzgado-por-presuntamente-haber-mantenido-una-relacion-con-una-menor\/\"},\"wordCount\":311,\"commentCount\":0,\"publisher\":{\"@id\":\"https:\/\/noticiasya.com\/#organization\"},\"articleSection\":[\"Noticias Nacionales\"],\"inLanguage\":\"es\",\"potentialAction\":[{\"@type\":\"CommentAction\",\"name\":\"Comment\",\"target\":[\"https:\/\/noticiasya.com\/el-paso\/2024\/01\/06\/wander-franco-debera-presentarse-periodicamente-ante-un-juzgado-por-presuntamente-haber-mantenido-una-relacion-con-una-menor\/#respond\"]}]},{\"@type\":\"WebPage\",\"@id\":\"https:\/\/noticiasya.com\/el-paso\/2024\/01\/06\/wander-franco-debera-presentarse-periodicamente-ante-un-juzgado-por-presuntamente-haber-mantenido-una-relacion-con-una-menor\/\",\"url\":\"https:\/\/noticiasya.com\/el-paso\/2024\/01\/06\/wander-franco-debera-presentarse-periodicamente-ante-un-juzgado-por-presuntamente-haber-mantenido-una-relacion-con-una-menor\/\",\"name\":\"Wander Franco deber\u00e1 presentarse peri\u00f3dicamente ante un juzgado por presuntamente haber mantenido una relaci\u00f3n con una menor - Noticias\",\"isPartOf\":{\"@id\":\"https:\/\/noticiasya.com\/#website\"},\"datePublished\":\"2024-01-06T10:33:28+00:00\",\"breadcrumb\":{\"@id\":\"https:\/\/noticiasya.com\/el-paso\/2024\/01\/06\/wander-franco-debera-presentarse-periodicamente-ante-un-juzgado-por-presuntamente-haber-mantenido-una-relacion-con-una-menor\/#breadcrumb\"},\"inLanguage\":\"es\",\"potentialAction\":[{\"@type\":\"ReadAction\",\"target\":[\"https:\/\/noticiasya.com\/el-paso\/2024\/01\/06\/wander-franco-debera-presentarse-periodicamente-ante-un-juzgado-por-presuntamente-haber-mantenido-una-relacion-con-una-menor\/\"]}]},{\"@type\":\"BreadcrumbList\",\"@id\":\"https:\/\/noticiasya.com\/el-paso\/2024\/01\/06\/wander-franco-debera-presentarse-periodicamente-ante-un-juzgado-por-presuntamente-haber-mantenido-una-relacion-con-una-menor\/#breadcrumb\",\"itemListElement\":[{\"@type\":\"ListItem\",\"position\":1,\"name\":\"Home\",\"item\":\"https:\/\/noticiasya.com\/\"},{\"@type\":\"ListItem\",\"position\":2,\"name\":\"Wander Franco deber\u00e1 presentarse peri\u00f3dicamente ante un juzgado por presuntamente haber mantenido una relaci\u00f3n con una menor\"}]},{\"@type\":\"WebSite\",\"@id\":\"https:\/\/noticiasya.com\/#website\",\"url\":\"https:\/\/noticiasya.com\/\",\"name\":\"Noticias\",\"description\":\"Lo que importa\",\"publisher\":{\"@id\":\"https:\/\/noticiasya.com\/#organization\"},\"potentialAction\":[{\"@type\":\"SearchAction\",\"target\":{\"@type\":\"EntryPoint\",\"urlTemplate\":\"https:\/\/noticiasya.com\/?s={search_term_string}\"},\"query-input\":{\"@type\":\"PropertyValueSpecification\",\"valueRequired\":true,\"valueName\":\"search_term_string\"}}],\"inLanguage\":\"es\"},{\"@type\":\"Organization\",\"@id\":\"https:\/\/noticiasya.com\/#organization\",\"name\":\"Noticias\",\"url\":\"https:\/\/noticiasya.com\/\",\"logo\":{\"@type\":\"ImageObject\",\"inLanguage\":\"es\",\"@id\":\"https:\/\/noticiasya.com\/#\/schema\/logo\/image\/\",\"url\":\"https:\/\/noticiasya.com\/wp-content\/uploads\/sites\/22\/2023\/12\/logo-nacional.png\",\"contentUrl\":\"https:\/\/noticiasya.com\/wp-content\/uploads\/sites\/22\/2023\/12\/logo-nacional.png\",\"width\":1801,\"height\":691,\"caption\":\"Noticias\"},\"image\":{\"@id\":\"https:\/\/noticiasya.com\/#\/schema\/logo\/image\/\"}}]}<\/script>\n<!-- \/ Yoast SEO plugin. -->","yoast_head_json":{"title":"Wander Franco deber\u00e1 presentarse peri\u00f3dicamente ante un juzgado por presuntamente haber mantenido una relaci\u00f3n con una menor - Noticias","robots":{"index":"index","follow":"follow","max-snippet":"max-snippet:-1","max-image-preview":"max-image-preview:large","max-video-preview":"max-video-preview:-1"},"canonical":"https:\/\/noticiasya.com\/el-paso\/2024\/01\/06\/wander-franco-debera-presentarse-periodicamente-ante-un-juzgado-por-presuntamente-haber-mantenido-una-relacion-con-una-menor\/","og_locale":"es_ES","og_type":"article","og_title":"Wander Franco deber\u00e1 presentarse peri\u00f3dicamente ante un juzgado por presuntamente haber mantenido una relaci\u00f3n con una menor - Noticias","og_description":"(CNN Espa\u00f1ol) &#8212;\u00a0Un tribunal de Rep\u00fablica Dominicana acogi\u00f3 este viernes un pedido del Ministerio P\u00fablico del pa\u00eds e impuso medidas de coerci\u00f3n al grandeliga Wander Franco, quien enfrenta un proceso penal por presuntamente haber mantenido una relaci\u00f3n con una menor de edad, inform\u00f3 la Procuradur\u00eda General del pa\u00eds en un comunicado. El beisbolista dominicano deber\u00e1 [&hellip;]","og_url":"https:\/\/noticiasya.com\/el-paso\/2024\/01\/06\/wander-franco-debera-presentarse-periodicamente-ante-un-juzgado-por-presuntamente-haber-mantenido-una-relacion-con-una-menor\/","og_site_name":"Noticias","article_published_time":"2024-01-06T10:33:28+00:00","twitter_card":"summary_large_image","twitter_misc":{"Est. reading time":"1 minuto"},"schema":{"@context":"https:\/\/schema.org","@graph":[{"@type":"Article","@id":"https:\/\/noticiasya.com\/el-paso\/2024\/01\/06\/wander-franco-debera-presentarse-periodicamente-ante-un-juzgado-por-presuntamente-haber-mantenido-una-relacion-con-una-menor\/#article","isPartOf":{"@id":"https:\/\/noticiasya.com\/el-paso\/2024\/01\/06\/wander-franco-debera-presentarse-periodicamente-ante-un-juzgado-por-presuntamente-haber-mantenido-una-relacion-con-una-menor\/"},"author":{"name":"","@id":""},"headline":"Wander Franco deber\u00e1 presentarse peri\u00f3dicamente ante un juzgado por presuntamente haber mantenido una relaci\u00f3n con una menor","datePublished":"2024-01-06T10:33:28+00:00","mainEntityOfPage":{"@id":"https:\/\/noticiasya.com\/el-paso\/2024\/01\/06\/wander-franco-debera-presentarse-periodicamente-ante-un-juzgado-por-presuntamente-haber-mantenido-una-relacion-con-una-menor\/"},"wordCount":311,"commentCount":0,"publisher":{"@id":"https:\/\/noticiasya.com\/#organization"},"articleSection":["Noticias Nacionales"],"inLanguage":"es","potentialAction":[{"@type":"CommentAction","name":"Comment","target":["https:\/\/noticiasya.com\/el-paso\/2024\/01\/06\/wander-franco-debera-presentarse-periodicamente-ante-un-juzgado-por-presuntamente-haber-mantenido-una-relacion-con-una-menor\/#respond"]}]},{"@type":"WebPage","@id":"https:\/\/noticiasya.com\/el-paso\/2024\/01\/06\/wander-franco-debera-presentarse-periodicamente-ante-un-juzgado-por-presuntamente-haber-mantenido-una-relacion-con-una-menor\/","url":"https:\/\/noticiasya.com\/el-paso\/2024\/01\/06\/wander-franco-debera-presentarse-periodicamente-ante-un-juzgado-por-presuntamente-haber-mantenido-una-relacion-con-una-menor\/","name":"Wander Franco deber\u00e1 presentarse peri\u00f3dicamente ante un juzgado por presuntamente haber mantenido una relaci\u00f3n con una menor - Noticias","isPartOf":{"@id":"https:\/\/noticiasya.com\/#website"},"datePublished":"2024-01-06T10:33:28+00:00","breadcrumb":{"@id":"https:\/\/noticiasya.com\/el-paso\/2024\/01\/06\/wander-franco-debera-presentarse-periodicamente-ante-un-juzgado-por-presuntamente-haber-mantenido-una-relacion-con-una-menor\/#breadcrumb"},"inLanguage":"es","potentialAction":[{"@type":"ReadAction","target":["https:\/\/noticiasya.com\/el-paso\/2024\/01\/06\/wander-franco-debera-presentarse-periodicamente-ante-un-juzgado-por-presuntamente-haber-mantenido-una-relacion-con-una-menor\/"]}]},{"@type":"BreadcrumbList","@id":"https:\/\/noticiasya.com\/el-paso\/2024\/01\/06\/wander-franco-debera-presentarse-periodicamente-ante-un-juzgado-por-presuntamente-haber-mantenido-una-relacion-con-una-menor\/#breadcrumb","itemListElement":[{"@type":"ListItem","position":1,"name":"Home","item":"https:\/\/noticiasya.com\/"},{"@type":"ListItem","position":2,"name":"Wander Franco deber\u00e1 presentarse peri\u00f3dicamente ante un juzgado por presuntamente haber mantenido una relaci\u00f3n con una menor"}]},{"@type":"WebSite","@id":"https:\/\/noticiasya.com\/#website","url":"https:\/\/noticiasya.com\/","name":"Noticias","description":"Lo que importa","publisher":{"@id":"https:\/\/noticiasya.com\/#organization"},"potentialAction":[{"@type":"SearchAction","target":{"@type":"EntryPoint","urlTemplate":"https:\/\/noticiasya.com\/?s={search_term_string}"},"query-input":{"@type":"PropertyValueSpecification","valueRequired":true,"valueName":"search_term_string"}}],"inLanguage":"es"},{"@type":"Organization","@id":"https:\/\/noticiasya.com\/#organization","name":"Noticias","url":"https:\/\/noticiasya.com\/","logo":{"@type":"ImageObject","inLanguage":"es","@id":"https:\/\/noticiasya.com\/#\/schema\/logo\/image\/","url":"https:\/\/noticiasya.com\/wp-content\/uploads\/sites\/22\/2023\/12\/logo-nacional.png","contentUrl":"https:\/\/noticiasya.com\/wp-content\/uploads\/sites\/22\/2023\/12\/logo-nacional.png","width":1801,"height":691,"caption":"Noticias"},"image":{"@id":"https:\/\/noticiasya.com\/#\/schema\/logo\/image\/"}}]}},"parsely":{"version":"1.1.0","canonical_url":"https:\/\/noticiasya.com\/el-paso\/2024\/01\/06\/wander-franco-debera-presentarse-periodicamente-ante-un-juzgado-por-presuntamente-haber-mantenido-una-relacion-con-una-menor\/","smart_links":{"inbound":0,"outbound":0},"traffic_boost_suggestions_count":0,"meta":{"@context":"https:\/\/schema.org","@type":"NewsArticle","headline":"Wander Franco deber\u00e1 presentarse peri\u00f3dicamente ante un juzgado por presuntamente haber mantenido una relaci\u00f3n con una menor","url":"http:\/\/noticiasya.com\/el-paso\/2024\/01\/06\/wander-franco-debera-presentarse-periodicamente-ante-un-juzgado-por-presuntamente-haber-mantenido-una-relacion-con-una-menor\/","mainEntityOfPage":{"@type":"WebPage","@id":"http:\/\/noticiasya.com\/el-paso\/2024\/01\/06\/wander-franco-debera-presentarse-periodicamente-ante-un-juzgado-por-presuntamente-haber-mantenido-una-relacion-con-una-menor\/"},"thumbnailUrl":"","image":{"@type":"ImageObject","url":""},"articleSection":"Noticias Nacionales","author":[],"creator":[],"publisher":{"@type":"Organization","name":"Noticias","logo":""},"keywords":[],"dateCreated":"2024-01-06T10:33:28Z","datePublished":"2024-01-06T10:33:28Z","dateModified":"2024-01-06T10:33:28Z"},"rendered":"<script type=\"application\/ld+json\" class=\"wp-parsely-metadata\">{\"@context\":\"https:\\\/\\\/schema.org\",\"@type\":\"NewsArticle\",\"headline\":\"Wander Franco deber\\u00e1 presentarse peri\\u00f3dicamente ante un juzgado por presuntamente haber mantenido una relaci\\u00f3n con una menor\",\"url\":\"http:\\\/\\\/noticiasya.com\\\/el-paso\\\/2024\\\/01\\\/06\\\/wander-franco-debera-presentarse-periodicamente-ante-un-juzgado-por-presuntamente-haber-mantenido-una-relacion-con-una-menor\\\/\",\"mainEntityOfPage\":{\"@type\":\"WebPage\",\"@id\":\"http:\\\/\\\/noticiasya.com\\\/el-paso\\\/2024\\\/01\\\/06\\\/wander-franco-debera-presentarse-periodicamente-ante-un-juzgado-por-presuntamente-haber-mantenido-una-relacion-con-una-menor\\\/\"},\"thumbnailUrl\":\"\",\"image\":{\"@type\":\"ImageObject\",\"url\":\"\"},\"articleSection\":\"Noticias Nacionales\",\"author\":[],\"creator\":[],\"publisher\":{\"@type\":\"Organization\",\"name\":\"Noticias\",\"logo\":\"\"},\"keywords\":[],\"dateCreated\":\"2024-01-06T10:33:28Z\",\"datePublished\":\"2024-01-06T10:33:28Z\",\"dateModified\":\"2024-01-06T10:33:28Z\"}<\/script>","tracker_url":"https:\/\/cdn.parsely.com\/keys\/noticiasya.com\/p.js"},"jetpack_featured_media_url":"","jetpack-related-posts":[{"id":1443027,"url":"https:\/\/noticiasya.com\/el-paso\/2024\/01\/02\/arrestan-al-pelotero-de-grandes-ligas-wander-franco-en-republica-dominicana-acusado-de-relacion-con-una-menor\/","url_meta":{"origin":1443230,"position":0},"title":"Arrestan al pelotero de Grandes Ligas Wander Franco, en Rep\u00fablica Dominicana, acusado de relaci\u00f3n con una menor","author":"","date":"enero 2, 2024","format":false,"excerpt":"(CNN Espa\u00f1ol) -- Wander Franco, campocorto de los Tampa Bay Rays, fue detenido este lunes en Puerto Plata, en el norte de Rep\u00fablica Dominicana, tras presentarse a responder las acusaciones del Ministerio P\u00fablico por, supuestamente, haber mantenido una relaci\u00f3n con una menor de edad.El pelotero de Grandes Ligas se present\u00f3\u2026","rel":"","context":"In &quot;Noticias Nacionales&quot;","block_context":{"text":"Noticias Nacionales","link":"https:\/\/noticiasya.com\/el-paso\/categoria\/noticias-nacionales"},"img":{"alt_text":"","src":"","width":0,"height":0},"classes":[]},{"id":1463117,"url":"https:\/\/noticiasya.com\/el-paso\/2025\/06\/02\/inicia-juicio-beisbolista-wander-franco-explotacion-sexual-orix\/","url_meta":{"origin":1443230,"position":1},"title":"Inicia juicio contra beisbolista Wander Franco por presunta explotaci\u00f3n sexual y comercial de menor en Rep\u00fablica Dominicana","author":"","date":"junio 2, 2025","format":false,"excerpt":"El Tribunal Colegiado de Puerto Plata, Rep\u00fablica Dominicana, dio inicio este lunes al juicio contra el pelotero de Grandes Ligas Wander Franco, acusado de explotaci\u00f3n sexual y comercial de una menor.El caso ha generado atenci\u00f3n nacional e internacional desde agosto de 2023, cuando medios dominicanos revelaron que Franco, jugador de\u2026","rel":"","context":"In &quot;Noticias Nacionales&quot;","block_context":{"text":"Noticias Nacionales","link":"https:\/\/noticiasya.com\/el-paso\/categoria\/noticias-nacionales"},"img":{"alt_text":"","src":"","width":0,"height":0},"classes":[]},{"id":1463993,"url":"https:\/\/noticiasya.com\/el-paso\/2025\/06\/26\/condenan-beisbolista-wander-franco-prision-restringen-menores-trax\/","url_meta":{"origin":1443230,"position":2},"title":"Condenan al beisbolista Wander Franco a dos a\u00f1os de prisi\u00f3n; le suspenden la sanci\u00f3n y le restringen cercan\u00eda con menores","author":"","date":"junio 26, 2025","format":false,"excerpt":"Un tribunal de Puerto Plata, Rep\u00fablica Dominicana, declar\u00f3 culpable al jugador de b\u00e9isbol Wander Franco\u2014jugador (suspendido) de los Tampa Bay Rays de MLB\u2014de abuso y explotaci\u00f3n sexual de una menor e impuso una condena de dos a\u00f1os de prisi\u00f3n, aunque la sanci\u00f3n fue suspendida con la restricci\u00f3n de que no\u2026","rel":"","context":"In &quot;Noticias Nacionales&quot;","block_context":{"text":"Noticias Nacionales","link":"https:\/\/noticiasya.com\/el-paso\/categoria\/noticias-nacionales"},"img":{"alt_text":"","src":"","width":0,"height":0},"classes":[]},{"id":1457590,"url":"https:\/\/noticiasya.com\/el-paso\/2025\/01\/17\/por-que-acusan-evo-morales-trata-personas-orix\/","url_meta":{"origin":1443230,"position":3},"title":"\u00bfPor qu\u00e9 acusan a Evo Morales de trata de personas?","author":"","date":"enero 17, 2025","format":false,"excerpt":"El expresidente de Bolivia Evo Morales enfrenta una acusaci\u00f3n de trata de personas. La investigaci\u00f3n contra Morales se inici\u00f3 en septiembre de 2024 por presuntamente mantener una relaci\u00f3n sentimental con una menor en 2015, de la cual \u201cnaci\u00f3 una ni\u00f1a en enero de 2016\u201d, consign\u00f3 la estatal Agencia Boliviana de\u2026","rel":"","context":"In &quot;Noticias Nacionales&quot;","block_context":{"text":"Noticias Nacionales","link":"https:\/\/noticiasya.com\/el-paso\/categoria\/noticias-nacionales"},"img":{"alt_text":"","src":"","width":0,"height":0},"classes":[]},{"id":1457492,"url":"https:\/\/noticiasya.com\/el-paso\/2025\/01\/13\/gobierno-bolivia-enfrentamientos-policia-audiencia-evo-morales-orix\/","url_meta":{"origin":1443230,"position":4},"title":"Gobierno de Bolivia reporta al menos cinco heridos en enfrentamientos con la Polic\u00eda a un d\u00eda de la audiencia de Evo Morales","author":"","date":"enero 13, 2025","format":false,"excerpt":"A solo un d\u00eda de la audiencia de medidas cautelares en contra del expresidente de Bolivia Evo Morales por la acusaci\u00f3n de trata de personas, el Gobierno report\u00f3 enfrentamientos entre grupos afines al exmandatario y la Polic\u00eda en el sector de Cochabamba. Al menos cinco personas resultaron heridas, seg\u00fan las\u2026","rel":"","context":"In &quot;Noticias Nacionales&quot;","block_context":{"text":"Noticias Nacionales","link":"https:\/\/noticiasya.com\/el-paso\/categoria\/noticias-nacionales"},"img":{"alt_text":"","src":"","width":0,"height":0},"classes":[]},{"id":1452004,"url":"https:\/\/noticiasya.com\/el-paso\/2024\/08\/20\/enjuiciaran-natanael-cano-mexico-soborno-orix\/","url_meta":{"origin":1443230,"position":5},"title":"Enjuiciar\u00e1n al cantante Natanael Cano en M\u00e9xico por cargos de soborno","author":"","date":"agosto 20, 2024","format":false,"excerpt":"(CNN Espa\u00f1ol) \u2013\u2013 El cantante mexicano Natanael Cano deber\u00e1 enfrentar un juicio tras haber sido acusado de cohecho por el presunto intento de sobornar a varios polic\u00edas que lo hab\u00edan detenido por conducir con exceso de velocidad, dijo la Fiscal\u00eda de Sonora citando la decisi\u00f3n de un juez este lunes\u2026","rel":"","context":"In &quot;Noticias Nacionales&quot;","block_context":{"text":"Noticias Nacionales","link":"https:\/\/noticiasya.com\/el-paso\/categoria\/noticias-nacionales"},"img":{"alt_text":"","src":"","width":0,"height":0},"classes":[]}],"jetpack_sharing_enabled":true,"_links":{"self":[{"href":"https:\/\/noticiasya.com\/el-paso\/wp-json\/wp\/v2\/posts\/1443230","targetHints":{"allow":["GET"]}}],"collection":[{"href":"https:\/\/noticiasya.com\/el-paso\/wp-json\/wp\/v2\/posts"}],"about":[{"href":"https:\/\/noticiasya.com\/el-paso\/wp-json\/wp\/v2\/types\/post"}],"replies":[{"embeddable":true,"href":"https:\/\/noticiasya.com\/el-paso\/wp-json\/wp\/v2\/comments?post=1443230"}],"version-history":[{"count":1,"href":"https:\/\/noticiasya.com\/el-paso\/wp-json\/wp\/v2\/posts\/1443230\/revisions"}],"predecessor-version":[{"id":1443247,"href":"https:\/\/noticiasya.com\/el-paso\/wp-json\/wp\/v2\/posts\/1443230\/revisions\/1443247"}],"wp:attachment":[{"href":"https:\/\/noticiasya.com\/el-paso\/wp-json\/wp\/v2\/media?parent=1443230"}],"wp:term":[{"taxonomy":"category","embeddable":true,"href":"https:\/\/noticiasya.com\/el-paso\/wp-json\/wp\/v2\/categories?post=1443230"},{"taxonomy":"post_tag","embeddable":true,"href":"https:\/\/noticiasya.com\/el-paso\/wp-json\/wp\/v2\/tags?post=1443230"}],"curies":[{"name":"wp","href":"https:\/\/api.w.org\/{rel}","templated":true}]}}