{"id":1451981,"date":"2024-08-19T14:03:40","date_gmt":"2024-08-19T21:03:40","guid":{"rendered":"https:\/\/noticiasya.com\/2024\/08\/19\/investigacion-visita-diputados-represores-dictadura-argentina-orix\/"},"modified":"2024-08-19T14:03:40","modified_gmt":"2024-08-19T21:03:40","slug":"investigacion-visita-diputados-represores-dictadura-argentina-orix","status":"publish","type":"post","link":"https:\/\/noticiasya.com\/el-paso\/2024\/08\/19\/investigacion-visita-diputados-represores-dictadura-argentina-orix\/","title":{"rendered":"Comienza la investigaci\u00f3n por la visita de diputados oficialistas a represores de la dictadura militar en Argentina"},"content":{"rendered":"<p>(CNN Espa\u00f1ol) \u2013\u2013 La pol\u00e9mica que desencaden\u00f3 la visita en una c\u00e1rcel por seis diputados oficialistas a militares condenados por cr\u00edmenes perpetrados durante la dictadura de los 70 en Argentina tendr\u00e1 este martes un nuevo cap\u00edtulo en la C\u00e1mara de Diputados. La Comisi\u00f3n de Peticiones, Poderes y Reglamento de la C\u00e1mara Baja, presidida por la legisladora Silvia Lospennato, del Pro, una fuerza aliada del oficialismo, discutir\u00e1 tres iniciativas que podr\u00edan dar pie a una investigaci\u00f3n y evaluar si corresponde alg\u00fan tipo de sanci\u00f3n disciplinaria contra los legisladores, entre ellas, la posibilidad de expulsi\u00f3n de la C\u00e1mara.<\/p>\n<p>El 11 de julio, Beltr\u00e1n Benedit, Lourdes Arrieta, Alida Ferreyra, Guillermo Montenegro, Mar\u00eda Fernanda Araujo y Roc\u00edo Bonacci \u2015integrantes del bloque de La Libertad Avanza, el partido gobernante\u2015 fueron al penal de Ezeiza, en la provincia de Buenos Aires, para reunirse con represores condenados por delitos de lesa humanidad.<\/p>\n<p>CNN se contact\u00f3 con los diputados, pero quienes respondieron las consultas evitaron dar detalles y no explicaron los motivos de la visita, repudiada por organismos de derechos humanos y otros partidos argentinos.<\/p>\n<p>Avanza la causa por violencia de g\u00e9nero contra el expresidente de Argentina Alberto Fern\u00e1ndez<\/p>\n<p>En la foto, que se conoci\u00f3 unos d\u00edas despu\u00e9s de que la noticia circul\u00f3, puede verse a cinco de los diputados que integraron la comitiva posando junto a un grupo de militares condenados, entre ellos el exmarino Alfredo Astiz, una de las figuras m\u00e1s resonantes de la \u00faltima dictadura en Argentina, que fue parte del grupo de tareas de la Escuela de Mec\u00e1nica de la Armada (Esma), el centro de torturas m\u00e1s grande de la \u00e9poca.<\/p>\n<p>En el medio de la imagen, posa la diputada Arrieta quien, poco despu\u00e9s de que estall\u00f3 la pol\u00e9mica, intent\u00f3 despegarse de lo ocurrido alegando que no sab\u00eda qui\u00e9nes eran los presos. \u201cYo no viv\u00ed en esa \u00e9poca, nac\u00ed en 1993 y no tengo ni idea de qui\u00e9nes eran los personajes de esa \u00e9poca, la verdad es que vi internos de 80 a\u00f1os\u201d, dijo a la prensa.<\/p>\n<p>Con similar argumento, la diputada Bonacci, que no sali\u00f3 en la foto pero estaba presente, dijo que acudi\u00f3 creyendo que se trataba de una visita por motivos humanitarios y que eran humanitaria a presos comunes, asegurando que no se le proporcion\u00f3 la informaci\u00f3n completa hasta que estuvo de camino al lugar.<\/p>\n<p>El portavoz presidencial, Manuel Adorni, aclar\u00f3 al ser consultado en su habitual conferencia de prensa matutina que se trat\u00f3 de \u201cuna agenda personal de los diputados\u201d y que \u201cno representan la totalidad del bloque ni pertenecen al Poder Ejecutivo\u201d, aunque todos esos legisladores pertenecen a La Libertad Avanza.<\/p>\n<p>La denuncia de Arrieta que involucra a Patricia Bullrich y Mart\u00edn Menem<\/p>\n<p>En medio del esc\u00e1ndalo, la diputada Arrieta present\u00f3 una denuncia penal para que se investigue si efectivamente hubo una manipulaci\u00f3n hacia su persona o comisi\u00f3n de delito.<\/p>\n<p>En el documento, al que pudo acceder CNN mediante su abogado Yamil Castro, la diputada se\u00f1ala que su compa\u00f1ero de bancada Beltr\u00e1n Benedit le recomend\u00f3 acercarse al sacerdote Javier Olivera Ravasi, quien \u2015siempre seg\u00fan la denuncia\u2015 la sum\u00f3 a los grupos de WhatsApp en los que se organiz\u00f3 la visita.<\/p>\n<p>CNN intent\u00f3 contactar a ambos, pero no respondieron las consultas.<\/p>\n<p>\u201cLo que cre\u00ed que ser\u00eda un grupo de WhatsApp para debatir sobre situaciones o posibles proyectos, o discusi\u00f3n de ideas para lograr mejorar condiciones de detenci\u00f3n de personas mayores, hoy me envuelve en una pol\u00e9mica en la que no solo no he deseado estar, sino con la que no comulgo por ser contraria a mis valores cristianos\u201d, indic\u00f3 en el documento.<\/p>\n<p>Arrieta agreg\u00f3 que el traslado se realiz\u00f3 en una camioneta oficial del Congreso de la Naci\u00f3n.<\/p>\n<p>La legisladora pide que se investigue \u201csi se han utilizado recursos de los ciudadanos para realizar esta visita por fuera de toda orden de tareas o trabajo legislativo\u201d, adem\u00e1s de la actuaci\u00f3n del jefe del Servicio Penitenciario, que depende del Ministerio de Seguridad, que facilit\u00f3 el ingreso al penal.<\/p>\n<p>El presidente de la C\u00e1mara Baja, Mart\u00edn Menem, tom\u00f3 distancia de los hechos tras se\u00f1alar que \u201chay m\u00e1s de 85 veh\u00edculos\u201d que los legisladores usan \u201clibremente\u201d y que no ten\u00eda conocimiento de a qui\u00e9nes iban a visitar a la c\u00e1rcel. Por \u00faltimo, aclar\u00f3 que fueron actos individuales de los diputados que no representan la totalidad del bloque o del partido de gobierno, al que \u00e9l pertenece.<\/p>\n<p>CNN consult\u00f3 al Ministerio de Seguridad sobre lo denunciado, pero no recibi\u00f3 respuesta.<\/p>\n<p>De los chats adjuntos en la denuncia de Arrieta, se desprende tambi\u00e9n que el diputado Benedit Beltr\u00e1n le habr\u00eda enviado los datos de los integrantes de la comitiva directamente a Patricia Bullrich para tramitar los accesos. Consultada por la prensa local, la ministra de Seguridad lo desminti\u00f3: &#171;Nunca en la vida habl\u00e9 con Benedit. Nunca habl\u00e9 con nadie (\u2026) Me enter\u00e9 de la visita a la c\u00e1rcel por los diarios. Me enter\u00e9 por ustedes, los periodistas\u201d, dijo.<\/p>\n<p>Supuesto proyecto de ley para cerrar juicios a militares<\/p>\n<p>Uno de los puntos que preocupa a las organizaciones y defensores de derechos humanos es la presunta redacci\u00f3n de uno o m\u00e1s proyectos de ley para introducir el concepto de plazo razonable, que dar\u00eda por terminadas las causas a\u00fan abiertas de militares acusados por delitos de lesa humanidad, asunto que se ventila en la denuncia de Arrieta.<\/p>\n<p>En marzo, el diputado Beltr\u00e1n public\u00f3 en su cuenta de Instagram que hab\u00eda realizado una visita a Campo de Mayo, donde permanecen detenidos otros condenados por cr\u00edmenes de la dictadura. \u201cTrabajamos por la pronta liberaci\u00f3n de todos los patriotas . La verdad y la justicia triunfar\u00e1n\u201d, escribi\u00f3 en respuesta a un comentario de un seguidor.<\/p>\n<p>Seg\u00fan consta en la denuncia de Arrieta, en los grupos de WhatsApp en los que se organizaron las visitas a los penales circularon dos borradores de proyectos de ley que podr\u00edan otorgar beneficios a los detenidos. A trav\u00e9s del abogado de la diputada, CNN tuvo acceso a los textos difundidos. Uno de ellos habla de un &#171;plazo razonable de 25 a\u00f1os&#187;.<\/p>\n<p>El Gobierno de Argentina propone reforma para que las Fuerzas Armadas patrullen las calles<\/p>\n<p>Pablo Llonto es abogado representante de cientos de familiares de v\u00edctimas de estos delitos, exintegrante del Centro de Estudios Legales y Sociales (CELS) y militante del Partido Socialista de los Trabajadores (PST). En di\u00e1logo con CNN dijo que el plazo razonable busca dar una garant\u00eda de que todo imputado por un delito tiene que ser juzgado en un tiempo determinado, o de lo contrario se extingue la acci\u00f3n penal. \u201cSi bien el texto de la ley no hace menci\u00f3n a lesa humanidad, se trata de un plazo aplicable a todo ciudadano y en el paquete se pretende que caiga lesa humanidad\u201d, dijo.<\/p>\n<p>Sin embargo, el abogado considera que aunque ese decreto se sancione, no podr\u00eda caber en este tipo de cr\u00edmenes.<\/p>\n<p>\u201cLa Comisi\u00f3n Interamericana de Derechos Humanos, la Corte Interamericana de Derechos Humanos y los tribunales argentinos han dicho durante 41 a\u00f1os de democracia, pero sobre todo en los \u00faltimos 21 en los que se reanudaron los juicios, que para el juzgamiento de delitos de lesa humanidad, todo obst\u00e1culo, se llame como se llame \u2015indulto, amnist\u00eda, prescripci\u00f3n, etc\u00e9tera\u2015 no es aplicable\u201d, abund\u00f3.<\/p>\n<p>Dado que los delitos de la dictadura ocurrieron antes de la vuelta de la democracia en 1983, ya cuentan con m\u00e1s de 41 a\u00f1os desde su comisi\u00f3n.<\/p>\n<p>De acuerdo con la Procuradur\u00eda de Cr\u00edmenes contra la Humanidad, en la actualidad hay 949 personas entre imputadas, indagadas y procesadas, es decir, sin condena firme.<\/p>\n<p>Pero, seg\u00fan Llonto, ese no es el universo total de personas acusadas de cr\u00edmenes de lesa humanidad a las que podr\u00eda aplicar esta garant\u00eda, llegado el caso.<\/p>\n<p>\u201cEs dif\u00edcil de calcular porque existen procesos en los que todav\u00eda no se llam\u00f3 a declarar a todos los implicados y a\u00fan hay centenares de genocidas que no fueron enjuiciados\u201d, dijo.<\/p>\n<p>Al momento, ninguno de estos proyectos fue presentado en el Congreso.<\/p>\n<p>Qui\u00e9n es Javier Olivera Ravasi, el cura ligado a la ultraderecha presuntamente involucrado en la visita a represores que inquieta a la Iglesia<\/p>\n<p>Javier Olivera Ravasi es un sacerdote cat\u00f3lico argentino director de Que no te la cuenten, un espacio en el que divulga contenidos homof\u00f3bicos y negacionistas respecto a la dictadura militar, entre otros.<\/p>\n<p>Adem\u00e1s, es director de la Fundaci\u00f3n El\u00edas, radicada en Buenos Aires, que \u2015seg\u00fan denuncia Arrieta\u2015 ser\u00eda sede para redactar y trabajar en los proyectos antes mencionados.<\/p>\n<p>En los \u00faltimos d\u00edas, sumado a los chats en la denuncia, se conoci\u00f3 un video de Olivera Ravasi en el que hace referencia a un proyecto que ven\u00edan \u201cconversando hace unos meses, que ya estar\u00eda casi terminado\u201d, y que dice que &#171;est\u00e1 pr\u00e1cticamente terminado el proyecto que venimos conversando hace unos meses&#187;, y que pide que lo lean.<\/p>\n<p>La inflaci\u00f3n interanual en Argentina lleg\u00f3 al 263,4% seg\u00fan datos oficiales<\/p>\n<p>CNN se contact\u00f3 con el padre Olivera Ravasi para consultarlo sobre este asunto, pero no recibi\u00f3 respuesta.<\/p>\n<p>Olivera Ravasi mantiene lazos con la ultraderecha local y regional, y con los referentes m\u00e1s conservadores del entorno del presidente de Argentina Javier Milei, como los escritores Agust\u00edn Laje y Nicol\u00e1s M\u00e1rquez, este \u00faltimo bi\u00f3grafo del mandatario. Incluso en octubre, el sacerdote iba a participar junto a ellos en el evento &#171;Viva la derecha fest&#187;, pero luego avis\u00f3 en su sitio que no podr\u00eda asistir.<\/p>\n<p>Ante la pol\u00e9mica, la Iglesia se distanci\u00f3 del asunto.<\/p>\n<p>\u201cLo expresado y actuado por el sacerdote Javier Olivera Ravasi en relaci\u00f3n a la visita de un grupo de diputados a la c\u00e1rcel de Ezeiza no corresponde ni al pensamiento ni a la actitud de la Conferencia Episcopal Argentina\u201d, indic\u00f3 en X el director de la Oficina de Comunicaci\u00f3n y Prensa de la Conferencia Episcopal Argentina, M\u00e1ximo Jurcinovic.<\/p>\n<p>Jurcinovic agreg\u00f3 a CNN que la sede de la Fundaci\u00f3n El\u00edas no es una oficina relacionada con la Iglesia.<\/p>\n<p>The-CNN-Wire<br \/>&trade; &amp; &copy; 2024 Cable News Network, Inc., a Warner Bros. Discovery Company. All rights reserved.<\/p>\n","protected":false},"excerpt":{"rendered":"<p>(CNN Espa\u00f1ol) \u2013\u2013 La pol\u00e9mica que desencaden\u00f3 la visita en una c\u00e1rcel por seis diputados oficialistas a militares condenados por cr\u00edmenes perpetrados durante la dictadura de los 70 en Argentina tendr\u00e1 este martes un nuevo cap\u00edtulo en la C\u00e1mara de Diputados. La Comisi\u00f3n de Peticiones, Poderes y Reglamento de la C\u00e1mara Baja, presidida por la [&hellip;]<\/p>\n","protected":false},"author":0,"featured_media":0,"comment_status":"open","ping_status":"open","sticky":false,"template":"","format":"standard","meta":{"_jetpack_memberships_contains_paid_content":false,"footnotes":""},"categories":[10],"tags":[],"class_list":["post-1451981","post","type-post","status-publish","format-standard","hentry","category-noticias-nacionales","market-global"],"yoast_head":"<!-- This site is optimized with the Yoast SEO plugin v24.4 - https:\/\/yoast.com\/wordpress\/plugins\/seo\/ -->\n<title>Comienza la investigaci\u00f3n por la visita de diputados oficialistas a represores de la dictadura militar en Argentina - Noticias<\/title>\n<meta name=\"robots\" content=\"index, follow, max-snippet:-1, max-image-preview:large, max-video-preview:-1\" \/>\n<link rel=\"canonical\" href=\"https:\/\/noticiasya.com\/2024\/08\/19\/investigacion-visita-diputados-represores-dictadura-argentina-orix\/\" \/>\n<meta property=\"og:locale\" content=\"es_ES\" \/>\n<meta property=\"og:type\" content=\"article\" \/>\n<meta property=\"og:title\" content=\"Comienza la investigaci\u00f3n por la visita de diputados oficialistas a represores de la dictadura militar en Argentina - Noticias\" \/>\n<meta property=\"og:description\" content=\"(CNN Espa\u00f1ol) \u2013\u2013 La pol\u00e9mica que desencaden\u00f3 la visita en una c\u00e1rcel por seis diputados oficialistas a militares condenados por cr\u00edmenes perpetrados durante la dictadura de los 70 en Argentina tendr\u00e1 este martes un nuevo cap\u00edtulo en la C\u00e1mara de Diputados. La Comisi\u00f3n de Peticiones, Poderes y Reglamento de la C\u00e1mara Baja, presidida por la [&hellip;]\" \/>\n<meta property=\"og:url\" content=\"https:\/\/noticiasya.com\/2024\/08\/19\/investigacion-visita-diputados-represores-dictadura-argentina-orix\/\" \/>\n<meta property=\"og:site_name\" content=\"Noticias\" \/>\n<meta property=\"article:published_time\" content=\"2024-08-19T21:03:40+00:00\" \/>\n<meta name=\"twitter:card\" content=\"summary_large_image\" \/>\n<meta name=\"twitter:label1\" content=\"Est. reading time\" \/>\n\t<meta name=\"twitter:data1\" content=\"9 minutos\" \/>\n<script type=\"application\/ld+json\" class=\"yoast-schema-graph\">{\"@context\":\"https:\/\/schema.org\",\"@graph\":[{\"@type\":\"Article\",\"@id\":\"https:\/\/noticiasya.com\/2024\/08\/19\/investigacion-visita-diputados-represores-dictadura-argentina-orix\/#article\",\"isPartOf\":{\"@id\":\"https:\/\/noticiasya.com\/2024\/08\/19\/investigacion-visita-diputados-represores-dictadura-argentina-orix\/\"},\"author\":{\"name\":\"\",\"@id\":\"\"},\"headline\":\"Comienza la investigaci\u00f3n por la visita de diputados oficialistas a represores de la dictadura militar en Argentina\",\"datePublished\":\"2024-08-19T21:03:40+00:00\",\"mainEntityOfPage\":{\"@id\":\"https:\/\/noticiasya.com\/2024\/08\/19\/investigacion-visita-diputados-represores-dictadura-argentina-orix\/\"},\"wordCount\":1773,\"commentCount\":0,\"publisher\":{\"@id\":\"https:\/\/noticiasya.com\/#organization\"},\"articleSection\":[\"Noticias Nacionales\"],\"inLanguage\":\"es\",\"potentialAction\":[{\"@type\":\"CommentAction\",\"name\":\"Comment\",\"target\":[\"https:\/\/noticiasya.com\/2024\/08\/19\/investigacion-visita-diputados-represores-dictadura-argentina-orix\/#respond\"]}]},{\"@type\":\"WebPage\",\"@id\":\"https:\/\/noticiasya.com\/2024\/08\/19\/investigacion-visita-diputados-represores-dictadura-argentina-orix\/\",\"url\":\"https:\/\/noticiasya.com\/2024\/08\/19\/investigacion-visita-diputados-represores-dictadura-argentina-orix\/\",\"name\":\"Comienza la investigaci\u00f3n por la visita de diputados oficialistas a represores de la dictadura militar en Argentina - Noticias\",\"isPartOf\":{\"@id\":\"https:\/\/noticiasya.com\/#website\"},\"datePublished\":\"2024-08-19T21:03:40+00:00\",\"breadcrumb\":{\"@id\":\"https:\/\/noticiasya.com\/2024\/08\/19\/investigacion-visita-diputados-represores-dictadura-argentina-orix\/#breadcrumb\"},\"inLanguage\":\"es\",\"potentialAction\":[{\"@type\":\"ReadAction\",\"target\":[\"https:\/\/noticiasya.com\/2024\/08\/19\/investigacion-visita-diputados-represores-dictadura-argentina-orix\/\"]}]},{\"@type\":\"BreadcrumbList\",\"@id\":\"https:\/\/noticiasya.com\/2024\/08\/19\/investigacion-visita-diputados-represores-dictadura-argentina-orix\/#breadcrumb\",\"itemListElement\":[{\"@type\":\"ListItem\",\"position\":1,\"name\":\"Home\",\"item\":\"https:\/\/noticiasya.com\/\"},{\"@type\":\"ListItem\",\"position\":2,\"name\":\"Comienza la investigaci\u00f3n por la visita de diputados oficialistas a represores de la dictadura militar en Argentina\"}]},{\"@type\":\"WebSite\",\"@id\":\"https:\/\/noticiasya.com\/#website\",\"url\":\"https:\/\/noticiasya.com\/\",\"name\":\"Noticias\",\"description\":\"Lo que importa\",\"publisher\":{\"@id\":\"https:\/\/noticiasya.com\/#organization\"},\"potentialAction\":[{\"@type\":\"SearchAction\",\"target\":{\"@type\":\"EntryPoint\",\"urlTemplate\":\"https:\/\/noticiasya.com\/?s={search_term_string}\"},\"query-input\":{\"@type\":\"PropertyValueSpecification\",\"valueRequired\":true,\"valueName\":\"search_term_string\"}}],\"inLanguage\":\"es\"},{\"@type\":\"Organization\",\"@id\":\"https:\/\/noticiasya.com\/#organization\",\"name\":\"Noticias\",\"url\":\"https:\/\/noticiasya.com\/\",\"logo\":{\"@type\":\"ImageObject\",\"inLanguage\":\"es\",\"@id\":\"https:\/\/noticiasya.com\/#\/schema\/logo\/image\/\",\"url\":\"https:\/\/noticiasya.com\/wp-content\/uploads\/sites\/22\/2023\/12\/logo-nacional.png\",\"contentUrl\":\"https:\/\/noticiasya.com\/wp-content\/uploads\/sites\/22\/2023\/12\/logo-nacional.png\",\"width\":1801,\"height\":691,\"caption\":\"Noticias\"},\"image\":{\"@id\":\"https:\/\/noticiasya.com\/#\/schema\/logo\/image\/\"}}]}<\/script>\n<!-- \/ Yoast SEO plugin. -->","yoast_head_json":{"title":"Comienza la investigaci\u00f3n por la visita de diputados oficialistas a represores de la dictadura militar en Argentina - Noticias","robots":{"index":"index","follow":"follow","max-snippet":"max-snippet:-1","max-image-preview":"max-image-preview:large","max-video-preview":"max-video-preview:-1"},"canonical":"https:\/\/noticiasya.com\/2024\/08\/19\/investigacion-visita-diputados-represores-dictadura-argentina-orix\/","og_locale":"es_ES","og_type":"article","og_title":"Comienza la investigaci\u00f3n por la visita de diputados oficialistas a represores de la dictadura militar en Argentina - Noticias","og_description":"(CNN Espa\u00f1ol) \u2013\u2013 La pol\u00e9mica que desencaden\u00f3 la visita en una c\u00e1rcel por seis diputados oficialistas a militares condenados por cr\u00edmenes perpetrados durante la dictadura de los 70 en Argentina tendr\u00e1 este martes un nuevo cap\u00edtulo en la C\u00e1mara de Diputados. La Comisi\u00f3n de Peticiones, Poderes y Reglamento de la C\u00e1mara Baja, presidida por la [&hellip;]","og_url":"https:\/\/noticiasya.com\/2024\/08\/19\/investigacion-visita-diputados-represores-dictadura-argentina-orix\/","og_site_name":"Noticias","article_published_time":"2024-08-19T21:03:40+00:00","twitter_card":"summary_large_image","twitter_misc":{"Est. reading time":"9 minutos"},"schema":{"@context":"https:\/\/schema.org","@graph":[{"@type":"Article","@id":"https:\/\/noticiasya.com\/2024\/08\/19\/investigacion-visita-diputados-represores-dictadura-argentina-orix\/#article","isPartOf":{"@id":"https:\/\/noticiasya.com\/2024\/08\/19\/investigacion-visita-diputados-represores-dictadura-argentina-orix\/"},"author":{"name":"","@id":""},"headline":"Comienza la investigaci\u00f3n por la visita de diputados oficialistas a represores de la dictadura militar en Argentina","datePublished":"2024-08-19T21:03:40+00:00","mainEntityOfPage":{"@id":"https:\/\/noticiasya.com\/2024\/08\/19\/investigacion-visita-diputados-represores-dictadura-argentina-orix\/"},"wordCount":1773,"commentCount":0,"publisher":{"@id":"https:\/\/noticiasya.com\/#organization"},"articleSection":["Noticias Nacionales"],"inLanguage":"es","potentialAction":[{"@type":"CommentAction","name":"Comment","target":["https:\/\/noticiasya.com\/2024\/08\/19\/investigacion-visita-diputados-represores-dictadura-argentina-orix\/#respond"]}]},{"@type":"WebPage","@id":"https:\/\/noticiasya.com\/2024\/08\/19\/investigacion-visita-diputados-represores-dictadura-argentina-orix\/","url":"https:\/\/noticiasya.com\/2024\/08\/19\/investigacion-visita-diputados-represores-dictadura-argentina-orix\/","name":"Comienza la investigaci\u00f3n por la visita de diputados oficialistas a represores de la dictadura militar en Argentina - Noticias","isPartOf":{"@id":"https:\/\/noticiasya.com\/#website"},"datePublished":"2024-08-19T21:03:40+00:00","breadcrumb":{"@id":"https:\/\/noticiasya.com\/2024\/08\/19\/investigacion-visita-diputados-represores-dictadura-argentina-orix\/#breadcrumb"},"inLanguage":"es","potentialAction":[{"@type":"ReadAction","target":["https:\/\/noticiasya.com\/2024\/08\/19\/investigacion-visita-diputados-represores-dictadura-argentina-orix\/"]}]},{"@type":"BreadcrumbList","@id":"https:\/\/noticiasya.com\/2024\/08\/19\/investigacion-visita-diputados-represores-dictadura-argentina-orix\/#breadcrumb","itemListElement":[{"@type":"ListItem","position":1,"name":"Home","item":"https:\/\/noticiasya.com\/"},{"@type":"ListItem","position":2,"name":"Comienza la investigaci\u00f3n por la visita de diputados oficialistas a represores de la dictadura militar en Argentina"}]},{"@type":"WebSite","@id":"https:\/\/noticiasya.com\/#website","url":"https:\/\/noticiasya.com\/","name":"Noticias","description":"Lo que importa","publisher":{"@id":"https:\/\/noticiasya.com\/#organization"},"potentialAction":[{"@type":"SearchAction","target":{"@type":"EntryPoint","urlTemplate":"https:\/\/noticiasya.com\/?s={search_term_string}"},"query-input":{"@type":"PropertyValueSpecification","valueRequired":true,"valueName":"search_term_string"}}],"inLanguage":"es"},{"@type":"Organization","@id":"https:\/\/noticiasya.com\/#organization","name":"Noticias","url":"https:\/\/noticiasya.com\/","logo":{"@type":"ImageObject","inLanguage":"es","@id":"https:\/\/noticiasya.com\/#\/schema\/logo\/image\/","url":"https:\/\/noticiasya.com\/wp-content\/uploads\/sites\/22\/2023\/12\/logo-nacional.png","contentUrl":"https:\/\/noticiasya.com\/wp-content\/uploads\/sites\/22\/2023\/12\/logo-nacional.png","width":1801,"height":691,"caption":"Noticias"},"image":{"@id":"https:\/\/noticiasya.com\/#\/schema\/logo\/image\/"}}]}},"parsely":{"version":"1.1.0","canonical_url":"https:\/\/noticiasya.com\/el-paso\/2024\/08\/19\/investigacion-visita-diputados-represores-dictadura-argentina-orix\/","smart_links":{"inbound":0,"outbound":0},"traffic_boost_suggestions_count":0,"meta":{"@context":"https:\/\/schema.org","@type":"NewsArticle","headline":"Comienza la investigaci\u00f3n por la visita de diputados oficialistas a represores de la dictadura militar en Argentina","url":"http:\/\/noticiasya.com\/el-paso\/2024\/08\/19\/investigacion-visita-diputados-represores-dictadura-argentina-orix\/","mainEntityOfPage":{"@type":"WebPage","@id":"http:\/\/noticiasya.com\/el-paso\/2024\/08\/19\/investigacion-visita-diputados-represores-dictadura-argentina-orix\/"},"thumbnailUrl":"","image":{"@type":"ImageObject","url":""},"articleSection":"Noticias Nacionales","author":[],"creator":[],"publisher":{"@type":"Organization","name":"Noticias","logo":""},"keywords":[],"dateCreated":"2024-08-19T21:03:40Z","datePublished":"2024-08-19T21:03:40Z","dateModified":"2024-08-19T21:03:40Z"},"rendered":"<script type=\"application\/ld+json\" class=\"wp-parsely-metadata\">{\"@context\":\"https:\\\/\\\/schema.org\",\"@type\":\"NewsArticle\",\"headline\":\"Comienza la investigaci\\u00f3n por la visita de diputados oficialistas a represores de la dictadura militar en Argentina\",\"url\":\"http:\\\/\\\/noticiasya.com\\\/el-paso\\\/2024\\\/08\\\/19\\\/investigacion-visita-diputados-represores-dictadura-argentina-orix\\\/\",\"mainEntityOfPage\":{\"@type\":\"WebPage\",\"@id\":\"http:\\\/\\\/noticiasya.com\\\/el-paso\\\/2024\\\/08\\\/19\\\/investigacion-visita-diputados-represores-dictadura-argentina-orix\\\/\"},\"thumbnailUrl\":\"\",\"image\":{\"@type\":\"ImageObject\",\"url\":\"\"},\"articleSection\":\"Noticias Nacionales\",\"author\":[],\"creator\":[],\"publisher\":{\"@type\":\"Organization\",\"name\":\"Noticias\",\"logo\":\"\"},\"keywords\":[],\"dateCreated\":\"2024-08-19T21:03:40Z\",\"datePublished\":\"2024-08-19T21:03:40Z\",\"dateModified\":\"2024-08-19T21:03:40Z\"}<\/script>","tracker_url":"https:\/\/cdn.parsely.com\/keys\/noticiasya.com\/p.js"},"jetpack_featured_media_url":"","jetpack-related-posts":[{"id":1452107,"url":"https:\/\/noticiasya.com\/el-paso\/2024\/08\/23\/milei-cierra-organismo-ninos-apropiados-dictadura-argentina-orix\/","url_meta":{"origin":1451981,"position":0},"title":"Milei cierra un organismo oficial que buscaba a los ni\u00f1os apropiados ilegalmente durante la \u00faltima dictadura en Argentina","author":"","date":"agosto 23, 2024","format":false,"excerpt":"(CNN Espa\u00f1ol) -- Las Abuelas de Plaza de Mayo han encontrado a casi 140 nietos. Eran ni\u00f1os \u2014hoy adultos de alrededor de 45 a\u00f1os\u2014 que fueron sustra\u00eddos ilegalmente a sus padres, quienes fueron detenidos durante la \u00faltima dictadura de Argentina (1976-1983) y que en muchos casos permanecen desaparecidos. Pero a\u2026","rel":"","context":"In &quot;Noticias Nacionales&quot;","block_context":{"text":"Noticias Nacionales","link":"https:\/\/noticiasya.com\/el-paso\/categoria\/noticias-nacionales"},"img":{"alt_text":"","src":"","width":0,"height":0},"classes":[]},{"id":1451836,"url":"https:\/\/noticiasya.com\/el-paso\/2024\/08\/13\/papa-francisco-dictadura-anita-fernandez-orix\/","url_meta":{"origin":1451981,"position":1},"title":"Anita Fern\u00e1ndez, v\u00edctima de la dictadura militar en Argentina, visit\u00f3 al papa Francisco y recibi\u00f3 un mensaje sobre su abuela","author":"","date":"agosto 13, 2024","format":false,"excerpt":"(CNN Espa\u00f1ol) --\u00a0\u201cNo aflojen, conserven la memoria, no solo de las ideas, sino tambi\u00e9n de los testimonios\u201d, fue el mensaje que el papa Francisco le envi\u00f3 a Ana Mar\u00eda Careaga -secuestrada y torturada durante la \u00faltima dictadura c\u00edvico-militar en Argentina- en una audiencia con su hija, Anita Fern\u00e1ndez, la semana\u2026","rel":"","context":"In &quot;Noticias Nacionales&quot;","block_context":{"text":"Noticias Nacionales","link":"https:\/\/noticiasya.com\/el-paso\/categoria\/noticias-nacionales"},"img":{"alt_text":"","src":"","width":0,"height":0},"classes":[]},{"id":1448701,"url":"https:\/\/noticiasya.com\/el-paso\/2024\/04\/30\/camara-de-diputados-argentina-ley-bases-milei-votacion-general-orix\/","url_meta":{"origin":1451981,"position":2},"title":"La C\u00e1mara de Diputados de Argentina aprueba la &#171;Ley Bases&#187; de Milei","author":"","date":"abril 30, 2024","format":false,"excerpt":"(CNN Espa\u00f1ol) -- Luego de un debate de m\u00e1s de 20 horas, la C\u00e1mara de Diputados de Argentina aprob\u00f3 \u2014primero en general y horas m\u00e1s tarde en particular\u2014 la \"Ley de Bases y Puntos de Partida para la Libertad de los Argentinos\", un paquete de reformas tambi\u00e9n conocido como \"ley\u2026","rel":"","context":"In &quot;Noticias Nacionales&quot;","block_context":{"text":"Noticias Nacionales","link":"https:\/\/noticiasya.com\/el-paso\/categoria\/noticias-nacionales"},"img":{"alt_text":"","src":"","width":0,"height":0},"classes":[]},{"id":1444851,"url":"https:\/\/noticiasya.com\/el-paso\/2024\/02\/03\/asi-se-voto-la-ley-omnibus-de-milei-en-argentina-que-sigue-ahora\/","url_meta":{"origin":1451981,"position":3},"title":"As\u00ed se vot\u00f3 la &#171;ley \u00f3mnibus&#187; de Milei en Argentina: \u00bfQu\u00e9 sigue ahora?","author":"","date":"febrero 3, 2024","format":false,"excerpt":"(CNN Espa\u00f1ol) --\u00a0La aprobaci\u00f3n en general por la C\u00e1mara de Diputados de Argentina del pol\u00e9mico proyecto de Ley de Bases y Condiciones para la Libertad de los Argentinos tras tres d\u00edas de debate, supuso varias modificaciones a la propuesta original del Gobierno de Javier Milei.Pero el debate en la C\u00e1mara\u2026","rel":"","context":"In &quot;Noticias Nacionales&quot;","block_context":{"text":"Noticias Nacionales","link":"https:\/\/noticiasya.com\/el-paso\/categoria\/noticias-nacionales"},"img":{"alt_text":"","src":"","width":0,"height":0},"classes":[]},{"id":1467778,"url":"https:\/\/noticiasya.com\/el-paso\/2025\/10\/27\/como-queda-congreso-argentina-milei-orix\/","url_meta":{"origin":1451981,"position":4},"title":"C\u00f3mo queda el Congreso de Argentina tras la contundente victoria del partido de Javier Milei","author":"","date":"octubre 27, 2025","format":false,"excerpt":"El oficialismo en Argentina logr\u00f3 un giro dr\u00e1stico del tablero del Congreso con su rotunda victoria en las elecciones legislativas del domingo, al superar largamente la meta de alcanzar junto a sus aliados del PRO los 86 diputados, un tercio de la C\u00e1mara de Diputados, lo que permitir\u00e1 al presidente\u2026","rel":"","context":"In &quot;Noticias Nacionales&quot;","block_context":{"text":"Noticias Nacionales","link":"https:\/\/noticiasya.com\/el-paso\/categoria\/noticias-nacionales"},"img":{"alt_text":"","src":"","width":0,"height":0},"classes":[]},{"id":1471478,"url":"https:\/\/noticiasya.com\/el-paso\/2026\/02\/20\/argentina-diputados-reforma-laboral-senado-efe\/","url_meta":{"origin":1451981,"position":5},"title":"Diputados aprueban reforma laboral en Argentina y el proyecto regresa al Senado","author":"","date":"febrero 20, 2026","format":false,"excerpt":"La C\u00e1mara de Diputados de Argentina aprob\u00f3 este viernes el proyecto de reforma laboral propuesto por el Gobierno del presidente Javier Milei, que volver\u00e1 al Senado para su aprobaci\u00f3n final tras la eliminaci\u00f3n de un pol\u00e9mico art\u00edculo sobre licencias por enfermedad.La Ley de Modernizaci\u00f3n Laboral fue aprobada en la C\u00e1mara\u2026","rel":"","context":"In &quot;Noticias Nacionales&quot;","block_context":{"text":"Noticias Nacionales","link":"https:\/\/noticiasya.com\/el-paso\/categoria\/noticias-nacionales"},"img":{"alt_text":"","src":"","width":0,"height":0},"classes":[]}],"jetpack_sharing_enabled":true,"_links":{"self":[{"href":"https:\/\/noticiasya.com\/el-paso\/wp-json\/wp\/v2\/posts\/1451981","targetHints":{"allow":["GET"]}}],"collection":[{"href":"https:\/\/noticiasya.com\/el-paso\/wp-json\/wp\/v2\/posts"}],"about":[{"href":"https:\/\/noticiasya.com\/el-paso\/wp-json\/wp\/v2\/types\/post"}],"replies":[{"embeddable":true,"href":"https:\/\/noticiasya.com\/el-paso\/wp-json\/wp\/v2\/comments?post=1451981"}],"version-history":[{"count":0,"href":"https:\/\/noticiasya.com\/el-paso\/wp-json\/wp\/v2\/posts\/1451981\/revisions"}],"wp:attachment":[{"href":"https:\/\/noticiasya.com\/el-paso\/wp-json\/wp\/v2\/media?parent=1451981"}],"wp:term":[{"taxonomy":"category","embeddable":true,"href":"https:\/\/noticiasya.com\/el-paso\/wp-json\/wp\/v2\/categories?post=1451981"},{"taxonomy":"post_tag","embeddable":true,"href":"https:\/\/noticiasya.com\/el-paso\/wp-json\/wp\/v2\/tags?post=1451981"}],"curies":[{"name":"wp","href":"https:\/\/api.w.org\/{rel}","templated":true}]}}