{"id":1469711,"date":"2026-01-01T12:03:51","date_gmt":"2026-01-01T20:03:51","guid":{"rendered":"https:\/\/noticiasya.com\/2026\/01\/01\/muertos-protestas-iran-enfrentamientos-policia-trax\/"},"modified":"2026-01-01T12:03:51","modified_gmt":"2026-01-01T20:03:51","slug":"muertos-protestas-iran-enfrentamientos-policia-trax","status":"publish","type":"post","link":"https:\/\/noticiasya.com\/el-paso\/2026\/01\/01\/muertos-protestas-iran-enfrentamientos-policia-trax\/","title":{"rendered":"Al menos seis muertos en las protestas en Ir\u00e1n tras los enfrentamientos de manifestantes con la Polic\u00eda en varias provincias"},"content":{"rendered":"<p>Durante el \u00faltimo d\u00eda, personas que protestaban por el deterioro de las condiciones econ\u00f3micas en Ir\u00e1n salieron a las calles en varias provincias del pa\u00eds, y algunas manifestaciones se tornaron violentas tras enfrentamientos con la Polic\u00eda.<\/p>\n<p>Al menos tres personas murieron y otras 17 resultaron heridas el jueves por la noche, cuando los manifestantes asaltaron una comisar\u00eda en la ciudad de Azna, en la provincia de Lorest\u00e1n, en el oeste de Ir\u00e1n, seg\u00fan inform\u00f3 la agencia de noticias estatal Fars.<\/p>\n<p>Los manifestantes se enfrentaron a la Polic\u00eda, arrojaron piedras contra los agentes y prendieron fuego a varios veh\u00edculos, afirm\u00f3 Fars. La agencia de noticias indic\u00f3 que algunos \u201calborotadores armados se aprovecharon\u201d de una protesta en la ciudad. Sin aportar pruebas, Fars afirm\u00f3 que la Polic\u00eda confisc\u00f3 posteriormente armas de fuego a algunos individuos.<\/p>\n<p>Esa misma ma\u00f1ana, al menos dos personas murieron cuando decenas de manifestantes se enfrentaron a la Polic\u00eda en el condado Lordegan, en la provincia de Chahar Mahal y Bajtiar\u00ed, en el suroeste del pa\u00eds, seg\u00fan Fars. A\u00fan no est\u00e1 claro si las v\u00edctimas eran agentes de las fuerzas del orden o manifestantes. Videos no verificados que circulan en las redes sociales muestran a manifestantes arrojando piedras a polic\u00edas uniformados en la provincia. Fars afirm\u00f3 que los manifestantes arrojaron piedras contra la oficina del gobernador, bancos y otros edificios gubernamentales.<\/p>\n<p>La primera muerte conocida relacionada con las protestas ocurri\u00f3 el mi\u00e9rcoles por la noche, cuando un miembro de la fuerza paramilitar Basij de Ir\u00e1n muri\u00f3 y otros 13 resultaron heridos en la ciudad de Kuhdasht, en la provincia de Lorest\u00e1n, seg\u00fan medios de comunicaci\u00f3n estatales. La agencia de noticias Fars mostr\u00f3 un video de un miembro de la Polic\u00eda recibiendo tratamiento tras haber sido supuestamente incendiado por los manifestantes.<\/p>\n<p>La milicia paramilitar Basij suele ser desplegada por el r\u00e9gimen para reprimir las protestas.<\/p>\n<p>Veinte personas fueron arrestadas durante las protestas, seg\u00fan inform\u00f3 el fiscal de Kuhdasht el jueves, de acuerdo con la agencia de noticias estatal Tasnim.<\/p>\n<p>Comerciantes, vendedores de bazares y estudiantes salieron a las calles en varias ciudades iran\u00edes esta semana, coreando consignas contra el r\u00e9gimen por la situaci\u00f3n econ\u00f3mica, despu\u00e9s de que la moneda alcanzara m\u00ednimos hist\u00f3ricos.<\/p>\n<p>Las protestas fueron las m\u00e1s grandes desde el levantamiento nacional de 2022, provocado por la muerte de Mahsa Amini, de 22 a\u00f1os, bajo custodia policial tras ser arrestada por supuestamente llevar el velo de forma incorrecta.<\/p>\n<p>El Departamento de Estado de Estados Unidos expres\u00f3 su preocupaci\u00f3n en una publicaci\u00f3n en X el mi\u00e9rcoles por los informes de que los manifestantes estaban siendo objeto de \u201cintimidaci\u00f3n, violencia y arrestos\u201d, e inst\u00f3 a las autoridades a poner fin a la represi\u00f3n. \u201cPrimero los bazares. Luego los estudiantes. Ahora todo el pa\u00eds. Los iran\u00edes est\u00e1n unidos. Vidas diferentes, una misma demanda: respeten nuestras voces y nuestros derechos\u201d, declar\u00f3 el Departamento de Estado en una publicaci\u00f3n en su cuenta en farsi en X.<\/p>\n<p>Aunque hasta ahora han sido limitadas, las protestas marcan el \u00faltimo cap\u00edtulo del creciente descontento en Ir\u00e1n, donde la poblaci\u00f3n recupera discretamente los espacios p\u00fablicos y las libertades personales a trav\u00e9s de actos de desaf\u00edo descoordinados.<\/p>\n<p>The-CNN-Wire<br \/>&trade; &amp; &copy; 2026 Cable News Network, Inc., a Warner Bros. Discovery Company. All rights reserved.<\/p>\n","protected":false},"excerpt":{"rendered":"<p>Durante el \u00faltimo d\u00eda, personas que protestaban por el deterioro de las condiciones econ\u00f3micas en Ir\u00e1n salieron a las calles en varias provincias del pa\u00eds, y algunas manifestaciones se tornaron violentas tras enfrentamientos con la Polic\u00eda. Al menos tres personas murieron y otras 17 resultaron heridas el jueves por la noche, cuando los manifestantes asaltaron [&hellip;]<\/p>\n","protected":false},"author":0,"featured_media":0,"comment_status":"open","ping_status":"open","sticky":false,"template":"","format":"standard","meta":{"_jetpack_memberships_contains_paid_content":false,"footnotes":""},"categories":[10],"tags":[],"class_list":["post-1469711","post","type-post","status-publish","format-standard","hentry","category-noticias-nacionales","market-global"],"yoast_head":"<!-- This site is optimized with the Yoast SEO plugin v24.4 - https:\/\/yoast.com\/wordpress\/plugins\/seo\/ -->\n<title>Al menos seis muertos en las protestas en Ir\u00e1n tras los enfrentamientos de manifestantes con la Polic\u00eda en varias provincias - Noticias<\/title>\n<meta name=\"robots\" content=\"index, follow, max-snippet:-1, max-image-preview:large, max-video-preview:-1\" \/>\n<link rel=\"canonical\" href=\"https:\/\/noticiasya.com\/2026\/01\/01\/muertos-protestas-iran-enfrentamientos-policia-trax\/\" \/>\n<meta property=\"og:locale\" content=\"es_ES\" \/>\n<meta property=\"og:type\" content=\"article\" \/>\n<meta property=\"og:title\" content=\"Al menos seis muertos en las protestas en Ir\u00e1n tras los enfrentamientos de manifestantes con la Polic\u00eda en varias provincias - Noticias\" \/>\n<meta property=\"og:description\" content=\"Durante el \u00faltimo d\u00eda, personas que protestaban por el deterioro de las condiciones econ\u00f3micas en Ir\u00e1n salieron a las calles en varias provincias del pa\u00eds, y algunas manifestaciones se tornaron violentas tras enfrentamientos con la Polic\u00eda. Al menos tres personas murieron y otras 17 resultaron heridas el jueves por la noche, cuando los manifestantes asaltaron [&hellip;]\" \/>\n<meta property=\"og:url\" content=\"https:\/\/noticiasya.com\/2026\/01\/01\/muertos-protestas-iran-enfrentamientos-policia-trax\/\" \/>\n<meta property=\"og:site_name\" content=\"Noticias\" \/>\n<meta property=\"article:published_time\" content=\"2026-01-01T20:03:51+00:00\" \/>\n<meta name=\"twitter:card\" content=\"summary_large_image\" \/>\n<meta name=\"twitter:label1\" content=\"Est. reading time\" \/>\n\t<meta name=\"twitter:data1\" content=\"3 minutos\" \/>\n<script type=\"application\/ld+json\" class=\"yoast-schema-graph\">{\"@context\":\"https:\/\/schema.org\",\"@graph\":[{\"@type\":\"Article\",\"@id\":\"https:\/\/noticiasya.com\/2026\/01\/01\/muertos-protestas-iran-enfrentamientos-policia-trax\/#article\",\"isPartOf\":{\"@id\":\"https:\/\/noticiasya.com\/2026\/01\/01\/muertos-protestas-iran-enfrentamientos-policia-trax\/\"},\"author\":{\"name\":\"\",\"@id\":\"\"},\"headline\":\"Al menos seis muertos en las protestas en Ir\u00e1n tras los enfrentamientos de manifestantes con la Polic\u00eda en varias provincias\",\"datePublished\":\"2026-01-01T20:03:51+00:00\",\"mainEntityOfPage\":{\"@id\":\"https:\/\/noticiasya.com\/2026\/01\/01\/muertos-protestas-iran-enfrentamientos-policia-trax\/\"},\"wordCount\":602,\"commentCount\":0,\"publisher\":{\"@id\":\"https:\/\/noticiasya.com\/#organization\"},\"articleSection\":[\"Noticias Nacionales\"],\"inLanguage\":\"es\",\"potentialAction\":[{\"@type\":\"CommentAction\",\"name\":\"Comment\",\"target\":[\"https:\/\/noticiasya.com\/2026\/01\/01\/muertos-protestas-iran-enfrentamientos-policia-trax\/#respond\"]}]},{\"@type\":\"WebPage\",\"@id\":\"https:\/\/noticiasya.com\/2026\/01\/01\/muertos-protestas-iran-enfrentamientos-policia-trax\/\",\"url\":\"https:\/\/noticiasya.com\/2026\/01\/01\/muertos-protestas-iran-enfrentamientos-policia-trax\/\",\"name\":\"Al menos seis muertos en las protestas en Ir\u00e1n tras los enfrentamientos de manifestantes con la Polic\u00eda en varias provincias - Noticias\",\"isPartOf\":{\"@id\":\"https:\/\/noticiasya.com\/#website\"},\"datePublished\":\"2026-01-01T20:03:51+00:00\",\"breadcrumb\":{\"@id\":\"https:\/\/noticiasya.com\/2026\/01\/01\/muertos-protestas-iran-enfrentamientos-policia-trax\/#breadcrumb\"},\"inLanguage\":\"es\",\"potentialAction\":[{\"@type\":\"ReadAction\",\"target\":[\"https:\/\/noticiasya.com\/2026\/01\/01\/muertos-protestas-iran-enfrentamientos-policia-trax\/\"]}]},{\"@type\":\"BreadcrumbList\",\"@id\":\"https:\/\/noticiasya.com\/2026\/01\/01\/muertos-protestas-iran-enfrentamientos-policia-trax\/#breadcrumb\",\"itemListElement\":[{\"@type\":\"ListItem\",\"position\":1,\"name\":\"Home\",\"item\":\"https:\/\/noticiasya.com\/\"},{\"@type\":\"ListItem\",\"position\":2,\"name\":\"Al menos seis muertos en las protestas en Ir\u00e1n tras los enfrentamientos de manifestantes con la Polic\u00eda en varias provincias\"}]},{\"@type\":\"WebSite\",\"@id\":\"https:\/\/noticiasya.com\/#website\",\"url\":\"https:\/\/noticiasya.com\/\",\"name\":\"Noticias\",\"description\":\"Lo que importa\",\"publisher\":{\"@id\":\"https:\/\/noticiasya.com\/#organization\"},\"potentialAction\":[{\"@type\":\"SearchAction\",\"target\":{\"@type\":\"EntryPoint\",\"urlTemplate\":\"https:\/\/noticiasya.com\/?s={search_term_string}\"},\"query-input\":{\"@type\":\"PropertyValueSpecification\",\"valueRequired\":true,\"valueName\":\"search_term_string\"}}],\"inLanguage\":\"es\"},{\"@type\":\"Organization\",\"@id\":\"https:\/\/noticiasya.com\/#organization\",\"name\":\"Noticias\",\"url\":\"https:\/\/noticiasya.com\/\",\"logo\":{\"@type\":\"ImageObject\",\"inLanguage\":\"es\",\"@id\":\"https:\/\/noticiasya.com\/#\/schema\/logo\/image\/\",\"url\":\"https:\/\/noticiasya.com\/wp-content\/uploads\/sites\/22\/2023\/12\/logo-nacional.png\",\"contentUrl\":\"https:\/\/noticiasya.com\/wp-content\/uploads\/sites\/22\/2023\/12\/logo-nacional.png\",\"width\":1801,\"height\":691,\"caption\":\"Noticias\"},\"image\":{\"@id\":\"https:\/\/noticiasya.com\/#\/schema\/logo\/image\/\"}}]}<\/script>\n<!-- \/ Yoast SEO plugin. -->","yoast_head_json":{"title":"Al menos seis muertos en las protestas en Ir\u00e1n tras los enfrentamientos de manifestantes con la Polic\u00eda en varias provincias - Noticias","robots":{"index":"index","follow":"follow","max-snippet":"max-snippet:-1","max-image-preview":"max-image-preview:large","max-video-preview":"max-video-preview:-1"},"canonical":"https:\/\/noticiasya.com\/2026\/01\/01\/muertos-protestas-iran-enfrentamientos-policia-trax\/","og_locale":"es_ES","og_type":"article","og_title":"Al menos seis muertos en las protestas en Ir\u00e1n tras los enfrentamientos de manifestantes con la Polic\u00eda en varias provincias - Noticias","og_description":"Durante el \u00faltimo d\u00eda, personas que protestaban por el deterioro de las condiciones econ\u00f3micas en Ir\u00e1n salieron a las calles en varias provincias del pa\u00eds, y algunas manifestaciones se tornaron violentas tras enfrentamientos con la Polic\u00eda. Al menos tres personas murieron y otras 17 resultaron heridas el jueves por la noche, cuando los manifestantes asaltaron [&hellip;]","og_url":"https:\/\/noticiasya.com\/2026\/01\/01\/muertos-protestas-iran-enfrentamientos-policia-trax\/","og_site_name":"Noticias","article_published_time":"2026-01-01T20:03:51+00:00","twitter_card":"summary_large_image","twitter_misc":{"Est. reading time":"3 minutos"},"schema":{"@context":"https:\/\/schema.org","@graph":[{"@type":"Article","@id":"https:\/\/noticiasya.com\/2026\/01\/01\/muertos-protestas-iran-enfrentamientos-policia-trax\/#article","isPartOf":{"@id":"https:\/\/noticiasya.com\/2026\/01\/01\/muertos-protestas-iran-enfrentamientos-policia-trax\/"},"author":{"name":"","@id":""},"headline":"Al menos seis muertos en las protestas en Ir\u00e1n tras los enfrentamientos de manifestantes con la Polic\u00eda en varias provincias","datePublished":"2026-01-01T20:03:51+00:00","mainEntityOfPage":{"@id":"https:\/\/noticiasya.com\/2026\/01\/01\/muertos-protestas-iran-enfrentamientos-policia-trax\/"},"wordCount":602,"commentCount":0,"publisher":{"@id":"https:\/\/noticiasya.com\/#organization"},"articleSection":["Noticias Nacionales"],"inLanguage":"es","potentialAction":[{"@type":"CommentAction","name":"Comment","target":["https:\/\/noticiasya.com\/2026\/01\/01\/muertos-protestas-iran-enfrentamientos-policia-trax\/#respond"]}]},{"@type":"WebPage","@id":"https:\/\/noticiasya.com\/2026\/01\/01\/muertos-protestas-iran-enfrentamientos-policia-trax\/","url":"https:\/\/noticiasya.com\/2026\/01\/01\/muertos-protestas-iran-enfrentamientos-policia-trax\/","name":"Al menos seis muertos en las protestas en Ir\u00e1n tras los enfrentamientos de manifestantes con la Polic\u00eda en varias provincias - Noticias","isPartOf":{"@id":"https:\/\/noticiasya.com\/#website"},"datePublished":"2026-01-01T20:03:51+00:00","breadcrumb":{"@id":"https:\/\/noticiasya.com\/2026\/01\/01\/muertos-protestas-iran-enfrentamientos-policia-trax\/#breadcrumb"},"inLanguage":"es","potentialAction":[{"@type":"ReadAction","target":["https:\/\/noticiasya.com\/2026\/01\/01\/muertos-protestas-iran-enfrentamientos-policia-trax\/"]}]},{"@type":"BreadcrumbList","@id":"https:\/\/noticiasya.com\/2026\/01\/01\/muertos-protestas-iran-enfrentamientos-policia-trax\/#breadcrumb","itemListElement":[{"@type":"ListItem","position":1,"name":"Home","item":"https:\/\/noticiasya.com\/"},{"@type":"ListItem","position":2,"name":"Al menos seis muertos en las protestas en Ir\u00e1n tras los enfrentamientos de manifestantes con la Polic\u00eda en varias provincias"}]},{"@type":"WebSite","@id":"https:\/\/noticiasya.com\/#website","url":"https:\/\/noticiasya.com\/","name":"Noticias","description":"Lo que importa","publisher":{"@id":"https:\/\/noticiasya.com\/#organization"},"potentialAction":[{"@type":"SearchAction","target":{"@type":"EntryPoint","urlTemplate":"https:\/\/noticiasya.com\/?s={search_term_string}"},"query-input":{"@type":"PropertyValueSpecification","valueRequired":true,"valueName":"search_term_string"}}],"inLanguage":"es"},{"@type":"Organization","@id":"https:\/\/noticiasya.com\/#organization","name":"Noticias","url":"https:\/\/noticiasya.com\/","logo":{"@type":"ImageObject","inLanguage":"es","@id":"https:\/\/noticiasya.com\/#\/schema\/logo\/image\/","url":"https:\/\/noticiasya.com\/wp-content\/uploads\/sites\/22\/2023\/12\/logo-nacional.png","contentUrl":"https:\/\/noticiasya.com\/wp-content\/uploads\/sites\/22\/2023\/12\/logo-nacional.png","width":1801,"height":691,"caption":"Noticias"},"image":{"@id":"https:\/\/noticiasya.com\/#\/schema\/logo\/image\/"}}]}},"parsely":{"version":"1.1.0","canonical_url":"https:\/\/noticiasya.com\/el-paso\/2026\/01\/01\/muertos-protestas-iran-enfrentamientos-policia-trax\/","smart_links":{"inbound":0,"outbound":0},"traffic_boost_suggestions_count":0,"meta":{"@context":"https:\/\/schema.org","@type":"NewsArticle","headline":"Al menos seis muertos en las protestas en Ir\u00e1n tras los enfrentamientos de manifestantes con la Polic\u00eda en varias provincias","url":"http:\/\/noticiasya.com\/el-paso\/2026\/01\/01\/muertos-protestas-iran-enfrentamientos-policia-trax\/","mainEntityOfPage":{"@type":"WebPage","@id":"http:\/\/noticiasya.com\/el-paso\/2026\/01\/01\/muertos-protestas-iran-enfrentamientos-policia-trax\/"},"thumbnailUrl":"","image":{"@type":"ImageObject","url":""},"articleSection":"Noticias Nacionales","author":[],"creator":[],"publisher":{"@type":"Organization","name":"Noticias","logo":""},"keywords":[],"dateCreated":"2026-01-01T20:03:51Z","datePublished":"2026-01-01T20:03:51Z","dateModified":"2026-01-01T20:03:51Z"},"rendered":"<script type=\"application\/ld+json\" class=\"wp-parsely-metadata\">{\"@context\":\"https:\\\/\\\/schema.org\",\"@type\":\"NewsArticle\",\"headline\":\"Al menos seis muertos en las protestas en Ir\\u00e1n tras los enfrentamientos de manifestantes con la Polic\\u00eda en varias provincias\",\"url\":\"http:\\\/\\\/noticiasya.com\\\/el-paso\\\/2026\\\/01\\\/01\\\/muertos-protestas-iran-enfrentamientos-policia-trax\\\/\",\"mainEntityOfPage\":{\"@type\":\"WebPage\",\"@id\":\"http:\\\/\\\/noticiasya.com\\\/el-paso\\\/2026\\\/01\\\/01\\\/muertos-protestas-iran-enfrentamientos-policia-trax\\\/\"},\"thumbnailUrl\":\"\",\"image\":{\"@type\":\"ImageObject\",\"url\":\"\"},\"articleSection\":\"Noticias Nacionales\",\"author\":[],\"creator\":[],\"publisher\":{\"@type\":\"Organization\",\"name\":\"Noticias\",\"logo\":\"\"},\"keywords\":[],\"dateCreated\":\"2026-01-01T20:03:51Z\",\"datePublished\":\"2026-01-01T20:03:51Z\",\"dateModified\":\"2026-01-01T20:03:51Z\"}<\/script>","tracker_url":"https:\/\/cdn.parsely.com\/keys\/noticiasya.com\/p.js"},"jetpack_featured_media_url":"","jetpack-related-posts":[{"id":1469730,"url":"https:\/\/noticiasya.com\/el-paso\/2026\/01\/02\/trump-amenaza-iran-tras-la-muerte-de-manifestantes-trax\/","url_meta":{"origin":1469711,"position":0},"title":"Trump amenaza a Ir\u00e1n tras la muerte de manifestantes en las protestas","author":"","date":"enero 2, 2026","format":false,"excerpt":"Los l\u00edderes iran\u00edes arremetieron el viernes contra el presidente de Estados Unidos, Donald Trump, tras su amenaza de intervenir en medio de las protestas mortales, y los funcionarios iran\u00edes advirtieron que las tropas estadounidenses en la regi\u00f3n podr\u00edan ser blanco de ataques si Washington interfiere.\u201cSi Ir\u00e1n dispara y mata violentamente\u2026","rel":"","context":"In &quot;Noticias Nacionales&quot;","block_context":{"text":"Noticias Nacionales","link":"https:\/\/noticiasya.com\/el-paso\/categoria\/noticias-nacionales"},"img":{"alt_text":"","src":"","width":0,"height":0},"classes":[]},{"id":1468829,"url":"https:\/\/noticiasya.com\/el-paso\/2025\/11\/29\/arrestan-manifestantes-agentes-manhattan-trax\/","url_meta":{"origin":1469711,"position":1},"title":"Arrestan a varios manifestantes que bloquearon a agentes federales en un garaje de Manhattan","author":"","date":"noviembre 29, 2025","format":false,"excerpt":"M\u00e1s de una decena de manifestantes fueron arrestados en el sur de Manhattan este s\u00e1bado tras impedir que agentes federales realizaran actividades de inmigraci\u00f3n y control, seg\u00fan un funcionario de las fuerzas del orden.El grupo de manifestantes coreaba \u201cICE fuera de Nueva York\u201d en im\u00e1genes que los mostraban formando una\u2026","rel":"","context":"In &quot;Noticias Nacionales&quot;","block_context":{"text":"Noticias Nacionales","link":"https:\/\/noticiasya.com\/el-paso\/categoria\/noticias-nacionales"},"img":{"alt_text":"","src":"","width":0,"height":0},"classes":[]},{"id":1469933,"url":"https:\/\/noticiasya.com\/el-paso\/2026\/01\/09\/protestas-iran-viernes-jamein-internet-trax\/","url_meta":{"origin":1469711,"position":2},"title":"Estallan m\u00e1s protestas en Ir\u00e1n y el ayatola Al\u00ed Jamenei afirma que el r\u00e9gimen &#171;no se detendr\u00e1&#187;","author":"","date":"enero 9, 2026","format":false,"excerpt":"El viernes estallaron nuevas protestas contra el Gobierno en Ir\u00e1n, donde las autoridades cortaron el jueves el acceso a internet y las l\u00edneas telef\u00f3nicas en Teher\u00e1n y otras ciudades tras grandes manifestaciones.Las protestas comenzaron hace casi dos semanas debido a las dif\u00edciles condiciones econ\u00f3micas y desde entonces han muerto al\u2026","rel":"","context":"In &quot;Noticias Nacionales&quot;","block_context":{"text":"Noticias Nacionales","link":"https:\/\/noticiasya.com\/el-paso\/categoria\/noticias-nacionales"},"img":{"alt_text":"","src":"","width":0,"height":0},"classes":[]},{"id":1469968,"url":"https:\/\/noticiasya.com\/el-paso\/2026\/01\/10\/manifestantes-teheran-cuerpos-represion-trax\/","url_meta":{"origin":1469711,"position":3},"title":"Manifestantes en Teher\u00e1n dicen haber visto &#171;cuerpos apilados&#187; en hospitales tras la represi\u00f3n de las autoridades","author":"","date":"enero 10, 2026","format":false,"excerpt":"Varias personas que protestaron en Ir\u00e1n en los \u00faltimos d\u00edas hablaron con CNN sobre haber visto enormes multitudes y violencia brutal en las calles de Teher\u00e1n. Una mujer dijo que vio \u201ccuerpos apilados\u201d en un hospital.Una mujer de unos 60 a\u00f1os y un hombre de 70 a\u00f1os describieron haber visto\u2026","rel":"","context":"In &quot;Noticias Nacionales&quot;","block_context":{"text":"Noticias Nacionales","link":"https:\/\/noticiasya.com\/el-paso\/categoria\/noticias-nacionales"},"img":{"alt_text":"","src":"","width":0,"height":0},"classes":[]},{"id":1470196,"url":"https:\/\/noticiasya.com\/el-paso\/2026\/01\/17\/iran-sangre-calles-brutal-represion-manifestantes-trax\/","url_meta":{"origin":1469711,"position":4},"title":"&#171;Sangre en las calles&#187;: un iran\u00ed que huy\u00f3 de Karaj relata la brutal represi\u00f3n contra los manifestantes","author":"","date":"enero 17, 2026","format":false,"excerpt":"Farzat nunca tuvo la intenci\u00f3n de ser taxista.Mientras estudiaba derecho en Teher\u00e1n, incursion\u00f3 en la pol\u00edtica. Fue entonces cuando comenzaron sus problemas, cont\u00f3 a CNN.Dijo que fue arrestado y encarcelado cuatro veces en los \u00faltimos nueve a\u00f1os, y que recientemente enfrentaba un cargo de \u201ccontacto con un estado hostil\u201d. Neg\u00f3\u2026","rel":"","context":"In &quot;Noticias Nacionales&quot;","block_context":{"text":"Noticias Nacionales","link":"https:\/\/noticiasya.com\/el-paso\/categoria\/noticias-nacionales"},"img":{"alt_text":"","src":"","width":0,"height":0},"classes":[]},{"id":1472667,"url":"https:\/\/noticiasya.com\/el-paso\/2026\/03\/29\/arrestan-75-personas-los-angeles-protesta-no-kings-trax\/","url_meta":{"origin":1469711,"position":5},"title":"Arrestan a 75 personas en Los \u00c1ngeles tras protesta &#171;No Kings&#187;","author":"","date":"marzo 29, 2026","format":false,"excerpt":"Un total de 75 personas fueron arrestadas en Los \u00c1ngeles despu\u00e9s de que la polic\u00eda emitiera una orden de dispersi\u00f3n tras una protesta \u201cNo Kings\u201d en la ciudad el s\u00e1bado, dijo a CNN un portavoz del Departamento de Polic\u00eda de Los \u00c1ngeles (LAPD, por sus siglas en ingl\u00e9s).La polic\u00eda detall\u00f3\u2026","rel":"","context":"In &quot;Noticias Nacionales&quot;","block_context":{"text":"Noticias Nacionales","link":"https:\/\/noticiasya.com\/el-paso\/categoria\/noticias-nacionales"},"img":{"alt_text":"","src":"","width":0,"height":0},"classes":[]}],"jetpack_sharing_enabled":true,"_links":{"self":[{"href":"https:\/\/noticiasya.com\/el-paso\/wp-json\/wp\/v2\/posts\/1469711","targetHints":{"allow":["GET"]}}],"collection":[{"href":"https:\/\/noticiasya.com\/el-paso\/wp-json\/wp\/v2\/posts"}],"about":[{"href":"https:\/\/noticiasya.com\/el-paso\/wp-json\/wp\/v2\/types\/post"}],"replies":[{"embeddable":true,"href":"https:\/\/noticiasya.com\/el-paso\/wp-json\/wp\/v2\/comments?post=1469711"}],"version-history":[{"count":0,"href":"https:\/\/noticiasya.com\/el-paso\/wp-json\/wp\/v2\/posts\/1469711\/revisions"}],"wp:attachment":[{"href":"https:\/\/noticiasya.com\/el-paso\/wp-json\/wp\/v2\/media?parent=1469711"}],"wp:term":[{"taxonomy":"category","embeddable":true,"href":"https:\/\/noticiasya.com\/el-paso\/wp-json\/wp\/v2\/categories?post=1469711"},{"taxonomy":"post_tag","embeddable":true,"href":"https:\/\/noticiasya.com\/el-paso\/wp-json\/wp\/v2\/tags?post=1469711"}],"curies":[{"name":"wp","href":"https:\/\/api.w.org\/{rel}","templated":true}]}}