{"id":1469713,"date":"2026-01-01T14:03:51","date_gmt":"2026-01-01T22:03:51","guid":{"rendered":"https:\/\/noticiasya.com\/2026\/01\/01\/excarcelacion-personas-detenidas-tocoron-orix\/"},"modified":"2026-01-01T14:03:51","modified_gmt":"2026-01-01T22:03:51","slug":"excarcelacion-personas-detenidas-tocoron-orix","status":"publish","type":"post","link":"https:\/\/noticiasya.com\/el-paso\/2026\/01\/01\/excarcelacion-personas-detenidas-tocoron-orix\/","title":{"rendered":"Gobierno de Venezuela anuncia excarcelaci\u00f3n de 88 personas detenidas durante las protestas de 2024"},"content":{"rendered":"<p>El Gobierno de Venezuela anunci\u00f3 este jueves la excarcelaci\u00f3n de 88 personas detenidas en medio de la crisis poselectoral tras la votaci\u00f3n presidencial de 2024, apenas una semana despu\u00e9s de la liberaci\u00f3n de otras 99 personas en Navidad.<\/p>\n<p>El Ministerio del Poder Popular para el Servicio Penitenciario dijo en <a href=\"https:\/\/www.instagram.com\/p\/DS-vyoFj0Dn\/?igsh=MWE3OXBtYW5oZzI1dg%3D%3D\">redes sociales <\/a>que \u201cestas acciones se enmarcan en el proceso de revisi\u00f3n integral de causas instruido por el presidente Nicol\u00e1s Maduro\u201d, y resalt\u00f3 que las personas fueron detenidas inicialmente por \u201cdelitos cometidos en el marco de aciones violentas de sectores extremistas tras el proceso electoral del 28 de julio de 2024\u201d.<\/p>\n<p>CNN contact\u00f3 a las autoridades de Venezuela para solicitar detalles y est\u00e1 a la espera de una respuesta.<\/p>\n<p>El Comit\u00e9 de Madres en Defensa de la Verdad hab\u00eda reportado m\u00e1s temprano este jueves la excarcelaci\u00f3n de 87 personas. El colectivo dijo en un <a href=\"https:\/\/www.facebook.com\/madres.luchadoras.2025\/posts\/pfbid0Mydx1rHDd6yUxMuyZsmXxECdD99HPwgstFQjChRp159DSfhWCnUzM84iyKeJTfM4l\">comunicado<\/a> que el proceso se realiz\u00f3 de madrugada en la c\u00e1rcel de Tocor\u00f3n, en el estado Aragua, en el norte del pa\u00eds.<\/p>\n<p>\u201cEl que se hayan retomado las excarcelaciones es producto de la lucha de centenas de madres y familiares que se han movilizado, durante m\u00e1s de un a\u00f1o, para exigir justicia\u201d, afirm\u00f3 la nota del Comit\u00e9, que consider\u00f3 la medida \u201cinsuficiente\u201d.<\/p>\n<p>La cifra de 87 excarcelaciones, una persona menos que lo anunciado por el Gobierno, tambi\u00e9n fue <a href=\"https:\/\/x.com\/clippve\/status\/2006756624912785720\">reportada<\/a> por el Comit\u00e9 Por la Libertad de Presos Pol\u00edticos, que confirm\u00f3 29 casos, mientras que la organizaci\u00f3n de derechos humanos Justicia, Encuentro y Perd\u00f3n <a href=\"https:\/\/x.com\/JEPvzla\/status\/2006756771717685697\">report\u00f3<\/a> que hasta el momento ha \u201cverificado la excarcelaci\u00f3n\u201d de 33 personas.<\/p>\n<p>Por su parte, la ONG Observatorio Venezolano de Prisiones <a href=\"https:\/\/x.com\/oveprisiones\/status\/2006729264859664408\">dijo<\/a> que los familiares recibieron el anuncio a las 3 a.m. (hora local) y que la mayor\u00eda de excarcelados tiene un r\u00e9gimen de presentaci\u00f3n cada 30 d\u00edas. \u201cLa persecuci\u00f3n judicial no cesa, el Estado solo cambia la modalidad de la restricci\u00f3n de libertad\u201d, apunt\u00f3 la organizaci\u00f3n.<\/p>\n<p>Alfredo Romero, director de la organizaci\u00f3n Foro Penal, dijo en su <a href=\"https:\/\/x.com\/alfredoromero\/status\/2006741623481446847\">cuenta de X <\/a>que estaban verificando el n\u00famero de excarcelaciones, pero que entre los<a href=\"https:\/\/www.cnn.com\/2025\/10\/23\/americas\/venezuelans-economic-fears-us-military-action-latam-intl\"> liberados figurar\u00eda Jonathan Torres, detenido en 2024.<\/a><\/p>\n<p>CNN contact\u00f3 a Foro Penal para obtener m\u00e1s informaci\u00f3n sobre las excarcelaciones.<\/p>\n<p>La semana pasada, en Navidad, el Gobierno <a href=\"https:\/\/cnnespanol.cnn.com\/2025\/12\/25\/venezuela\/reportan-excarcelacion-detenidos-orix\">excarcel\u00f3<\/a> a decenas de personas que estaban detenidas por motivos pol\u00edticos. El Ministerio para el Servicio Penitenciario dijo que fueron 99, mientras que el Comit\u00e9 report\u00f3 71 y la Foro Penal dijo que hab\u00eda verificado 61.<\/p>\n<p>Fue la excarcelaci\u00f3n m\u00e1s grande de 2025, aunque seg\u00fan activistas todav\u00eda hay cientos de personas detenidas por motivos pol\u00edticos. Con corte al 29 de diciembre, Foro Penal <a href=\"https:\/\/foropenal.com\/\">contabilizaba<\/a> 863 personas en esa situaci\u00f3n, incluyendo a quienes fueron detenidos en 2024 y en a\u00f1os anteriores.<\/p>\n<p>Por su parte, el Gobierno de Venezuela niega que haya presos pol\u00edticos en el pa\u00eds, y <a href=\"https:\/\/www.instagram.com\/p\/DS-vyoFj0Dn\/?igsh=MWE3OXBtYW5oZzI1dg%3D%3D\">asegura <\/a>que \u201cgarantiza un trato digno\u201d a las personas privadas de libertad.<\/p>\n<p>La Fiscal\u00eda de Venezuela reconoci\u00f3 entre finales de 2024 e inicios de 2025 la excarcelaci\u00f3n de cientos de las m\u00e1s de 2.000 personas que fueron detenidas en el marco de las protestas postelectorales y que seg\u00fan las autoridades habr\u00edan cometido diversos actos contra el pa\u00eds. Posteriormente, el presidente Nicol\u00e1s Maduro pidi\u00f3 revisar algunos casos por posibles \u201cerrores de procedimiento\u201d, lo que deriv\u00f3 en unas 1.500 excarcelaciones, seg\u00fan la Fiscal\u00eda.<\/p>\n<p>The-CNN-Wire<br \/>&trade; &amp; &copy; 2026 Cable News Network, Inc., a Warner Bros. Discovery Company. All rights reserved.<\/p>\n","protected":false},"excerpt":{"rendered":"<p>El Gobierno de Venezuela anunci\u00f3 este jueves la excarcelaci\u00f3n de 88 personas detenidas en medio de la crisis poselectoral tras la votaci\u00f3n presidencial de 2024, apenas una semana despu\u00e9s de la liberaci\u00f3n de otras 99 personas en Navidad. El Ministerio del Poder Popular para el Servicio Penitenciario dijo en redes sociales que \u201cestas acciones se [&hellip;]<\/p>\n","protected":false},"author":0,"featured_media":0,"comment_status":"open","ping_status":"open","sticky":false,"template":"","format":"standard","meta":{"_jetpack_memberships_contains_paid_content":false,"footnotes":""},"categories":[10],"tags":[],"class_list":["post-1469713","post","type-post","status-publish","format-standard","hentry","category-noticias-nacionales","market-global"],"yoast_head":"<!-- This site is optimized with the Yoast SEO plugin v24.4 - https:\/\/yoast.com\/wordpress\/plugins\/seo\/ -->\n<title>Gobierno de Venezuela anuncia excarcelaci\u00f3n de 88 personas detenidas durante las protestas de 2024 - Noticias<\/title>\n<meta name=\"robots\" content=\"index, follow, max-snippet:-1, max-image-preview:large, max-video-preview:-1\" \/>\n<link rel=\"canonical\" href=\"https:\/\/noticiasya.com\/2026\/01\/01\/excarcelacion-personas-detenidas-tocoron-orix\/\" \/>\n<meta property=\"og:locale\" content=\"es_ES\" \/>\n<meta property=\"og:type\" content=\"article\" \/>\n<meta property=\"og:title\" content=\"Gobierno de Venezuela anuncia excarcelaci\u00f3n de 88 personas detenidas durante las protestas de 2024 - Noticias\" \/>\n<meta property=\"og:description\" content=\"El Gobierno de Venezuela anunci\u00f3 este jueves la excarcelaci\u00f3n de 88 personas detenidas en medio de la crisis poselectoral tras la votaci\u00f3n presidencial de 2024, apenas una semana despu\u00e9s de la liberaci\u00f3n de otras 99 personas en Navidad. El Ministerio del Poder Popular para el Servicio Penitenciario dijo en redes sociales que \u201cestas acciones se [&hellip;]\" \/>\n<meta property=\"og:url\" content=\"https:\/\/noticiasya.com\/2026\/01\/01\/excarcelacion-personas-detenidas-tocoron-orix\/\" \/>\n<meta property=\"og:site_name\" content=\"Noticias\" \/>\n<meta property=\"article:published_time\" content=\"2026-01-01T22:03:51+00:00\" \/>\n<meta name=\"twitter:card\" content=\"summary_large_image\" \/>\n<meta name=\"twitter:label1\" content=\"Est. reading time\" \/>\n\t<meta name=\"twitter:data1\" content=\"3 minutos\" \/>\n<script type=\"application\/ld+json\" class=\"yoast-schema-graph\">{\"@context\":\"https:\/\/schema.org\",\"@graph\":[{\"@type\":\"Article\",\"@id\":\"https:\/\/noticiasya.com\/2026\/01\/01\/excarcelacion-personas-detenidas-tocoron-orix\/#article\",\"isPartOf\":{\"@id\":\"https:\/\/noticiasya.com\/2026\/01\/01\/excarcelacion-personas-detenidas-tocoron-orix\/\"},\"author\":{\"name\":\"\",\"@id\":\"\"},\"headline\":\"Gobierno de Venezuela anuncia excarcelaci\u00f3n de 88 personas detenidas durante las protestas de 2024\",\"datePublished\":\"2026-01-01T22:03:51+00:00\",\"mainEntityOfPage\":{\"@id\":\"https:\/\/noticiasya.com\/2026\/01\/01\/excarcelacion-personas-detenidas-tocoron-orix\/\"},\"wordCount\":599,\"commentCount\":0,\"publisher\":{\"@id\":\"https:\/\/noticiasya.com\/#organization\"},\"articleSection\":[\"Noticias Nacionales\"],\"inLanguage\":\"es\",\"potentialAction\":[{\"@type\":\"CommentAction\",\"name\":\"Comment\",\"target\":[\"https:\/\/noticiasya.com\/2026\/01\/01\/excarcelacion-personas-detenidas-tocoron-orix\/#respond\"]}]},{\"@type\":\"WebPage\",\"@id\":\"https:\/\/noticiasya.com\/2026\/01\/01\/excarcelacion-personas-detenidas-tocoron-orix\/\",\"url\":\"https:\/\/noticiasya.com\/2026\/01\/01\/excarcelacion-personas-detenidas-tocoron-orix\/\",\"name\":\"Gobierno de Venezuela anuncia excarcelaci\u00f3n de 88 personas detenidas durante las protestas de 2024 - Noticias\",\"isPartOf\":{\"@id\":\"https:\/\/noticiasya.com\/#website\"},\"datePublished\":\"2026-01-01T22:03:51+00:00\",\"breadcrumb\":{\"@id\":\"https:\/\/noticiasya.com\/2026\/01\/01\/excarcelacion-personas-detenidas-tocoron-orix\/#breadcrumb\"},\"inLanguage\":\"es\",\"potentialAction\":[{\"@type\":\"ReadAction\",\"target\":[\"https:\/\/noticiasya.com\/2026\/01\/01\/excarcelacion-personas-detenidas-tocoron-orix\/\"]}]},{\"@type\":\"BreadcrumbList\",\"@id\":\"https:\/\/noticiasya.com\/2026\/01\/01\/excarcelacion-personas-detenidas-tocoron-orix\/#breadcrumb\",\"itemListElement\":[{\"@type\":\"ListItem\",\"position\":1,\"name\":\"Home\",\"item\":\"https:\/\/noticiasya.com\/\"},{\"@type\":\"ListItem\",\"position\":2,\"name\":\"Gobierno de Venezuela anuncia excarcelaci\u00f3n de 88 personas detenidas durante las protestas de 2024\"}]},{\"@type\":\"WebSite\",\"@id\":\"https:\/\/noticiasya.com\/#website\",\"url\":\"https:\/\/noticiasya.com\/\",\"name\":\"Noticias\",\"description\":\"Lo que importa\",\"publisher\":{\"@id\":\"https:\/\/noticiasya.com\/#organization\"},\"potentialAction\":[{\"@type\":\"SearchAction\",\"target\":{\"@type\":\"EntryPoint\",\"urlTemplate\":\"https:\/\/noticiasya.com\/?s={search_term_string}\"},\"query-input\":{\"@type\":\"PropertyValueSpecification\",\"valueRequired\":true,\"valueName\":\"search_term_string\"}}],\"inLanguage\":\"es\"},{\"@type\":\"Organization\",\"@id\":\"https:\/\/noticiasya.com\/#organization\",\"name\":\"Noticias\",\"url\":\"https:\/\/noticiasya.com\/\",\"logo\":{\"@type\":\"ImageObject\",\"inLanguage\":\"es\",\"@id\":\"https:\/\/noticiasya.com\/#\/schema\/logo\/image\/\",\"url\":\"https:\/\/noticiasya.com\/wp-content\/uploads\/sites\/22\/2023\/12\/logo-nacional.png\",\"contentUrl\":\"https:\/\/noticiasya.com\/wp-content\/uploads\/sites\/22\/2023\/12\/logo-nacional.png\",\"width\":1801,\"height\":691,\"caption\":\"Noticias\"},\"image\":{\"@id\":\"https:\/\/noticiasya.com\/#\/schema\/logo\/image\/\"}}]}<\/script>\n<!-- \/ Yoast SEO plugin. -->","yoast_head_json":{"title":"Gobierno de Venezuela anuncia excarcelaci\u00f3n de 88 personas detenidas durante las protestas de 2024 - Noticias","robots":{"index":"index","follow":"follow","max-snippet":"max-snippet:-1","max-image-preview":"max-image-preview:large","max-video-preview":"max-video-preview:-1"},"canonical":"https:\/\/noticiasya.com\/2026\/01\/01\/excarcelacion-personas-detenidas-tocoron-orix\/","og_locale":"es_ES","og_type":"article","og_title":"Gobierno de Venezuela anuncia excarcelaci\u00f3n de 88 personas detenidas durante las protestas de 2024 - Noticias","og_description":"El Gobierno de Venezuela anunci\u00f3 este jueves la excarcelaci\u00f3n de 88 personas detenidas en medio de la crisis poselectoral tras la votaci\u00f3n presidencial de 2024, apenas una semana despu\u00e9s de la liberaci\u00f3n de otras 99 personas en Navidad. El Ministerio del Poder Popular para el Servicio Penitenciario dijo en redes sociales que \u201cestas acciones se [&hellip;]","og_url":"https:\/\/noticiasya.com\/2026\/01\/01\/excarcelacion-personas-detenidas-tocoron-orix\/","og_site_name":"Noticias","article_published_time":"2026-01-01T22:03:51+00:00","twitter_card":"summary_large_image","twitter_misc":{"Est. reading time":"3 minutos"},"schema":{"@context":"https:\/\/schema.org","@graph":[{"@type":"Article","@id":"https:\/\/noticiasya.com\/2026\/01\/01\/excarcelacion-personas-detenidas-tocoron-orix\/#article","isPartOf":{"@id":"https:\/\/noticiasya.com\/2026\/01\/01\/excarcelacion-personas-detenidas-tocoron-orix\/"},"author":{"name":"","@id":""},"headline":"Gobierno de Venezuela anuncia excarcelaci\u00f3n de 88 personas detenidas durante las protestas de 2024","datePublished":"2026-01-01T22:03:51+00:00","mainEntityOfPage":{"@id":"https:\/\/noticiasya.com\/2026\/01\/01\/excarcelacion-personas-detenidas-tocoron-orix\/"},"wordCount":599,"commentCount":0,"publisher":{"@id":"https:\/\/noticiasya.com\/#organization"},"articleSection":["Noticias Nacionales"],"inLanguage":"es","potentialAction":[{"@type":"CommentAction","name":"Comment","target":["https:\/\/noticiasya.com\/2026\/01\/01\/excarcelacion-personas-detenidas-tocoron-orix\/#respond"]}]},{"@type":"WebPage","@id":"https:\/\/noticiasya.com\/2026\/01\/01\/excarcelacion-personas-detenidas-tocoron-orix\/","url":"https:\/\/noticiasya.com\/2026\/01\/01\/excarcelacion-personas-detenidas-tocoron-orix\/","name":"Gobierno de Venezuela anuncia excarcelaci\u00f3n de 88 personas detenidas durante las protestas de 2024 - Noticias","isPartOf":{"@id":"https:\/\/noticiasya.com\/#website"},"datePublished":"2026-01-01T22:03:51+00:00","breadcrumb":{"@id":"https:\/\/noticiasya.com\/2026\/01\/01\/excarcelacion-personas-detenidas-tocoron-orix\/#breadcrumb"},"inLanguage":"es","potentialAction":[{"@type":"ReadAction","target":["https:\/\/noticiasya.com\/2026\/01\/01\/excarcelacion-personas-detenidas-tocoron-orix\/"]}]},{"@type":"BreadcrumbList","@id":"https:\/\/noticiasya.com\/2026\/01\/01\/excarcelacion-personas-detenidas-tocoron-orix\/#breadcrumb","itemListElement":[{"@type":"ListItem","position":1,"name":"Home","item":"https:\/\/noticiasya.com\/"},{"@type":"ListItem","position":2,"name":"Gobierno de Venezuela anuncia excarcelaci\u00f3n de 88 personas detenidas durante las protestas de 2024"}]},{"@type":"WebSite","@id":"https:\/\/noticiasya.com\/#website","url":"https:\/\/noticiasya.com\/","name":"Noticias","description":"Lo que importa","publisher":{"@id":"https:\/\/noticiasya.com\/#organization"},"potentialAction":[{"@type":"SearchAction","target":{"@type":"EntryPoint","urlTemplate":"https:\/\/noticiasya.com\/?s={search_term_string}"},"query-input":{"@type":"PropertyValueSpecification","valueRequired":true,"valueName":"search_term_string"}}],"inLanguage":"es"},{"@type":"Organization","@id":"https:\/\/noticiasya.com\/#organization","name":"Noticias","url":"https:\/\/noticiasya.com\/","logo":{"@type":"ImageObject","inLanguage":"es","@id":"https:\/\/noticiasya.com\/#\/schema\/logo\/image\/","url":"https:\/\/noticiasya.com\/wp-content\/uploads\/sites\/22\/2023\/12\/logo-nacional.png","contentUrl":"https:\/\/noticiasya.com\/wp-content\/uploads\/sites\/22\/2023\/12\/logo-nacional.png","width":1801,"height":691,"caption":"Noticias"},"image":{"@id":"https:\/\/noticiasya.com\/#\/schema\/logo\/image\/"}}]}},"parsely":{"version":"1.1.0","canonical_url":"https:\/\/noticiasya.com\/el-paso\/2026\/01\/01\/excarcelacion-personas-detenidas-tocoron-orix\/","smart_links":{"inbound":0,"outbound":0},"traffic_boost_suggestions_count":0,"meta":{"@context":"https:\/\/schema.org","@type":"NewsArticle","headline":"Gobierno de Venezuela anuncia excarcelaci\u00f3n de 88 personas detenidas durante las protestas de 2024","url":"http:\/\/noticiasya.com\/el-paso\/2026\/01\/01\/excarcelacion-personas-detenidas-tocoron-orix\/","mainEntityOfPage":{"@type":"WebPage","@id":"http:\/\/noticiasya.com\/el-paso\/2026\/01\/01\/excarcelacion-personas-detenidas-tocoron-orix\/"},"thumbnailUrl":"","image":{"@type":"ImageObject","url":""},"articleSection":"Noticias Nacionales","author":[],"creator":[],"publisher":{"@type":"Organization","name":"Noticias","logo":""},"keywords":[],"dateCreated":"2026-01-01T22:03:51Z","datePublished":"2026-01-01T22:03:51Z","dateModified":"2026-01-01T22:03:51Z"},"rendered":"<script type=\"application\/ld+json\" class=\"wp-parsely-metadata\">{\"@context\":\"https:\\\/\\\/schema.org\",\"@type\":\"NewsArticle\",\"headline\":\"Gobierno de Venezuela anuncia excarcelaci\\u00f3n de 88 personas detenidas durante las protestas de 2024\",\"url\":\"http:\\\/\\\/noticiasya.com\\\/el-paso\\\/2026\\\/01\\\/01\\\/excarcelacion-personas-detenidas-tocoron-orix\\\/\",\"mainEntityOfPage\":{\"@type\":\"WebPage\",\"@id\":\"http:\\\/\\\/noticiasya.com\\\/el-paso\\\/2026\\\/01\\\/01\\\/excarcelacion-personas-detenidas-tocoron-orix\\\/\"},\"thumbnailUrl\":\"\",\"image\":{\"@type\":\"ImageObject\",\"url\":\"\"},\"articleSection\":\"Noticias Nacionales\",\"author\":[],\"creator\":[],\"publisher\":{\"@type\":\"Organization\",\"name\":\"Noticias\",\"logo\":\"\"},\"keywords\":[],\"dateCreated\":\"2026-01-01T22:03:51Z\",\"datePublished\":\"2026-01-01T22:03:51Z\",\"dateModified\":\"2026-01-01T22:03:51Z\"}<\/script>","tracker_url":"https:\/\/cdn.parsely.com\/keys\/noticiasya.com\/p.js"},"jetpack_featured_media_url":"","jetpack-related-posts":[{"id":1469576,"url":"https:\/\/noticiasya.com\/el-paso\/2025\/12\/25\/reportan-excarcelacion-detenidos-orix\/","url_meta":{"origin":1469713,"position":0},"title":"Reportan la excarcelaci\u00f3n de al menos 26 personas detenidas en Venezuela","author":"","date":"diciembre 25, 2025","format":false,"excerpt":"Al menos 26 personas que estaban detenidas en Venezuela presuntamente por motivos pol\u00edticos fueron excarceladas este jueves, dijo Alfredo Romero, director presidente de la organizaci\u00f3n no gubernamental de derechos humanos Foro Penal, en su cuenta de X.Tres de esas personas son adolescentes, agreg\u00f3 Romero, cuyo equipo da seguimiento a la\u2026","rel":"","context":"In &quot;Noticias Nacionales&quot;","block_context":{"text":"Noticias Nacionales","link":"https:\/\/noticiasya.com\/el-paso\/categoria\/noticias-nacionales"},"img":{"alt_text":"","src":"","width":0,"height":0},"classes":[]},{"id":1452328,"url":"https:\/\/noticiasya.com\/el-paso\/2024\/08\/31\/excarcelacion-16-adolescentes-detenidos-protestas-venezuela-orix\/","url_meta":{"origin":1469713,"position":1},"title":"Reportan excarcelaci\u00f3n de 16 adolescentes detenidos durante las protestas poselectorales en Venezuela","author":"","date":"agosto 31, 2024","format":false,"excerpt":"(CNN Espa\u00f1ol) \u2013\u2013 16 adolescentes que hab\u00edan sido detenidos durante las protestas poselectorales en Venezuela fueron excarcelados este jueves, inform\u00f3 Alfredo Romero, director presidente de la organizaci\u00f3n no gubernamental Foro Penal, que ha documentado posibles violaciones a los derechos humanos durante las manifestaciones tras las elecciones presidenciales del 28 de\u2026","rel":"","context":"In &quot;Noticias Nacionales&quot;","block_context":{"text":"Noticias Nacionales","link":"https:\/\/noticiasya.com\/el-paso\/categoria\/noticias-nacionales"},"img":{"alt_text":"","src":"","width":0,"height":0},"classes":[]},{"id":1470377,"url":"https:\/\/noticiasya.com\/el-paso\/2026\/01\/22\/excarcelacion-presos-politicos-proceso-orix\/","url_meta":{"origin":1469713,"position":2},"title":"Venezuela anunci\u00f3 excarcelaci\u00f3n de &#171;un n\u00famero significativo&#187; de presos pol\u00edticos. \u00bfCu\u00e1ntos han salido?","author":"","date":"enero 22, 2026","format":false,"excerpt":"Pasaron dos semanas desde que el Gobierno de Venezuela anunci\u00f3 un proceso de excarcelaciones \u201csignificativas\u201d en el pa\u00eds, aunque el conteo de las organizaciones locales que verifican el proceso indica que el n\u00famero de presos pol\u00edticos que salieron de prisi\u00f3n desde esa fecha no llega al 15 % del total,\u2026","rel":"","context":"In &quot;Noticias Nacionales&quot;","block_context":{"text":"Noticias Nacionales","link":"https:\/\/noticiasya.com\/el-paso\/categoria\/noticias-nacionales"},"img":{"alt_text":"","src":"","width":0,"height":0},"classes":[]},{"id":1456896,"url":"https:\/\/noticiasya.com\/el-paso\/2024\/12\/23\/fiscalia-venezuela-excarcelado-910-protestas-poselectorales-foro-penal-orix\/","url_meta":{"origin":1469713,"position":3},"title":"Fiscal\u00eda de Venezuela asegura que ha excarcelado a 910 personas tras protestas poselectorales; Foro Penal registra solo 155","author":"","date":"diciembre 23, 2024","format":false,"excerpt":"El Ministerio P\u00fablico de Venezuela orden\u00f3 la excarcelaci\u00f3n de 177 personas detenidas en las protestas posteriores a las pol\u00e9micas elecciones presidenciales de ese pa\u00eds luego de un proceso de revisi\u00f3n de sus casos judiciales, de acuerdo con un comunicado firmado por el fiscal general, Tarek William Saab.Con esas adiciones van\u2026","rel":"","context":"In &quot;Noticias Nacionales&quot;","block_context":{"text":"Noticias Nacionales","link":"https:\/\/noticiasya.com\/el-paso\/categoria\/noticias-nacionales"},"img":{"alt_text":"","src":"","width":0,"height":0},"classes":[]},{"id":1456659,"url":"https:\/\/noticiasya.com\/el-paso\/2024\/12\/16\/venezuela-excarcelo-protestas-poselectorales-foro-penal-orix\/","url_meta":{"origin":1469713,"position":4},"title":"Fiscal\u00eda de Venezuela dice que excarcel\u00f3 a m\u00e1s de 500 personas tras protestas poselectorales; Foro Penal solo registr\u00f3 155","author":"","date":"diciembre 16, 2024","format":false,"excerpt":"El Ministerio P\u00fablico de Venezuela inform\u00f3 este lunes la excarcelaci\u00f3n de otras 179 personas detenidas tras las protestas desatadas por el resultado las controvertidas elecciones presidenciales que se suman, seg\u00fan sus registros, a otras 354 anunciadas con anterioridad, lo que da un total de 533 personas relacionadas con estos episodios\u2026","rel":"","context":"In &quot;Noticias Nacionales&quot;","block_context":{"text":"Noticias Nacionales","link":"https:\/\/noticiasya.com\/el-paso\/categoria\/noticias-nacionales"},"img":{"alt_text":"","src":"","width":0,"height":0},"classes":[]},{"id":1456810,"url":"https:\/\/noticiasya.com\/el-paso\/2024\/12\/20\/fiscalia-venezuela-dice-733-excarcelaciones-protestas-orix\/","url_meta":{"origin":1469713,"position":5},"title":"Fiscal\u00eda de Venezuela dice que suman 733 excarcelaciones tras protestas poselectorales; Foro Penal registra solo 155","author":"","date":"diciembre 20, 2024","format":false,"excerpt":"La Fiscal\u00eda General de Venezuela dijo este viernes que excarcel\u00f3 a otras 200 personas que fueron detenidas durante las protestas ocurridas despu\u00e9s de las controvertidas elecciones presidenciales del 28 de julio, con lo cual, seg\u00fan la instituci\u00f3n, suman 733 excarcelaciones.En un comunicado, la Fiscal\u00eda dijo que continuar\u00e1 con la revisi\u00f3n\u2026","rel":"","context":"In &quot;Noticias Nacionales&quot;","block_context":{"text":"Noticias Nacionales","link":"https:\/\/noticiasya.com\/el-paso\/categoria\/noticias-nacionales"},"img":{"alt_text":"","src":"","width":0,"height":0},"classes":[]}],"jetpack_sharing_enabled":true,"_links":{"self":[{"href":"https:\/\/noticiasya.com\/el-paso\/wp-json\/wp\/v2\/posts\/1469713","targetHints":{"allow":["GET"]}}],"collection":[{"href":"https:\/\/noticiasya.com\/el-paso\/wp-json\/wp\/v2\/posts"}],"about":[{"href":"https:\/\/noticiasya.com\/el-paso\/wp-json\/wp\/v2\/types\/post"}],"replies":[{"embeddable":true,"href":"https:\/\/noticiasya.com\/el-paso\/wp-json\/wp\/v2\/comments?post=1469713"}],"version-history":[{"count":0,"href":"https:\/\/noticiasya.com\/el-paso\/wp-json\/wp\/v2\/posts\/1469713\/revisions"}],"wp:attachment":[{"href":"https:\/\/noticiasya.com\/el-paso\/wp-json\/wp\/v2\/media?parent=1469713"}],"wp:term":[{"taxonomy":"category","embeddable":true,"href":"https:\/\/noticiasya.com\/el-paso\/wp-json\/wp\/v2\/categories?post=1469713"},{"taxonomy":"post_tag","embeddable":true,"href":"https:\/\/noticiasya.com\/el-paso\/wp-json\/wp\/v2\/tags?post=1469713"}],"curies":[{"name":"wp","href":"https:\/\/api.w.org\/{rel}","templated":true}]}}