{"id":1410221,"date":"2022-07-01T09:43:56","date_gmt":"2022-07-01T16:43:56","guid":{"rendered":"https:\/\/noticiasya.com\/?p=1410221"},"modified":"2022-07-01T09:43:56","modified_gmt":"2022-07-01T16:43:56","slug":"historico-el-problema-de-la-escasez-de-agua-en-nuevo-leon","status":"publish","type":"post","link":"https:\/\/noticiasya.com\/el-valle\/2022\/07\/01\/historico-el-problema-de-la-escasez-de-agua-en-nuevo-leon\/","title":{"rendered":"Hist\u00f3rico el problema de la escasez de agua en Nuevo Le\u00f3n"},"content":{"rendered":"<p> La ciudad de McAllen <strong>se solidariza con nuestros hermanos neoleoneses<\/strong> y organiza una recolecta de donaciones de agua embotellada, a partir de este 1 de julio y hasta el mi\u00e9rcoles 6 de julio de 2022.<\/p>\n<p>Como se sabe, desde hace meses el<strong> estado de Nuevo Le\u00f3n<\/strong> est\u00e1 sufriendo una de las peores crisis debido a la falta de agua, las sequ\u00edas y la sobreexplotaci\u00f3n de los mantos acu\u00edferos son el resultado de que el estado est\u00e9 pasando por un serio problema de escasez de agua.<\/p>\n<p>Adem\u00e1s de atravesar por esta grave <strong>situaci\u00f3n, las altas temperaturas<\/strong> y la falta de lluvias hacen m\u00e1s grande el problema, ante esto, la comunidad de la ciudad de McAllen ha puesto en marcha esta recolecta de agua para poder ayudar a los neoleoneses.<\/p>\n<p>Las donaciones de cajas de agua embotellada de <strong>los residentes de McAllen y todo el Valle del R\u00edo Grande<\/strong> se recolectar\u00e1n y entregar\u00e1n a la Oficina del Gobernador de Nuevo Le\u00f3n para brindar esta asistencia humanitaria.<\/p>\n<p><strong>\u201cDurante esta crisis, \u00fanase a m\u00ed para donar agua preciosa a nuestros amigos y familiares en Nuevo Le\u00f3n. Muchos de ellos viven en nuestras ciudades hermanas. Muchos de nosotros tenemos familiares, amigos y socios comerciales que llaman hogar a esas ciudades\u201d,<\/strong> dijo el alcalde de McAllen, Javier Villalobos. <strong>\u201cEsto es lo que hacemos el uno por el otro. En tiempos dif\u00edciles, ofrecemos apoyo, como podamos\u201d.<\/strong><\/p>\n<p>Los residentes pueden llevar sus donaciones al <strong>Centro de Artes Esc\u00e9nicas de la Ciudad de McAllen,<\/strong> que est\u00e1 ubicado en el 901 Convention Center Blvd, hasta el 6 de julio de 9:00 a. m. a 1:00 p. m.<\/p>\n<p>Se espera que esta labor humanitaria pueda<strong> recaudar lo suficiente para poder ayudar<\/strong> a las familias que m\u00e1s lo necesitan.<\/p>\n<p>De acuerdo a lo que se ha dado a conocer, Monterrey y toda la<strong>\u00a0zona metropolitana<\/strong> est\u00e1 alimentada por dos presas principales, la de Cerro Prieto y la presa La Boca, y desde hace unos meses se report\u00f3 que manejaban niveles muy bajos de agua.<\/p>\n<p>Debido a esto, en febrero, las autoridades de <strong>Nuevo Le\u00f3n declararon estado de emergencia<\/strong> por la &#171;Sequ\u00eda Extrema&#187;<\/p>\n<p>El gobierno comenz\u00f3 a tomar las medidas <strong>necesarias para el ahorro del agua,<\/strong> empezaron los cortes del suministro del vital l\u00edquido, las multas por lavar coches o regar jardines, el precio del agua aument\u00f3.<\/p>\n<p><strong>\u201cUna de las medidas para reducir el consumo excesivo de agua es la instalaci\u00f3n de reductores de presi\u00f3n a usuarios que consumen m\u00e1s de 70 mil litros de agua al mes.\u201d<\/strong><\/p>\n<blockquote class=\"twitter-tweet\" data-width=\"500\" data-dnt=\"true\">\n<p lang=\"es\" dir=\"ltr\">Una de las medidas para reducir el consumo excesivo de agua es la instalaci\u00f3n de reductores de presi\u00f3n a usuarios que consumen m\u00e1s de 70 mil litros de agua al mes. <a href=\"https:\/\/t.co\/rWs3lOxJDT\">pic.twitter.com\/rWs3lOxJDT<\/a><\/p>\n<p>&mdash; Agua y Drenaje Mty (@ayd_monterrey) <a href=\"https:\/\/twitter.com\/ayd_monterrey\/status\/1533526148797190144?ref_src=twsrc%5Etfw\">June 5, 2022<\/a><\/p><\/blockquote>\n<p><script async src=\"https:\/\/platform.twitter.com\/widgets.js\" charset=\"utf-8\"><\/script><\/p>\n<p>Esta medida fue respuesta por la falta de <strong>conciencia de muchos ciudadanos<\/strong> que no han hecho conciencia del grave problema de la escasez de agua.<\/p>\n<p>Ante la peor crisis h\u00eddrica que se <strong>est\u00e1 viviendo, el desabasto de agua embotellada<\/strong> y el aumento de precios han rebasado la situaci\u00f3n.<\/p>\n<p>Los ciudadanos se han manifestado en diferentes colonias, con<strong> bloqueos viales<\/strong> para dar a conocer su descontento.<\/p>\n","protected":false},"excerpt":{"rendered":"<p>Ante este panorama desolador, McAllen se solidariza y organiza recolecci\u00f3n de agua embotellada para ayudar al estado mexicano<\/p>\n","protected":false},"author":14,"featured_media":0,"comment_status":"closed","ping_status":"closed","sticky":false,"template":"","format":"standard","meta":{"_jetpack_memberships_contains_paid_content":false,"footnotes":""},"categories":[36,298,125],"tags":[532],"class_list":["post-1410221","post","type-post","status-publish","format-standard","hentry","category-comunidad","category-instagram","category-newsletter","tag-nuevo-leon","market-el-valle"],"yoast_head":"<!-- This site is optimized with the Yoast SEO plugin v24.4 - https:\/\/yoast.com\/wordpress\/plugins\/seo\/ -->\n<title>Hist\u00f3rico el problema de la escasez de agua en Nuevo Le\u00f3n - Noticias<\/title>\n<meta name=\"robots\" content=\"index, follow, max-snippet:-1, max-image-preview:large, max-video-preview:-1\" \/>\n<link rel=\"canonical\" href=\"https:\/\/noticiasya.com\/2022\/07\/01\/historico-el-problema-de-la-escasez-de-agua-en-nuevo-leon\/\" \/>\n<meta property=\"og:locale\" content=\"es_ES\" \/>\n<meta property=\"og:type\" content=\"article\" \/>\n<meta property=\"og:title\" content=\"Hist\u00f3rico el problema de la escasez de agua en Nuevo Le\u00f3n - Noticias\" \/>\n<meta property=\"og:description\" content=\"Ante este panorama desolador, McAllen se solidariza y organiza recolecci\u00f3n de agua embotellada para ayudar al estado mexicano\" \/>\n<meta property=\"og:url\" content=\"https:\/\/noticiasya.com\/2022\/07\/01\/historico-el-problema-de-la-escasez-de-agua-en-nuevo-leon\/\" \/>\n<meta property=\"og:site_name\" content=\"Noticias\" \/>\n<meta property=\"article:published_time\" content=\"2022-07-01T16:43:56+00:00\" \/>\n<meta name=\"author\" content=\"agomez\" \/>\n<meta name=\"twitter:card\" content=\"summary_large_image\" \/>\n<meta name=\"twitter:label1\" content=\"Written by\" \/>\n\t<meta name=\"twitter:data1\" content=\"agomez\" \/>\n\t<meta name=\"twitter:label2\" content=\"Est. reading time\" \/>\n\t<meta name=\"twitter:data2\" content=\"3 minutos\" \/>\n<script type=\"application\/ld+json\" class=\"yoast-schema-graph\">{\"@context\":\"https:\/\/schema.org\",\"@graph\":[{\"@type\":\"Article\",\"@id\":\"https:\/\/noticiasya.com\/2022\/07\/01\/historico-el-problema-de-la-escasez-de-agua-en-nuevo-leon\/#article\",\"isPartOf\":{\"@id\":\"https:\/\/noticiasya.com\/2022\/07\/01\/historico-el-problema-de-la-escasez-de-agua-en-nuevo-leon\/\"},\"author\":{\"name\":\"agomez\",\"@id\":\"https:\/\/noticiasya.com\/#\/schema\/person\/4bfeadc06f87892bd3c7d0ecf4b92ea5\"},\"headline\":\"Hist\u00f3rico el problema de la escasez de agua en Nuevo Le\u00f3n\",\"datePublished\":\"2022-07-01T16:43:56+00:00\",\"mainEntityOfPage\":{\"@id\":\"https:\/\/noticiasya.com\/2022\/07\/01\/historico-el-problema-de-la-escasez-de-agua-en-nuevo-leon\/\"},\"wordCount\":542,\"publisher\":{\"@id\":\"https:\/\/noticiasya.com\/#organization\"},\"keywords\":[\"Nuevo Le\u00f3n\"],\"articleSection\":[\"Comunidad\",\"Instagram\",\"Newsletter\"],\"inLanguage\":\"es\"},{\"@type\":\"WebPage\",\"@id\":\"https:\/\/noticiasya.com\/2022\/07\/01\/historico-el-problema-de-la-escasez-de-agua-en-nuevo-leon\/\",\"url\":\"https:\/\/noticiasya.com\/2022\/07\/01\/historico-el-problema-de-la-escasez-de-agua-en-nuevo-leon\/\",\"name\":\"Hist\u00f3rico el problema de la escasez de agua en Nuevo Le\u00f3n - Noticias\",\"isPartOf\":{\"@id\":\"https:\/\/noticiasya.com\/#website\"},\"datePublished\":\"2022-07-01T16:43:56+00:00\",\"breadcrumb\":{\"@id\":\"https:\/\/noticiasya.com\/2022\/07\/01\/historico-el-problema-de-la-escasez-de-agua-en-nuevo-leon\/#breadcrumb\"},\"inLanguage\":\"es\",\"potentialAction\":[{\"@type\":\"ReadAction\",\"target\":[\"https:\/\/noticiasya.com\/2022\/07\/01\/historico-el-problema-de-la-escasez-de-agua-en-nuevo-leon\/\"]}]},{\"@type\":\"BreadcrumbList\",\"@id\":\"https:\/\/noticiasya.com\/2022\/07\/01\/historico-el-problema-de-la-escasez-de-agua-en-nuevo-leon\/#breadcrumb\",\"itemListElement\":[{\"@type\":\"ListItem\",\"position\":1,\"name\":\"Home\",\"item\":\"https:\/\/noticiasya.com\/\"},{\"@type\":\"ListItem\",\"position\":2,\"name\":\"Hist\u00f3rico el problema de la escasez de agua en Nuevo Le\u00f3n\"}]},{\"@type\":\"WebSite\",\"@id\":\"https:\/\/noticiasya.com\/#website\",\"url\":\"https:\/\/noticiasya.com\/\",\"name\":\"Noticias\",\"description\":\"Lo que importa\",\"publisher\":{\"@id\":\"https:\/\/noticiasya.com\/#organization\"},\"potentialAction\":[{\"@type\":\"SearchAction\",\"target\":{\"@type\":\"EntryPoint\",\"urlTemplate\":\"https:\/\/noticiasya.com\/?s={search_term_string}\"},\"query-input\":{\"@type\":\"PropertyValueSpecification\",\"valueRequired\":true,\"valueName\":\"search_term_string\"}}],\"inLanguage\":\"es\"},{\"@type\":\"Organization\",\"@id\":\"https:\/\/noticiasya.com\/#organization\",\"name\":\"Noticias\",\"url\":\"https:\/\/noticiasya.com\/\",\"logo\":{\"@type\":\"ImageObject\",\"inLanguage\":\"es\",\"@id\":\"https:\/\/noticiasya.com\/#\/schema\/logo\/image\/\",\"url\":\"https:\/\/noticiasya.com\/wp-content\/uploads\/sites\/22\/2023\/12\/logo-nacional.png\",\"contentUrl\":\"https:\/\/noticiasya.com\/wp-content\/uploads\/sites\/22\/2023\/12\/logo-nacional.png\",\"width\":1801,\"height\":691,\"caption\":\"Noticias\"},\"image\":{\"@id\":\"https:\/\/noticiasya.com\/#\/schema\/logo\/image\/\"}},{\"@type\":\"Person\",\"@id\":\"https:\/\/noticiasya.com\/#\/schema\/person\/4bfeadc06f87892bd3c7d0ecf4b92ea5\",\"name\":\"agomez\",\"image\":{\"@type\":\"ImageObject\",\"inLanguage\":\"es\",\"@id\":\"https:\/\/noticiasya.com\/#\/schema\/person\/image\/\",\"url\":\"https:\/\/secure.gravatar.com\/avatar\/bf93b384a664c88a2ecc8f7be3062df2009608f856c7f84ca8b4275bd945bdb2?s=96&d=mm&r=g\",\"contentUrl\":\"https:\/\/secure.gravatar.com\/avatar\/bf93b384a664c88a2ecc8f7be3062df2009608f856c7f84ca8b4275bd945bdb2?s=96&d=mm&r=g\",\"caption\":\"agomez\"},\"url\":\"https:\/\/noticiasya.com\/el-valle\/author\/agomez\"}]}<\/script>\n<!-- \/ Yoast SEO plugin. -->","yoast_head_json":{"title":"Hist\u00f3rico el problema de la escasez de agua en Nuevo Le\u00f3n - Noticias","robots":{"index":"index","follow":"follow","max-snippet":"max-snippet:-1","max-image-preview":"max-image-preview:large","max-video-preview":"max-video-preview:-1"},"canonical":"https:\/\/noticiasya.com\/2022\/07\/01\/historico-el-problema-de-la-escasez-de-agua-en-nuevo-leon\/","og_locale":"es_ES","og_type":"article","og_title":"Hist\u00f3rico el problema de la escasez de agua en Nuevo Le\u00f3n - Noticias","og_description":"Ante este panorama desolador, McAllen se solidariza y organiza recolecci\u00f3n de agua embotellada para ayudar al estado mexicano","og_url":"https:\/\/noticiasya.com\/2022\/07\/01\/historico-el-problema-de-la-escasez-de-agua-en-nuevo-leon\/","og_site_name":"Noticias","article_published_time":"2022-07-01T16:43:56+00:00","author":"agomez","twitter_card":"summary_large_image","twitter_misc":{"Written by":"agomez","Est. reading time":"3 minutos"},"schema":{"@context":"https:\/\/schema.org","@graph":[{"@type":"Article","@id":"https:\/\/noticiasya.com\/2022\/07\/01\/historico-el-problema-de-la-escasez-de-agua-en-nuevo-leon\/#article","isPartOf":{"@id":"https:\/\/noticiasya.com\/2022\/07\/01\/historico-el-problema-de-la-escasez-de-agua-en-nuevo-leon\/"},"author":{"name":"agomez","@id":"https:\/\/noticiasya.com\/#\/schema\/person\/4bfeadc06f87892bd3c7d0ecf4b92ea5"},"headline":"Hist\u00f3rico el problema de la escasez de agua en Nuevo Le\u00f3n","datePublished":"2022-07-01T16:43:56+00:00","mainEntityOfPage":{"@id":"https:\/\/noticiasya.com\/2022\/07\/01\/historico-el-problema-de-la-escasez-de-agua-en-nuevo-leon\/"},"wordCount":542,"publisher":{"@id":"https:\/\/noticiasya.com\/#organization"},"keywords":["Nuevo Le\u00f3n"],"articleSection":["Comunidad","Instagram","Newsletter"],"inLanguage":"es"},{"@type":"WebPage","@id":"https:\/\/noticiasya.com\/2022\/07\/01\/historico-el-problema-de-la-escasez-de-agua-en-nuevo-leon\/","url":"https:\/\/noticiasya.com\/2022\/07\/01\/historico-el-problema-de-la-escasez-de-agua-en-nuevo-leon\/","name":"Hist\u00f3rico el problema de la escasez de agua en Nuevo Le\u00f3n - Noticias","isPartOf":{"@id":"https:\/\/noticiasya.com\/#website"},"datePublished":"2022-07-01T16:43:56+00:00","breadcrumb":{"@id":"https:\/\/noticiasya.com\/2022\/07\/01\/historico-el-problema-de-la-escasez-de-agua-en-nuevo-leon\/#breadcrumb"},"inLanguage":"es","potentialAction":[{"@type":"ReadAction","target":["https:\/\/noticiasya.com\/2022\/07\/01\/historico-el-problema-de-la-escasez-de-agua-en-nuevo-leon\/"]}]},{"@type":"BreadcrumbList","@id":"https:\/\/noticiasya.com\/2022\/07\/01\/historico-el-problema-de-la-escasez-de-agua-en-nuevo-leon\/#breadcrumb","itemListElement":[{"@type":"ListItem","position":1,"name":"Home","item":"https:\/\/noticiasya.com\/"},{"@type":"ListItem","position":2,"name":"Hist\u00f3rico el problema de la escasez de agua en Nuevo Le\u00f3n"}]},{"@type":"WebSite","@id":"https:\/\/noticiasya.com\/#website","url":"https:\/\/noticiasya.com\/","name":"Noticias","description":"Lo que importa","publisher":{"@id":"https:\/\/noticiasya.com\/#organization"},"potentialAction":[{"@type":"SearchAction","target":{"@type":"EntryPoint","urlTemplate":"https:\/\/noticiasya.com\/?s={search_term_string}"},"query-input":{"@type":"PropertyValueSpecification","valueRequired":true,"valueName":"search_term_string"}}],"inLanguage":"es"},{"@type":"Organization","@id":"https:\/\/noticiasya.com\/#organization","name":"Noticias","url":"https:\/\/noticiasya.com\/","logo":{"@type":"ImageObject","inLanguage":"es","@id":"https:\/\/noticiasya.com\/#\/schema\/logo\/image\/","url":"https:\/\/noticiasya.com\/wp-content\/uploads\/sites\/22\/2023\/12\/logo-nacional.png","contentUrl":"https:\/\/noticiasya.com\/wp-content\/uploads\/sites\/22\/2023\/12\/logo-nacional.png","width":1801,"height":691,"caption":"Noticias"},"image":{"@id":"https:\/\/noticiasya.com\/#\/schema\/logo\/image\/"}},{"@type":"Person","@id":"https:\/\/noticiasya.com\/#\/schema\/person\/4bfeadc06f87892bd3c7d0ecf4b92ea5","name":"agomez","image":{"@type":"ImageObject","inLanguage":"es","@id":"https:\/\/noticiasya.com\/#\/schema\/person\/image\/","url":"https:\/\/secure.gravatar.com\/avatar\/bf93b384a664c88a2ecc8f7be3062df2009608f856c7f84ca8b4275bd945bdb2?s=96&d=mm&r=g","contentUrl":"https:\/\/secure.gravatar.com\/avatar\/bf93b384a664c88a2ecc8f7be3062df2009608f856c7f84ca8b4275bd945bdb2?s=96&d=mm&r=g","caption":"agomez"},"url":"https:\/\/noticiasya.com\/el-valle\/author\/agomez"}]}},"parsely":{"version":"1.1.0","canonical_url":"https:\/\/noticiasya.com\/el-valle\/2022\/07\/01\/historico-el-problema-de-la-escasez-de-agua-en-nuevo-leon\/","smart_links":{"inbound":0,"outbound":0},"traffic_boost_suggestions_count":0,"meta":{"@context":"https:\/\/schema.org","@type":"NewsArticle","headline":"Hist\u00f3rico el problema de la escasez de agua en Nuevo Le\u00f3n","url":"http:\/\/noticiasya.com\/el-valle\/2022\/07\/01\/historico-el-problema-de-la-escasez-de-agua-en-nuevo-leon\/","mainEntityOfPage":{"@type":"WebPage","@id":"http:\/\/noticiasya.com\/el-valle\/2022\/07\/01\/historico-el-problema-de-la-escasez-de-agua-en-nuevo-leon\/"},"thumbnailUrl":"","image":{"@type":"ImageObject","url":""},"articleSection":"Comunidad","author":[{"@type":"Person","name":"agomez"}],"creator":["agomez"],"publisher":{"@type":"Organization","name":"Noticias","logo":""},"keywords":["nuevo le\u00f3n"],"dateCreated":"2022-07-01T16:43:56Z","datePublished":"2022-07-01T16:43:56Z","dateModified":"2022-07-01T16:43:56Z"},"rendered":"<script type=\"application\/ld+json\" class=\"wp-parsely-metadata\">{\"@context\":\"https:\\\/\\\/schema.org\",\"@type\":\"NewsArticle\",\"headline\":\"Hist\\u00f3rico el problema de la escasez de agua en Nuevo Le\\u00f3n\",\"url\":\"http:\\\/\\\/noticiasya.com\\\/el-valle\\\/2022\\\/07\\\/01\\\/historico-el-problema-de-la-escasez-de-agua-en-nuevo-leon\\\/\",\"mainEntityOfPage\":{\"@type\":\"WebPage\",\"@id\":\"http:\\\/\\\/noticiasya.com\\\/el-valle\\\/2022\\\/07\\\/01\\\/historico-el-problema-de-la-escasez-de-agua-en-nuevo-leon\\\/\"},\"thumbnailUrl\":\"\",\"image\":{\"@type\":\"ImageObject\",\"url\":\"\"},\"articleSection\":\"Comunidad\",\"author\":[{\"@type\":\"Person\",\"name\":\"agomez\"}],\"creator\":[\"agomez\"],\"publisher\":{\"@type\":\"Organization\",\"name\":\"Noticias\",\"logo\":\"\"},\"keywords\":[\"nuevo le\\u00f3n\"],\"dateCreated\":\"2022-07-01T16:43:56Z\",\"datePublished\":\"2022-07-01T16:43:56Z\",\"dateModified\":\"2022-07-01T16:43:56Z\"}<\/script>","tracker_url":"https:\/\/cdn.parsely.com\/keys\/noticiasya.com\/p.js"},"jetpack_featured_media_url":"","jetpack-related-posts":[{"id":1406288,"url":"https:\/\/noticiasya.com\/el-valle\/2022\/06\/15\/emiten-estado-de-emergencia-en-odessa-viviendas-hospitales-y-toda-la-ciudad-sin-agua\/","url_meta":{"origin":1410221,"position":0},"title":"Emiten &#171;Estado de emergencia&#187; en Odessa; viviendas, hospitales y toda la ciudad sin agua","author":"agomez","date":"junio 15, 2022","format":false,"excerpt":"Autoridades de Odessa hicieron un llamado a los residentes.","rel":"","context":"In &quot;Comunidad&quot;","block_context":{"text":"Comunidad","link":"https:\/\/noticiasya.com\/el-valle\/categoria\/comunidad"},"img":{"alt_text":"","src":"","width":0,"height":0},"classes":[]},{"id":1451362,"url":"https:\/\/noticiasya.com\/el-valle\/2024\/07\/23\/islas-grecia-crisis-agua-turismo-trax\/","url_meta":{"origin":1410221,"position":1},"title":"Las islas griegas se enfrentan a una crisis h\u00eddrica a medida que comienza la temporada tur\u00edstica","author":"agomez","date":"julio 23, 2024","format":false,"excerpt":"(CNN) -- Las islas griegas, conocidas por sus pueblos id\u00edlicos, paisajes escarpados y playas soleadas, atraviesan una grave crisis. Muchas de ellas se est\u00e1n quedando con un nivel alarmante de escasez de agua, un problema que se agravar\u00e1 a medida que la temporada tur\u00edstica alcance su pico\u00a0y contin\u00fae el clima\u2026","rel":"","context":"In &quot;Noticias Nacionales&quot;","block_context":{"text":"Noticias Nacionales","link":"https:\/\/noticiasya.com\/el-valle\/categoria\/noticias-nacionales"},"img":{"alt_text":"","src":"","width":0,"height":0},"classes":[]},{"id":1420037,"url":"https:\/\/noticiasya.com\/el-valle\/2022\/08\/15\/levantan-aviso-de-hervir-agua-para-residentes-del-vecindario-de-tierrasanta\/","url_meta":{"origin":1410221,"position":2},"title":"Levantan aviso de hervir agua para residentes del vecindario de Tierrasanta","author":"agomez","date":"agosto 15, 2022","format":false,"excerpt":"La Divisi\u00f3n de Agua Potable de California revis\u00f3 los hallazgos y aprob\u00f3 el levantamiento del aviso.","rel":"","context":"In &quot;Comunidad&quot;","block_context":{"text":"Comunidad","link":"https:\/\/noticiasya.com\/el-valle\/categoria\/comunidad"},"img":{"alt_text":"","src":"","width":0,"height":0},"classes":[]},{"id":1451016,"url":"https:\/\/noticiasya.com\/el-valle\/2024\/07\/10\/agua-restaurantes-europeos-debate-redes-sociales-trax\/","url_meta":{"origin":1410221,"position":3},"title":"No es com\u00fan pedir un vaso de agua en restaurantes europeos y eso desat\u00f3 un debate en redes sociales","author":"agomez","date":"julio 10, 2024","format":false,"excerpt":"(CNN) -- La estadounidense Helene Sula recuerda v\u00edvidamente la primera vez que descubri\u00f3 que el agua del grifo era algo diferente para los europeos.Sula, de Texas, estaba en un restaurante en Alemania. Cuando el mesero le pregunt\u00f3 qu\u00e9 quer\u00eda beber, ella pidi\u00f3 agua. \"Se burlaron de m\u00ed y me dijeron:\u2026","rel":"","context":"In &quot;Noticias Nacionales&quot;","block_context":{"text":"Noticias Nacionales","link":"https:\/\/noticiasya.com\/el-valle\/categoria\/noticias-nacionales"},"img":{"alt_text":"","src":"","width":0,"height":0},"classes":[]},{"id":1416060,"url":"https:\/\/noticiasya.com\/el-valle\/2022\/07\/28\/la-ciudad-de-donna-avisa-a-la-comunidad-que-sigue-vigente-hervir-el-agua-hasta-nuevo-aviso\/","url_meta":{"origin":1410221,"position":4},"title":"La ciudad de Donna avisa a la comunidad que sigue vigente hervir el agua hasta nuevo aviso","author":"agomez","date":"julio 28, 2022","format":false,"excerpt":"El sistema p\u00fablico de agua emitir\u00e1 una notificaci\u00f3n en el momento en el que ya no ser\u00e1 necesario hervir el agua","rel":"","context":"In &quot;Comunidad&quot;","block_context":{"text":"Comunidad","link":"https:\/\/noticiasya.com\/el-valle\/categoria\/comunidad"},"img":{"alt_text":"","src":"","width":0,"height":0},"classes":[]},{"id":1417119,"url":"https:\/\/noticiasya.com\/el-valle\/2022\/08\/02\/restricciones-de-uso-de-agua-en-mcallen\/","url_meta":{"origin":1410221,"position":5},"title":"Restricciones de uso de agua en McAllen","author":"agomez","date":"agosto 2, 2022","format":false,"excerpt":"Entra en vigor la etapa dos para el ahorro del agua en la ciudad, quien no cumpla con las normas ser\u00e1 sancionado con una multa","rel":"","context":"In &quot;Comunidad&quot;","block_context":{"text":"Comunidad","link":"https:\/\/noticiasya.com\/el-valle\/categoria\/comunidad"},"img":{"alt_text":"","src":"","width":0,"height":0},"classes":[]}],"jetpack_sharing_enabled":true,"_links":{"self":[{"href":"https:\/\/noticiasya.com\/el-valle\/wp-json\/wp\/v2\/posts\/1410221","targetHints":{"allow":["GET"]}}],"collection":[{"href":"https:\/\/noticiasya.com\/el-valle\/wp-json\/wp\/v2\/posts"}],"about":[{"href":"https:\/\/noticiasya.com\/el-valle\/wp-json\/wp\/v2\/types\/post"}],"author":[{"embeddable":true,"href":"https:\/\/noticiasya.com\/el-valle\/wp-json\/wp\/v2\/users\/14"}],"replies":[{"embeddable":true,"href":"https:\/\/noticiasya.com\/el-valle\/wp-json\/wp\/v2\/comments?post=1410221"}],"version-history":[{"count":0,"href":"https:\/\/noticiasya.com\/el-valle\/wp-json\/wp\/v2\/posts\/1410221\/revisions"}],"wp:attachment":[{"href":"https:\/\/noticiasya.com\/el-valle\/wp-json\/wp\/v2\/media?parent=1410221"}],"wp:term":[{"taxonomy":"category","embeddable":true,"href":"https:\/\/noticiasya.com\/el-valle\/wp-json\/wp\/v2\/categories?post=1410221"},{"taxonomy":"post_tag","embeddable":true,"href":"https:\/\/noticiasya.com\/el-valle\/wp-json\/wp\/v2\/tags?post=1410221"}],"curies":[{"name":"wp","href":"https:\/\/api.w.org\/{rel}","templated":true}]}}