{"id":1410326,"date":"2022-07-01T15:02:39","date_gmt":"2022-07-01T22:02:39","guid":{"rendered":"https:\/\/noticiasya.com\/?p=1410326"},"modified":"2022-07-01T15:02:39","modified_gmt":"2022-07-01T22:02:39","slug":"se-implementa-el-plan-de-vigilancia-y-patrullaje-por-el-fin-de-semana-feriado","status":"publish","type":"post","link":"https:\/\/noticiasya.com\/el-valle\/2022\/07\/01\/se-implementa-el-plan-de-vigilancia-y-patrullaje-por-el-fin-de-semana-feriado\/","title":{"rendered":"Se implementa el plan de vigilancia y patrullaje por el fin de semana feriado"},"content":{"rendered":"<p>\u00a0 El Departamento de <strong>Polic\u00eda de McAllen, el Departamento de Polic\u00eda de Edinburg,<\/strong> la Oficina del Sheriff del Condado de Hidalgo y el Departamento de Polic\u00eda de Pharr aumentar\u00e1n el patrullaje.<\/p>\n<p>Durante el fin de semana feriado del 4 de julio, habr\u00e1 m\u00e1s patrullas para mantener las carreteras seguras, las autoridades recuerdan a toda la comunidad, lo importante que es conducir sobrio.<\/p>\n<p>Debido a las fiestas por la <strong>celebraci\u00f3n de la Independencia de los Estados Unidos,<\/strong> cada a\u00f1o han incrementado los casos de personas no responsables que manejan en estado inconveniente bajo los efectos del alcohol, lo que muchas veces ha provocado accidentes mortales.<\/p>\n<p>Por lo que, en estas celebraciones del fin de semana, las autoridades <strong>informan a toda la ciudadan\u00eda<\/strong> que todas las calles de Valle del Sur de Texas, estar\u00e1n toralmente vigiladas para hacer cumplir la ley.<\/p>\n<p>Este plan ser\u00e1 activado para la prevenci\u00f3n de<strong> accidentes de tr\u00e1nsito, para detectar a los conductores<\/strong> que manejan bajo los efectos de bebidas alcoh\u00f3licas y las personas que majen a exceso de velocidad, por lo que se recomienda ser responsable y no manejar si toma alcohol.<\/p>\n<p>Esta campa\u00f1a inicia ma\u00f1ana 2 de julio, este es un esfuerzo m\u00e1s que hacen las autoridades para mantener segura a la comunidad.<\/p>\n","protected":false},"excerpt":{"rendered":"<p>Se hace un llamado a los ciudadanos a disfrutar de estos d\u00edas con prudencia y la moderaci\u00f3n en el consumo de las bebidas alcoh\u00f3licas<\/p>\n","protected":false},"author":14,"featured_media":0,"comment_status":"closed","ping_status":"closed","sticky":false,"template":"","format":"standard","meta":{"_jetpack_memberships_contains_paid_content":false,"footnotes":""},"categories":[36,298],"tags":[221,533,534],"class_list":["post-1410326","post","type-post","status-publish","format-standard","hentry","category-comunidad","category-instagram","tag-4-de-julio","tag-patrulla","tag-vigilancia","market-el-valle"],"yoast_head":"<!-- This site is optimized with the Yoast SEO plugin v24.4 - https:\/\/yoast.com\/wordpress\/plugins\/seo\/ -->\n<title>Se implementa el plan de vigilancia y patrullaje por el fin de semana feriado - Noticias<\/title>\n<meta name=\"robots\" content=\"index, follow, max-snippet:-1, max-image-preview:large, max-video-preview:-1\" \/>\n<link rel=\"canonical\" href=\"https:\/\/noticiasya.com\/2022\/07\/01\/se-implementa-el-plan-de-vigilancia-y-patrullaje-por-el-fin-de-semana-feriado\/\" \/>\n<meta property=\"og:locale\" content=\"es_ES\" \/>\n<meta property=\"og:type\" content=\"article\" \/>\n<meta property=\"og:title\" content=\"Se implementa el plan de vigilancia y patrullaje por el fin de semana feriado - Noticias\" \/>\n<meta property=\"og:description\" content=\"Se hace un llamado a los ciudadanos a disfrutar de estos d\u00edas con prudencia y la moderaci\u00f3n en el consumo de las bebidas alcoh\u00f3licas\" \/>\n<meta property=\"og:url\" content=\"https:\/\/noticiasya.com\/2022\/07\/01\/se-implementa-el-plan-de-vigilancia-y-patrullaje-por-el-fin-de-semana-feriado\/\" \/>\n<meta property=\"og:site_name\" content=\"Noticias\" \/>\n<meta property=\"article:published_time\" content=\"2022-07-01T22:02:39+00:00\" \/>\n<meta name=\"author\" content=\"agomez\" \/>\n<meta name=\"twitter:card\" content=\"summary_large_image\" \/>\n<meta name=\"twitter:label1\" content=\"Written by\" \/>\n\t<meta name=\"twitter:data1\" content=\"agomez\" \/>\n\t<meta name=\"twitter:label2\" content=\"Est. reading time\" \/>\n\t<meta name=\"twitter:data2\" content=\"1 minuto\" \/>\n<script type=\"application\/ld+json\" class=\"yoast-schema-graph\">{\"@context\":\"https:\/\/schema.org\",\"@graph\":[{\"@type\":\"Article\",\"@id\":\"https:\/\/noticiasya.com\/2022\/07\/01\/se-implementa-el-plan-de-vigilancia-y-patrullaje-por-el-fin-de-semana-feriado\/#article\",\"isPartOf\":{\"@id\":\"https:\/\/noticiasya.com\/2022\/07\/01\/se-implementa-el-plan-de-vigilancia-y-patrullaje-por-el-fin-de-semana-feriado\/\"},\"author\":{\"name\":\"agomez\",\"@id\":\"https:\/\/noticiasya.com\/#\/schema\/person\/4bfeadc06f87892bd3c7d0ecf4b92ea5\"},\"headline\":\"Se implementa el plan de vigilancia y patrullaje por el fin de semana feriado\",\"datePublished\":\"2022-07-01T22:02:39+00:00\",\"mainEntityOfPage\":{\"@id\":\"https:\/\/noticiasya.com\/2022\/07\/01\/se-implementa-el-plan-de-vigilancia-y-patrullaje-por-el-fin-de-semana-feriado\/\"},\"wordCount\":236,\"publisher\":{\"@id\":\"https:\/\/noticiasya.com\/#organization\"},\"keywords\":[\"4 de Julio\",\"Patrulla\",\"Vigilancia\"],\"articleSection\":[\"Comunidad\",\"Instagram\"],\"inLanguage\":\"es\"},{\"@type\":\"WebPage\",\"@id\":\"https:\/\/noticiasya.com\/2022\/07\/01\/se-implementa-el-plan-de-vigilancia-y-patrullaje-por-el-fin-de-semana-feriado\/\",\"url\":\"https:\/\/noticiasya.com\/2022\/07\/01\/se-implementa-el-plan-de-vigilancia-y-patrullaje-por-el-fin-de-semana-feriado\/\",\"name\":\"Se implementa el plan de vigilancia y patrullaje por el fin de semana feriado - Noticias\",\"isPartOf\":{\"@id\":\"https:\/\/noticiasya.com\/#website\"},\"datePublished\":\"2022-07-01T22:02:39+00:00\",\"breadcrumb\":{\"@id\":\"https:\/\/noticiasya.com\/2022\/07\/01\/se-implementa-el-plan-de-vigilancia-y-patrullaje-por-el-fin-de-semana-feriado\/#breadcrumb\"},\"inLanguage\":\"es\",\"potentialAction\":[{\"@type\":\"ReadAction\",\"target\":[\"https:\/\/noticiasya.com\/2022\/07\/01\/se-implementa-el-plan-de-vigilancia-y-patrullaje-por-el-fin-de-semana-feriado\/\"]}]},{\"@type\":\"BreadcrumbList\",\"@id\":\"https:\/\/noticiasya.com\/2022\/07\/01\/se-implementa-el-plan-de-vigilancia-y-patrullaje-por-el-fin-de-semana-feriado\/#breadcrumb\",\"itemListElement\":[{\"@type\":\"ListItem\",\"position\":1,\"name\":\"Home\",\"item\":\"https:\/\/noticiasya.com\/\"},{\"@type\":\"ListItem\",\"position\":2,\"name\":\"Se implementa el plan de vigilancia y patrullaje por el fin de semana feriado\"}]},{\"@type\":\"WebSite\",\"@id\":\"https:\/\/noticiasya.com\/#website\",\"url\":\"https:\/\/noticiasya.com\/\",\"name\":\"Noticias\",\"description\":\"Lo que importa\",\"publisher\":{\"@id\":\"https:\/\/noticiasya.com\/#organization\"},\"potentialAction\":[{\"@type\":\"SearchAction\",\"target\":{\"@type\":\"EntryPoint\",\"urlTemplate\":\"https:\/\/noticiasya.com\/?s={search_term_string}\"},\"query-input\":{\"@type\":\"PropertyValueSpecification\",\"valueRequired\":true,\"valueName\":\"search_term_string\"}}],\"inLanguage\":\"es\"},{\"@type\":\"Organization\",\"@id\":\"https:\/\/noticiasya.com\/#organization\",\"name\":\"Noticias\",\"url\":\"https:\/\/noticiasya.com\/\",\"logo\":{\"@type\":\"ImageObject\",\"inLanguage\":\"es\",\"@id\":\"https:\/\/noticiasya.com\/#\/schema\/logo\/image\/\",\"url\":\"https:\/\/noticiasya.com\/wp-content\/uploads\/sites\/22\/2023\/12\/logo-nacional.png\",\"contentUrl\":\"https:\/\/noticiasya.com\/wp-content\/uploads\/sites\/22\/2023\/12\/logo-nacional.png\",\"width\":1801,\"height\":691,\"caption\":\"Noticias\"},\"image\":{\"@id\":\"https:\/\/noticiasya.com\/#\/schema\/logo\/image\/\"}},{\"@type\":\"Person\",\"@id\":\"https:\/\/noticiasya.com\/#\/schema\/person\/4bfeadc06f87892bd3c7d0ecf4b92ea5\",\"name\":\"agomez\",\"image\":{\"@type\":\"ImageObject\",\"inLanguage\":\"es\",\"@id\":\"https:\/\/noticiasya.com\/#\/schema\/person\/image\/\",\"url\":\"https:\/\/secure.gravatar.com\/avatar\/bf93b384a664c88a2ecc8f7be3062df2009608f856c7f84ca8b4275bd945bdb2?s=96&d=mm&r=g\",\"contentUrl\":\"https:\/\/secure.gravatar.com\/avatar\/bf93b384a664c88a2ecc8f7be3062df2009608f856c7f84ca8b4275bd945bdb2?s=96&d=mm&r=g\",\"caption\":\"agomez\"},\"url\":\"https:\/\/noticiasya.com\/el-valle\/author\/agomez\"}]}<\/script>\n<!-- \/ Yoast SEO plugin. -->","yoast_head_json":{"title":"Se implementa el plan de vigilancia y patrullaje por el fin de semana feriado - Noticias","robots":{"index":"index","follow":"follow","max-snippet":"max-snippet:-1","max-image-preview":"max-image-preview:large","max-video-preview":"max-video-preview:-1"},"canonical":"https:\/\/noticiasya.com\/2022\/07\/01\/se-implementa-el-plan-de-vigilancia-y-patrullaje-por-el-fin-de-semana-feriado\/","og_locale":"es_ES","og_type":"article","og_title":"Se implementa el plan de vigilancia y patrullaje por el fin de semana feriado - Noticias","og_description":"Se hace un llamado a los ciudadanos a disfrutar de estos d\u00edas con prudencia y la moderaci\u00f3n en el consumo de las bebidas alcoh\u00f3licas","og_url":"https:\/\/noticiasya.com\/2022\/07\/01\/se-implementa-el-plan-de-vigilancia-y-patrullaje-por-el-fin-de-semana-feriado\/","og_site_name":"Noticias","article_published_time":"2022-07-01T22:02:39+00:00","author":"agomez","twitter_card":"summary_large_image","twitter_misc":{"Written by":"agomez","Est. reading time":"1 minuto"},"schema":{"@context":"https:\/\/schema.org","@graph":[{"@type":"Article","@id":"https:\/\/noticiasya.com\/2022\/07\/01\/se-implementa-el-plan-de-vigilancia-y-patrullaje-por-el-fin-de-semana-feriado\/#article","isPartOf":{"@id":"https:\/\/noticiasya.com\/2022\/07\/01\/se-implementa-el-plan-de-vigilancia-y-patrullaje-por-el-fin-de-semana-feriado\/"},"author":{"name":"agomez","@id":"https:\/\/noticiasya.com\/#\/schema\/person\/4bfeadc06f87892bd3c7d0ecf4b92ea5"},"headline":"Se implementa el plan de vigilancia y patrullaje por el fin de semana feriado","datePublished":"2022-07-01T22:02:39+00:00","mainEntityOfPage":{"@id":"https:\/\/noticiasya.com\/2022\/07\/01\/se-implementa-el-plan-de-vigilancia-y-patrullaje-por-el-fin-de-semana-feriado\/"},"wordCount":236,"publisher":{"@id":"https:\/\/noticiasya.com\/#organization"},"keywords":["4 de Julio","Patrulla","Vigilancia"],"articleSection":["Comunidad","Instagram"],"inLanguage":"es"},{"@type":"WebPage","@id":"https:\/\/noticiasya.com\/2022\/07\/01\/se-implementa-el-plan-de-vigilancia-y-patrullaje-por-el-fin-de-semana-feriado\/","url":"https:\/\/noticiasya.com\/2022\/07\/01\/se-implementa-el-plan-de-vigilancia-y-patrullaje-por-el-fin-de-semana-feriado\/","name":"Se implementa el plan de vigilancia y patrullaje por el fin de semana feriado - Noticias","isPartOf":{"@id":"https:\/\/noticiasya.com\/#website"},"datePublished":"2022-07-01T22:02:39+00:00","breadcrumb":{"@id":"https:\/\/noticiasya.com\/2022\/07\/01\/se-implementa-el-plan-de-vigilancia-y-patrullaje-por-el-fin-de-semana-feriado\/#breadcrumb"},"inLanguage":"es","potentialAction":[{"@type":"ReadAction","target":["https:\/\/noticiasya.com\/2022\/07\/01\/se-implementa-el-plan-de-vigilancia-y-patrullaje-por-el-fin-de-semana-feriado\/"]}]},{"@type":"BreadcrumbList","@id":"https:\/\/noticiasya.com\/2022\/07\/01\/se-implementa-el-plan-de-vigilancia-y-patrullaje-por-el-fin-de-semana-feriado\/#breadcrumb","itemListElement":[{"@type":"ListItem","position":1,"name":"Home","item":"https:\/\/noticiasya.com\/"},{"@type":"ListItem","position":2,"name":"Se implementa el plan de vigilancia y patrullaje por el fin de semana feriado"}]},{"@type":"WebSite","@id":"https:\/\/noticiasya.com\/#website","url":"https:\/\/noticiasya.com\/","name":"Noticias","description":"Lo que importa","publisher":{"@id":"https:\/\/noticiasya.com\/#organization"},"potentialAction":[{"@type":"SearchAction","target":{"@type":"EntryPoint","urlTemplate":"https:\/\/noticiasya.com\/?s={search_term_string}"},"query-input":{"@type":"PropertyValueSpecification","valueRequired":true,"valueName":"search_term_string"}}],"inLanguage":"es"},{"@type":"Organization","@id":"https:\/\/noticiasya.com\/#organization","name":"Noticias","url":"https:\/\/noticiasya.com\/","logo":{"@type":"ImageObject","inLanguage":"es","@id":"https:\/\/noticiasya.com\/#\/schema\/logo\/image\/","url":"https:\/\/noticiasya.com\/wp-content\/uploads\/sites\/22\/2023\/12\/logo-nacional.png","contentUrl":"https:\/\/noticiasya.com\/wp-content\/uploads\/sites\/22\/2023\/12\/logo-nacional.png","width":1801,"height":691,"caption":"Noticias"},"image":{"@id":"https:\/\/noticiasya.com\/#\/schema\/logo\/image\/"}},{"@type":"Person","@id":"https:\/\/noticiasya.com\/#\/schema\/person\/4bfeadc06f87892bd3c7d0ecf4b92ea5","name":"agomez","image":{"@type":"ImageObject","inLanguage":"es","@id":"https:\/\/noticiasya.com\/#\/schema\/person\/image\/","url":"https:\/\/secure.gravatar.com\/avatar\/bf93b384a664c88a2ecc8f7be3062df2009608f856c7f84ca8b4275bd945bdb2?s=96&d=mm&r=g","contentUrl":"https:\/\/secure.gravatar.com\/avatar\/bf93b384a664c88a2ecc8f7be3062df2009608f856c7f84ca8b4275bd945bdb2?s=96&d=mm&r=g","caption":"agomez"},"url":"https:\/\/noticiasya.com\/el-valle\/author\/agomez"}]}},"parsely":{"version":"1.1.0","canonical_url":"https:\/\/noticiasya.com\/el-valle\/2022\/07\/01\/se-implementa-el-plan-de-vigilancia-y-patrullaje-por-el-fin-de-semana-feriado\/","smart_links":{"inbound":0,"outbound":0},"traffic_boost_suggestions_count":0,"meta":{"@context":"https:\/\/schema.org","@type":"NewsArticle","headline":"Se implementa el plan de vigilancia y patrullaje por el fin de semana feriado","url":"http:\/\/noticiasya.com\/el-valle\/2022\/07\/01\/se-implementa-el-plan-de-vigilancia-y-patrullaje-por-el-fin-de-semana-feriado\/","mainEntityOfPage":{"@type":"WebPage","@id":"http:\/\/noticiasya.com\/el-valle\/2022\/07\/01\/se-implementa-el-plan-de-vigilancia-y-patrullaje-por-el-fin-de-semana-feriado\/"},"thumbnailUrl":"","image":{"@type":"ImageObject","url":""},"articleSection":"Comunidad","author":[{"@type":"Person","name":"agomez"}],"creator":["agomez"],"publisher":{"@type":"Organization","name":"Noticias","logo":""},"keywords":["4 de julio","patrulla","vigilancia"],"dateCreated":"2022-07-01T22:02:39Z","datePublished":"2022-07-01T22:02:39Z","dateModified":"2022-07-01T22:02:39Z"},"rendered":"<script type=\"application\/ld+json\" class=\"wp-parsely-metadata\">{\"@context\":\"https:\\\/\\\/schema.org\",\"@type\":\"NewsArticle\",\"headline\":\"Se implementa el plan de vigilancia y patrullaje por el fin de semana feriado\",\"url\":\"http:\\\/\\\/noticiasya.com\\\/el-valle\\\/2022\\\/07\\\/01\\\/se-implementa-el-plan-de-vigilancia-y-patrullaje-por-el-fin-de-semana-feriado\\\/\",\"mainEntityOfPage\":{\"@type\":\"WebPage\",\"@id\":\"http:\\\/\\\/noticiasya.com\\\/el-valle\\\/2022\\\/07\\\/01\\\/se-implementa-el-plan-de-vigilancia-y-patrullaje-por-el-fin-de-semana-feriado\\\/\"},\"thumbnailUrl\":\"\",\"image\":{\"@type\":\"ImageObject\",\"url\":\"\"},\"articleSection\":\"Comunidad\",\"author\":[{\"@type\":\"Person\",\"name\":\"agomez\"}],\"creator\":[\"agomez\"],\"publisher\":{\"@type\":\"Organization\",\"name\":\"Noticias\",\"logo\":\"\"},\"keywords\":[\"4 de julio\",\"patrulla\",\"vigilancia\"],\"dateCreated\":\"2022-07-01T22:02:39Z\",\"datePublished\":\"2022-07-01T22:02:39Z\",\"dateModified\":\"2022-07-01T22:02:39Z\"}<\/script>","tracker_url":"https:\/\/cdn.parsely.com\/keys\/noticiasya.com\/p.js"},"jetpack_featured_media_url":"","jetpack-related-posts":[{"id":1410532,"url":"https:\/\/noticiasya.com\/el-valle\/2022\/07\/04\/4-de-julio-un-dia-de-excesos-por-la-celebracion-de-la-independencia\/","url_meta":{"origin":1410326,"position":0},"title":"4 de julio un d\u00eda de excesos por la celebraci\u00f3n de la independencia","author":"agomez","date":"julio 4, 2022","format":"video","excerpt":"Se incrementan los casos de personas que manejan en estado inconveniente bajo los efectos del alcohol provocando accidentes mortales","rel":"","context":"In &quot;Comunidad&quot;","block_context":{"text":"Comunidad","link":"https:\/\/noticiasya.com\/el-valle\/categoria\/comunidad"},"img":{"alt_text":"","src":"","width":0,"height":0},"classes":[]},{"id":1411634,"url":"https:\/\/noticiasya.com\/el-valle\/2022\/07\/08\/alcalde-pone-en-marcha-festejos-de-pride-en-san-diego-seguridad-es-prioridad\/","url_meta":{"origin":1410326,"position":1},"title":"Alcalde pone en marcha festejos de Pride en San Diego; seguridad es prioridad","author":"agomez","date":"julio 8, 2022","format":"video","excerpt":"Desde este s\u00e1bado, 9 de julio, inician los eventos programados para el Pride de San Diego.","rel":"","context":"In &quot;Comunidad&quot;","block_context":{"text":"Comunidad","link":"https:\/\/noticiasya.com\/el-valle\/categoria\/comunidad"},"img":{"alt_text":"","src":"","width":0,"height":0},"classes":[]},{"id":1422942,"url":"https:\/\/noticiasya.com\/el-valle\/2022\/08\/29\/salen-de-las-calles-377-armas-de-fuego-a-cambio-de-tarjetas-de-regalo\/","url_meta":{"origin":1410326,"position":2},"title":"Salen de las calles 377 armas de fuego a cambio de tarjetas de regalo","author":"agomez","date":"agosto 29, 2022","format":false,"excerpt":"El gran evento se realiz\u00f3 este domingo, 28 de agosto, en el Vista Traffic Court Parking Lot, al norte del condado.","rel":"","context":"In &quot;Comunidad&quot;","block_context":{"text":"Comunidad","link":"https:\/\/noticiasya.com\/el-valle\/categoria\/comunidad"},"img":{"alt_text":"","src":"","width":0,"height":0},"classes":[]},{"id":1417628,"url":"https:\/\/noticiasya.com\/el-valle\/2022\/08\/03\/videoautoridades-crean-lazos-con-la-comunidad-durante-el-evento-national-night-out\/","url_meta":{"origin":1410326,"position":3},"title":"VIDEO: Autoridades crean lazos con la comunidad durante el evento National Night Out","author":"agomez","date":"agosto 3, 2022","format":"video","excerpt":"Las autoridades informaron sobre una app de apoyo donde los residentes ciudadanos pueden consultar los cr\u00edmenes que ocurren en el \u00e1rea donde viven.","rel":"","context":"In &quot;Comunidad&quot;","block_context":{"text":"Comunidad","link":"https:\/\/noticiasya.com\/el-valle\/categoria\/comunidad"},"img":{"alt_text":"","src":"http:\/\/dailymotion.com\/thumbnail\/video\/x8cug1x?autoplay=1","width":350,"height":200},"classes":[]},{"id":1466242,"url":"https:\/\/noticiasya.com\/el-valle\/2025\/09\/07\/chicago-dia-independencia-mexico-inmigracion-trax\/","url_meta":{"origin":1410326,"position":4},"title":"En Chicago, las celebraciones del D\u00eda de la Independencia de M\u00e9xico se ven opacadas por amenazas de redadas del ICE","author":"agomez","date":"septiembre 7, 2025","format":false,"excerpt":"En el suroeste de Chicago, la m\u00fasica retumbaba y las banderas verde, blanca y roja ondeaban por las calles del barrio mayoritariamente latino de Pilsen, donde el s\u00e1bado multitudes se reunieron para dar inicio a las celebraciones del D\u00eda de la Independencia de M\u00e9xico.Artistas disfrazados y ni\u00f1os con canastas llenas\u2026","rel":"","context":"In &quot;Noticias Nacionales&quot;","block_context":{"text":"Noticias Nacionales","link":"https:\/\/noticiasya.com\/el-valle\/categoria\/noticias-nacionales"},"img":{"alt_text":"","src":"","width":0,"height":0},"classes":[]},{"id":1467936,"url":"https:\/\/noticiasya.com\/el-valle\/2025\/11\/01\/ataque-terrorista-michigan-trax\/","url_meta":{"origin":1410326,"position":5},"title":"Frustrado ataque terrorista en Michigan: esto es lo que sabemos y lo que no sabemos sobre lo sucedido","author":"","date":"noviembre 1, 2025","format":false,"excerpt":"Una referencia cr\u00edptica al \u201cd\u00eda de las calabazas\u201d. Una conversaci\u00f3n en l\u00ednea sobre un ataque inspirado por el ISIS. Una visita a un campo de tiro para practicar recargas r\u00e1pidas con AK-47.El FBI frustr\u00f3 un posible ataque terrorista durante el fin de semana de Halloween, seg\u00fan una publicaci\u00f3n en redes\u2026","rel":"","context":"In &quot;Noticias Nacionales&quot;","block_context":{"text":"Noticias Nacionales","link":"https:\/\/noticiasya.com\/el-valle\/categoria\/noticias-nacionales"},"img":{"alt_text":"","src":"","width":0,"height":0},"classes":[]}],"jetpack_sharing_enabled":true,"_links":{"self":[{"href":"https:\/\/noticiasya.com\/el-valle\/wp-json\/wp\/v2\/posts\/1410326","targetHints":{"allow":["GET"]}}],"collection":[{"href":"https:\/\/noticiasya.com\/el-valle\/wp-json\/wp\/v2\/posts"}],"about":[{"href":"https:\/\/noticiasya.com\/el-valle\/wp-json\/wp\/v2\/types\/post"}],"author":[{"embeddable":true,"href":"https:\/\/noticiasya.com\/el-valle\/wp-json\/wp\/v2\/users\/14"}],"replies":[{"embeddable":true,"href":"https:\/\/noticiasya.com\/el-valle\/wp-json\/wp\/v2\/comments?post=1410326"}],"version-history":[{"count":0,"href":"https:\/\/noticiasya.com\/el-valle\/wp-json\/wp\/v2\/posts\/1410326\/revisions"}],"wp:attachment":[{"href":"https:\/\/noticiasya.com\/el-valle\/wp-json\/wp\/v2\/media?parent=1410326"}],"wp:term":[{"taxonomy":"category","embeddable":true,"href":"https:\/\/noticiasya.com\/el-valle\/wp-json\/wp\/v2\/categories?post=1410326"},{"taxonomy":"post_tag","embeddable":true,"href":"https:\/\/noticiasya.com\/el-valle\/wp-json\/wp\/v2\/tags?post=1410326"}],"curies":[{"name":"wp","href":"https:\/\/api.w.org\/{rel}","templated":true}]}}