{"id":1443520,"date":"2024-01-11T07:33:31","date_gmt":"2024-01-11T15:33:31","guid":{"rendered":"https:\/\/wordpress-vip.entravision.com\/noticias\/?p=1443520"},"modified":"2024-01-11T07:33:31","modified_gmt":"2024-01-11T15:33:31","slug":"tornado-en-ciudad-de-panama-fue-ef-3-segun-estudio-preliminar","status":"publish","type":"post","link":"https:\/\/noticiasya.com\/el-valle\/2024\/01\/11\/tornado-en-ciudad-de-panama-fue-ef-3-segun-estudio-preliminar\/","title":{"rendered":"Tornado en Ciudad de Panam\u00e1 fue EF-3, seg\u00fan estudio preliminar"},"content":{"rendered":"<p>(CNN) &#8211;El Servicio Meteorol\u00f3gico Nacional en Tallahassee public\u00f3 estudios preliminares sobre los tornados que impactaron el \u00e1rea este martes.<\/p>\n<p>Para el tornado que se movi\u00f3 desde Lower Grand Lagoon hasta la ciudad de Panam\u00e1, publicaron un estudio preliminar de da\u00f1os que muestra que fue clasificado como EF-3 (vientos entre 218 km\/h y 265 km\/h). La longitud y el ancho de la pista a\u00fan se est\u00e1n determinando, junto con la velocidad m\u00e1xima del viento, y se enviar\u00e1n en los pr\u00f3ximos d\u00edas.<\/p>\n<p>El tornado que viaj\u00f3 desde Lynn Haven hasta Deer Park Lake tiene una clasificaci\u00f3n preliminar de EF-2 (vientos de 178 a 217,261 km\/h). La longitud y el ancho de la pista a\u00fan se est\u00e1n determinando junto con las velocidades m\u00e1ximas del viento.<\/p>\n<p>Otro tornado notable fue el que atraves\u00f3 un parque de casas rodantes en Rooks Drive, que el NWS calific\u00f3 como EF-2 con vientos m\u00e1ximos estimados de 125 mph. El tornado dur\u00f3 de 6:25 am a 6:43 am, tuvo una longitud de trayectoria estimada de 16,5 millas y un ancho m\u00e1ximo de 600 yardas. La oficina del NWS Tallahassee inform\u00f3 que hubo 7 heridos asociados con este tornado en particular.<\/p>\n<p>The-CNN-Wire<br \/>\u2122 &amp; \u00a9 2024 Cable News Network, Inc., a Warner Bros. Discovery Company. All rights reserved.<\/p>\n","protected":false},"excerpt":{"rendered":"<p>(CNN) &#8211;El Servicio Meteorol\u00f3gico Nacional en Tallahassee public\u00f3 estudios preliminares sobre los tornados que impactaron el \u00e1rea este martes. Para el tornado que se movi\u00f3 desde Lower Grand Lagoon hasta la ciudad de Panam\u00e1, publicaron un estudio preliminar de da\u00f1os que muestra que fue clasificado como EF-3 (vientos entre 218 km\/h y 265 km\/h). La [&hellip;]<\/p>\n","protected":false},"author":0,"featured_media":0,"comment_status":"open","ping_status":"open","sticky":false,"template":"","format":"standard","meta":{"_jetpack_memberships_contains_paid_content":false,"footnotes":""},"categories":[10],"tags":[],"class_list":["post-1443520","post","type-post","status-publish","format-standard","hentry","category-noticias-nacionales","market-global"],"yoast_head":"<!-- This site is optimized with the Yoast SEO plugin v24.4 - https:\/\/yoast.com\/wordpress\/plugins\/seo\/ -->\n<title>Tornado en Ciudad de Panam\u00e1 fue EF-3, seg\u00fan estudio preliminar - Noticias<\/title>\n<meta name=\"robots\" content=\"index, follow, max-snippet:-1, max-image-preview:large, max-video-preview:-1\" \/>\n<link rel=\"canonical\" href=\"https:\/\/noticiasya.com\/2024\/01\/11\/tornado-en-ciudad-de-panama-fue-ef-3-segun-estudio-preliminar\/\" \/>\n<meta property=\"og:locale\" content=\"es_ES\" \/>\n<meta property=\"og:type\" content=\"article\" \/>\n<meta property=\"og:title\" content=\"Tornado en Ciudad de Panam\u00e1 fue EF-3, seg\u00fan estudio preliminar - Noticias\" \/>\n<meta property=\"og:description\" content=\"(CNN) &#8211;El Servicio Meteorol\u00f3gico Nacional en Tallahassee public\u00f3 estudios preliminares sobre los tornados que impactaron el \u00e1rea este martes. Para el tornado que se movi\u00f3 desde Lower Grand Lagoon hasta la ciudad de Panam\u00e1, publicaron un estudio preliminar de da\u00f1os que muestra que fue clasificado como EF-3 (vientos entre 218 km\/h y 265 km\/h). La [&hellip;]\" \/>\n<meta property=\"og:url\" content=\"https:\/\/noticiasya.com\/2024\/01\/11\/tornado-en-ciudad-de-panama-fue-ef-3-segun-estudio-preliminar\/\" \/>\n<meta property=\"og:site_name\" content=\"Noticias\" \/>\n<meta property=\"article:published_time\" content=\"2024-01-11T15:33:31+00:00\" \/>\n<meta name=\"twitter:card\" content=\"summary_large_image\" \/>\n<meta name=\"twitter:label1\" content=\"Est. reading time\" \/>\n\t<meta name=\"twitter:data1\" content=\"1 minuto\" \/>\n<script type=\"application\/ld+json\" class=\"yoast-schema-graph\">{\"@context\":\"https:\/\/schema.org\",\"@graph\":[{\"@type\":\"Article\",\"@id\":\"https:\/\/noticiasya.com\/2024\/01\/11\/tornado-en-ciudad-de-panama-fue-ef-3-segun-estudio-preliminar\/#article\",\"isPartOf\":{\"@id\":\"https:\/\/noticiasya.com\/2024\/01\/11\/tornado-en-ciudad-de-panama-fue-ef-3-segun-estudio-preliminar\/\"},\"author\":{\"name\":\"\",\"@id\":\"\"},\"headline\":\"Tornado en Ciudad de Panam\u00e1 fue EF-3, seg\u00fan estudio preliminar\",\"datePublished\":\"2024-01-11T15:33:31+00:00\",\"mainEntityOfPage\":{\"@id\":\"https:\/\/noticiasya.com\/2024\/01\/11\/tornado-en-ciudad-de-panama-fue-ef-3-segun-estudio-preliminar\/\"},\"wordCount\":223,\"commentCount\":0,\"publisher\":{\"@id\":\"https:\/\/noticiasya.com\/#organization\"},\"articleSection\":[\"Noticias Nacionales\"],\"inLanguage\":\"es\",\"potentialAction\":[{\"@type\":\"CommentAction\",\"name\":\"Comment\",\"target\":[\"https:\/\/noticiasya.com\/2024\/01\/11\/tornado-en-ciudad-de-panama-fue-ef-3-segun-estudio-preliminar\/#respond\"]}]},{\"@type\":\"WebPage\",\"@id\":\"https:\/\/noticiasya.com\/2024\/01\/11\/tornado-en-ciudad-de-panama-fue-ef-3-segun-estudio-preliminar\/\",\"url\":\"https:\/\/noticiasya.com\/2024\/01\/11\/tornado-en-ciudad-de-panama-fue-ef-3-segun-estudio-preliminar\/\",\"name\":\"Tornado en Ciudad de Panam\u00e1 fue EF-3, seg\u00fan estudio preliminar - Noticias\",\"isPartOf\":{\"@id\":\"https:\/\/noticiasya.com\/#website\"},\"datePublished\":\"2024-01-11T15:33:31+00:00\",\"breadcrumb\":{\"@id\":\"https:\/\/noticiasya.com\/2024\/01\/11\/tornado-en-ciudad-de-panama-fue-ef-3-segun-estudio-preliminar\/#breadcrumb\"},\"inLanguage\":\"es\",\"potentialAction\":[{\"@type\":\"ReadAction\",\"target\":[\"https:\/\/noticiasya.com\/2024\/01\/11\/tornado-en-ciudad-de-panama-fue-ef-3-segun-estudio-preliminar\/\"]}]},{\"@type\":\"BreadcrumbList\",\"@id\":\"https:\/\/noticiasya.com\/2024\/01\/11\/tornado-en-ciudad-de-panama-fue-ef-3-segun-estudio-preliminar\/#breadcrumb\",\"itemListElement\":[{\"@type\":\"ListItem\",\"position\":1,\"name\":\"Home\",\"item\":\"https:\/\/noticiasya.com\/\"},{\"@type\":\"ListItem\",\"position\":2,\"name\":\"Tornado en Ciudad de Panam\u00e1 fue EF-3, seg\u00fan estudio preliminar\"}]},{\"@type\":\"WebSite\",\"@id\":\"https:\/\/noticiasya.com\/#website\",\"url\":\"https:\/\/noticiasya.com\/\",\"name\":\"Noticias\",\"description\":\"Lo que importa\",\"publisher\":{\"@id\":\"https:\/\/noticiasya.com\/#organization\"},\"potentialAction\":[{\"@type\":\"SearchAction\",\"target\":{\"@type\":\"EntryPoint\",\"urlTemplate\":\"https:\/\/noticiasya.com\/?s={search_term_string}\"},\"query-input\":{\"@type\":\"PropertyValueSpecification\",\"valueRequired\":true,\"valueName\":\"search_term_string\"}}],\"inLanguage\":\"es\"},{\"@type\":\"Organization\",\"@id\":\"https:\/\/noticiasya.com\/#organization\",\"name\":\"Noticias\",\"url\":\"https:\/\/noticiasya.com\/\",\"logo\":{\"@type\":\"ImageObject\",\"inLanguage\":\"es\",\"@id\":\"https:\/\/noticiasya.com\/#\/schema\/logo\/image\/\",\"url\":\"https:\/\/noticiasya.com\/wp-content\/uploads\/sites\/22\/2023\/12\/logo-nacional.png\",\"contentUrl\":\"https:\/\/noticiasya.com\/wp-content\/uploads\/sites\/22\/2023\/12\/logo-nacional.png\",\"width\":1801,\"height\":691,\"caption\":\"Noticias\"},\"image\":{\"@id\":\"https:\/\/noticiasya.com\/#\/schema\/logo\/image\/\"}}]}<\/script>\n<!-- \/ Yoast SEO plugin. -->","yoast_head_json":{"title":"Tornado en Ciudad de Panam\u00e1 fue EF-3, seg\u00fan estudio preliminar - Noticias","robots":{"index":"index","follow":"follow","max-snippet":"max-snippet:-1","max-image-preview":"max-image-preview:large","max-video-preview":"max-video-preview:-1"},"canonical":"https:\/\/noticiasya.com\/2024\/01\/11\/tornado-en-ciudad-de-panama-fue-ef-3-segun-estudio-preliminar\/","og_locale":"es_ES","og_type":"article","og_title":"Tornado en Ciudad de Panam\u00e1 fue EF-3, seg\u00fan estudio preliminar - Noticias","og_description":"(CNN) &#8211;El Servicio Meteorol\u00f3gico Nacional en Tallahassee public\u00f3 estudios preliminares sobre los tornados que impactaron el \u00e1rea este martes. Para el tornado que se movi\u00f3 desde Lower Grand Lagoon hasta la ciudad de Panam\u00e1, publicaron un estudio preliminar de da\u00f1os que muestra que fue clasificado como EF-3 (vientos entre 218 km\/h y 265 km\/h). La [&hellip;]","og_url":"https:\/\/noticiasya.com\/2024\/01\/11\/tornado-en-ciudad-de-panama-fue-ef-3-segun-estudio-preliminar\/","og_site_name":"Noticias","article_published_time":"2024-01-11T15:33:31+00:00","twitter_card":"summary_large_image","twitter_misc":{"Est. reading time":"1 minuto"},"schema":{"@context":"https:\/\/schema.org","@graph":[{"@type":"Article","@id":"https:\/\/noticiasya.com\/2024\/01\/11\/tornado-en-ciudad-de-panama-fue-ef-3-segun-estudio-preliminar\/#article","isPartOf":{"@id":"https:\/\/noticiasya.com\/2024\/01\/11\/tornado-en-ciudad-de-panama-fue-ef-3-segun-estudio-preliminar\/"},"author":{"name":"","@id":""},"headline":"Tornado en Ciudad de Panam\u00e1 fue EF-3, seg\u00fan estudio preliminar","datePublished":"2024-01-11T15:33:31+00:00","mainEntityOfPage":{"@id":"https:\/\/noticiasya.com\/2024\/01\/11\/tornado-en-ciudad-de-panama-fue-ef-3-segun-estudio-preliminar\/"},"wordCount":223,"commentCount":0,"publisher":{"@id":"https:\/\/noticiasya.com\/#organization"},"articleSection":["Noticias Nacionales"],"inLanguage":"es","potentialAction":[{"@type":"CommentAction","name":"Comment","target":["https:\/\/noticiasya.com\/2024\/01\/11\/tornado-en-ciudad-de-panama-fue-ef-3-segun-estudio-preliminar\/#respond"]}]},{"@type":"WebPage","@id":"https:\/\/noticiasya.com\/2024\/01\/11\/tornado-en-ciudad-de-panama-fue-ef-3-segun-estudio-preliminar\/","url":"https:\/\/noticiasya.com\/2024\/01\/11\/tornado-en-ciudad-de-panama-fue-ef-3-segun-estudio-preliminar\/","name":"Tornado en Ciudad de Panam\u00e1 fue EF-3, seg\u00fan estudio preliminar - Noticias","isPartOf":{"@id":"https:\/\/noticiasya.com\/#website"},"datePublished":"2024-01-11T15:33:31+00:00","breadcrumb":{"@id":"https:\/\/noticiasya.com\/2024\/01\/11\/tornado-en-ciudad-de-panama-fue-ef-3-segun-estudio-preliminar\/#breadcrumb"},"inLanguage":"es","potentialAction":[{"@type":"ReadAction","target":["https:\/\/noticiasya.com\/2024\/01\/11\/tornado-en-ciudad-de-panama-fue-ef-3-segun-estudio-preliminar\/"]}]},{"@type":"BreadcrumbList","@id":"https:\/\/noticiasya.com\/2024\/01\/11\/tornado-en-ciudad-de-panama-fue-ef-3-segun-estudio-preliminar\/#breadcrumb","itemListElement":[{"@type":"ListItem","position":1,"name":"Home","item":"https:\/\/noticiasya.com\/"},{"@type":"ListItem","position":2,"name":"Tornado en Ciudad de Panam\u00e1 fue EF-3, seg\u00fan estudio preliminar"}]},{"@type":"WebSite","@id":"https:\/\/noticiasya.com\/#website","url":"https:\/\/noticiasya.com\/","name":"Noticias","description":"Lo que importa","publisher":{"@id":"https:\/\/noticiasya.com\/#organization"},"potentialAction":[{"@type":"SearchAction","target":{"@type":"EntryPoint","urlTemplate":"https:\/\/noticiasya.com\/?s={search_term_string}"},"query-input":{"@type":"PropertyValueSpecification","valueRequired":true,"valueName":"search_term_string"}}],"inLanguage":"es"},{"@type":"Organization","@id":"https:\/\/noticiasya.com\/#organization","name":"Noticias","url":"https:\/\/noticiasya.com\/","logo":{"@type":"ImageObject","inLanguage":"es","@id":"https:\/\/noticiasya.com\/#\/schema\/logo\/image\/","url":"https:\/\/noticiasya.com\/wp-content\/uploads\/sites\/22\/2023\/12\/logo-nacional.png","contentUrl":"https:\/\/noticiasya.com\/wp-content\/uploads\/sites\/22\/2023\/12\/logo-nacional.png","width":1801,"height":691,"caption":"Noticias"},"image":{"@id":"https:\/\/noticiasya.com\/#\/schema\/logo\/image\/"}}]}},"parsely":{"version":"1.1.0","canonical_url":"https:\/\/noticiasya.com\/el-valle\/2024\/01\/11\/tornado-en-ciudad-de-panama-fue-ef-3-segun-estudio-preliminar\/","smart_links":{"inbound":0,"outbound":0},"traffic_boost_suggestions_count":0,"meta":{"@context":"https:\/\/schema.org","@type":"NewsArticle","headline":"Tornado en Ciudad de Panam\u00e1 fue EF-3, seg\u00fan estudio preliminar","url":"http:\/\/noticiasya.com\/el-valle\/2024\/01\/11\/tornado-en-ciudad-de-panama-fue-ef-3-segun-estudio-preliminar\/","mainEntityOfPage":{"@type":"WebPage","@id":"http:\/\/noticiasya.com\/el-valle\/2024\/01\/11\/tornado-en-ciudad-de-panama-fue-ef-3-segun-estudio-preliminar\/"},"thumbnailUrl":"","image":{"@type":"ImageObject","url":""},"articleSection":"Noticias Nacionales","author":[],"creator":[],"publisher":{"@type":"Organization","name":"Noticias","logo":""},"keywords":[],"dateCreated":"2024-01-11T15:33:31Z","datePublished":"2024-01-11T15:33:31Z","dateModified":"2024-01-11T15:33:31Z"},"rendered":"<script type=\"application\/ld+json\" class=\"wp-parsely-metadata\">{\"@context\":\"https:\\\/\\\/schema.org\",\"@type\":\"NewsArticle\",\"headline\":\"Tornado en Ciudad de Panam\\u00e1 fue EF-3, seg\\u00fan estudio preliminar\",\"url\":\"http:\\\/\\\/noticiasya.com\\\/el-valle\\\/2024\\\/01\\\/11\\\/tornado-en-ciudad-de-panama-fue-ef-3-segun-estudio-preliminar\\\/\",\"mainEntityOfPage\":{\"@type\":\"WebPage\",\"@id\":\"http:\\\/\\\/noticiasya.com\\\/el-valle\\\/2024\\\/01\\\/11\\\/tornado-en-ciudad-de-panama-fue-ef-3-segun-estudio-preliminar\\\/\"},\"thumbnailUrl\":\"\",\"image\":{\"@type\":\"ImageObject\",\"url\":\"\"},\"articleSection\":\"Noticias Nacionales\",\"author\":[],\"creator\":[],\"publisher\":{\"@type\":\"Organization\",\"name\":\"Noticias\",\"logo\":\"\"},\"keywords\":[],\"dateCreated\":\"2024-01-11T15:33:31Z\",\"datePublished\":\"2024-01-11T15:33:31Z\",\"dateModified\":\"2024-01-11T15:33:31Z\"}<\/script>","tracker_url":"https:\/\/cdn.parsely.com\/keys\/noticiasya.com\/p.js"},"jetpack_featured_media_url":"","jetpack-related-posts":[{"id":1472119,"url":"https:\/\/noticiasya.com\/el-valle\/2026\/03\/12\/tormentas-severas-avanzan-este-tornado-mortal-trax\/","url_meta":{"origin":1443520,"position":0},"title":"Tormentas severas avanzan hacia el este de EE.UU. tras tornado mortal","author":"","date":"marzo 12, 2026","format":false,"excerpt":"Una l\u00ednea de turbonadas con fuertes lluvias y frecuentes rel\u00e1mpagos avanza por el sureste la madrugada del jueves.Como consecuencia, se mantienen los avisos por tornado en Alabama y Georgia, donde podr\u00edan formarse r\u00e1pidamente a lo largo de la l\u00ednea fronteriza mutua. Los vientos destructivos en l\u00ednea recta siguen siendo la\u2026","rel":"","context":"In &quot;Noticias Nacionales&quot;","block_context":{"text":"Noticias Nacionales","link":"https:\/\/noticiasya.com\/el-valle\/categoria\/noticias-nacionales"},"img":{"alt_text":"","src":"","width":0,"height":0},"classes":[]},{"id":1467162,"url":"https:\/\/noticiasya.com\/el-valle\/2025\/10\/06\/primer-tornado-ef5-decada-estados-unidos-trax\/","url_meta":{"origin":1443520,"position":1},"title":"Expertos confirman el primer tornado EF5 en m\u00e1s de una d\u00e9cada en Estados Unidos","author":"","date":"octubre 6, 2025","format":false,"excerpt":"Un raro y monstruoso tornado EF5 que azot\u00f3 Estados Unidos hace m\u00e1s de tres meses fue confirmado como el primero de su tipo en m\u00e1s de una d\u00e9cada, anunciaron expertos este lunes.Un tornado que rugi\u00f3 a trav\u00e9s de una parte del este de Dakota del Norte en junio y mat\u00f3\u2026","rel":"","context":"In &quot;Noticias Nacionales&quot;","block_context":{"text":"Noticias Nacionales","link":"https:\/\/noticiasya.com\/el-valle\/categoria\/noticias-nacionales"},"img":{"alt_text":"","src":"","width":0,"height":0},"classes":[]},{"id":1473525,"url":"https:\/\/noticiasya.com\/el-valle\/2026\/04\/27\/tormentas-severas-intensifica-estados-unidos-trax\/","url_meta":{"origin":1443520,"position":2},"title":"Un brote de tormentas severas de varios d\u00edas se intensifica hacia un peligroso punto m\u00e1ximo este lunes","author":"","date":"abril 27, 2026","format":false,"excerpt":"Partes del Medio Oeste de Estados Unidos, incluida gran parte de Illinois, podr\u00edan enfrentar este lunes la amenaza de tornados violentos, de categor\u00eda EF3 o superior, mientras un brote de tiempo severo de varios d\u00edas entra en lo que podr\u00eda ser su fase m\u00e1s peligrosa hasta ahora.Vientos da\u00f1inos generalizados, granizo\u2026","rel":"","context":"In &quot;Noticias Nacionales&quot;","block_context":{"text":"Noticias Nacionales","link":"https:\/\/noticiasya.com\/el-valle\/categoria\/noticias-nacionales"},"img":{"alt_text":"","src":"","width":0,"height":0},"classes":[]},{"id":1448626,"url":"https:\/\/noticiasya.com\/el-valle\/2024\/04\/27\/brote-tornados-oklahoma-causa-llamados-mientras-amenaza-fuertes-tormentas-continua-desde-missouri-hasta-texas-trax\/","url_meta":{"origin":1443520,"position":3},"title":"Brote de tornados en Oklahoma causa llamados a resguardarse mientras la amenaza de fuertes tormentas contin\u00faa desde Missouri hasta Texas","author":"","date":"abril 27, 2024","format":false,"excerpt":"(CNN) -- La amenaza de fuertes tormentas que generan tornados contin\u00faa este domingo desde Missouri hasta Texas, donde es posible que se produzcan m\u00e1s tornados, lluvias intensas y granizo grande, mientras las comunidades en Nebraska e Iowa eval\u00faan la destrucci\u00f3n que las tormentas ya han dejado.Un brote de tornados en\u2026","rel":"","context":"In &quot;Noticias Nacionales&quot;","block_context":{"text":"Noticias Nacionales","link":"https:\/\/noticiasya.com\/el-valle\/categoria\/noticias-nacionales"},"img":{"alt_text":"","src":"","width":0,"height":0},"classes":[]},{"id":1460265,"url":"https:\/\/noticiasya.com\/el-valle\/2025\/03\/22\/tornado-arkansas-hogar-familiar-trax\/","url_meta":{"origin":1443520,"position":4},"title":"Su casa fue alcanzada por un tornado hace casi un a\u00f1o. Otro la destruy\u00f3 por completo el pasado fin de semana","author":"","date":"marzo 22, 2025","format":false,"excerpt":"Misty Drope estaba ansiosa. Mientras trabajaba el viernes 14 de marzo, una sensaci\u00f3n de terror la acompa\u00f1aba. Esa noche se avecinaban fuertes tormentas en Paragould, Arkansas. Llevaba toda la semana oyendo hablar de ellas en las noticias. Era probable que se produjeran tornados.\u201cIntento decirme a m\u00ed misma que no hay\u2026","rel":"","context":"In &quot;Noticias Nacionales&quot;","block_context":{"text":"Noticias Nacionales","link":"https:\/\/noticiasya.com\/el-valle\/categoria\/noticias-nacionales"},"img":{"alt_text":"","src":"","width":0,"height":0},"classes":[]},{"id":1456602,"url":"https:\/\/noticiasya.com\/el-valle\/2024\/12\/14\/advertencia-tornado-san-francisco-historia-trax\/","url_meta":{"origin":1443520,"position":5},"title":"Emiten la primera avertencia de tornado de la historia para el centro de San Francisco","author":"","date":"diciembre 14, 2024","format":false,"excerpt":"Por primera vez en la historia registrada, el centro de San Francisco recibi\u00f3 una advertencia de tornado este s\u00e1bado mientras tormentas severas azotaban la ciudad, justo una semana despu\u00e9s de que una advertencia de tsunami causara p\u00e1nico en la regi\u00f3n.El Departamento de Gesti\u00f3n de Emergencias de San Francisco (SFDEM) confirm\u00f3\u2026","rel":"","context":"In &quot;Noticias Nacionales&quot;","block_context":{"text":"Noticias Nacionales","link":"https:\/\/noticiasya.com\/el-valle\/categoria\/noticias-nacionales"},"img":{"alt_text":"","src":"","width":0,"height":0},"classes":[]}],"jetpack_sharing_enabled":true,"_links":{"self":[{"href":"https:\/\/noticiasya.com\/el-valle\/wp-json\/wp\/v2\/posts\/1443520","targetHints":{"allow":["GET"]}}],"collection":[{"href":"https:\/\/noticiasya.com\/el-valle\/wp-json\/wp\/v2\/posts"}],"about":[{"href":"https:\/\/noticiasya.com\/el-valle\/wp-json\/wp\/v2\/types\/post"}],"replies":[{"embeddable":true,"href":"https:\/\/noticiasya.com\/el-valle\/wp-json\/wp\/v2\/comments?post=1443520"}],"version-history":[{"count":1,"href":"https:\/\/noticiasya.com\/el-valle\/wp-json\/wp\/v2\/posts\/1443520\/revisions"}],"predecessor-version":[{"id":1443537,"href":"https:\/\/noticiasya.com\/el-valle\/wp-json\/wp\/v2\/posts\/1443520\/revisions\/1443537"}],"wp:attachment":[{"href":"https:\/\/noticiasya.com\/el-valle\/wp-json\/wp\/v2\/media?parent=1443520"}],"wp:term":[{"taxonomy":"category","embeddable":true,"href":"https:\/\/noticiasya.com\/el-valle\/wp-json\/wp\/v2\/categories?post=1443520"},{"taxonomy":"post_tag","embeddable":true,"href":"https:\/\/noticiasya.com\/el-valle\/wp-json\/wp\/v2\/tags?post=1443520"}],"curies":[{"name":"wp","href":"https:\/\/api.w.org\/{rel}","templated":true}]}}