{"id":1444368,"date":"2024-01-24T14:33:42","date_gmt":"2024-01-24T22:33:42","guid":{"rendered":"https:\/\/wordpress-vip.entravision.com\/noticias\/?p=1444368"},"modified":"2024-01-24T14:33:42","modified_gmt":"2024-01-24T22:33:42","slug":"america-ferrera-dice-que-esta-sorprendida-por-su-nominacion-al-oscar-por-barbie","status":"publish","type":"post","link":"https:\/\/noticiasya.com\/el-valle\/2024\/01\/24\/america-ferrera-dice-que-esta-sorprendida-por-su-nominacion-al-oscar-por-barbie\/","title":{"rendered":"America Ferrera dice que est\u00e1 &#171;sorprendida&#187; por su nominaci\u00f3n al Oscar por &#8216;Barbie&#8217;"},"content":{"rendered":"<p>(CNN) &#8212;\u00a0\u00a0 Si bien ha habido algunas dudas sobre algunos contendientes pasados \u200b\u200bpor alto que no fueron nominados a los Oscar por la pel\u00edcula &#171;Barbie&#187; el martes, la inesperada nominaci\u00f3n de America Ferrera como mejor actriz de reparto es sin duda algo digno de celebrar.<\/p>\n<p>&#171;Estoy at\u00f3nita y muy conmovida por ser nominada entre los artistas brillantes que realizaron un trabajo hermoso e importante este a\u00f1o&#187;, dijo Ferrera en un comunicado enviado a CNN m\u00e1s tarde el martes.<\/p>\n<p>Su declaraci\u00f3n continuaba: \u201cEstoy muy orgullosa de poder traer representaci\u00f3n latin\u00e9 a los Premios de la Academia de este a\u00f1o, junto con mis compa\u00f1eros latin\u00e9 nominados. \u00a1Que siga creciendo la diversidad de voces reconocidas por la Academia!\u201d. (Latin\u00e9 es un identificador de g\u00e9nero neutro utilizado en la comunidad LGBTQ+ de Am\u00e9rica Latina, similar a &#171;latinx&#187;).<\/p>\n<p>Nacida en Estados Unidos de padres que emigraron de Honduras, Ferrera fue una de las tres personas de color nominadas en la categor\u00eda de actriz de reparto, junto a Da&#8217;Vine Joy Randolph por &#171;The Holdovers&#187; y Danielle Brooks por &#171;The Color Purple&#187;.<\/p>\n<p>Am\u00e9rica Ferrera en &#171;Barbie&#187;. Cortes\u00eda de Warner Bros. Pictures<\/p>\n<p>Emily Blunt de \u201cOppenheimer\u201d y Jodie Foster en \u201cNyad\u201d completan la categor\u00eda de nominados. Esta es la primera nominaci\u00f3n al Oscar de Ferrera.<\/p>\n<p>La estrella de \u201cUgly Betty\u201d pronunci\u00f3 uno de los mon\u00f3logos cinematogr\u00e1ficos m\u00e1s empoderadores del a\u00f1o cuando su personaje de \u201cBarbie\u201d, Gloria, dio una apasionada charla feminista sobre las muy identificables y conflictivas expectativas de ser mujer.<\/p>\n<p>Su reconocimiento de este martes es solo una prueba m\u00e1s de que su mensaje reson\u00f3 m\u00e1s all\u00e1 de la audiencia masiva que vio la pel\u00edcula, la m\u00e1s taquillera de 2023, que recaud\u00f3 m\u00e1s de US$ 1.000 millones en todo el mundo.<\/p>\n<p>&#171;Estoy encantada de celebrar a mi fenomenal familia Barbie y todos sus logros&#187;, dijo Ferrera, y agreg\u00f3 que la directora Greta Gerwig y la productora y estrella Margot Robbie &#171;hicieron historia y elevaron el list\u00f3n con Barbie&#187;.<\/p>\n<p>Gerwig fue nominada en la categor\u00eda de mejor gui\u00f3n adaptado y Robbie fue reconocido en la categor\u00eda de mejor pel\u00edcula como productora de la pel\u00edcula. Pero, para disgusto de muchos, no obtuvieron nominaciones en las categor\u00edas de mejor director y actriz principal, respectivamente.<\/p>\n<p>Su contribuci\u00f3n al enorme \u00e9xito global de &#171;Barbie&#187;, sin embargo, no pasa desapercibida para Ferrera, quien el martes dijo que &#171;el impacto cultural y industrial que han logrado se sentir\u00e1 durante generaciones&#187;.<\/p>\n<p>&#171;Les estoy muy agradecida por pedirme que fuera parte de esto&#187;, a\u00f1adi\u00f3.<\/p>\n<p>The-CNN-Wire<br \/>\u2122 &amp; \u00a9 2024 Cable News Network, Inc., a Warner Bros. Discovery Company. All rights reserved.<\/p>\n","protected":false},"excerpt":{"rendered":"<p>(CNN) &#8212;\u00a0\u00a0 Si bien ha habido algunas dudas sobre algunos contendientes pasados \u200b\u200bpor alto que no fueron nominados a los Oscar por la pel\u00edcula &#171;Barbie&#187; el martes, la inesperada nominaci\u00f3n de America Ferrera como mejor actriz de reparto es sin duda algo digno de celebrar. &#171;Estoy at\u00f3nita y muy conmovida por ser nominada entre los [&hellip;]<\/p>\n","protected":false},"author":0,"featured_media":0,"comment_status":"open","ping_status":"open","sticky":false,"template":"","format":"standard","meta":{"_jetpack_memberships_contains_paid_content":false,"footnotes":""},"categories":[10],"tags":[],"class_list":["post-1444368","post","type-post","status-publish","format-standard","hentry","category-noticias-nacionales","market-global"],"yoast_head":"<!-- This site is optimized with the Yoast SEO plugin v24.4 - https:\/\/yoast.com\/wordpress\/plugins\/seo\/ -->\n<title>America Ferrera dice que est\u00e1 &quot;sorprendida&quot; por su nominaci\u00f3n al Oscar por &#039;Barbie&#039; - Noticias<\/title>\n<meta name=\"robots\" content=\"index, follow, max-snippet:-1, max-image-preview:large, max-video-preview:-1\" \/>\n<link rel=\"canonical\" href=\"https:\/\/noticiasya.com\/colorado\/2024\/01\/24\/america-ferrera-dice-que-esta-sorprendida-por-su-nominacion-al-oscar-por-barbie\/\" \/>\n<meta property=\"og:locale\" content=\"es_ES\" \/>\n<meta property=\"og:type\" content=\"article\" \/>\n<meta property=\"og:title\" content=\"America Ferrera dice que est\u00e1 &quot;sorprendida&quot; por su nominaci\u00f3n al Oscar por &#039;Barbie&#039; - Noticias\" \/>\n<meta property=\"og:description\" content=\"(CNN) &#8212;\u00a0\u00a0 Si bien ha habido algunas dudas sobre algunos contendientes pasados \u200b\u200bpor alto que no fueron nominados a los Oscar por la pel\u00edcula &#171;Barbie&#187; el martes, la inesperada nominaci\u00f3n de America Ferrera como mejor actriz de reparto es sin duda algo digno de celebrar. &#171;Estoy at\u00f3nita y muy conmovida por ser nominada entre los [&hellip;]\" \/>\n<meta property=\"og:url\" content=\"https:\/\/noticiasya.com\/colorado\/2024\/01\/24\/america-ferrera-dice-que-esta-sorprendida-por-su-nominacion-al-oscar-por-barbie\/\" \/>\n<meta property=\"og:site_name\" content=\"Noticias\" \/>\n<meta property=\"article:published_time\" content=\"2024-01-24T22:33:42+00:00\" \/>\n<meta name=\"twitter:card\" content=\"summary_large_image\" \/>\n<meta name=\"twitter:label1\" content=\"Est. reading time\" \/>\n\t<meta name=\"twitter:data1\" content=\"2 minutos\" \/>\n<script type=\"application\/ld+json\" class=\"yoast-schema-graph\">{\"@context\":\"https:\/\/schema.org\",\"@graph\":[{\"@type\":\"Article\",\"@id\":\"https:\/\/noticiasya.com\/colorado\/2024\/01\/24\/america-ferrera-dice-que-esta-sorprendida-por-su-nominacion-al-oscar-por-barbie\/#article\",\"isPartOf\":{\"@id\":\"https:\/\/noticiasya.com\/colorado\/2024\/01\/24\/america-ferrera-dice-que-esta-sorprendida-por-su-nominacion-al-oscar-por-barbie\/\"},\"author\":{\"name\":\"\",\"@id\":\"\"},\"headline\":\"America Ferrera dice que est\u00e1 &#171;sorprendida&#187; por su nominaci\u00f3n al Oscar por &#8216;Barbie&#8217;\",\"datePublished\":\"2024-01-24T22:33:42+00:00\",\"mainEntityOfPage\":{\"@id\":\"https:\/\/noticiasya.com\/colorado\/2024\/01\/24\/america-ferrera-dice-que-esta-sorprendida-por-su-nominacion-al-oscar-por-barbie\/\"},\"wordCount\":469,\"commentCount\":0,\"publisher\":{\"@id\":\"https:\/\/noticiasya.com\/#organization\"},\"articleSection\":[\"Noticias Nacionales\"],\"inLanguage\":\"es\",\"potentialAction\":[{\"@type\":\"CommentAction\",\"name\":\"Comment\",\"target\":[\"https:\/\/noticiasya.com\/colorado\/2024\/01\/24\/america-ferrera-dice-que-esta-sorprendida-por-su-nominacion-al-oscar-por-barbie\/#respond\"]}]},{\"@type\":\"WebPage\",\"@id\":\"https:\/\/noticiasya.com\/colorado\/2024\/01\/24\/america-ferrera-dice-que-esta-sorprendida-por-su-nominacion-al-oscar-por-barbie\/\",\"url\":\"https:\/\/noticiasya.com\/colorado\/2024\/01\/24\/america-ferrera-dice-que-esta-sorprendida-por-su-nominacion-al-oscar-por-barbie\/\",\"name\":\"America Ferrera dice que est\u00e1 \\\"sorprendida\\\" por su nominaci\u00f3n al Oscar por 'Barbie' - Noticias\",\"isPartOf\":{\"@id\":\"https:\/\/noticiasya.com\/#website\"},\"datePublished\":\"2024-01-24T22:33:42+00:00\",\"breadcrumb\":{\"@id\":\"https:\/\/noticiasya.com\/colorado\/2024\/01\/24\/america-ferrera-dice-que-esta-sorprendida-por-su-nominacion-al-oscar-por-barbie\/#breadcrumb\"},\"inLanguage\":\"es\",\"potentialAction\":[{\"@type\":\"ReadAction\",\"target\":[\"https:\/\/noticiasya.com\/colorado\/2024\/01\/24\/america-ferrera-dice-que-esta-sorprendida-por-su-nominacion-al-oscar-por-barbie\/\"]}]},{\"@type\":\"BreadcrumbList\",\"@id\":\"https:\/\/noticiasya.com\/colorado\/2024\/01\/24\/america-ferrera-dice-que-esta-sorprendida-por-su-nominacion-al-oscar-por-barbie\/#breadcrumb\",\"itemListElement\":[{\"@type\":\"ListItem\",\"position\":1,\"name\":\"Home\",\"item\":\"https:\/\/noticiasya.com\/\"},{\"@type\":\"ListItem\",\"position\":2,\"name\":\"America Ferrera dice que est\u00e1 &#171;sorprendida&#187; por su nominaci\u00f3n al Oscar por &#8216;Barbie&#8217;\"}]},{\"@type\":\"WebSite\",\"@id\":\"https:\/\/noticiasya.com\/#website\",\"url\":\"https:\/\/noticiasya.com\/\",\"name\":\"Noticias\",\"description\":\"Lo que importa\",\"publisher\":{\"@id\":\"https:\/\/noticiasya.com\/#organization\"},\"potentialAction\":[{\"@type\":\"SearchAction\",\"target\":{\"@type\":\"EntryPoint\",\"urlTemplate\":\"https:\/\/noticiasya.com\/?s={search_term_string}\"},\"query-input\":{\"@type\":\"PropertyValueSpecification\",\"valueRequired\":true,\"valueName\":\"search_term_string\"}}],\"inLanguage\":\"es\"},{\"@type\":\"Organization\",\"@id\":\"https:\/\/noticiasya.com\/#organization\",\"name\":\"Noticias\",\"url\":\"https:\/\/noticiasya.com\/\",\"logo\":{\"@type\":\"ImageObject\",\"inLanguage\":\"es\",\"@id\":\"https:\/\/noticiasya.com\/#\/schema\/logo\/image\/\",\"url\":\"https:\/\/noticiasya.com\/wp-content\/uploads\/sites\/22\/2023\/12\/logo-nacional.png\",\"contentUrl\":\"https:\/\/noticiasya.com\/wp-content\/uploads\/sites\/22\/2023\/12\/logo-nacional.png\",\"width\":1801,\"height\":691,\"caption\":\"Noticias\"},\"image\":{\"@id\":\"https:\/\/noticiasya.com\/#\/schema\/logo\/image\/\"}}]}<\/script>\n<!-- \/ Yoast SEO plugin. -->","yoast_head_json":{"title":"America Ferrera dice que est\u00e1 \"sorprendida\" por su nominaci\u00f3n al Oscar por 'Barbie' - Noticias","robots":{"index":"index","follow":"follow","max-snippet":"max-snippet:-1","max-image-preview":"max-image-preview:large","max-video-preview":"max-video-preview:-1"},"canonical":"https:\/\/noticiasya.com\/colorado\/2024\/01\/24\/america-ferrera-dice-que-esta-sorprendida-por-su-nominacion-al-oscar-por-barbie\/","og_locale":"es_ES","og_type":"article","og_title":"America Ferrera dice que est\u00e1 \"sorprendida\" por su nominaci\u00f3n al Oscar por 'Barbie' - Noticias","og_description":"(CNN) &#8212;\u00a0\u00a0 Si bien ha habido algunas dudas sobre algunos contendientes pasados \u200b\u200bpor alto que no fueron nominados a los Oscar por la pel\u00edcula &#171;Barbie&#187; el martes, la inesperada nominaci\u00f3n de America Ferrera como mejor actriz de reparto es sin duda algo digno de celebrar. &#171;Estoy at\u00f3nita y muy conmovida por ser nominada entre los [&hellip;]","og_url":"https:\/\/noticiasya.com\/colorado\/2024\/01\/24\/america-ferrera-dice-que-esta-sorprendida-por-su-nominacion-al-oscar-por-barbie\/","og_site_name":"Noticias","article_published_time":"2024-01-24T22:33:42+00:00","twitter_card":"summary_large_image","twitter_misc":{"Est. reading time":"2 minutos"},"schema":{"@context":"https:\/\/schema.org","@graph":[{"@type":"Article","@id":"https:\/\/noticiasya.com\/colorado\/2024\/01\/24\/america-ferrera-dice-que-esta-sorprendida-por-su-nominacion-al-oscar-por-barbie\/#article","isPartOf":{"@id":"https:\/\/noticiasya.com\/colorado\/2024\/01\/24\/america-ferrera-dice-que-esta-sorprendida-por-su-nominacion-al-oscar-por-barbie\/"},"author":{"name":"","@id":""},"headline":"America Ferrera dice que est\u00e1 &#171;sorprendida&#187; por su nominaci\u00f3n al Oscar por &#8216;Barbie&#8217;","datePublished":"2024-01-24T22:33:42+00:00","mainEntityOfPage":{"@id":"https:\/\/noticiasya.com\/colorado\/2024\/01\/24\/america-ferrera-dice-que-esta-sorprendida-por-su-nominacion-al-oscar-por-barbie\/"},"wordCount":469,"commentCount":0,"publisher":{"@id":"https:\/\/noticiasya.com\/#organization"},"articleSection":["Noticias Nacionales"],"inLanguage":"es","potentialAction":[{"@type":"CommentAction","name":"Comment","target":["https:\/\/noticiasya.com\/colorado\/2024\/01\/24\/america-ferrera-dice-que-esta-sorprendida-por-su-nominacion-al-oscar-por-barbie\/#respond"]}]},{"@type":"WebPage","@id":"https:\/\/noticiasya.com\/colorado\/2024\/01\/24\/america-ferrera-dice-que-esta-sorprendida-por-su-nominacion-al-oscar-por-barbie\/","url":"https:\/\/noticiasya.com\/colorado\/2024\/01\/24\/america-ferrera-dice-que-esta-sorprendida-por-su-nominacion-al-oscar-por-barbie\/","name":"America Ferrera dice que est\u00e1 \"sorprendida\" por su nominaci\u00f3n al Oscar por 'Barbie' - Noticias","isPartOf":{"@id":"https:\/\/noticiasya.com\/#website"},"datePublished":"2024-01-24T22:33:42+00:00","breadcrumb":{"@id":"https:\/\/noticiasya.com\/colorado\/2024\/01\/24\/america-ferrera-dice-que-esta-sorprendida-por-su-nominacion-al-oscar-por-barbie\/#breadcrumb"},"inLanguage":"es","potentialAction":[{"@type":"ReadAction","target":["https:\/\/noticiasya.com\/colorado\/2024\/01\/24\/america-ferrera-dice-que-esta-sorprendida-por-su-nominacion-al-oscar-por-barbie\/"]}]},{"@type":"BreadcrumbList","@id":"https:\/\/noticiasya.com\/colorado\/2024\/01\/24\/america-ferrera-dice-que-esta-sorprendida-por-su-nominacion-al-oscar-por-barbie\/#breadcrumb","itemListElement":[{"@type":"ListItem","position":1,"name":"Home","item":"https:\/\/noticiasya.com\/"},{"@type":"ListItem","position":2,"name":"America Ferrera dice que est\u00e1 &#171;sorprendida&#187; por su nominaci\u00f3n al Oscar por &#8216;Barbie&#8217;"}]},{"@type":"WebSite","@id":"https:\/\/noticiasya.com\/#website","url":"https:\/\/noticiasya.com\/","name":"Noticias","description":"Lo que importa","publisher":{"@id":"https:\/\/noticiasya.com\/#organization"},"potentialAction":[{"@type":"SearchAction","target":{"@type":"EntryPoint","urlTemplate":"https:\/\/noticiasya.com\/?s={search_term_string}"},"query-input":{"@type":"PropertyValueSpecification","valueRequired":true,"valueName":"search_term_string"}}],"inLanguage":"es"},{"@type":"Organization","@id":"https:\/\/noticiasya.com\/#organization","name":"Noticias","url":"https:\/\/noticiasya.com\/","logo":{"@type":"ImageObject","inLanguage":"es","@id":"https:\/\/noticiasya.com\/#\/schema\/logo\/image\/","url":"https:\/\/noticiasya.com\/wp-content\/uploads\/sites\/22\/2023\/12\/logo-nacional.png","contentUrl":"https:\/\/noticiasya.com\/wp-content\/uploads\/sites\/22\/2023\/12\/logo-nacional.png","width":1801,"height":691,"caption":"Noticias"},"image":{"@id":"https:\/\/noticiasya.com\/#\/schema\/logo\/image\/"}}]}},"parsely":{"version":"1.1.0","canonical_url":"https:\/\/noticiasya.com\/el-valle\/2024\/01\/24\/america-ferrera-dice-que-esta-sorprendida-por-su-nominacion-al-oscar-por-barbie\/","smart_links":{"inbound":0,"outbound":0},"traffic_boost_suggestions_count":0,"meta":{"@context":"https:\/\/schema.org","@type":"NewsArticle","headline":"America Ferrera dice que est\u00e1 &#171;sorprendida&#187; por su nominaci\u00f3n al Oscar por &#8216;Barbie&#8217;","url":"http:\/\/noticiasya.com\/el-valle\/2024\/01\/24\/america-ferrera-dice-que-esta-sorprendida-por-su-nominacion-al-oscar-por-barbie\/","mainEntityOfPage":{"@type":"WebPage","@id":"http:\/\/noticiasya.com\/el-valle\/2024\/01\/24\/america-ferrera-dice-que-esta-sorprendida-por-su-nominacion-al-oscar-por-barbie\/"},"thumbnailUrl":"","image":{"@type":"ImageObject","url":""},"articleSection":"Noticias Nacionales","author":[],"creator":[],"publisher":{"@type":"Organization","name":"Noticias","logo":""},"keywords":[],"dateCreated":"2024-01-24T22:33:42Z","datePublished":"2024-01-24T22:33:42Z","dateModified":"2024-01-24T22:33:42Z"},"rendered":"<script type=\"application\/ld+json\" class=\"wp-parsely-metadata\">{\"@context\":\"https:\\\/\\\/schema.org\",\"@type\":\"NewsArticle\",\"headline\":\"America Ferrera dice que est\\u00e1 &#171;sorprendida&#187; por su nominaci\\u00f3n al Oscar por &#8216;Barbie&#8217;\",\"url\":\"http:\\\/\\\/noticiasya.com\\\/el-valle\\\/2024\\\/01\\\/24\\\/america-ferrera-dice-que-esta-sorprendida-por-su-nominacion-al-oscar-por-barbie\\\/\",\"mainEntityOfPage\":{\"@type\":\"WebPage\",\"@id\":\"http:\\\/\\\/noticiasya.com\\\/el-valle\\\/2024\\\/01\\\/24\\\/america-ferrera-dice-que-esta-sorprendida-por-su-nominacion-al-oscar-por-barbie\\\/\"},\"thumbnailUrl\":\"\",\"image\":{\"@type\":\"ImageObject\",\"url\":\"\"},\"articleSection\":\"Noticias Nacionales\",\"author\":[],\"creator\":[],\"publisher\":{\"@type\":\"Organization\",\"name\":\"Noticias\",\"logo\":\"\"},\"keywords\":[],\"dateCreated\":\"2024-01-24T22:33:42Z\",\"datePublished\":\"2024-01-24T22:33:42Z\",\"dateModified\":\"2024-01-24T22:33:42Z\"}<\/script>","tracker_url":"https:\/\/cdn.parsely.com\/keys\/noticiasya.com\/p.js"},"jetpack_featured_media_url":"","jetpack-related-posts":[{"id":1444370,"url":"https:\/\/noticiasya.com\/el-valle\/2024\/01\/24\/ryan-gosling-cuestiona-que-los-premios-oscar-no-nominaran-a-margot-robbie-y-greta-gerwig-esto-fue-lo-que-dijo\/","url_meta":{"origin":1444368,"position":0},"title":"Ryan Gosling cuestiona que los premios Oscar no nominaran a Margot Robbie y Greta Gerwig. Esto fue lo que dijo","author":"","date":"enero 24, 2024","format":false,"excerpt":"(CNN) -- Ryan Gosling est\u00e1 agradecido por su nominaci\u00f3n a los premios Oscar, pero se uni\u00f3 al coro de personas que cuestionan la omisi\u00f3n de su coprotagonista Margot Robbie y de la directora Greta Gerwig en sus respectivas categor\u00edas individuales.Gosling fue nominado el martes en la categor\u00eda de actor secundario\u2026","rel":"","context":"In &quot;Noticias Nacionales&quot;","block_context":{"text":"Noticias Nacionales","link":"https:\/\/noticiasya.com\/el-valle\/categoria\/noticias-nacionales"},"img":{"alt_text":"","src":"","width":0,"height":0},"classes":[]},{"id":1444388,"url":"https:\/\/noticiasya.com\/el-valle\/2024\/01\/25\/greta-gerwig-no-fue-la-unica-directora-ignorada-en-las-nominaciones-a-los-premios-oscar\/","url_meta":{"origin":1444368,"position":1},"title":"Greta Gerwig no fue la \u00fanica directora ignorada en las nominaciones a los Premios Oscar","author":"","date":"enero 25, 2024","format":false,"excerpt":"(CNN) -- Hubo mucha conversaci\u00f3n y sorpresa despu\u00e9s de que Greta Gerwig, quien dirigi\u00f3 \"Barbie\", la pel\u00edcula m\u00e1s taquillera del a\u00f1o, no recibiera una nominaci\u00f3n al Oscar el martes como mejor directora.Sin embargo, ella no no es la \u00fanica directora detr\u00e1s de una pel\u00edcula aclamada por la cr\u00edtica que pas\u00f3\u2026","rel":"","context":"In &quot;Noticias Nacionales&quot;","block_context":{"text":"Noticias Nacionales","link":"https:\/\/noticiasya.com\/el-valle\/categoria\/noticias-nacionales"},"img":{"alt_text":"","src":"","width":0,"height":0},"classes":[]},{"id":1470406,"url":"https:\/\/noticiasya.com\/el-valle\/2026\/01\/22\/nominados-premios-oscar-2026-records-sorpresas-analisis-orix\/","url_meta":{"origin":1444368,"position":2},"title":"Nominados a los premios Oscar 2026: se rompen r\u00e9cords, hay sorpresas\u2026 y algunos corazones rotos","author":"","date":"enero 22, 2026","format":false,"excerpt":"Un d\u00eda triste para los admiradores de la pel\u00edcula \u201cWicked: For Good\u201d, pero muy alegre, incluso hist\u00f3rico, para el p\u00fablico de \u201cSinners\u201d. A\u00fan as\u00ed, las nominaciones al Oscar, anunciadas durante la madrugada de este jueves en Los \u00c1ngeles, no llegaron a generar un momento wow entre quienes est\u00e1bamos all\u00ed presentes.El\u2026","rel":"","context":"In &quot;Noticias Nacionales&quot;","block_context":{"text":"Noticias Nacionales","link":"https:\/\/noticiasya.com\/el-valle\/categoria\/noticias-nacionales"},"img":{"alt_text":"","src":"","width":0,"height":0},"classes":[]},{"id":1443315,"url":"https:\/\/noticiasya.com\/el-valle\/2024\/01\/07\/los-globo-de-oro-tendran-como-presentadores-a-oprah-winfrey-ben-affleck-y-mas\/","url_meta":{"origin":1444368,"position":3},"title":"Los Globo de Oro tendr\u00e1n como presentadores a Oprah Winfrey, Ben Affleck y m\u00e1s","author":"","date":"enero 7, 2024","format":false,"excerpt":"(CNN) -- La 81\u00aa edici\u00f3n de los Globo de Oro 2024 tendr\u00e1 lugar este domingo 7 de enero 2024 en Los \u00c1ngeles, marcando el inicio de una nueva temporada de premios.El programa, que se transmitir\u00e1 en vivo desde el Hotel Beverly Hilton en Beverly Hills, ser\u00e1 presentado por el comediante\u2026","rel":"","context":"In &quot;Noticias Nacionales&quot;","block_context":{"text":"Noticias Nacionales","link":"https:\/\/noticiasya.com\/el-valle\/categoria\/noticias-nacionales"},"img":{"alt_text":"","src":"","width":0,"height":0},"classes":[]},{"id":1467699,"url":"https:\/\/noticiasya.com\/el-valle\/2025\/10\/24\/favoritos-nominaciones-premios-oscar-2026-trax\/","url_meta":{"origin":1444368,"position":4},"title":"As\u00ed est\u00e1 la carrera por las nominaciones a los premios Oscar 2026. Estas son las favoritas","author":"","date":"octubre 24, 2025","format":false,"excerpt":"\u00bfD\u00f3nde se ha ido el 2025? Una forma de marcar el vertiginoso paso del tiempo: la carrera por los premios Oscar ya est\u00e1 cobrando protagonismo, ahora que estamos \u2014\u00a1uf!\u2014 a tres meses de las nominaciones.La competencia a\u00fan tiene mucho tiempo para tomar forma, pero hay algunos favoritos emergentes, empezando por\u2026","rel":"","context":"In &quot;Noticias Nacionales&quot;","block_context":{"text":"Noticias Nacionales","link":"https:\/\/noticiasya.com\/el-valle\/categoria\/noticias-nacionales"},"img":{"alt_text":"","src":"","width":0,"height":0},"classes":[]},{"id":1448306,"url":"https:\/\/noticiasya.com\/el-valle\/2024\/04\/20\/latinos-lista-personas-mas-influyentes-mundo-revista-time-orix\/","url_meta":{"origin":1444368,"position":5},"title":"Estos son los latinos en la lista de personas m\u00e1s influyentes del mundo en 2024 de la revista Time","author":"","date":"abril 20, 2024","format":false,"excerpt":"(CNN Espa\u00f1ol) -- La revista Time public\u00f3 este mi\u00e9rcoles su selecci\u00f3n de las 100 personas m\u00e1s influyentes del mundo en 2024. Este a\u00f1o destacan tres personalidades latinoamericanas, dos de las cuales son mujeres. Adem\u00e1s, la lista incluye a dos artistas de origen latino, nacidos en Estados Unidos.En su lista anual,\u2026","rel":"","context":"In &quot;Noticias Nacionales&quot;","block_context":{"text":"Noticias Nacionales","link":"https:\/\/noticiasya.com\/el-valle\/categoria\/noticias-nacionales"},"img":{"alt_text":"","src":"","width":0,"height":0},"classes":[]}],"jetpack_sharing_enabled":true,"_links":{"self":[{"href":"https:\/\/noticiasya.com\/el-valle\/wp-json\/wp\/v2\/posts\/1444368","targetHints":{"allow":["GET"]}}],"collection":[{"href":"https:\/\/noticiasya.com\/el-valle\/wp-json\/wp\/v2\/posts"}],"about":[{"href":"https:\/\/noticiasya.com\/el-valle\/wp-json\/wp\/v2\/types\/post"}],"replies":[{"embeddable":true,"href":"https:\/\/noticiasya.com\/el-valle\/wp-json\/wp\/v2\/comments?post=1444368"}],"version-history":[{"count":1,"href":"https:\/\/noticiasya.com\/el-valle\/wp-json\/wp\/v2\/posts\/1444368\/revisions"}],"predecessor-version":[{"id":1444385,"href":"https:\/\/noticiasya.com\/el-valle\/wp-json\/wp\/v2\/posts\/1444368\/revisions\/1444385"}],"wp:attachment":[{"href":"https:\/\/noticiasya.com\/el-valle\/wp-json\/wp\/v2\/media?parent=1444368"}],"wp:term":[{"taxonomy":"category","embeddable":true,"href":"https:\/\/noticiasya.com\/el-valle\/wp-json\/wp\/v2\/categories?post=1444368"},{"taxonomy":"post_tag","embeddable":true,"href":"https:\/\/noticiasya.com\/el-valle\/wp-json\/wp\/v2\/tags?post=1444368"}],"curies":[{"name":"wp","href":"https:\/\/api.w.org\/{rel}","templated":true}]}}