{"id":1444809,"date":"2024-02-02T16:33:27","date_gmt":"2024-02-03T00:33:27","guid":{"rendered":"https:\/\/wordpress-vip.entravision.com\/noticias\/?p=1444809"},"modified":"2024-02-02T16:33:27","modified_gmt":"2024-02-03T00:33:27","slug":"analisis-la-economia-es-la-principal-preocupacion-de-los-salvadorenos-mientras-el-pais-crece-a-ritmo-lento","status":"publish","type":"post","link":"https:\/\/noticiasya.com\/el-valle\/2024\/02\/02\/analisis-la-economia-es-la-principal-preocupacion-de-los-salvadorenos-mientras-el-pais-crece-a-ritmo-lento\/","title":{"rendered":"AN\u00c1LISIS | La econom\u00eda es la principal preocupaci\u00f3n de los salvadore\u00f1os mientras el pa\u00eds crece a ritmo lento"},"content":{"rendered":"<p>(CNN Espa\u00f1ol) &#8212; Hace cinco a\u00f1os cuando Nayib Buekele lleg\u00f3 a la presidencia de El Salvador la preocupaci\u00f3n m\u00e1s grande para los salvadore\u00f1os era la delincuencia y la inseguridad por las pandillas. Ahora, la principal preocupaci\u00f3n es la econom\u00eda, el desempleo y el alto costo de vida. En El Salvador el dinero no alcanza.<\/p>\n<p>Esas cifras provienen de dos encuestas publicadas en enero de 2024. La primera del ellas es la del Instituto Universitario de Opini\u00f3n P\u00fablica de la Universidad Centroamericana Jos\u00e9 Sime\u00f3n Ca\u00f1as (UCA). Esta encuesta muestra que el principal problema que enfrenta El Salvador es la econom\u00eda (69,9%). La delincuencia (4,6) y el r\u00e9gimen de excepci\u00f3n (1%) para controlar la violencia en el pa\u00eds son problemas secundarios. Entre lo que m\u00e1s preocupa a los salvadore\u00f1os est\u00e1 la econom\u00eda misma, el desempleo, el alto costo de vida y de la canasta b\u00e1sica y la pobreza, seg\u00fan esta encuesta.<\/p>\n<p>Otro sondeo del Centro de Estudios de Opini\u00f3n P\u00fablica del centro de pensamiento Fundaungo, con sede en San Salvador, tambi\u00e9n tiene el mismo hallazgo: al cierre de 2023, 7 de cada 10 personas (69,9 %) se\u00f1alaron que la econom\u00eda es el problema m\u00e1s grave que enfrenta el pa\u00eds y solo el 4,4% de los encuestados identifica problemas asociados con la inseguridad y la violencia.<\/p>\n<p>&#171;Los precios siguen creciendo&#187;, le dijo a CNN Lourdes Molina, economista senior del Instituto Centroamericano de Estudios Fiscales Icefi, un centro que investiga y analiza temas en materia fiscal en Am\u00e9rica Central.<\/p>\n<p>&#171;Sabemos que esto es una tendencia que se observa en el mundo y que en los \u00faltimos a\u00f1os fue much\u00edsimo m\u00e1s grande, en 2021 y 2022&#187;, agreg\u00f3 Molina. Ella dice que si bien en 2023 el aumento de los precios fue menor, siguieron con una tendencia al alza.<\/p>\n<p>&#171;Esto es como cuando t\u00fa vas acelerando en el carro y vas a 200 kil\u00f3metros por hora y luego bajaste la velocidad a 50 kil\u00f3metros por hora o a 20 kil\u00f3metros por hora, t\u00fa sigues avanzando, solo que lo haces m\u00e1s lento. Lo mismo sucede con los precios&#187;, dijo.<\/p>\n<p>La realidad econ\u00f3mica de El Salvador<\/p>\n<p>La inflaci\u00f3n de El Salvador en 2021 fue de 6,11%, de 7,32% en 2022 y de 1,23% en 2023, seg\u00fan datos oficiales. Los dos a\u00f1os anteriores a la pandemia la inflaci\u00f3n fue de 2,04% en 2019 y 0,43% en 2019.<\/p>\n<p>AN\u00c1LISIS | Bukele reporta bajas cifras de homicidios en El Salvador tras casi cinco a\u00f1os, pero con denuncias de violaciones de derechos humanos como tel\u00f3n de fondo<\/p>\n<p>Un vendedor de helados cuenta monedas de d\u00f3lares en el centro hist\u00f3rico de San Salvador, el 29 de enero de 2023. (Cr\u00e9dito:<\/p>\n<p>El PIB de El Salvador se contrajo en 2020 por la pandemia (un -7,9%). En 2021 tuvo una expansi\u00f3n de 11,2%, pero el crecimiento se moder\u00f3 hasta llegar a un modesto 2,6% en 2022, seg\u00fan cifras del Banco Central de El Salvador.<\/p>\n<p>&#171;Se ve como un salto enorme pero en realidad ni siquiera nos permite regresar a los niveles que ve\u00edamos de crecimiento en 2019&#187;, dijo Molina sobre el comportamiento del PIB.<\/p>\n<p>&#171;El Salvador es un pa\u00eds muy caro&#187;, dijo a CNN Zaira Navas, analista s\u00e9nior de Cristosal, una organizaci\u00f3n no gubernamental patrocinada por obispos anglicanos estadounidenses que promueve los derechos humanos y la democracia en Centroam\u00e9rica.<\/p>\n<p>&#171;Con un salario m\u00ednimo, un poco m\u00e1s de US$ 300, y una canasta b\u00e1sica superior a los US$ 450, con comercio informal esencialmente para ingresos&#187;, el dinero apenas alcanza, dijo Navas. Agrega que si bien el presidente Nayib Bukele goza de una gran popularidad, el tema econ\u00f3mico le podr\u00e1 salir caro al mandatario en un posible segundo gobierno, de ser elegido este 4 de febrero. Su reelecci\u00f3n es pol\u00e9mica. Para muchos, inconstitucional.<\/p>\n<p>CNN se comunic\u00f3 con la Presidencia de El Salvador para obtener un comentario pero no obtuvo respuesta.<\/p>\n<p>Ese impacto en las condiciones de vida de la poblaci\u00f3n se ve reflejado directamente en el aumento de la pobreza y la pobreza extrema, concuerdan las analistas.<\/p>\n<p>Un informe de 2021 de las Naciones Unidas report\u00f3 que en el pa\u00eds cerca del 70% de las personas trabajadoras son informales, lo cual implica que buena parte de la poblaci\u00f3n &#171;no est\u00e1 cubierta por los sistemas de seguridad social ni previsional&#187;. Ese informe dice que el 68% de los hogares de El Salvador no cuenta con seguridad social y que el 62% de los hogares est\u00e1n en condici\u00f3n de &#171;subempleo e inestabilidad&#187;, haci\u00e9ndolos vulnerables al desempleo, la p\u00e9rdida de ingresos y medios para subsistir.<\/p>\n<p>El Banco Mundial dice que si bien entre 2009 y 2019 el porcentaje de poblaci\u00f3n por debajo de la l\u00ednea de pobreza se redujo en un 17%, en 2021 esa cifra alcanz\u00f3 un 28,4%. De una poblaci\u00f3n de 6,6 millones de personas, 1,8 millones de salvadore\u00f1os estaban en pobreza extrema y no pod\u00edan acceder a necesidades b\u00e1sicas de alimentaci\u00f3n, seg\u00fan el BM.<\/p>\n<p>Un estudiante pasa junto a un muro pintado con un s\u00edmbolo de protesta anti-bitcoin en San Salvador el 6 de septiembre de 2023. El bitcoin, la apuesta del presidente Nayib Bukele para dinamizar la econom\u00eda salvadore\u00f1a, cumple dos a\u00f1os como moneda de curso legal en El Salvador, con uso muy restringido , sin generar confianza en la poblaci\u00f3n. (Cr\u00e9dito: MARVIN RECINOS\/AFP v\u00eda Getty Images)<\/p>\n<p>Bukele, contra indicadores macroecon\u00f3micos internacionales<\/p>\n<p>Bukele, un presidente altamente popular en su naci\u00f3n, dijo que no conf\u00eda en los indicadores que miden &#171;la salud de un pa\u00eds&#187; como lo hacen el Banco Mundial o el FMI. En una entrevista con Tucker Carlson de FoxNews en noviembre de 2022 dijo que esas cifras son &#171;falsas&#187;, pero hay que &#171;seguirles el juego&#187;.<\/p>\n<p>&#171;Ellos usan este tipo de medici\u00f3n que es totalmente falsa porque no miden si a un pa\u00eds le va bien o le est\u00e1 yendo mal. Son falsos&#187;, dijo Bukele en 2022.<\/p>\n<p>&#171;Tenemos que seguirle el juego. Todo el mundo lo hace&#8230; Nosotros usamos esas medidas. Lo tenemos que hacer porque las organizaciones internacionales usan esos indicadores para fundamentar sus pron\u00f3sticos sobre el pa\u00eds&#187;, agreg\u00f3.<\/p>\n<p>Dijo que lo importante es la seguridad o la tasa delincuencial, una cifra que su Gobierno muestra con orgullo, pues en 2023 la tasa de homicidios por cada 100.000 habitantes fue de 2,4%, la m\u00e1s baja en la historia del pa\u00eds.<\/p>\n<p>En un evento con empresarios en noviembre de 2023, Bukele habl\u00f3 de las econom\u00edas ilegales de las pandillas que soportan la econom\u00eda de El Salvador y c\u00f3mo ha logrado sostener un posible golpe econ\u00f3mico que vendr\u00eda con la desestructuraci\u00f3n de las pandillas.<\/p>\n<p>Habl\u00f3 de c\u00f3mo esos grupos mantienen una econom\u00eda ilegal con tr\u00e1fico de drogas, armas, extorsiones, homicidios, e ingresan ese dinero o la econom\u00eda legal: comprando comida para sus familias, televisores, ropa, pagando facturas, etc.<\/p>\n<p>Con ese panorama, dijo Bukele, sab\u00eda que al combatir la delincuencia tambi\u00e9n habr\u00eda un riesgo de un golpe econ\u00f3mico para el pa\u00eds.<\/p>\n<p>&#171;\u00cdbamos a recibir el golpe econ\u00f3mico de cortar la delincuencia, pero nos \u00edbamos a sanar. Y luego vamos a poder recuperar lo perdido y a\u00fan m\u00e1s porque ya iban a haber los incentivos correctos puestos en la sociedad&#187;, dijo Bukele.<\/p>\n<p>&#171;Decidimos enfrentar la delincuencia directamente a pesar del costo econ\u00f3mico que pudiera tener. Sorpresivamente termin\u00f3 el a\u00f1o 2022 y no cay\u00f3 el PIB, m\u00e1s bien subi\u00f3. No lo que hubi\u00e9ramos querido. No cay\u00f3. Subi\u00f3. Y ahora vamos a terminar el 2023 y tampoco cay\u00f3 el PIB, m\u00e1s bien subi\u00f3&#187;, agreg\u00f3.<\/p>\n<p>La moneda en curso de El Salvador es el d\u00f3lare estadounidense. Desde 2021 tambi\u00e9n lo es el bitcin. (Cr\u00e9dito: MARVIN RECINOS\/AFP via Getty Images)<\/p>\n<p>Las preocupaciones por el bitcoin<\/p>\n<p>El Salvador oficializ\u00f3 en septiembre de 2021 el bitcoin como moneda de curso legal, junto al d\u00f3lar. Desde esa fecha, el Gobierno de Bukele ha invertido m\u00e1s de US$ 119 millones para comprar 2.821 bitcoins en diferentes momentos, de acuerdo con el sitio Nayibtracker.com, un portal de seguimiento que mide y registra las compras anunciadas por Bukele en su cuenta de Twitter.<\/p>\n<p>Desde que el bitcoin se volvi\u00f3 moneda de curso legal junto al d\u00f3lar en septiembre de 2021, la confianza de entidades como el Banco Mundial y el FMI se ha visto minada.<\/p>\n<p>El Banco Mundial dice que &#171;persisten los riesgos subyacentes a la integridad y estabilidad financieras, la sostenibilidad fiscal y la protecci\u00f3n del consumidor&#187;.<\/p>\n<p>El FMI inst\u00f3 a El Salvador en 2022 a eliminar al bitcoin como moneda legal debido a &#171;grandes riesgos asociados&#187; a su uso &#171;para la estabilidad financiera, la integridad financiera y la protecci\u00f3n del consumidor, as\u00ed como las posibles contingencias fiscales&#187;.<\/p>\n<p>En junio, durante otra ca\u00edda del valor del bitcoin, el presidente Bukele dijo que \u201cla paciencia es la clave\u201d y recomend\u00f3 a quienes estaban preocupados o ansiosos que \u201cdejen de ver la gr\u00e1fica y disfruten la vida. Si invirtieron en #BTC su inversi\u00f3n est\u00e1 segura y su valor crecer\u00e1 much\u00edsimo despu\u00e9s del bear market\u201d.<\/p>\n<p>Una encuesta del Instituto Universitario de Opini\u00f3n P\u00fablica de la Universidad Centroamericana divulgada en octubre pasado se\u00f1ala que el 75,6% de los consultados dijo no haber hecho compras con bitcoin, mientras que un 77,1% afirm\u00f3 que el Gobierno no deber\u00eda seguir invirtiendo fondos p\u00fablicos para comprar esa criptomoneda.<\/p>\n<p>\u00bfEl milagro Bukele?<\/p>\n<p>Algunas compa\u00f1\u00edas internacionales han destacado el trabajo de Bukele en lo econ\u00f3mico. JPMorgan habl\u00f3 de &#171;signos de un impulso sincronizado&#187; en la econom\u00eda salvadore\u00f1a en 2022, con la industria manufacturera y la construcci\u00f3n &#171;en fuerte auge y otros indicadores relacionados con la demanda interna est\u00e1n funcionando bien&#187;. Standard &amp; Poor&#8217;s mejor\u00f3 la nota crediticia de El Salvador dos veces en 2023, poni\u00e9ndolo en \u2018B-\/B\u2019. Y el turismo es una de las principales apuestas del Gobierno para atraer inversiones.<\/p>\n<p>Pero las cifras muestran que El Salvador es el pa\u00eds que menos aumento tuvo del PIB en Centroam\u00e9rica (Panam\u00e1 y Costa Rica lideraron este rubro). Y en cuestiones de inversi\u00f3n extranjera directa, mientras que Costa Rica tuvo US$ 3.673 millones en 2022 y Panam\u00e1 US$ 2.513 millones en inversi\u00f3n, El Salvador tuvo una cifra negativa de US$ 101 millones menos, que se explican en &#171;desinversiones en el sector de manufacturas (US$ 294 millones menos), que no pudieron compensarse con las inversiones en servicios, que tambi\u00e9n se redujeron con relaci\u00f3n a 2021 (-35%)&#187;, seg\u00fan cifras de la\u00a0Comisi\u00f3n Econ\u00f3mica para Am\u00e9rica Latina y el Caribe (Cepal).<\/p>\n<p>Y el panorama puede no mejorar en 2024: la unidad investigativa de The Economist estim\u00f3 que para este a\u00f1o &#171;la actividad econ\u00f3mica seguir\u00e1 enfri\u00e1ndose a medida que el aumento brusco y sincronizado de las tasas de inter\u00e9s mundiales surtan mayor efecto&#187;. The Economist no conf\u00eda en que se materialice un acuerdo entre San Salvador y el FMI &#171;dado el historial de heterodoxia macroecon\u00f3mica del Gobierno, como lo ilustra el uso oficial de bitcoin como moneda de curso legal&#187;. Sin eso, son pocas las probabilidades de impulsar un mayor desarrollo de infraestructura.<\/p>\n<p>&#171;En la narrativa gubernamental s\u00ed hay un discurso de que somos un para\u00edso para atraer inversiones, y que todo el mundo est\u00e1 peleando por invertir en El Salvador. Pero lo que las cifras oficiales del Banco Central de Reserva dicen es que no estamos atrayendo inversi\u00f3n extranjera directa&#187;, sostiene el an\u00e1lisis.<\/p>\n<p>&#171;Se llega a mencionar incluso el milagro salvadore\u00f1o. \u00bfEl milagro de qu\u00e9? De acuerdo con las cifras oficiales, este milagro no existe. Los indicadores macroecon\u00f3micos del pa\u00eds nos dicen que ese milagro econ\u00f3mico no existe&#187;.<\/p>\n<p>The-CNN-Wire<br \/>\u2122 &amp; \u00a9 2024 Cable News Network, Inc., a Warner Bros. Discovery Company. All rights reserved.<\/p>\n","protected":false},"excerpt":{"rendered":"<p>(CNN Espa\u00f1ol) &#8212; Hace cinco a\u00f1os cuando Nayib Buekele lleg\u00f3 a la presidencia de El Salvador la preocupaci\u00f3n m\u00e1s grande para los salvadore\u00f1os era la delincuencia y la inseguridad por las pandillas. Ahora, la principal preocupaci\u00f3n es la econom\u00eda, el desempleo y el alto costo de vida. En El Salvador el dinero no alcanza. Esas [&hellip;]<\/p>\n","protected":false},"author":0,"featured_media":0,"comment_status":"open","ping_status":"open","sticky":false,"template":"","format":"standard","meta":{"_jetpack_memberships_contains_paid_content":false,"footnotes":""},"categories":[10],"tags":[],"class_list":["post-1444809","post","type-post","status-publish","format-standard","hentry","category-noticias-nacionales","market-global"],"yoast_head":"<!-- This site is optimized with the Yoast SEO plugin v24.4 - https:\/\/yoast.com\/wordpress\/plugins\/seo\/ -->\n<title>AN\u00c1LISIS | La econom\u00eda es la principal preocupaci\u00f3n de los salvadore\u00f1os mientras el pa\u00eds crece a ritmo lento - Noticias<\/title>\n<meta name=\"robots\" content=\"index, follow, max-snippet:-1, max-image-preview:large, max-video-preview:-1\" \/>\n<link rel=\"canonical\" href=\"https:\/\/noticiasya.com\/colorado\/2024\/02\/02\/analisis-la-economia-es-la-principal-preocupacion-de-los-salvadorenos-mientras-el-pais-crece-a-ritmo-lento\/\" \/>\n<meta property=\"og:locale\" content=\"es_ES\" \/>\n<meta property=\"og:type\" content=\"article\" \/>\n<meta property=\"og:title\" content=\"AN\u00c1LISIS | La econom\u00eda es la principal preocupaci\u00f3n de los salvadore\u00f1os mientras el pa\u00eds crece a ritmo lento - Noticias\" \/>\n<meta property=\"og:description\" content=\"(CNN Espa\u00f1ol) &#8212; Hace cinco a\u00f1os cuando Nayib Buekele lleg\u00f3 a la presidencia de El Salvador la preocupaci\u00f3n m\u00e1s grande para los salvadore\u00f1os era la delincuencia y la inseguridad por las pandillas. Ahora, la principal preocupaci\u00f3n es la econom\u00eda, el desempleo y el alto costo de vida. En El Salvador el dinero no alcanza. Esas [&hellip;]\" \/>\n<meta property=\"og:url\" content=\"https:\/\/noticiasya.com\/colorado\/2024\/02\/02\/analisis-la-economia-es-la-principal-preocupacion-de-los-salvadorenos-mientras-el-pais-crece-a-ritmo-lento\/\" \/>\n<meta property=\"og:site_name\" content=\"Noticias\" \/>\n<meta property=\"article:published_time\" content=\"2024-02-03T00:33:27+00:00\" \/>\n<meta name=\"twitter:card\" content=\"summary_large_image\" \/>\n<meta name=\"twitter:label1\" content=\"Est. reading time\" \/>\n\t<meta name=\"twitter:data1\" content=\"10 minutos\" \/>\n<script type=\"application\/ld+json\" class=\"yoast-schema-graph\">{\"@context\":\"https:\/\/schema.org\",\"@graph\":[{\"@type\":\"Article\",\"@id\":\"https:\/\/noticiasya.com\/colorado\/2024\/02\/02\/analisis-la-economia-es-la-principal-preocupacion-de-los-salvadorenos-mientras-el-pais-crece-a-ritmo-lento\/#article\",\"isPartOf\":{\"@id\":\"https:\/\/noticiasya.com\/colorado\/2024\/02\/02\/analisis-la-economia-es-la-principal-preocupacion-de-los-salvadorenos-mientras-el-pais-crece-a-ritmo-lento\/\"},\"author\":{\"name\":\"\",\"@id\":\"\"},\"headline\":\"AN\u00c1LISIS | La econom\u00eda es la principal preocupaci\u00f3n de los salvadore\u00f1os mientras el pa\u00eds crece a ritmo lento\",\"datePublished\":\"2024-02-03T00:33:27+00:00\",\"mainEntityOfPage\":{\"@id\":\"https:\/\/noticiasya.com\/colorado\/2024\/02\/02\/analisis-la-economia-es-la-principal-preocupacion-de-los-salvadorenos-mientras-el-pais-crece-a-ritmo-lento\/\"},\"wordCount\":2002,\"commentCount\":0,\"publisher\":{\"@id\":\"https:\/\/noticiasya.com\/#organization\"},\"articleSection\":[\"Noticias Nacionales\"],\"inLanguage\":\"es\",\"potentialAction\":[{\"@type\":\"CommentAction\",\"name\":\"Comment\",\"target\":[\"https:\/\/noticiasya.com\/colorado\/2024\/02\/02\/analisis-la-economia-es-la-principal-preocupacion-de-los-salvadorenos-mientras-el-pais-crece-a-ritmo-lento\/#respond\"]}]},{\"@type\":\"WebPage\",\"@id\":\"https:\/\/noticiasya.com\/colorado\/2024\/02\/02\/analisis-la-economia-es-la-principal-preocupacion-de-los-salvadorenos-mientras-el-pais-crece-a-ritmo-lento\/\",\"url\":\"https:\/\/noticiasya.com\/colorado\/2024\/02\/02\/analisis-la-economia-es-la-principal-preocupacion-de-los-salvadorenos-mientras-el-pais-crece-a-ritmo-lento\/\",\"name\":\"AN\u00c1LISIS | La econom\u00eda es la principal preocupaci\u00f3n de los salvadore\u00f1os mientras el pa\u00eds crece a ritmo lento - Noticias\",\"isPartOf\":{\"@id\":\"https:\/\/noticiasya.com\/#website\"},\"datePublished\":\"2024-02-03T00:33:27+00:00\",\"breadcrumb\":{\"@id\":\"https:\/\/noticiasya.com\/colorado\/2024\/02\/02\/analisis-la-economia-es-la-principal-preocupacion-de-los-salvadorenos-mientras-el-pais-crece-a-ritmo-lento\/#breadcrumb\"},\"inLanguage\":\"es\",\"potentialAction\":[{\"@type\":\"ReadAction\",\"target\":[\"https:\/\/noticiasya.com\/colorado\/2024\/02\/02\/analisis-la-economia-es-la-principal-preocupacion-de-los-salvadorenos-mientras-el-pais-crece-a-ritmo-lento\/\"]}]},{\"@type\":\"BreadcrumbList\",\"@id\":\"https:\/\/noticiasya.com\/colorado\/2024\/02\/02\/analisis-la-economia-es-la-principal-preocupacion-de-los-salvadorenos-mientras-el-pais-crece-a-ritmo-lento\/#breadcrumb\",\"itemListElement\":[{\"@type\":\"ListItem\",\"position\":1,\"name\":\"Home\",\"item\":\"https:\/\/noticiasya.com\/\"},{\"@type\":\"ListItem\",\"position\":2,\"name\":\"AN\u00c1LISIS | La econom\u00eda es la principal preocupaci\u00f3n de los salvadore\u00f1os mientras el pa\u00eds crece a ritmo lento\"}]},{\"@type\":\"WebSite\",\"@id\":\"https:\/\/noticiasya.com\/#website\",\"url\":\"https:\/\/noticiasya.com\/\",\"name\":\"Noticias\",\"description\":\"Lo que importa\",\"publisher\":{\"@id\":\"https:\/\/noticiasya.com\/#organization\"},\"potentialAction\":[{\"@type\":\"SearchAction\",\"target\":{\"@type\":\"EntryPoint\",\"urlTemplate\":\"https:\/\/noticiasya.com\/?s={search_term_string}\"},\"query-input\":{\"@type\":\"PropertyValueSpecification\",\"valueRequired\":true,\"valueName\":\"search_term_string\"}}],\"inLanguage\":\"es\"},{\"@type\":\"Organization\",\"@id\":\"https:\/\/noticiasya.com\/#organization\",\"name\":\"Noticias\",\"url\":\"https:\/\/noticiasya.com\/\",\"logo\":{\"@type\":\"ImageObject\",\"inLanguage\":\"es\",\"@id\":\"https:\/\/noticiasya.com\/#\/schema\/logo\/image\/\",\"url\":\"https:\/\/noticiasya.com\/wp-content\/uploads\/sites\/22\/2023\/12\/logo-nacional.png\",\"contentUrl\":\"https:\/\/noticiasya.com\/wp-content\/uploads\/sites\/22\/2023\/12\/logo-nacional.png\",\"width\":1801,\"height\":691,\"caption\":\"Noticias\"},\"image\":{\"@id\":\"https:\/\/noticiasya.com\/#\/schema\/logo\/image\/\"}}]}<\/script>\n<!-- \/ Yoast SEO plugin. -->","yoast_head_json":{"title":"AN\u00c1LISIS | La econom\u00eda es la principal preocupaci\u00f3n de los salvadore\u00f1os mientras el pa\u00eds crece a ritmo lento - Noticias","robots":{"index":"index","follow":"follow","max-snippet":"max-snippet:-1","max-image-preview":"max-image-preview:large","max-video-preview":"max-video-preview:-1"},"canonical":"https:\/\/noticiasya.com\/colorado\/2024\/02\/02\/analisis-la-economia-es-la-principal-preocupacion-de-los-salvadorenos-mientras-el-pais-crece-a-ritmo-lento\/","og_locale":"es_ES","og_type":"article","og_title":"AN\u00c1LISIS | La econom\u00eda es la principal preocupaci\u00f3n de los salvadore\u00f1os mientras el pa\u00eds crece a ritmo lento - Noticias","og_description":"(CNN Espa\u00f1ol) &#8212; Hace cinco a\u00f1os cuando Nayib Buekele lleg\u00f3 a la presidencia de El Salvador la preocupaci\u00f3n m\u00e1s grande para los salvadore\u00f1os era la delincuencia y la inseguridad por las pandillas. Ahora, la principal preocupaci\u00f3n es la econom\u00eda, el desempleo y el alto costo de vida. En El Salvador el dinero no alcanza. Esas [&hellip;]","og_url":"https:\/\/noticiasya.com\/colorado\/2024\/02\/02\/analisis-la-economia-es-la-principal-preocupacion-de-los-salvadorenos-mientras-el-pais-crece-a-ritmo-lento\/","og_site_name":"Noticias","article_published_time":"2024-02-03T00:33:27+00:00","twitter_card":"summary_large_image","twitter_misc":{"Est. reading time":"10 minutos"},"schema":{"@context":"https:\/\/schema.org","@graph":[{"@type":"Article","@id":"https:\/\/noticiasya.com\/colorado\/2024\/02\/02\/analisis-la-economia-es-la-principal-preocupacion-de-los-salvadorenos-mientras-el-pais-crece-a-ritmo-lento\/#article","isPartOf":{"@id":"https:\/\/noticiasya.com\/colorado\/2024\/02\/02\/analisis-la-economia-es-la-principal-preocupacion-de-los-salvadorenos-mientras-el-pais-crece-a-ritmo-lento\/"},"author":{"name":"","@id":""},"headline":"AN\u00c1LISIS | La econom\u00eda es la principal preocupaci\u00f3n de los salvadore\u00f1os mientras el pa\u00eds crece a ritmo lento","datePublished":"2024-02-03T00:33:27+00:00","mainEntityOfPage":{"@id":"https:\/\/noticiasya.com\/colorado\/2024\/02\/02\/analisis-la-economia-es-la-principal-preocupacion-de-los-salvadorenos-mientras-el-pais-crece-a-ritmo-lento\/"},"wordCount":2002,"commentCount":0,"publisher":{"@id":"https:\/\/noticiasya.com\/#organization"},"articleSection":["Noticias Nacionales"],"inLanguage":"es","potentialAction":[{"@type":"CommentAction","name":"Comment","target":["https:\/\/noticiasya.com\/colorado\/2024\/02\/02\/analisis-la-economia-es-la-principal-preocupacion-de-los-salvadorenos-mientras-el-pais-crece-a-ritmo-lento\/#respond"]}]},{"@type":"WebPage","@id":"https:\/\/noticiasya.com\/colorado\/2024\/02\/02\/analisis-la-economia-es-la-principal-preocupacion-de-los-salvadorenos-mientras-el-pais-crece-a-ritmo-lento\/","url":"https:\/\/noticiasya.com\/colorado\/2024\/02\/02\/analisis-la-economia-es-la-principal-preocupacion-de-los-salvadorenos-mientras-el-pais-crece-a-ritmo-lento\/","name":"AN\u00c1LISIS | La econom\u00eda es la principal preocupaci\u00f3n de los salvadore\u00f1os mientras el pa\u00eds crece a ritmo lento - Noticias","isPartOf":{"@id":"https:\/\/noticiasya.com\/#website"},"datePublished":"2024-02-03T00:33:27+00:00","breadcrumb":{"@id":"https:\/\/noticiasya.com\/colorado\/2024\/02\/02\/analisis-la-economia-es-la-principal-preocupacion-de-los-salvadorenos-mientras-el-pais-crece-a-ritmo-lento\/#breadcrumb"},"inLanguage":"es","potentialAction":[{"@type":"ReadAction","target":["https:\/\/noticiasya.com\/colorado\/2024\/02\/02\/analisis-la-economia-es-la-principal-preocupacion-de-los-salvadorenos-mientras-el-pais-crece-a-ritmo-lento\/"]}]},{"@type":"BreadcrumbList","@id":"https:\/\/noticiasya.com\/colorado\/2024\/02\/02\/analisis-la-economia-es-la-principal-preocupacion-de-los-salvadorenos-mientras-el-pais-crece-a-ritmo-lento\/#breadcrumb","itemListElement":[{"@type":"ListItem","position":1,"name":"Home","item":"https:\/\/noticiasya.com\/"},{"@type":"ListItem","position":2,"name":"AN\u00c1LISIS | La econom\u00eda es la principal preocupaci\u00f3n de los salvadore\u00f1os mientras el pa\u00eds crece a ritmo lento"}]},{"@type":"WebSite","@id":"https:\/\/noticiasya.com\/#website","url":"https:\/\/noticiasya.com\/","name":"Noticias","description":"Lo que importa","publisher":{"@id":"https:\/\/noticiasya.com\/#organization"},"potentialAction":[{"@type":"SearchAction","target":{"@type":"EntryPoint","urlTemplate":"https:\/\/noticiasya.com\/?s={search_term_string}"},"query-input":{"@type":"PropertyValueSpecification","valueRequired":true,"valueName":"search_term_string"}}],"inLanguage":"es"},{"@type":"Organization","@id":"https:\/\/noticiasya.com\/#organization","name":"Noticias","url":"https:\/\/noticiasya.com\/","logo":{"@type":"ImageObject","inLanguage":"es","@id":"https:\/\/noticiasya.com\/#\/schema\/logo\/image\/","url":"https:\/\/noticiasya.com\/wp-content\/uploads\/sites\/22\/2023\/12\/logo-nacional.png","contentUrl":"https:\/\/noticiasya.com\/wp-content\/uploads\/sites\/22\/2023\/12\/logo-nacional.png","width":1801,"height":691,"caption":"Noticias"},"image":{"@id":"https:\/\/noticiasya.com\/#\/schema\/logo\/image\/"}}]}},"parsely":{"version":"1.1.0","canonical_url":"https:\/\/noticiasya.com\/el-valle\/2024\/02\/02\/analisis-la-economia-es-la-principal-preocupacion-de-los-salvadorenos-mientras-el-pais-crece-a-ritmo-lento\/","smart_links":{"inbound":0,"outbound":0},"traffic_boost_suggestions_count":0,"meta":{"@context":"https:\/\/schema.org","@type":"NewsArticle","headline":"AN\u00c1LISIS | La econom\u00eda es la principal preocupaci\u00f3n de los salvadore\u00f1os mientras el pa\u00eds crece a ritmo lento","url":"http:\/\/noticiasya.com\/el-valle\/2024\/02\/02\/analisis-la-economia-es-la-principal-preocupacion-de-los-salvadorenos-mientras-el-pais-crece-a-ritmo-lento\/","mainEntityOfPage":{"@type":"WebPage","@id":"http:\/\/noticiasya.com\/el-valle\/2024\/02\/02\/analisis-la-economia-es-la-principal-preocupacion-de-los-salvadorenos-mientras-el-pais-crece-a-ritmo-lento\/"},"thumbnailUrl":"","image":{"@type":"ImageObject","url":""},"articleSection":"Noticias Nacionales","author":[],"creator":[],"publisher":{"@type":"Organization","name":"Noticias","logo":""},"keywords":[],"dateCreated":"2024-02-03T00:33:27Z","datePublished":"2024-02-03T00:33:27Z","dateModified":"2024-02-03T00:33:27Z"},"rendered":"<script type=\"application\/ld+json\" class=\"wp-parsely-metadata\">{\"@context\":\"https:\\\/\\\/schema.org\",\"@type\":\"NewsArticle\",\"headline\":\"AN\\u00c1LISIS | La econom\\u00eda es la principal preocupaci\\u00f3n de los salvadore\\u00f1os mientras el pa\\u00eds crece a ritmo lento\",\"url\":\"http:\\\/\\\/noticiasya.com\\\/el-valle\\\/2024\\\/02\\\/02\\\/analisis-la-economia-es-la-principal-preocupacion-de-los-salvadorenos-mientras-el-pais-crece-a-ritmo-lento\\\/\",\"mainEntityOfPage\":{\"@type\":\"WebPage\",\"@id\":\"http:\\\/\\\/noticiasya.com\\\/el-valle\\\/2024\\\/02\\\/02\\\/analisis-la-economia-es-la-principal-preocupacion-de-los-salvadorenos-mientras-el-pais-crece-a-ritmo-lento\\\/\"},\"thumbnailUrl\":\"\",\"image\":{\"@type\":\"ImageObject\",\"url\":\"\"},\"articleSection\":\"Noticias Nacionales\",\"author\":[],\"creator\":[],\"publisher\":{\"@type\":\"Organization\",\"name\":\"Noticias\",\"logo\":\"\"},\"keywords\":[],\"dateCreated\":\"2024-02-03T00:33:27Z\",\"datePublished\":\"2024-02-03T00:33:27Z\",\"dateModified\":\"2024-02-03T00:33:27Z\"}<\/script>","tracker_url":"https:\/\/cdn.parsely.com\/keys\/noticiasya.com\/p.js"},"jetpack_featured_media_url":"","jetpack-related-posts":[{"id":1444800,"url":"https:\/\/noticiasya.com\/el-valle\/2024\/02\/02\/logros-y-problemas-durante-la-presidencia-de-nayib-bukele-en-el-salvador\/","url_meta":{"origin":1444809,"position":0},"title":"Logros y problemas durante la presidencia de Nayib Bukele en El Salvador","author":"","date":"febrero 2, 2024","format":false,"excerpt":"(CNN Espa\u00f1ol) -- El presidente de El Salvador, Nayib Bukele, se presenta a las elecciones presidenciales del domingo en busca de un segundo mandato, con el combate a la delincuencia como su principal bandera.En las calles, los salvadore\u00f1os reconocen la mejora en la seguridad. Roberto Gonz\u00e1lez, quien ofrece servicios de\u2026","rel":"","context":"In &quot;Noticias Nacionales&quot;","block_context":{"text":"Noticias Nacionales","link":"https:\/\/noticiasya.com\/el-valle\/categoria\/noticias-nacionales"},"img":{"alt_text":"","src":"","width":0,"height":0},"classes":[]},{"id":1444802,"url":"https:\/\/noticiasya.com\/el-valle\/2024\/02\/02\/logros-y-problemas-durante-la-presidencia-de-nayib-bukele-en-el-salvador-2\/","url_meta":{"origin":1444809,"position":1},"title":"Logros y problemas durante la presidencia de Nayib Bukele en El Salvador","author":"","date":"febrero 2, 2024","format":false,"excerpt":"(CNN Espa\u00f1ol) -- El presidente de El Salvador, Nayib Bukele, se presenta a las elecciones presidenciales del domingo en busca de un segundo mandato, con el combate a la delincuencia como su principal bandera.En las calles, los salvadore\u00f1os reconocen la mejora en la seguridad. Roberto Gonz\u00e1lez, quien ofrece servicios de\u2026","rel":"","context":"In &quot;Noticias Nacionales&quot;","block_context":{"text":"Noticias Nacionales","link":"https:\/\/noticiasya.com\/el-valle\/categoria\/noticias-nacionales"},"img":{"alt_text":"","src":"","width":0,"height":0},"classes":[]},{"id":1453255,"url":"https:\/\/noticiasya.com\/el-valle\/2024\/10\/01\/ministro-de-seguridad-de-el-salvador-no-matamos-pandilleros-orix\/","url_meta":{"origin":1444809,"position":2},"title":"Ministro de Seguridad de El Salvador dice que los DD.HH. son una preocupaci\u00f3n para el Gobierno: \u201cNosotros no matamos pandilleros\u201d","author":"","date":"octubre 1, 2024","format":false,"excerpt":"(CNN Espa\u00f1ol) -- Gustavo Villatoro es uno de los hombres fuertes de El Salvador. Es el ministro de Justicia y Seguridad en el pa\u00eds donde el combate contra las pandillas y el crimen organizado es el caballito de batalla del presidente Nayib Bukele no solo en la pol\u00edtica local sino\u2026","rel":"","context":"In &quot;Noticias Nacionales&quot;","block_context":{"text":"Noticias Nacionales","link":"https:\/\/noticiasya.com\/el-valle\/categoria\/noticias-nacionales"},"img":{"alt_text":"","src":"","width":0,"height":0},"classes":[]},{"id":1465238,"url":"https:\/\/noticiasya.com\/el-valle\/2025\/08\/07\/asamblea-legislativa-el-salvador-ley-impuestos-migrantes-orix\/","url_meta":{"origin":1444809,"position":3},"title":"Asamblea Legislativa de El Salvador aprueba ley que exonera de impuestos a migrantes que retornen al pa\u00eds","author":"","date":"agosto 7, 2025","format":false,"excerpt":"La Asamblea Legislativa de El Salvador aprob\u00f3 este jueves por unanimidad una ley que exonera del pago de impuestos a los salvadore\u00f1os que retornen al pa\u00eds ingresando pertenencias hasta por US$ 100.000. De acuerdo con el decreto aprobado, si los bienes superan ese monto solo se pagar\u00e1 por el excedente.La\u2026","rel":"","context":"In &quot;Noticias Nacionales&quot;","block_context":{"text":"Noticias Nacionales","link":"https:\/\/noticiasya.com\/el-valle\/categoria\/noticias-nacionales"},"img":{"alt_text":"","src":"","width":0,"height":0},"classes":[]},{"id":1444814,"url":"https:\/\/noticiasya.com\/el-valle\/2024\/02\/02\/como-y-donde-votar-en-las-elecciones-presidenciales-de-el-salvador-horarios-documentos-boleta\/","url_meta":{"origin":1444809,"position":4},"title":"C\u00f3mo y d\u00f3nde votar en las elecciones presidenciales de El Salvador: horarios, documentos, boleta","author":"","date":"febrero 2, 2024","format":false,"excerpt":"(CNN Espa\u00f1ol) -- El pr\u00f3ximo 4 de febrero m\u00e1s de 6 millones de salvadore\u00f1os est\u00e1n convocados a las urnas para elegir al pr\u00f3ximo presidente, vicepresidente y 60 diputados que integrar\u00e1n la Asamblea Legislativa.Nayib Bukele, actual presidente \u2014con permiso de la Asamblea Legislativa para la campa\u00f1a electoral\u2014 busca reelegirse para un\u2026","rel":"","context":"In &quot;Noticias Nacionales&quot;","block_context":{"text":"Noticias Nacionales","link":"https:\/\/noticiasya.com\/el-valle\/categoria\/noticias-nacionales"},"img":{"alt_text":"","src":"","width":0,"height":0},"classes":[]},{"id":1444853,"url":"https:\/\/noticiasya.com\/el-valle\/2024\/02\/03\/como-y-donde-votar-en-las-elecciones-presidenciales-de-el-salvador-horarios-documentos-boleta-2\/","url_meta":{"origin":1444809,"position":5},"title":"C\u00f3mo y d\u00f3nde votar en las elecciones presidenciales de El Salvador: horarios, documentos, boleta","author":"","date":"febrero 3, 2024","format":false,"excerpt":"(CNN Espa\u00f1ol) -- El pr\u00f3ximo 4 de febrero m\u00e1s de 6 millones de salvadore\u00f1os est\u00e1n convocados a las urnas para elegir al pr\u00f3ximo presidente, vicepresidente y 60 diputados que integrar\u00e1n la Asamblea Legislativa.Nayib Bukele, actual presidente \u2014con permiso de la Asamblea Legislativa para la campa\u00f1a electoral\u2014 busca reelegirse para un\u2026","rel":"","context":"In &quot;Noticias Nacionales&quot;","block_context":{"text":"Noticias Nacionales","link":"https:\/\/noticiasya.com\/el-valle\/categoria\/noticias-nacionales"},"img":{"alt_text":"","src":"","width":0,"height":0},"classes":[]}],"jetpack_sharing_enabled":true,"_links":{"self":[{"href":"https:\/\/noticiasya.com\/el-valle\/wp-json\/wp\/v2\/posts\/1444809","targetHints":{"allow":["GET"]}}],"collection":[{"href":"https:\/\/noticiasya.com\/el-valle\/wp-json\/wp\/v2\/posts"}],"about":[{"href":"https:\/\/noticiasya.com\/el-valle\/wp-json\/wp\/v2\/types\/post"}],"replies":[{"embeddable":true,"href":"https:\/\/noticiasya.com\/el-valle\/wp-json\/wp\/v2\/comments?post=1444809"}],"version-history":[{"count":1,"href":"https:\/\/noticiasya.com\/el-valle\/wp-json\/wp\/v2\/posts\/1444809\/revisions"}],"predecessor-version":[{"id":1444825,"href":"https:\/\/noticiasya.com\/el-valle\/wp-json\/wp\/v2\/posts\/1444809\/revisions\/1444825"}],"wp:attachment":[{"href":"https:\/\/noticiasya.com\/el-valle\/wp-json\/wp\/v2\/media?parent=1444809"}],"wp:term":[{"taxonomy":"category","embeddable":true,"href":"https:\/\/noticiasya.com\/el-valle\/wp-json\/wp\/v2\/categories?post=1444809"},{"taxonomy":"post_tag","embeddable":true,"href":"https:\/\/noticiasya.com\/el-valle\/wp-json\/wp\/v2\/tags?post=1444809"}],"curies":[{"name":"wp","href":"https:\/\/api.w.org\/{rel}","templated":true}]}}