{"id":1452221,"date":"2024-08-27T20:03:51","date_gmt":"2024-08-28T03:03:51","guid":{"rendered":"https:\/\/noticiasya.com\/2024\/08\/27\/spacex-retrasa-lanzamiento-polaris-dawn-trax\/"},"modified":"2024-08-27T20:03:51","modified_gmt":"2024-08-28T03:03:51","slug":"spacex-retrasa-lanzamiento-polaris-dawn-trax","status":"publish","type":"post","link":"https:\/\/noticiasya.com\/el-valle\/2024\/08\/27\/spacex-retrasa-lanzamiento-polaris-dawn-trax\/","title":{"rendered":"SpaceX retrasa el lanzamiento de la misi\u00f3n Polaris Dawn a los cinturones de radiaci\u00f3n de la Tierra"},"content":{"rendered":"<p>(CNN) &#8212;\u00a0Por segunda vez en dos d\u00edas, SpaceX cancel\u00f3 sus planes de lanzar la misi\u00f3n Polaris Dawn, pero esta vez el problema es el clima y no est\u00e1 claro cu\u00e1ndo ser\u00e1 el pr\u00f3ximo intento de lanzamiento.<\/p>\n<p>Si bien el clima para el lanzamiento en s\u00ed parec\u00eda favorable, el equipo de SpaceX dice que le preocupan las condiciones clim\u00e1ticas para el final de la misi\u00f3n cuando la c\u00e1psula Dagon caiga en los mares alrededor de Florida.<\/p>\n<p>\u201cDebido al clima desfavorable pronosticado en las \u00e1reas de amerizaje de Dragon frente a la costa de Florida, ahora estamos cancelando las oportunidades de lanzamiento del Falcon 9 de Polaris Dawn esta noche y ma\u00f1ana. Los equipos continuar\u00e1n monitoreando el clima para detectar condiciones favorables de lanzamiento y regreso\u201d, public\u00f3 SpaceX en X.<\/p>\n<p>El lunes por la noche, SpaceX cancel\u00f3 un lanzamiento planeado para el martes por la ma\u00f1ana debido a un problema con un sistema terrestre que carga propulsor en el cohete.<\/p>\n<p>La tripulaci\u00f3n de cuatro personas, que espera realizar la primera caminata espacial realizada por astronautas privados, ha estado en cuarentena a la espera de su lanzamiento.<\/p>\n<p>Conoce a la tripulaci\u00f3n de cuatro personas que encabeza la audaz misi\u00f3n Polaris Dawn de SpaceX<\/p>\n<p>Uno de los miembros de la tripulaci\u00f3n, el comandante de la misi\u00f3n Jared Isaacman, public\u00f3 en X: \u201cNuestros criterios de lanzamiento est\u00e1n muy limitados por las condiciones clim\u00e1ticas previstas para el aterrizaje. Sin un punto de encuentro con la ISS y con consumibles de soporte vital limitados, debemos estar absolutamente seguros del clima de reentrada antes del lanzamiento. Por ahora, las condiciones no son favorables ni esta noche ni ma\u00f1ana, as\u00ed que evaluaremos d\u00eda a d\u00eda\u201d.<\/p>\n<p>The-CNN-Wire<br \/>&trade; &amp; &copy; 2024 Cable News Network, Inc., a Warner Bros. Discovery Company. All rights reserved.<\/p>\n","protected":false},"excerpt":{"rendered":"<p>(CNN) &#8212;\u00a0Por segunda vez en dos d\u00edas, SpaceX cancel\u00f3 sus planes de lanzar la misi\u00f3n Polaris Dawn, pero esta vez el problema es el clima y no est\u00e1 claro cu\u00e1ndo ser\u00e1 el pr\u00f3ximo intento de lanzamiento. Si bien el clima para el lanzamiento en s\u00ed parec\u00eda favorable, el equipo de SpaceX dice que le preocupan [&hellip;]<\/p>\n","protected":false},"author":0,"featured_media":0,"comment_status":"open","ping_status":"open","sticky":false,"template":"","format":"standard","meta":{"_jetpack_memberships_contains_paid_content":false,"footnotes":""},"categories":[10],"tags":[],"class_list":["post-1452221","post","type-post","status-publish","format-standard","hentry","category-noticias-nacionales","market-global"],"yoast_head":"<!-- This site is optimized with the Yoast SEO plugin v24.4 - https:\/\/yoast.com\/wordpress\/plugins\/seo\/ -->\n<title>SpaceX retrasa el lanzamiento de la misi\u00f3n Polaris Dawn a los cinturones de radiaci\u00f3n de la Tierra - Noticias<\/title>\n<meta name=\"robots\" content=\"index, follow, max-snippet:-1, max-image-preview:large, max-video-preview:-1\" \/>\n<link rel=\"canonical\" href=\"https:\/\/noticiasya.com\/2024\/08\/27\/spacex-retrasa-lanzamiento-polaris-dawn-trax\/\" \/>\n<meta property=\"og:locale\" content=\"es_ES\" \/>\n<meta property=\"og:type\" content=\"article\" \/>\n<meta property=\"og:title\" content=\"SpaceX retrasa el lanzamiento de la misi\u00f3n Polaris Dawn a los cinturones de radiaci\u00f3n de la Tierra - Noticias\" \/>\n<meta property=\"og:description\" content=\"(CNN) &#8212;\u00a0Por segunda vez en dos d\u00edas, SpaceX cancel\u00f3 sus planes de lanzar la misi\u00f3n Polaris Dawn, pero esta vez el problema es el clima y no est\u00e1 claro cu\u00e1ndo ser\u00e1 el pr\u00f3ximo intento de lanzamiento. Si bien el clima para el lanzamiento en s\u00ed parec\u00eda favorable, el equipo de SpaceX dice que le preocupan [&hellip;]\" \/>\n<meta property=\"og:url\" content=\"https:\/\/noticiasya.com\/2024\/08\/27\/spacex-retrasa-lanzamiento-polaris-dawn-trax\/\" \/>\n<meta property=\"og:site_name\" content=\"Noticias\" \/>\n<meta property=\"article:published_time\" content=\"2024-08-28T03:03:51+00:00\" \/>\n<meta name=\"twitter:card\" content=\"summary_large_image\" \/>\n<meta name=\"twitter:label1\" content=\"Est. reading time\" \/>\n\t<meta name=\"twitter:data1\" content=\"2 minutos\" \/>\n<script type=\"application\/ld+json\" class=\"yoast-schema-graph\">{\"@context\":\"https:\/\/schema.org\",\"@graph\":[{\"@type\":\"Article\",\"@id\":\"https:\/\/noticiasya.com\/2024\/08\/27\/spacex-retrasa-lanzamiento-polaris-dawn-trax\/#article\",\"isPartOf\":{\"@id\":\"https:\/\/noticiasya.com\/2024\/08\/27\/spacex-retrasa-lanzamiento-polaris-dawn-trax\/\"},\"author\":{\"name\":\"\",\"@id\":\"\"},\"headline\":\"SpaceX retrasa el lanzamiento de la misi\u00f3n Polaris Dawn a los cinturones de radiaci\u00f3n de la Tierra\",\"datePublished\":\"2024-08-28T03:03:51+00:00\",\"mainEntityOfPage\":{\"@id\":\"https:\/\/noticiasya.com\/2024\/08\/27\/spacex-retrasa-lanzamiento-polaris-dawn-trax\/\"},\"wordCount\":332,\"commentCount\":0,\"publisher\":{\"@id\":\"https:\/\/noticiasya.com\/#organization\"},\"articleSection\":[\"Noticias Nacionales\"],\"inLanguage\":\"es\",\"potentialAction\":[{\"@type\":\"CommentAction\",\"name\":\"Comment\",\"target\":[\"https:\/\/noticiasya.com\/2024\/08\/27\/spacex-retrasa-lanzamiento-polaris-dawn-trax\/#respond\"]}]},{\"@type\":\"WebPage\",\"@id\":\"https:\/\/noticiasya.com\/2024\/08\/27\/spacex-retrasa-lanzamiento-polaris-dawn-trax\/\",\"url\":\"https:\/\/noticiasya.com\/2024\/08\/27\/spacex-retrasa-lanzamiento-polaris-dawn-trax\/\",\"name\":\"SpaceX retrasa el lanzamiento de la misi\u00f3n Polaris Dawn a los cinturones de radiaci\u00f3n de la Tierra - Noticias\",\"isPartOf\":{\"@id\":\"https:\/\/noticiasya.com\/#website\"},\"datePublished\":\"2024-08-28T03:03:51+00:00\",\"breadcrumb\":{\"@id\":\"https:\/\/noticiasya.com\/2024\/08\/27\/spacex-retrasa-lanzamiento-polaris-dawn-trax\/#breadcrumb\"},\"inLanguage\":\"es\",\"potentialAction\":[{\"@type\":\"ReadAction\",\"target\":[\"https:\/\/noticiasya.com\/2024\/08\/27\/spacex-retrasa-lanzamiento-polaris-dawn-trax\/\"]}]},{\"@type\":\"BreadcrumbList\",\"@id\":\"https:\/\/noticiasya.com\/2024\/08\/27\/spacex-retrasa-lanzamiento-polaris-dawn-trax\/#breadcrumb\",\"itemListElement\":[{\"@type\":\"ListItem\",\"position\":1,\"name\":\"Home\",\"item\":\"https:\/\/noticiasya.com\/\"},{\"@type\":\"ListItem\",\"position\":2,\"name\":\"SpaceX retrasa el lanzamiento de la misi\u00f3n Polaris Dawn a los cinturones de radiaci\u00f3n de la Tierra\"}]},{\"@type\":\"WebSite\",\"@id\":\"https:\/\/noticiasya.com\/#website\",\"url\":\"https:\/\/noticiasya.com\/\",\"name\":\"Noticias\",\"description\":\"Lo que importa\",\"publisher\":{\"@id\":\"https:\/\/noticiasya.com\/#organization\"},\"potentialAction\":[{\"@type\":\"SearchAction\",\"target\":{\"@type\":\"EntryPoint\",\"urlTemplate\":\"https:\/\/noticiasya.com\/?s={search_term_string}\"},\"query-input\":{\"@type\":\"PropertyValueSpecification\",\"valueRequired\":true,\"valueName\":\"search_term_string\"}}],\"inLanguage\":\"es\"},{\"@type\":\"Organization\",\"@id\":\"https:\/\/noticiasya.com\/#organization\",\"name\":\"Noticias\",\"url\":\"https:\/\/noticiasya.com\/\",\"logo\":{\"@type\":\"ImageObject\",\"inLanguage\":\"es\",\"@id\":\"https:\/\/noticiasya.com\/#\/schema\/logo\/image\/\",\"url\":\"https:\/\/noticiasya.com\/wp-content\/uploads\/sites\/22\/2023\/12\/logo-nacional.png\",\"contentUrl\":\"https:\/\/noticiasya.com\/wp-content\/uploads\/sites\/22\/2023\/12\/logo-nacional.png\",\"width\":1801,\"height\":691,\"caption\":\"Noticias\"},\"image\":{\"@id\":\"https:\/\/noticiasya.com\/#\/schema\/logo\/image\/\"}}]}<\/script>\n<!-- \/ Yoast SEO plugin. -->","yoast_head_json":{"title":"SpaceX retrasa el lanzamiento de la misi\u00f3n Polaris Dawn a los cinturones de radiaci\u00f3n de la Tierra - Noticias","robots":{"index":"index","follow":"follow","max-snippet":"max-snippet:-1","max-image-preview":"max-image-preview:large","max-video-preview":"max-video-preview:-1"},"canonical":"https:\/\/noticiasya.com\/2024\/08\/27\/spacex-retrasa-lanzamiento-polaris-dawn-trax\/","og_locale":"es_ES","og_type":"article","og_title":"SpaceX retrasa el lanzamiento de la misi\u00f3n Polaris Dawn a los cinturones de radiaci\u00f3n de la Tierra - Noticias","og_description":"(CNN) &#8212;\u00a0Por segunda vez en dos d\u00edas, SpaceX cancel\u00f3 sus planes de lanzar la misi\u00f3n Polaris Dawn, pero esta vez el problema es el clima y no est\u00e1 claro cu\u00e1ndo ser\u00e1 el pr\u00f3ximo intento de lanzamiento. Si bien el clima para el lanzamiento en s\u00ed parec\u00eda favorable, el equipo de SpaceX dice que le preocupan [&hellip;]","og_url":"https:\/\/noticiasya.com\/2024\/08\/27\/spacex-retrasa-lanzamiento-polaris-dawn-trax\/","og_site_name":"Noticias","article_published_time":"2024-08-28T03:03:51+00:00","twitter_card":"summary_large_image","twitter_misc":{"Est. reading time":"2 minutos"},"schema":{"@context":"https:\/\/schema.org","@graph":[{"@type":"Article","@id":"https:\/\/noticiasya.com\/2024\/08\/27\/spacex-retrasa-lanzamiento-polaris-dawn-trax\/#article","isPartOf":{"@id":"https:\/\/noticiasya.com\/2024\/08\/27\/spacex-retrasa-lanzamiento-polaris-dawn-trax\/"},"author":{"name":"","@id":""},"headline":"SpaceX retrasa el lanzamiento de la misi\u00f3n Polaris Dawn a los cinturones de radiaci\u00f3n de la Tierra","datePublished":"2024-08-28T03:03:51+00:00","mainEntityOfPage":{"@id":"https:\/\/noticiasya.com\/2024\/08\/27\/spacex-retrasa-lanzamiento-polaris-dawn-trax\/"},"wordCount":332,"commentCount":0,"publisher":{"@id":"https:\/\/noticiasya.com\/#organization"},"articleSection":["Noticias Nacionales"],"inLanguage":"es","potentialAction":[{"@type":"CommentAction","name":"Comment","target":["https:\/\/noticiasya.com\/2024\/08\/27\/spacex-retrasa-lanzamiento-polaris-dawn-trax\/#respond"]}]},{"@type":"WebPage","@id":"https:\/\/noticiasya.com\/2024\/08\/27\/spacex-retrasa-lanzamiento-polaris-dawn-trax\/","url":"https:\/\/noticiasya.com\/2024\/08\/27\/spacex-retrasa-lanzamiento-polaris-dawn-trax\/","name":"SpaceX retrasa el lanzamiento de la misi\u00f3n Polaris Dawn a los cinturones de radiaci\u00f3n de la Tierra - Noticias","isPartOf":{"@id":"https:\/\/noticiasya.com\/#website"},"datePublished":"2024-08-28T03:03:51+00:00","breadcrumb":{"@id":"https:\/\/noticiasya.com\/2024\/08\/27\/spacex-retrasa-lanzamiento-polaris-dawn-trax\/#breadcrumb"},"inLanguage":"es","potentialAction":[{"@type":"ReadAction","target":["https:\/\/noticiasya.com\/2024\/08\/27\/spacex-retrasa-lanzamiento-polaris-dawn-trax\/"]}]},{"@type":"BreadcrumbList","@id":"https:\/\/noticiasya.com\/2024\/08\/27\/spacex-retrasa-lanzamiento-polaris-dawn-trax\/#breadcrumb","itemListElement":[{"@type":"ListItem","position":1,"name":"Home","item":"https:\/\/noticiasya.com\/"},{"@type":"ListItem","position":2,"name":"SpaceX retrasa el lanzamiento de la misi\u00f3n Polaris Dawn a los cinturones de radiaci\u00f3n de la Tierra"}]},{"@type":"WebSite","@id":"https:\/\/noticiasya.com\/#website","url":"https:\/\/noticiasya.com\/","name":"Noticias","description":"Lo que importa","publisher":{"@id":"https:\/\/noticiasya.com\/#organization"},"potentialAction":[{"@type":"SearchAction","target":{"@type":"EntryPoint","urlTemplate":"https:\/\/noticiasya.com\/?s={search_term_string}"},"query-input":{"@type":"PropertyValueSpecification","valueRequired":true,"valueName":"search_term_string"}}],"inLanguage":"es"},{"@type":"Organization","@id":"https:\/\/noticiasya.com\/#organization","name":"Noticias","url":"https:\/\/noticiasya.com\/","logo":{"@type":"ImageObject","inLanguage":"es","@id":"https:\/\/noticiasya.com\/#\/schema\/logo\/image\/","url":"https:\/\/noticiasya.com\/wp-content\/uploads\/sites\/22\/2023\/12\/logo-nacional.png","contentUrl":"https:\/\/noticiasya.com\/wp-content\/uploads\/sites\/22\/2023\/12\/logo-nacional.png","width":1801,"height":691,"caption":"Noticias"},"image":{"@id":"https:\/\/noticiasya.com\/#\/schema\/logo\/image\/"}}]}},"parsely":{"version":"1.1.0","canonical_url":"https:\/\/noticiasya.com\/el-valle\/2024\/08\/27\/spacex-retrasa-lanzamiento-polaris-dawn-trax\/","smart_links":{"inbound":0,"outbound":0},"traffic_boost_suggestions_count":0,"meta":{"@context":"https:\/\/schema.org","@type":"NewsArticle","headline":"SpaceX retrasa el lanzamiento de la misi\u00f3n Polaris Dawn a los cinturones de radiaci\u00f3n de la Tierra","url":"http:\/\/noticiasya.com\/el-valle\/2024\/08\/27\/spacex-retrasa-lanzamiento-polaris-dawn-trax\/","mainEntityOfPage":{"@type":"WebPage","@id":"http:\/\/noticiasya.com\/el-valle\/2024\/08\/27\/spacex-retrasa-lanzamiento-polaris-dawn-trax\/"},"thumbnailUrl":"","image":{"@type":"ImageObject","url":""},"articleSection":"Noticias Nacionales","author":[],"creator":[],"publisher":{"@type":"Organization","name":"Noticias","logo":""},"keywords":[],"dateCreated":"2024-08-28T03:03:51Z","datePublished":"2024-08-28T03:03:51Z","dateModified":"2024-08-28T03:03:51Z"},"rendered":"<script type=\"application\/ld+json\" class=\"wp-parsely-metadata\">{\"@context\":\"https:\\\/\\\/schema.org\",\"@type\":\"NewsArticle\",\"headline\":\"SpaceX retrasa el lanzamiento de la misi\\u00f3n Polaris Dawn a los cinturones de radiaci\\u00f3n de la Tierra\",\"url\":\"http:\\\/\\\/noticiasya.com\\\/el-valle\\\/2024\\\/08\\\/27\\\/spacex-retrasa-lanzamiento-polaris-dawn-trax\\\/\",\"mainEntityOfPage\":{\"@type\":\"WebPage\",\"@id\":\"http:\\\/\\\/noticiasya.com\\\/el-valle\\\/2024\\\/08\\\/27\\\/spacex-retrasa-lanzamiento-polaris-dawn-trax\\\/\"},\"thumbnailUrl\":\"\",\"image\":{\"@type\":\"ImageObject\",\"url\":\"\"},\"articleSection\":\"Noticias Nacionales\",\"author\":[],\"creator\":[],\"publisher\":{\"@type\":\"Organization\",\"name\":\"Noticias\",\"logo\":\"\"},\"keywords\":[],\"dateCreated\":\"2024-08-28T03:03:51Z\",\"datePublished\":\"2024-08-28T03:03:51Z\",\"dateModified\":\"2024-08-28T03:03:51Z\"}<\/script>","tracker_url":"https:\/\/cdn.parsely.com\/keys\/noticiasya.com\/p.js"},"jetpack_featured_media_url":"","jetpack-related-posts":[{"id":1452565,"url":"https:\/\/noticiasya.com\/el-valle\/2024\/09\/09\/spacex-despegar-tripulacion-polaris-dawn-arriesgada-mision-inclemencias-meteorologicas-trax\/","url_meta":{"origin":1452221,"position":0},"title":"SpaceX se propone despegar esta semana a la tripulaci\u00f3n de Polaris Dawn en una arriesgada misi\u00f3n a pesar de las inclemencias meteorol\u00f3gicas","author":"","date":"septiembre 9, 2024","format":false,"excerpt":"(CNN) -- SpaceX har\u00e1 otro intento para que Polaris Dawn \u2014una arriesgada misi\u00f3n que enviar\u00e1 a cuatro civiles a los cinturones de radiaci\u00f3n y a un hist\u00f3rico paseo espacial\u2014 despegue esta semana.El arriesgado vuelo intentar\u00e1 despegar del Centro Espacial Kennedy de Florida no antes de las 3:38 a.m. (hora de\u2026","rel":"","context":"In &quot;Noticias Nacionales&quot;","block_context":{"text":"Noticias Nacionales","link":"https:\/\/noticiasya.com\/el-valle\/categoria\/noticias-nacionales"},"img":{"alt_text":"","src":"","width":0,"height":0},"classes":[]},{"id":1452569,"url":"https:\/\/noticiasya.com\/el-valle\/2024\/09\/09\/spacex-lanzamiento-polaris-dawn-trax\/","url_meta":{"origin":1452221,"position":1},"title":"SpaceX prepara el lanzamiento de la tripulaci\u00f3n de Polaris Dawn en una arriesgada excursi\u00f3n a los cinturones de radiaci\u00f3n de la Tierra","author":"","date":"septiembre 9, 2024","format":false,"excerpt":"(CNN) -- La cuenta regresiva ya est\u00e1 en marcha para la \u00faltima misi\u00f3n de SpaceX: un arriesgado y audaz viaje a los cinturones de radiaci\u00f3n Van Allen de la Tierra con una tripulaci\u00f3n de cuatro civiles que pretenden realizar el primer paseo espacial comercial.La misi\u00f3n, bautizada como Polaris Dawn, est\u00e1\u2026","rel":"","context":"In &quot;Noticias Nacionales&quot;","block_context":{"text":"Noticias Nacionales","link":"https:\/\/noticiasya.com\/el-valle\/categoria\/noticias-nacionales"},"img":{"alt_text":"","src":"","width":0,"height":0},"classes":[]},{"id":1452311,"url":"https:\/\/noticiasya.com\/el-valle\/2024\/08\/30\/falcon-9-space-x-tiene-autorizacion-volver-volar-trax\/","url_meta":{"origin":1452221,"position":2},"title":"El cohete Falcon 9 de SpaceX tiene autorizaci\u00f3n para volar nuevamente con dos misiones de alto perfil por delante","author":"","date":"agosto 30, 2024","format":false,"excerpt":"(CNN) -- El cohete m\u00e1s prol\u00edfico del mundo, el SpaceX Falcon 9, recibi\u00f3 autorizaci\u00f3n para volar nuevamente, anunciaron los reguladores federales este viernes por la noche, poniendo al veh\u00edculo de nuevo en camino para dos misiones espaciales de alto perfil.La Administraci\u00f3n Federal de Aviaci\u00f3n de Estados Unidos (FAA, por sus\u2026","rel":"","context":"In &quot;Noticias Nacionales&quot;","block_context":{"text":"Noticias Nacionales","link":"https:\/\/noticiasya.com\/el-valle\/categoria\/noticias-nacionales"},"img":{"alt_text":"","src":"","width":0,"height":0},"classes":[]},{"id":1452616,"url":"https:\/\/noticiasya.com\/el-valle\/2024\/09\/12\/cuatro-civiles-audaz-mision-spacex-intentar-primera-caminata-espacial-comercial-trax\/","url_meta":{"origin":1452221,"position":3},"title":"Cuatro civiles en una audaz misi\u00f3n de SpaceX completan la primera caminata espacial comercial","author":"","date":"septiembre 12, 2024","format":false,"excerpt":"(CNN) -- Una tripulaci\u00f3n de cuatro civiles a bordo de la misi\u00f3n Polaris Dawn de SpaceX abri\u00f3 la escotilla de su c\u00e1psula e hizo historia como el primer grupo de astronautas no gubernamentales en realizar una caminata espacial.Todo el veh\u00edculo SpaceX Crew Dragon que propulsa y protege a la tripulaci\u00f3n\u2026","rel":"","context":"In &quot;Noticias Nacionales&quot;","block_context":{"text":"Noticias Nacionales","link":"https:\/\/noticiasya.com\/el-valle\/categoria\/noticias-nacionales"},"img":{"alt_text":"","src":"","width":0,"height":0},"classes":[]},{"id":1452698,"url":"https:\/\/noticiasya.com\/el-valle\/2024\/09\/15\/mision-polaris-dawn-spacex-lista-para-regresar-a-casa-tras-caminata-espacial-historica-trax\/","url_meta":{"origin":1452221,"position":4},"title":"La misi\u00f3n Polaris Dawn de SpaceX est\u00e1 lista para regresar a casa tras una caminata espacial hist\u00f3rica","author":"","date":"septiembre 15, 2024","format":false,"excerpt":"(CNN) -- La tripulaci\u00f3n de la misi\u00f3n Polaris Dawn de SpaceX se dirige a casa, prepar\u00e1ndose para culminar una misi\u00f3n de cinco d\u00edas en \u00f3rbita -que incluy\u00f3 el primer caminata espacial comercial del mundo- chapoteando en el Golfo de M\u00e9xico.La c\u00e1psula Crew Dragon, que transporta a cuatro astronautas, est\u00e1 en\u2026","rel":"","context":"In &quot;Noticias Nacionales&quot;","block_context":{"text":"Noticias Nacionales","link":"https:\/\/noticiasya.com\/el-valle\/categoria\/noticias-nacionales"},"img":{"alt_text":"","src":"","width":0,"height":0},"classes":[]},{"id":1446440,"url":"https:\/\/noticiasya.com\/el-valle\/2024\/03\/04\/nasa-spacex-lanzamiento-crew-8-estacion-espacial-internacional\/","url_meta":{"origin":1452221,"position":5},"title":"La NASA y SpaceX retrasan el lanzamiento del Crew-8 a la Estaci\u00f3n Espacial Internacional","author":"","date":"marzo 4, 2024","format":false,"excerpt":"(CNN) -- Los administradores de la misi\u00f3n de SpaceX y la NASA retrasaron el lanzamiento programado del Crew-8 a la Estaci\u00f3n Espacial Internacional el s\u00e1bado por la noche debido a los fuertes vientos.El llamado a cancelar el intento de esta noche de enviar a los cuatro astronautas del Crew-8 a\u2026","rel":"","context":"In &quot;Noticias Nacionales&quot;","block_context":{"text":"Noticias Nacionales","link":"https:\/\/noticiasya.com\/el-valle\/categoria\/noticias-nacionales"},"img":{"alt_text":"","src":"","width":0,"height":0},"classes":[]}],"jetpack_sharing_enabled":true,"_links":{"self":[{"href":"https:\/\/noticiasya.com\/el-valle\/wp-json\/wp\/v2\/posts\/1452221","targetHints":{"allow":["GET"]}}],"collection":[{"href":"https:\/\/noticiasya.com\/el-valle\/wp-json\/wp\/v2\/posts"}],"about":[{"href":"https:\/\/noticiasya.com\/el-valle\/wp-json\/wp\/v2\/types\/post"}],"replies":[{"embeddable":true,"href":"https:\/\/noticiasya.com\/el-valle\/wp-json\/wp\/v2\/comments?post=1452221"}],"version-history":[{"count":0,"href":"https:\/\/noticiasya.com\/el-valle\/wp-json\/wp\/v2\/posts\/1452221\/revisions"}],"wp:attachment":[{"href":"https:\/\/noticiasya.com\/el-valle\/wp-json\/wp\/v2\/media?parent=1452221"}],"wp:term":[{"taxonomy":"category","embeddable":true,"href":"https:\/\/noticiasya.com\/el-valle\/wp-json\/wp\/v2\/categories?post=1452221"},{"taxonomy":"post_tag","embeddable":true,"href":"https:\/\/noticiasya.com\/el-valle\/wp-json\/wp\/v2\/tags?post=1452221"}],"curies":[{"name":"wp","href":"https:\/\/api.w.org\/{rel}","templated":true}]}}