{"id":1452246,"date":"2024-08-28T15:03:38","date_gmt":"2024-08-28T22:03:38","guid":{"rendered":"https:\/\/noticiasya.com\/2024\/08\/28\/zuckerberg-meta-biden-censura-covid-trax\/"},"modified":"2024-08-28T15:03:38","modified_gmt":"2024-08-28T22:03:38","slug":"zuckerberg-meta-biden-censura-covid-trax","status":"publish","type":"post","link":"https:\/\/noticiasya.com\/el-valle\/2024\/08\/28\/zuckerberg-meta-biden-censura-covid-trax\/","title":{"rendered":"Mark Zuckerberg asegura que el Gobierno de Biden &#171;presion\u00f3&#187; a Meta a censurar contenidos relacionados con el covid-19 en 2021"},"content":{"rendered":"<p>(CNN) &#8212; Mark Zuckerberg, presidente y CEO de Meta, afirm\u00f3 el lunes en una carta a la Comisi\u00f3n judicial de la C\u00e1mara de Representantes que sus equipos fueron &#171;presionados&#187; por la Casa Blanca durante el Gobierno de Biden para censurar algunos contenidos en torno a la pandemia de covid-19.<\/p>\n<p>&#171;En 2021, altos funcionarios de la administraci\u00f3n de Biden, incluida la Casa Blanca, presionaron repetidamente a nuestros equipos durante meses para que censuraran ciertos contenidos sobre el covid-19, incluidos el humor y la s\u00e1tira, y expresaron mucha frustraci\u00f3n con nuestros equipos cuando no estuvimos de acuerdo&#187;, dijo Zuckerberg.<\/p>\n<p>En su carta a la comisi\u00f3n judicial, Zuckerberg dijo que la presi\u00f3n que sinti\u00f3 en 2021 fue &#171;err\u00f3nea&#187; y lleg\u00f3 a &#171;lamentar&#187; que su empresa no fuera m\u00e1s franca. Facebook dijo que con el &#171;beneficio de la retrospectiva y la nueva informaci\u00f3n&#187;, se tomaron decisiones en 2021 que no se tomar\u00edan hoy.<\/p>\n<p>Hackers iran\u00edes atacan las cuentas de WhatsApp de personas asociadas a los gobiernos de Biden y de Trump, dice Meta<\/p>\n<p>&#171;Como dije a nuestros equipos en aquel momento, creo firmemente que no debemos comprometer nuestros est\u00e1ndares de contenido debido a la presi\u00f3n de cualquier Gobierno en cualquier direcci\u00f3n, y estamos preparados para responder si algo as\u00ed vuelve a ocurrir&#187;, escribi\u00f3 Zuckerberg.<\/p>\n<p>El presidente Biden afirm\u00f3 en julio de 2021 que las plataformas de medios sociales estaban &#171;matando a la gente&#187; con la desinformaci\u00f3n en torno a la pandemia.<\/p>\n<p>Aunque Biden se retract\u00f3 m\u00e1s tarde de estos comentarios, el director general de Sanidad de EE.UU., Vivek Murthy, dijo en ese momento que la desinformaci\u00f3n publicada en las redes sociales era un &#171;grave peligro para la salud p\u00fablica&#187;.<\/p>\n<p>En la carta, Zuckerberg tambi\u00e9n dijo que el FBI advirti\u00f3 a su empresa sobre la posible desinformaci\u00f3n rusa alrededor de Hunter Biden y la empresa ucraniana Burisma que afectar\u00eda a las elecciones de 2020.<\/p>\n<p>Ese oto\u00f1o, dijo Zuckerberg, su equipo degrad\u00f3 temporalmente la informaci\u00f3n del New York Post que alegaba corrupci\u00f3n de la familia Biden mientras sus verificadores revisaban la historia.<\/p>\n<p>Mark Zuckerberg celebra el 4 de julio haciendo esqu\u00ed acu\u00e1tico en traje y con la bandera de Estados Unidos<\/p>\n<p>Zuckerberg dijo que, desde entonces, &#171;ha quedado claro que la informaci\u00f3n no era desinformaci\u00f3n rusa y, en retrospectiva, no debimos haber degradado la historia&#187;.<\/p>\n<p>Desde entonces, Meta ha cambiado sus pol\u00edticas y procesos para &#171;asegurarse de que esto no vuelva a ocurrir&#187; y ya no degradar\u00e1 contenidos en EE.UU. a la espera de los verificadores.<\/p>\n<p>En la carta a la Comisi\u00f3n Judicial, Zuckerberg dijo que no repetir\u00e1 las acciones que tom\u00f3 en 2020 cuando ayud\u00f3 a apoyar la &#171;infraestructura electoral.&#187;<\/p>\n<p>&#171;La idea aqu\u00ed era asegurarse de que las jurisdicciones electorales locales de todo el pa\u00eds tuvieran los recursos necesarios para ayudar a las personas a votar de manera segura durante una pandemia&#187;, dijo el CEO de Meta.<\/p>\n<p>Zuckerberg dijo que las iniciativas fueron dise\u00f1adas para no ser partidistas, pero dijo que &#171;algunas personas cre\u00edan que este trabajo beneficiaba a un partido sobre el otro&#187;. Zuckerberg dijo que su objetivo es ser &#171;neutral&#187; por lo que no har\u00e1 &#171;una contribuci\u00f3n similar este ciclo&#187;.<\/p>\n<p>Los miembros del Partido Republicano en la Comisi\u00f3n Judicial de la C\u00e1mara de Representantes compartieron la carta en X y dijeron que Zuckerberg &#171;acaba de admitir que el Gobierno de Biden-Harris presion\u00f3 a Facebook para que censurara a los estadounidenses. Facebook censur\u00f3 a los estadounidenses y Facebook enterr\u00f3 la historia de la computadora de Hunter Biden&#187;.<\/p>\n<p>Meta levanta las restricciones a las cuentas de Facebook e Instagram de Trump<\/p>\n<p>El CEO de Meta ha enfrentado durante mucho tiempo el escrutinio de los republicanos del Congreso, que han acusado a Facebook y otras grandes plataformas tecnol\u00f3gicas de tener prejuicios contra los conservadores. Si bien Zuckerberg ha enfatizado que Meta hace cumplir sus reglas de manera imparcial, la narrativa se ha afianzado firmemente en los c\u00edrculos conservadores. Los legisladores republicanos han analizado espec\u00edficamente la decisi\u00f3n de Facebook de limitar la circulaci\u00f3n de una historia del New York Post sobre Hunter Biden.<\/p>\n<p>En testimonios ante el Congreso en los \u00faltimos a\u00f1os, Zuckerberg ha tratado de cerrar la brecha entre su gigante de las redes sociales y los responsables pol\u00edticos, sin lograr grandes resultados.<\/p>\n<p>En una audiencia del Senado en 2020, Zuckerberg reconoci\u00f3 que muchos de los empleados de Facebook son de tendencia izquierdista. Pero sostuvo que la empresa tiene cuidado de no permitir que el sesgo pol\u00edtico se filtre en las decisiones.<\/p>\n<p>Adem\u00e1s, asegur\u00f3 que los moderadores de contenido de Facebook, muchos de los cuales son contratistas, tienen su sede en todo el mundo y \u201cla diversidad geogr\u00e1fica es m\u00e1s representativa de la comunidad a la que servimos que solo la base de empleados de tiempo completo en nuestra sede en California&#187;.<\/p>\n<p>En junio de este a\u00f1o, en una victoria para la Casa Blanca, la Corte Suprema dictamin\u00f3 por 6 a 3 que los demandantes en un caso que acusaba al gobierno federal de censurar las voces conservadoras en las redes sociales no ten\u00edan legitimidad.<\/p>\n<p>En nombre de la mayor\u00eda, la jueza Amy Coney Barrett dijo: \u201cpara establecer su legitimaci\u00f3n activa, los demandantes deben demostrar un riesgo sustancial de que, en un futuro pr\u00f3ximo, sufrir\u00e1n un da\u00f1o que se pueda atribuir a un demandado gubernamental\u201d. Coney Barrett continu\u00f3, &#171;debido a que ning\u00fan demandante ha soportado esa carga, ninguno est\u00e1 legitimado para solicitar una orden judicial preliminar&#187;.<\/p>\n<p>News Literacy Project, un grupo educativo no partidista, dijo que ha habido m\u00e1s de quinientos casos de desinformaci\u00f3n durante el ciclo electoral de 2024, incluido el respaldo falso de celebridades.<\/p>\n<p>Con informaci\u00f3n de Arlette Saenz<\/p>\n<p>The-CNN-Wire<br \/>&trade; &amp; &copy; 2024 Cable News Network, Inc., a Warner Bros. Discovery Company. All rights reserved.<\/p>\n","protected":false},"excerpt":{"rendered":"<p>(CNN) &#8212; Mark Zuckerberg, presidente y CEO de Meta, afirm\u00f3 el lunes en una carta a la Comisi\u00f3n judicial de la C\u00e1mara de Representantes que sus equipos fueron &#171;presionados&#187; por la Casa Blanca durante el Gobierno de Biden para censurar algunos contenidos en torno a la pandemia de covid-19. &#171;En 2021, altos funcionarios de la [&hellip;]<\/p>\n","protected":false},"author":0,"featured_media":0,"comment_status":"open","ping_status":"open","sticky":false,"template":"","format":"standard","meta":{"_jetpack_memberships_contains_paid_content":false,"footnotes":""},"categories":[10],"tags":[],"class_list":["post-1452246","post","type-post","status-publish","format-standard","hentry","category-noticias-nacionales","market-global"],"yoast_head":"<!-- This site is optimized with the Yoast SEO plugin v24.4 - https:\/\/yoast.com\/wordpress\/plugins\/seo\/ -->\n<title>Mark Zuckerberg asegura que el Gobierno de Biden &quot;presion\u00f3&quot; a Meta a censurar contenidos relacionados con el covid-19 en 2021 - Noticias<\/title>\n<meta name=\"robots\" content=\"index, follow, max-snippet:-1, max-image-preview:large, max-video-preview:-1\" \/>\n<link rel=\"canonical\" href=\"https:\/\/noticiasya.com\/2024\/08\/28\/zuckerberg-meta-biden-censura-covid-trax\/\" \/>\n<meta property=\"og:locale\" content=\"es_ES\" \/>\n<meta property=\"og:type\" content=\"article\" \/>\n<meta property=\"og:title\" content=\"Mark Zuckerberg asegura que el Gobierno de Biden &quot;presion\u00f3&quot; a Meta a censurar contenidos relacionados con el covid-19 en 2021 - Noticias\" \/>\n<meta property=\"og:description\" content=\"(CNN) &#8212; Mark Zuckerberg, presidente y CEO de Meta, afirm\u00f3 el lunes en una carta a la Comisi\u00f3n judicial de la C\u00e1mara de Representantes que sus equipos fueron &#171;presionados&#187; por la Casa Blanca durante el Gobierno de Biden para censurar algunos contenidos en torno a la pandemia de covid-19. &#171;En 2021, altos funcionarios de la [&hellip;]\" \/>\n<meta property=\"og:url\" content=\"https:\/\/noticiasya.com\/2024\/08\/28\/zuckerberg-meta-biden-censura-covid-trax\/\" \/>\n<meta property=\"og:site_name\" content=\"Noticias\" \/>\n<meta property=\"article:published_time\" content=\"2024-08-28T22:03:38+00:00\" \/>\n<meta name=\"twitter:card\" content=\"summary_large_image\" \/>\n<meta name=\"twitter:label1\" content=\"Est. reading time\" \/>\n\t<meta name=\"twitter:data1\" content=\"5 minutos\" \/>\n<script type=\"application\/ld+json\" class=\"yoast-schema-graph\">{\"@context\":\"https:\/\/schema.org\",\"@graph\":[{\"@type\":\"Article\",\"@id\":\"https:\/\/noticiasya.com\/2024\/08\/28\/zuckerberg-meta-biden-censura-covid-trax\/#article\",\"isPartOf\":{\"@id\":\"https:\/\/noticiasya.com\/2024\/08\/28\/zuckerberg-meta-biden-censura-covid-trax\/\"},\"author\":{\"name\":\"\",\"@id\":\"\"},\"headline\":\"Mark Zuckerberg asegura que el Gobierno de Biden &#171;presion\u00f3&#187; a Meta a censurar contenidos relacionados con el covid-19 en 2021\",\"datePublished\":\"2024-08-28T22:03:38+00:00\",\"mainEntityOfPage\":{\"@id\":\"https:\/\/noticiasya.com\/2024\/08\/28\/zuckerberg-meta-biden-censura-covid-trax\/\"},\"wordCount\":1009,\"commentCount\":0,\"publisher\":{\"@id\":\"https:\/\/noticiasya.com\/#organization\"},\"articleSection\":[\"Noticias Nacionales\"],\"inLanguage\":\"es\",\"potentialAction\":[{\"@type\":\"CommentAction\",\"name\":\"Comment\",\"target\":[\"https:\/\/noticiasya.com\/2024\/08\/28\/zuckerberg-meta-biden-censura-covid-trax\/#respond\"]}]},{\"@type\":\"WebPage\",\"@id\":\"https:\/\/noticiasya.com\/2024\/08\/28\/zuckerberg-meta-biden-censura-covid-trax\/\",\"url\":\"https:\/\/noticiasya.com\/2024\/08\/28\/zuckerberg-meta-biden-censura-covid-trax\/\",\"name\":\"Mark Zuckerberg asegura que el Gobierno de Biden \\\"presion\u00f3\\\" a Meta a censurar contenidos relacionados con el covid-19 en 2021 - Noticias\",\"isPartOf\":{\"@id\":\"https:\/\/noticiasya.com\/#website\"},\"datePublished\":\"2024-08-28T22:03:38+00:00\",\"breadcrumb\":{\"@id\":\"https:\/\/noticiasya.com\/2024\/08\/28\/zuckerberg-meta-biden-censura-covid-trax\/#breadcrumb\"},\"inLanguage\":\"es\",\"potentialAction\":[{\"@type\":\"ReadAction\",\"target\":[\"https:\/\/noticiasya.com\/2024\/08\/28\/zuckerberg-meta-biden-censura-covid-trax\/\"]}]},{\"@type\":\"BreadcrumbList\",\"@id\":\"https:\/\/noticiasya.com\/2024\/08\/28\/zuckerberg-meta-biden-censura-covid-trax\/#breadcrumb\",\"itemListElement\":[{\"@type\":\"ListItem\",\"position\":1,\"name\":\"Home\",\"item\":\"https:\/\/noticiasya.com\/\"},{\"@type\":\"ListItem\",\"position\":2,\"name\":\"Mark Zuckerberg asegura que el Gobierno de Biden &#171;presion\u00f3&#187; a Meta a censurar contenidos relacionados con el covid-19 en 2021\"}]},{\"@type\":\"WebSite\",\"@id\":\"https:\/\/noticiasya.com\/#website\",\"url\":\"https:\/\/noticiasya.com\/\",\"name\":\"Noticias\",\"description\":\"Lo que importa\",\"publisher\":{\"@id\":\"https:\/\/noticiasya.com\/#organization\"},\"potentialAction\":[{\"@type\":\"SearchAction\",\"target\":{\"@type\":\"EntryPoint\",\"urlTemplate\":\"https:\/\/noticiasya.com\/?s={search_term_string}\"},\"query-input\":{\"@type\":\"PropertyValueSpecification\",\"valueRequired\":true,\"valueName\":\"search_term_string\"}}],\"inLanguage\":\"es\"},{\"@type\":\"Organization\",\"@id\":\"https:\/\/noticiasya.com\/#organization\",\"name\":\"Noticias\",\"url\":\"https:\/\/noticiasya.com\/\",\"logo\":{\"@type\":\"ImageObject\",\"inLanguage\":\"es\",\"@id\":\"https:\/\/noticiasya.com\/#\/schema\/logo\/image\/\",\"url\":\"https:\/\/noticiasya.com\/wp-content\/uploads\/sites\/22\/2023\/12\/logo-nacional.png\",\"contentUrl\":\"https:\/\/noticiasya.com\/wp-content\/uploads\/sites\/22\/2023\/12\/logo-nacional.png\",\"width\":1801,\"height\":691,\"caption\":\"Noticias\"},\"image\":{\"@id\":\"https:\/\/noticiasya.com\/#\/schema\/logo\/image\/\"}}]}<\/script>\n<!-- \/ Yoast SEO plugin. -->","yoast_head_json":{"title":"Mark Zuckerberg asegura que el Gobierno de Biden \"presion\u00f3\" a Meta a censurar contenidos relacionados con el covid-19 en 2021 - Noticias","robots":{"index":"index","follow":"follow","max-snippet":"max-snippet:-1","max-image-preview":"max-image-preview:large","max-video-preview":"max-video-preview:-1"},"canonical":"https:\/\/noticiasya.com\/2024\/08\/28\/zuckerberg-meta-biden-censura-covid-trax\/","og_locale":"es_ES","og_type":"article","og_title":"Mark Zuckerberg asegura que el Gobierno de Biden \"presion\u00f3\" a Meta a censurar contenidos relacionados con el covid-19 en 2021 - Noticias","og_description":"(CNN) &#8212; Mark Zuckerberg, presidente y CEO de Meta, afirm\u00f3 el lunes en una carta a la Comisi\u00f3n judicial de la C\u00e1mara de Representantes que sus equipos fueron &#171;presionados&#187; por la Casa Blanca durante el Gobierno de Biden para censurar algunos contenidos en torno a la pandemia de covid-19. &#171;En 2021, altos funcionarios de la [&hellip;]","og_url":"https:\/\/noticiasya.com\/2024\/08\/28\/zuckerberg-meta-biden-censura-covid-trax\/","og_site_name":"Noticias","article_published_time":"2024-08-28T22:03:38+00:00","twitter_card":"summary_large_image","twitter_misc":{"Est. reading time":"5 minutos"},"schema":{"@context":"https:\/\/schema.org","@graph":[{"@type":"Article","@id":"https:\/\/noticiasya.com\/2024\/08\/28\/zuckerberg-meta-biden-censura-covid-trax\/#article","isPartOf":{"@id":"https:\/\/noticiasya.com\/2024\/08\/28\/zuckerberg-meta-biden-censura-covid-trax\/"},"author":{"name":"","@id":""},"headline":"Mark Zuckerberg asegura que el Gobierno de Biden &#171;presion\u00f3&#187; a Meta a censurar contenidos relacionados con el covid-19 en 2021","datePublished":"2024-08-28T22:03:38+00:00","mainEntityOfPage":{"@id":"https:\/\/noticiasya.com\/2024\/08\/28\/zuckerberg-meta-biden-censura-covid-trax\/"},"wordCount":1009,"commentCount":0,"publisher":{"@id":"https:\/\/noticiasya.com\/#organization"},"articleSection":["Noticias Nacionales"],"inLanguage":"es","potentialAction":[{"@type":"CommentAction","name":"Comment","target":["https:\/\/noticiasya.com\/2024\/08\/28\/zuckerberg-meta-biden-censura-covid-trax\/#respond"]}]},{"@type":"WebPage","@id":"https:\/\/noticiasya.com\/2024\/08\/28\/zuckerberg-meta-biden-censura-covid-trax\/","url":"https:\/\/noticiasya.com\/2024\/08\/28\/zuckerberg-meta-biden-censura-covid-trax\/","name":"Mark Zuckerberg asegura que el Gobierno de Biden \"presion\u00f3\" a Meta a censurar contenidos relacionados con el covid-19 en 2021 - Noticias","isPartOf":{"@id":"https:\/\/noticiasya.com\/#website"},"datePublished":"2024-08-28T22:03:38+00:00","breadcrumb":{"@id":"https:\/\/noticiasya.com\/2024\/08\/28\/zuckerberg-meta-biden-censura-covid-trax\/#breadcrumb"},"inLanguage":"es","potentialAction":[{"@type":"ReadAction","target":["https:\/\/noticiasya.com\/2024\/08\/28\/zuckerberg-meta-biden-censura-covid-trax\/"]}]},{"@type":"BreadcrumbList","@id":"https:\/\/noticiasya.com\/2024\/08\/28\/zuckerberg-meta-biden-censura-covid-trax\/#breadcrumb","itemListElement":[{"@type":"ListItem","position":1,"name":"Home","item":"https:\/\/noticiasya.com\/"},{"@type":"ListItem","position":2,"name":"Mark Zuckerberg asegura que el Gobierno de Biden &#171;presion\u00f3&#187; a Meta a censurar contenidos relacionados con el covid-19 en 2021"}]},{"@type":"WebSite","@id":"https:\/\/noticiasya.com\/#website","url":"https:\/\/noticiasya.com\/","name":"Noticias","description":"Lo que importa","publisher":{"@id":"https:\/\/noticiasya.com\/#organization"},"potentialAction":[{"@type":"SearchAction","target":{"@type":"EntryPoint","urlTemplate":"https:\/\/noticiasya.com\/?s={search_term_string}"},"query-input":{"@type":"PropertyValueSpecification","valueRequired":true,"valueName":"search_term_string"}}],"inLanguage":"es"},{"@type":"Organization","@id":"https:\/\/noticiasya.com\/#organization","name":"Noticias","url":"https:\/\/noticiasya.com\/","logo":{"@type":"ImageObject","inLanguage":"es","@id":"https:\/\/noticiasya.com\/#\/schema\/logo\/image\/","url":"https:\/\/noticiasya.com\/wp-content\/uploads\/sites\/22\/2023\/12\/logo-nacional.png","contentUrl":"https:\/\/noticiasya.com\/wp-content\/uploads\/sites\/22\/2023\/12\/logo-nacional.png","width":1801,"height":691,"caption":"Noticias"},"image":{"@id":"https:\/\/noticiasya.com\/#\/schema\/logo\/image\/"}}]}},"parsely":{"version":"1.1.0","canonical_url":"https:\/\/noticiasya.com\/el-valle\/2024\/08\/28\/zuckerberg-meta-biden-censura-covid-trax\/","smart_links":{"inbound":0,"outbound":0},"traffic_boost_suggestions_count":0,"meta":{"@context":"https:\/\/schema.org","@type":"NewsArticle","headline":"Mark Zuckerberg asegura que el Gobierno de Biden &#171;presion\u00f3&#187; a Meta a censurar contenidos relacionados con el covid-19 en 2021","url":"http:\/\/noticiasya.com\/el-valle\/2024\/08\/28\/zuckerberg-meta-biden-censura-covid-trax\/","mainEntityOfPage":{"@type":"WebPage","@id":"http:\/\/noticiasya.com\/el-valle\/2024\/08\/28\/zuckerberg-meta-biden-censura-covid-trax\/"},"thumbnailUrl":"","image":{"@type":"ImageObject","url":""},"articleSection":"Noticias Nacionales","author":[],"creator":[],"publisher":{"@type":"Organization","name":"Noticias","logo":""},"keywords":[],"dateCreated":"2024-08-28T22:03:38Z","datePublished":"2024-08-28T22:03:38Z","dateModified":"2024-08-28T22:03:38Z"},"rendered":"<script type=\"application\/ld+json\" class=\"wp-parsely-metadata\">{\"@context\":\"https:\\\/\\\/schema.org\",\"@type\":\"NewsArticle\",\"headline\":\"Mark Zuckerberg asegura que el Gobierno de Biden &#171;presion\\u00f3&#187; a Meta a censurar contenidos relacionados con el covid-19 en 2021\",\"url\":\"http:\\\/\\\/noticiasya.com\\\/el-valle\\\/2024\\\/08\\\/28\\\/zuckerberg-meta-biden-censura-covid-trax\\\/\",\"mainEntityOfPage\":{\"@type\":\"WebPage\",\"@id\":\"http:\\\/\\\/noticiasya.com\\\/el-valle\\\/2024\\\/08\\\/28\\\/zuckerberg-meta-biden-censura-covid-trax\\\/\"},\"thumbnailUrl\":\"\",\"image\":{\"@type\":\"ImageObject\",\"url\":\"\"},\"articleSection\":\"Noticias Nacionales\",\"author\":[],\"creator\":[],\"publisher\":{\"@type\":\"Organization\",\"name\":\"Noticias\",\"logo\":\"\"},\"keywords\":[],\"dateCreated\":\"2024-08-28T22:03:38Z\",\"datePublished\":\"2024-08-28T22:03:38Z\",\"dateModified\":\"2024-08-28T22:03:38Z\"}<\/script>","tracker_url":"https:\/\/cdn.parsely.com\/keys\/noticiasya.com\/p.js"},"jetpack_featured_media_url":"","jetpack-related-posts":[{"id":1457326,"url":"https:\/\/noticiasya.com\/el-valle\/2025\/01\/07\/analisis-maga-zuckerberg-transformara-internet-trax\/","url_meta":{"origin":1452246,"position":0},"title":"AN\u00c1LISIS | El nuevo estilo &#171;MAGA&#187; de Zuckerberg transformar\u00e1 el internet","author":"","date":"enero 7, 2025","format":false,"excerpt":"El CEO de Meta, Mark Zuckerberg, est\u00e1 introduciendo cambios radicales en las redes de internet, todos ellos en consonancia con los deseos del presidente electo Donald Trump y sus partidarios.Ech\u00f3 a los verificadores de hechos que los conservadores ridiculizan. E introdujo normas m\u00e1s permisivas para publicar opiniones conservadoras.Las recientes elecciones\u2026","rel":"","context":"In &quot;Noticias Nacionales&quot;","block_context":{"text":"Noticias Nacionales","link":"https:\/\/noticiasya.com\/el-valle\/categoria\/noticias-nacionales"},"img":{"alt_text":"","src":"","width":0,"height":0},"classes":[]},{"id":1457299,"url":"https:\/\/noticiasya.com\/el-valle\/2025\/01\/07\/meta-quita-verificadores-datos-moderacion-trax\/","url_meta":{"origin":1452246,"position":1},"title":"Meta se deshace de los verificadores de datos y dice que reducir\u00e1 la &#171;censura&#187;","author":"","date":"enero 7, 2025","format":false,"excerpt":"Meta realizar\u00e1 cambios importantes en su pol\u00edtica de moderaci\u00f3n de contenido en Facebook e Instagram ya que eliminar\u00e1 a los verificadores de informaci\u00f3n y los reemplazar\u00e1 con \u201cnotas comunitarias\u201d generadas por los usuarios, similares a las X de Elon Musk, anunci\u00f3 este martes el CEO Mark Zuckerberg.Los cambios se producen\u2026","rel":"","context":"In &quot;Noticias Nacionales&quot;","block_context":{"text":"Noticias Nacionales","link":"https:\/\/noticiasya.com\/el-valle\/categoria\/noticias-nacionales"},"img":{"alt_text":"","src":"","width":0,"height":0},"classes":[]},{"id":1466796,"url":"https:\/\/noticiasya.com\/el-valle\/2025\/09\/25\/youtube-restablecera-cuentas-afirmaciones-falsas-trax\/","url_meta":{"origin":1452246,"position":2},"title":"YouTube restablecer\u00e1 cuentas que fueron bloqueadas por publicar afirmaciones falsas sobre covid-19 y las elecciones de 2020","author":"","date":"septiembre 25, 2025","format":false,"excerpt":"YouTube anunci\u00f3 el martes que planea restablecer algunas cuentas que hab\u00eda prohibido anteriormente por violar las normas contra la publicaci\u00f3n repetida de informaci\u00f3n err\u00f3nea sobre el covid-19 y las elecciones de 2020.El anuncio se produjo en una carta enviada por un abogado de la empresa matriz de la plataforma, Alphabet,\u2026","rel":"","context":"In &quot;Noticias Nacionales&quot;","block_context":{"text":"Noticias Nacionales","link":"https:\/\/noticiasya.com\/el-valle\/categoria\/noticias-nacionales"},"img":{"alt_text":"","src":"","width":0,"height":0},"classes":[]},{"id":1457511,"url":"https:\/\/noticiasya.com\/el-valle\/2025\/01\/14\/meta-despide-empleados-peor-desempeno-trax\/","url_meta":{"origin":1452246,"position":3},"title":"Meta despedir\u00e1 al 5% de sus empleados con peor desempe\u00f1o","author":"","date":"enero 14, 2025","format":false,"excerpt":"Meta tiene el objetivo recortar alrededor del 5% de lo que llama sus \u201cempleados con menor desempe\u00f1o\u201d, mientras planea volver a cubrir esos puestos a finales de este a\u00f1o, confirm\u00f3 la compa\u00f1\u00eda este martes.Estos recortes de empleo podr\u00edan afectar a unos 3.600 trabajadores, seg\u00fan el \u00faltimo informe trimestral de Meta\u2026","rel":"","context":"In &quot;Noticias Nacionales&quot;","block_context":{"text":"Noticias Nacionales","link":"https:\/\/noticiasya.com\/el-valle\/categoria\/noticias-nacionales"},"img":{"alt_text":"","src":"","width":0,"height":0},"classes":[]},{"id":1452438,"url":"https:\/\/noticiasya.com\/el-valle\/2024\/09\/04\/junta-supervision-meta-dictamina-frase-apoyo-palestina-no-incitacion-odio-trax\/","url_meta":{"origin":1452246,"position":4},"title":"Junta de Supervisi\u00f3n de Meta dictamina que una frase de apoyo a Palestina no es incitaci\u00f3n al odio","author":"","date":"septiembre 4, 2024","format":false,"excerpt":"Nueva York (CNN) -- La Junta de Supervisi\u00f3n de Meta determin\u00f3 que la frase \"Del r\u00edo al mar\", utilizada para expresar el apoyo a Palestina, no infring\u00eda las pol\u00edticas de incitaci\u00f3n al odio de la empresa.Los detractores de la frase, que se refiere a la tierra entre el r\u00edo Jord\u00e1n\u2026","rel":"","context":"In &quot;Noticias Nacionales&quot;","block_context":{"text":"Noticias Nacionales","link":"https:\/\/noticiasya.com\/el-valle\/categoria\/noticias-nacionales"},"img":{"alt_text":"","src":"","width":0,"height":0},"classes":[]},{"id":1461175,"url":"https:\/\/noticiasya.com\/el-valle\/2025\/04\/14\/meta-antimonopolio-instagram-whatsapp-trax\/","url_meta":{"origin":1452246,"position":5},"title":"Si Meta pierde en un caso antimonopolio, podr\u00eda verse obligada a dividirse y vender Instagram y WhatsApp","author":"","date":"abril 14, 2025","format":false,"excerpt":"Meta va a juicio a partir del lunes.El gobierno estadounidense est\u00e1 impulsando un caso antimonopolio de gran envergadura, alegando que la empresa de Mark Zuckerberg construy\u00f3 ilegalmente un \u201cmonopolio de redes sociales\u201d mediante a\u00f1os de \u201cconducta anticompetitiva\u201d.Si el juez se pone del lado del gobierno, Meta podr\u00eda verse obligada a\u2026","rel":"","context":"In &quot;Noticias Nacionales&quot;","block_context":{"text":"Noticias Nacionales","link":"https:\/\/noticiasya.com\/el-valle\/categoria\/noticias-nacionales"},"img":{"alt_text":"","src":"","width":0,"height":0},"classes":[]}],"jetpack_sharing_enabled":true,"_links":{"self":[{"href":"https:\/\/noticiasya.com\/el-valle\/wp-json\/wp\/v2\/posts\/1452246","targetHints":{"allow":["GET"]}}],"collection":[{"href":"https:\/\/noticiasya.com\/el-valle\/wp-json\/wp\/v2\/posts"}],"about":[{"href":"https:\/\/noticiasya.com\/el-valle\/wp-json\/wp\/v2\/types\/post"}],"replies":[{"embeddable":true,"href":"https:\/\/noticiasya.com\/el-valle\/wp-json\/wp\/v2\/comments?post=1452246"}],"version-history":[{"count":0,"href":"https:\/\/noticiasya.com\/el-valle\/wp-json\/wp\/v2\/posts\/1452246\/revisions"}],"wp:attachment":[{"href":"https:\/\/noticiasya.com\/el-valle\/wp-json\/wp\/v2\/media?parent=1452246"}],"wp:term":[{"taxonomy":"category","embeddable":true,"href":"https:\/\/noticiasya.com\/el-valle\/wp-json\/wp\/v2\/categories?post=1452246"},{"taxonomy":"post_tag","embeddable":true,"href":"https:\/\/noticiasya.com\/el-valle\/wp-json\/wp\/v2\/tags?post=1452246"}],"curies":[{"name":"wp","href":"https:\/\/api.w.org\/{rel}","templated":true}]}}