{"id":1452302,"date":"2024-08-30T16:03:48","date_gmt":"2024-08-30T23:03:48","guid":{"rendered":"https:\/\/noticiasya.com\/2024\/08\/30\/liberan-narcotraficante-mexicano-osiel-cardenas-prision-orix\/"},"modified":"2024-08-30T16:03:48","modified_gmt":"2024-08-30T23:03:48","slug":"liberan-narcotraficante-mexicano-osiel-cardenas-prision-orix","status":"publish","type":"post","link":"https:\/\/noticiasya.com\/el-valle\/2024\/08\/30\/liberan-narcotraficante-mexicano-osiel-cardenas-prision-orix\/","title":{"rendered":"Liberan al narcotraficante mexicano Osiel C\u00e1rdenas de prisi\u00f3n en Estados Unidos"},"content":{"rendered":"<p>(CNN Espa\u00f1ol) &#8212; Osiel C\u00e1rdenas, exl\u00edder del c\u00e1rtel del Golfo en M\u00e9xico, fue liberado de prisi\u00f3n este viernes, confirm\u00f3 la Oficina Federal de Prisiones de Estados Unidos a CNN.<\/p>\n<p>C\u00e1rdenas ahora est\u00e1 bajo la custodia del Servicio de Control de Inmigraci\u00f3n y Aduanas (ICE, por sus siglas en ingl\u00e9s), inform\u00f3 el Bur\u00f3 de Prisiones.<\/p>\n<p>\u201cLos agentes de Operaciones de Detenci\u00f3n y Deportaci\u00f3n del Servicio de Control de Inmigraci\u00f3n y Aduanas de Estados Unidos tomaron hoy la custodia de Osiel C\u00e1rdenas Guill\u00e9n de la Penitenciar\u00eda de los Estados Unidos en Terre Haute, Indiana, y permanece bajo custodia del ICE a la espera de una determinaci\u00f3n final\u201d, confirm\u00f3 un portavoz del ICE a CNN.<\/p>\n<p>Los 10 narcotraficantes m\u00e1s notorios de M\u00e9xico<\/p>\n<p>C\u00e1rdenas fue arrestado en 2003 y estaba en la lista de los \u201cm\u00e1s buscados\u201d del Servicio de Aduanas de Estados Unidos en ese momento. Fue sentenciado a 25 a\u00f1os de prisi\u00f3n en 2010. C\u00e1rdenas fue acusado de amenazar con matar a varios agentes antidrogas y de aduanas de Estados Unidos y dirigi\u00f3 una operaci\u00f3n de contrabando de drogas durante varios a\u00f1os que llev\u00f3 marihuana y coca\u00edna a Estados Unidos.<\/p>\n<p>The-CNN-Wire<br \/>&trade; &amp; &copy; 2024 Cable News Network, Inc., a Warner Bros. Discovery Company. All rights reserved.<\/p>\n","protected":false},"excerpt":{"rendered":"<p>(CNN Espa\u00f1ol) &#8212; Osiel C\u00e1rdenas, exl\u00edder del c\u00e1rtel del Golfo en M\u00e9xico, fue liberado de prisi\u00f3n este viernes, confirm\u00f3 la Oficina Federal de Prisiones de Estados Unidos a CNN. C\u00e1rdenas ahora est\u00e1 bajo la custodia del Servicio de Control de Inmigraci\u00f3n y Aduanas (ICE, por sus siglas en ingl\u00e9s), inform\u00f3 el Bur\u00f3 de Prisiones. \u201cLos [&hellip;]<\/p>\n","protected":false},"author":0,"featured_media":0,"comment_status":"open","ping_status":"open","sticky":false,"template":"","format":"standard","meta":{"_jetpack_memberships_contains_paid_content":false,"footnotes":""},"categories":[10],"tags":[],"class_list":["post-1452302","post","type-post","status-publish","format-standard","hentry","category-noticias-nacionales","market-global"],"yoast_head":"<!-- This site is optimized with the Yoast SEO plugin v24.4 - https:\/\/yoast.com\/wordpress\/plugins\/seo\/ -->\n<title>Liberan al narcotraficante mexicano Osiel C\u00e1rdenas de prisi\u00f3n en Estados Unidos - Noticias<\/title>\n<meta name=\"robots\" content=\"index, follow, max-snippet:-1, max-image-preview:large, max-video-preview:-1\" \/>\n<link rel=\"canonical\" href=\"https:\/\/noticiasya.com\/2024\/08\/30\/liberan-narcotraficante-mexicano-osiel-cardenas-prision-orix\/\" \/>\n<meta property=\"og:locale\" content=\"es_ES\" \/>\n<meta property=\"og:type\" content=\"article\" \/>\n<meta property=\"og:title\" content=\"Liberan al narcotraficante mexicano Osiel C\u00e1rdenas de prisi\u00f3n en Estados Unidos - Noticias\" \/>\n<meta property=\"og:description\" content=\"(CNN Espa\u00f1ol) &#8212; Osiel C\u00e1rdenas, exl\u00edder del c\u00e1rtel del Golfo en M\u00e9xico, fue liberado de prisi\u00f3n este viernes, confirm\u00f3 la Oficina Federal de Prisiones de Estados Unidos a CNN. C\u00e1rdenas ahora est\u00e1 bajo la custodia del Servicio de Control de Inmigraci\u00f3n y Aduanas (ICE, por sus siglas en ingl\u00e9s), inform\u00f3 el Bur\u00f3 de Prisiones. \u201cLos [&hellip;]\" \/>\n<meta property=\"og:url\" content=\"https:\/\/noticiasya.com\/2024\/08\/30\/liberan-narcotraficante-mexicano-osiel-cardenas-prision-orix\/\" \/>\n<meta property=\"og:site_name\" content=\"Noticias\" \/>\n<meta property=\"article:published_time\" content=\"2024-08-30T23:03:48+00:00\" \/>\n<meta name=\"twitter:card\" content=\"summary_large_image\" \/>\n<meta name=\"twitter:label1\" content=\"Est. reading time\" \/>\n\t<meta name=\"twitter:data1\" content=\"1 minuto\" \/>\n<script type=\"application\/ld+json\" class=\"yoast-schema-graph\">{\"@context\":\"https:\/\/schema.org\",\"@graph\":[{\"@type\":\"Article\",\"@id\":\"https:\/\/noticiasya.com\/2024\/08\/30\/liberan-narcotraficante-mexicano-osiel-cardenas-prision-orix\/#article\",\"isPartOf\":{\"@id\":\"https:\/\/noticiasya.com\/2024\/08\/30\/liberan-narcotraficante-mexicano-osiel-cardenas-prision-orix\/\"},\"author\":{\"name\":\"\",\"@id\":\"\"},\"headline\":\"Liberan al narcotraficante mexicano Osiel C\u00e1rdenas de prisi\u00f3n en Estados Unidos\",\"datePublished\":\"2024-08-30T23:03:48+00:00\",\"mainEntityOfPage\":{\"@id\":\"https:\/\/noticiasya.com\/2024\/08\/30\/liberan-narcotraficante-mexicano-osiel-cardenas-prision-orix\/\"},\"wordCount\":239,\"commentCount\":0,\"publisher\":{\"@id\":\"https:\/\/noticiasya.com\/#organization\"},\"articleSection\":[\"Noticias Nacionales\"],\"inLanguage\":\"es\",\"potentialAction\":[{\"@type\":\"CommentAction\",\"name\":\"Comment\",\"target\":[\"https:\/\/noticiasya.com\/2024\/08\/30\/liberan-narcotraficante-mexicano-osiel-cardenas-prision-orix\/#respond\"]}]},{\"@type\":\"WebPage\",\"@id\":\"https:\/\/noticiasya.com\/2024\/08\/30\/liberan-narcotraficante-mexicano-osiel-cardenas-prision-orix\/\",\"url\":\"https:\/\/noticiasya.com\/2024\/08\/30\/liberan-narcotraficante-mexicano-osiel-cardenas-prision-orix\/\",\"name\":\"Liberan al narcotraficante mexicano Osiel C\u00e1rdenas de prisi\u00f3n en Estados Unidos - Noticias\",\"isPartOf\":{\"@id\":\"https:\/\/noticiasya.com\/#website\"},\"datePublished\":\"2024-08-30T23:03:48+00:00\",\"breadcrumb\":{\"@id\":\"https:\/\/noticiasya.com\/2024\/08\/30\/liberan-narcotraficante-mexicano-osiel-cardenas-prision-orix\/#breadcrumb\"},\"inLanguage\":\"es\",\"potentialAction\":[{\"@type\":\"ReadAction\",\"target\":[\"https:\/\/noticiasya.com\/2024\/08\/30\/liberan-narcotraficante-mexicano-osiel-cardenas-prision-orix\/\"]}]},{\"@type\":\"BreadcrumbList\",\"@id\":\"https:\/\/noticiasya.com\/2024\/08\/30\/liberan-narcotraficante-mexicano-osiel-cardenas-prision-orix\/#breadcrumb\",\"itemListElement\":[{\"@type\":\"ListItem\",\"position\":1,\"name\":\"Home\",\"item\":\"https:\/\/noticiasya.com\/\"},{\"@type\":\"ListItem\",\"position\":2,\"name\":\"Liberan al narcotraficante mexicano Osiel C\u00e1rdenas de prisi\u00f3n en Estados Unidos\"}]},{\"@type\":\"WebSite\",\"@id\":\"https:\/\/noticiasya.com\/#website\",\"url\":\"https:\/\/noticiasya.com\/\",\"name\":\"Noticias\",\"description\":\"Lo que importa\",\"publisher\":{\"@id\":\"https:\/\/noticiasya.com\/#organization\"},\"potentialAction\":[{\"@type\":\"SearchAction\",\"target\":{\"@type\":\"EntryPoint\",\"urlTemplate\":\"https:\/\/noticiasya.com\/?s={search_term_string}\"},\"query-input\":{\"@type\":\"PropertyValueSpecification\",\"valueRequired\":true,\"valueName\":\"search_term_string\"}}],\"inLanguage\":\"es\"},{\"@type\":\"Organization\",\"@id\":\"https:\/\/noticiasya.com\/#organization\",\"name\":\"Noticias\",\"url\":\"https:\/\/noticiasya.com\/\",\"logo\":{\"@type\":\"ImageObject\",\"inLanguage\":\"es\",\"@id\":\"https:\/\/noticiasya.com\/#\/schema\/logo\/image\/\",\"url\":\"https:\/\/noticiasya.com\/wp-content\/uploads\/sites\/22\/2023\/12\/logo-nacional.png\",\"contentUrl\":\"https:\/\/noticiasya.com\/wp-content\/uploads\/sites\/22\/2023\/12\/logo-nacional.png\",\"width\":1801,\"height\":691,\"caption\":\"Noticias\"},\"image\":{\"@id\":\"https:\/\/noticiasya.com\/#\/schema\/logo\/image\/\"}}]}<\/script>\n<!-- \/ Yoast SEO plugin. -->","yoast_head_json":{"title":"Liberan al narcotraficante mexicano Osiel C\u00e1rdenas de prisi\u00f3n en Estados Unidos - Noticias","robots":{"index":"index","follow":"follow","max-snippet":"max-snippet:-1","max-image-preview":"max-image-preview:large","max-video-preview":"max-video-preview:-1"},"canonical":"https:\/\/noticiasya.com\/2024\/08\/30\/liberan-narcotraficante-mexicano-osiel-cardenas-prision-orix\/","og_locale":"es_ES","og_type":"article","og_title":"Liberan al narcotraficante mexicano Osiel C\u00e1rdenas de prisi\u00f3n en Estados Unidos - Noticias","og_description":"(CNN Espa\u00f1ol) &#8212; Osiel C\u00e1rdenas, exl\u00edder del c\u00e1rtel del Golfo en M\u00e9xico, fue liberado de prisi\u00f3n este viernes, confirm\u00f3 la Oficina Federal de Prisiones de Estados Unidos a CNN. C\u00e1rdenas ahora est\u00e1 bajo la custodia del Servicio de Control de Inmigraci\u00f3n y Aduanas (ICE, por sus siglas en ingl\u00e9s), inform\u00f3 el Bur\u00f3 de Prisiones. \u201cLos [&hellip;]","og_url":"https:\/\/noticiasya.com\/2024\/08\/30\/liberan-narcotraficante-mexicano-osiel-cardenas-prision-orix\/","og_site_name":"Noticias","article_published_time":"2024-08-30T23:03:48+00:00","twitter_card":"summary_large_image","twitter_misc":{"Est. reading time":"1 minuto"},"schema":{"@context":"https:\/\/schema.org","@graph":[{"@type":"Article","@id":"https:\/\/noticiasya.com\/2024\/08\/30\/liberan-narcotraficante-mexicano-osiel-cardenas-prision-orix\/#article","isPartOf":{"@id":"https:\/\/noticiasya.com\/2024\/08\/30\/liberan-narcotraficante-mexicano-osiel-cardenas-prision-orix\/"},"author":{"name":"","@id":""},"headline":"Liberan al narcotraficante mexicano Osiel C\u00e1rdenas de prisi\u00f3n en Estados Unidos","datePublished":"2024-08-30T23:03:48+00:00","mainEntityOfPage":{"@id":"https:\/\/noticiasya.com\/2024\/08\/30\/liberan-narcotraficante-mexicano-osiel-cardenas-prision-orix\/"},"wordCount":239,"commentCount":0,"publisher":{"@id":"https:\/\/noticiasya.com\/#organization"},"articleSection":["Noticias Nacionales"],"inLanguage":"es","potentialAction":[{"@type":"CommentAction","name":"Comment","target":["https:\/\/noticiasya.com\/2024\/08\/30\/liberan-narcotraficante-mexicano-osiel-cardenas-prision-orix\/#respond"]}]},{"@type":"WebPage","@id":"https:\/\/noticiasya.com\/2024\/08\/30\/liberan-narcotraficante-mexicano-osiel-cardenas-prision-orix\/","url":"https:\/\/noticiasya.com\/2024\/08\/30\/liberan-narcotraficante-mexicano-osiel-cardenas-prision-orix\/","name":"Liberan al narcotraficante mexicano Osiel C\u00e1rdenas de prisi\u00f3n en Estados Unidos - Noticias","isPartOf":{"@id":"https:\/\/noticiasya.com\/#website"},"datePublished":"2024-08-30T23:03:48+00:00","breadcrumb":{"@id":"https:\/\/noticiasya.com\/2024\/08\/30\/liberan-narcotraficante-mexicano-osiel-cardenas-prision-orix\/#breadcrumb"},"inLanguage":"es","potentialAction":[{"@type":"ReadAction","target":["https:\/\/noticiasya.com\/2024\/08\/30\/liberan-narcotraficante-mexicano-osiel-cardenas-prision-orix\/"]}]},{"@type":"BreadcrumbList","@id":"https:\/\/noticiasya.com\/2024\/08\/30\/liberan-narcotraficante-mexicano-osiel-cardenas-prision-orix\/#breadcrumb","itemListElement":[{"@type":"ListItem","position":1,"name":"Home","item":"https:\/\/noticiasya.com\/"},{"@type":"ListItem","position":2,"name":"Liberan al narcotraficante mexicano Osiel C\u00e1rdenas de prisi\u00f3n en Estados Unidos"}]},{"@type":"WebSite","@id":"https:\/\/noticiasya.com\/#website","url":"https:\/\/noticiasya.com\/","name":"Noticias","description":"Lo que importa","publisher":{"@id":"https:\/\/noticiasya.com\/#organization"},"potentialAction":[{"@type":"SearchAction","target":{"@type":"EntryPoint","urlTemplate":"https:\/\/noticiasya.com\/?s={search_term_string}"},"query-input":{"@type":"PropertyValueSpecification","valueRequired":true,"valueName":"search_term_string"}}],"inLanguage":"es"},{"@type":"Organization","@id":"https:\/\/noticiasya.com\/#organization","name":"Noticias","url":"https:\/\/noticiasya.com\/","logo":{"@type":"ImageObject","inLanguage":"es","@id":"https:\/\/noticiasya.com\/#\/schema\/logo\/image\/","url":"https:\/\/noticiasya.com\/wp-content\/uploads\/sites\/22\/2023\/12\/logo-nacional.png","contentUrl":"https:\/\/noticiasya.com\/wp-content\/uploads\/sites\/22\/2023\/12\/logo-nacional.png","width":1801,"height":691,"caption":"Noticias"},"image":{"@id":"https:\/\/noticiasya.com\/#\/schema\/logo\/image\/"}}]}},"parsely":{"version":"1.1.0","canonical_url":"https:\/\/noticiasya.com\/el-valle\/2024\/08\/30\/liberan-narcotraficante-mexicano-osiel-cardenas-prision-orix\/","smart_links":{"inbound":0,"outbound":0},"traffic_boost_suggestions_count":0,"meta":{"@context":"https:\/\/schema.org","@type":"NewsArticle","headline":"Liberan al narcotraficante mexicano Osiel C\u00e1rdenas de prisi\u00f3n en Estados Unidos","url":"http:\/\/noticiasya.com\/el-valle\/2024\/08\/30\/liberan-narcotraficante-mexicano-osiel-cardenas-prision-orix\/","mainEntityOfPage":{"@type":"WebPage","@id":"http:\/\/noticiasya.com\/el-valle\/2024\/08\/30\/liberan-narcotraficante-mexicano-osiel-cardenas-prision-orix\/"},"thumbnailUrl":"","image":{"@type":"ImageObject","url":""},"articleSection":"Noticias Nacionales","author":[],"creator":[],"publisher":{"@type":"Organization","name":"Noticias","logo":""},"keywords":[],"dateCreated":"2024-08-30T23:03:48Z","datePublished":"2024-08-30T23:03:48Z","dateModified":"2024-08-30T23:03:48Z"},"rendered":"<script type=\"application\/ld+json\" class=\"wp-parsely-metadata\">{\"@context\":\"https:\\\/\\\/schema.org\",\"@type\":\"NewsArticle\",\"headline\":\"Liberan al narcotraficante mexicano Osiel C\\u00e1rdenas de prisi\\u00f3n en Estados Unidos\",\"url\":\"http:\\\/\\\/noticiasya.com\\\/el-valle\\\/2024\\\/08\\\/30\\\/liberan-narcotraficante-mexicano-osiel-cardenas-prision-orix\\\/\",\"mainEntityOfPage\":{\"@type\":\"WebPage\",\"@id\":\"http:\\\/\\\/noticiasya.com\\\/el-valle\\\/2024\\\/08\\\/30\\\/liberan-narcotraficante-mexicano-osiel-cardenas-prision-orix\\\/\"},\"thumbnailUrl\":\"\",\"image\":{\"@type\":\"ImageObject\",\"url\":\"\"},\"articleSection\":\"Noticias Nacionales\",\"author\":[],\"creator\":[],\"publisher\":{\"@type\":\"Organization\",\"name\":\"Noticias\",\"logo\":\"\"},\"keywords\":[],\"dateCreated\":\"2024-08-30T23:03:48Z\",\"datePublished\":\"2024-08-30T23:03:48Z\",\"dateModified\":\"2024-08-30T23:03:48Z\"}<\/script>","tracker_url":"https:\/\/cdn.parsely.com\/keys\/noticiasya.com\/p.js"},"jetpack_featured_media_url":"","jetpack-related-posts":[{"id":1452347,"url":"https:\/\/noticiasya.com\/el-valle\/2024\/09\/02\/osiel-cardenas-guillen-exlider-cartel-del-golfo-quien-es-orix\/","url_meta":{"origin":1452302,"position":0},"title":"\u00bfQui\u00e9n es Osiel C\u00e1rdenas Guill\u00e9n, exl\u00edder del c\u00e1rtel del Golfo en M\u00e9xico y de Los Zetas, liberado de prisi\u00f3n en EE.UU.?","author":"","date":"septiembre 2, 2024","format":false,"excerpt":"(CNN Espa\u00f1ol) -- Osiel C\u00e1rdenas Guill\u00e9n, el exl\u00edder del c\u00e1rtel del Golfo en M\u00e9xico y de Los Zetas que lleg\u00f3 a estar en la lista de los m\u00e1s buscados del Servicio de Migraci\u00f3n y Control de Aduanas estadounidense (ICE, por sus siglas en ingl\u00e9s), fue liberado de prisi\u00f3n este viernes\u2026","rel":"","context":"In &quot;Noticias Nacionales&quot;","block_context":{"text":"Noticias Nacionales","link":"https:\/\/noticiasya.com\/el-valle\/categoria\/noticias-nacionales"},"img":{"alt_text":"","src":"","width":0,"height":0},"classes":[]},{"id":1456669,"url":"https:\/\/noticiasya.com\/el-valle\/2024\/12\/16\/deporta-mexico-osiel-cardenas-cartel-del-golfo-orix\/","url_meta":{"origin":1452302,"position":1},"title":"EE.UU. deporta a M\u00e9xico a Osiel C\u00e1rdenas Guill\u00e9n, exl\u00edder del C\u00e1rtel del Golfo","author":"","date":"diciembre 16, 2024","format":false,"excerpt":"Estados Unidos deport\u00f3 este lunes a M\u00e9xico a Osiel C\u00e1rdenas Guill\u00e9n, exl\u00edder del C\u00e1rtel del Golfo, donde fue recluido en un penal de m\u00e1xima seguridad, le dijo a CNN una fuente del Gobierno de M\u00e9xico.Agreg\u00f3 que C\u00e1rdenas Guill\u00e9n lleg\u00f3 al pa\u00eds por el paso fronterizo Tijuana-San Diego.El hombre enfrenta en\u2026","rel":"","context":"In &quot;Noticias Nacionales&quot;","block_context":{"text":"Noticias Nacionales","link":"https:\/\/noticiasya.com\/el-valle\/categoria\/noticias-nacionales"},"img":{"alt_text":"","src":"","width":0,"height":0},"classes":[]},{"id":1456296,"url":"https:\/\/noticiasya.com\/el-valle\/2024\/12\/05\/fabio-ochoa-exlider-cartel-medellin-custodia-ice-ee-uu-orix\/","url_meta":{"origin":1452302,"position":2},"title":"Fabio Ochoa, exl\u00edder del Cartel de Medell\u00edn, se encuentra bajo custodia del ICE en Estados Unidos","author":"","date":"diciembre 5, 2024","format":false,"excerpt":"Fabio Ochoa V\u00e1squez, uno de los exl\u00edderes del Cartel de Medell\u00edn, se encuentra bajo custodia del Servicio de Inmigraci\u00f3n y Control de Aduanas de Estados Unidos (ICE, por sus siglas en ingl\u00e9s) tras ser liberado este martes de una c\u00e1rcel federal, inform\u00f3 a CNN este jueves la Oficina Federal de\u2026","rel":"","context":"In &quot;Noticias Nacionales&quot;","block_context":{"text":"Noticias Nacionales","link":"https:\/\/noticiasya.com\/el-valle\/categoria\/noticias-nacionales"},"img":{"alt_text":"","src":"","width":0,"height":0},"classes":[]},{"id":1472365,"url":"https:\/\/noticiasya.com\/el-valle\/2026\/03\/19\/muere-inmigrante-mexicano-ice-florida-orix\/","url_meta":{"origin":1452302,"position":3},"title":"Muere un inmigrante mexicano bajo custodia de ICE en Florida","author":"","date":"marzo 19, 2026","format":false,"excerpt":"Un mexicano de 19 a\u00f1os muri\u00f3 bajo custodia del Servicio de Inmigraci\u00f3n y Aduanas de Estados Unidos (ICE, por sus siglas en ingl\u00e9s) en Florida, inform\u00f3 la agencia este mi\u00e9rcoles, en un caso que eleva a 13 las muertes registradas este a\u00f1o en centros de detenci\u00f3n y a 44 en\u2026","rel":"","context":"In &quot;Noticias Nacionales&quot;","block_context":{"text":"Noticias Nacionales","link":"https:\/\/noticiasya.com\/el-valle\/categoria\/noticias-nacionales"},"img":{"alt_text":"","src":"","width":0,"height":0},"classes":[]},{"id":1452171,"url":"https:\/\/noticiasya.com\/el-valle\/2024\/08\/26\/menores-migrantes-no-acompanados-ice-estados-unidos-orix\/","url_meta":{"origin":1452302,"position":4},"title":"El Servicio de Control de Inmigraci\u00f3n y Aduanas de EE.UU. desconoce el paradero de miles de ni\u00f1os migrantes no acompa\u00f1ados que no comparecieron ante Corte de inmigraci\u00f3n, se\u00f1ala un reporte federal","author":"","date":"agosto 26, 2024","format":false,"excerpt":"(CNN Espa\u00f1ol) -- Un reciente reporte de la Oficina del Inspector General de Estados Unidos (OIG), que se envi\u00f3 al Congreso el martes, arroj\u00f3 que el Servicio de Control de Inmigraci\u00f3n y Aduanas (ICE), no tiene informaci\u00f3n sobre el paradero de m\u00e1s de 32.000 menores migrantes no acompa\u00f1ados que tendr\u00edan\u2026","rel":"","context":"In &quot;Noticias Nacionales&quot;","block_context":{"text":"Noticias Nacionales","link":"https:\/\/noticiasya.com\/el-valle\/categoria\/noticias-nacionales"},"img":{"alt_text":"","src":"","width":0,"height":0},"classes":[]},{"id":1464125,"url":"https:\/\/noticiasya.com\/el-valle\/2025\/07\/01\/juez-ordena-liberacion-fianza-periodista-salvadoreno-mario-guevara-trax\/","url_meta":{"origin":1452302,"position":5},"title":"Juez ordena la liberaci\u00f3n bajo fianza del periodista salvadore\u00f1o Mario Guevara","author":"","date":"julio 1, 2025","format":false,"excerpt":"Un juez de inmigraci\u00f3n en Georgia ha ordenado la liberaci\u00f3n bajo fianza del periodista y transmisor en vivo de habla hispana Mario Guevara mientras contin\u00faa su proceso migratorio, confirm\u00f3 un familiar de Guevara a CNN.Guevara, quien lleg\u00f3 a Estados Unidos desde El Salvador en 2004, ha estado bajo custodia del\u2026","rel":"","context":"In &quot;Noticias Nacionales&quot;","block_context":{"text":"Noticias Nacionales","link":"https:\/\/noticiasya.com\/el-valle\/categoria\/noticias-nacionales"},"img":{"alt_text":"","src":"","width":0,"height":0},"classes":[]}],"jetpack_sharing_enabled":true,"_links":{"self":[{"href":"https:\/\/noticiasya.com\/el-valle\/wp-json\/wp\/v2\/posts\/1452302","targetHints":{"allow":["GET"]}}],"collection":[{"href":"https:\/\/noticiasya.com\/el-valle\/wp-json\/wp\/v2\/posts"}],"about":[{"href":"https:\/\/noticiasya.com\/el-valle\/wp-json\/wp\/v2\/types\/post"}],"replies":[{"embeddable":true,"href":"https:\/\/noticiasya.com\/el-valle\/wp-json\/wp\/v2\/comments?post=1452302"}],"version-history":[{"count":0,"href":"https:\/\/noticiasya.com\/el-valle\/wp-json\/wp\/v2\/posts\/1452302\/revisions"}],"wp:attachment":[{"href":"https:\/\/noticiasya.com\/el-valle\/wp-json\/wp\/v2\/media?parent=1452302"}],"wp:term":[{"taxonomy":"category","embeddable":true,"href":"https:\/\/noticiasya.com\/el-valle\/wp-json\/wp\/v2\/categories?post=1452302"},{"taxonomy":"post_tag","embeddable":true,"href":"https:\/\/noticiasya.com\/el-valle\/wp-json\/wp\/v2\/tags?post=1452302"}],"curies":[{"name":"wp","href":"https:\/\/api.w.org\/{rel}","templated":true}]}}