{"id":1452423,"date":"2024-09-04T09:03:53","date_gmt":"2024-09-04T16:03:53","guid":{"rendered":"https:\/\/noticiasya.com\/2024\/09\/04\/miembro-fuerzas-armadas-de-ee-uu-detenido-venezuela-trax\/"},"modified":"2024-09-04T09:03:53","modified_gmt":"2024-09-04T16:03:53","slug":"miembro-fuerzas-armadas-de-ee-uu-detenido-venezuela-trax","status":"publish","type":"post","link":"https:\/\/noticiasya.com\/el-valle\/2024\/09\/04\/miembro-fuerzas-armadas-de-ee-uu-detenido-venezuela-trax\/","title":{"rendered":"Un militar de EE.UU. fue detenido en Venezuela, seg\u00fan funcionarios"},"content":{"rendered":"<p>(CNN) &#8212; Un miembro de las Fuerzas Armadas de Estados Unidos fue detenido en Venezuela, seg\u00fan cuatro funcionarios estadounidenses familiarizados con el asunto.<\/p>\n<p>Se trata de un marino que es ciudadano estadounidense y fue detenido el 30 de agosto en Caracas, seg\u00fan los funcionarios. Uno de los funcionarios dijo que est\u00e1 detenido por la agencia de inteligencia venezolana SEBIN.<\/p>\n<p>La represi\u00f3n de la disidencia pol\u00edtica en Venezuela es la m\u00e1s mort\u00edfera de los \u00faltimos a\u00f1os, seg\u00fan Human Rights Watch<\/p>\n<p>Un funcionario de Defensa dijo a CNN: &#171;somos conscientes de los informes de que un miembro de la Marina de EE.UU. fue detenido en o alrededor del 30 de agosto 2024, por las autoridades policiales venezolanas, mientras que en viaje personal a Venezuela. La Armada de EE.UU. est\u00e1 investigando esto y trabajando en estrecha colaboraci\u00f3n con el Departamento de Estado. Le remitimos al Departamento de Estado para preguntas adicionales&#187;.<\/p>\n<p>Otro funcionario dijo que el miembro del servicio no estaba en viaje oficial ni ten\u00eda permiso aprobado cuando viaj\u00f3 al pa\u00eds. No est\u00e1 claro por qu\u00e9 viaj\u00f3 all\u00ed.<\/p>\n<p>&#171;Estamos al tanto de los informes sobre la detenci\u00f3n de un individuo en Venezuela&#187;, dijo un portavoz del Departamento de Estado. &#171;No tenemos m\u00e1s informaci\u00f3n que compartir en este momento&#187;, agreg\u00f3.<\/p>\n<p>El Departamento de Estado desaconseja a los estadounidenses viajar a Venezuela, advirtiendo de que &#171;existe un alto riesgo de detenci\u00f3n il\u00edcita de ciudadanos estadounidenses&#187;.<\/p>\n<p>&#171;Las fuerzas de seguridad han detenido a ciudadanos estadounidenses hasta por cinco a\u00f1os&#187;, dice la advertencia de viaje para Venezuela. &#171;El gobierno de Estados Unidos generalmente no es notificado de la detenci\u00f3n de ciudadanos estadounidenses en Venezuela ni se le concede acceso a los ciudadanos estadounidenses prisioneros all\u00ed&#187;.<\/p>\n<p>\u00bfC\u00f3mo deben actuar gobiernos extranjeros ante situaci\u00f3n en Venezuela?<\/p>\n<p>CNN ha pedido comentarios al gobierno de Venezuela.<\/p>\n<p>La detenci\u00f3n de un ciudadano estadounidense se produce en un periodo de graves disturbios dentro de Venezuela, despu\u00e9s de que la oposici\u00f3n y m\u00faltiples l\u00edderes latinoamericanos se negaran a reconocer la reelecci\u00f3n del l\u00edder autoritario del pa\u00eds, Nicol\u00e1s Maduro, en julio. Las protestas estallaron en Venezuela a ra\u00edz de las elecciones, en las que al parecer murieron al menos 11 personas y cientos fueron detenidas.<\/p>\n<p>Rep\u00fablica Dominicana se desvincula de incautaci\u00f3n del avi\u00f3n de Maduro 3:24<\/p>\n<p>Esta misma semana, Estados Unidos incaut\u00f3 el avi\u00f3n de Maduro en la Rep\u00fablica Dominicana. CNN inform\u00f3 por primera vez de la incautaci\u00f3n, que fue un acontecimiento importante en una relaci\u00f3n ya tensa entre los EE.UU. y Venezuela. Un funcionario estadounidense dijo a CNN que la incautaci\u00f3n &#171;env\u00eda un mensaje hasta la cima&#187;.<\/p>\n<p>&#171;Incautar el avi\u00f3n del jefe de Estado extranjero es algo inaudito en materia penal. Estamos enviando un claro mensaje de que nadie est\u00e1 por encima de la ley, nadie est\u00e1 por encima del alcance de las sanciones de EE.UU.&#187;, dijo el funcionario.<\/p>\n<p>Esta \u00faltima detenci\u00f3n de un miembro del servicio estadounidense se produce aproximadamente dos a\u00f1os despu\u00e9s de que nueve estadounidenses &#8211;incluidos los &#171;6 de Citgo&#187;&#8211; fueron tra\u00eddos a casa desde Venezuela por el gobierno de Biden en 2022, tras cinco a\u00f1os de detenci\u00f3n en el pa\u00eds. En diciembre de 2023, Estados Unidos consigui\u00f3 la liberaci\u00f3n de seis estadounidenses detenidos injustamente y de otros cuatro detenidos en Venezuela.<\/p>\n<p>Con informaci\u00f3n de Jennifer Hansler.<\/p>\n<p>Noticia en desarrollo.<\/p>\n<p>The-CNN-Wire<br \/>&trade; &amp; &copy; 2024 Cable News Network, Inc., a Warner Bros. Discovery Company. All rights reserved.<\/p>\n","protected":false},"excerpt":{"rendered":"<p>(CNN) &#8212; Un miembro de las Fuerzas Armadas de Estados Unidos fue detenido en Venezuela, seg\u00fan cuatro funcionarios estadounidenses familiarizados con el asunto. Se trata de un marino que es ciudadano estadounidense y fue detenido el 30 de agosto en Caracas, seg\u00fan los funcionarios. Uno de los funcionarios dijo que est\u00e1 detenido por la agencia [&hellip;]<\/p>\n","protected":false},"author":0,"featured_media":0,"comment_status":"open","ping_status":"open","sticky":false,"template":"","format":"standard","meta":{"_jetpack_memberships_contains_paid_content":false,"footnotes":""},"categories":[10],"tags":[],"class_list":["post-1452423","post","type-post","status-publish","format-standard","hentry","category-noticias-nacionales","market-global"],"yoast_head":"<!-- This site is optimized with the Yoast SEO plugin v24.4 - https:\/\/yoast.com\/wordpress\/plugins\/seo\/ -->\n<title>Un militar de EE.UU. fue detenido en Venezuela, seg\u00fan funcionarios - Noticias<\/title>\n<meta name=\"robots\" content=\"index, follow, max-snippet:-1, max-image-preview:large, max-video-preview:-1\" \/>\n<link rel=\"canonical\" href=\"https:\/\/noticiasya.com\/2024\/09\/04\/miembro-fuerzas-armadas-de-ee-uu-detenido-venezuela-trax\/\" \/>\n<meta property=\"og:locale\" content=\"es_ES\" \/>\n<meta property=\"og:type\" content=\"article\" \/>\n<meta property=\"og:title\" content=\"Un militar de EE.UU. fue detenido en Venezuela, seg\u00fan funcionarios - Noticias\" \/>\n<meta property=\"og:description\" content=\"(CNN) &#8212; Un miembro de las Fuerzas Armadas de Estados Unidos fue detenido en Venezuela, seg\u00fan cuatro funcionarios estadounidenses familiarizados con el asunto. Se trata de un marino que es ciudadano estadounidense y fue detenido el 30 de agosto en Caracas, seg\u00fan los funcionarios. Uno de los funcionarios dijo que est\u00e1 detenido por la agencia [&hellip;]\" \/>\n<meta property=\"og:url\" content=\"https:\/\/noticiasya.com\/2024\/09\/04\/miembro-fuerzas-armadas-de-ee-uu-detenido-venezuela-trax\/\" \/>\n<meta property=\"og:site_name\" content=\"Noticias\" \/>\n<meta property=\"article:published_time\" content=\"2024-09-04T16:03:53+00:00\" \/>\n<meta name=\"twitter:card\" content=\"summary_large_image\" \/>\n<meta name=\"twitter:label1\" content=\"Est. reading time\" \/>\n\t<meta name=\"twitter:data1\" content=\"3 minutos\" \/>\n<script type=\"application\/ld+json\" class=\"yoast-schema-graph\">{\"@context\":\"https:\/\/schema.org\",\"@graph\":[{\"@type\":\"Article\",\"@id\":\"https:\/\/noticiasya.com\/2024\/09\/04\/miembro-fuerzas-armadas-de-ee-uu-detenido-venezuela-trax\/#article\",\"isPartOf\":{\"@id\":\"https:\/\/noticiasya.com\/2024\/09\/04\/miembro-fuerzas-armadas-de-ee-uu-detenido-venezuela-trax\/\"},\"author\":{\"name\":\"\",\"@id\":\"\"},\"headline\":\"Un militar de EE.UU. fue detenido en Venezuela, seg\u00fan funcionarios\",\"datePublished\":\"2024-09-04T16:03:53+00:00\",\"mainEntityOfPage\":{\"@id\":\"https:\/\/noticiasya.com\/2024\/09\/04\/miembro-fuerzas-armadas-de-ee-uu-detenido-venezuela-trax\/\"},\"wordCount\":614,\"commentCount\":0,\"publisher\":{\"@id\":\"https:\/\/noticiasya.com\/#organization\"},\"articleSection\":[\"Noticias Nacionales\"],\"inLanguage\":\"es\",\"potentialAction\":[{\"@type\":\"CommentAction\",\"name\":\"Comment\",\"target\":[\"https:\/\/noticiasya.com\/2024\/09\/04\/miembro-fuerzas-armadas-de-ee-uu-detenido-venezuela-trax\/#respond\"]}]},{\"@type\":\"WebPage\",\"@id\":\"https:\/\/noticiasya.com\/2024\/09\/04\/miembro-fuerzas-armadas-de-ee-uu-detenido-venezuela-trax\/\",\"url\":\"https:\/\/noticiasya.com\/2024\/09\/04\/miembro-fuerzas-armadas-de-ee-uu-detenido-venezuela-trax\/\",\"name\":\"Un militar de EE.UU. fue detenido en Venezuela, seg\u00fan funcionarios - Noticias\",\"isPartOf\":{\"@id\":\"https:\/\/noticiasya.com\/#website\"},\"datePublished\":\"2024-09-04T16:03:53+00:00\",\"breadcrumb\":{\"@id\":\"https:\/\/noticiasya.com\/2024\/09\/04\/miembro-fuerzas-armadas-de-ee-uu-detenido-venezuela-trax\/#breadcrumb\"},\"inLanguage\":\"es\",\"potentialAction\":[{\"@type\":\"ReadAction\",\"target\":[\"https:\/\/noticiasya.com\/2024\/09\/04\/miembro-fuerzas-armadas-de-ee-uu-detenido-venezuela-trax\/\"]}]},{\"@type\":\"BreadcrumbList\",\"@id\":\"https:\/\/noticiasya.com\/2024\/09\/04\/miembro-fuerzas-armadas-de-ee-uu-detenido-venezuela-trax\/#breadcrumb\",\"itemListElement\":[{\"@type\":\"ListItem\",\"position\":1,\"name\":\"Home\",\"item\":\"https:\/\/noticiasya.com\/\"},{\"@type\":\"ListItem\",\"position\":2,\"name\":\"Un militar de EE.UU. fue detenido en Venezuela, seg\u00fan funcionarios\"}]},{\"@type\":\"WebSite\",\"@id\":\"https:\/\/noticiasya.com\/#website\",\"url\":\"https:\/\/noticiasya.com\/\",\"name\":\"Noticias\",\"description\":\"Lo que importa\",\"publisher\":{\"@id\":\"https:\/\/noticiasya.com\/#organization\"},\"potentialAction\":[{\"@type\":\"SearchAction\",\"target\":{\"@type\":\"EntryPoint\",\"urlTemplate\":\"https:\/\/noticiasya.com\/?s={search_term_string}\"},\"query-input\":{\"@type\":\"PropertyValueSpecification\",\"valueRequired\":true,\"valueName\":\"search_term_string\"}}],\"inLanguage\":\"es\"},{\"@type\":\"Organization\",\"@id\":\"https:\/\/noticiasya.com\/#organization\",\"name\":\"Noticias\",\"url\":\"https:\/\/noticiasya.com\/\",\"logo\":{\"@type\":\"ImageObject\",\"inLanguage\":\"es\",\"@id\":\"https:\/\/noticiasya.com\/#\/schema\/logo\/image\/\",\"url\":\"https:\/\/noticiasya.com\/wp-content\/uploads\/sites\/22\/2023\/12\/logo-nacional.png\",\"contentUrl\":\"https:\/\/noticiasya.com\/wp-content\/uploads\/sites\/22\/2023\/12\/logo-nacional.png\",\"width\":1801,\"height\":691,\"caption\":\"Noticias\"},\"image\":{\"@id\":\"https:\/\/noticiasya.com\/#\/schema\/logo\/image\/\"}}]}<\/script>\n<!-- \/ Yoast SEO plugin. -->","yoast_head_json":{"title":"Un militar de EE.UU. fue detenido en Venezuela, seg\u00fan funcionarios - Noticias","robots":{"index":"index","follow":"follow","max-snippet":"max-snippet:-1","max-image-preview":"max-image-preview:large","max-video-preview":"max-video-preview:-1"},"canonical":"https:\/\/noticiasya.com\/2024\/09\/04\/miembro-fuerzas-armadas-de-ee-uu-detenido-venezuela-trax\/","og_locale":"es_ES","og_type":"article","og_title":"Un militar de EE.UU. fue detenido en Venezuela, seg\u00fan funcionarios - Noticias","og_description":"(CNN) &#8212; Un miembro de las Fuerzas Armadas de Estados Unidos fue detenido en Venezuela, seg\u00fan cuatro funcionarios estadounidenses familiarizados con el asunto. Se trata de un marino que es ciudadano estadounidense y fue detenido el 30 de agosto en Caracas, seg\u00fan los funcionarios. Uno de los funcionarios dijo que est\u00e1 detenido por la agencia [&hellip;]","og_url":"https:\/\/noticiasya.com\/2024\/09\/04\/miembro-fuerzas-armadas-de-ee-uu-detenido-venezuela-trax\/","og_site_name":"Noticias","article_published_time":"2024-09-04T16:03:53+00:00","twitter_card":"summary_large_image","twitter_misc":{"Est. reading time":"3 minutos"},"schema":{"@context":"https:\/\/schema.org","@graph":[{"@type":"Article","@id":"https:\/\/noticiasya.com\/2024\/09\/04\/miembro-fuerzas-armadas-de-ee-uu-detenido-venezuela-trax\/#article","isPartOf":{"@id":"https:\/\/noticiasya.com\/2024\/09\/04\/miembro-fuerzas-armadas-de-ee-uu-detenido-venezuela-trax\/"},"author":{"name":"","@id":""},"headline":"Un militar de EE.UU. fue detenido en Venezuela, seg\u00fan funcionarios","datePublished":"2024-09-04T16:03:53+00:00","mainEntityOfPage":{"@id":"https:\/\/noticiasya.com\/2024\/09\/04\/miembro-fuerzas-armadas-de-ee-uu-detenido-venezuela-trax\/"},"wordCount":614,"commentCount":0,"publisher":{"@id":"https:\/\/noticiasya.com\/#organization"},"articleSection":["Noticias Nacionales"],"inLanguage":"es","potentialAction":[{"@type":"CommentAction","name":"Comment","target":["https:\/\/noticiasya.com\/2024\/09\/04\/miembro-fuerzas-armadas-de-ee-uu-detenido-venezuela-trax\/#respond"]}]},{"@type":"WebPage","@id":"https:\/\/noticiasya.com\/2024\/09\/04\/miembro-fuerzas-armadas-de-ee-uu-detenido-venezuela-trax\/","url":"https:\/\/noticiasya.com\/2024\/09\/04\/miembro-fuerzas-armadas-de-ee-uu-detenido-venezuela-trax\/","name":"Un militar de EE.UU. fue detenido en Venezuela, seg\u00fan funcionarios - Noticias","isPartOf":{"@id":"https:\/\/noticiasya.com\/#website"},"datePublished":"2024-09-04T16:03:53+00:00","breadcrumb":{"@id":"https:\/\/noticiasya.com\/2024\/09\/04\/miembro-fuerzas-armadas-de-ee-uu-detenido-venezuela-trax\/#breadcrumb"},"inLanguage":"es","potentialAction":[{"@type":"ReadAction","target":["https:\/\/noticiasya.com\/2024\/09\/04\/miembro-fuerzas-armadas-de-ee-uu-detenido-venezuela-trax\/"]}]},{"@type":"BreadcrumbList","@id":"https:\/\/noticiasya.com\/2024\/09\/04\/miembro-fuerzas-armadas-de-ee-uu-detenido-venezuela-trax\/#breadcrumb","itemListElement":[{"@type":"ListItem","position":1,"name":"Home","item":"https:\/\/noticiasya.com\/"},{"@type":"ListItem","position":2,"name":"Un militar de EE.UU. fue detenido en Venezuela, seg\u00fan funcionarios"}]},{"@type":"WebSite","@id":"https:\/\/noticiasya.com\/#website","url":"https:\/\/noticiasya.com\/","name":"Noticias","description":"Lo que importa","publisher":{"@id":"https:\/\/noticiasya.com\/#organization"},"potentialAction":[{"@type":"SearchAction","target":{"@type":"EntryPoint","urlTemplate":"https:\/\/noticiasya.com\/?s={search_term_string}"},"query-input":{"@type":"PropertyValueSpecification","valueRequired":true,"valueName":"search_term_string"}}],"inLanguage":"es"},{"@type":"Organization","@id":"https:\/\/noticiasya.com\/#organization","name":"Noticias","url":"https:\/\/noticiasya.com\/","logo":{"@type":"ImageObject","inLanguage":"es","@id":"https:\/\/noticiasya.com\/#\/schema\/logo\/image\/","url":"https:\/\/noticiasya.com\/wp-content\/uploads\/sites\/22\/2023\/12\/logo-nacional.png","contentUrl":"https:\/\/noticiasya.com\/wp-content\/uploads\/sites\/22\/2023\/12\/logo-nacional.png","width":1801,"height":691,"caption":"Noticias"},"image":{"@id":"https:\/\/noticiasya.com\/#\/schema\/logo\/image\/"}}]}},"parsely":{"version":"1.1.0","canonical_url":"https:\/\/noticiasya.com\/el-valle\/2024\/09\/04\/miembro-fuerzas-armadas-de-ee-uu-detenido-venezuela-trax\/","smart_links":{"inbound":0,"outbound":0},"traffic_boost_suggestions_count":0,"meta":{"@context":"https:\/\/schema.org","@type":"NewsArticle","headline":"Un militar de EE.UU. fue detenido en Venezuela, seg\u00fan funcionarios","url":"http:\/\/noticiasya.com\/el-valle\/2024\/09\/04\/miembro-fuerzas-armadas-de-ee-uu-detenido-venezuela-trax\/","mainEntityOfPage":{"@type":"WebPage","@id":"http:\/\/noticiasya.com\/el-valle\/2024\/09\/04\/miembro-fuerzas-armadas-de-ee-uu-detenido-venezuela-trax\/"},"thumbnailUrl":"","image":{"@type":"ImageObject","url":""},"articleSection":"Noticias Nacionales","author":[],"creator":[],"publisher":{"@type":"Organization","name":"Noticias","logo":""},"keywords":[],"dateCreated":"2024-09-04T16:03:53Z","datePublished":"2024-09-04T16:03:53Z","dateModified":"2024-09-04T16:03:53Z"},"rendered":"<script type=\"application\/ld+json\" class=\"wp-parsely-metadata\">{\"@context\":\"https:\\\/\\\/schema.org\",\"@type\":\"NewsArticle\",\"headline\":\"Un militar de EE.UU. fue detenido en Venezuela, seg\\u00fan funcionarios\",\"url\":\"http:\\\/\\\/noticiasya.com\\\/el-valle\\\/2024\\\/09\\\/04\\\/miembro-fuerzas-armadas-de-ee-uu-detenido-venezuela-trax\\\/\",\"mainEntityOfPage\":{\"@type\":\"WebPage\",\"@id\":\"http:\\\/\\\/noticiasya.com\\\/el-valle\\\/2024\\\/09\\\/04\\\/miembro-fuerzas-armadas-de-ee-uu-detenido-venezuela-trax\\\/\"},\"thumbnailUrl\":\"\",\"image\":{\"@type\":\"ImageObject\",\"url\":\"\"},\"articleSection\":\"Noticias Nacionales\",\"author\":[],\"creator\":[],\"publisher\":{\"@type\":\"Organization\",\"name\":\"Noticias\",\"logo\":\"\"},\"keywords\":[],\"dateCreated\":\"2024-09-04T16:03:53Z\",\"datePublished\":\"2024-09-04T16:03:53Z\",\"dateModified\":\"2024-09-04T16:03:53Z\"}<\/script>","tracker_url":"https:\/\/cdn.parsely.com\/keys\/noticiasya.com\/p.js"},"jetpack_featured_media_url":"","jetpack-related-posts":[{"id":1452465,"url":"https:\/\/noticiasya.com\/el-valle\/2024\/09\/05\/militar-detenido-venezuela-nacionalidad-mexicana-documentos-orix\/","url_meta":{"origin":1452423,"position":0},"title":"El militar de EE.UU. detenido en Venezuela tambi\u00e9n tiene nacionalidad mexicana y fue detenido por entrar al pa\u00eds sin documentos, dice el fiscal Saab","author":"","date":"septiembre 5, 2024","format":false,"excerpt":"(CNN Espa\u00f1ol) \u2013\u2013 El militar de Estados Unidos que fue detenido el 30 de agosto en Venezuela tambi\u00e9n tiene nacionalidad mexicana e ingres\u00f3 a territorio venezolano sin documentos ni motivos claros, por lo cual fue detenido, dijo este jueves el fiscal general del pa\u00eds sudamericano, Tarek William Saab.\u201cEntr\u00f3 sin ning\u00fan\u2026","rel":"","context":"In &quot;Noticias Nacionales&quot;","block_context":{"text":"Noticias Nacionales","link":"https:\/\/noticiasya.com\/el-valle\/categoria\/noticias-nacionales"},"img":{"alt_text":"","src":"","width":0,"height":0},"classes":[]},{"id":1442557,"url":"https:\/\/noticiasya.com\/el-valle\/2023\/12\/23\/excarcelan-en-venezuela-al-estudiante-john-alvarez\/","url_meta":{"origin":1452423,"position":1},"title":"Excarcelan en Venezuela al estudiante John \u00c1lvarez","author":"","date":"diciembre 23, 2023","format":false,"excerpt":"(CNN Espa\u00f1ol) --\u00a0 Tras 115 d\u00edas de detenci\u00f3n, el estudiante de antropolog\u00eda de la Universidad Central de Venezuela, John \u00c1lvarez, fue excarcelado en la tarde de este s\u00e1bado, en v\u00edsperas de Navidad.El joven de 24 a\u00f1os de edad fue detenido por funcionarios de la Direcci\u00f3n de Acciones Estrat\u00e9gicas y T\u00e1cticas\u2026","rel":"","context":"In &quot;Noticias Nacionales&quot;","block_context":{"text":"Noticias Nacionales","link":"https:\/\/noticiasya.com\/el-valle\/categoria\/noticias-nacionales"},"img":{"alt_text":"","src":"","width":0,"height":0},"classes":[]},{"id":1442560,"url":"https:\/\/noticiasya.com\/el-valle\/2023\/12\/23\/excarcelan-en-venezuela-al-estudiante-john-alvarez-2\/","url_meta":{"origin":1452423,"position":2},"title":"Excarcelan en Venezuela al estudiante John \u00c1lvarez","author":"","date":"diciembre 23, 2023","format":false,"excerpt":"(CNN Espa\u00f1ol) --\u00a0 Tras 115 d\u00edas de detenci\u00f3n, el estudiante de antropolog\u00eda de la Universidad Central de Venezuela, John \u00c1lvarez, fue excarcelado en la tarde de este s\u00e1bado, en v\u00edsperas de Navidad.El joven de 24 a\u00f1os de edad fue detenido por funcionarios de la Direcci\u00f3n de Acciones Estrat\u00e9gicas y T\u00e1cticas\u2026","rel":"","context":"In &quot;Noticias Nacionales&quot;","block_context":{"text":"Noticias Nacionales","link":"https:\/\/noticiasya.com\/el-valle\/categoria\/noticias-nacionales"},"img":{"alt_text":"","src":"","width":0,"height":0},"classes":[]},{"id":1442561,"url":"https:\/\/noticiasya.com\/el-valle\/2023\/12\/23\/excarcelan-en-venezuela-al-estudiante-john-alvarez-3\/","url_meta":{"origin":1452423,"position":3},"title":"Excarcelan en Venezuela al estudiante John \u00c1lvarez","author":"","date":"diciembre 23, 2023","format":false,"excerpt":"(CNN Espa\u00f1ol) --\u00a0 Tras 115 d\u00edas de detenci\u00f3n, el estudiante de antropolog\u00eda de la Universidad Central de Venezuela, John \u00c1lvarez, fue excarcelado en la tarde de este s\u00e1bado, en v\u00edsperas de Navidad.El joven de 24 a\u00f1os de edad fue detenido por funcionarios de la Direcci\u00f3n de Acciones Estrat\u00e9gicas y T\u00e1cticas\u2026","rel":"","context":"In &quot;Noticias Nacionales&quot;","block_context":{"text":"Noticias Nacionales","link":"https:\/\/noticiasya.com\/el-valle\/categoria\/noticias-nacionales"},"img":{"alt_text":"","src":"","width":0,"height":0},"classes":[]},{"id":1461798,"url":"https:\/\/noticiasya.com\/el-valle\/2025\/04\/30\/estadounidense-detenido-belarus-liberaciion-trax\/","url_meta":{"origin":1452423,"position":4},"title":"Liberan a un estadounidense que estaba detenido en Belar\u00fas","author":"","date":"abril 30, 2025","format":false,"excerpt":"Un estadounidense que estaba detenido en Belar\u00fas fue liberado, inform\u00f3 este mi\u00e9rcoles un funcionario de Estados Unidos a CNN.Youras Ziankovich fue detenido en Mosc\u00fa en 2021 y trasladado a Minsk, capital de Belar\u00fas, donde se lo acus\u00f3 de participar en una conspiraci\u00f3n golpista apoyada por EE.UU. contra el l\u00edder bielorruso\u2026","rel":"","context":"In &quot;Noticias Nacionales&quot;","block_context":{"text":"Noticias Nacionales","link":"https:\/\/noticiasya.com\/el-valle\/categoria\/noticias-nacionales"},"img":{"alt_text":"","src":"","width":0,"height":0},"classes":[]},{"id":1469714,"url":"https:\/\/noticiasya.com\/el-valle\/2026\/01\/01\/detienen-estadounidenses-tensiones-eeuu-trax\/","url_meta":{"origin":1452423,"position":5},"title":"Venezuela detiene a varios ciudadanos estadounidenses mientras aumentan las tensiones con EE.UU.","author":"","date":"enero 1, 2026","format":false,"excerpt":"Las fuerzas de seguridad venezolanas han detenido al menos a cinco estadounidenses en los \u00faltimos meses mientras EE.UU. desarrolla una campa\u00f1a de presi\u00f3n contra el presidente de Venezuela Nicol\u00e1s Maduro, dijo a CNN un funcionario estadounidense familiarizado con el asunto.Las circunstancias de los casos individuales var\u00edan, y algunos podr\u00edan haber\u2026","rel":"","context":"In &quot;Noticias Nacionales&quot;","block_context":{"text":"Noticias Nacionales","link":"https:\/\/noticiasya.com\/el-valle\/categoria\/noticias-nacionales"},"img":{"alt_text":"","src":"","width":0,"height":0},"classes":[]}],"jetpack_sharing_enabled":true,"_links":{"self":[{"href":"https:\/\/noticiasya.com\/el-valle\/wp-json\/wp\/v2\/posts\/1452423","targetHints":{"allow":["GET"]}}],"collection":[{"href":"https:\/\/noticiasya.com\/el-valle\/wp-json\/wp\/v2\/posts"}],"about":[{"href":"https:\/\/noticiasya.com\/el-valle\/wp-json\/wp\/v2\/types\/post"}],"replies":[{"embeddable":true,"href":"https:\/\/noticiasya.com\/el-valle\/wp-json\/wp\/v2\/comments?post=1452423"}],"version-history":[{"count":0,"href":"https:\/\/noticiasya.com\/el-valle\/wp-json\/wp\/v2\/posts\/1452423\/revisions"}],"wp:attachment":[{"href":"https:\/\/noticiasya.com\/el-valle\/wp-json\/wp\/v2\/media?parent=1452423"}],"wp:term":[{"taxonomy":"category","embeddable":true,"href":"https:\/\/noticiasya.com\/el-valle\/wp-json\/wp\/v2\/categories?post=1452423"},{"taxonomy":"post_tag","embeddable":true,"href":"https:\/\/noticiasya.com\/el-valle\/wp-json\/wp\/v2\/tags?post=1452423"}],"curies":[{"name":"wp","href":"https:\/\/api.w.org\/{rel}","templated":true}]}}