{"id":1452459,"date":"2024-09-05T15:03:47","date_gmt":"2024-09-05T22:03:47","guid":{"rendered":"https:\/\/noticiasya.com\/2024\/09\/05\/eliminatorias-sudamericanas-fecha-7-argentina-colombia-uruguay-previa-orix\/"},"modified":"2024-09-05T15:03:47","modified_gmt":"2024-09-05T22:03:47","slug":"eliminatorias-sudamericanas-fecha-7-argentina-colombia-uruguay-previa-orix","status":"publish","type":"post","link":"https:\/\/noticiasya.com\/el-valle\/2024\/09\/05\/eliminatorias-sudamericanas-fecha-7-argentina-colombia-uruguay-previa-orix\/","title":{"rendered":"Vuelven las eliminatorias sudamericanas para el Mundial de 2026; estas son las claves de la doble fecha"},"content":{"rendered":"<p>(CNN Espa\u00f1ol) &#8212; Las eliminatorias sudamericanas Conmebol regresan este jueves tras casi diez meses sin competencia. Este mes, se disputan las fechas n\u00famero siete y ocho en la b\u00fasqueda de los seis lugares que entrega para la Copa Mundial de la FIFA Estados Unidos, M\u00e9xico y Canad\u00e1 2026, adem\u00e1s de una plaza para el repechaje.<\/p>\n<p>Con ausencias notorias, entrenadores que hacen su debut, y despedidas que transformaran a jugadores en leyendas, el jueves vuelve la acci\u00f3n para las selecciones que se quieren asegurar un lugar en el pr\u00f3ximo mundial.<\/p>\n<p>Argentina, el regreso del campe\u00f3n sin Messi ni Di Mar\u00eda<\/p>\n<p>La Albiceleste regresa al ruedo tras coronarse campe\u00f3n de la \u00faltima Copa Am\u00e9rica. Los dirigidos por Scaloni marchan punteros en la clasificaci\u00f3n tras seis partidos con cinco victorias y tan solo una derrota frente a Uruguay. Pero si bien todas son alegr\u00edas para esta selecci\u00f3n desde 2021 cuando se coron\u00f3 en la Copa Am\u00e9rica de Brasil, este jueves en el estadio Monumental se caer\u00e1 alguna l\u00e1grima, pero de emoci\u00f3n cuando \u00c1ngel Di Mar\u00eda se despida de la selecci\u00f3n.<\/p>\n<p>El delantero argentino \u00c1ngel Di Mar\u00eda abandona el campo de juego tras ser sustituido durante la final de la Copa Am\u00e9rica Conmebol 2024 el 14 de julio. Cr\u00e9dito: JUAN MABROMATA\/AFP v\u00eda Getty Images<\/p>\n<p>\u201cHa sido un futbolista\u00a0de los mejores de la historia y deja un legado imborrable.\u00a0Hay que agarrarse de lo que ha hecho, de no rendirse nunca, no darse por vencido, que de esto se trata la vida y el f\u00fatbol\u201d, dijo Scaloni en conferencia refiri\u00e9ndose al homenaje que se le har\u00e1 al jugador del Benfica.<\/p>\n<p>El volante jug\u00f3 su \u00faltimo partido en la final de la Copa Am\u00e9rica y AFA, sus compa\u00f1eros y la gente lo celebrar\u00e1n este jueves en el estadio Monumental.\u00a0Pero no es la \u00fanica ausencia de peso que tendr\u00e1 el equipo argentino, porque Lionel Messi tampoco estar\u00e1 presente. El 10 argentino se encuentra en Miami recuper\u00e1ndose de la lesi\u00f3n que sufri\u00f3 en su tobillo en la final de la Copa Am\u00e9rica frente a Colombia. Scaloni decidi\u00f3 no convocarlo, por lo que la selecci\u00f3n afrontar\u00e1 su primer partido en mucho tiempo sin Di Mar\u00eda ni su capit\u00e1n Lionel Messi. La pregunta ahora es qui\u00e9n lo reemplazar\u00e1 en el campo de juego y qui\u00e9n llevar\u00e1 la cinta de capit\u00e1n para estos dos encuentros.<\/p>\n<p>Por su parte Chile, que no cuenta entre los convocados con Alexis S\u00e1nchez ni Arturo Vidal, a partir de ahora tampoco lo har\u00e1 con el arquero Claudio Bravo que anunci\u00f3 su retiro de la actividad. El entrenador Ricardo Gareca apela a la juventud en un momento en que el equipo se encuentra octavo en la clasificaci\u00f3n y se est\u00e1 quedando, por el momento, nuevamente afuera de un Mundial.<\/p>\n<p>La renovaci\u00f3n de Dorival J\u00fanior<\/p>\n<p>El entrenador de Brasil, Dorival J\u00fanior, har\u00e1 su debut en las\u00a0eliminatorias\u00a0con la verdeamarela. Si bien ya dirigi\u00f3 en la Copa Am\u00e9rica, en donde su equipo qued\u00f3 eliminado en cuartos de final, ser\u00e1 la primera fecha que dirija para intentar meter a la canarinha en el pr\u00f3ximo Mundial. Con una racha de cuatro partidos sin victorias, Brasil marcha en el sexto lugar despu\u00e9s de haber sumado tan solo un punto de los \u00faltimos 12 en juego. Acarrea tres derrotas consecutivas por la competici\u00f3n, lo que deriv\u00f3 en la salida del entrenador Fernando Diniz.<\/p>\n<p>El entrenador de la selecci\u00f3n nacional de f\u00fatbol de Brasil, Dorival Junior, llega a una conferencia de prensa en R\u00edo de Janeiro, Brasil, el 23 de agosto de 2024. Cr\u00e9dito: MAURO PIMENTEL\/AFP v\u00eda Getty Images<\/p>\n<p>Para esta nueva convocatoria Dorival parece haber priorizado juventud y renovaci\u00f3n. Solo quedan ocho jugadores que estuvieron en el \u00faltimo partido frente a Argentina por las\u00a0eliminatorias\u00a0hace diez meses, y convoc\u00f3 un total de 9 jugadores de 23 a\u00f1os o menos. Si bien ante las lesiones de Savinho y Yan Couto decidi\u00f3 llamar jugadores de experiencia como Lucas Moura y William, se destacan entre todos dos j\u00f3venes talentos como Endrick, el jugador del Real Madrid con 18 a\u00f1os, y Estevao del Palmeiras que tiene tan solo 17.<\/p>\n<p>Brasil tendr\u00e1 como rivales en esta doble fecha a Ecuador y Paraguay, dos equipos que vienen con la ilusi\u00f3n renovada, ya que estrenan entrenador.<\/p>\n<p>Dos entrenadores que debutan<\/p>\n<p>Gustavo Alfaro y Sebasti\u00e1n Beccacece har\u00e1n su debut al frente de la selecci\u00f3n de Paraguay y Ecuador respectivamente. La incorporaci\u00f3n de Beccacece en Ecuador, en reemplazo del espa\u00f1ol F\u00e9lix S\u00e1nchez, lleva a siete el n\u00famero de entrenadores argentinos en estas\u00a0eliminatorias. Tan solo Brasil, Bolivia y Per\u00fa no tienen en el banco un argentino. La Tri marcha en la quinta ubicaci\u00f3n y por el momento se encuentra entre los clasificados al Mundial. El t\u00e9cnico asumi\u00f3 tras la eliminaci\u00f3n en cuartos de final de la Copa Am\u00e9rica frente a Argentina, con el desaf\u00edo de debutar como visitante ante Brasil.<\/p>\n<p>El entrenador de la selecci\u00f3n de f\u00fatbol de Paraguay, el argentino Gustavo Alfaro hace un gesto durante una sesi\u00f3n de pr\u00e1ctica en Ypan\u00e9, Paraguay, el 2 de septiembre de 2024. Cr\u00e9dito: DANIEL DUARTE\/AFP v\u00eda Getty Images<\/p>\n<p>Por su parte, Alfaro reemplaza a Daniel Garnero, quien dej\u00f3 el cargo tras quedar eliminado en la Copa Am\u00e9rica en primera ronda despu\u00e9s de perder los tres partidos. Ser\u00e1 el tercer entrenador de la selecci\u00f3n guaran\u00ed en estas\u00a0eliminatorias\u00a0despu\u00e9s del paso de Guillermo Barros Schelotto y Garnero. El ext\u00e9cnico de Costa Rica y Ecuador har\u00e1 su debut frente al Uruguay de Marcelo Bielsa en Montevideo.<\/p>\n<p>El retiro del goleador<\/p>\n<p>Esta doble fecha de\u00a0eliminatorias\u00a0no ser\u00e1 una m\u00e1s para la selecci\u00f3n uruguaya. M\u00e1s all\u00e1 de marchar segundo en la clasificaci\u00f3n y de tener que enfrentar a Paraguay y Venezuela, en los libros estos partidos quedar\u00e1n marcados como los \u00faltimos de Luis Su\u00e1rez. El m\u00e1ximo goleador de la historia de la Celeste anunci\u00f3 su retiro tras esta fecha. A los 37 a\u00f1os, el delantero de Inter Miami deja la selecci\u00f3n tras disputar cuatro mundiales y ganar la Copa Am\u00e9rica de 2011 en Argentina y convertir 69 goles en 142 partidos.<\/p>\n<p>El delantero uruguayo Luis Su\u00e1rez se despide al final de una conferencia de prensa en el Estadio Centenario de Montevideo el 2 de septiembre de 2024. Cr\u00e9dito: EITAN ABRAMOVICH\/AFP v\u00eda Getty Images<\/p>\n<p>Uruguay tiene cinco jugadores sancionados por la Conmebol por los incidentes frente a Colombia al finalizar el encuentro de semifinales de la Copa Am\u00e9rica. Bielsa no podr\u00e1 contar con Darwin N\u00fa\u00f1ez por cinco partidos, Rodrigo Bentancur por cuatro encuentros, y Math\u00edas Olivera, Ronald Araujo y Jos\u00e9 Mar\u00eda Gim\u00e9nez por tres fechas.<\/p>\n<p>Su segundo rival en esta doble fecha ser\u00e1 Venezuela, que viene de una gran actuaci\u00f3n en la Copa Am\u00e9rica y que se ubica cuarto en la tabla de posiciones. Los dirigidos por Fernando Batista perdieron tan solo en la primera fecha ante Colombia y despu\u00e9s de eso sumaron nueve puntos con dos victorias y tres empates. La fecha para la Vinotinto comienza este jueves cuando choque como visitante frente a Bolivia. Lo particular del encuentro es que se disputar\u00e1 en el estadio municipal de El Alto, que se encuentra a m\u00e1s de 4.000 metros de altura sobre el nivel del mar a diferencia del estadio Hernando Siles, donde Bolivia hace habitualmente de local, que se encuentra a 3.601 metros sobre el nivel del mar. La Verde busca se segunda victoria en el torneo para salir del noveno lugar de la tabla.<\/p>\n<p>Colombia, por la recuperaci\u00f3n<\/p>\n<p>Despu\u00e9s de una gran Copa Am\u00e9rica que finaliz\u00f3 con un sabor amargo tras caer con Argentina en la final, la selecci\u00f3n dirigida por N\u00e9stor Lorenzo vuelve al ruedo para conseguir el objetivo mayor que es llegar al Mundial 2026. Con 12 puntos Colombia se ubica en la tercera posici\u00f3n y todav\u00eda no ha perdido en el torneo. Gan\u00f3 tres y empat\u00f3 la misma cantidad de encuentros. Abre este viernes la doble fecha como visitante en Lima ante Per\u00fa. Los dirigidos por Jorge Fossati todav\u00eda no han ganado en estas eliminatorias, suman tan solo dos puntos y se ubican en la \u00faltima posici\u00f3n.<\/p>\n<p>Se pone en marcha la doble fecha de las\u00a0eliminatorias\u00a0sudamericanas para la clasificaci\u00f3n al Mundial FIFA 2026. Argentina, Uruguay y Colombia buscan consolidarse como candidatos a quedarse con tres de esas plazas, mientras que un relegado Brasil buscar acercarse a los primeros. El resto se alista para intentar llegar al primer mundial de la historia con 48 equipos, teniendo en claro que los resultados de esta doble fecha empiezan a definir los equipos que est\u00e1n para pelear uno de los boletos para el Mundial, y los que se empiezan a despedir de este objetivo.<\/p>\n<p>The-CNN-Wire<br \/>&trade; &amp; &copy; 2024 Cable News Network, Inc., a Warner Bros. Discovery Company. All rights reserved.<\/p>\n","protected":false},"excerpt":{"rendered":"<p>(CNN Espa\u00f1ol) &#8212; Las eliminatorias sudamericanas Conmebol regresan este jueves tras casi diez meses sin competencia. Este mes, se disputan las fechas n\u00famero siete y ocho en la b\u00fasqueda de los seis lugares que entrega para la Copa Mundial de la FIFA Estados Unidos, M\u00e9xico y Canad\u00e1 2026, adem\u00e1s de una plaza para el repechaje. [&hellip;]<\/p>\n","protected":false},"author":0,"featured_media":0,"comment_status":"open","ping_status":"open","sticky":false,"template":"","format":"standard","meta":{"_jetpack_memberships_contains_paid_content":false,"footnotes":""},"categories":[10],"tags":[],"class_list":["post-1452459","post","type-post","status-publish","format-standard","hentry","category-noticias-nacionales","market-global"],"yoast_head":"<!-- This site is optimized with the Yoast SEO plugin v24.4 - https:\/\/yoast.com\/wordpress\/plugins\/seo\/ -->\n<title>Vuelven las eliminatorias sudamericanas para el Mundial de 2026; estas son las claves de la doble fecha - Noticias<\/title>\n<meta name=\"robots\" content=\"index, follow, max-snippet:-1, max-image-preview:large, max-video-preview:-1\" \/>\n<link rel=\"canonical\" href=\"https:\/\/noticiasya.com\/2024\/09\/05\/eliminatorias-sudamericanas-fecha-7-argentina-colombia-uruguay-previa-orix\/\" \/>\n<meta property=\"og:locale\" content=\"es_ES\" \/>\n<meta property=\"og:type\" content=\"article\" \/>\n<meta property=\"og:title\" content=\"Vuelven las eliminatorias sudamericanas para el Mundial de 2026; estas son las claves de la doble fecha - Noticias\" \/>\n<meta property=\"og:description\" content=\"(CNN Espa\u00f1ol) &#8212; Las eliminatorias sudamericanas Conmebol regresan este jueves tras casi diez meses sin competencia. Este mes, se disputan las fechas n\u00famero siete y ocho en la b\u00fasqueda de los seis lugares que entrega para la Copa Mundial de la FIFA Estados Unidos, M\u00e9xico y Canad\u00e1 2026, adem\u00e1s de una plaza para el repechaje. [&hellip;]\" \/>\n<meta property=\"og:url\" content=\"https:\/\/noticiasya.com\/2024\/09\/05\/eliminatorias-sudamericanas-fecha-7-argentina-colombia-uruguay-previa-orix\/\" \/>\n<meta property=\"og:site_name\" content=\"Noticias\" \/>\n<meta property=\"article:published_time\" content=\"2024-09-05T22:03:47+00:00\" \/>\n<meta name=\"twitter:card\" content=\"summary_large_image\" \/>\n<meta name=\"twitter:label1\" content=\"Est. reading time\" \/>\n\t<meta name=\"twitter:data1\" content=\"8 minutos\" \/>\n<script type=\"application\/ld+json\" class=\"yoast-schema-graph\">{\"@context\":\"https:\/\/schema.org\",\"@graph\":[{\"@type\":\"Article\",\"@id\":\"https:\/\/noticiasya.com\/2024\/09\/05\/eliminatorias-sudamericanas-fecha-7-argentina-colombia-uruguay-previa-orix\/#article\",\"isPartOf\":{\"@id\":\"https:\/\/noticiasya.com\/2024\/09\/05\/eliminatorias-sudamericanas-fecha-7-argentina-colombia-uruguay-previa-orix\/\"},\"author\":{\"name\":\"\",\"@id\":\"\"},\"headline\":\"Vuelven las eliminatorias sudamericanas para el Mundial de 2026; estas son las claves de la doble fecha\",\"datePublished\":\"2024-09-05T22:03:47+00:00\",\"mainEntityOfPage\":{\"@id\":\"https:\/\/noticiasya.com\/2024\/09\/05\/eliminatorias-sudamericanas-fecha-7-argentina-colombia-uruguay-previa-orix\/\"},\"wordCount\":1546,\"commentCount\":0,\"publisher\":{\"@id\":\"https:\/\/noticiasya.com\/#organization\"},\"articleSection\":[\"Noticias Nacionales\"],\"inLanguage\":\"es\",\"potentialAction\":[{\"@type\":\"CommentAction\",\"name\":\"Comment\",\"target\":[\"https:\/\/noticiasya.com\/2024\/09\/05\/eliminatorias-sudamericanas-fecha-7-argentina-colombia-uruguay-previa-orix\/#respond\"]}]},{\"@type\":\"WebPage\",\"@id\":\"https:\/\/noticiasya.com\/2024\/09\/05\/eliminatorias-sudamericanas-fecha-7-argentina-colombia-uruguay-previa-orix\/\",\"url\":\"https:\/\/noticiasya.com\/2024\/09\/05\/eliminatorias-sudamericanas-fecha-7-argentina-colombia-uruguay-previa-orix\/\",\"name\":\"Vuelven las eliminatorias sudamericanas para el Mundial de 2026; estas son las claves de la doble fecha - Noticias\",\"isPartOf\":{\"@id\":\"https:\/\/noticiasya.com\/#website\"},\"datePublished\":\"2024-09-05T22:03:47+00:00\",\"breadcrumb\":{\"@id\":\"https:\/\/noticiasya.com\/2024\/09\/05\/eliminatorias-sudamericanas-fecha-7-argentina-colombia-uruguay-previa-orix\/#breadcrumb\"},\"inLanguage\":\"es\",\"potentialAction\":[{\"@type\":\"ReadAction\",\"target\":[\"https:\/\/noticiasya.com\/2024\/09\/05\/eliminatorias-sudamericanas-fecha-7-argentina-colombia-uruguay-previa-orix\/\"]}]},{\"@type\":\"BreadcrumbList\",\"@id\":\"https:\/\/noticiasya.com\/2024\/09\/05\/eliminatorias-sudamericanas-fecha-7-argentina-colombia-uruguay-previa-orix\/#breadcrumb\",\"itemListElement\":[{\"@type\":\"ListItem\",\"position\":1,\"name\":\"Home\",\"item\":\"https:\/\/noticiasya.com\/\"},{\"@type\":\"ListItem\",\"position\":2,\"name\":\"Vuelven las eliminatorias sudamericanas para el Mundial de 2026; estas son las claves de la doble fecha\"}]},{\"@type\":\"WebSite\",\"@id\":\"https:\/\/noticiasya.com\/#website\",\"url\":\"https:\/\/noticiasya.com\/\",\"name\":\"Noticias\",\"description\":\"Lo que importa\",\"publisher\":{\"@id\":\"https:\/\/noticiasya.com\/#organization\"},\"potentialAction\":[{\"@type\":\"SearchAction\",\"target\":{\"@type\":\"EntryPoint\",\"urlTemplate\":\"https:\/\/noticiasya.com\/?s={search_term_string}\"},\"query-input\":{\"@type\":\"PropertyValueSpecification\",\"valueRequired\":true,\"valueName\":\"search_term_string\"}}],\"inLanguage\":\"es\"},{\"@type\":\"Organization\",\"@id\":\"https:\/\/noticiasya.com\/#organization\",\"name\":\"Noticias\",\"url\":\"https:\/\/noticiasya.com\/\",\"logo\":{\"@type\":\"ImageObject\",\"inLanguage\":\"es\",\"@id\":\"https:\/\/noticiasya.com\/#\/schema\/logo\/image\/\",\"url\":\"https:\/\/noticiasya.com\/wp-content\/uploads\/sites\/22\/2023\/12\/logo-nacional.png\",\"contentUrl\":\"https:\/\/noticiasya.com\/wp-content\/uploads\/sites\/22\/2023\/12\/logo-nacional.png\",\"width\":1801,\"height\":691,\"caption\":\"Noticias\"},\"image\":{\"@id\":\"https:\/\/noticiasya.com\/#\/schema\/logo\/image\/\"}}]}<\/script>\n<!-- \/ Yoast SEO plugin. -->","yoast_head_json":{"title":"Vuelven las eliminatorias sudamericanas para el Mundial de 2026; estas son las claves de la doble fecha - Noticias","robots":{"index":"index","follow":"follow","max-snippet":"max-snippet:-1","max-image-preview":"max-image-preview:large","max-video-preview":"max-video-preview:-1"},"canonical":"https:\/\/noticiasya.com\/2024\/09\/05\/eliminatorias-sudamericanas-fecha-7-argentina-colombia-uruguay-previa-orix\/","og_locale":"es_ES","og_type":"article","og_title":"Vuelven las eliminatorias sudamericanas para el Mundial de 2026; estas son las claves de la doble fecha - Noticias","og_description":"(CNN Espa\u00f1ol) &#8212; Las eliminatorias sudamericanas Conmebol regresan este jueves tras casi diez meses sin competencia. Este mes, se disputan las fechas n\u00famero siete y ocho en la b\u00fasqueda de los seis lugares que entrega para la Copa Mundial de la FIFA Estados Unidos, M\u00e9xico y Canad\u00e1 2026, adem\u00e1s de una plaza para el repechaje. [&hellip;]","og_url":"https:\/\/noticiasya.com\/2024\/09\/05\/eliminatorias-sudamericanas-fecha-7-argentina-colombia-uruguay-previa-orix\/","og_site_name":"Noticias","article_published_time":"2024-09-05T22:03:47+00:00","twitter_card":"summary_large_image","twitter_misc":{"Est. reading time":"8 minutos"},"schema":{"@context":"https:\/\/schema.org","@graph":[{"@type":"Article","@id":"https:\/\/noticiasya.com\/2024\/09\/05\/eliminatorias-sudamericanas-fecha-7-argentina-colombia-uruguay-previa-orix\/#article","isPartOf":{"@id":"https:\/\/noticiasya.com\/2024\/09\/05\/eliminatorias-sudamericanas-fecha-7-argentina-colombia-uruguay-previa-orix\/"},"author":{"name":"","@id":""},"headline":"Vuelven las eliminatorias sudamericanas para el Mundial de 2026; estas son las claves de la doble fecha","datePublished":"2024-09-05T22:03:47+00:00","mainEntityOfPage":{"@id":"https:\/\/noticiasya.com\/2024\/09\/05\/eliminatorias-sudamericanas-fecha-7-argentina-colombia-uruguay-previa-orix\/"},"wordCount":1546,"commentCount":0,"publisher":{"@id":"https:\/\/noticiasya.com\/#organization"},"articleSection":["Noticias Nacionales"],"inLanguage":"es","potentialAction":[{"@type":"CommentAction","name":"Comment","target":["https:\/\/noticiasya.com\/2024\/09\/05\/eliminatorias-sudamericanas-fecha-7-argentina-colombia-uruguay-previa-orix\/#respond"]}]},{"@type":"WebPage","@id":"https:\/\/noticiasya.com\/2024\/09\/05\/eliminatorias-sudamericanas-fecha-7-argentina-colombia-uruguay-previa-orix\/","url":"https:\/\/noticiasya.com\/2024\/09\/05\/eliminatorias-sudamericanas-fecha-7-argentina-colombia-uruguay-previa-orix\/","name":"Vuelven las eliminatorias sudamericanas para el Mundial de 2026; estas son las claves de la doble fecha - Noticias","isPartOf":{"@id":"https:\/\/noticiasya.com\/#website"},"datePublished":"2024-09-05T22:03:47+00:00","breadcrumb":{"@id":"https:\/\/noticiasya.com\/2024\/09\/05\/eliminatorias-sudamericanas-fecha-7-argentina-colombia-uruguay-previa-orix\/#breadcrumb"},"inLanguage":"es","potentialAction":[{"@type":"ReadAction","target":["https:\/\/noticiasya.com\/2024\/09\/05\/eliminatorias-sudamericanas-fecha-7-argentina-colombia-uruguay-previa-orix\/"]}]},{"@type":"BreadcrumbList","@id":"https:\/\/noticiasya.com\/2024\/09\/05\/eliminatorias-sudamericanas-fecha-7-argentina-colombia-uruguay-previa-orix\/#breadcrumb","itemListElement":[{"@type":"ListItem","position":1,"name":"Home","item":"https:\/\/noticiasya.com\/"},{"@type":"ListItem","position":2,"name":"Vuelven las eliminatorias sudamericanas para el Mundial de 2026; estas son las claves de la doble fecha"}]},{"@type":"WebSite","@id":"https:\/\/noticiasya.com\/#website","url":"https:\/\/noticiasya.com\/","name":"Noticias","description":"Lo que importa","publisher":{"@id":"https:\/\/noticiasya.com\/#organization"},"potentialAction":[{"@type":"SearchAction","target":{"@type":"EntryPoint","urlTemplate":"https:\/\/noticiasya.com\/?s={search_term_string}"},"query-input":{"@type":"PropertyValueSpecification","valueRequired":true,"valueName":"search_term_string"}}],"inLanguage":"es"},{"@type":"Organization","@id":"https:\/\/noticiasya.com\/#organization","name":"Noticias","url":"https:\/\/noticiasya.com\/","logo":{"@type":"ImageObject","inLanguage":"es","@id":"https:\/\/noticiasya.com\/#\/schema\/logo\/image\/","url":"https:\/\/noticiasya.com\/wp-content\/uploads\/sites\/22\/2023\/12\/logo-nacional.png","contentUrl":"https:\/\/noticiasya.com\/wp-content\/uploads\/sites\/22\/2023\/12\/logo-nacional.png","width":1801,"height":691,"caption":"Noticias"},"image":{"@id":"https:\/\/noticiasya.com\/#\/schema\/logo\/image\/"}}]}},"parsely":{"version":"1.1.0","canonical_url":"https:\/\/noticiasya.com\/el-valle\/2024\/09\/05\/eliminatorias-sudamericanas-fecha-7-argentina-colombia-uruguay-previa-orix\/","smart_links":{"inbound":0,"outbound":0},"traffic_boost_suggestions_count":0,"meta":{"@context":"https:\/\/schema.org","@type":"NewsArticle","headline":"Vuelven las eliminatorias sudamericanas para el Mundial de 2026; estas son las claves de la doble fecha","url":"http:\/\/noticiasya.com\/el-valle\/2024\/09\/05\/eliminatorias-sudamericanas-fecha-7-argentina-colombia-uruguay-previa-orix\/","mainEntityOfPage":{"@type":"WebPage","@id":"http:\/\/noticiasya.com\/el-valle\/2024\/09\/05\/eliminatorias-sudamericanas-fecha-7-argentina-colombia-uruguay-previa-orix\/"},"thumbnailUrl":"","image":{"@type":"ImageObject","url":""},"articleSection":"Noticias Nacionales","author":[],"creator":[],"publisher":{"@type":"Organization","name":"Noticias","logo":""},"keywords":[],"dateCreated":"2024-09-05T22:03:47Z","datePublished":"2024-09-05T22:03:47Z","dateModified":"2024-09-05T22:03:47Z"},"rendered":"<script type=\"application\/ld+json\" class=\"wp-parsely-metadata\">{\"@context\":\"https:\\\/\\\/schema.org\",\"@type\":\"NewsArticle\",\"headline\":\"Vuelven las eliminatorias sudamericanas para el Mundial de 2026; estas son las claves de la doble fecha\",\"url\":\"http:\\\/\\\/noticiasya.com\\\/el-valle\\\/2024\\\/09\\\/05\\\/eliminatorias-sudamericanas-fecha-7-argentina-colombia-uruguay-previa-orix\\\/\",\"mainEntityOfPage\":{\"@type\":\"WebPage\",\"@id\":\"http:\\\/\\\/noticiasya.com\\\/el-valle\\\/2024\\\/09\\\/05\\\/eliminatorias-sudamericanas-fecha-7-argentina-colombia-uruguay-previa-orix\\\/\"},\"thumbnailUrl\":\"\",\"image\":{\"@type\":\"ImageObject\",\"url\":\"\"},\"articleSection\":\"Noticias Nacionales\",\"author\":[],\"creator\":[],\"publisher\":{\"@type\":\"Organization\",\"name\":\"Noticias\",\"logo\":\"\"},\"keywords\":[],\"dateCreated\":\"2024-09-05T22:03:47Z\",\"datePublished\":\"2024-09-05T22:03:47Z\",\"dateModified\":\"2024-09-05T22:03:47Z\"}<\/script>","tracker_url":"https:\/\/cdn.parsely.com\/keys\/noticiasya.com\/p.js"},"jetpack_featured_media_url":"","jetpack-related-posts":[{"id":1455876,"url":"https:\/\/noticiasya.com\/el-valle\/2024\/11\/16\/eliminatorias-sudamericanas-tabla-posiciones-resultados-partidos-orix\/","url_meta":{"origin":1452459,"position":0},"title":"Eliminatorias sudamericanas: tabla de posiciones y resultados de los partidos de la Conmebol","author":"","date":"noviembre 16, 2024","format":false,"excerpt":"(CNN Espa\u00f1ol) -- Ya est\u00e1 en marcha la segunda mitad de las eliminatorias sudamericanas al Mundial de Estados Unidos, Canad\u00e1 y M\u00e9xico 2026. En el disputado cuadro de la Conmebol, que tendr\u00e1 seis cupos directos a la Copa del Mundo y uno para jugar repechaje, Argentina ha sabido mantenerse l\u00edder\u2026","rel":"","context":"In &quot;Noticias Nacionales&quot;","block_context":{"text":"Noticias Nacionales","link":"https:\/\/noticiasya.com\/el-valle\/categoria\/noticias-nacionales"},"img":{"alt_text":"","src":"","width":0,"height":0},"classes":[]},{"id":1451100,"url":"https:\/\/noticiasya.com\/el-valle\/2024\/07\/14\/scaloni-argentina-como-le-ha-ido-seleccionador-orix\/","url_meta":{"origin":1452459,"position":1},"title":"\u00bfC\u00f3mo le ha ido a Scaloni como seleccionador de Argentina? \u00bfQu\u00e9 ha ganado y qu\u00e9 ha logrado?","author":"","date":"julio 14, 2024","format":false,"excerpt":"(CNN Espa\u00f1ol) -- Desde que asumi\u00f3 la direcci\u00f3n t\u00e9cnica de la selecci\u00f3n de Argentina, Lionel Scaloni ha demostrado que su visi\u00f3n del f\u00fatbol aplicada con los envidiables talentos de los jugadores albicelestes, m\u00e1s la mezcla de juventud y experiencia, son una combinaci\u00f3n peligrosa para cualquier rival.Tras el doloroso fracaso de\u2026","rel":"","context":"In &quot;Noticias Nacionales&quot;","block_context":{"text":"Noticias Nacionales","link":"https:\/\/noticiasya.com\/el-valle\/categoria\/noticias-nacionales"},"img":{"alt_text":"","src":"","width":0,"height":0},"classes":[]},{"id":1462249,"url":"https:\/\/noticiasya.com\/el-valle\/2025\/05\/12\/ancelotti-nuevo-seleccionador-brasil-efe\/","url_meta":{"origin":1452459,"position":2},"title":"Carlo Ancelotti es el nuevo seleccionador de Brasil y debutar\u00e1 contra Ecuador en las eliminatorias","author":"","date":"mayo 12, 2025","format":false,"excerpt":"El t\u00e9cnico italiano Carlo Ancelotti, actual entrenador del Real Madrid, ser\u00e1 el pr\u00f3ximo seleccionador nacional de Brasil, con contrato hasta el Mundial de 2026, seg\u00fan anunci\u00f3 este lunes la Confederaci\u00f3n Brasile\u00f1a de F\u00fatbol (CBF).El presidente de la CBF, Ednaldo Rodrigues, afirm\u00f3 que Ancelotti \u201ces el mejor entrenador de la historia\u2026","rel":"","context":"In &quot;Noticias Nacionales&quot;","block_context":{"text":"Noticias Nacionales","link":"https:\/\/noticiasya.com\/el-valle\/categoria\/noticias-nacionales"},"img":{"alt_text":"","src":"","width":0,"height":0},"classes":[]},{"id":1466313,"url":"https:\/\/noticiasya.com\/el-valle\/2025\/09\/09\/paises-selecciones-clasificados-repechaje-mundial-2026-orix\/","url_meta":{"origin":1452459,"position":3},"title":"\u00bfQu\u00e9 pa\u00edses est\u00e1n clasificados al Mundial de F\u00fatbol de 2026? Plazas, sistema y fechas","author":"","date":"septiembre 9, 2025","format":false,"excerpt":"El Mundial de Canad\u00e1, Estados Unidos y M\u00e9xico 2026 ser\u00e1 el primero en jugarse con 48 selecciones, contabilizando 104 partidos desde la fase de grupos hasta la gran final.Ya hay 18 selecciones clasificadas directamente y otras dos que se aseguraron un lugar en el repechaje intercontinental, que se jugar\u00e1 en\u2026","rel":"","context":"In &quot;Noticias Nacionales&quot;","block_context":{"text":"Noticias Nacionales","link":"https:\/\/noticiasya.com\/el-valle\/categoria\/noticias-nacionales"},"img":{"alt_text":"","src":"","width":0,"height":0},"classes":[]},{"id":1460413,"url":"https:\/\/noticiasya.com\/el-valle\/2025\/03\/25\/paises-selecciones-clasificadas-mundial-2026-futbol-orix\/","url_meta":{"origin":1452459,"position":4},"title":"\u00bfQu\u00e9 pa\u00edses est\u00e1n clasificados al Mundial de F\u00fatbol de 2026? Plazas, sistema y fechas","author":"","date":"marzo 25, 2025","format":false,"excerpt":"El Mundial de 2026 ser\u00e1 el primero en jugarse con 48 selecciones, un torneo de 104 partidos que se disputar\u00e1 en Estados Unidos, M\u00e9xico y Canad\u00e1.Se conocen los estadios y el cronograma de cada partido de cada fase. El torneo de selecciones m\u00e1s prestigioso del planeta cobra vida, sin embargo,\u2026","rel":"","context":"In &quot;Noticias Nacionales&quot;","block_context":{"text":"Noticias Nacionales","link":"https:\/\/noticiasya.com\/el-valle\/categoria\/noticias-nacionales"},"img":{"alt_text":"","src":"","width":0,"height":0},"classes":[]},{"id":1468327,"url":"https:\/\/noticiasya.com\/el-valle\/2025\/11\/13\/selecciones-clasificados-paises-repechaje-mundial-2026-orix\/","url_meta":{"origin":1452459,"position":5},"title":"\u00bfQu\u00e9 pa\u00edses est\u00e1n clasificados al Mundial de F\u00fatbol de 2026? Plazas, sistema y fechas","author":"","date":"noviembre 13, 2025","format":false,"excerpt":"El Mundial de Canad\u00e1, Estados Unidos y M\u00e9xico 2026 ser\u00e1 el primero en jugarse con 48 selecciones, contabilizando 104 partidos desde la fase de grupos hasta la gran final.Ya hay 29 selecciones clasificadas directamente y otras dos que se aseguraron un lugar en el repechaje intercontinental, que se jugar\u00e1 en\u2026","rel":"","context":"In &quot;Noticias Nacionales&quot;","block_context":{"text":"Noticias Nacionales","link":"https:\/\/noticiasya.com\/el-valle\/categoria\/noticias-nacionales"},"img":{"alt_text":"","src":"","width":0,"height":0},"classes":[]}],"jetpack_sharing_enabled":true,"_links":{"self":[{"href":"https:\/\/noticiasya.com\/el-valle\/wp-json\/wp\/v2\/posts\/1452459","targetHints":{"allow":["GET"]}}],"collection":[{"href":"https:\/\/noticiasya.com\/el-valle\/wp-json\/wp\/v2\/posts"}],"about":[{"href":"https:\/\/noticiasya.com\/el-valle\/wp-json\/wp\/v2\/types\/post"}],"replies":[{"embeddable":true,"href":"https:\/\/noticiasya.com\/el-valle\/wp-json\/wp\/v2\/comments?post=1452459"}],"version-history":[{"count":0,"href":"https:\/\/noticiasya.com\/el-valle\/wp-json\/wp\/v2\/posts\/1452459\/revisions"}],"wp:attachment":[{"href":"https:\/\/noticiasya.com\/el-valle\/wp-json\/wp\/v2\/media?parent=1452459"}],"wp:term":[{"taxonomy":"category","embeddable":true,"href":"https:\/\/noticiasya.com\/el-valle\/wp-json\/wp\/v2\/categories?post=1452459"},{"taxonomy":"post_tag","embeddable":true,"href":"https:\/\/noticiasya.com\/el-valle\/wp-json\/wp\/v2\/tags?post=1452459"}],"curies":[{"name":"wp","href":"https:\/\/api.w.org\/{rel}","templated":true}]}}