{"id":1452529,"date":"2024-09-08T13:03:48","date_gmt":"2024-09-08T20:03:48","guid":{"rendered":"https:\/\/noticiasya.com\/2024\/09\/08\/salida-edmundo-gonzalez-decisiones-urgencia-vida-orix\/"},"modified":"2024-09-08T13:03:48","modified_gmt":"2024-09-08T20:03:48","slug":"salida-edmundo-gonzalez-decisiones-urgencia-vida-orix","status":"publish","type":"post","link":"https:\/\/noticiasya.com\/el-valle\/2024\/09\/08\/salida-edmundo-gonzalez-decisiones-urgencia-vida-orix\/","title":{"rendered":"Salida de Edmundo Gonz\u00e1lez a Espa\u00f1a obedeci\u00f3 a &#171;decisiones de urgencia&#187; para preservar su vida y su libertad, dice su abogado a CNN"},"content":{"rendered":"<p>(CNN Espa\u00f1ol) \u2013\u2013 La decisi\u00f3n del candidato presidencial opositor Edmundo Gonz\u00e1lez Urrutia de salir de Venezuela y buscar asilo pol\u00edtico en Espa\u00f1a obedeci\u00f3 a &#171;decisiones de urgencia&#187; que tom\u00f3 en cuesti\u00f3n de horas para preservar su vida, su libertad, y para garantizar el bienestar de su familia, dijo a CNN este domingo su abogado, Jos\u00e9 Vicente Haro.<\/p>\n<p>&#171;Su vida corr\u00eda peligro, su integridad f\u00edsica, su libertad y lo que es, en general, sus seguridades personales corr\u00edan peligro&#187;, indic\u00f3 Haro en entrevista.<\/p>\n<p>Ante la sorpresiva salida de Gonz\u00e1lez Urrutia este s\u00e1bado, en especial porque esta semana Haro hab\u00eda dicho que el candidato no se hab\u00eda planteado solicitar asilo en otros pa\u00edses, el abogado indic\u00f3 que &#171;fue una decisi\u00f3n que se tuvo que tomar y tuvo que tomar don Edmundo Gonz\u00e1lez Urrutia por razones humanas, que tal vez muchos no comprendan, pero hay que estar en la piel, hay que estar en la mente, hay que estar en la situaci\u00f3n que \u00e9l estuvo con un riesgo que se cern\u00eda sobre su familia, sobre su vida, con una persecuci\u00f3n judicial injusta, con una investigaci\u00f3n penal, con una orden de aprehensi\u00f3n&#187;.<\/p>\n<p>&#171;Y llega un momento en que el instinto m\u00ednimo de conservaci\u00f3n de su vida, de su integridad f\u00edsica, de su libertad, priva sobre muchas cosas&#187;, agreg\u00f3 Haro.<\/p>\n<p>El abogado tambi\u00e9n comparti\u00f3 que la decisi\u00f3n se tom\u00f3 en las \u00faltimas horas de la medianoche del viernes, luego de que opositores denunciaran que las fuerzas de seguridad de Venezuela hab\u00edan rodeado la embajada de Argentina en Venezuela, lo que fue calificado como &#171;asedio&#187; del Gobierno del presidente Nicol\u00e1s Maduro. La situaci\u00f3n se extendi\u00f3 a lo largo de la noche hasta la ma\u00f1ana de este s\u00e1bado.<\/p>\n<p>Venezuela revoca a Brasil la representaci\u00f3n de los intereses de Argentina mientras fuerzas de seguridad rodean la embajada<\/p>\n<p>Seis opositores venezolanos permanecen en la sede diplom\u00e1tica luego de asilarse este a\u00f1o y para quienes el Gobierno de Argentina ya solicit\u00f3 salvoconductos para que se les permita salir de Venezuela. Hasta ahora, las solicitudes no han sido concedidas por parte de las autoridades venezolanas.<\/p>\n<p>El Gobierno de Venezuela anunci\u00f3 este s\u00e1bado que revocaba la autorizaci\u00f3n a Brasil para representar los intereses de Argentina en el pa\u00eds, en medio de denuncias de un asedio a la sede diplom\u00e1tica argentina en Caracas.<\/p>\n<p>Seg\u00fan Haro, la decisi\u00f3n de Gonz\u00e1lez se dio en este contexto, ya que el opositor pensaba que las autoridades venezolanas podr\u00edan acechar cualquier embajada si \u00e9l intentaba resguardarse en ellas.<\/p>\n<p>&#171;Hab\u00eda dos opciones y se lo tengo que decir abiertamente: o ir a prisi\u00f3n injustamente, estar detenido, estar preso injustamente por delitos que no ha cometido, por hechos que no revisten car\u00e1cter penal, por hechos que se presumen como delitos, seg\u00fan el Ministerio P\u00fablico, que \u00e9l en modo alguno ha cometido y entonces tendr\u00edamos a un Edmundo Gonz\u00e1lez Urrutia en las c\u00e1rceles venezolanas. No se sabe en qu\u00e9 circunstancias y qu\u00e9 situaciones. O se preservar\u00e1 la vida de \u00e9l a trav\u00e9s de una decisi\u00f3n sobrevenida en la que incluso a la medianoche del d\u00eda viernes \u00e9l todav\u00eda no estaba seguro de adoptarla&#187;, indic\u00f3 Haro.<\/p>\n<p>Edmundo Gonz\u00e1lez dej\u00f3 Venezuela por hostigamiento, dice Antonio Ledezma<\/p>\n<p>Este s\u00e1bado, en una conferencia de prensa, el fiscal general de Venezuela, Tarek William Saab, se refiri\u00f3 a la salida de Gonz\u00e1lez Urrutia hacia Espa\u00f1a y dijo que el Gobierno venezolano hab\u00eda otorgado el salvoconducto que permiti\u00f3 la salida del opositor a Europa.<\/p>\n<p>Saab no dijo qu\u00e9 pasar\u00eda con el proceso judicial que se sigue contra Gonz\u00e1lez Urrutia, quien fue acusado de varios delitos que supuestamente se desprenden de la publicaci\u00f3n de actas en internet que, seg\u00fan la oposici\u00f3n, muestran su victoria en las urnas el pasado 28 de julio frente a Nicol\u00e1s Maduro, quien fue declarado vencedor por el Consejo Nacional Electoral (CNE) en medio de acusaciones de fraude. El candidato ha dicho que la Fiscal\u00eda no le daba garant\u00edas para presentarse a citatorios y que era v\u00edctima de una persecuci\u00f3n judicial injusta.<\/p>\n<p>La salida de Gonz\u00e1lez de Venezuela ocurre cinco d\u00edas despu\u00e9s de que un tribunal ordenara su arresto por cargos relacionados con la publicaci\u00f3n de resultados electorales en un sitio web. Gonz\u00e1lez reiteradamente rechaz\u00f3 los cargos que se le imputan.<\/p>\n<p>The-CNN-Wire<br \/>&trade; &amp; &copy; 2024 Cable News Network, Inc., a Warner Bros. Discovery Company. All rights reserved.<\/p>\n","protected":false},"excerpt":{"rendered":"<p>(CNN Espa\u00f1ol) \u2013\u2013 La decisi\u00f3n del candidato presidencial opositor Edmundo Gonz\u00e1lez Urrutia de salir de Venezuela y buscar asilo pol\u00edtico en Espa\u00f1a obedeci\u00f3 a &#171;decisiones de urgencia&#187; que tom\u00f3 en cuesti\u00f3n de horas para preservar su vida, su libertad, y para garantizar el bienestar de su familia, dijo a CNN este domingo su abogado, Jos\u00e9 [&hellip;]<\/p>\n","protected":false},"author":0,"featured_media":0,"comment_status":"open","ping_status":"open","sticky":false,"template":"","format":"standard","meta":{"_jetpack_memberships_contains_paid_content":false,"footnotes":""},"categories":[10],"tags":[],"class_list":["post-1452529","post","type-post","status-publish","format-standard","hentry","category-noticias-nacionales","market-global"],"yoast_head":"<!-- This site is optimized with the Yoast SEO plugin v24.4 - https:\/\/yoast.com\/wordpress\/plugins\/seo\/ -->\n<title>Salida de Edmundo Gonz\u00e1lez a Espa\u00f1a obedeci\u00f3 a &quot;decisiones de urgencia&quot; para preservar su vida y su libertad, dice su abogado a CNN - Noticias<\/title>\n<meta name=\"robots\" content=\"index, follow, max-snippet:-1, max-image-preview:large, max-video-preview:-1\" \/>\n<link rel=\"canonical\" href=\"https:\/\/noticiasya.com\/2024\/09\/08\/salida-edmundo-gonzalez-decisiones-urgencia-vida-orix\/\" \/>\n<meta property=\"og:locale\" content=\"es_ES\" \/>\n<meta property=\"og:type\" content=\"article\" \/>\n<meta property=\"og:title\" content=\"Salida de Edmundo Gonz\u00e1lez a Espa\u00f1a obedeci\u00f3 a &quot;decisiones de urgencia&quot; para preservar su vida y su libertad, dice su abogado a CNN - Noticias\" \/>\n<meta property=\"og:description\" content=\"(CNN Espa\u00f1ol) \u2013\u2013 La decisi\u00f3n del candidato presidencial opositor Edmundo Gonz\u00e1lez Urrutia de salir de Venezuela y buscar asilo pol\u00edtico en Espa\u00f1a obedeci\u00f3 a &#171;decisiones de urgencia&#187; que tom\u00f3 en cuesti\u00f3n de horas para preservar su vida, su libertad, y para garantizar el bienestar de su familia, dijo a CNN este domingo su abogado, Jos\u00e9 [&hellip;]\" \/>\n<meta property=\"og:url\" content=\"https:\/\/noticiasya.com\/2024\/09\/08\/salida-edmundo-gonzalez-decisiones-urgencia-vida-orix\/\" \/>\n<meta property=\"og:site_name\" content=\"Noticias\" \/>\n<meta property=\"article:published_time\" content=\"2024-09-08T20:03:48+00:00\" \/>\n<meta name=\"twitter:card\" content=\"summary_large_image\" \/>\n<meta name=\"twitter:label1\" content=\"Est. reading time\" \/>\n\t<meta name=\"twitter:data1\" content=\"4 minutos\" \/>\n<script type=\"application\/ld+json\" class=\"yoast-schema-graph\">{\"@context\":\"https:\/\/schema.org\",\"@graph\":[{\"@type\":\"Article\",\"@id\":\"https:\/\/noticiasya.com\/2024\/09\/08\/salida-edmundo-gonzalez-decisiones-urgencia-vida-orix\/#article\",\"isPartOf\":{\"@id\":\"https:\/\/noticiasya.com\/2024\/09\/08\/salida-edmundo-gonzalez-decisiones-urgencia-vida-orix\/\"},\"author\":{\"name\":\"\",\"@id\":\"\"},\"headline\":\"Salida de Edmundo Gonz\u00e1lez a Espa\u00f1a obedeci\u00f3 a &#171;decisiones de urgencia&#187; para preservar su vida y su libertad, dice su abogado a CNN\",\"datePublished\":\"2024-09-08T20:03:48+00:00\",\"mainEntityOfPage\":{\"@id\":\"https:\/\/noticiasya.com\/2024\/09\/08\/salida-edmundo-gonzalez-decisiones-urgencia-vida-orix\/\"},\"wordCount\":808,\"commentCount\":0,\"publisher\":{\"@id\":\"https:\/\/noticiasya.com\/#organization\"},\"articleSection\":[\"Noticias Nacionales\"],\"inLanguage\":\"es\",\"potentialAction\":[{\"@type\":\"CommentAction\",\"name\":\"Comment\",\"target\":[\"https:\/\/noticiasya.com\/2024\/09\/08\/salida-edmundo-gonzalez-decisiones-urgencia-vida-orix\/#respond\"]}]},{\"@type\":\"WebPage\",\"@id\":\"https:\/\/noticiasya.com\/2024\/09\/08\/salida-edmundo-gonzalez-decisiones-urgencia-vida-orix\/\",\"url\":\"https:\/\/noticiasya.com\/2024\/09\/08\/salida-edmundo-gonzalez-decisiones-urgencia-vida-orix\/\",\"name\":\"Salida de Edmundo Gonz\u00e1lez a Espa\u00f1a obedeci\u00f3 a \\\"decisiones de urgencia\\\" para preservar su vida y su libertad, dice su abogado a CNN - Noticias\",\"isPartOf\":{\"@id\":\"https:\/\/noticiasya.com\/#website\"},\"datePublished\":\"2024-09-08T20:03:48+00:00\",\"breadcrumb\":{\"@id\":\"https:\/\/noticiasya.com\/2024\/09\/08\/salida-edmundo-gonzalez-decisiones-urgencia-vida-orix\/#breadcrumb\"},\"inLanguage\":\"es\",\"potentialAction\":[{\"@type\":\"ReadAction\",\"target\":[\"https:\/\/noticiasya.com\/2024\/09\/08\/salida-edmundo-gonzalez-decisiones-urgencia-vida-orix\/\"]}]},{\"@type\":\"BreadcrumbList\",\"@id\":\"https:\/\/noticiasya.com\/2024\/09\/08\/salida-edmundo-gonzalez-decisiones-urgencia-vida-orix\/#breadcrumb\",\"itemListElement\":[{\"@type\":\"ListItem\",\"position\":1,\"name\":\"Home\",\"item\":\"https:\/\/noticiasya.com\/\"},{\"@type\":\"ListItem\",\"position\":2,\"name\":\"Salida de Edmundo Gonz\u00e1lez a Espa\u00f1a obedeci\u00f3 a &#171;decisiones de urgencia&#187; para preservar su vida y su libertad, dice su abogado a CNN\"}]},{\"@type\":\"WebSite\",\"@id\":\"https:\/\/noticiasya.com\/#website\",\"url\":\"https:\/\/noticiasya.com\/\",\"name\":\"Noticias\",\"description\":\"Lo que importa\",\"publisher\":{\"@id\":\"https:\/\/noticiasya.com\/#organization\"},\"potentialAction\":[{\"@type\":\"SearchAction\",\"target\":{\"@type\":\"EntryPoint\",\"urlTemplate\":\"https:\/\/noticiasya.com\/?s={search_term_string}\"},\"query-input\":{\"@type\":\"PropertyValueSpecification\",\"valueRequired\":true,\"valueName\":\"search_term_string\"}}],\"inLanguage\":\"es\"},{\"@type\":\"Organization\",\"@id\":\"https:\/\/noticiasya.com\/#organization\",\"name\":\"Noticias\",\"url\":\"https:\/\/noticiasya.com\/\",\"logo\":{\"@type\":\"ImageObject\",\"inLanguage\":\"es\",\"@id\":\"https:\/\/noticiasya.com\/#\/schema\/logo\/image\/\",\"url\":\"https:\/\/noticiasya.com\/wp-content\/uploads\/sites\/22\/2023\/12\/logo-nacional.png\",\"contentUrl\":\"https:\/\/noticiasya.com\/wp-content\/uploads\/sites\/22\/2023\/12\/logo-nacional.png\",\"width\":1801,\"height\":691,\"caption\":\"Noticias\"},\"image\":{\"@id\":\"https:\/\/noticiasya.com\/#\/schema\/logo\/image\/\"}}]}<\/script>\n<!-- \/ Yoast SEO plugin. -->","yoast_head_json":{"title":"Salida de Edmundo Gonz\u00e1lez a Espa\u00f1a obedeci\u00f3 a \"decisiones de urgencia\" para preservar su vida y su libertad, dice su abogado a CNN - Noticias","robots":{"index":"index","follow":"follow","max-snippet":"max-snippet:-1","max-image-preview":"max-image-preview:large","max-video-preview":"max-video-preview:-1"},"canonical":"https:\/\/noticiasya.com\/2024\/09\/08\/salida-edmundo-gonzalez-decisiones-urgencia-vida-orix\/","og_locale":"es_ES","og_type":"article","og_title":"Salida de Edmundo Gonz\u00e1lez a Espa\u00f1a obedeci\u00f3 a \"decisiones de urgencia\" para preservar su vida y su libertad, dice su abogado a CNN - Noticias","og_description":"(CNN Espa\u00f1ol) \u2013\u2013 La decisi\u00f3n del candidato presidencial opositor Edmundo Gonz\u00e1lez Urrutia de salir de Venezuela y buscar asilo pol\u00edtico en Espa\u00f1a obedeci\u00f3 a &#171;decisiones de urgencia&#187; que tom\u00f3 en cuesti\u00f3n de horas para preservar su vida, su libertad, y para garantizar el bienestar de su familia, dijo a CNN este domingo su abogado, Jos\u00e9 [&hellip;]","og_url":"https:\/\/noticiasya.com\/2024\/09\/08\/salida-edmundo-gonzalez-decisiones-urgencia-vida-orix\/","og_site_name":"Noticias","article_published_time":"2024-09-08T20:03:48+00:00","twitter_card":"summary_large_image","twitter_misc":{"Est. reading time":"4 minutos"},"schema":{"@context":"https:\/\/schema.org","@graph":[{"@type":"Article","@id":"https:\/\/noticiasya.com\/2024\/09\/08\/salida-edmundo-gonzalez-decisiones-urgencia-vida-orix\/#article","isPartOf":{"@id":"https:\/\/noticiasya.com\/2024\/09\/08\/salida-edmundo-gonzalez-decisiones-urgencia-vida-orix\/"},"author":{"name":"","@id":""},"headline":"Salida de Edmundo Gonz\u00e1lez a Espa\u00f1a obedeci\u00f3 a &#171;decisiones de urgencia&#187; para preservar su vida y su libertad, dice su abogado a CNN","datePublished":"2024-09-08T20:03:48+00:00","mainEntityOfPage":{"@id":"https:\/\/noticiasya.com\/2024\/09\/08\/salida-edmundo-gonzalez-decisiones-urgencia-vida-orix\/"},"wordCount":808,"commentCount":0,"publisher":{"@id":"https:\/\/noticiasya.com\/#organization"},"articleSection":["Noticias Nacionales"],"inLanguage":"es","potentialAction":[{"@type":"CommentAction","name":"Comment","target":["https:\/\/noticiasya.com\/2024\/09\/08\/salida-edmundo-gonzalez-decisiones-urgencia-vida-orix\/#respond"]}]},{"@type":"WebPage","@id":"https:\/\/noticiasya.com\/2024\/09\/08\/salida-edmundo-gonzalez-decisiones-urgencia-vida-orix\/","url":"https:\/\/noticiasya.com\/2024\/09\/08\/salida-edmundo-gonzalez-decisiones-urgencia-vida-orix\/","name":"Salida de Edmundo Gonz\u00e1lez a Espa\u00f1a obedeci\u00f3 a \"decisiones de urgencia\" para preservar su vida y su libertad, dice su abogado a CNN - Noticias","isPartOf":{"@id":"https:\/\/noticiasya.com\/#website"},"datePublished":"2024-09-08T20:03:48+00:00","breadcrumb":{"@id":"https:\/\/noticiasya.com\/2024\/09\/08\/salida-edmundo-gonzalez-decisiones-urgencia-vida-orix\/#breadcrumb"},"inLanguage":"es","potentialAction":[{"@type":"ReadAction","target":["https:\/\/noticiasya.com\/2024\/09\/08\/salida-edmundo-gonzalez-decisiones-urgencia-vida-orix\/"]}]},{"@type":"BreadcrumbList","@id":"https:\/\/noticiasya.com\/2024\/09\/08\/salida-edmundo-gonzalez-decisiones-urgencia-vida-orix\/#breadcrumb","itemListElement":[{"@type":"ListItem","position":1,"name":"Home","item":"https:\/\/noticiasya.com\/"},{"@type":"ListItem","position":2,"name":"Salida de Edmundo Gonz\u00e1lez a Espa\u00f1a obedeci\u00f3 a &#171;decisiones de urgencia&#187; para preservar su vida y su libertad, dice su abogado a CNN"}]},{"@type":"WebSite","@id":"https:\/\/noticiasya.com\/#website","url":"https:\/\/noticiasya.com\/","name":"Noticias","description":"Lo que importa","publisher":{"@id":"https:\/\/noticiasya.com\/#organization"},"potentialAction":[{"@type":"SearchAction","target":{"@type":"EntryPoint","urlTemplate":"https:\/\/noticiasya.com\/?s={search_term_string}"},"query-input":{"@type":"PropertyValueSpecification","valueRequired":true,"valueName":"search_term_string"}}],"inLanguage":"es"},{"@type":"Organization","@id":"https:\/\/noticiasya.com\/#organization","name":"Noticias","url":"https:\/\/noticiasya.com\/","logo":{"@type":"ImageObject","inLanguage":"es","@id":"https:\/\/noticiasya.com\/#\/schema\/logo\/image\/","url":"https:\/\/noticiasya.com\/wp-content\/uploads\/sites\/22\/2023\/12\/logo-nacional.png","contentUrl":"https:\/\/noticiasya.com\/wp-content\/uploads\/sites\/22\/2023\/12\/logo-nacional.png","width":1801,"height":691,"caption":"Noticias"},"image":{"@id":"https:\/\/noticiasya.com\/#\/schema\/logo\/image\/"}}]}},"parsely":{"version":"1.1.0","canonical_url":"https:\/\/noticiasya.com\/el-valle\/2024\/09\/08\/salida-edmundo-gonzalez-decisiones-urgencia-vida-orix\/","smart_links":{"inbound":0,"outbound":0},"traffic_boost_suggestions_count":0,"meta":{"@context":"https:\/\/schema.org","@type":"NewsArticle","headline":"Salida de Edmundo Gonz\u00e1lez a Espa\u00f1a obedeci\u00f3 a &#171;decisiones de urgencia&#187; para preservar su vida y su libertad, dice su abogado a CNN","url":"http:\/\/noticiasya.com\/el-valle\/2024\/09\/08\/salida-edmundo-gonzalez-decisiones-urgencia-vida-orix\/","mainEntityOfPage":{"@type":"WebPage","@id":"http:\/\/noticiasya.com\/el-valle\/2024\/09\/08\/salida-edmundo-gonzalez-decisiones-urgencia-vida-orix\/"},"thumbnailUrl":"","image":{"@type":"ImageObject","url":""},"articleSection":"Noticias Nacionales","author":[],"creator":[],"publisher":{"@type":"Organization","name":"Noticias","logo":""},"keywords":[],"dateCreated":"2024-09-08T20:03:48Z","datePublished":"2024-09-08T20:03:48Z","dateModified":"2024-09-08T20:03:48Z"},"rendered":"<script type=\"application\/ld+json\" class=\"wp-parsely-metadata\">{\"@context\":\"https:\\\/\\\/schema.org\",\"@type\":\"NewsArticle\",\"headline\":\"Salida de Edmundo Gonz\\u00e1lez a Espa\\u00f1a obedeci\\u00f3 a &#171;decisiones de urgencia&#187; para preservar su vida y su libertad, dice su abogado a CNN\",\"url\":\"http:\\\/\\\/noticiasya.com\\\/el-valle\\\/2024\\\/09\\\/08\\\/salida-edmundo-gonzalez-decisiones-urgencia-vida-orix\\\/\",\"mainEntityOfPage\":{\"@type\":\"WebPage\",\"@id\":\"http:\\\/\\\/noticiasya.com\\\/el-valle\\\/2024\\\/09\\\/08\\\/salida-edmundo-gonzalez-decisiones-urgencia-vida-orix\\\/\"},\"thumbnailUrl\":\"\",\"image\":{\"@type\":\"ImageObject\",\"url\":\"\"},\"articleSection\":\"Noticias Nacionales\",\"author\":[],\"creator\":[],\"publisher\":{\"@type\":\"Organization\",\"name\":\"Noticias\",\"logo\":\"\"},\"keywords\":[],\"dateCreated\":\"2024-09-08T20:03:48Z\",\"datePublished\":\"2024-09-08T20:03:48Z\",\"dateModified\":\"2024-09-08T20:03:48Z\"}<\/script>","tracker_url":"https:\/\/cdn.parsely.com\/keys\/noticiasya.com\/p.js"},"jetpack_featured_media_url":"","jetpack-related-posts":[{"id":1452554,"url":"https:\/\/noticiasya.com\/el-valle\/2024\/09\/09\/edmundo-gonzalez-decision-venezuela-espana-asilo-orix\/","url_meta":{"origin":1452529,"position":0},"title":"Edmundo Gonzalez, del dicho al hecho. \u00bfC\u00f3mo se precipit\u00f3 su decisi\u00f3n de pedir asilo en Espa\u00f1a?","author":"","date":"septiembre 9, 2024","format":false,"excerpt":"(CNN Espa\u00f1ol) - -En la medianoche de este s\u00e1bado, una noticia sorprendi\u00f3 a los venezolanos: Edmundo Gonz\u00e1lez Urrutia, candidato opositor a la presidencia, estaba en un avi\u00f3n con destino a Espa\u00f1a.Fue la vicepresidenta ejecutiva del pa\u00eds, Delcy Rodr\u00edguez, qui\u00e9n difundi\u00f3 esta informaci\u00f3n en Instagram, en un mensaje en el que\u2026","rel":"","context":"In &quot;Noticias Nacionales&quot;","block_context":{"text":"Noticias Nacionales","link":"https:\/\/noticiasya.com\/el-valle\/categoria\/noticias-nacionales"},"img":{"alt_text":"","src":"","width":0,"height":0},"classes":[]},{"id":1452535,"url":"https:\/\/noticiasya.com\/el-valle\/2024\/09\/08\/fiscal-venezuela-caso-gonzalez-cerrado-salida-trax\/","url_meta":{"origin":1452529,"position":1},"title":"Fiscal general de Venezuela dice que caso contra Gonz\u00e1lez ser\u00e1 cerrado tras su salida del pa\u00eds","author":"","date":"septiembre 8, 2024","format":false,"excerpt":"(CNN) \u2013\u2013 El fiscal general de Venezuela, Tarek William Saab, dijo este domingo que el caso contra el opositor Edmundo Gonz\u00e1lez ser\u00e1 cerrado, luego de que el excandidato presidencial saliera a Espa\u00f1a, donde solicit\u00f3 asilo.Saab dijo que la salida de Gonz\u00e1lez del pa\u00eds trae un \u201ccambio\u201d al proceso judicial en\u2026","rel":"","context":"In &quot;Noticias Nacionales&quot;","block_context":{"text":"Noticias Nacionales","link":"https:\/\/noticiasya.com\/el-valle\/categoria\/noticias-nacionales"},"img":{"alt_text":"","src":"","width":0,"height":0},"classes":[]},{"id":1452393,"url":"https:\/\/noticiasya.com\/el-valle\/2024\/09\/03\/edmundo-gonzalez-resguardo-no-buscara-asilo-orden-arresto-orix\/","url_meta":{"origin":1452529,"position":2},"title":"Edmundo Gonz\u00e1lez sigue a resguardo y no buscar\u00e1 asilo frente a la orden de arresto en su contra, dice su abogado","author":"","date":"septiembre 3, 2024","format":false,"excerpt":"(CNN Espa\u00f1ol) --\u00a0El candidato presidencial opositor Edmundo Gonz\u00e1lez Urrutia permanece en una locaci\u00f3n no revelada a resguardo, ante la orden de arresto que emiti\u00f3 en su contra un Tribunal de Venezuela a petici\u00f3n del Ministerio P\u00fablico, inform\u00f3 el abogado del candidato, Jos\u00e9 Vicente Haro.El letrado agreg\u00f3 que en el domicilio\u2026","rel":"","context":"In &quot;Noticias Nacionales&quot;","block_context":{"text":"Noticias Nacionales","link":"https:\/\/noticiasya.com\/el-valle\/categoria\/noticias-nacionales"},"img":{"alt_text":"","src":"","width":0,"height":0},"classes":[]},{"id":1452437,"url":"https:\/\/noticiasya.com\/el-valle\/2024\/09\/04\/abogado-edmundo-gonzalez-pide-garantias-esposa-venezuela-orix\/","url_meta":{"origin":1452529,"position":3},"title":"El abogado de Edmundo Gonz\u00e1lez pide a la Fiscal\u00eda de Venezuela \u201cdebidas garant\u00edas\u201d para la esposa del candidato","author":"","date":"septiembre 4, 2024","format":false,"excerpt":"(CNN Espa\u00f1ol) --\u00a0El abogado de Edmundo Gonz\u00e1lez Urrutia, candidato presidencial de la Mesa de la Unidad Democr\u00e1tica (MUD), Jos\u00e9 Vicente Haro, pidi\u00f3 a la Fiscal\u00eda de Venezuela dar \u201cdebidas garant\u00edas\u201d para que no act\u00fae contra Mercedes de Gonz\u00e1lez Urrutia, esposa del exembajador, como parte de las acciones penales que la\u2026","rel":"","context":"In &quot;Noticias Nacionales&quot;","block_context":{"text":"Noticias Nacionales","link":"https:\/\/noticiasya.com\/el-valle\/categoria\/noticias-nacionales"},"img":{"alt_text":"","src":"","width":0,"height":0},"classes":[]},{"id":1452862,"url":"https:\/\/noticiasya.com\/el-valle\/2024\/09\/19\/edmundo-gonzalez-niega-coaccionado-espana-venezuela-orix\/","url_meta":{"origin":1452529,"position":4},"title":"Edmundo Gonz\u00e1lez niega haber sido coaccionado por funcionarios de Espa\u00f1a y agradece las gestiones para su salida de Venezuela","author":"","date":"septiembre 19, 2024","format":false,"excerpt":"(CNN Espa\u00f1ol) --\u00a0El candidato presidencial de la mayor\u00eda opositora venezolana, Edmundo Gonz\u00e1lez Urrutia, neg\u00f3 este jueves haber sido coaccionado por funcionarios de Espa\u00f1a cuando estuvo en la embajada de ese pa\u00eds en Caracas, como se\u00f1al\u00f3 el l\u00edder del opositor Partido Popular espa\u00f1ol (PP), Alberto N\u00fa\u00f1ez Feij\u00f3o.\u201cNo he sido coaccionado ni\u2026","rel":"","context":"In &quot;Noticias Nacionales&quot;","block_context":{"text":"Noticias Nacionales","link":"https:\/\/noticiasya.com\/el-valle\/categoria\/noticias-nacionales"},"img":{"alt_text":"","src":"","width":0,"height":0},"classes":[]},{"id":1452578,"url":"https:\/\/noticiasya.com\/el-valle\/2024\/09\/10\/maduro-dice-respeta-decision-gonzalez-urrutia-salir-venezuela-pedir-asilo-espana-orix\/","url_meta":{"origin":1452529,"position":5},"title":"Maduro dice que \u201crespeta\u201d decisi\u00f3n de Gonz\u00e1lez Urrutia de salir de Venezuela y pedir asilo en Espa\u00f1a","author":"","date":"septiembre 10, 2024","format":false,"excerpt":"(CNN Espa\u00f1ol) -- El presidente de Venezuela, Nicol\u00e1s Maduro, dijo este lunes que respeta la decisi\u00f3n del l\u00edder opositor Edmundo Gonz\u00e1lez Urrutia de salir de Venezuela y pedir asilo en Espa\u00f1a.\"Yo le puedo decir al embajador Gonz\u00e1lez Urrutia con el cual he confrontado duro despu\u00e9s del 29 de julio, que\u2026","rel":"","context":"In &quot;Noticias Nacionales&quot;","block_context":{"text":"Noticias Nacionales","link":"https:\/\/noticiasya.com\/el-valle\/categoria\/noticias-nacionales"},"img":{"alt_text":"","src":"","width":0,"height":0},"classes":[]}],"jetpack_sharing_enabled":true,"_links":{"self":[{"href":"https:\/\/noticiasya.com\/el-valle\/wp-json\/wp\/v2\/posts\/1452529","targetHints":{"allow":["GET"]}}],"collection":[{"href":"https:\/\/noticiasya.com\/el-valle\/wp-json\/wp\/v2\/posts"}],"about":[{"href":"https:\/\/noticiasya.com\/el-valle\/wp-json\/wp\/v2\/types\/post"}],"replies":[{"embeddable":true,"href":"https:\/\/noticiasya.com\/el-valle\/wp-json\/wp\/v2\/comments?post=1452529"}],"version-history":[{"count":0,"href":"https:\/\/noticiasya.com\/el-valle\/wp-json\/wp\/v2\/posts\/1452529\/revisions"}],"wp:attachment":[{"href":"https:\/\/noticiasya.com\/el-valle\/wp-json\/wp\/v2\/media?parent=1452529"}],"wp:term":[{"taxonomy":"category","embeddable":true,"href":"https:\/\/noticiasya.com\/el-valle\/wp-json\/wp\/v2\/categories?post=1452529"},{"taxonomy":"post_tag","embeddable":true,"href":"https:\/\/noticiasya.com\/el-valle\/wp-json\/wp\/v2\/tags?post=1452529"}],"curies":[{"name":"wp","href":"https:\/\/api.w.org\/{rel}","templated":true}]}}