{"id":1452535,"date":"2024-09-08T19:03:42","date_gmt":"2024-09-09T02:03:42","guid":{"rendered":"https:\/\/noticiasya.com\/2024\/09\/08\/fiscal-venezuela-caso-gonzalez-cerrado-salida-trax\/"},"modified":"2024-09-08T19:03:42","modified_gmt":"2024-09-09T02:03:42","slug":"fiscal-venezuela-caso-gonzalez-cerrado-salida-trax","status":"publish","type":"post","link":"https:\/\/noticiasya.com\/el-valle\/2024\/09\/08\/fiscal-venezuela-caso-gonzalez-cerrado-salida-trax\/","title":{"rendered":"Fiscal general de Venezuela dice que caso contra Gonz\u00e1lez ser\u00e1 cerrado tras su salida del pa\u00eds"},"content":{"rendered":"<p>(CNN) \u2013\u2013 El fiscal general de Venezuela, Tarek William Saab, dijo este domingo que el caso contra el opositor Edmundo Gonz\u00e1lez ser\u00e1 cerrado, luego de que el excandidato presidencial saliera a Espa\u00f1a, donde solicit\u00f3 asilo.<\/p>\n<p>Saab dijo que la salida de Gonz\u00e1lez del pa\u00eds trae un \u201ccambio\u201d al proceso judicial en su contra en Venezuela por presuntos delitos asociados al terrorismo. Gonz\u00e1lez ha negado las acusaciones.<\/p>\n<p>\u201cEsto trae un cambio en el estatus procesal que est\u00e1 evaluando el fiscal\u201d, dijo Saab en entrevista con Ana Mar\u00eda Mej\u00eda de CNN.<\/p>\n<p>Edmundo Gonz\u00e1lez dej\u00f3 Venezuela por hostigamiento, dice Antonio Ledezma<\/p>\n<p>\u201cNosotros, con el apoderado judicial de Gonz\u00e1lez Urrutia, Jos\u00e9 Vicente Haro, en las pr\u00f3ximas horas, en los pr\u00f3ximos d\u00edas estableceremos la forma, tiempo, modo y lugar de c\u00f3mo ese caso va a quedar de alguna forma cerrado judicialmente\u201d, afirm\u00f3, y agreg\u00f3 que el resultado ser\u00e1 en estricto apego a la ley venezolana.<\/p>\n<p>Saab dijo que Gonz\u00e1lez solicit\u00f3 un salvoconducto directamente al fiscal general en una carta, lo que le permiti\u00f3 viajar a Espa\u00f1a.<\/p>\n<p>\u00bfQui\u00e9n es la cara de la oposici\u00f3n en Venezuela seg\u00fan William Saab? 3:47<\/p>\n<p>Cuando se le pregunt\u00f3 sobre la \u201ccoerci\u00f3n y amenazas\u201d que Gonz\u00e1lez dijo que llevaron a su decisi\u00f3n de solicitar asilo en Espa\u00f1a, Saab dijo que la presi\u00f3n y las amenazas vinieron de la l\u00edder opositora Mar\u00eda Corina Machado.<\/p>\n<p>\u201cGonz\u00e1lez fue v\u00edctima de presiones de su partido que lo obligaron a tomar decisiones (\u2026) hay una fractura absoluta en esa oposici\u00f3n extremista\u201d.<\/p>\n<p>CNN se comunic\u00f3 con Mar\u00eda Corina Machado para obtener comentarios. En su declaraci\u00f3n anterior, Gonz\u00e1lez no dio m\u00e1s detalles sobre de qui\u00e9n proven\u00edan las amenazas y la coerci\u00f3n, y en qu\u00e9 forma.<\/p>\n<p>Sin dar m\u00e1s detalles ni proporcionar pruebas, el fiscal general tambi\u00e9n dijo que Gonz\u00e1lez fue presionado por su equipo para que no se presentara a su citaci\u00f3n relacionada con la investigaci\u00f3n de los presuntos delitos asociados con las disputadas elecciones presidenciales de julio. Las autoridades venezolanas emitieron una orden de arresto contra Gonz\u00e1lez despu\u00e9s de que no respondiera a tres citaciones relacionadas con la investigaci\u00f3n.<\/p>\n<p>Minutos despu\u00e9s, el abogado de Gonz\u00e1lez dijo que esto no era cierto. \u201cDe ninguna manera eso sucedi\u00f3\u201d, dijo Jos\u00e9 Vicente Haro a CNN.<\/p>\n<p>William Saab niega que Corina Machado sea la cara de la oposici\u00f3n<\/p>\n<p>\u201cNuestra decisi\u00f3n hab\u00eda sido no comparecer ni a la citaci\u00f3n n\u00famero uno, ni a la citaci\u00f3n n\u00famero dos, ni a la citaci\u00f3n n\u00famero tres (\u2026) nunca hubo consentimiento para acudir a ese proceso judicial porque, primero, los hechos que se le pretend\u00edan atribuir no eran de naturaleza penal. Segundo, \u00e9l no ha cometido ning\u00fan delito\u201d, dijo el abogado.<\/p>\n<p>Haro reiter\u00f3 que Gonz\u00e1lez estaba lidiando con \u201cpersecuci\u00f3n constante y amenazas\u201d a su vida antes de decidir pedir asilo en Espa\u00f1a y dijo que la salida de su cliente no significa que reconozca los resultados publicados por el Consejo Nacional Electoral (CNE) de ese pa\u00eds, que declar\u00f3 a Nicol\u00e1s Maduro ganador de las elecciones presidenciales.<\/p>\n<p>El abogado dijo que el proceso de asilo de Gonz\u00e1lez en Espa\u00f1a es muy meticuloso administrativamente y que podr\u00eda tardar hasta una semana en completarse.<\/p>\n<p>The-CNN-Wire<br \/>&trade; &amp; &copy; 2024 Cable News Network, Inc., a Warner Bros. Discovery Company. All rights reserved.<\/p>\n","protected":false},"excerpt":{"rendered":"<p>(CNN) \u2013\u2013 El fiscal general de Venezuela, Tarek William Saab, dijo este domingo que el caso contra el opositor Edmundo Gonz\u00e1lez ser\u00e1 cerrado, luego de que el excandidato presidencial saliera a Espa\u00f1a, donde solicit\u00f3 asilo. Saab dijo que la salida de Gonz\u00e1lez del pa\u00eds trae un \u201ccambio\u201d al proceso judicial en su contra en Venezuela [&hellip;]<\/p>\n","protected":false},"author":0,"featured_media":0,"comment_status":"open","ping_status":"open","sticky":false,"template":"","format":"standard","meta":{"_jetpack_memberships_contains_paid_content":false,"footnotes":""},"categories":[10],"tags":[],"class_list":["post-1452535","post","type-post","status-publish","format-standard","hentry","category-noticias-nacionales","market-global"],"yoast_head":"<!-- This site is optimized with the Yoast SEO plugin v24.4 - https:\/\/yoast.com\/wordpress\/plugins\/seo\/ -->\n<title>Fiscal general de Venezuela dice que caso contra Gonz\u00e1lez ser\u00e1 cerrado tras su salida del pa\u00eds - Noticias<\/title>\n<meta name=\"robots\" content=\"index, follow, max-snippet:-1, max-image-preview:large, max-video-preview:-1\" \/>\n<link rel=\"canonical\" href=\"https:\/\/noticiasya.com\/2024\/09\/08\/fiscal-venezuela-caso-gonzalez-cerrado-salida-trax\/\" \/>\n<meta property=\"og:locale\" content=\"es_ES\" \/>\n<meta property=\"og:type\" content=\"article\" \/>\n<meta property=\"og:title\" content=\"Fiscal general de Venezuela dice que caso contra Gonz\u00e1lez ser\u00e1 cerrado tras su salida del pa\u00eds - Noticias\" \/>\n<meta property=\"og:description\" content=\"(CNN) \u2013\u2013 El fiscal general de Venezuela, Tarek William Saab, dijo este domingo que el caso contra el opositor Edmundo Gonz\u00e1lez ser\u00e1 cerrado, luego de que el excandidato presidencial saliera a Espa\u00f1a, donde solicit\u00f3 asilo. Saab dijo que la salida de Gonz\u00e1lez del pa\u00eds trae un \u201ccambio\u201d al proceso judicial en su contra en Venezuela [&hellip;]\" \/>\n<meta property=\"og:url\" content=\"https:\/\/noticiasya.com\/2024\/09\/08\/fiscal-venezuela-caso-gonzalez-cerrado-salida-trax\/\" \/>\n<meta property=\"og:site_name\" content=\"Noticias\" \/>\n<meta property=\"article:published_time\" content=\"2024-09-09T02:03:42+00:00\" \/>\n<meta name=\"twitter:card\" content=\"summary_large_image\" \/>\n<meta name=\"twitter:label1\" content=\"Est. reading time\" \/>\n\t<meta name=\"twitter:data1\" content=\"3 minutos\" \/>\n<script type=\"application\/ld+json\" class=\"yoast-schema-graph\">{\"@context\":\"https:\/\/schema.org\",\"@graph\":[{\"@type\":\"Article\",\"@id\":\"https:\/\/noticiasya.com\/2024\/09\/08\/fiscal-venezuela-caso-gonzalez-cerrado-salida-trax\/#article\",\"isPartOf\":{\"@id\":\"https:\/\/noticiasya.com\/2024\/09\/08\/fiscal-venezuela-caso-gonzalez-cerrado-salida-trax\/\"},\"author\":{\"name\":\"\",\"@id\":\"\"},\"headline\":\"Fiscal general de Venezuela dice que caso contra Gonz\u00e1lez ser\u00e1 cerrado tras su salida del pa\u00eds\",\"datePublished\":\"2024-09-09T02:03:42+00:00\",\"mainEntityOfPage\":{\"@id\":\"https:\/\/noticiasya.com\/2024\/09\/08\/fiscal-venezuela-caso-gonzalez-cerrado-salida-trax\/\"},\"wordCount\":609,\"commentCount\":0,\"publisher\":{\"@id\":\"https:\/\/noticiasya.com\/#organization\"},\"articleSection\":[\"Noticias Nacionales\"],\"inLanguage\":\"es\",\"potentialAction\":[{\"@type\":\"CommentAction\",\"name\":\"Comment\",\"target\":[\"https:\/\/noticiasya.com\/2024\/09\/08\/fiscal-venezuela-caso-gonzalez-cerrado-salida-trax\/#respond\"]}]},{\"@type\":\"WebPage\",\"@id\":\"https:\/\/noticiasya.com\/2024\/09\/08\/fiscal-venezuela-caso-gonzalez-cerrado-salida-trax\/\",\"url\":\"https:\/\/noticiasya.com\/2024\/09\/08\/fiscal-venezuela-caso-gonzalez-cerrado-salida-trax\/\",\"name\":\"Fiscal general de Venezuela dice que caso contra Gonz\u00e1lez ser\u00e1 cerrado tras su salida del pa\u00eds - Noticias\",\"isPartOf\":{\"@id\":\"https:\/\/noticiasya.com\/#website\"},\"datePublished\":\"2024-09-09T02:03:42+00:00\",\"breadcrumb\":{\"@id\":\"https:\/\/noticiasya.com\/2024\/09\/08\/fiscal-venezuela-caso-gonzalez-cerrado-salida-trax\/#breadcrumb\"},\"inLanguage\":\"es\",\"potentialAction\":[{\"@type\":\"ReadAction\",\"target\":[\"https:\/\/noticiasya.com\/2024\/09\/08\/fiscal-venezuela-caso-gonzalez-cerrado-salida-trax\/\"]}]},{\"@type\":\"BreadcrumbList\",\"@id\":\"https:\/\/noticiasya.com\/2024\/09\/08\/fiscal-venezuela-caso-gonzalez-cerrado-salida-trax\/#breadcrumb\",\"itemListElement\":[{\"@type\":\"ListItem\",\"position\":1,\"name\":\"Home\",\"item\":\"https:\/\/noticiasya.com\/\"},{\"@type\":\"ListItem\",\"position\":2,\"name\":\"Fiscal general de Venezuela dice que caso contra Gonz\u00e1lez ser\u00e1 cerrado tras su salida del pa\u00eds\"}]},{\"@type\":\"WebSite\",\"@id\":\"https:\/\/noticiasya.com\/#website\",\"url\":\"https:\/\/noticiasya.com\/\",\"name\":\"Noticias\",\"description\":\"Lo que importa\",\"publisher\":{\"@id\":\"https:\/\/noticiasya.com\/#organization\"},\"potentialAction\":[{\"@type\":\"SearchAction\",\"target\":{\"@type\":\"EntryPoint\",\"urlTemplate\":\"https:\/\/noticiasya.com\/?s={search_term_string}\"},\"query-input\":{\"@type\":\"PropertyValueSpecification\",\"valueRequired\":true,\"valueName\":\"search_term_string\"}}],\"inLanguage\":\"es\"},{\"@type\":\"Organization\",\"@id\":\"https:\/\/noticiasya.com\/#organization\",\"name\":\"Noticias\",\"url\":\"https:\/\/noticiasya.com\/\",\"logo\":{\"@type\":\"ImageObject\",\"inLanguage\":\"es\",\"@id\":\"https:\/\/noticiasya.com\/#\/schema\/logo\/image\/\",\"url\":\"https:\/\/noticiasya.com\/wp-content\/uploads\/sites\/22\/2023\/12\/logo-nacional.png\",\"contentUrl\":\"https:\/\/noticiasya.com\/wp-content\/uploads\/sites\/22\/2023\/12\/logo-nacional.png\",\"width\":1801,\"height\":691,\"caption\":\"Noticias\"},\"image\":{\"@id\":\"https:\/\/noticiasya.com\/#\/schema\/logo\/image\/\"}}]}<\/script>\n<!-- \/ Yoast SEO plugin. -->","yoast_head_json":{"title":"Fiscal general de Venezuela dice que caso contra Gonz\u00e1lez ser\u00e1 cerrado tras su salida del pa\u00eds - Noticias","robots":{"index":"index","follow":"follow","max-snippet":"max-snippet:-1","max-image-preview":"max-image-preview:large","max-video-preview":"max-video-preview:-1"},"canonical":"https:\/\/noticiasya.com\/2024\/09\/08\/fiscal-venezuela-caso-gonzalez-cerrado-salida-trax\/","og_locale":"es_ES","og_type":"article","og_title":"Fiscal general de Venezuela dice que caso contra Gonz\u00e1lez ser\u00e1 cerrado tras su salida del pa\u00eds - Noticias","og_description":"(CNN) \u2013\u2013 El fiscal general de Venezuela, Tarek William Saab, dijo este domingo que el caso contra el opositor Edmundo Gonz\u00e1lez ser\u00e1 cerrado, luego de que el excandidato presidencial saliera a Espa\u00f1a, donde solicit\u00f3 asilo. Saab dijo que la salida de Gonz\u00e1lez del pa\u00eds trae un \u201ccambio\u201d al proceso judicial en su contra en Venezuela [&hellip;]","og_url":"https:\/\/noticiasya.com\/2024\/09\/08\/fiscal-venezuela-caso-gonzalez-cerrado-salida-trax\/","og_site_name":"Noticias","article_published_time":"2024-09-09T02:03:42+00:00","twitter_card":"summary_large_image","twitter_misc":{"Est. reading time":"3 minutos"},"schema":{"@context":"https:\/\/schema.org","@graph":[{"@type":"Article","@id":"https:\/\/noticiasya.com\/2024\/09\/08\/fiscal-venezuela-caso-gonzalez-cerrado-salida-trax\/#article","isPartOf":{"@id":"https:\/\/noticiasya.com\/2024\/09\/08\/fiscal-venezuela-caso-gonzalez-cerrado-salida-trax\/"},"author":{"name":"","@id":""},"headline":"Fiscal general de Venezuela dice que caso contra Gonz\u00e1lez ser\u00e1 cerrado tras su salida del pa\u00eds","datePublished":"2024-09-09T02:03:42+00:00","mainEntityOfPage":{"@id":"https:\/\/noticiasya.com\/2024\/09\/08\/fiscal-venezuela-caso-gonzalez-cerrado-salida-trax\/"},"wordCount":609,"commentCount":0,"publisher":{"@id":"https:\/\/noticiasya.com\/#organization"},"articleSection":["Noticias Nacionales"],"inLanguage":"es","potentialAction":[{"@type":"CommentAction","name":"Comment","target":["https:\/\/noticiasya.com\/2024\/09\/08\/fiscal-venezuela-caso-gonzalez-cerrado-salida-trax\/#respond"]}]},{"@type":"WebPage","@id":"https:\/\/noticiasya.com\/2024\/09\/08\/fiscal-venezuela-caso-gonzalez-cerrado-salida-trax\/","url":"https:\/\/noticiasya.com\/2024\/09\/08\/fiscal-venezuela-caso-gonzalez-cerrado-salida-trax\/","name":"Fiscal general de Venezuela dice que caso contra Gonz\u00e1lez ser\u00e1 cerrado tras su salida del pa\u00eds - Noticias","isPartOf":{"@id":"https:\/\/noticiasya.com\/#website"},"datePublished":"2024-09-09T02:03:42+00:00","breadcrumb":{"@id":"https:\/\/noticiasya.com\/2024\/09\/08\/fiscal-venezuela-caso-gonzalez-cerrado-salida-trax\/#breadcrumb"},"inLanguage":"es","potentialAction":[{"@type":"ReadAction","target":["https:\/\/noticiasya.com\/2024\/09\/08\/fiscal-venezuela-caso-gonzalez-cerrado-salida-trax\/"]}]},{"@type":"BreadcrumbList","@id":"https:\/\/noticiasya.com\/2024\/09\/08\/fiscal-venezuela-caso-gonzalez-cerrado-salida-trax\/#breadcrumb","itemListElement":[{"@type":"ListItem","position":1,"name":"Home","item":"https:\/\/noticiasya.com\/"},{"@type":"ListItem","position":2,"name":"Fiscal general de Venezuela dice que caso contra Gonz\u00e1lez ser\u00e1 cerrado tras su salida del pa\u00eds"}]},{"@type":"WebSite","@id":"https:\/\/noticiasya.com\/#website","url":"https:\/\/noticiasya.com\/","name":"Noticias","description":"Lo que importa","publisher":{"@id":"https:\/\/noticiasya.com\/#organization"},"potentialAction":[{"@type":"SearchAction","target":{"@type":"EntryPoint","urlTemplate":"https:\/\/noticiasya.com\/?s={search_term_string}"},"query-input":{"@type":"PropertyValueSpecification","valueRequired":true,"valueName":"search_term_string"}}],"inLanguage":"es"},{"@type":"Organization","@id":"https:\/\/noticiasya.com\/#organization","name":"Noticias","url":"https:\/\/noticiasya.com\/","logo":{"@type":"ImageObject","inLanguage":"es","@id":"https:\/\/noticiasya.com\/#\/schema\/logo\/image\/","url":"https:\/\/noticiasya.com\/wp-content\/uploads\/sites\/22\/2023\/12\/logo-nacional.png","contentUrl":"https:\/\/noticiasya.com\/wp-content\/uploads\/sites\/22\/2023\/12\/logo-nacional.png","width":1801,"height":691,"caption":"Noticias"},"image":{"@id":"https:\/\/noticiasya.com\/#\/schema\/logo\/image\/"}}]}},"parsely":{"version":"1.1.0","canonical_url":"https:\/\/noticiasya.com\/el-valle\/2024\/09\/08\/fiscal-venezuela-caso-gonzalez-cerrado-salida-trax\/","smart_links":{"inbound":0,"outbound":0},"traffic_boost_suggestions_count":0,"meta":{"@context":"https:\/\/schema.org","@type":"NewsArticle","headline":"Fiscal general de Venezuela dice que caso contra Gonz\u00e1lez ser\u00e1 cerrado tras su salida del pa\u00eds","url":"http:\/\/noticiasya.com\/el-valle\/2024\/09\/08\/fiscal-venezuela-caso-gonzalez-cerrado-salida-trax\/","mainEntityOfPage":{"@type":"WebPage","@id":"http:\/\/noticiasya.com\/el-valle\/2024\/09\/08\/fiscal-venezuela-caso-gonzalez-cerrado-salida-trax\/"},"thumbnailUrl":"","image":{"@type":"ImageObject","url":""},"articleSection":"Noticias Nacionales","author":[],"creator":[],"publisher":{"@type":"Organization","name":"Noticias","logo":""},"keywords":[],"dateCreated":"2024-09-09T02:03:42Z","datePublished":"2024-09-09T02:03:42Z","dateModified":"2024-09-09T02:03:42Z"},"rendered":"<script type=\"application\/ld+json\" class=\"wp-parsely-metadata\">{\"@context\":\"https:\\\/\\\/schema.org\",\"@type\":\"NewsArticle\",\"headline\":\"Fiscal general de Venezuela dice que caso contra Gonz\\u00e1lez ser\\u00e1 cerrado tras su salida del pa\\u00eds\",\"url\":\"http:\\\/\\\/noticiasya.com\\\/el-valle\\\/2024\\\/09\\\/08\\\/fiscal-venezuela-caso-gonzalez-cerrado-salida-trax\\\/\",\"mainEntityOfPage\":{\"@type\":\"WebPage\",\"@id\":\"http:\\\/\\\/noticiasya.com\\\/el-valle\\\/2024\\\/09\\\/08\\\/fiscal-venezuela-caso-gonzalez-cerrado-salida-trax\\\/\"},\"thumbnailUrl\":\"\",\"image\":{\"@type\":\"ImageObject\",\"url\":\"\"},\"articleSection\":\"Noticias Nacionales\",\"author\":[],\"creator\":[],\"publisher\":{\"@type\":\"Organization\",\"name\":\"Noticias\",\"logo\":\"\"},\"keywords\":[],\"dateCreated\":\"2024-09-09T02:03:42Z\",\"datePublished\":\"2024-09-09T02:03:42Z\",\"dateModified\":\"2024-09-09T02:03:42Z\"}<\/script>","tracker_url":"https:\/\/cdn.parsely.com\/keys\/noticiasya.com\/p.js"},"jetpack_featured_media_url":"","jetpack-related-posts":[{"id":1452554,"url":"https:\/\/noticiasya.com\/el-valle\/2024\/09\/09\/edmundo-gonzalez-decision-venezuela-espana-asilo-orix\/","url_meta":{"origin":1452535,"position":0},"title":"Edmundo Gonzalez, del dicho al hecho. \u00bfC\u00f3mo se precipit\u00f3 su decisi\u00f3n de pedir asilo en Espa\u00f1a?","author":"","date":"septiembre 9, 2024","format":false,"excerpt":"(CNN Espa\u00f1ol) - -En la medianoche de este s\u00e1bado, una noticia sorprendi\u00f3 a los venezolanos: Edmundo Gonz\u00e1lez Urrutia, candidato opositor a la presidencia, estaba en un avi\u00f3n con destino a Espa\u00f1a.Fue la vicepresidenta ejecutiva del pa\u00eds, Delcy Rodr\u00edguez, qui\u00e9n difundi\u00f3 esta informaci\u00f3n en Instagram, en un mensaje en el que\u2026","rel":"","context":"In &quot;Noticias Nacionales&quot;","block_context":{"text":"Noticias Nacionales","link":"https:\/\/noticiasya.com\/el-valle\/categoria\/noticias-nacionales"},"img":{"alt_text":"","src":"","width":0,"height":0},"classes":[]},{"id":1452529,"url":"https:\/\/noticiasya.com\/el-valle\/2024\/09\/08\/salida-edmundo-gonzalez-decisiones-urgencia-vida-orix\/","url_meta":{"origin":1452535,"position":1},"title":"Salida de Edmundo Gonz\u00e1lez a Espa\u00f1a obedeci\u00f3 a &#171;decisiones de urgencia&#187; para preservar su vida y su libertad, dice su abogado a CNN","author":"","date":"septiembre 8, 2024","format":false,"excerpt":"(CNN Espa\u00f1ol) \u2013\u2013 La decisi\u00f3n del candidato presidencial opositor Edmundo Gonz\u00e1lez Urrutia de salir de Venezuela y buscar asilo pol\u00edtico en Espa\u00f1a obedeci\u00f3 a \"decisiones de urgencia\" que tom\u00f3 en cuesti\u00f3n de horas para preservar su vida, su libertad, y para garantizar el bienestar de su familia, dijo a CNN\u2026","rel":"","context":"In &quot;Noticias Nacionales&quot;","block_context":{"text":"Noticias Nacionales","link":"https:\/\/noticiasya.com\/el-valle\/categoria\/noticias-nacionales"},"img":{"alt_text":"","src":"","width":0,"height":0},"classes":[]},{"id":1452458,"url":"https:\/\/noticiasya.com\/el-valle\/2024\/09\/05\/sigue-curso-orden-captura-edmundo-gonzalez-fiscal-general-venezuela-orix\/","url_meta":{"origin":1452535,"position":2},"title":"Sigue en curso la orden de captura contra Edmundo Gonz\u00e1lez, inform\u00f3 el fiscal general de Venezuela","author":"","date":"septiembre 5, 2024","format":false,"excerpt":"(CNN Espa\u00f1ol) -- La orden de aprehensi\u00f3n contra Edmundo Gonz\u00e1lez, el candidato presidencial de la Mesa de la Unidad Democr\u00e1tica (MUD), sigue en pie, a pesar del documento que su abogado le entreg\u00f3 el mi\u00e9rcoles al fiscal general de Venezuela, Tarek William Saab, justificando su inasistencia a las citaciones del\u2026","rel":"","context":"In &quot;Noticias Nacionales&quot;","block_context":{"text":"Noticias Nacionales","link":"https:\/\/noticiasya.com\/el-valle\/categoria\/noticias-nacionales"},"img":{"alt_text":"","src":"","width":0,"height":0},"classes":[]},{"id":1452186,"url":"https:\/\/noticiasya.com\/el-valle\/2024\/08\/26\/edmundo-gonzalez-que-puede-pasar-ministerio-publico-orix\/","url_meta":{"origin":1452535,"position":3},"title":"\u00bfQu\u00e9 puede pasar si Edmundo Gonz\u00e1lez no se presenta a las citaciones del Ministerio P\u00fablico?","author":"","date":"agosto 26, 2024","format":false,"excerpt":"(CNN Espa\u00f1ol) -- Edmundo Gonz\u00e1lez Urrutia, candidato presidencial opositor en las elecciones del 28 de julio en Venezuela, fue citado para comparecer ante el Ministerio P\u00fablico, seg\u00fan anunci\u00f3 el 23 de agosto el fiscal general del pa\u00eds, William Tarek Saab.El fiscal general de Venezuela dijo que se citaba a Gonz\u00e1lez\u2026","rel":"","context":"In &quot;Noticias Nacionales&quot;","block_context":{"text":"Noticias Nacionales","link":"https:\/\/noticiasya.com\/el-valle\/categoria\/noticias-nacionales"},"img":{"alt_text":"","src":"","width":0,"height":0},"classes":[]},{"id":1452437,"url":"https:\/\/noticiasya.com\/el-valle\/2024\/09\/04\/abogado-edmundo-gonzalez-pide-garantias-esposa-venezuela-orix\/","url_meta":{"origin":1452535,"position":4},"title":"El abogado de Edmundo Gonz\u00e1lez pide a la Fiscal\u00eda de Venezuela \u201cdebidas garant\u00edas\u201d para la esposa del candidato","author":"","date":"septiembre 4, 2024","format":false,"excerpt":"(CNN Espa\u00f1ol) --\u00a0El abogado de Edmundo Gonz\u00e1lez Urrutia, candidato presidencial de la Mesa de la Unidad Democr\u00e1tica (MUD), Jos\u00e9 Vicente Haro, pidi\u00f3 a la Fiscal\u00eda de Venezuela dar \u201cdebidas garant\u00edas\u201d para que no act\u00fae contra Mercedes de Gonz\u00e1lez Urrutia, esposa del exembajador, como parte de las acciones penales que la\u2026","rel":"","context":"In &quot;Noticias Nacionales&quot;","block_context":{"text":"Noticias Nacionales","link":"https:\/\/noticiasya.com\/el-valle\/categoria\/noticias-nacionales"},"img":{"alt_text":"","src":"","width":0,"height":0},"classes":[]},{"id":1452157,"url":"https:\/\/noticiasya.com\/el-valle\/2024\/08\/26\/actas-son-la-paz-dice-edmundo-gonzalez-ante-citacion-fiscalia-de-venezuela-orix\/","url_meta":{"origin":1452535,"position":5},"title":"Las actas son la paz, dice Edmundo Gonz\u00e1lez ante citaci\u00f3n de la Fiscal\u00eda de Venezuela","author":"","date":"agosto 26, 2024","format":false,"excerpt":"(CNN Espa\u00f1ol) -- Edmundo Gonz\u00e1lez Urrutia, candidato opositor en las elecciones presidenciales del 28 de julio en Venezuela, inform\u00f3 este domingo que no est\u00e1 claro en qu\u00e9 condiciones espera el Ministerio P\u00fablico que comparezca este lunes a la citaci\u00f3n que le hizo la semana pasada.A modo de declaraci\u00f3n p\u00fablica, Gonz\u00e1lez\u2026","rel":"","context":"In &quot;Noticias Nacionales&quot;","block_context":{"text":"Noticias Nacionales","link":"https:\/\/noticiasya.com\/el-valle\/categoria\/noticias-nacionales"},"img":{"alt_text":"","src":"","width":0,"height":0},"classes":[]}],"jetpack_sharing_enabled":true,"_links":{"self":[{"href":"https:\/\/noticiasya.com\/el-valle\/wp-json\/wp\/v2\/posts\/1452535","targetHints":{"allow":["GET"]}}],"collection":[{"href":"https:\/\/noticiasya.com\/el-valle\/wp-json\/wp\/v2\/posts"}],"about":[{"href":"https:\/\/noticiasya.com\/el-valle\/wp-json\/wp\/v2\/types\/post"}],"replies":[{"embeddable":true,"href":"https:\/\/noticiasya.com\/el-valle\/wp-json\/wp\/v2\/comments?post=1452535"}],"version-history":[{"count":0,"href":"https:\/\/noticiasya.com\/el-valle\/wp-json\/wp\/v2\/posts\/1452535\/revisions"}],"wp:attachment":[{"href":"https:\/\/noticiasya.com\/el-valle\/wp-json\/wp\/v2\/media?parent=1452535"}],"wp:term":[{"taxonomy":"category","embeddable":true,"href":"https:\/\/noticiasya.com\/el-valle\/wp-json\/wp\/v2\/categories?post=1452535"},{"taxonomy":"post_tag","embeddable":true,"href":"https:\/\/noticiasya.com\/el-valle\/wp-json\/wp\/v2\/tags?post=1452535"}],"curies":[{"name":"wp","href":"https:\/\/api.w.org\/{rel}","templated":true}]}}