{"id":1452548,"date":"2024-09-09T05:03:46","date_gmt":"2024-09-09T12:03:46","guid":{"rendered":"https:\/\/noticiasya.com\/2024\/09\/09\/apple-keynote-presentacion-iphone-16-cupertino-a-que-hora-y-como-ver-vivo-orix\/"},"modified":"2024-09-09T05:03:46","modified_gmt":"2024-09-09T12:03:46","slug":"apple-keynote-presentacion-iphone-16-cupertino-a-que-hora-y-como-ver-vivo-orix","status":"publish","type":"post","link":"https:\/\/noticiasya.com\/el-valle\/2024\/09\/09\/apple-keynote-presentacion-iphone-16-cupertino-a-que-hora-y-como-ver-vivo-orix\/","title":{"rendered":"Apple Keynote de presentaci\u00f3n del iPhone 16: qu\u00e9 esperar, a qu\u00e9 hora y c\u00f3mo ver en vivo"},"content":{"rendered":"<p>(CNN Espa\u00f1ol) &#8212; Apple llevar\u00e1 a cabo su pr\u00f3ximo gran evento, en el que se espera el lanzamiento del iPhone 16 y otra novedades, este lunes 9 de septiembre. El lema en esta ocasi\u00f3n ser\u00e1 &#171;It&#8217;s Glowtime&#187;.<\/p>\n<p>Aunque es una tradici\u00f3n que Apple realice una conferencia para presentar nuevas tecnolog\u00edas e innovaciones en sus productos, uno de los anuncios m\u00e1s esperados es el \u00faltimo iPhone, que se espera traiga incorporada la inteligencia artificial (IA).<\/p>\n<p>Apple tiene que volver a poner de moda el iPhone; esta es su oportunidad<\/p>\n<p>En junio, al empresa tecnol\u00f3gica anunci\u00f3 una serie de funciones de IA generativa para el iPhone en su Conferencia Mundial de Desarrolladores anual, present\u00f3 el primer lote de herramientas impulsadas por &#171;Apple Intelligence&#187;, desde Genmoji personalizado (el emoji generado por IA de Apple) hasta una Siri significativamente m\u00e1s inteligente, que puede responder preguntas sobre su agenda, qu\u00e9 hay en su correo electr\u00f3nico y a qu\u00e9 hora aterriza el vuelo de su ser querido.<\/p>\n<p>La IA generativa permite que las herramientas creen trabajos escritos, im\u00e1genes e incluso audio en respuesta a las indicaciones de los usuarios.<\/p>\n<p>Tambi\u00e9n se prev\u00e9 que Apple anuncie la asociaci\u00f3n con el creador de ChatGPT, OpenAI, que enfrenta su propio escrutinio y desaf\u00edos.<\/p>\n<p>La combinaci\u00f3n de Siri con el \u00faltimo modelo ChatGPT-4o de OpenAI podr\u00eda permitir al asistente recordar una foto tomada hace a\u00f1os, proporcionar informaci\u00f3n m\u00e1s espec\u00edfica e incluso posiblemente aprender las preferencias y la personalidad del usuario con el tiempo.<\/p>\n<p>Aunque los usuarios del iPhone 15 Pro Max probablemente podr\u00e1n acceder al menos a algunas de las funciones de IA, se espera que el pr\u00f3ximo iPhone 16 sea el primer dispositivo dise\u00f1ado completamente con la IA en mente.<\/p>\n<p>Otras novedades que se epsran son referentes a dispositivos como Apple Watch, Airpods, Apple TV 4K, Vision Pro y nuevos procesadores, botones y funciones.<\/p>\n<p>C\u00f3mo ver el evento y a qu\u00e9 hora<\/p>\n<p>El evento se llevar\u00e1 a cabo en el Steve Jobs Theater en su sede de Apple Park, en Cupertino, California, y se transmitir\u00e1 en l\u00ednea en su cuenta oficial de Youtube.<\/p>\n<p>A continuaci\u00f3n los horarios por pa\u00eds:<\/p>\n<p>Miami, EE.UU: 1 p.m. ET<br \/>\nCupertino, EE.UU: a partir de las 10 a.m<br \/>\nCosta Rica, El Salvador, Guatemala, Honduras y M\u00e9xico: a partir de las 11 a.m.<br \/>\nColombia, Ecuador y Per\u00fa: a partir de las 12 p.m.<br \/>\nPuerto Rico y Santo Domingo: a partir de la 1 p.m.<br \/>\nArgentina, Chile, Paraguay y Uruguay: a partir de las 2 p.m.<\/p>\n<p>Ramishah Maruf contribuy\u00f3 a este informe.<\/p>\n<p>The-CNN-Wire<br \/>&trade; &amp; &copy; 2024 Cable News Network, Inc., a Warner Bros. Discovery Company. All rights reserved.<\/p>\n","protected":false},"excerpt":{"rendered":"<p>(CNN Espa\u00f1ol) &#8212; Apple llevar\u00e1 a cabo su pr\u00f3ximo gran evento, en el que se espera el lanzamiento del iPhone 16 y otra novedades, este lunes 9 de septiembre. El lema en esta ocasi\u00f3n ser\u00e1 &#171;It&#8217;s Glowtime&#187;. Aunque es una tradici\u00f3n que Apple realice una conferencia para presentar nuevas tecnolog\u00edas e innovaciones en sus productos, [&hellip;]<\/p>\n","protected":false},"author":0,"featured_media":0,"comment_status":"open","ping_status":"open","sticky":false,"template":"","format":"standard","meta":{"_jetpack_memberships_contains_paid_content":false,"footnotes":""},"categories":[10],"tags":[],"class_list":["post-1452548","post","type-post","status-publish","format-standard","hentry","category-noticias-nacionales","market-global"],"yoast_head":"<!-- This site is optimized with the Yoast SEO plugin v24.4 - https:\/\/yoast.com\/wordpress\/plugins\/seo\/ -->\n<title>Apple Keynote de presentaci\u00f3n del iPhone 16: qu\u00e9 esperar, a qu\u00e9 hora y c\u00f3mo ver en vivo - Noticias<\/title>\n<meta name=\"robots\" content=\"index, follow, max-snippet:-1, max-image-preview:large, max-video-preview:-1\" \/>\n<link rel=\"canonical\" href=\"https:\/\/noticiasya.com\/2024\/09\/09\/apple-keynote-presentacion-iphone-16-cupertino-a-que-hora-y-como-ver-vivo-orix\/\" \/>\n<meta property=\"og:locale\" content=\"es_ES\" \/>\n<meta property=\"og:type\" content=\"article\" \/>\n<meta property=\"og:title\" content=\"Apple Keynote de presentaci\u00f3n del iPhone 16: qu\u00e9 esperar, a qu\u00e9 hora y c\u00f3mo ver en vivo - Noticias\" \/>\n<meta property=\"og:description\" content=\"(CNN Espa\u00f1ol) &#8212; Apple llevar\u00e1 a cabo su pr\u00f3ximo gran evento, en el que se espera el lanzamiento del iPhone 16 y otra novedades, este lunes 9 de septiembre. El lema en esta ocasi\u00f3n ser\u00e1 &#171;It&#8217;s Glowtime&#187;. Aunque es una tradici\u00f3n que Apple realice una conferencia para presentar nuevas tecnolog\u00edas e innovaciones en sus productos, [&hellip;]\" \/>\n<meta property=\"og:url\" content=\"https:\/\/noticiasya.com\/2024\/09\/09\/apple-keynote-presentacion-iphone-16-cupertino-a-que-hora-y-como-ver-vivo-orix\/\" \/>\n<meta property=\"og:site_name\" content=\"Noticias\" \/>\n<meta property=\"article:published_time\" content=\"2024-09-09T12:03:46+00:00\" \/>\n<meta name=\"twitter:card\" content=\"summary_large_image\" \/>\n<meta name=\"twitter:label1\" content=\"Est. reading time\" \/>\n\t<meta name=\"twitter:data1\" content=\"2 minutos\" \/>\n<script type=\"application\/ld+json\" class=\"yoast-schema-graph\">{\"@context\":\"https:\/\/schema.org\",\"@graph\":[{\"@type\":\"Article\",\"@id\":\"https:\/\/noticiasya.com\/2024\/09\/09\/apple-keynote-presentacion-iphone-16-cupertino-a-que-hora-y-como-ver-vivo-orix\/#article\",\"isPartOf\":{\"@id\":\"https:\/\/noticiasya.com\/2024\/09\/09\/apple-keynote-presentacion-iphone-16-cupertino-a-que-hora-y-como-ver-vivo-orix\/\"},\"author\":{\"name\":\"\",\"@id\":\"\"},\"headline\":\"Apple Keynote de presentaci\u00f3n del iPhone 16: qu\u00e9 esperar, a qu\u00e9 hora y c\u00f3mo ver en vivo\",\"datePublished\":\"2024-09-09T12:03:46+00:00\",\"mainEntityOfPage\":{\"@id\":\"https:\/\/noticiasya.com\/2024\/09\/09\/apple-keynote-presentacion-iphone-16-cupertino-a-que-hora-y-como-ver-vivo-orix\/\"},\"wordCount\":476,\"commentCount\":0,\"publisher\":{\"@id\":\"https:\/\/noticiasya.com\/#organization\"},\"articleSection\":[\"Noticias Nacionales\"],\"inLanguage\":\"es\",\"potentialAction\":[{\"@type\":\"CommentAction\",\"name\":\"Comment\",\"target\":[\"https:\/\/noticiasya.com\/2024\/09\/09\/apple-keynote-presentacion-iphone-16-cupertino-a-que-hora-y-como-ver-vivo-orix\/#respond\"]}]},{\"@type\":\"WebPage\",\"@id\":\"https:\/\/noticiasya.com\/2024\/09\/09\/apple-keynote-presentacion-iphone-16-cupertino-a-que-hora-y-como-ver-vivo-orix\/\",\"url\":\"https:\/\/noticiasya.com\/2024\/09\/09\/apple-keynote-presentacion-iphone-16-cupertino-a-que-hora-y-como-ver-vivo-orix\/\",\"name\":\"Apple Keynote de presentaci\u00f3n del iPhone 16: qu\u00e9 esperar, a qu\u00e9 hora y c\u00f3mo ver en vivo - Noticias\",\"isPartOf\":{\"@id\":\"https:\/\/noticiasya.com\/#website\"},\"datePublished\":\"2024-09-09T12:03:46+00:00\",\"breadcrumb\":{\"@id\":\"https:\/\/noticiasya.com\/2024\/09\/09\/apple-keynote-presentacion-iphone-16-cupertino-a-que-hora-y-como-ver-vivo-orix\/#breadcrumb\"},\"inLanguage\":\"es\",\"potentialAction\":[{\"@type\":\"ReadAction\",\"target\":[\"https:\/\/noticiasya.com\/2024\/09\/09\/apple-keynote-presentacion-iphone-16-cupertino-a-que-hora-y-como-ver-vivo-orix\/\"]}]},{\"@type\":\"BreadcrumbList\",\"@id\":\"https:\/\/noticiasya.com\/2024\/09\/09\/apple-keynote-presentacion-iphone-16-cupertino-a-que-hora-y-como-ver-vivo-orix\/#breadcrumb\",\"itemListElement\":[{\"@type\":\"ListItem\",\"position\":1,\"name\":\"Home\",\"item\":\"https:\/\/noticiasya.com\/\"},{\"@type\":\"ListItem\",\"position\":2,\"name\":\"Apple Keynote de presentaci\u00f3n del iPhone 16: qu\u00e9 esperar, a qu\u00e9 hora y c\u00f3mo ver en vivo\"}]},{\"@type\":\"WebSite\",\"@id\":\"https:\/\/noticiasya.com\/#website\",\"url\":\"https:\/\/noticiasya.com\/\",\"name\":\"Noticias\",\"description\":\"Lo que importa\",\"publisher\":{\"@id\":\"https:\/\/noticiasya.com\/#organization\"},\"potentialAction\":[{\"@type\":\"SearchAction\",\"target\":{\"@type\":\"EntryPoint\",\"urlTemplate\":\"https:\/\/noticiasya.com\/?s={search_term_string}\"},\"query-input\":{\"@type\":\"PropertyValueSpecification\",\"valueRequired\":true,\"valueName\":\"search_term_string\"}}],\"inLanguage\":\"es\"},{\"@type\":\"Organization\",\"@id\":\"https:\/\/noticiasya.com\/#organization\",\"name\":\"Noticias\",\"url\":\"https:\/\/noticiasya.com\/\",\"logo\":{\"@type\":\"ImageObject\",\"inLanguage\":\"es\",\"@id\":\"https:\/\/noticiasya.com\/#\/schema\/logo\/image\/\",\"url\":\"https:\/\/noticiasya.com\/wp-content\/uploads\/sites\/22\/2023\/12\/logo-nacional.png\",\"contentUrl\":\"https:\/\/noticiasya.com\/wp-content\/uploads\/sites\/22\/2023\/12\/logo-nacional.png\",\"width\":1801,\"height\":691,\"caption\":\"Noticias\"},\"image\":{\"@id\":\"https:\/\/noticiasya.com\/#\/schema\/logo\/image\/\"}}]}<\/script>\n<!-- \/ Yoast SEO plugin. -->","yoast_head_json":{"title":"Apple Keynote de presentaci\u00f3n del iPhone 16: qu\u00e9 esperar, a qu\u00e9 hora y c\u00f3mo ver en vivo - Noticias","robots":{"index":"index","follow":"follow","max-snippet":"max-snippet:-1","max-image-preview":"max-image-preview:large","max-video-preview":"max-video-preview:-1"},"canonical":"https:\/\/noticiasya.com\/2024\/09\/09\/apple-keynote-presentacion-iphone-16-cupertino-a-que-hora-y-como-ver-vivo-orix\/","og_locale":"es_ES","og_type":"article","og_title":"Apple Keynote de presentaci\u00f3n del iPhone 16: qu\u00e9 esperar, a qu\u00e9 hora y c\u00f3mo ver en vivo - Noticias","og_description":"(CNN Espa\u00f1ol) &#8212; Apple llevar\u00e1 a cabo su pr\u00f3ximo gran evento, en el que se espera el lanzamiento del iPhone 16 y otra novedades, este lunes 9 de septiembre. El lema en esta ocasi\u00f3n ser\u00e1 &#171;It&#8217;s Glowtime&#187;. Aunque es una tradici\u00f3n que Apple realice una conferencia para presentar nuevas tecnolog\u00edas e innovaciones en sus productos, [&hellip;]","og_url":"https:\/\/noticiasya.com\/2024\/09\/09\/apple-keynote-presentacion-iphone-16-cupertino-a-que-hora-y-como-ver-vivo-orix\/","og_site_name":"Noticias","article_published_time":"2024-09-09T12:03:46+00:00","twitter_card":"summary_large_image","twitter_misc":{"Est. reading time":"2 minutos"},"schema":{"@context":"https:\/\/schema.org","@graph":[{"@type":"Article","@id":"https:\/\/noticiasya.com\/2024\/09\/09\/apple-keynote-presentacion-iphone-16-cupertino-a-que-hora-y-como-ver-vivo-orix\/#article","isPartOf":{"@id":"https:\/\/noticiasya.com\/2024\/09\/09\/apple-keynote-presentacion-iphone-16-cupertino-a-que-hora-y-como-ver-vivo-orix\/"},"author":{"name":"","@id":""},"headline":"Apple Keynote de presentaci\u00f3n del iPhone 16: qu\u00e9 esperar, a qu\u00e9 hora y c\u00f3mo ver en vivo","datePublished":"2024-09-09T12:03:46+00:00","mainEntityOfPage":{"@id":"https:\/\/noticiasya.com\/2024\/09\/09\/apple-keynote-presentacion-iphone-16-cupertino-a-que-hora-y-como-ver-vivo-orix\/"},"wordCount":476,"commentCount":0,"publisher":{"@id":"https:\/\/noticiasya.com\/#organization"},"articleSection":["Noticias Nacionales"],"inLanguage":"es","potentialAction":[{"@type":"CommentAction","name":"Comment","target":["https:\/\/noticiasya.com\/2024\/09\/09\/apple-keynote-presentacion-iphone-16-cupertino-a-que-hora-y-como-ver-vivo-orix\/#respond"]}]},{"@type":"WebPage","@id":"https:\/\/noticiasya.com\/2024\/09\/09\/apple-keynote-presentacion-iphone-16-cupertino-a-que-hora-y-como-ver-vivo-orix\/","url":"https:\/\/noticiasya.com\/2024\/09\/09\/apple-keynote-presentacion-iphone-16-cupertino-a-que-hora-y-como-ver-vivo-orix\/","name":"Apple Keynote de presentaci\u00f3n del iPhone 16: qu\u00e9 esperar, a qu\u00e9 hora y c\u00f3mo ver en vivo - Noticias","isPartOf":{"@id":"https:\/\/noticiasya.com\/#website"},"datePublished":"2024-09-09T12:03:46+00:00","breadcrumb":{"@id":"https:\/\/noticiasya.com\/2024\/09\/09\/apple-keynote-presentacion-iphone-16-cupertino-a-que-hora-y-como-ver-vivo-orix\/#breadcrumb"},"inLanguage":"es","potentialAction":[{"@type":"ReadAction","target":["https:\/\/noticiasya.com\/2024\/09\/09\/apple-keynote-presentacion-iphone-16-cupertino-a-que-hora-y-como-ver-vivo-orix\/"]}]},{"@type":"BreadcrumbList","@id":"https:\/\/noticiasya.com\/2024\/09\/09\/apple-keynote-presentacion-iphone-16-cupertino-a-que-hora-y-como-ver-vivo-orix\/#breadcrumb","itemListElement":[{"@type":"ListItem","position":1,"name":"Home","item":"https:\/\/noticiasya.com\/"},{"@type":"ListItem","position":2,"name":"Apple Keynote de presentaci\u00f3n del iPhone 16: qu\u00e9 esperar, a qu\u00e9 hora y c\u00f3mo ver en vivo"}]},{"@type":"WebSite","@id":"https:\/\/noticiasya.com\/#website","url":"https:\/\/noticiasya.com\/","name":"Noticias","description":"Lo que importa","publisher":{"@id":"https:\/\/noticiasya.com\/#organization"},"potentialAction":[{"@type":"SearchAction","target":{"@type":"EntryPoint","urlTemplate":"https:\/\/noticiasya.com\/?s={search_term_string}"},"query-input":{"@type":"PropertyValueSpecification","valueRequired":true,"valueName":"search_term_string"}}],"inLanguage":"es"},{"@type":"Organization","@id":"https:\/\/noticiasya.com\/#organization","name":"Noticias","url":"https:\/\/noticiasya.com\/","logo":{"@type":"ImageObject","inLanguage":"es","@id":"https:\/\/noticiasya.com\/#\/schema\/logo\/image\/","url":"https:\/\/noticiasya.com\/wp-content\/uploads\/sites\/22\/2023\/12\/logo-nacional.png","contentUrl":"https:\/\/noticiasya.com\/wp-content\/uploads\/sites\/22\/2023\/12\/logo-nacional.png","width":1801,"height":691,"caption":"Noticias"},"image":{"@id":"https:\/\/noticiasya.com\/#\/schema\/logo\/image\/"}}]}},"parsely":{"version":"1.1.0","canonical_url":"https:\/\/noticiasya.com\/el-valle\/2024\/09\/09\/apple-keynote-presentacion-iphone-16-cupertino-a-que-hora-y-como-ver-vivo-orix\/","smart_links":{"inbound":0,"outbound":0},"traffic_boost_suggestions_count":0,"meta":{"@context":"https:\/\/schema.org","@type":"NewsArticle","headline":"Apple Keynote de presentaci\u00f3n del iPhone 16: qu\u00e9 esperar, a qu\u00e9 hora y c\u00f3mo ver en vivo","url":"http:\/\/noticiasya.com\/el-valle\/2024\/09\/09\/apple-keynote-presentacion-iphone-16-cupertino-a-que-hora-y-como-ver-vivo-orix\/","mainEntityOfPage":{"@type":"WebPage","@id":"http:\/\/noticiasya.com\/el-valle\/2024\/09\/09\/apple-keynote-presentacion-iphone-16-cupertino-a-que-hora-y-como-ver-vivo-orix\/"},"thumbnailUrl":"","image":{"@type":"ImageObject","url":""},"articleSection":"Noticias Nacionales","author":[],"creator":[],"publisher":{"@type":"Organization","name":"Noticias","logo":""},"keywords":[],"dateCreated":"2024-09-09T12:03:46Z","datePublished":"2024-09-09T12:03:46Z","dateModified":"2024-09-09T12:03:46Z"},"rendered":"<script type=\"application\/ld+json\" class=\"wp-parsely-metadata\">{\"@context\":\"https:\\\/\\\/schema.org\",\"@type\":\"NewsArticle\",\"headline\":\"Apple Keynote de presentaci\\u00f3n del iPhone 16: qu\\u00e9 esperar, a qu\\u00e9 hora y c\\u00f3mo ver en vivo\",\"url\":\"http:\\\/\\\/noticiasya.com\\\/el-valle\\\/2024\\\/09\\\/09\\\/apple-keynote-presentacion-iphone-16-cupertino-a-que-hora-y-como-ver-vivo-orix\\\/\",\"mainEntityOfPage\":{\"@type\":\"WebPage\",\"@id\":\"http:\\\/\\\/noticiasya.com\\\/el-valle\\\/2024\\\/09\\\/09\\\/apple-keynote-presentacion-iphone-16-cupertino-a-que-hora-y-como-ver-vivo-orix\\\/\"},\"thumbnailUrl\":\"\",\"image\":{\"@type\":\"ImageObject\",\"url\":\"\"},\"articleSection\":\"Noticias Nacionales\",\"author\":[],\"creator\":[],\"publisher\":{\"@type\":\"Organization\",\"name\":\"Noticias\",\"logo\":\"\"},\"keywords\":[],\"dateCreated\":\"2024-09-09T12:03:46Z\",\"datePublished\":\"2024-09-09T12:03:46Z\",\"dateModified\":\"2024-09-09T12:03:46Z\"}<\/script>","tracker_url":"https:\/\/cdn.parsely.com\/keys\/noticiasya.com\/p.js"},"jetpack_featured_media_url":"","jetpack-related-posts":[{"id":1450173,"url":"https:\/\/noticiasya.com\/el-valle\/2024\/06\/09\/apple-volver-moda-iphone-oportunidad-acciones-trax\/","url_meta":{"origin":1452548,"position":0},"title":"Apple tiene que volver a poner de moda el iPhone; esta es su oportunidad","author":"","date":"junio 9, 2024","format":false,"excerpt":"(CNN) -- Apple no ha dado a los usuarios una raz\u00f3n significativa para comprar un iPhone actualizado en cuatro a\u00f1os, desde que lanz\u00f3 la conectividad 5G con el iPhone 12, una tendencia preocupante para el negocio principal del gigante tecnol\u00f3gico. Eso podr\u00eda cambiar esta semana.El iPhone aport\u00f3 m\u00e1s de la\u2026","rel":"","context":"In &quot;Noticias Nacionales&quot;","block_context":{"text":"Noticias Nacionales","link":"https:\/\/noticiasya.com\/el-valle\/categoria\/noticias-nacionales"},"img":{"alt_text":"","src":"","width":0,"height":0},"classes":[]},{"id":1466237,"url":"https:\/\/noticiasya.com\/el-valle\/2025\/09\/07\/iphone-air-evento-apple-septiembre-trax\/","url_meta":{"origin":1452548,"position":1},"title":"Un \u2018iPhone Air,\u2019 aumentos de precio e IA: Qu\u00e9 esperar del evento m\u00e1s grande del a\u00f1o de Apple","author":"","date":"septiembre 7, 2025","format":false,"excerpt":"El iPhone necesita una renovaci\u00f3n y podr\u00eda verse el 9 de septiembre, cuando se espera que Apple anuncie un modelo de iPhone totalmente nuevo y m\u00e1s delgado, que podr\u00eda llamarse \u201ciPhone Air\u201d, junto con el iPhone 17 y nuevos modelos de Apple Watch en su evento anual principal.Ese tipo de\u2026","rel":"","context":"In &quot;Noticias Nacionales&quot;","block_context":{"text":"Noticias Nacionales","link":"https:\/\/noticiasya.com\/el-valle\/categoria\/noticias-nacionales"},"img":{"alt_text":"","src":"","width":0,"height":0},"classes":[]},{"id":1452517,"url":"https:\/\/noticiasya.com\/el-valle\/2024\/09\/07\/nuevo-iphone-que-esperar-del-evento-de-apple-del-lunes-trax\/","url_meta":{"origin":1452548,"position":2},"title":"Qu\u00e9 esperar del nuevo iPhone que se presentar\u00e1 en un evento de Apple del lunes","author":"","date":"septiembre 7, 2024","format":false,"excerpt":"(CNN) -- A principios de a\u00f1o, Apple entusiasm\u00f3 a sus fans con su sistema de inteligencia artificial \"Apple Intelligence\". Ahora ha llegado el momento de demostrar que funciona.La compa\u00f1\u00eda est\u00e1 lista para presentar la primera l\u00ednea de iPhones creados espec\u00edficamente para la inteligencia artificial generativa (que permite a los usuarios\u2026","rel":"","context":"In &quot;Noticias Nacionales&quot;","block_context":{"text":"Noticias Nacionales","link":"https:\/\/noticiasya.com\/el-valle\/categoria\/noticias-nacionales"},"img":{"alt_text":"","src":"","width":0,"height":0},"classes":[]},{"id":1458933,"url":"https:\/\/noticiasya.com\/el-valle\/2025\/02\/19\/apple-lanza-iphone-16e-version-economica-trax\/","url_meta":{"origin":1452548,"position":3},"title":"Apple lanza el iPhone 16e, una nueva versi\u00f3n m\u00e1s econ\u00f3mica del iPhone 16","author":"","date":"febrero 19, 2025","format":false,"excerpt":"Apple anunci\u00f3 el mi\u00e9rcoles una nueva versi\u00f3n m\u00e1s econ\u00f3mica del iPhone 16, llamada iPhone 16e, lo que marca un nuevo impulso para el gigante tecnol\u00f3gico en el mercado de los tel\u00e9fonos inteligentes econ\u00f3micos. Tambi\u00e9n es el primer iPhone con un m\u00f3dem celular dise\u00f1ado por Apple y el iPhone m\u00e1s econ\u00f3mico\u2026","rel":"","context":"In &quot;Noticias Nacionales&quot;","block_context":{"text":"Noticias Nacionales","link":"https:\/\/noticiasya.com\/el-valle\/categoria\/noticias-nacionales"},"img":{"alt_text":"","src":"","width":0,"height":0},"classes":[]},{"id":1470025,"url":"https:\/\/noticiasya.com\/el-valle\/2026\/01\/12\/apple-usara-google-gemini-siri-ia-trax\/","url_meta":{"origin":1452548,"position":4},"title":"Apple se asocia con Google Gemini para una Siri potenciada por IA","author":"","date":"enero 12, 2026","format":false,"excerpt":"Apple planea utilizar el modelo de inteligencia artificial Gemini de Google para impulsar la versi\u00f3n actualizada de Siri, que se lanzar\u00e1 a finales de este a\u00f1o, anunciaron el lunes ambas compa\u00f1\u00edas.\u201cTras una cuidadosa evaluaci\u00f3n, Apple determin\u00f3 que la tecnolog\u00eda de IA de Google proporciona la base m\u00e1s capaz para los\u2026","rel":"","context":"In &quot;Noticias Nacionales&quot;","block_context":{"text":"Noticias Nacionales","link":"https:\/\/noticiasya.com\/el-valle\/categoria\/noticias-nacionales"},"img":{"alt_text":"","src":"","width":0,"height":0},"classes":[]},{"id":1452582,"url":"https:\/\/noticiasya.com\/el-valle\/2024\/09\/10\/apple-iphone-16-lanzamiento-precios-colores-trax\/","url_meta":{"origin":1452548,"position":5},"title":"As\u00ed es el nuevo iPhone 16: fecha de lanzamiento, precios, colores, caracter\u00edsticas y m\u00e1s","author":"","date":"septiembre 10, 2024","format":false,"excerpt":"(CNN) \u2013\u2013 Apple present\u00f3 este lunes una serie de nuevas tecnolog\u00edas, como el iPhone 16, que incluye algunas actualizaciones impresionantes que la compa\u00f1\u00eda espera que convenzan a los clientes, muchos de los cuales se han aferrado a sus dispositivos m\u00e1s antiguos.Desde el lanzamiento en 2020 del iPhone 12, que fue\u2026","rel":"","context":"In &quot;Noticias Nacionales&quot;","block_context":{"text":"Noticias Nacionales","link":"https:\/\/noticiasya.com\/el-valle\/categoria\/noticias-nacionales"},"img":{"alt_text":"","src":"","width":0,"height":0},"classes":[]}],"jetpack_sharing_enabled":true,"_links":{"self":[{"href":"https:\/\/noticiasya.com\/el-valle\/wp-json\/wp\/v2\/posts\/1452548","targetHints":{"allow":["GET"]}}],"collection":[{"href":"https:\/\/noticiasya.com\/el-valle\/wp-json\/wp\/v2\/posts"}],"about":[{"href":"https:\/\/noticiasya.com\/el-valle\/wp-json\/wp\/v2\/types\/post"}],"replies":[{"embeddable":true,"href":"https:\/\/noticiasya.com\/el-valle\/wp-json\/wp\/v2\/comments?post=1452548"}],"version-history":[{"count":0,"href":"https:\/\/noticiasya.com\/el-valle\/wp-json\/wp\/v2\/posts\/1452548\/revisions"}],"wp:attachment":[{"href":"https:\/\/noticiasya.com\/el-valle\/wp-json\/wp\/v2\/media?parent=1452548"}],"wp:term":[{"taxonomy":"category","embeddable":true,"href":"https:\/\/noticiasya.com\/el-valle\/wp-json\/wp\/v2\/categories?post=1452548"},{"taxonomy":"post_tag","embeddable":true,"href":"https:\/\/noticiasya.com\/el-valle\/wp-json\/wp\/v2\/tags?post=1452548"}],"curies":[{"name":"wp","href":"https:\/\/api.w.org\/{rel}","templated":true}]}}