{"id":1452552,"date":"2024-09-09T06:03:38","date_gmt":"2024-09-09T13:03:38","guid":{"rendered":"https:\/\/noticiasya.com\/2024\/09\/09\/muere-director-policia-el-salvador-orix\/"},"modified":"2024-09-09T06:03:38","modified_gmt":"2024-09-09T13:03:38","slug":"muere-director-policia-el-salvador-orix","status":"publish","type":"post","link":"https:\/\/noticiasya.com\/el-valle\/2024\/09\/09\/muere-director-policia-el-salvador-orix\/","title":{"rendered":"Mueren el director de la Polic\u00eda de El Salvador y ocho personas m\u00e1s en un accidente de helic\u00f3ptero"},"content":{"rendered":"<p>(CNN Espa\u00f1ol) &#8212; El director de la Polic\u00eda Nacional Civil de El Salvador, Mauricio Arriaza Chicas, muri\u00f3 al estrellarse el helic\u00f3ptero UH-1H de la Fuerza A\u00e9rea Salvadore\u00f1a en el que viajaba en Pasaquina, departamento de La Uni\u00f3n, a unos 190 kil\u00f3metros de San Salvador, seg\u00fan confirm\u00f3 la Polic\u00eda a trav\u00e9s de la red social X.<\/p>\n<p>Arriaza Chicas coordinaba el traslado hacia San Salvador del detenido Manuel Coto, exgerente de la Asociaci\u00f3n Cooperativa de Ahorro y Cr\u00e9dito Santa Victoria (Cosavi), inform\u00f3 la Fuerza Armada de El Salvador. Coto hab\u00eda sido capturado el fin de semana en Honduras por la supuesta comisi\u00f3n de delitos de defraudaci\u00f3n a la econom\u00eda y lavado de activos.<\/p>\n<p>Mientras que el motivo del desplome de la aeronave no ha sido informado, el presidente de El Salvador, Nayib Bukele, dijo que buscar\u00e1 ayuda internacional para investigar el accidente. \u201cLo ocurrido no puede quedar como un simple \u2018accidente\u2019, debe ser investigado a fondo y hasta las \u00faltimas consecuencias\u201d, asegur\u00f3 en un mensaje en X este lunes.<\/p>\n<p>Arriaza Chicas estaba al frente del plan de seguridad Control Territorial y la implementaci\u00f3n del r\u00e9gimen de excepci\u00f3n junto a la Fuerza Armada en la denominada \u201cguerra\u201d que el gobierno de El Salvador declar\u00f3 a las pandillas.<\/p>\n<p>&#171;Arriaza Chicas fue una pieza fundamental para traer paz y seguridad a nuestro pueblo. No fue cualquier director de los que ha tenido la Polic\u00eda; fue el director de la Polic\u00eda del Plan Control Territorial, del R\u00e9gimen de Excepci\u00f3n, y de la Guerra Contra las Pandillas. Un hombre leal e incorruptible, que luch\u00f3 contra todo, incluso cuando nadie cre\u00eda que podr\u00edamos ganar, y ganamos. Investigaremos esto hasta el final, pero nadie nos podr\u00e1 devolver a nuestro h\u00e9roe nacional\u201d, escribi\u00f3 Bukele en otra publicaci\u00f3n en la red social.<\/p>\n<p>Otros siete fallecidos en el accidente<\/p>\n<p>En el accidente del helic\u00f3ptero tambi\u00e9n murieron otros dos funcionarios de la Polic\u00eda, el comisionado R\u00f3mulo Pompilio Romero, subdirector de investigaciones, el comisionado Douglas Omar Garc\u00eda Funes, subdirector de \u00c1reas Especializadas operativas, as\u00ed como el cabo Abel Antonio Ar\u00e9valo, de la Unidad T\u00e1ctica Especializada.<\/p>\n<p>Otros tres fallecidos pertenec\u00edan a la Fuerza Armada de El Salvador. En la aeronave adem\u00e1s viajaba David Cruz, jefe de Comunicaciones del Gabinete de Seguridad.<\/p>\n<p>Luego de la tragedia el Gobierno de El Salvador orden\u00f3 que las banderas ondear\u00e1n a media asta durante tres d\u00edas en el pa\u00eds y tambi\u00e9n en embajadas y consulados.<\/p>\n<p>The-CNN-Wire<br \/>&trade; &amp; &copy; 2024 Cable News Network, Inc., a Warner Bros. Discovery Company. All rights reserved.<\/p>\n","protected":false},"excerpt":{"rendered":"<p>(CNN Espa\u00f1ol) &#8212; El director de la Polic\u00eda Nacional Civil de El Salvador, Mauricio Arriaza Chicas, muri\u00f3 al estrellarse el helic\u00f3ptero UH-1H de la Fuerza A\u00e9rea Salvadore\u00f1a en el que viajaba en Pasaquina, departamento de La Uni\u00f3n, a unos 190 kil\u00f3metros de San Salvador, seg\u00fan confirm\u00f3 la Polic\u00eda a trav\u00e9s de la red social X. [&hellip;]<\/p>\n","protected":false},"author":0,"featured_media":0,"comment_status":"open","ping_status":"open","sticky":false,"template":"","format":"standard","meta":{"_jetpack_memberships_contains_paid_content":false,"footnotes":""},"categories":[10],"tags":[],"class_list":["post-1452552","post","type-post","status-publish","format-standard","hentry","category-noticias-nacionales","market-global"],"yoast_head":"<!-- This site is optimized with the Yoast SEO plugin v24.4 - https:\/\/yoast.com\/wordpress\/plugins\/seo\/ -->\n<title>Mueren el director de la Polic\u00eda de El Salvador y ocho personas m\u00e1s en un accidente de helic\u00f3ptero - Noticias<\/title>\n<meta name=\"robots\" content=\"index, follow, max-snippet:-1, max-image-preview:large, max-video-preview:-1\" \/>\n<link rel=\"canonical\" href=\"https:\/\/noticiasya.com\/2024\/09\/09\/muere-director-policia-el-salvador-orix\/\" \/>\n<meta property=\"og:locale\" content=\"es_ES\" \/>\n<meta property=\"og:type\" content=\"article\" \/>\n<meta property=\"og:title\" content=\"Mueren el director de la Polic\u00eda de El Salvador y ocho personas m\u00e1s en un accidente de helic\u00f3ptero - Noticias\" \/>\n<meta property=\"og:description\" content=\"(CNN Espa\u00f1ol) &#8212; El director de la Polic\u00eda Nacional Civil de El Salvador, Mauricio Arriaza Chicas, muri\u00f3 al estrellarse el helic\u00f3ptero UH-1H de la Fuerza A\u00e9rea Salvadore\u00f1a en el que viajaba en Pasaquina, departamento de La Uni\u00f3n, a unos 190 kil\u00f3metros de San Salvador, seg\u00fan confirm\u00f3 la Polic\u00eda a trav\u00e9s de la red social X. [&hellip;]\" \/>\n<meta property=\"og:url\" content=\"https:\/\/noticiasya.com\/2024\/09\/09\/muere-director-policia-el-salvador-orix\/\" \/>\n<meta property=\"og:site_name\" content=\"Noticias\" \/>\n<meta property=\"article:published_time\" content=\"2024-09-09T13:03:38+00:00\" \/>\n<meta name=\"twitter:card\" content=\"summary_large_image\" \/>\n<meta name=\"twitter:label1\" content=\"Est. reading time\" \/>\n\t<meta name=\"twitter:data1\" content=\"2 minutos\" \/>\n<script type=\"application\/ld+json\" class=\"yoast-schema-graph\">{\"@context\":\"https:\/\/schema.org\",\"@graph\":[{\"@type\":\"Article\",\"@id\":\"https:\/\/noticiasya.com\/2024\/09\/09\/muere-director-policia-el-salvador-orix\/#article\",\"isPartOf\":{\"@id\":\"https:\/\/noticiasya.com\/2024\/09\/09\/muere-director-policia-el-salvador-orix\/\"},\"author\":{\"name\":\"\",\"@id\":\"\"},\"headline\":\"Mueren el director de la Polic\u00eda de El Salvador y ocho personas m\u00e1s en un accidente de helic\u00f3ptero\",\"datePublished\":\"2024-09-09T13:03:38+00:00\",\"mainEntityOfPage\":{\"@id\":\"https:\/\/noticiasya.com\/2024\/09\/09\/muere-director-policia-el-salvador-orix\/\"},\"wordCount\":472,\"commentCount\":0,\"publisher\":{\"@id\":\"https:\/\/noticiasya.com\/#organization\"},\"articleSection\":[\"Noticias Nacionales\"],\"inLanguage\":\"es\",\"potentialAction\":[{\"@type\":\"CommentAction\",\"name\":\"Comment\",\"target\":[\"https:\/\/noticiasya.com\/2024\/09\/09\/muere-director-policia-el-salvador-orix\/#respond\"]}]},{\"@type\":\"WebPage\",\"@id\":\"https:\/\/noticiasya.com\/2024\/09\/09\/muere-director-policia-el-salvador-orix\/\",\"url\":\"https:\/\/noticiasya.com\/2024\/09\/09\/muere-director-policia-el-salvador-orix\/\",\"name\":\"Mueren el director de la Polic\u00eda de El Salvador y ocho personas m\u00e1s en un accidente de helic\u00f3ptero - Noticias\",\"isPartOf\":{\"@id\":\"https:\/\/noticiasya.com\/#website\"},\"datePublished\":\"2024-09-09T13:03:38+00:00\",\"breadcrumb\":{\"@id\":\"https:\/\/noticiasya.com\/2024\/09\/09\/muere-director-policia-el-salvador-orix\/#breadcrumb\"},\"inLanguage\":\"es\",\"potentialAction\":[{\"@type\":\"ReadAction\",\"target\":[\"https:\/\/noticiasya.com\/2024\/09\/09\/muere-director-policia-el-salvador-orix\/\"]}]},{\"@type\":\"BreadcrumbList\",\"@id\":\"https:\/\/noticiasya.com\/2024\/09\/09\/muere-director-policia-el-salvador-orix\/#breadcrumb\",\"itemListElement\":[{\"@type\":\"ListItem\",\"position\":1,\"name\":\"Home\",\"item\":\"https:\/\/noticiasya.com\/\"},{\"@type\":\"ListItem\",\"position\":2,\"name\":\"Mueren el director de la Polic\u00eda de El Salvador y ocho personas m\u00e1s en un accidente de helic\u00f3ptero\"}]},{\"@type\":\"WebSite\",\"@id\":\"https:\/\/noticiasya.com\/#website\",\"url\":\"https:\/\/noticiasya.com\/\",\"name\":\"Noticias\",\"description\":\"Lo que importa\",\"publisher\":{\"@id\":\"https:\/\/noticiasya.com\/#organization\"},\"potentialAction\":[{\"@type\":\"SearchAction\",\"target\":{\"@type\":\"EntryPoint\",\"urlTemplate\":\"https:\/\/noticiasya.com\/?s={search_term_string}\"},\"query-input\":{\"@type\":\"PropertyValueSpecification\",\"valueRequired\":true,\"valueName\":\"search_term_string\"}}],\"inLanguage\":\"es\"},{\"@type\":\"Organization\",\"@id\":\"https:\/\/noticiasya.com\/#organization\",\"name\":\"Noticias\",\"url\":\"https:\/\/noticiasya.com\/\",\"logo\":{\"@type\":\"ImageObject\",\"inLanguage\":\"es\",\"@id\":\"https:\/\/noticiasya.com\/#\/schema\/logo\/image\/\",\"url\":\"https:\/\/noticiasya.com\/wp-content\/uploads\/sites\/22\/2023\/12\/logo-nacional.png\",\"contentUrl\":\"https:\/\/noticiasya.com\/wp-content\/uploads\/sites\/22\/2023\/12\/logo-nacional.png\",\"width\":1801,\"height\":691,\"caption\":\"Noticias\"},\"image\":{\"@id\":\"https:\/\/noticiasya.com\/#\/schema\/logo\/image\/\"}}]}<\/script>\n<!-- \/ Yoast SEO plugin. -->","yoast_head_json":{"title":"Mueren el director de la Polic\u00eda de El Salvador y ocho personas m\u00e1s en un accidente de helic\u00f3ptero - Noticias","robots":{"index":"index","follow":"follow","max-snippet":"max-snippet:-1","max-image-preview":"max-image-preview:large","max-video-preview":"max-video-preview:-1"},"canonical":"https:\/\/noticiasya.com\/2024\/09\/09\/muere-director-policia-el-salvador-orix\/","og_locale":"es_ES","og_type":"article","og_title":"Mueren el director de la Polic\u00eda de El Salvador y ocho personas m\u00e1s en un accidente de helic\u00f3ptero - Noticias","og_description":"(CNN Espa\u00f1ol) &#8212; El director de la Polic\u00eda Nacional Civil de El Salvador, Mauricio Arriaza Chicas, muri\u00f3 al estrellarse el helic\u00f3ptero UH-1H de la Fuerza A\u00e9rea Salvadore\u00f1a en el que viajaba en Pasaquina, departamento de La Uni\u00f3n, a unos 190 kil\u00f3metros de San Salvador, seg\u00fan confirm\u00f3 la Polic\u00eda a trav\u00e9s de la red social X. [&hellip;]","og_url":"https:\/\/noticiasya.com\/2024\/09\/09\/muere-director-policia-el-salvador-orix\/","og_site_name":"Noticias","article_published_time":"2024-09-09T13:03:38+00:00","twitter_card":"summary_large_image","twitter_misc":{"Est. reading time":"2 minutos"},"schema":{"@context":"https:\/\/schema.org","@graph":[{"@type":"Article","@id":"https:\/\/noticiasya.com\/2024\/09\/09\/muere-director-policia-el-salvador-orix\/#article","isPartOf":{"@id":"https:\/\/noticiasya.com\/2024\/09\/09\/muere-director-policia-el-salvador-orix\/"},"author":{"name":"","@id":""},"headline":"Mueren el director de la Polic\u00eda de El Salvador y ocho personas m\u00e1s en un accidente de helic\u00f3ptero","datePublished":"2024-09-09T13:03:38+00:00","mainEntityOfPage":{"@id":"https:\/\/noticiasya.com\/2024\/09\/09\/muere-director-policia-el-salvador-orix\/"},"wordCount":472,"commentCount":0,"publisher":{"@id":"https:\/\/noticiasya.com\/#organization"},"articleSection":["Noticias Nacionales"],"inLanguage":"es","potentialAction":[{"@type":"CommentAction","name":"Comment","target":["https:\/\/noticiasya.com\/2024\/09\/09\/muere-director-policia-el-salvador-orix\/#respond"]}]},{"@type":"WebPage","@id":"https:\/\/noticiasya.com\/2024\/09\/09\/muere-director-policia-el-salvador-orix\/","url":"https:\/\/noticiasya.com\/2024\/09\/09\/muere-director-policia-el-salvador-orix\/","name":"Mueren el director de la Polic\u00eda de El Salvador y ocho personas m\u00e1s en un accidente de helic\u00f3ptero - Noticias","isPartOf":{"@id":"https:\/\/noticiasya.com\/#website"},"datePublished":"2024-09-09T13:03:38+00:00","breadcrumb":{"@id":"https:\/\/noticiasya.com\/2024\/09\/09\/muere-director-policia-el-salvador-orix\/#breadcrumb"},"inLanguage":"es","potentialAction":[{"@type":"ReadAction","target":["https:\/\/noticiasya.com\/2024\/09\/09\/muere-director-policia-el-salvador-orix\/"]}]},{"@type":"BreadcrumbList","@id":"https:\/\/noticiasya.com\/2024\/09\/09\/muere-director-policia-el-salvador-orix\/#breadcrumb","itemListElement":[{"@type":"ListItem","position":1,"name":"Home","item":"https:\/\/noticiasya.com\/"},{"@type":"ListItem","position":2,"name":"Mueren el director de la Polic\u00eda de El Salvador y ocho personas m\u00e1s en un accidente de helic\u00f3ptero"}]},{"@type":"WebSite","@id":"https:\/\/noticiasya.com\/#website","url":"https:\/\/noticiasya.com\/","name":"Noticias","description":"Lo que importa","publisher":{"@id":"https:\/\/noticiasya.com\/#organization"},"potentialAction":[{"@type":"SearchAction","target":{"@type":"EntryPoint","urlTemplate":"https:\/\/noticiasya.com\/?s={search_term_string}"},"query-input":{"@type":"PropertyValueSpecification","valueRequired":true,"valueName":"search_term_string"}}],"inLanguage":"es"},{"@type":"Organization","@id":"https:\/\/noticiasya.com\/#organization","name":"Noticias","url":"https:\/\/noticiasya.com\/","logo":{"@type":"ImageObject","inLanguage":"es","@id":"https:\/\/noticiasya.com\/#\/schema\/logo\/image\/","url":"https:\/\/noticiasya.com\/wp-content\/uploads\/sites\/22\/2023\/12\/logo-nacional.png","contentUrl":"https:\/\/noticiasya.com\/wp-content\/uploads\/sites\/22\/2023\/12\/logo-nacional.png","width":1801,"height":691,"caption":"Noticias"},"image":{"@id":"https:\/\/noticiasya.com\/#\/schema\/logo\/image\/"}}]}},"parsely":{"version":"1.1.0","canonical_url":"https:\/\/noticiasya.com\/el-valle\/2024\/09\/09\/muere-director-policia-el-salvador-orix\/","smart_links":{"inbound":0,"outbound":0},"traffic_boost_suggestions_count":0,"meta":{"@context":"https:\/\/schema.org","@type":"NewsArticle","headline":"Mueren el director de la Polic\u00eda de El Salvador y ocho personas m\u00e1s en un accidente de helic\u00f3ptero","url":"http:\/\/noticiasya.com\/el-valle\/2024\/09\/09\/muere-director-policia-el-salvador-orix\/","mainEntityOfPage":{"@type":"WebPage","@id":"http:\/\/noticiasya.com\/el-valle\/2024\/09\/09\/muere-director-policia-el-salvador-orix\/"},"thumbnailUrl":"","image":{"@type":"ImageObject","url":""},"articleSection":"Noticias Nacionales","author":[],"creator":[],"publisher":{"@type":"Organization","name":"Noticias","logo":""},"keywords":[],"dateCreated":"2024-09-09T13:03:38Z","datePublished":"2024-09-09T13:03:38Z","dateModified":"2024-09-09T13:03:38Z"},"rendered":"<script type=\"application\/ld+json\" class=\"wp-parsely-metadata\">{\"@context\":\"https:\\\/\\\/schema.org\",\"@type\":\"NewsArticle\",\"headline\":\"Mueren el director de la Polic\\u00eda de El Salvador y ocho personas m\\u00e1s en un accidente de helic\\u00f3ptero\",\"url\":\"http:\\\/\\\/noticiasya.com\\\/el-valle\\\/2024\\\/09\\\/09\\\/muere-director-policia-el-salvador-orix\\\/\",\"mainEntityOfPage\":{\"@type\":\"WebPage\",\"@id\":\"http:\\\/\\\/noticiasya.com\\\/el-valle\\\/2024\\\/09\\\/09\\\/muere-director-policia-el-salvador-orix\\\/\"},\"thumbnailUrl\":\"\",\"image\":{\"@type\":\"ImageObject\",\"url\":\"\"},\"articleSection\":\"Noticias Nacionales\",\"author\":[],\"creator\":[],\"publisher\":{\"@type\":\"Organization\",\"name\":\"Noticias\",\"logo\":\"\"},\"keywords\":[],\"dateCreated\":\"2024-09-09T13:03:38Z\",\"datePublished\":\"2024-09-09T13:03:38Z\",\"dateModified\":\"2024-09-09T13:03:38Z\"}<\/script>","tracker_url":"https:\/\/cdn.parsely.com\/keys\/noticiasya.com\/p.js"},"jetpack_featured_media_url":"","jetpack-related-posts":[{"id":1458706,"url":"https:\/\/noticiasya.com\/el-valle\/2025\/02\/13\/detienen-eugenio-chicas-el-salvador-enriquecimiento-ilicito-orix\/","url_meta":{"origin":1452552,"position":0},"title":"Detienen a Eugenio Chicas, expresidente del Tribunal Supremo Electoral de El Salvador, por presunto enriquecimiento il\u00edcito","author":"","date":"febrero 13, 2025","format":false,"excerpt":"El expresidente del Tribunal Supremo Electoral de El Salvador, Eugenio Chicas fue detenido este jueves por presunto enriquecimiento il\u00edcito en perjuicio de la Administraci\u00f3n P\u00fablica, delito por el que hab\u00eda sido condenado en un juicio civil el pasado noviembre, inform\u00f3 en X la Fiscal\u00eda General.En la acusaci\u00f3n civil, las autoridades\u2026","rel":"","context":"In &quot;Noticias Nacionales&quot;","block_context":{"text":"Noticias Nacionales","link":"https:\/\/noticiasya.com\/el-valle\/categoria\/noticias-nacionales"},"img":{"alt_text":"","src":"","width":0,"height":0},"classes":[]},{"id":1462525,"url":"https:\/\/noticiasya.com\/el-valle\/2025\/05\/19\/arrestan-el-salvador-jefa-ong-critica-bukele-orix\/","url_meta":{"origin":1452552,"position":1},"title":"Arrestan en El Salvador a jefa de Anticorrupci\u00f3n y Justicia de Cristosal, ONG cr\u00edtica de Bukele","author":"","date":"mayo 19, 2025","format":false,"excerpt":"Las autoridades de El Salvador detuvieron este domingo a Ruth Eleonora L\u00f3pez, jefa de la unidad de Anticorrupci\u00f3n y Justicia de la organizaci\u00f3n no gubernamental Cristosal, inform\u00f3 la Fiscal\u00eda General a trav\u00e9s de una publicaci\u00f3n en X.Cristosal promueve la defensa de los derechos humanos y es cr\u00edtica de la gesti\u00f3n\u2026","rel":"","context":"In &quot;Noticias Nacionales&quot;","block_context":{"text":"Noticias Nacionales","link":"https:\/\/noticiasya.com\/el-valle\/categoria\/noticias-nacionales"},"img":{"alt_text":"","src":"","width":0,"height":0},"classes":[]},{"id":1459692,"url":"https:\/\/noticiasya.com\/el-valle\/2025\/03\/09\/bukele-cierre-chivo-pets-hospital-mascotas-acusaciones-orix\/","url_meta":{"origin":1452552,"position":2},"title":"Bukele anuncia cierre de Chivo Pets, hospital p\u00fablico para mascotas, por acusaciones sobre que era un servicio &#171;para ricos&#187;","author":"","date":"marzo 9, 2025","format":false,"excerpt":"El presidente de El Salvador, Nayib Bukele, anunci\u00f3 este s\u00e1bado que orden\u00f3 el cierre de Chivo Pets, el hospital para mascotas que su Gobierno inaugur\u00f3 en febrero de 2022.Bukele asegur\u00f3 que la decisi\u00f3n obedece a las constantes cr\u00edticas de la poblaci\u00f3n en redes sociales.\u201cTen\u00eda entendido que este centro veterinario realizaba\u2026","rel":"","context":"In &quot;Noticias Nacionales&quot;","block_context":{"text":"Noticias Nacionales","link":"https:\/\/noticiasya.com\/el-valle\/categoria\/noticias-nacionales"},"img":{"alt_text":"","src":"","width":0,"height":0},"classes":[]},{"id":1460571,"url":"https:\/\/noticiasya.com\/el-valle\/2025\/03\/28\/detienen-presunto-lider-18-revolucionarios-el-salvador-orix\/","url_meta":{"origin":1452552,"position":3},"title":"Detienen en Colombia a un presunto l\u00edder de la pandilla 18 Revolucionarios, buscado en El Salvador","author":"","date":"marzo 28, 2025","format":false,"excerpt":"Un salvadore\u00f1o se\u00f1alado como l\u00edder de la pandilla 18 Revolucionarios y quien es buscado por la Justicia de su pa\u00eds fue detenido este jueves en Colombia, inform\u00f3 la Polic\u00eda Nacional colombiana en un comunicado.La instituci\u00f3n identific\u00f3 al hombre como Mateo Sebasti\u00e1n Pintor Rodr\u00edguez, alias \u201cEl Tatuado\u201d, a quien atribuy\u00f3 el\u2026","rel":"","context":"In &quot;Noticias Nacionales&quot;","block_context":{"text":"Noticias Nacionales","link":"https:\/\/noticiasya.com\/el-valle\/categoria\/noticias-nacionales"},"img":{"alt_text":"","src":"","width":0,"height":0},"classes":[]},{"id":1463121,"url":"https:\/\/noticiasya.com\/el-valle\/2025\/06\/02\/ruth-lopez-activista-bukele-acusada-criminalmente-el-salvador-orix\/","url_meta":{"origin":1452552,"position":4},"title":"Ruth L\u00f3pez, activista de derechos humanos cr\u00edtica de Bukele, acusada criminalmente en El Salvador","author":"","date":"junio 2, 2025","format":false,"excerpt":"La abogada y activista de derechos humanos Ruth Eleonora L\u00f3pez fue acusada criminalmente en El Salvador este lunes por su supuesta participaci\u00f3n en el desfalco de fondos p\u00fablicos, inform\u00f3 su abogado Antonio Aguilar.Aguilar a\u00f1adi\u00f3 que la Fiscal\u00eda General de El Salvador present\u00f3 la solicitud en el Juzgado de Paz D\u00e9cimo\u2026","rel":"","context":"In &quot;Noticias Nacionales&quot;","block_context":{"text":"Noticias Nacionales","link":"https:\/\/noticiasya.com\/el-valle\/categoria\/noticias-nacionales"},"img":{"alt_text":"","src":"","width":0,"height":0},"classes":[]},{"id":1458084,"url":"https:\/\/noticiasya.com\/el-valle\/2025\/01\/31\/rubio-bukele-el-salvador-tren-de-aragua-trax\/","url_meta":{"origin":1452552,"position":5},"title":"Rubio y Bukele discutir\u00e1n el env\u00edo a El Salvador de presuntos pandilleros del Tren de Aragua","author":"","date":"enero 31, 2025","format":false,"excerpt":"El secretario de Estado de Estados Unidos, Marco Rubio, discutir\u00e1 la posibilidad de deportar a El Salvador a presuntos pandilleros del Tren de Aragua, en una reuni\u00f3n a celebrarse con el presidente de El Salvador, Nayib Bukele, seg\u00fan el enviado especial del Departamento de Estado para Am\u00e9rica Latina, Mauricio Claver-Carone.\u201cEstamos\u2026","rel":"","context":"In &quot;Noticias Nacionales&quot;","block_context":{"text":"Noticias Nacionales","link":"https:\/\/noticiasya.com\/el-valle\/categoria\/noticias-nacionales"},"img":{"alt_text":"","src":"","width":0,"height":0},"classes":[]}],"jetpack_sharing_enabled":true,"_links":{"self":[{"href":"https:\/\/noticiasya.com\/el-valle\/wp-json\/wp\/v2\/posts\/1452552","targetHints":{"allow":["GET"]}}],"collection":[{"href":"https:\/\/noticiasya.com\/el-valle\/wp-json\/wp\/v2\/posts"}],"about":[{"href":"https:\/\/noticiasya.com\/el-valle\/wp-json\/wp\/v2\/types\/post"}],"replies":[{"embeddable":true,"href":"https:\/\/noticiasya.com\/el-valle\/wp-json\/wp\/v2\/comments?post=1452552"}],"version-history":[{"count":0,"href":"https:\/\/noticiasya.com\/el-valle\/wp-json\/wp\/v2\/posts\/1452552\/revisions"}],"wp:attachment":[{"href":"https:\/\/noticiasya.com\/el-valle\/wp-json\/wp\/v2\/media?parent=1452552"}],"wp:term":[{"taxonomy":"category","embeddable":true,"href":"https:\/\/noticiasya.com\/el-valle\/wp-json\/wp\/v2\/categories?post=1452552"},{"taxonomy":"post_tag","embeddable":true,"href":"https:\/\/noticiasya.com\/el-valle\/wp-json\/wp\/v2\/tags?post=1452552"}],"curies":[{"name":"wp","href":"https:\/\/api.w.org\/{rel}","templated":true}]}}