{"id":1452566,"date":"2024-09-09T18:03:45","date_gmt":"2024-09-10T01:03:45","guid":{"rendered":"https:\/\/noticiasya.com\/2024\/09\/09\/israel-ataca-zona-humanitaria-khan-younis-gaza-trax\/"},"modified":"2024-09-09T18:03:45","modified_gmt":"2024-09-10T01:03:45","slug":"israel-ataca-zona-humanitaria-khan-younis-gaza-trax","status":"publish","type":"post","link":"https:\/\/noticiasya.com\/el-valle\/2024\/09\/09\/israel-ataca-zona-humanitaria-khan-younis-gaza-trax\/","title":{"rendered":"Israel bombardea una zona humanitaria de Gaza"},"content":{"rendered":"<p>(CNN) \u2013\u2013 Se teme que muchas personas hayan muerto o resultado heridas despu\u00e9s de que las fuerzas israel\u00edes atacaran una zona humanitaria creada para albergar personas desplazadas en el sur de Gaza, en lo que Israel dijo fue un ataque contra terroristas de Hamas en el \u00e1rea.<\/p>\n<p>Las Fuerzas de Defensa de Israel (FDI) informaron la noche de este lunes que \u201catacaron a importantes terroristas de Hamas que operaban dentro de un centro de comando y control incrustado dentro del \u00e1rea humanitaria\u201d en Khan Younis, Gaza.<\/p>\n<p>El ataque se llev\u00f3 a cabo bajo la direcci\u00f3n de la Agencia de Seguridad de Israel y la Fuerza A\u00e9rea israel\u00ed, y se tomaron medidas para mitigar el da\u00f1o a los civiles, seg\u00fan el comunicado.<\/p>\n<p>\u201cAntes del ataque, se tomaron numerosas medidas para mitigar el riesgo de da\u00f1ar a los civiles, como el uso de municiones precisas, vigilancia a\u00e9rea y medios adicionales\u201d, a\u00f1adi\u00f3.<\/p>\n<p>Heridas infectadas, gusanos y ninguna escapatoria. La crisis humanitaria de Gaza llega a un extremo l\u00edmite mientras las condiciones sanitarias empeoran<\/p>\n<p>Seg\u00fan el portavoz de Defensa Civil de Gaza, Mahmoud Bassal, los equipos de defensa civil y m\u00e9dicos est\u00e1n trabajando \u201cpara controlar la situaci\u00f3n\u201d tras el ataque.<\/p>\n<p>Un video que circula en redes sociales y que fue compartido por el medio de comunicaci\u00f3n de Hamas, Al Aqsa TV, muestra a miembros de la Defensa Civil de Gaza cavando mientras buscan personas desaparecidas. Se puede ver ropa y zapatos esparcidos por el \u00e1rea. CNN no ha podido verificar las im\u00e1genes de forma independiente.<\/p>\n<p>Las Fuerzas de Defensa de Israel acusaron a Hamas y a otros grupos militantes en Gaza de seguir \u201cabusando sistem\u00e1ticamente de la infraestructura civil y humanitaria, incluida la Zona Humanitaria designada, para llevar a cabo actividades terroristas contra el Estado de Israel y los soldados de las Fuerzas de Defensa de Israel\u201d.<\/p>\n<p>Noticia en desarrollo&#8230;<\/p>\n<p>The-CNN-Wire<br \/>&trade; &amp; &copy; 2024 Cable News Network, Inc., a Warner Bros. Discovery Company. All rights reserved.<\/p>\n","protected":false},"excerpt":{"rendered":"<p>(CNN) \u2013\u2013 Se teme que muchas personas hayan muerto o resultado heridas despu\u00e9s de que las fuerzas israel\u00edes atacaran una zona humanitaria creada para albergar personas desplazadas en el sur de Gaza, en lo que Israel dijo fue un ataque contra terroristas de Hamas en el \u00e1rea. Las Fuerzas de Defensa de Israel (FDI) informaron [&hellip;]<\/p>\n","protected":false},"author":0,"featured_media":0,"comment_status":"open","ping_status":"open","sticky":false,"template":"","format":"standard","meta":{"_jetpack_memberships_contains_paid_content":false,"footnotes":""},"categories":[10],"tags":[],"class_list":["post-1452566","post","type-post","status-publish","format-standard","hentry","category-noticias-nacionales","market-global"],"yoast_head":"<!-- This site is optimized with the Yoast SEO plugin v24.4 - https:\/\/yoast.com\/wordpress\/plugins\/seo\/ -->\n<title>Israel bombardea una zona humanitaria de Gaza - Noticias<\/title>\n<meta name=\"robots\" content=\"index, follow, max-snippet:-1, max-image-preview:large, max-video-preview:-1\" \/>\n<link rel=\"canonical\" href=\"https:\/\/noticiasya.com\/2024\/09\/09\/israel-ataca-zona-humanitaria-khan-younis-gaza-trax\/\" \/>\n<meta property=\"og:locale\" content=\"es_ES\" \/>\n<meta property=\"og:type\" content=\"article\" \/>\n<meta property=\"og:title\" content=\"Israel bombardea una zona humanitaria de Gaza - Noticias\" \/>\n<meta property=\"og:description\" content=\"(CNN) \u2013\u2013 Se teme que muchas personas hayan muerto o resultado heridas despu\u00e9s de que las fuerzas israel\u00edes atacaran una zona humanitaria creada para albergar personas desplazadas en el sur de Gaza, en lo que Israel dijo fue un ataque contra terroristas de Hamas en el \u00e1rea. Las Fuerzas de Defensa de Israel (FDI) informaron [&hellip;]\" \/>\n<meta property=\"og:url\" content=\"https:\/\/noticiasya.com\/2024\/09\/09\/israel-ataca-zona-humanitaria-khan-younis-gaza-trax\/\" \/>\n<meta property=\"og:site_name\" content=\"Noticias\" \/>\n<meta property=\"article:published_time\" content=\"2024-09-10T01:03:45+00:00\" \/>\n<meta name=\"twitter:card\" content=\"summary_large_image\" \/>\n<meta name=\"twitter:label1\" content=\"Est. reading time\" \/>\n\t<meta name=\"twitter:data1\" content=\"2 minutos\" \/>\n<script type=\"application\/ld+json\" class=\"yoast-schema-graph\">{\"@context\":\"https:\/\/schema.org\",\"@graph\":[{\"@type\":\"Article\",\"@id\":\"https:\/\/noticiasya.com\/2024\/09\/09\/israel-ataca-zona-humanitaria-khan-younis-gaza-trax\/#article\",\"isPartOf\":{\"@id\":\"https:\/\/noticiasya.com\/2024\/09\/09\/israel-ataca-zona-humanitaria-khan-younis-gaza-trax\/\"},\"author\":{\"name\":\"\",\"@id\":\"\"},\"headline\":\"Israel bombardea una zona humanitaria de Gaza\",\"datePublished\":\"2024-09-10T01:03:45+00:00\",\"mainEntityOfPage\":{\"@id\":\"https:\/\/noticiasya.com\/2024\/09\/09\/israel-ataca-zona-humanitaria-khan-younis-gaza-trax\/\"},\"wordCount\":345,\"commentCount\":0,\"publisher\":{\"@id\":\"https:\/\/noticiasya.com\/#organization\"},\"articleSection\":[\"Noticias Nacionales\"],\"inLanguage\":\"es\",\"potentialAction\":[{\"@type\":\"CommentAction\",\"name\":\"Comment\",\"target\":[\"https:\/\/noticiasya.com\/2024\/09\/09\/israel-ataca-zona-humanitaria-khan-younis-gaza-trax\/#respond\"]}]},{\"@type\":\"WebPage\",\"@id\":\"https:\/\/noticiasya.com\/2024\/09\/09\/israel-ataca-zona-humanitaria-khan-younis-gaza-trax\/\",\"url\":\"https:\/\/noticiasya.com\/2024\/09\/09\/israel-ataca-zona-humanitaria-khan-younis-gaza-trax\/\",\"name\":\"Israel bombardea una zona humanitaria de Gaza - Noticias\",\"isPartOf\":{\"@id\":\"https:\/\/noticiasya.com\/#website\"},\"datePublished\":\"2024-09-10T01:03:45+00:00\",\"breadcrumb\":{\"@id\":\"https:\/\/noticiasya.com\/2024\/09\/09\/israel-ataca-zona-humanitaria-khan-younis-gaza-trax\/#breadcrumb\"},\"inLanguage\":\"es\",\"potentialAction\":[{\"@type\":\"ReadAction\",\"target\":[\"https:\/\/noticiasya.com\/2024\/09\/09\/israel-ataca-zona-humanitaria-khan-younis-gaza-trax\/\"]}]},{\"@type\":\"BreadcrumbList\",\"@id\":\"https:\/\/noticiasya.com\/2024\/09\/09\/israel-ataca-zona-humanitaria-khan-younis-gaza-trax\/#breadcrumb\",\"itemListElement\":[{\"@type\":\"ListItem\",\"position\":1,\"name\":\"Home\",\"item\":\"https:\/\/noticiasya.com\/\"},{\"@type\":\"ListItem\",\"position\":2,\"name\":\"Israel bombardea una zona humanitaria de Gaza\"}]},{\"@type\":\"WebSite\",\"@id\":\"https:\/\/noticiasya.com\/#website\",\"url\":\"https:\/\/noticiasya.com\/\",\"name\":\"Noticias\",\"description\":\"Lo que importa\",\"publisher\":{\"@id\":\"https:\/\/noticiasya.com\/#organization\"},\"potentialAction\":[{\"@type\":\"SearchAction\",\"target\":{\"@type\":\"EntryPoint\",\"urlTemplate\":\"https:\/\/noticiasya.com\/?s={search_term_string}\"},\"query-input\":{\"@type\":\"PropertyValueSpecification\",\"valueRequired\":true,\"valueName\":\"search_term_string\"}}],\"inLanguage\":\"es\"},{\"@type\":\"Organization\",\"@id\":\"https:\/\/noticiasya.com\/#organization\",\"name\":\"Noticias\",\"url\":\"https:\/\/noticiasya.com\/\",\"logo\":{\"@type\":\"ImageObject\",\"inLanguage\":\"es\",\"@id\":\"https:\/\/noticiasya.com\/#\/schema\/logo\/image\/\",\"url\":\"https:\/\/noticiasya.com\/wp-content\/uploads\/sites\/22\/2023\/12\/logo-nacional.png\",\"contentUrl\":\"https:\/\/noticiasya.com\/wp-content\/uploads\/sites\/22\/2023\/12\/logo-nacional.png\",\"width\":1801,\"height\":691,\"caption\":\"Noticias\"},\"image\":{\"@id\":\"https:\/\/noticiasya.com\/#\/schema\/logo\/image\/\"}}]}<\/script>\n<!-- \/ Yoast SEO plugin. -->","yoast_head_json":{"title":"Israel bombardea una zona humanitaria de Gaza - Noticias","robots":{"index":"index","follow":"follow","max-snippet":"max-snippet:-1","max-image-preview":"max-image-preview:large","max-video-preview":"max-video-preview:-1"},"canonical":"https:\/\/noticiasya.com\/2024\/09\/09\/israel-ataca-zona-humanitaria-khan-younis-gaza-trax\/","og_locale":"es_ES","og_type":"article","og_title":"Israel bombardea una zona humanitaria de Gaza - Noticias","og_description":"(CNN) \u2013\u2013 Se teme que muchas personas hayan muerto o resultado heridas despu\u00e9s de que las fuerzas israel\u00edes atacaran una zona humanitaria creada para albergar personas desplazadas en el sur de Gaza, en lo que Israel dijo fue un ataque contra terroristas de Hamas en el \u00e1rea. Las Fuerzas de Defensa de Israel (FDI) informaron [&hellip;]","og_url":"https:\/\/noticiasya.com\/2024\/09\/09\/israel-ataca-zona-humanitaria-khan-younis-gaza-trax\/","og_site_name":"Noticias","article_published_time":"2024-09-10T01:03:45+00:00","twitter_card":"summary_large_image","twitter_misc":{"Est. reading time":"2 minutos"},"schema":{"@context":"https:\/\/schema.org","@graph":[{"@type":"Article","@id":"https:\/\/noticiasya.com\/2024\/09\/09\/israel-ataca-zona-humanitaria-khan-younis-gaza-trax\/#article","isPartOf":{"@id":"https:\/\/noticiasya.com\/2024\/09\/09\/israel-ataca-zona-humanitaria-khan-younis-gaza-trax\/"},"author":{"name":"","@id":""},"headline":"Israel bombardea una zona humanitaria de Gaza","datePublished":"2024-09-10T01:03:45+00:00","mainEntityOfPage":{"@id":"https:\/\/noticiasya.com\/2024\/09\/09\/israel-ataca-zona-humanitaria-khan-younis-gaza-trax\/"},"wordCount":345,"commentCount":0,"publisher":{"@id":"https:\/\/noticiasya.com\/#organization"},"articleSection":["Noticias Nacionales"],"inLanguage":"es","potentialAction":[{"@type":"CommentAction","name":"Comment","target":["https:\/\/noticiasya.com\/2024\/09\/09\/israel-ataca-zona-humanitaria-khan-younis-gaza-trax\/#respond"]}]},{"@type":"WebPage","@id":"https:\/\/noticiasya.com\/2024\/09\/09\/israel-ataca-zona-humanitaria-khan-younis-gaza-trax\/","url":"https:\/\/noticiasya.com\/2024\/09\/09\/israel-ataca-zona-humanitaria-khan-younis-gaza-trax\/","name":"Israel bombardea una zona humanitaria de Gaza - Noticias","isPartOf":{"@id":"https:\/\/noticiasya.com\/#website"},"datePublished":"2024-09-10T01:03:45+00:00","breadcrumb":{"@id":"https:\/\/noticiasya.com\/2024\/09\/09\/israel-ataca-zona-humanitaria-khan-younis-gaza-trax\/#breadcrumb"},"inLanguage":"es","potentialAction":[{"@type":"ReadAction","target":["https:\/\/noticiasya.com\/2024\/09\/09\/israel-ataca-zona-humanitaria-khan-younis-gaza-trax\/"]}]},{"@type":"BreadcrumbList","@id":"https:\/\/noticiasya.com\/2024\/09\/09\/israel-ataca-zona-humanitaria-khan-younis-gaza-trax\/#breadcrumb","itemListElement":[{"@type":"ListItem","position":1,"name":"Home","item":"https:\/\/noticiasya.com\/"},{"@type":"ListItem","position":2,"name":"Israel bombardea una zona humanitaria de Gaza"}]},{"@type":"WebSite","@id":"https:\/\/noticiasya.com\/#website","url":"https:\/\/noticiasya.com\/","name":"Noticias","description":"Lo que importa","publisher":{"@id":"https:\/\/noticiasya.com\/#organization"},"potentialAction":[{"@type":"SearchAction","target":{"@type":"EntryPoint","urlTemplate":"https:\/\/noticiasya.com\/?s={search_term_string}"},"query-input":{"@type":"PropertyValueSpecification","valueRequired":true,"valueName":"search_term_string"}}],"inLanguage":"es"},{"@type":"Organization","@id":"https:\/\/noticiasya.com\/#organization","name":"Noticias","url":"https:\/\/noticiasya.com\/","logo":{"@type":"ImageObject","inLanguage":"es","@id":"https:\/\/noticiasya.com\/#\/schema\/logo\/image\/","url":"https:\/\/noticiasya.com\/wp-content\/uploads\/sites\/22\/2023\/12\/logo-nacional.png","contentUrl":"https:\/\/noticiasya.com\/wp-content\/uploads\/sites\/22\/2023\/12\/logo-nacional.png","width":1801,"height":691,"caption":"Noticias"},"image":{"@id":"https:\/\/noticiasya.com\/#\/schema\/logo\/image\/"}}]}},"parsely":{"version":"1.1.0","canonical_url":"https:\/\/noticiasya.com\/el-valle\/2024\/09\/09\/israel-ataca-zona-humanitaria-khan-younis-gaza-trax\/","smart_links":{"inbound":0,"outbound":0},"traffic_boost_suggestions_count":0,"meta":{"@context":"https:\/\/schema.org","@type":"NewsArticle","headline":"Israel bombardea una zona humanitaria de Gaza","url":"http:\/\/noticiasya.com\/el-valle\/2024\/09\/09\/israel-ataca-zona-humanitaria-khan-younis-gaza-trax\/","mainEntityOfPage":{"@type":"WebPage","@id":"http:\/\/noticiasya.com\/el-valle\/2024\/09\/09\/israel-ataca-zona-humanitaria-khan-younis-gaza-trax\/"},"thumbnailUrl":"","image":{"@type":"ImageObject","url":""},"articleSection":"Noticias Nacionales","author":[],"creator":[],"publisher":{"@type":"Organization","name":"Noticias","logo":""},"keywords":[],"dateCreated":"2024-09-10T01:03:45Z","datePublished":"2024-09-10T01:03:45Z","dateModified":"2024-09-10T01:03:45Z"},"rendered":"<script type=\"application\/ld+json\" class=\"wp-parsely-metadata\">{\"@context\":\"https:\\\/\\\/schema.org\",\"@type\":\"NewsArticle\",\"headline\":\"Israel bombardea una zona humanitaria de Gaza\",\"url\":\"http:\\\/\\\/noticiasya.com\\\/el-valle\\\/2024\\\/09\\\/09\\\/israel-ataca-zona-humanitaria-khan-younis-gaza-trax\\\/\",\"mainEntityOfPage\":{\"@type\":\"WebPage\",\"@id\":\"http:\\\/\\\/noticiasya.com\\\/el-valle\\\/2024\\\/09\\\/09\\\/israel-ataca-zona-humanitaria-khan-younis-gaza-trax\\\/\"},\"thumbnailUrl\":\"\",\"image\":{\"@type\":\"ImageObject\",\"url\":\"\"},\"articleSection\":\"Noticias Nacionales\",\"author\":[],\"creator\":[],\"publisher\":{\"@type\":\"Organization\",\"name\":\"Noticias\",\"logo\":\"\"},\"keywords\":[],\"dateCreated\":\"2024-09-10T01:03:45Z\",\"datePublished\":\"2024-09-10T01:03:45Z\",\"dateModified\":\"2024-09-10T01:03:45Z\"}<\/script>","tracker_url":"https:\/\/cdn.parsely.com\/keys\/noticiasya.com\/p.js"},"jetpack_featured_media_url":"","jetpack-related-posts":[{"id":1451947,"url":"https:\/\/noticiasya.com\/el-valle\/2024\/08\/18\/ataque-aereo-israeli-mata-a-dos-comandantes-de-hamas-en-yenin-trax\/","url_meta":{"origin":1452566,"position":0},"title":"Un ataque a\u00e9reo israel\u00ed mata a dos comandantes de Hamas en Yen\u00edn","author":"","date":"agosto 18, 2024","format":false,"excerpt":"(CNN) -- Las Brigadas Qassam, brazo militar de Hamas, anunciaron la muerte de dos de sus comandantes tras un ataque a\u00e9reo israel\u00ed en Yen\u00edn este s\u00e1bado por la noche. El ataque tuvo como objetivo su veh\u00edculo, matando a ambos hombres.En su comunicado, las Brigadas Qassam destacaron el importante papel que\u2026","rel":"","context":"In &quot;Noticias Nacionales&quot;","block_context":{"text":"Noticias Nacionales","link":"https:\/\/noticiasya.com\/el-valle\/categoria\/noticias-nacionales"},"img":{"alt_text":"","src":"","width":0,"height":0},"classes":[]},{"id":1451713,"url":"https:\/\/noticiasya.com\/el-valle\/2024\/08\/10\/israeli-school-strike-gaza-trax\/","url_meta":{"origin":1452566,"position":1},"title":"Al menos 90 palestinos muertos en un ataque israel\u00ed contra una escuela de Gaza, seg\u00fan portavoz de la Defensa Civil","author":"","date":"agosto 10, 2024","format":false,"excerpt":"(CNN) -- Al menos 90 palestinos murieron en un ataque israel\u00ed contra la escuela de Al-Tabi'in, en la ciudad de Gaza, seg\u00fan declar\u00f3 o a CNN el portavoz de la Defensa Civil de Gaza, Mahmoud Basal.\"Hemos recuperado al menos 90\" personas muertas, ha dicho Basal, a\u00f1adiendo que \"muchas de ellas\u2026","rel":"","context":"In &quot;Noticias Nacionales&quot;","block_context":{"text":"Noticias Nacionales","link":"https:\/\/noticiasya.com\/el-valle\/categoria\/noticias-nacionales"},"img":{"alt_text":"","src":"","width":0,"height":0},"classes":[]},{"id":1464180,"url":"https:\/\/noticiasya.com\/el-valle\/2025\/07\/03\/decenas-muertos-gaza-ataques-israelies-trax\/","url_meta":{"origin":1452566,"position":2},"title":"Decenas de muertos en Gaza a medida que Israel intensifica sus ataques sobre el enclave palestino","author":"","date":"julio 3, 2025","format":false,"excerpt":"M\u00e1s de 80 palestinos murieron en Gaza este jueves, seg\u00fan funcionarios de Salud, en el contexto de una intensificaci\u00f3n de los ataques de Israel en el enclave.Las muertes, que seg\u00fan las autoridades inclu\u00edan a decenas de personas que buscaban ayuda, se producen mientras avanzan las negociaciones para alcanzar un alto\u2026","rel":"","context":"In &quot;Noticias Nacionales&quot;","block_context":{"text":"Noticias Nacionales","link":"https:\/\/noticiasya.com\/el-valle\/categoria\/noticias-nacionales"},"img":{"alt_text":"","src":"","width":0,"height":0},"classes":[]},{"id":1461147,"url":"https:\/\/noticiasya.com\/el-valle\/2025\/04\/13\/israel-destruye-hospital-ciudad-de-gaza-trax\/","url_meta":{"origin":1452566,"position":3},"title":"Ataque de Israel destruye parte del \u00faltimo hospital en pleno funcionamiento en la Ciudad de Gaza","author":"","date":"abril 13, 2025","format":false,"excerpt":"Un ataque a\u00e9reo de Israel la madrugada del domingo destruy\u00f3 parte del \u00faltimo hospital en pleno funcionamiento en la Ciudad de Gaza, mientras las fuerzas israel\u00edes expanden e intensifican su ofensiva en el territorio.No se reportaron v\u00edctimas en el ataque, pero la iglesia anglicana de Jerusal\u00e9n, que administra el hospital\u2026","rel":"","context":"In &quot;Noticias Nacionales&quot;","block_context":{"text":"Noticias Nacionales","link":"https:\/\/noticiasya.com\/el-valle\/categoria\/noticias-nacionales"},"img":{"alt_text":"","src":"","width":0,"height":0},"classes":[]},{"id":1451285,"url":"https:\/\/noticiasya.com\/el-valle\/2024\/07\/20\/muertos-ataques-aereos-israel-campo-de-nuseirat-gaza-trax\/","url_meta":{"origin":1452566,"position":4},"title":"Al menos 13 muertos en ataques a\u00e9reos israel\u00edes contra el campo de Nuseirat en el centro de Gaza","author":"","date":"julio 20, 2024","format":false,"excerpt":"(CNN) -- Al menos 13 personas murieron este s\u00e1bado en ataques a\u00e9reos israel\u00edes contra viviendas en el campo de Nuseirat, en el centro de Gaza, seg\u00fan funcionarios del hospital y la Defensa Civil de Gaza.El n\u00famero de v\u00edctimas se debi\u00f3 a dos ataques distintos sobre el campo, dijeron los funcionarios.\u2026","rel":"","context":"In &quot;Noticias Nacionales&quot;","block_context":{"text":"Noticias Nacionales","link":"https:\/\/noticiasya.com\/el-valle\/categoria\/noticias-nacionales"},"img":{"alt_text":"","src":"","width":0,"height":0},"classes":[]},{"id":1460303,"url":"https:\/\/noticiasya.com\/el-valle\/2025\/03\/23\/israel-gaza-hamas-ataque-trax\/","url_meta":{"origin":1452566,"position":5},"title":"Israel intensifica su ofensiva en el sur de Gaza mientras Hamas afirma que un alto cargo muri\u00f3 en un ataque","author":"","date":"marzo 23, 2025","format":false,"excerpt":"Las operaciones israel\u00edes se intensificaron en el sur de Gaza, los militares ordenaron evacuaciones y Hamas inform\u00f3 de la muerte de una figura importante en un ataque a\u00e9reo.El grupo militante dijo que Salah al-Bardawil, miembro de la oficina pol\u00edtica del grupo, muri\u00f3 junto con su esposa en un ataque israel\u00ed\u2026","rel":"","context":"In &quot;Noticias Nacionales&quot;","block_context":{"text":"Noticias Nacionales","link":"https:\/\/noticiasya.com\/el-valle\/categoria\/noticias-nacionales"},"img":{"alt_text":"","src":"","width":0,"height":0},"classes":[]}],"jetpack_sharing_enabled":true,"_links":{"self":[{"href":"https:\/\/noticiasya.com\/el-valle\/wp-json\/wp\/v2\/posts\/1452566","targetHints":{"allow":["GET"]}}],"collection":[{"href":"https:\/\/noticiasya.com\/el-valle\/wp-json\/wp\/v2\/posts"}],"about":[{"href":"https:\/\/noticiasya.com\/el-valle\/wp-json\/wp\/v2\/types\/post"}],"replies":[{"embeddable":true,"href":"https:\/\/noticiasya.com\/el-valle\/wp-json\/wp\/v2\/comments?post=1452566"}],"version-history":[{"count":0,"href":"https:\/\/noticiasya.com\/el-valle\/wp-json\/wp\/v2\/posts\/1452566\/revisions"}],"wp:attachment":[{"href":"https:\/\/noticiasya.com\/el-valle\/wp-json\/wp\/v2\/media?parent=1452566"}],"wp:term":[{"taxonomy":"category","embeddable":true,"href":"https:\/\/noticiasya.com\/el-valle\/wp-json\/wp\/v2\/categories?post=1452566"},{"taxonomy":"post_tag","embeddable":true,"href":"https:\/\/noticiasya.com\/el-valle\/wp-json\/wp\/v2\/tags?post=1452566"}],"curies":[{"name":"wp","href":"https:\/\/api.w.org\/{rel}","templated":true}]}}