{"id":1452612,"date":"2024-09-12T14:04:05","date_gmt":"2024-09-12T21:04:05","guid":{"rendered":"https:\/\/noticiasya.com\/2024\/09\/12\/thorin-cueva-francia-desaparicion-neandertales-trax\/"},"modified":"2024-09-12T14:04:05","modified_gmt":"2024-09-12T21:04:05","slug":"thorin-cueva-francia-desaparicion-neandertales-trax","status":"publish","type":"post","link":"https:\/\/noticiasya.com\/el-valle\/2024\/09\/12\/thorin-cueva-francia-desaparicion-neandertales-trax\/","title":{"rendered":"El descubrimiento de una cueva en Francia podr\u00eda explicar por qu\u00e9 desaparecieron los neandertales, dicen los cient\u00edficos"},"content":{"rendered":"<p>(CNN) &#8212; Cuando el arque\u00f3logo Ludovic Slimak desenterr\u00f3 cinco dientes en un refugio rocoso en el valle del R\u00f3dano de Francia en 2015, fue inmediatamente obvio que pertenec\u00edan a un neandertal, los primeros restos intactos de la especie antigua que se descubren en ese pa\u00eds desde 1979.<\/p>\n<p>Sin embargo, el hallazgo, apodado Thorin en honor a un personaje de &#171;El Hobbit&#187;, permaneci\u00f3 como un secreto bien guardado durante casi una d\u00e9cada mientras Slimak y sus colegas desentra\u00f1aban el significado del descubrimiento, una tarea complicada que enfrent\u00f3 a los expertos en ADN antiguo contra los arque\u00f3logos.<\/p>\n<p>Los restos de un neandertal, apodado Thorin, fueron descubiertos en la cueva Mandrin, un refugio rocoso en el valle del R\u00f3dano, en el sur de Francia. Cortes\u00eda de Ludovic Slimak<\/p>\n<p>&#171;Nos enfrentamos a un problema importante&#187;, dijo Slimak, investigador del Centro Nacional de Investigaci\u00f3n Cient\u00edfica de Francia y la Universidad Paul Sabatier en Toulouse. &#171;La gen\u00e9tica estaba segura de que el neandertal al que llamamos Thorin ten\u00eda 105.000 a\u00f1os. Pero sab\u00edamos por el contexto arqueol\u00f3gico (del esp\u00e9cimen) que ten\u00eda entre 40.000 y 50.000 a\u00f1os de antig\u00fcedad\u201d.<\/p>\n<p>\u201cLo que el ADN suger\u00eda no concordaba con lo que vimos\u201d, a\u00f1adi\u00f3.<\/p>\n<p>El equipo tard\u00f3 casi 10 a\u00f1os en reconstruir la historia del neandertal, agregando un nuevo cap\u00edtulo al misterio de larga data de por qu\u00e9 estos humanos desaparecieron hace unos 40.000 a\u00f1os.<\/p>\n<p>La investigaci\u00f3n, publicada el mi\u00e9rcoles en la revista Cell Genomics, descubri\u00f3 que Thorin pertenec\u00eda a un linaje o grupo de neandertales que hab\u00edan estado aislados de otros grupos durante unos 50.000 a\u00f1os. Este aislamiento gen\u00e9tico fue la raz\u00f3n por la que el ADN de Thorin parec\u00eda provenir de un per\u00edodo de tiempo anterior al que realmente lo hizo.<\/p>\n<p>La cueva de Mandrin es el \u00fanico yacimiento conocido que alberg\u00f3 grupos alternados de Homo sapiens y Homo neanderthalensis. Cortes\u00eda de Ludovic Slimak<\/p>\n<p>Hasta ahora, los genetistas pensaban que en el momento de la extinci\u00f3n hab\u00eda una poblaci\u00f3n neandertal que era gen\u00e9ticamente homog\u00e9nea, pero el nuevo estudio revela que al menos dos poblaciones estaban presentes en Europa occidental en ese momento, y viv\u00edan sorprendentemente cerca una de la otra.<\/p>\n<p>\u201cLa poblaci\u00f3n de Thorin pas\u00f3 50.000 a\u00f1os sin intercambiar genes con otras poblaciones neandertales\u201d, dijo Slimak en un comunicado de prensa.<\/p>\n<p>\u201cPor lo tanto, tenemos 50 milenios durante los cuales dos poblaciones neandertales, que viv\u00edan a unos diez d\u00edas de caminata una de la otra, coexistieron mientras se ignoraban por completo\u201d.<\/p>\n<p>Slimak dijo que el descubrimiento suger\u00eda que las comunidades neandertales eran peque\u00f1as e insulares, factores que podr\u00edan ser clave para comprender su extinci\u00f3n porque el aislamiento generalmente se considera una desventaja evolutiva.<\/p>\n<p>Una menor variaci\u00f3n gen\u00e9tica podr\u00eda dificultar la adaptaci\u00f3n al cambio clim\u00e1tico o a las enfermedades, mientras que una menor interacci\u00f3n social entre los grupos dificulta el intercambio de conocimientos y tecnolog\u00eda.<\/p>\n<p>\u201cEran felices en su valle y no necesitaban moverse, mientras que el Homo sapiens todo el tiempo quiere explorar, ver qu\u00e9 hay despu\u00e9s de este r\u00edo, despu\u00e9s de esta monta\u00f1a. (Tenemos) esta necesidad, esta necesidad de movernos y esta necesidad de construir una red social\u201d, dijo Slimak.<\/p>\n<p>Thorin, un neandertal que vivi\u00f3 hace entre 40.000 y 50.000 a\u00f1os, ten\u00eda dos molares inferiores adicionales. Este rasgo a veces sugiere una poblaci\u00f3n consangu\u00ednea, seg\u00fan el nuevo estudio. Cortes\u00eda de Ludovic Slimak<\/p>\n<p>Este patr\u00f3n de poblaciones peque\u00f1as, aisladas cultural y gen\u00e9ticamente entre s\u00ed, fue probablemente un factor importante detr\u00e1s de la extinci\u00f3n de los neandertales, que ocurri\u00f3 aproximadamente al mismo tiempo que el Homo sapiens lleg\u00f3 a Europa, explic\u00f3.<\/p>\n<p>El ADN de los f\u00f3siles de Homo sapiens de esa \u00e9poca muestra que aquellos que llegaron primero se cruzaron con los neandertales; los rastros de esos encuentros permanecen en las poblaciones humanas actuales. Sin embargo, no se ha encontrado evidencia gen\u00e9tica correspondiente de ese mestizaje en los f\u00f3siles neandertales de esa \u00e9poca, incluidos los restos de Thorin, se\u00f1al\u00f3 el estudio.<\/p>\n<p>Cualquier comportamiento que llev\u00f3 a esta falta de mezcla gen\u00e9tica por un lado, junto con poblaciones neandertales peque\u00f1as y aisladas como la que identificaron Slimak y sus colegas, probablemente contribuy\u00f3 a la desaparici\u00f3n de los neandertales, dijo Chris Stringer, l\u00edder de investigaci\u00f3n en evoluci\u00f3n humana en el Museo de Historia Natural de Londres, que no particip\u00f3 en el estudio.<\/p>\n<p>\u201cSean cuales sean las razones de este desequilibrio (\u00bfsocial, biol\u00f3gico?), contribuy\u00f3 a la desaparici\u00f3n de los \u00faltimos neandertales, ya que sus poblaciones, de por s\u00ed peque\u00f1as, perd\u00edan individuos en edad reproductiva ante otras especies sin que se produjera ninguna reposici\u00f3n a cambio\u201d, coment\u00f3 Stringer por correo electr\u00f3nico.<\/p>\n<p>\u201cSumado a la competencia econ\u00f3mica de los reci\u00e9n llegados por los recursos, esto podr\u00eda haber sido una receta para el colapso demogr\u00e1fico\u201d.<\/p>\n<p>Se desconoce si el esqueleto completo de Thorin est\u00e1 enterrado en la Grotte Mandrin, como se conoce al refugio rocoso en el valle del R\u00f3dano cerca de Malataverne, Francia. Los restos se encontraron cerca de la superficie en un terreno blando e inestable, y la excavaci\u00f3n contin\u00faa lentamente, indic\u00f3 Slimak, con los arque\u00f3logos sacando \u201cun grano a la vez\u201d. Tampoco est\u00e1 claro si el esp\u00e9cimen, que es masculino, fue enterrado deliberadamente o no.<\/p>\n<p>Los arque\u00f3logos han excavado m\u00e1s restos de Thorin: 31 dientes, parte de la mand\u00edbula y cinco huesos de los dedos, hasta ahora. La forma de sus dientes es t\u00edpica de un neandertal, pero ten\u00eda dos molares inferiores adicionales, un rasgo que a veces sugiere una poblaci\u00f3n endog\u00e1mica, se\u00f1al\u00f3 el estudio.<\/p>\n<p>Misterio gen\u00e9tico resuelto<\/p>\n<p>El an\u00e1lisis gen\u00e9tico inicial sugiri\u00f3 que Thorin era mucho m\u00e1s antiguo porque su genoma era distinto al de otros neandertales posteriores, parecido al de los humanos antiguos que vivieron hace m\u00e1s de 100.000 a\u00f1os.<\/p>\n<p>Para entender los or\u00edgenes de Thorin y confirmar la edad de sus restos, el equipo analiz\u00f3 los is\u00f3topos qu\u00edmicos en sus huesos y dientes para inferir en qu\u00e9 tipo de clima viv\u00eda con base en el agua que habr\u00eda bebido y otros factores. Un neandertal en Europa hace 105.000 a\u00f1os habr\u00eda disfrutado de un clima mucho m\u00e1s c\u00e1lido que uno que vivi\u00f3 hace 45.000 a\u00f1os durante la Edad de Hielo.<\/p>\n<p>&#171;Trabajamos durante siete a\u00f1os para averiguar qui\u00e9n estaba equivocado: los arque\u00f3logos o los gen\u00f3micos&#187;, dijo Slimak en el comunicado de prensa.<\/p>\n<p>Slimak ha estado involucrado en la excavaci\u00f3n de Grotte Mandrin durante m\u00e1s de tres d\u00e9cadas y ha realizado una serie de hallazgos emocionantes en el refugio rocoso. Es el \u00fanico yacimiento conocido que alberg\u00f3 grupos alternados de Homo sapiens y neandertales, adem\u00e1s de la evidencia m\u00e1s antigua del uso del arco y la flecha fuera de \u00c1frica.<\/p>\n<p>\u201cLa cueva Mandrin sigue deparando sorpresas\u201d, afirm\u00f3 Stringer.<\/p>\n<p>The-CNN-Wire<br \/>&trade; &amp; &copy; 2024 Cable News Network, Inc., a Warner Bros. Discovery Company. All rights reserved.<\/p>\n","protected":false},"excerpt":{"rendered":"<p>(CNN) &#8212; Cuando el arque\u00f3logo Ludovic Slimak desenterr\u00f3 cinco dientes en un refugio rocoso en el valle del R\u00f3dano de Francia en 2015, fue inmediatamente obvio que pertenec\u00edan a un neandertal, los primeros restos intactos de la especie antigua que se descubren en ese pa\u00eds desde 1979. Sin embargo, el hallazgo, apodado Thorin en honor [&hellip;]<\/p>\n","protected":false},"author":0,"featured_media":0,"comment_status":"open","ping_status":"open","sticky":false,"template":"","format":"standard","meta":{"_jetpack_memberships_contains_paid_content":false,"footnotes":""},"categories":[10],"tags":[],"class_list":["post-1452612","post","type-post","status-publish","format-standard","hentry","category-noticias-nacionales","market-global"],"yoast_head":"<!-- This site is optimized with the Yoast SEO plugin v24.4 - https:\/\/yoast.com\/wordpress\/plugins\/seo\/ -->\n<title>El descubrimiento de una cueva en Francia podr\u00eda explicar por qu\u00e9 desaparecieron los neandertales, dicen los cient\u00edficos - Noticias<\/title>\n<meta name=\"robots\" content=\"index, follow, max-snippet:-1, max-image-preview:large, max-video-preview:-1\" \/>\n<link rel=\"canonical\" href=\"https:\/\/noticiasya.com\/2024\/09\/12\/thorin-cueva-francia-desaparicion-neandertales-trax\/\" \/>\n<meta property=\"og:locale\" content=\"es_ES\" \/>\n<meta property=\"og:type\" content=\"article\" \/>\n<meta property=\"og:title\" content=\"El descubrimiento de una cueva en Francia podr\u00eda explicar por qu\u00e9 desaparecieron los neandertales, dicen los cient\u00edficos - Noticias\" \/>\n<meta property=\"og:description\" content=\"(CNN) &#8212; Cuando el arque\u00f3logo Ludovic Slimak desenterr\u00f3 cinco dientes en un refugio rocoso en el valle del R\u00f3dano de Francia en 2015, fue inmediatamente obvio que pertenec\u00edan a un neandertal, los primeros restos intactos de la especie antigua que se descubren en ese pa\u00eds desde 1979. Sin embargo, el hallazgo, apodado Thorin en honor [&hellip;]\" \/>\n<meta property=\"og:url\" content=\"https:\/\/noticiasya.com\/2024\/09\/12\/thorin-cueva-francia-desaparicion-neandertales-trax\/\" \/>\n<meta property=\"og:site_name\" content=\"Noticias\" \/>\n<meta property=\"article:published_time\" content=\"2024-09-12T21:04:05+00:00\" \/>\n<meta name=\"twitter:card\" content=\"summary_large_image\" \/>\n<meta name=\"twitter:label1\" content=\"Est. reading time\" \/>\n\t<meta name=\"twitter:data1\" content=\"6 minutos\" \/>\n<script type=\"application\/ld+json\" class=\"yoast-schema-graph\">{\"@context\":\"https:\/\/schema.org\",\"@graph\":[{\"@type\":\"Article\",\"@id\":\"https:\/\/noticiasya.com\/2024\/09\/12\/thorin-cueva-francia-desaparicion-neandertales-trax\/#article\",\"isPartOf\":{\"@id\":\"https:\/\/noticiasya.com\/2024\/09\/12\/thorin-cueva-francia-desaparicion-neandertales-trax\/\"},\"author\":{\"name\":\"\",\"@id\":\"\"},\"headline\":\"El descubrimiento de una cueva en Francia podr\u00eda explicar por qu\u00e9 desaparecieron los neandertales, dicen los cient\u00edficos\",\"datePublished\":\"2024-09-12T21:04:05+00:00\",\"mainEntityOfPage\":{\"@id\":\"https:\/\/noticiasya.com\/2024\/09\/12\/thorin-cueva-francia-desaparicion-neandertales-trax\/\"},\"wordCount\":1233,\"commentCount\":0,\"publisher\":{\"@id\":\"https:\/\/noticiasya.com\/#organization\"},\"articleSection\":[\"Noticias Nacionales\"],\"inLanguage\":\"es\",\"potentialAction\":[{\"@type\":\"CommentAction\",\"name\":\"Comment\",\"target\":[\"https:\/\/noticiasya.com\/2024\/09\/12\/thorin-cueva-francia-desaparicion-neandertales-trax\/#respond\"]}]},{\"@type\":\"WebPage\",\"@id\":\"https:\/\/noticiasya.com\/2024\/09\/12\/thorin-cueva-francia-desaparicion-neandertales-trax\/\",\"url\":\"https:\/\/noticiasya.com\/2024\/09\/12\/thorin-cueva-francia-desaparicion-neandertales-trax\/\",\"name\":\"El descubrimiento de una cueva en Francia podr\u00eda explicar por qu\u00e9 desaparecieron los neandertales, dicen los cient\u00edficos - Noticias\",\"isPartOf\":{\"@id\":\"https:\/\/noticiasya.com\/#website\"},\"datePublished\":\"2024-09-12T21:04:05+00:00\",\"breadcrumb\":{\"@id\":\"https:\/\/noticiasya.com\/2024\/09\/12\/thorin-cueva-francia-desaparicion-neandertales-trax\/#breadcrumb\"},\"inLanguage\":\"es\",\"potentialAction\":[{\"@type\":\"ReadAction\",\"target\":[\"https:\/\/noticiasya.com\/2024\/09\/12\/thorin-cueva-francia-desaparicion-neandertales-trax\/\"]}]},{\"@type\":\"BreadcrumbList\",\"@id\":\"https:\/\/noticiasya.com\/2024\/09\/12\/thorin-cueva-francia-desaparicion-neandertales-trax\/#breadcrumb\",\"itemListElement\":[{\"@type\":\"ListItem\",\"position\":1,\"name\":\"Home\",\"item\":\"https:\/\/noticiasya.com\/\"},{\"@type\":\"ListItem\",\"position\":2,\"name\":\"El descubrimiento de una cueva en Francia podr\u00eda explicar por qu\u00e9 desaparecieron los neandertales, dicen los cient\u00edficos\"}]},{\"@type\":\"WebSite\",\"@id\":\"https:\/\/noticiasya.com\/#website\",\"url\":\"https:\/\/noticiasya.com\/\",\"name\":\"Noticias\",\"description\":\"Lo que importa\",\"publisher\":{\"@id\":\"https:\/\/noticiasya.com\/#organization\"},\"potentialAction\":[{\"@type\":\"SearchAction\",\"target\":{\"@type\":\"EntryPoint\",\"urlTemplate\":\"https:\/\/noticiasya.com\/?s={search_term_string}\"},\"query-input\":{\"@type\":\"PropertyValueSpecification\",\"valueRequired\":true,\"valueName\":\"search_term_string\"}}],\"inLanguage\":\"es\"},{\"@type\":\"Organization\",\"@id\":\"https:\/\/noticiasya.com\/#organization\",\"name\":\"Noticias\",\"url\":\"https:\/\/noticiasya.com\/\",\"logo\":{\"@type\":\"ImageObject\",\"inLanguage\":\"es\",\"@id\":\"https:\/\/noticiasya.com\/#\/schema\/logo\/image\/\",\"url\":\"https:\/\/noticiasya.com\/wp-content\/uploads\/sites\/22\/2023\/12\/logo-nacional.png\",\"contentUrl\":\"https:\/\/noticiasya.com\/wp-content\/uploads\/sites\/22\/2023\/12\/logo-nacional.png\",\"width\":1801,\"height\":691,\"caption\":\"Noticias\"},\"image\":{\"@id\":\"https:\/\/noticiasya.com\/#\/schema\/logo\/image\/\"}}]}<\/script>\n<!-- \/ Yoast SEO plugin. -->","yoast_head_json":{"title":"El descubrimiento de una cueva en Francia podr\u00eda explicar por qu\u00e9 desaparecieron los neandertales, dicen los cient\u00edficos - Noticias","robots":{"index":"index","follow":"follow","max-snippet":"max-snippet:-1","max-image-preview":"max-image-preview:large","max-video-preview":"max-video-preview:-1"},"canonical":"https:\/\/noticiasya.com\/2024\/09\/12\/thorin-cueva-francia-desaparicion-neandertales-trax\/","og_locale":"es_ES","og_type":"article","og_title":"El descubrimiento de una cueva en Francia podr\u00eda explicar por qu\u00e9 desaparecieron los neandertales, dicen los cient\u00edficos - Noticias","og_description":"(CNN) &#8212; Cuando el arque\u00f3logo Ludovic Slimak desenterr\u00f3 cinco dientes en un refugio rocoso en el valle del R\u00f3dano de Francia en 2015, fue inmediatamente obvio que pertenec\u00edan a un neandertal, los primeros restos intactos de la especie antigua que se descubren en ese pa\u00eds desde 1979. Sin embargo, el hallazgo, apodado Thorin en honor [&hellip;]","og_url":"https:\/\/noticiasya.com\/2024\/09\/12\/thorin-cueva-francia-desaparicion-neandertales-trax\/","og_site_name":"Noticias","article_published_time":"2024-09-12T21:04:05+00:00","twitter_card":"summary_large_image","twitter_misc":{"Est. reading time":"6 minutos"},"schema":{"@context":"https:\/\/schema.org","@graph":[{"@type":"Article","@id":"https:\/\/noticiasya.com\/2024\/09\/12\/thorin-cueva-francia-desaparicion-neandertales-trax\/#article","isPartOf":{"@id":"https:\/\/noticiasya.com\/2024\/09\/12\/thorin-cueva-francia-desaparicion-neandertales-trax\/"},"author":{"name":"","@id":""},"headline":"El descubrimiento de una cueva en Francia podr\u00eda explicar por qu\u00e9 desaparecieron los neandertales, dicen los cient\u00edficos","datePublished":"2024-09-12T21:04:05+00:00","mainEntityOfPage":{"@id":"https:\/\/noticiasya.com\/2024\/09\/12\/thorin-cueva-francia-desaparicion-neandertales-trax\/"},"wordCount":1233,"commentCount":0,"publisher":{"@id":"https:\/\/noticiasya.com\/#organization"},"articleSection":["Noticias Nacionales"],"inLanguage":"es","potentialAction":[{"@type":"CommentAction","name":"Comment","target":["https:\/\/noticiasya.com\/2024\/09\/12\/thorin-cueva-francia-desaparicion-neandertales-trax\/#respond"]}]},{"@type":"WebPage","@id":"https:\/\/noticiasya.com\/2024\/09\/12\/thorin-cueva-francia-desaparicion-neandertales-trax\/","url":"https:\/\/noticiasya.com\/2024\/09\/12\/thorin-cueva-francia-desaparicion-neandertales-trax\/","name":"El descubrimiento de una cueva en Francia podr\u00eda explicar por qu\u00e9 desaparecieron los neandertales, dicen los cient\u00edficos - Noticias","isPartOf":{"@id":"https:\/\/noticiasya.com\/#website"},"datePublished":"2024-09-12T21:04:05+00:00","breadcrumb":{"@id":"https:\/\/noticiasya.com\/2024\/09\/12\/thorin-cueva-francia-desaparicion-neandertales-trax\/#breadcrumb"},"inLanguage":"es","potentialAction":[{"@type":"ReadAction","target":["https:\/\/noticiasya.com\/2024\/09\/12\/thorin-cueva-francia-desaparicion-neandertales-trax\/"]}]},{"@type":"BreadcrumbList","@id":"https:\/\/noticiasya.com\/2024\/09\/12\/thorin-cueva-francia-desaparicion-neandertales-trax\/#breadcrumb","itemListElement":[{"@type":"ListItem","position":1,"name":"Home","item":"https:\/\/noticiasya.com\/"},{"@type":"ListItem","position":2,"name":"El descubrimiento de una cueva en Francia podr\u00eda explicar por qu\u00e9 desaparecieron los neandertales, dicen los cient\u00edficos"}]},{"@type":"WebSite","@id":"https:\/\/noticiasya.com\/#website","url":"https:\/\/noticiasya.com\/","name":"Noticias","description":"Lo que importa","publisher":{"@id":"https:\/\/noticiasya.com\/#organization"},"potentialAction":[{"@type":"SearchAction","target":{"@type":"EntryPoint","urlTemplate":"https:\/\/noticiasya.com\/?s={search_term_string}"},"query-input":{"@type":"PropertyValueSpecification","valueRequired":true,"valueName":"search_term_string"}}],"inLanguage":"es"},{"@type":"Organization","@id":"https:\/\/noticiasya.com\/#organization","name":"Noticias","url":"https:\/\/noticiasya.com\/","logo":{"@type":"ImageObject","inLanguage":"es","@id":"https:\/\/noticiasya.com\/#\/schema\/logo\/image\/","url":"https:\/\/noticiasya.com\/wp-content\/uploads\/sites\/22\/2023\/12\/logo-nacional.png","contentUrl":"https:\/\/noticiasya.com\/wp-content\/uploads\/sites\/22\/2023\/12\/logo-nacional.png","width":1801,"height":691,"caption":"Noticias"},"image":{"@id":"https:\/\/noticiasya.com\/#\/schema\/logo\/image\/"}}]}},"parsely":{"version":"1.1.0","canonical_url":"https:\/\/noticiasya.com\/el-valle\/2024\/09\/12\/thorin-cueva-francia-desaparicion-neandertales-trax\/","smart_links":{"inbound":0,"outbound":0},"traffic_boost_suggestions_count":0,"meta":{"@context":"https:\/\/schema.org","@type":"NewsArticle","headline":"El descubrimiento de una cueva en Francia podr\u00eda explicar por qu\u00e9 desaparecieron los neandertales, dicen los cient\u00edficos","url":"http:\/\/noticiasya.com\/el-valle\/2024\/09\/12\/thorin-cueva-francia-desaparicion-neandertales-trax\/","mainEntityOfPage":{"@type":"WebPage","@id":"http:\/\/noticiasya.com\/el-valle\/2024\/09\/12\/thorin-cueva-francia-desaparicion-neandertales-trax\/"},"thumbnailUrl":"","image":{"@type":"ImageObject","url":""},"articleSection":"Noticias Nacionales","author":[],"creator":[],"publisher":{"@type":"Organization","name":"Noticias","logo":""},"keywords":[],"dateCreated":"2024-09-12T21:04:05Z","datePublished":"2024-09-12T21:04:05Z","dateModified":"2024-09-12T21:04:05Z"},"rendered":"<script type=\"application\/ld+json\" class=\"wp-parsely-metadata\">{\"@context\":\"https:\\\/\\\/schema.org\",\"@type\":\"NewsArticle\",\"headline\":\"El descubrimiento de una cueva en Francia podr\\u00eda explicar por qu\\u00e9 desaparecieron los neandertales, dicen los cient\\u00edficos\",\"url\":\"http:\\\/\\\/noticiasya.com\\\/el-valle\\\/2024\\\/09\\\/12\\\/thorin-cueva-francia-desaparicion-neandertales-trax\\\/\",\"mainEntityOfPage\":{\"@type\":\"WebPage\",\"@id\":\"http:\\\/\\\/noticiasya.com\\\/el-valle\\\/2024\\\/09\\\/12\\\/thorin-cueva-francia-desaparicion-neandertales-trax\\\/\"},\"thumbnailUrl\":\"\",\"image\":{\"@type\":\"ImageObject\",\"url\":\"\"},\"articleSection\":\"Noticias Nacionales\",\"author\":[],\"creator\":[],\"publisher\":{\"@type\":\"Organization\",\"name\":\"Noticias\",\"logo\":\"\"},\"keywords\":[],\"dateCreated\":\"2024-09-12T21:04:05Z\",\"datePublished\":\"2024-09-12T21:04:05Z\",\"dateModified\":\"2024-09-12T21:04:05Z\"}<\/script>","tracker_url":"https:\/\/cdn.parsely.com\/keys\/noticiasya.com\/p.js"},"jetpack_featured_media_url":"","jetpack-related-posts":[{"id":1448767,"url":"https:\/\/noticiasya.com\/el-valle\/2024\/05\/02\/cientificos-rostro-neandertal-75000-anos-trax\/","url_meta":{"origin":1452612,"position":0},"title":"Cient\u00edficos revelan el rostro de un neandertal que vivi\u00f3 hace 75.000 a\u00f1os","author":"","date":"mayo 2, 2024","format":false,"excerpt":"(CNN) -- Una mujer de unos 40 a\u00f1os fue enterrada en una cueva hace 75.000 a\u00f1os, depositada en un barranco excavado para alojar su cuerpo. Llevaba la mano izquierda enroscada bajo la cabeza y es posible que se colocara una roca detr\u00e1s de la cabeza a modo de coj\u00edn.Conocida como\u2026","rel":"","context":"In &quot;Noticias Nacionales&quot;","block_context":{"text":"Noticias Nacionales","link":"https:\/\/noticiasya.com\/el-valle\/categoria\/noticias-nacionales"},"img":{"alt_text":"","src":"","width":0,"height":0},"classes":[]},{"id":1451536,"url":"https:\/\/noticiasya.com\/el-valle\/2024\/08\/01\/desaparicion-neandertales-analisis-adn-luz-misterio-trax\/","url_meta":{"origin":1452612,"position":1},"title":"\u00bfC\u00f3mo desaparecieron los neandertales? Nuevos an\u00e1lisis de ADN arrojan luz sobre el misterio","author":"","date":"agosto 1, 2024","format":false,"excerpt":"(CNN) -- El descubrimiento en 2010 de que los primeros humanos y los neandertales se hab\u00edan cruzado fue una bomba cient\u00edfica: la revelaci\u00f3n de un legado gen\u00e9tico que, desde entonces, se ha descubierto que desempe\u00f1a un papel en la vida de las personas modernas, influyendo en los ritmos circadianos, el\u2026","rel":"","context":"In &quot;Noticias Nacionales&quot;","block_context":{"text":"Noticias Nacionales","link":"https:\/\/noticiasya.com\/el-valle\/categoria\/noticias-nacionales"},"img":{"alt_text":"","src":"","width":0,"height":0},"classes":[]},{"id":1456566,"url":"https:\/\/noticiasya.com\/el-valle\/2024\/12\/13\/adn-humano-antiguo-humanos-neandertales-trax\/","url_meta":{"origin":1452612,"position":2},"title":"El ADN humano m\u00e1s antiguo ayuda a determinar cu\u00e1ndo fue que los primeros humanos se cruzaron con los neandertales","author":"","date":"diciembre 13, 2024","format":false,"excerpt":"Los cient\u00edficos dicen que han recuperado el ADN del Homo sapiens m\u00e1s antiguo conocido a partir de restos humanos encontrados en Europa, y la informaci\u00f3n podr\u00eda ayudar a revelar la historia compartida de nuestra especie con los neandertales.Los genomas antiguos secuenciados de 13 fragmentos de hueso desenterrados en una cueva\u2026","rel":"","context":"In &quot;Noticias Nacionales&quot;","block_context":{"text":"Noticias Nacionales","link":"https:\/\/noticiasya.com\/el-valle\/categoria\/noticias-nacionales"},"img":{"alt_text":"","src":"","width":0,"height":0},"classes":[]},{"id":1447224,"url":"https:\/\/noticiasya.com\/el-valle\/2024\/03\/22\/toba-supervolcan-migracion-humana-temprana-africa-trax\/","url_meta":{"origin":1452612,"position":3},"title":"Una de las erupciones m\u00e1s grandes en la historia de la Tierra podr\u00eda haber acabado con los humanos. As\u00ed es como los cient\u00edficos dicen que algunos sobrevivieron","author":"","date":"marzo 22, 2024","format":false,"excerpt":"(CNN) -- Hace aproximadamente 74.000 a\u00f1os el Monte Toba en Sumatra experiment\u00f3 una supererupci\u00f3n, una de las m\u00e1s grandes en la historia de la Tierra, potencialmente desencadenando una interrupci\u00f3n masiva en el clima mundial.Algunos cient\u00edficos han sospechado que un invierno volc\u00e1nico resultante de la erupci\u00f3n fue un cambio lo suficientemente\u2026","rel":"","context":"In &quot;Noticias Nacionales&quot;","block_context":{"text":"Noticias Nacionales","link":"https:\/\/noticiasya.com\/el-valle\/categoria\/noticias-nacionales"},"img":{"alt_text":"","src":"","width":0,"height":0},"classes":[]},{"id":1471700,"url":"https:\/\/noticiasya.com\/el-valle\/2026\/02\/26\/estudio-humanos-neandertales-adn-trax\/","url_meta":{"origin":1452612,"position":4},"title":"\u00bfQu\u00e9 sucedi\u00f3 cuando los humanos y neandertales se cruzaron?","author":"","date":"febrero 26, 2026","format":false,"excerpt":"El descubrimiento en 2010 de que los primeros humanos y los neandertales se encontraron y tuvieron descendencia fue una bomba cient\u00edfica que revolucion\u00f3 el campo de los or\u00edgenes humanos.Ahora, genetistas de la Universidad de Pensilvania afirman tener una mejor comprensi\u00f3n de la naturaleza de esos encuentros prehist\u00f3ricos, y sugieren que\u2026","rel":"","context":"In &quot;Noticias Nacionales&quot;","block_context":{"text":"Noticias Nacionales","link":"https:\/\/noticiasya.com\/el-valle\/categoria\/noticias-nacionales"},"img":{"alt_text":"","src":"","width":0,"height":0},"classes":[]},{"id":1452972,"url":"https:\/\/noticiasya.com\/el-valle\/2024\/09\/23\/huesos-armas-informacion-batalla-antigua-trax\/","url_meta":{"origin":1452612,"position":5},"title":"Miles de huesos y cientos de armas revelan informaci\u00f3n espeluznante sobre una batalla de hace 3.250 a\u00f1os","author":"","date":"septiembre 23, 2024","format":false,"excerpt":"(CNN) \u2013\u2013 Un nuevo an\u00e1lisis de decenas de puntas de flechas ayud\u00f3 a los investigadores a reconstruir un retrato m\u00e1s claro de los guerreros que se enfrentaron en el campo de batalla m\u00e1s antiguo conocido de Europa hace 3.250 a\u00f1os.Las puntas de flecha de bronce y piedra fueron recuperadas en\u2026","rel":"","context":"In &quot;Noticias Nacionales&quot;","block_context":{"text":"Noticias Nacionales","link":"https:\/\/noticiasya.com\/el-valle\/categoria\/noticias-nacionales"},"img":{"alt_text":"","src":"","width":0,"height":0},"classes":[]}],"jetpack_sharing_enabled":true,"_links":{"self":[{"href":"https:\/\/noticiasya.com\/el-valle\/wp-json\/wp\/v2\/posts\/1452612","targetHints":{"allow":["GET"]}}],"collection":[{"href":"https:\/\/noticiasya.com\/el-valle\/wp-json\/wp\/v2\/posts"}],"about":[{"href":"https:\/\/noticiasya.com\/el-valle\/wp-json\/wp\/v2\/types\/post"}],"replies":[{"embeddable":true,"href":"https:\/\/noticiasya.com\/el-valle\/wp-json\/wp\/v2\/comments?post=1452612"}],"version-history":[{"count":0,"href":"https:\/\/noticiasya.com\/el-valle\/wp-json\/wp\/v2\/posts\/1452612\/revisions"}],"wp:attachment":[{"href":"https:\/\/noticiasya.com\/el-valle\/wp-json\/wp\/v2\/media?parent=1452612"}],"wp:term":[{"taxonomy":"category","embeddable":true,"href":"https:\/\/noticiasya.com\/el-valle\/wp-json\/wp\/v2\/categories?post=1452612"},{"taxonomy":"post_tag","embeddable":true,"href":"https:\/\/noticiasya.com\/el-valle\/wp-json\/wp\/v2\/tags?post=1452612"}],"curies":[{"name":"wp","href":"https:\/\/api.w.org\/{rel}","templated":true}]}}