{"id":1452614,"date":"2024-09-12T14:04:05","date_gmt":"2024-09-12T21:04:05","guid":{"rendered":"https:\/\/noticiasya.com\/2024\/09\/12\/quien-es-raymundo-pedro-morales-angeles-marina-mexico-orix\/"},"modified":"2024-09-12T14:04:05","modified_gmt":"2024-09-12T21:04:05","slug":"quien-es-raymundo-pedro-morales-angeles-marina-mexico-orix","status":"publish","type":"post","link":"https:\/\/noticiasya.com\/el-valle\/2024\/09\/12\/quien-es-raymundo-pedro-morales-angeles-marina-mexico-orix\/","title":{"rendered":"Qui\u00e9n es Raymundo Pedro Morales \u00c1ngeles, el pr\u00f3ximo titular de la Marina de M\u00e9xico"},"content":{"rendered":"<p>(CNN Espa\u00f1ol) &#8212; El vicealmirante Raymundo Pedro Morales \u00c1ngeles ser\u00e1 el pr\u00f3ximo titular de la Secretar\u00eda de Marina (Semar). La presidenta electa de M\u00e9xico, Claudia Sheinbaum, hizo el nombramiento el pasado 6 de septiembre a trav\u00e9s de un comunicado en el que destac\u00f3 su trayectoria.<\/p>\n<p>El cargo m\u00e1s reciente de Morales \u00c1ngeles fue el de director general del Corredor Interoce\u00e1nico del Istmo de Tehuantepec (CIIT), una de las obras insignia del actual presidente Andr\u00e9s Manuel L\u00f3pez Obrador, que busca conectar los Oc\u00e9anos Pac\u00edfico y Atl\u00e1ntico para potenciar el comercio mar\u00edtimo.<\/p>\n<p>\u00daltima hora sobre la reforma judicial en M\u00e9xico: votaci\u00f3n en el Senado, protestas y m\u00e1s<\/p>\n<p>El vicealmirante, con 35 a\u00f1os en la Marina, fue el primero en reconocer a Sheinbaum como la futura comandanta suprema de las Fuerzas Armadas. Lo hizo en un evento del CIIT el 21 de junio de este a\u00f1o, 19 d\u00edas despu\u00e9s de la elecci\u00f3n presidencial.<\/p>\n<p>En ese evento en el municipio de Mat\u00edas Romero, en Oaxaca, el vicealmirante dijo: &#171;Doctora Claudia Sheinbaum Pardo, presidenta electa de M\u00e9xico y futura comandanta suprema de las Fuerzas Armadas&#187;.<\/p>\n<p>Qui\u00e9n es Pedro Morales \u00c1ngeles<\/p>\n<p>El vicealmirante naci\u00f3 el 4 de julio de 1966 en San Ildefonso, Sola de Vega, Oaxaca. A los 17 a\u00f1os ingres\u00f3 como cadete en la Heroica Escuela Naval de la que egres\u00f3 en 1987 con el grado de Guardiamarina. Obtuvo el t\u00edtulo de Ingeniero en Ciencias Navales con menci\u00f3n honor\u00edfica en 1989.<\/p>\n<p>Su formaci\u00f3n acad\u00e9mica incluye las maestr\u00edas en Seguridad Nacional y en Administraci\u00f3n Naval, as\u00ed como el diplomado de Estado Mayor y las especialidades de Mando Naval y de Comunicaciones Navales, en el Centro de Estudios Superiores Navales; los diplomados en Educaci\u00f3n con Tecnolog\u00edas Telem\u00e1ticas, en Evaluaci\u00f3n de la Educaci\u00f3n y en Seguridad Inform\u00e1tica, entre otros.<\/p>\n<p>En Estados Unidos, estudi\u00f3 cursos de Pol\u00edticas y Estrategias de Defensa en el Centro de Estudios Hemisf\u00e9ricos de Defensa y cursos de Oficial de Inspecci\u00f3n e Instructor en la Aplicaci\u00f3n de Leyes Mar\u00edtimas con la Guardia Costera de EE.UU.<\/p>\n<p>Experiencia operativa y en la academia<\/p>\n<p>En cuanto a su experiencia en la direcci\u00f3n de operaciones navales, fue jefe de la Secci\u00f3n de Comunicaciones del Estado Mayor General de la Armada y Comandante de Escuadrilla en la Segunda Zona Naval. Fue segundo comandante en varios buques de la Armada y comandante del Buque Draga ARM &#171;Banderas&#187;.<\/p>\n<p>En la academia de la Marina fue coordinador de posgrados tecnol\u00f3gicos, catedr\u00e1tico y jefe de las especialidades de Inform\u00e1tica, Comunicaciones y Electr\u00f3nica en el CESNAV.<\/p>\n<p>En la administraci\u00f3n p\u00fablica, Morales \u00c1ngeles ha ocupado varios cargos. De acuerdo con su perfil oficial fue subdirector de Normas y Desarrollo en la Direcci\u00f3n General de Comunicaciones; inspector de mando en la Cuarta Zona Naval; y director general adjunto de Comunicaciones e Inform\u00e1tica, este cargo lo desempe\u00f1\u00f3 hasta antes de ser nombrado director del Centro de Estudios Superiores Navales de la Secretar\u00eda de Marina-Armada de M\u00e9xico (CESNAV).<\/p>\n<p>Por su trayectoria de 35 a\u00f1os en la Marina, Morales \u00c1ngeles ha recibido diferentes condecoraciones; entre ellas, al M\u00e9rito Docente Naval Primera Clase, M\u00e9rito Facultativo Naval Primera y Segunda Clase, y la Medalla Especial de la Junta Interamericana de Defensa.<\/p>\n<p>The-CNN-Wire<br \/>&trade; &amp; &copy; 2024 Cable News Network, Inc., a Warner Bros. Discovery Company. All rights reserved.<\/p>\n","protected":false},"excerpt":{"rendered":"<p>(CNN Espa\u00f1ol) &#8212; El vicealmirante Raymundo Pedro Morales \u00c1ngeles ser\u00e1 el pr\u00f3ximo titular de la Secretar\u00eda de Marina (Semar). La presidenta electa de M\u00e9xico, Claudia Sheinbaum, hizo el nombramiento el pasado 6 de septiembre a trav\u00e9s de un comunicado en el que destac\u00f3 su trayectoria. El cargo m\u00e1s reciente de Morales \u00c1ngeles fue el de [&hellip;]<\/p>\n","protected":false},"author":0,"featured_media":0,"comment_status":"open","ping_status":"open","sticky":false,"template":"","format":"standard","meta":{"_jetpack_memberships_contains_paid_content":false,"footnotes":""},"categories":[10],"tags":[],"class_list":["post-1452614","post","type-post","status-publish","format-standard","hentry","category-noticias-nacionales","market-global"],"yoast_head":"<!-- This site is optimized with the Yoast SEO plugin v24.4 - https:\/\/yoast.com\/wordpress\/plugins\/seo\/ -->\n<title>Qui\u00e9n es Raymundo Pedro Morales \u00c1ngeles, el pr\u00f3ximo titular de la Marina de M\u00e9xico - Noticias<\/title>\n<meta name=\"robots\" content=\"index, follow, max-snippet:-1, max-image-preview:large, max-video-preview:-1\" \/>\n<link rel=\"canonical\" href=\"https:\/\/noticiasya.com\/2024\/09\/12\/quien-es-raymundo-pedro-morales-angeles-marina-mexico-orix\/\" \/>\n<meta property=\"og:locale\" content=\"es_ES\" \/>\n<meta property=\"og:type\" content=\"article\" \/>\n<meta property=\"og:title\" content=\"Qui\u00e9n es Raymundo Pedro Morales \u00c1ngeles, el pr\u00f3ximo titular de la Marina de M\u00e9xico - Noticias\" \/>\n<meta property=\"og:description\" content=\"(CNN Espa\u00f1ol) &#8212; El vicealmirante Raymundo Pedro Morales \u00c1ngeles ser\u00e1 el pr\u00f3ximo titular de la Secretar\u00eda de Marina (Semar). La presidenta electa de M\u00e9xico, Claudia Sheinbaum, hizo el nombramiento el pasado 6 de septiembre a trav\u00e9s de un comunicado en el que destac\u00f3 su trayectoria. El cargo m\u00e1s reciente de Morales \u00c1ngeles fue el de [&hellip;]\" \/>\n<meta property=\"og:url\" content=\"https:\/\/noticiasya.com\/2024\/09\/12\/quien-es-raymundo-pedro-morales-angeles-marina-mexico-orix\/\" \/>\n<meta property=\"og:site_name\" content=\"Noticias\" \/>\n<meta property=\"article:published_time\" content=\"2024-09-12T21:04:05+00:00\" \/>\n<meta name=\"twitter:card\" content=\"summary_large_image\" \/>\n<meta name=\"twitter:label1\" content=\"Est. reading time\" \/>\n\t<meta name=\"twitter:data1\" content=\"3 minutos\" \/>\n<script type=\"application\/ld+json\" class=\"yoast-schema-graph\">{\"@context\":\"https:\/\/schema.org\",\"@graph\":[{\"@type\":\"Article\",\"@id\":\"https:\/\/noticiasya.com\/2024\/09\/12\/quien-es-raymundo-pedro-morales-angeles-marina-mexico-orix\/#article\",\"isPartOf\":{\"@id\":\"https:\/\/noticiasya.com\/2024\/09\/12\/quien-es-raymundo-pedro-morales-angeles-marina-mexico-orix\/\"},\"author\":{\"name\":\"\",\"@id\":\"\"},\"headline\":\"Qui\u00e9n es Raymundo Pedro Morales \u00c1ngeles, el pr\u00f3ximo titular de la Marina de M\u00e9xico\",\"datePublished\":\"2024-09-12T21:04:05+00:00\",\"mainEntityOfPage\":{\"@id\":\"https:\/\/noticiasya.com\/2024\/09\/12\/quien-es-raymundo-pedro-morales-angeles-marina-mexico-orix\/\"},\"wordCount\":602,\"commentCount\":0,\"publisher\":{\"@id\":\"https:\/\/noticiasya.com\/#organization\"},\"articleSection\":[\"Noticias Nacionales\"],\"inLanguage\":\"es\",\"potentialAction\":[{\"@type\":\"CommentAction\",\"name\":\"Comment\",\"target\":[\"https:\/\/noticiasya.com\/2024\/09\/12\/quien-es-raymundo-pedro-morales-angeles-marina-mexico-orix\/#respond\"]}]},{\"@type\":\"WebPage\",\"@id\":\"https:\/\/noticiasya.com\/2024\/09\/12\/quien-es-raymundo-pedro-morales-angeles-marina-mexico-orix\/\",\"url\":\"https:\/\/noticiasya.com\/2024\/09\/12\/quien-es-raymundo-pedro-morales-angeles-marina-mexico-orix\/\",\"name\":\"Qui\u00e9n es Raymundo Pedro Morales \u00c1ngeles, el pr\u00f3ximo titular de la Marina de M\u00e9xico - Noticias\",\"isPartOf\":{\"@id\":\"https:\/\/noticiasya.com\/#website\"},\"datePublished\":\"2024-09-12T21:04:05+00:00\",\"breadcrumb\":{\"@id\":\"https:\/\/noticiasya.com\/2024\/09\/12\/quien-es-raymundo-pedro-morales-angeles-marina-mexico-orix\/#breadcrumb\"},\"inLanguage\":\"es\",\"potentialAction\":[{\"@type\":\"ReadAction\",\"target\":[\"https:\/\/noticiasya.com\/2024\/09\/12\/quien-es-raymundo-pedro-morales-angeles-marina-mexico-orix\/\"]}]},{\"@type\":\"BreadcrumbList\",\"@id\":\"https:\/\/noticiasya.com\/2024\/09\/12\/quien-es-raymundo-pedro-morales-angeles-marina-mexico-orix\/#breadcrumb\",\"itemListElement\":[{\"@type\":\"ListItem\",\"position\":1,\"name\":\"Home\",\"item\":\"https:\/\/noticiasya.com\/\"},{\"@type\":\"ListItem\",\"position\":2,\"name\":\"Qui\u00e9n es Raymundo Pedro Morales \u00c1ngeles, el pr\u00f3ximo titular de la Marina de M\u00e9xico\"}]},{\"@type\":\"WebSite\",\"@id\":\"https:\/\/noticiasya.com\/#website\",\"url\":\"https:\/\/noticiasya.com\/\",\"name\":\"Noticias\",\"description\":\"Lo que importa\",\"publisher\":{\"@id\":\"https:\/\/noticiasya.com\/#organization\"},\"potentialAction\":[{\"@type\":\"SearchAction\",\"target\":{\"@type\":\"EntryPoint\",\"urlTemplate\":\"https:\/\/noticiasya.com\/?s={search_term_string}\"},\"query-input\":{\"@type\":\"PropertyValueSpecification\",\"valueRequired\":true,\"valueName\":\"search_term_string\"}}],\"inLanguage\":\"es\"},{\"@type\":\"Organization\",\"@id\":\"https:\/\/noticiasya.com\/#organization\",\"name\":\"Noticias\",\"url\":\"https:\/\/noticiasya.com\/\",\"logo\":{\"@type\":\"ImageObject\",\"inLanguage\":\"es\",\"@id\":\"https:\/\/noticiasya.com\/#\/schema\/logo\/image\/\",\"url\":\"https:\/\/noticiasya.com\/wp-content\/uploads\/sites\/22\/2023\/12\/logo-nacional.png\",\"contentUrl\":\"https:\/\/noticiasya.com\/wp-content\/uploads\/sites\/22\/2023\/12\/logo-nacional.png\",\"width\":1801,\"height\":691,\"caption\":\"Noticias\"},\"image\":{\"@id\":\"https:\/\/noticiasya.com\/#\/schema\/logo\/image\/\"}}]}<\/script>\n<!-- \/ Yoast SEO plugin. -->","yoast_head_json":{"title":"Qui\u00e9n es Raymundo Pedro Morales \u00c1ngeles, el pr\u00f3ximo titular de la Marina de M\u00e9xico - Noticias","robots":{"index":"index","follow":"follow","max-snippet":"max-snippet:-1","max-image-preview":"max-image-preview:large","max-video-preview":"max-video-preview:-1"},"canonical":"https:\/\/noticiasya.com\/2024\/09\/12\/quien-es-raymundo-pedro-morales-angeles-marina-mexico-orix\/","og_locale":"es_ES","og_type":"article","og_title":"Qui\u00e9n es Raymundo Pedro Morales \u00c1ngeles, el pr\u00f3ximo titular de la Marina de M\u00e9xico - Noticias","og_description":"(CNN Espa\u00f1ol) &#8212; El vicealmirante Raymundo Pedro Morales \u00c1ngeles ser\u00e1 el pr\u00f3ximo titular de la Secretar\u00eda de Marina (Semar). La presidenta electa de M\u00e9xico, Claudia Sheinbaum, hizo el nombramiento el pasado 6 de septiembre a trav\u00e9s de un comunicado en el que destac\u00f3 su trayectoria. El cargo m\u00e1s reciente de Morales \u00c1ngeles fue el de [&hellip;]","og_url":"https:\/\/noticiasya.com\/2024\/09\/12\/quien-es-raymundo-pedro-morales-angeles-marina-mexico-orix\/","og_site_name":"Noticias","article_published_time":"2024-09-12T21:04:05+00:00","twitter_card":"summary_large_image","twitter_misc":{"Est. reading time":"3 minutos"},"schema":{"@context":"https:\/\/schema.org","@graph":[{"@type":"Article","@id":"https:\/\/noticiasya.com\/2024\/09\/12\/quien-es-raymundo-pedro-morales-angeles-marina-mexico-orix\/#article","isPartOf":{"@id":"https:\/\/noticiasya.com\/2024\/09\/12\/quien-es-raymundo-pedro-morales-angeles-marina-mexico-orix\/"},"author":{"name":"","@id":""},"headline":"Qui\u00e9n es Raymundo Pedro Morales \u00c1ngeles, el pr\u00f3ximo titular de la Marina de M\u00e9xico","datePublished":"2024-09-12T21:04:05+00:00","mainEntityOfPage":{"@id":"https:\/\/noticiasya.com\/2024\/09\/12\/quien-es-raymundo-pedro-morales-angeles-marina-mexico-orix\/"},"wordCount":602,"commentCount":0,"publisher":{"@id":"https:\/\/noticiasya.com\/#organization"},"articleSection":["Noticias Nacionales"],"inLanguage":"es","potentialAction":[{"@type":"CommentAction","name":"Comment","target":["https:\/\/noticiasya.com\/2024\/09\/12\/quien-es-raymundo-pedro-morales-angeles-marina-mexico-orix\/#respond"]}]},{"@type":"WebPage","@id":"https:\/\/noticiasya.com\/2024\/09\/12\/quien-es-raymundo-pedro-morales-angeles-marina-mexico-orix\/","url":"https:\/\/noticiasya.com\/2024\/09\/12\/quien-es-raymundo-pedro-morales-angeles-marina-mexico-orix\/","name":"Qui\u00e9n es Raymundo Pedro Morales \u00c1ngeles, el pr\u00f3ximo titular de la Marina de M\u00e9xico - Noticias","isPartOf":{"@id":"https:\/\/noticiasya.com\/#website"},"datePublished":"2024-09-12T21:04:05+00:00","breadcrumb":{"@id":"https:\/\/noticiasya.com\/2024\/09\/12\/quien-es-raymundo-pedro-morales-angeles-marina-mexico-orix\/#breadcrumb"},"inLanguage":"es","potentialAction":[{"@type":"ReadAction","target":["https:\/\/noticiasya.com\/2024\/09\/12\/quien-es-raymundo-pedro-morales-angeles-marina-mexico-orix\/"]}]},{"@type":"BreadcrumbList","@id":"https:\/\/noticiasya.com\/2024\/09\/12\/quien-es-raymundo-pedro-morales-angeles-marina-mexico-orix\/#breadcrumb","itemListElement":[{"@type":"ListItem","position":1,"name":"Home","item":"https:\/\/noticiasya.com\/"},{"@type":"ListItem","position":2,"name":"Qui\u00e9n es Raymundo Pedro Morales \u00c1ngeles, el pr\u00f3ximo titular de la Marina de M\u00e9xico"}]},{"@type":"WebSite","@id":"https:\/\/noticiasya.com\/#website","url":"https:\/\/noticiasya.com\/","name":"Noticias","description":"Lo que importa","publisher":{"@id":"https:\/\/noticiasya.com\/#organization"},"potentialAction":[{"@type":"SearchAction","target":{"@type":"EntryPoint","urlTemplate":"https:\/\/noticiasya.com\/?s={search_term_string}"},"query-input":{"@type":"PropertyValueSpecification","valueRequired":true,"valueName":"search_term_string"}}],"inLanguage":"es"},{"@type":"Organization","@id":"https:\/\/noticiasya.com\/#organization","name":"Noticias","url":"https:\/\/noticiasya.com\/","logo":{"@type":"ImageObject","inLanguage":"es","@id":"https:\/\/noticiasya.com\/#\/schema\/logo\/image\/","url":"https:\/\/noticiasya.com\/wp-content\/uploads\/sites\/22\/2023\/12\/logo-nacional.png","contentUrl":"https:\/\/noticiasya.com\/wp-content\/uploads\/sites\/22\/2023\/12\/logo-nacional.png","width":1801,"height":691,"caption":"Noticias"},"image":{"@id":"https:\/\/noticiasya.com\/#\/schema\/logo\/image\/"}}]}},"parsely":{"version":"1.1.0","canonical_url":"https:\/\/noticiasya.com\/el-valle\/2024\/09\/12\/quien-es-raymundo-pedro-morales-angeles-marina-mexico-orix\/","smart_links":{"inbound":0,"outbound":0},"traffic_boost_suggestions_count":0,"meta":{"@context":"https:\/\/schema.org","@type":"NewsArticle","headline":"Qui\u00e9n es Raymundo Pedro Morales \u00c1ngeles, el pr\u00f3ximo titular de la Marina de M\u00e9xico","url":"http:\/\/noticiasya.com\/el-valle\/2024\/09\/12\/quien-es-raymundo-pedro-morales-angeles-marina-mexico-orix\/","mainEntityOfPage":{"@type":"WebPage","@id":"http:\/\/noticiasya.com\/el-valle\/2024\/09\/12\/quien-es-raymundo-pedro-morales-angeles-marina-mexico-orix\/"},"thumbnailUrl":"","image":{"@type":"ImageObject","url":""},"articleSection":"Noticias Nacionales","author":[],"creator":[],"publisher":{"@type":"Organization","name":"Noticias","logo":""},"keywords":[],"dateCreated":"2024-09-12T21:04:05Z","datePublished":"2024-09-12T21:04:05Z","dateModified":"2024-09-12T21:04:05Z"},"rendered":"<script type=\"application\/ld+json\" class=\"wp-parsely-metadata\">{\"@context\":\"https:\\\/\\\/schema.org\",\"@type\":\"NewsArticle\",\"headline\":\"Qui\\u00e9n es Raymundo Pedro Morales \\u00c1ngeles, el pr\\u00f3ximo titular de la Marina de M\\u00e9xico\",\"url\":\"http:\\\/\\\/noticiasya.com\\\/el-valle\\\/2024\\\/09\\\/12\\\/quien-es-raymundo-pedro-morales-angeles-marina-mexico-orix\\\/\",\"mainEntityOfPage\":{\"@type\":\"WebPage\",\"@id\":\"http:\\\/\\\/noticiasya.com\\\/el-valle\\\/2024\\\/09\\\/12\\\/quien-es-raymundo-pedro-morales-angeles-marina-mexico-orix\\\/\"},\"thumbnailUrl\":\"\",\"image\":{\"@type\":\"ImageObject\",\"url\":\"\"},\"articleSection\":\"Noticias Nacionales\",\"author\":[],\"creator\":[],\"publisher\":{\"@type\":\"Organization\",\"name\":\"Noticias\",\"logo\":\"\"},\"keywords\":[],\"dateCreated\":\"2024-09-12T21:04:05Z\",\"datePublished\":\"2024-09-12T21:04:05Z\",\"dateModified\":\"2024-09-12T21:04:05Z\"}<\/script>","tracker_url":"https:\/\/cdn.parsely.com\/keys\/noticiasya.com\/p.js"},"jetpack_featured_media_url":"","jetpack-related-posts":[{"id":1452491,"url":"https:\/\/noticiasya.com\/el-valle\/2024\/09\/06\/sheinbaum-anuncia-secretarios-defensa-nacional-marina-mexico-orix\/","url_meta":{"origin":1452614,"position":0},"title":"Claudia Sheinbaum anuncia a los nuevos secretarios para la Defensa Nacional y de Marina en M\u00e9xico","author":"","date":"septiembre 6, 2024","format":false,"excerpt":"(CNN Espa\u00f1ol) -- La presidenta electa de M\u00e9xico, Claudia Sheinbaum, inform\u00f3 este viernes en un comunicado los nombres de las personas que asumir\u00e1n el liderazgo de las secretar\u00edas de la Defensa Nacional y de Marina durante su Gobierno, que inicia el 1 de octubre.El nuevo secretario de la Defensa Nacional\u2026","rel":"","context":"In &quot;Noticias Nacionales&quot;","block_context":{"text":"Noticias Nacionales","link":"https:\/\/noticiasya.com\/el-valle\/categoria\/noticias-nacionales"},"img":{"alt_text":"","src":"","width":0,"height":0},"classes":[]},{"id":1452990,"url":"https:\/\/noticiasya.com\/el-valle\/2024\/09\/24\/efrain-morales-lopez-conagua-gabinete-sheinbaum-mexico-orix\/","url_meta":{"origin":1452614,"position":1},"title":"\u00bfQui\u00e9n es Efra\u00edn Morales L\u00f3pez, pr\u00f3ximo titular de Conagua?","author":"","date":"septiembre 24, 2024","format":false,"excerpt":"(CNN Espa\u00f1ol) -- Efra\u00edn Morales L\u00f3pez ser\u00e1 el titular de la Comisi\u00f3n Nacional del Agua (Conagua) en el Gobierno de la presidenta Claudia Sheinbaum Pardo.La Conagua se encarga de administrar y preservar los recursos h\u00eddricos de M\u00e9xico, asegurando su uso sostenible y protegiendo sus bienes p\u00fablicos asociados.\u00bfQui\u00e9nes son los ministros\u2026","rel":"","context":"In &quot;Noticias Nacionales&quot;","block_context":{"text":"Noticias Nacionales","link":"https:\/\/noticiasya.com\/el-valle\/categoria\/noticias-nacionales"},"img":{"alt_text":"","src":"","width":0,"height":0},"classes":[]},{"id":1462530,"url":"https:\/\/noticiasya.com\/el-valle\/2025\/05\/19\/quienes-son-victimas-accidente-buque-mexico-brooklyn-orix\/","url_meta":{"origin":1452614,"position":2},"title":"\u00bfQui\u00e9nes son y qu\u00e9 sabemos de las v\u00edctimas fatales del accidente de un buque mexicano en Nueva York?","author":"","date":"mayo 19, 2025","format":false,"excerpt":"El 17 de mayo por la noche un buque perteneciente a la Armada de M\u00e9xico colision\u00f3 con la base del puente de Brooklyn, en Nueva York, mientras realizaba una gira de buena voluntad. De acuerdo con la Secretar\u00eda de Marina (Semar), la embarcaci\u00f3n contaba con 277 personas a bordo, la\u2026","rel":"","context":"In &quot;Noticias Nacionales&quot;","block_context":{"text":"Noticias Nacionales","link":"https:\/\/noticiasya.com\/el-valle\/categoria\/noticias-nacionales"},"img":{"alt_text":"","src":"","width":0,"height":0},"classes":[]},{"id":1469650,"url":"https:\/\/noticiasya.com\/el-valle\/2025\/12\/29\/tren-interoceanico-accidente-oaxaca-orix\/","url_meta":{"origin":1452614,"position":3},"title":"Descarrilamiento del Tren Interoce\u00e1nico en M\u00e9xico: \u00bfqu\u00e9 se sabe hasta ahora sobre las v\u00edctimas y las causas?","author":"","date":"diciembre 29, 2025","format":false,"excerpt":"El Tren Interoce\u00e1nico, un proyecto ferroviario clave del Gobierno de M\u00e9xico que recorre el Istmo de Tehuantepec en el sur del pa\u00eds, descarril\u00f3 este domingo en el centro del estado de Oaxaca, dejando al menos 13 muertos y m\u00e1s de un centenar de heridos, seg\u00fan la Secretar\u00eda de Marina (Semar).Tras\u2026","rel":"","context":"In &quot;Noticias Nacionales&quot;","block_context":{"text":"Noticias Nacionales","link":"https:\/\/noticiasya.com\/el-valle\/categoria\/noticias-nacionales"},"img":{"alt_text":"","src":"","width":0,"height":0},"classes":[]},{"id":1471632,"url":"https:\/\/noticiasya.com\/el-valle\/2026\/02\/25\/eeuu-zar-antidrogas-felicita-operativo-mencho-mexico-efe\/","url_meta":{"origin":1452614,"position":4},"title":"En M\u00e9xico, la &#171;zar antidrogas&#187; de EE.UU. felicit\u00f3 a las autoridades por el operativo contra El Mencho","author":"","date":"febrero 25, 2026","format":false,"excerpt":"La directora de la Oficina Nacional de Pol\u00edtica de Control de Drogas (ONDCP) de Estados Unidos, Sara Carter, afirm\u00f3 que su pa\u00eds trabaja \u201cd\u00eda y noche\u201d con M\u00e9xico para \u201celiminar\u201d a los carteles y el tr\u00e1fico de drogas, tras una reuni\u00f3n con autoridades militares y de seguridad en Palacio Nacional.La\u2026","rel":"","context":"In &quot;Noticias Nacionales&quot;","block_context":{"text":"Noticias Nacionales","link":"https:\/\/noticiasya.com\/el-valle\/categoria\/noticias-nacionales"},"img":{"alt_text":"","src":"","width":0,"height":0},"classes":[]},{"id":1473282,"url":"https:\/\/noticiasya.com\/el-valle\/2026\/04\/17\/pemex-derrame-petroleo-golfo-orix\/","url_meta":{"origin":1452614,"position":5},"title":"M\u00e1s de dos meses despu\u00e9s, Pemex admite que el derrame de petr\u00f3leo en el Golfo de M\u00e9xico fue por una fuga","author":"","date":"abril 17, 2026","format":false,"excerpt":"El Gobierno de M\u00e9xico, a trav\u00e9s del grupo interinstitucional conformado por la presidenta Claudia Sheinbaum, inform\u00f3 el jueves que el derrame de petr\u00f3leo iniciado hace m\u00e1s de dos meses en el Golfo de M\u00e9xico se debi\u00f3 a una fuga en las instalaciones de la empresa estatal Petr\u00f3leos Mexicanos (Pemex, que\u2026","rel":"","context":"In &quot;Noticias Nacionales&quot;","block_context":{"text":"Noticias Nacionales","link":"https:\/\/noticiasya.com\/el-valle\/categoria\/noticias-nacionales"},"img":{"alt_text":"","src":"","width":0,"height":0},"classes":[]}],"jetpack_sharing_enabled":true,"_links":{"self":[{"href":"https:\/\/noticiasya.com\/el-valle\/wp-json\/wp\/v2\/posts\/1452614","targetHints":{"allow":["GET"]}}],"collection":[{"href":"https:\/\/noticiasya.com\/el-valle\/wp-json\/wp\/v2\/posts"}],"about":[{"href":"https:\/\/noticiasya.com\/el-valle\/wp-json\/wp\/v2\/types\/post"}],"replies":[{"embeddable":true,"href":"https:\/\/noticiasya.com\/el-valle\/wp-json\/wp\/v2\/comments?post=1452614"}],"version-history":[{"count":0,"href":"https:\/\/noticiasya.com\/el-valle\/wp-json\/wp\/v2\/posts\/1452614\/revisions"}],"wp:attachment":[{"href":"https:\/\/noticiasya.com\/el-valle\/wp-json\/wp\/v2\/media?parent=1452614"}],"wp:term":[{"taxonomy":"category","embeddable":true,"href":"https:\/\/noticiasya.com\/el-valle\/wp-json\/wp\/v2\/categories?post=1452614"},{"taxonomy":"post_tag","embeddable":true,"href":"https:\/\/noticiasya.com\/el-valle\/wp-json\/wp\/v2\/tags?post=1452614"}],"curies":[{"name":"wp","href":"https:\/\/api.w.org\/{rel}","templated":true}]}}