{"id":1452674,"date":"2024-09-14T07:03:47","date_gmt":"2024-09-14T14:03:47","guid":{"rendered":"https:\/\/noticiasya.com\/2024\/09\/14\/violencia-sinaloa-muertos-ultimas-24-horas-trax\/"},"modified":"2024-09-14T07:03:47","modified_gmt":"2024-09-14T14:03:47","slug":"violencia-sinaloa-muertos-ultimas-24-horas-trax","status":"publish","type":"post","link":"https:\/\/noticiasya.com\/el-valle\/2024\/09\/14\/violencia-sinaloa-muertos-ultimas-24-horas-trax\/","title":{"rendered":"La violencia en Sinaloa deja al menos siete muertos en las \u00faltimas 24 horas, seg\u00fan fiscal\u00eda"},"content":{"rendered":"<p>(CNN) &#8212;\u00a0 Al menos siete personas han muerto en las \u00faltimas 24 horas en Sinaloa, en el noroeste de M\u00e9xico, seg\u00fan inform\u00f3 el viernes la fiscal\u00eda del estado.<\/p>\n<p>Sinaloa, y en particular su capital, Culiac\u00e1n, y sus alrededores, enfrentan un aumento en la violencia desde el lunes 9 de septiembre debido al enfrentamiento entre dos grupos armados, seg\u00fan han admitido tanto las autoridades estatales como federales.<\/p>\n<p>Entre el 9 y el 12 de septiembre, se hab\u00edan registrado 12 muertos por &#171;disparos de arma de fuego&#187;, seg\u00fan datos proporcionados por la fiscal\u00eda.<\/p>\n<p>La violencia oblig\u00f3 al gobernador de Sinaloa, Rub\u00e9n Rocha Moya, a suspender los festejos por el grito de Independencia de M\u00e9xico, previstos para el 15 de septiembre.<\/p>\n<p>El jueves, el gobernador Rocha Moya ya hab\u00eda anunciado la suspensi\u00f3n de clases en todos los niveles en cinco municipios de su estado.<\/p>\n<p>&#171;Informo a la sociedad sinaloense, que se suspenden las actividades escolares en los municipios de Culiac\u00e1n, Elota, Cosal\u00e1 y San Ignacio, el d\u00eda de hoy 12 de septiembre de 2024, en todos los niveles y modalidades educativas&#187;, indic\u00f3 Rocha Moya en una publicaci\u00f3n de X, antes Twitter.<\/p>\n<p>AMLO tambi\u00e9n habl\u00f3 de la violencia en el noroeste de M\u00e9xico<\/p>\n<p>El presidente de M\u00e9xico, Andr\u00e9s Manuel L\u00f3pez Obrador, dijo el jueves que su Gobierno cuenta con &#171;presencia suficiente para garantizar la paz y tranquilidad&#187; en Sinaloa, y asegur\u00f3 tambi\u00e9n que la violencia responde a enfrentamientos &#171;entre dos grupos&#187;. A\u00f1adi\u00f3 que tambi\u00e9n se debe a un &#171;desajuste&#187; producido tras el arresto de Ismael &#171;el Mayo&#187; Zambada, ocurrido el pasado 25 de julio. Zambada declar\u00f3 este viernes en una corte de Nueva York.<\/p>\n<p>L\u00f3pez Obrador volvi\u00f3 a referirse a los hechos de violencia este viernes y rest\u00f3 importancia a la decisi\u00f3n del gobernador Rocha Moya de suspender los festejos del grito previstos para el 15 de septiembre.<\/p>\n<p>&#171;Ha habido algunos problemas, est\u00e1 el Ej\u00e9rcito, est\u00e1 la Marina, la Guardia Nacional, (pero quiero) decirle a la gente de Culiac\u00e1n, que adem\u00e1s es solo Culiac\u00e1n, que estamos pendientes que se act\u00fae con precauci\u00f3n pero sin alarmismos&#187;, indic\u00f3 L\u00f3pez Obrador.<\/p>\n<p>AMLO: Violencia es por \u201cdesajuste\u201d tras detenci\u00f3n del Mayo Zambada 3:30<\/p>\n<p>Consulado de EE.UU. en Hermosillo emite alerta<\/p>\n<p>El consulado de EE.UU. en Hermosillo emiti\u00f3 el jueves una alerta por los reportes de violencia en cuatro municipios de Sinaloa, entre ellos Culiac\u00e1n.<\/p>\n<p>La alerta detalla que el consulado estadounidense ha recibido \u201cinformes de robos de veh\u00edculos, disparos, operaciones de seguridad, bloqueos de carreteras, veh\u00edculos incendiados y carreteras cerradas\u201d en Culiac\u00e1n y sus alrededores, y a\u00f1ade que las autoridades locales han suspendido clases y eventos p\u00fablicos del D\u00eda de la Independencia de M\u00e9xico.<\/p>\n<p>The-CNN-Wire<br \/>&trade; &amp; &copy; 2024 Cable News Network, Inc., a Warner Bros. Discovery Company. All rights reserved.<\/p>\n","protected":false},"excerpt":{"rendered":"<p>(CNN) &#8212;\u00a0 Al menos siete personas han muerto en las \u00faltimas 24 horas en Sinaloa, en el noroeste de M\u00e9xico, seg\u00fan inform\u00f3 el viernes la fiscal\u00eda del estado. Sinaloa, y en particular su capital, Culiac\u00e1n, y sus alrededores, enfrentan un aumento en la violencia desde el lunes 9 de septiembre debido al enfrentamiento entre dos [&hellip;]<\/p>\n","protected":false},"author":0,"featured_media":0,"comment_status":"open","ping_status":"open","sticky":false,"template":"","format":"standard","meta":{"_jetpack_memberships_contains_paid_content":false,"footnotes":""},"categories":[10],"tags":[],"class_list":["post-1452674","post","type-post","status-publish","format-standard","hentry","category-noticias-nacionales","market-global"],"yoast_head":"<!-- This site is optimized with the Yoast SEO plugin v24.4 - https:\/\/yoast.com\/wordpress\/plugins\/seo\/ -->\n<title>La violencia en Sinaloa deja al menos siete muertos en las \u00faltimas 24 horas, seg\u00fan fiscal\u00eda - Noticias<\/title>\n<meta name=\"robots\" content=\"index, follow, max-snippet:-1, max-image-preview:large, max-video-preview:-1\" \/>\n<link rel=\"canonical\" href=\"https:\/\/noticiasya.com\/2024\/09\/14\/violencia-sinaloa-muertos-ultimas-24-horas-trax\/\" \/>\n<meta property=\"og:locale\" content=\"es_ES\" \/>\n<meta property=\"og:type\" content=\"article\" \/>\n<meta property=\"og:title\" content=\"La violencia en Sinaloa deja al menos siete muertos en las \u00faltimas 24 horas, seg\u00fan fiscal\u00eda - Noticias\" \/>\n<meta property=\"og:description\" content=\"(CNN) &#8212;\u00a0 Al menos siete personas han muerto en las \u00faltimas 24 horas en Sinaloa, en el noroeste de M\u00e9xico, seg\u00fan inform\u00f3 el viernes la fiscal\u00eda del estado. Sinaloa, y en particular su capital, Culiac\u00e1n, y sus alrededores, enfrentan un aumento en la violencia desde el lunes 9 de septiembre debido al enfrentamiento entre dos [&hellip;]\" \/>\n<meta property=\"og:url\" content=\"https:\/\/noticiasya.com\/2024\/09\/14\/violencia-sinaloa-muertos-ultimas-24-horas-trax\/\" \/>\n<meta property=\"og:site_name\" content=\"Noticias\" \/>\n<meta property=\"article:published_time\" content=\"2024-09-14T14:03:47+00:00\" \/>\n<meta name=\"twitter:card\" content=\"summary_large_image\" \/>\n<meta name=\"twitter:label1\" content=\"Est. reading time\" \/>\n\t<meta name=\"twitter:data1\" content=\"2 minutos\" \/>\n<script type=\"application\/ld+json\" class=\"yoast-schema-graph\">{\"@context\":\"https:\/\/schema.org\",\"@graph\":[{\"@type\":\"Article\",\"@id\":\"https:\/\/noticiasya.com\/2024\/09\/14\/violencia-sinaloa-muertos-ultimas-24-horas-trax\/#article\",\"isPartOf\":{\"@id\":\"https:\/\/noticiasya.com\/2024\/09\/14\/violencia-sinaloa-muertos-ultimas-24-horas-trax\/\"},\"author\":{\"name\":\"\",\"@id\":\"\"},\"headline\":\"La violencia en Sinaloa deja al menos siete muertos en las \u00faltimas 24 horas, seg\u00fan fiscal\u00eda\",\"datePublished\":\"2024-09-14T14:03:47+00:00\",\"mainEntityOfPage\":{\"@id\":\"https:\/\/noticiasya.com\/2024\/09\/14\/violencia-sinaloa-muertos-ultimas-24-horas-trax\/\"},\"wordCount\":501,\"commentCount\":0,\"publisher\":{\"@id\":\"https:\/\/noticiasya.com\/#organization\"},\"articleSection\":[\"Noticias Nacionales\"],\"inLanguage\":\"es\",\"potentialAction\":[{\"@type\":\"CommentAction\",\"name\":\"Comment\",\"target\":[\"https:\/\/noticiasya.com\/2024\/09\/14\/violencia-sinaloa-muertos-ultimas-24-horas-trax\/#respond\"]}]},{\"@type\":\"WebPage\",\"@id\":\"https:\/\/noticiasya.com\/2024\/09\/14\/violencia-sinaloa-muertos-ultimas-24-horas-trax\/\",\"url\":\"https:\/\/noticiasya.com\/2024\/09\/14\/violencia-sinaloa-muertos-ultimas-24-horas-trax\/\",\"name\":\"La violencia en Sinaloa deja al menos siete muertos en las \u00faltimas 24 horas, seg\u00fan fiscal\u00eda - Noticias\",\"isPartOf\":{\"@id\":\"https:\/\/noticiasya.com\/#website\"},\"datePublished\":\"2024-09-14T14:03:47+00:00\",\"breadcrumb\":{\"@id\":\"https:\/\/noticiasya.com\/2024\/09\/14\/violencia-sinaloa-muertos-ultimas-24-horas-trax\/#breadcrumb\"},\"inLanguage\":\"es\",\"potentialAction\":[{\"@type\":\"ReadAction\",\"target\":[\"https:\/\/noticiasya.com\/2024\/09\/14\/violencia-sinaloa-muertos-ultimas-24-horas-trax\/\"]}]},{\"@type\":\"BreadcrumbList\",\"@id\":\"https:\/\/noticiasya.com\/2024\/09\/14\/violencia-sinaloa-muertos-ultimas-24-horas-trax\/#breadcrumb\",\"itemListElement\":[{\"@type\":\"ListItem\",\"position\":1,\"name\":\"Home\",\"item\":\"https:\/\/noticiasya.com\/\"},{\"@type\":\"ListItem\",\"position\":2,\"name\":\"La violencia en Sinaloa deja al menos siete muertos en las \u00faltimas 24 horas, seg\u00fan fiscal\u00eda\"}]},{\"@type\":\"WebSite\",\"@id\":\"https:\/\/noticiasya.com\/#website\",\"url\":\"https:\/\/noticiasya.com\/\",\"name\":\"Noticias\",\"description\":\"Lo que importa\",\"publisher\":{\"@id\":\"https:\/\/noticiasya.com\/#organization\"},\"potentialAction\":[{\"@type\":\"SearchAction\",\"target\":{\"@type\":\"EntryPoint\",\"urlTemplate\":\"https:\/\/noticiasya.com\/?s={search_term_string}\"},\"query-input\":{\"@type\":\"PropertyValueSpecification\",\"valueRequired\":true,\"valueName\":\"search_term_string\"}}],\"inLanguage\":\"es\"},{\"@type\":\"Organization\",\"@id\":\"https:\/\/noticiasya.com\/#organization\",\"name\":\"Noticias\",\"url\":\"https:\/\/noticiasya.com\/\",\"logo\":{\"@type\":\"ImageObject\",\"inLanguage\":\"es\",\"@id\":\"https:\/\/noticiasya.com\/#\/schema\/logo\/image\/\",\"url\":\"https:\/\/noticiasya.com\/wp-content\/uploads\/sites\/22\/2023\/12\/logo-nacional.png\",\"contentUrl\":\"https:\/\/noticiasya.com\/wp-content\/uploads\/sites\/22\/2023\/12\/logo-nacional.png\",\"width\":1801,\"height\":691,\"caption\":\"Noticias\"},\"image\":{\"@id\":\"https:\/\/noticiasya.com\/#\/schema\/logo\/image\/\"}}]}<\/script>\n<!-- \/ Yoast SEO plugin. -->","yoast_head_json":{"title":"La violencia en Sinaloa deja al menos siete muertos en las \u00faltimas 24 horas, seg\u00fan fiscal\u00eda - Noticias","robots":{"index":"index","follow":"follow","max-snippet":"max-snippet:-1","max-image-preview":"max-image-preview:large","max-video-preview":"max-video-preview:-1"},"canonical":"https:\/\/noticiasya.com\/2024\/09\/14\/violencia-sinaloa-muertos-ultimas-24-horas-trax\/","og_locale":"es_ES","og_type":"article","og_title":"La violencia en Sinaloa deja al menos siete muertos en las \u00faltimas 24 horas, seg\u00fan fiscal\u00eda - Noticias","og_description":"(CNN) &#8212;\u00a0 Al menos siete personas han muerto en las \u00faltimas 24 horas en Sinaloa, en el noroeste de M\u00e9xico, seg\u00fan inform\u00f3 el viernes la fiscal\u00eda del estado. Sinaloa, y en particular su capital, Culiac\u00e1n, y sus alrededores, enfrentan un aumento en la violencia desde el lunes 9 de septiembre debido al enfrentamiento entre dos [&hellip;]","og_url":"https:\/\/noticiasya.com\/2024\/09\/14\/violencia-sinaloa-muertos-ultimas-24-horas-trax\/","og_site_name":"Noticias","article_published_time":"2024-09-14T14:03:47+00:00","twitter_card":"summary_large_image","twitter_misc":{"Est. reading time":"2 minutos"},"schema":{"@context":"https:\/\/schema.org","@graph":[{"@type":"Article","@id":"https:\/\/noticiasya.com\/2024\/09\/14\/violencia-sinaloa-muertos-ultimas-24-horas-trax\/#article","isPartOf":{"@id":"https:\/\/noticiasya.com\/2024\/09\/14\/violencia-sinaloa-muertos-ultimas-24-horas-trax\/"},"author":{"name":"","@id":""},"headline":"La violencia en Sinaloa deja al menos siete muertos en las \u00faltimas 24 horas, seg\u00fan fiscal\u00eda","datePublished":"2024-09-14T14:03:47+00:00","mainEntityOfPage":{"@id":"https:\/\/noticiasya.com\/2024\/09\/14\/violencia-sinaloa-muertos-ultimas-24-horas-trax\/"},"wordCount":501,"commentCount":0,"publisher":{"@id":"https:\/\/noticiasya.com\/#organization"},"articleSection":["Noticias Nacionales"],"inLanguage":"es","potentialAction":[{"@type":"CommentAction","name":"Comment","target":["https:\/\/noticiasya.com\/2024\/09\/14\/violencia-sinaloa-muertos-ultimas-24-horas-trax\/#respond"]}]},{"@type":"WebPage","@id":"https:\/\/noticiasya.com\/2024\/09\/14\/violencia-sinaloa-muertos-ultimas-24-horas-trax\/","url":"https:\/\/noticiasya.com\/2024\/09\/14\/violencia-sinaloa-muertos-ultimas-24-horas-trax\/","name":"La violencia en Sinaloa deja al menos siete muertos en las \u00faltimas 24 horas, seg\u00fan fiscal\u00eda - Noticias","isPartOf":{"@id":"https:\/\/noticiasya.com\/#website"},"datePublished":"2024-09-14T14:03:47+00:00","breadcrumb":{"@id":"https:\/\/noticiasya.com\/2024\/09\/14\/violencia-sinaloa-muertos-ultimas-24-horas-trax\/#breadcrumb"},"inLanguage":"es","potentialAction":[{"@type":"ReadAction","target":["https:\/\/noticiasya.com\/2024\/09\/14\/violencia-sinaloa-muertos-ultimas-24-horas-trax\/"]}]},{"@type":"BreadcrumbList","@id":"https:\/\/noticiasya.com\/2024\/09\/14\/violencia-sinaloa-muertos-ultimas-24-horas-trax\/#breadcrumb","itemListElement":[{"@type":"ListItem","position":1,"name":"Home","item":"https:\/\/noticiasya.com\/"},{"@type":"ListItem","position":2,"name":"La violencia en Sinaloa deja al menos siete muertos en las \u00faltimas 24 horas, seg\u00fan fiscal\u00eda"}]},{"@type":"WebSite","@id":"https:\/\/noticiasya.com\/#website","url":"https:\/\/noticiasya.com\/","name":"Noticias","description":"Lo que importa","publisher":{"@id":"https:\/\/noticiasya.com\/#organization"},"potentialAction":[{"@type":"SearchAction","target":{"@type":"EntryPoint","urlTemplate":"https:\/\/noticiasya.com\/?s={search_term_string}"},"query-input":{"@type":"PropertyValueSpecification","valueRequired":true,"valueName":"search_term_string"}}],"inLanguage":"es"},{"@type":"Organization","@id":"https:\/\/noticiasya.com\/#organization","name":"Noticias","url":"https:\/\/noticiasya.com\/","logo":{"@type":"ImageObject","inLanguage":"es","@id":"https:\/\/noticiasya.com\/#\/schema\/logo\/image\/","url":"https:\/\/noticiasya.com\/wp-content\/uploads\/sites\/22\/2023\/12\/logo-nacional.png","contentUrl":"https:\/\/noticiasya.com\/wp-content\/uploads\/sites\/22\/2023\/12\/logo-nacional.png","width":1801,"height":691,"caption":"Noticias"},"image":{"@id":"https:\/\/noticiasya.com\/#\/schema\/logo\/image\/"}}]}},"parsely":{"version":"1.1.0","canonical_url":"https:\/\/noticiasya.com\/el-valle\/2024\/09\/14\/violencia-sinaloa-muertos-ultimas-24-horas-trax\/","smart_links":{"inbound":0,"outbound":0},"traffic_boost_suggestions_count":0,"meta":{"@context":"https:\/\/schema.org","@type":"NewsArticle","headline":"La violencia en Sinaloa deja al menos siete muertos en las \u00faltimas 24 horas, seg\u00fan fiscal\u00eda","url":"http:\/\/noticiasya.com\/el-valle\/2024\/09\/14\/violencia-sinaloa-muertos-ultimas-24-horas-trax\/","mainEntityOfPage":{"@type":"WebPage","@id":"http:\/\/noticiasya.com\/el-valle\/2024\/09\/14\/violencia-sinaloa-muertos-ultimas-24-horas-trax\/"},"thumbnailUrl":"","image":{"@type":"ImageObject","url":""},"articleSection":"Noticias Nacionales","author":[],"creator":[],"publisher":{"@type":"Organization","name":"Noticias","logo":""},"keywords":[],"dateCreated":"2024-09-14T14:03:47Z","datePublished":"2024-09-14T14:03:47Z","dateModified":"2024-09-14T14:03:47Z"},"rendered":"<script type=\"application\/ld+json\" class=\"wp-parsely-metadata\">{\"@context\":\"https:\\\/\\\/schema.org\",\"@type\":\"NewsArticle\",\"headline\":\"La violencia en Sinaloa deja al menos siete muertos en las \\u00faltimas 24 horas, seg\\u00fan fiscal\\u00eda\",\"url\":\"http:\\\/\\\/noticiasya.com\\\/el-valle\\\/2024\\\/09\\\/14\\\/violencia-sinaloa-muertos-ultimas-24-horas-trax\\\/\",\"mainEntityOfPage\":{\"@type\":\"WebPage\",\"@id\":\"http:\\\/\\\/noticiasya.com\\\/el-valle\\\/2024\\\/09\\\/14\\\/violencia-sinaloa-muertos-ultimas-24-horas-trax\\\/\"},\"thumbnailUrl\":\"\",\"image\":{\"@type\":\"ImageObject\",\"url\":\"\"},\"articleSection\":\"Noticias Nacionales\",\"author\":[],\"creator\":[],\"publisher\":{\"@type\":\"Organization\",\"name\":\"Noticias\",\"logo\":\"\"},\"keywords\":[],\"dateCreated\":\"2024-09-14T14:03:47Z\",\"datePublished\":\"2024-09-14T14:03:47Z\",\"dateModified\":\"2024-09-14T14:03:47Z\"}<\/script>","tracker_url":"https:\/\/cdn.parsely.com\/keys\/noticiasya.com\/p.js"},"jetpack_featured_media_url":"","jetpack-related-posts":[{"id":1453139,"url":"https:\/\/noticiasya.com\/el-valle\/2024\/09\/27\/81-personas-muertas-ola-de-violencia-sinaloa-orix\/","url_meta":{"origin":1452674,"position":0},"title":"Sube a al menos 81 personas muertas por ola de violencia en Sinaloa desde el 9 de septiembre, seg\u00fan las autoridades","author":"","date":"septiembre 27, 2024","format":false,"excerpt":"(CNN Espa\u00f1ol) -- Al menos 28 personas murieron entre el 21 y 26 de septiembre en Sinaloa, en el noreste de M\u00e9xico, de acuerdo con datos de la Fiscal\u00eda del estado.Con esta cifra, aumenta a 81 el n\u00famero de muertos desde que el 9 de septiembre se desat\u00f3 una ola\u2026","rel":"","context":"In &quot;Noticias Nacionales&quot;","block_context":{"text":"Noticias Nacionales","link":"https:\/\/noticiasya.com\/el-valle\/categoria\/noticias-nacionales"},"img":{"alt_text":"","src":"","width":0,"height":0},"classes":[]},{"id":1452610,"url":"https:\/\/noticiasya.com\/el-valle\/2024\/09\/12\/gobernador-sinaloa-suspension-clases-cinco-municipios-violencia-orix\/","url_meta":{"origin":1452674,"position":1},"title":"Gobernador de Sinaloa ordena la suspensi\u00f3n de clases en cinco municipios y de los festejos por la independencia debido a la violencia","author":"","date":"septiembre 12, 2024","format":false,"excerpt":"(CNN Espa\u00f1ol) -- El gobernador de Sinaloa, Rub\u00e9n Rocha Moya, anunci\u00f3 este jueves la suspensi\u00f3n de clases en todos los niveles en cinco municipios de su estado, en el noroeste del pa\u00eds, entre ellos la capital, Culiac\u00e1n, y de los festejos por el Grito del 15 de septiembre, debido a\u2026","rel":"","context":"In &quot;Noticias Nacionales&quot;","block_context":{"text":"Noticias Nacionales","link":"https:\/\/noticiasya.com\/el-valle\/categoria\/noticias-nacionales"},"img":{"alt_text":"","src":"","width":0,"height":0},"classes":[]},{"id":1452722,"url":"https:\/\/noticiasya.com\/el-valle\/2024\/09\/16\/diocesis-culiacan-en-mexico-mantenerse-unidos-escalada-violencia\/","url_meta":{"origin":1452674,"position":2},"title":"Di\u00f3cesis de Culiac\u00e1n en M\u00e9xico llama a &#171;mantenerse unidos&#187; ante la escalada de violencia","author":"","date":"septiembre 16, 2024","format":false,"excerpt":"(CNN Espa\u00f1ol) --\u00a0La di\u00f3cesis de Culiac\u00e1n en Sinaloa encabez\u00f3 una misa por la paz este domingo tras un fin de semana azotado por la violencia que dej\u00f3 un saldo de m\u00e1s de 10 homicidios.Jes\u00fas Herrera Qui\u00f1onez, obispo de Culiac\u00e1n, dijo este domingo que no hay que dejar \u201cque un grupo\u2026","rel":"","context":"In &quot;Noticias Nacionales&quot;","block_context":{"text":"Noticias Nacionales","link":"https:\/\/noticiasya.com\/el-valle\/categoria\/noticias-nacionales"},"img":{"alt_text":"","src":"","width":0,"height":0},"classes":[]},{"id":1452912,"url":"https:\/\/noticiasya.com\/el-valle\/2024\/09\/21\/ola-violencia-mexico-muertos-sinaloa-orix\/","url_meta":{"origin":1452674,"position":3},"title":"Ola de violencia en M\u00e9xico: al menos 53 muertos en Sinaloa","author":"","date":"septiembre 21, 2024","format":false,"excerpt":"(CNN Espa\u00f1ol) -- La Fiscal\u00eda de Sinaloa inform\u00f3 este s\u00e1bado de la muerte de al menos cuatro personas durante el 20 de septiembre, con lo que la cifra de muertos por la violencia en el estado mexicano, en el noroeste del pa\u00eds, aumenta a 53 personas desde el 9 de\u2026","rel":"","context":"In &quot;Noticias Nacionales&quot;","block_context":{"text":"Noticias Nacionales","link":"https:\/\/noticiasya.com\/el-valle\/categoria\/noticias-nacionales"},"img":{"alt_text":"","src":"","width":0,"height":0},"classes":[]},{"id":1457872,"url":"https:\/\/noticiasya.com\/el-valle\/2025\/01\/25\/sheinbaum-solidaridad-violencia-sinaloa-protestas-orix\/","url_meta":{"origin":1452674,"position":4},"title":"Sheinbaum expresa solidaridad a familia de ni\u00f1os muertos por violencia en Sinaloa tras protestas frente a Congreso local","author":"","date":"enero 25, 2025","format":false,"excerpt":"La presidenta de M\u00e9xico, Claudia Sheinbaum, expres\u00f3 este viernes su \u201csolidaridad\u201d con los familiares de un hombre y sus dos hijos, quienes murieron en medio de un ataque ocurrido en Sinaloa, en el noroeste del pa\u00eds, y dijo que pedir\u00eda a la secretaria de Gobernaci\u00f3n, Rosa Icela Rodr\u00edguez, que se\u2026","rel":"","context":"In &quot;Noticias Nacionales&quot;","block_context":{"text":"Noticias Nacionales","link":"https:\/\/noticiasya.com\/el-valle\/categoria\/noticias-nacionales"},"img":{"alt_text":"","src":"","width":0,"height":0},"classes":[]},{"id":1466471,"url":"https:\/\/noticiasya.com\/el-valle\/2025\/09\/15\/sinaloa-cancela-festejos-grito-independencia-violencia-orix\/","url_meta":{"origin":1452674,"position":5},"title":"Sinaloa cancela festejos por el Grito de Independencia en medio de la creciente violencia","author":"","date":"septiembre 15, 2025","format":false,"excerpt":"El Grito de la Independencia en Sinaloa, M\u00e9xico, se conmemorar\u00e1 solo con un acto c\u00edvico. El gobernador del estado, Rub\u00e9n Rocha Moya, anunci\u00f3 este domingo la cancelaci\u00f3n de los festejos patrios, en medio de la ola de violencia que se vive en la regi\u00f3n.\u201cComo gobernador de Sinaloa, honrando mi deber\u2026","rel":"","context":"In &quot;Noticias Nacionales&quot;","block_context":{"text":"Noticias Nacionales","link":"https:\/\/noticiasya.com\/el-valle\/categoria\/noticias-nacionales"},"img":{"alt_text":"","src":"","width":0,"height":0},"classes":[]}],"jetpack_sharing_enabled":true,"_links":{"self":[{"href":"https:\/\/noticiasya.com\/el-valle\/wp-json\/wp\/v2\/posts\/1452674","targetHints":{"allow":["GET"]}}],"collection":[{"href":"https:\/\/noticiasya.com\/el-valle\/wp-json\/wp\/v2\/posts"}],"about":[{"href":"https:\/\/noticiasya.com\/el-valle\/wp-json\/wp\/v2\/types\/post"}],"replies":[{"embeddable":true,"href":"https:\/\/noticiasya.com\/el-valle\/wp-json\/wp\/v2\/comments?post=1452674"}],"version-history":[{"count":0,"href":"https:\/\/noticiasya.com\/el-valle\/wp-json\/wp\/v2\/posts\/1452674\/revisions"}],"wp:attachment":[{"href":"https:\/\/noticiasya.com\/el-valle\/wp-json\/wp\/v2\/media?parent=1452674"}],"wp:term":[{"taxonomy":"category","embeddable":true,"href":"https:\/\/noticiasya.com\/el-valle\/wp-json\/wp\/v2\/categories?post=1452674"},{"taxonomy":"post_tag","embeddable":true,"href":"https:\/\/noticiasya.com\/el-valle\/wp-json\/wp\/v2\/tags?post=1452674"}],"curies":[{"name":"wp","href":"https:\/\/api.w.org\/{rel}","templated":true}]}}