{"id":1452675,"date":"2024-09-14T08:03:50","date_gmt":"2024-09-14T15:03:50","guid":{"rendered":"https:\/\/noticiasya.com\/2024\/09\/14\/canelo-alvarez-vs-edgar-berlanga-cartelera-previa-hora-como-ver-en-vivo-orix\/"},"modified":"2024-09-14T08:03:50","modified_gmt":"2024-09-14T15:03:50","slug":"canelo-alvarez-vs-edgar-berlanga-cartelera-previa-hora-como-ver-en-vivo-orix","status":"publish","type":"post","link":"https:\/\/noticiasya.com\/el-valle\/2024\/09\/14\/canelo-alvarez-vs-edgar-berlanga-cartelera-previa-hora-como-ver-en-vivo-orix\/","title":{"rendered":"Canelo \u00c1lvarez vs. Edgar Berlanga: cartelera, previa, a qu\u00e9 hora y c\u00f3mo ver en vivo el combate"},"content":{"rendered":"<p>(CNN Espa\u00f1ol) &#8212; Sa\u00fal \u201cCanelo\u201d \u00c1lvarez regresar\u00e1 al ring durante el fin de semana de la Independencia de M\u00e9xico para defender al menos uno de los cinturones de campeonato de peso supermediano.<\/p>\n<p>Ahora puedes seguirnos en\u00a0WhatsApp Channel<\/p>\n<p>Se medir\u00e1 el s\u00e1bado 14 de septiembre ante Edgar Berlanga, boxeador estadounidense de 27 a\u00f1os con ra\u00edces puertorrique\u00f1as que cuenta con un invicto de 22 victorias y 17 nocauts.<\/p>\n<p>Canelo \u00c1lvarez: Voy a salir a buscar el nocaut 1:11<\/p>\n<p>El retador busca arrebatarle a Canelo \u00c1lvarez los t\u00edtulos de la Asociaci\u00f3n Mundial de Boxeo (AMB), el Consejo Mundial de Boxeo (CMB) y la Organizaci\u00f3n Mundial de Boxeo (OMB). Durante la presentaci\u00f3n del combate en Las Vegas el 10 de septiembre, Berlanga se atrevi\u00f3 a pronosticar derribar al campe\u00f3n mexicano en el sexto asalto.<\/p>\n<p>\u201cEn cuanto al equipo Canelo, siempre tenemos respeto por \u00e9l, por sus logros y lo que hizo por el deporte\u201d, dijo Berlanga a los medios el martes, seg\u00fan Reuters. \u201cLo voy a noquear en el sexto asalto. Me dijo ocho asaltos, le dar\u00e9 seis\u201d, agreg\u00f3.<\/p>\n<p>Canelo \u00c1lvarez y Edgar Berlanga se enfrentan durante una conferencia de prensa para promocionar su pelea del 14 de septiembre en el Beverly Hills Hotel \u2013 Crystal Ballroom el 6 de agosto de 2024 en Beverly Hills, California. Cr\u00e9dito: Kaelin Mendez\/Getty Images<\/p>\n<p>Tras los comentarios de Berlanga, Canelo respondi\u00f3 diciendo: \u201cEs un buen peleador. Es fuerte, joven, pero no es nada nuevo para m\u00ed. He peleado con todos, con todos los estilos; m\u00e1s grandes que yo, m\u00e1s j\u00f3venes que yo, m\u00e1s viejos que yo. \u201cS\u00e9 todo sobre el boxeo, tengo mucha experiencia y \u00e9l lo sentir\u00e1 el s\u00e1bado por la noche\u201d.<\/p>\n<p>Canelo \u00c1lvarez llega a esta pelea con un r\u00e9cord de 61 victorias (39 por nocaut y nocaut t\u00e9cnico), 2 derrotas (ambas por decisi\u00f3n ante Floyd Mayweather en 2013 y Dmitry Bivol en 2022) y 2 empates, seg\u00fan el CMB.<\/p>\n<p>Sin embargo, el boxeador mexicano perdi\u00f3 su estatus indiscutible en la categor\u00eda de 168 libras en julio tras el anuncio de la Federaci\u00f3n Internacional de Boxeo (FIB) de deporjarlo de su cintur\u00f3n por escoger a Berlanga como rival, en lugar de su retador obligatorio, el cubano William Scull.<\/p>\n<p>En su anterior combate, Canelo venci\u00f3 por decisi\u00f3n un\u00e1nime al mexicano Jaime Mungu\u00eda el 4 de mayo de 2024.<\/p>\n<p>Edgar Berlanga dice que Canelo \u00c1lvarez no lo intimida 1:15<br \/>\nCartelera completa de Canelo vs. Berlanga<br \/>\nEstas son las peleas del s\u00e1bado antes del combate principal, seg\u00fan la promotora de peleas Premier Boxing Champions (PBC):<\/p>\n<p>Stephen Fulton Jr. vs. Carlos Castro<br \/>\nRolando Romero vs. Manuel Jaimes<br \/>\nCaleb Plant vs. Trevor McCumby<br \/>\nErislandy Lara vs. Danny Garc\u00eda<br \/>\nCanelo \u00c1lvarez vs. Edgar Berhanga<\/p>\n<p>\u00bfA qu\u00e9 hora comienza el evento y la pelea estelar?<br \/>\nEl evento comenzar\u00e1 el s\u00e1bado 14 de septiembre a las 8 p.m. (hora de Miami) en el T-Mobile Arena de Las Vegas, Estados Unidos.<\/p>\n<p>Miami, Estados Unidos: 8 p.m. (evento, peleas previas a la estelar) y 11 p.m. (caminata)<br \/>\nCiudad de M\u00e9xico, M\u00e9xico: 6 p.m. (evento) y 9 p.m.<br \/>\nBuenos Aires, Argentina: 9 p.m. (evento) y 12 a.m.<br \/>\nBogot\u00e1, Colombia: 7 p.m. (evento) y 10 p.m.<br \/>\nMadrid, Espa\u00f1a: 2 a.m. (evento) y 5 a.m.<\/p>\n<p>Se exhiben cinturones y premios durante una conferencia de prensa para promocionar la pelea del 14 de septiembre entre Canelo \u00c1lvarez y Edgar Berlanga el 6 de agosto de 2024 en Beverly Hills, California. Cr\u00e9dito: Kaelin Mendez\/Getty Images<br \/>\n\u00bfC\u00f3mo ver en vivo?<\/p>\n<p>M\u00e9xico: ESPN, Star+, TV Azteca, Canal 5<br \/>\nEstados Unidos: DAZN PPV, Prime Video PPV<br \/>\nEspa\u00f1a: Eurosport y la app de este canal<br \/>\nColombia y Argentina: ESPN<br \/>\nOtras partes del mundo: DAZN PPV y PPV<\/p>\n<p>The-CNN-Wire<br \/>&trade; &amp; &copy; 2024 Cable News Network, Inc., a Warner Bros. Discovery Company. All rights reserved.<\/p>\n","protected":false},"excerpt":{"rendered":"<p>(CNN Espa\u00f1ol) &#8212; Sa\u00fal \u201cCanelo\u201d \u00c1lvarez regresar\u00e1 al ring durante el fin de semana de la Independencia de M\u00e9xico para defender al menos uno de los cinturones de campeonato de peso supermediano. Ahora puedes seguirnos en\u00a0WhatsApp Channel Se medir\u00e1 el s\u00e1bado 14 de septiembre ante Edgar Berlanga, boxeador estadounidense de 27 a\u00f1os con ra\u00edces puertorrique\u00f1as [&hellip;]<\/p>\n","protected":false},"author":0,"featured_media":0,"comment_status":"open","ping_status":"open","sticky":false,"template":"","format":"standard","meta":{"_jetpack_memberships_contains_paid_content":false,"footnotes":""},"categories":[10],"tags":[],"class_list":["post-1452675","post","type-post","status-publish","format-standard","hentry","category-noticias-nacionales","market-global"],"yoast_head":"<!-- This site is optimized with the Yoast SEO plugin v24.4 - https:\/\/yoast.com\/wordpress\/plugins\/seo\/ -->\n<title>Canelo \u00c1lvarez vs. Edgar Berlanga: cartelera, previa, a qu\u00e9 hora y c\u00f3mo ver en vivo el combate - Noticias<\/title>\n<meta name=\"robots\" content=\"index, follow, max-snippet:-1, max-image-preview:large, max-video-preview:-1\" \/>\n<link rel=\"canonical\" href=\"https:\/\/noticiasya.com\/2024\/09\/14\/canelo-alvarez-vs-edgar-berlanga-cartelera-previa-hora-como-ver-en-vivo-orix\/\" \/>\n<meta property=\"og:locale\" content=\"es_ES\" \/>\n<meta property=\"og:type\" content=\"article\" \/>\n<meta property=\"og:title\" content=\"Canelo \u00c1lvarez vs. Edgar Berlanga: cartelera, previa, a qu\u00e9 hora y c\u00f3mo ver en vivo el combate - Noticias\" \/>\n<meta property=\"og:description\" content=\"(CNN Espa\u00f1ol) &#8212; Sa\u00fal \u201cCanelo\u201d \u00c1lvarez regresar\u00e1 al ring durante el fin de semana de la Independencia de M\u00e9xico para defender al menos uno de los cinturones de campeonato de peso supermediano. Ahora puedes seguirnos en\u00a0WhatsApp Channel Se medir\u00e1 el s\u00e1bado 14 de septiembre ante Edgar Berlanga, boxeador estadounidense de 27 a\u00f1os con ra\u00edces puertorrique\u00f1as [&hellip;]\" \/>\n<meta property=\"og:url\" content=\"https:\/\/noticiasya.com\/2024\/09\/14\/canelo-alvarez-vs-edgar-berlanga-cartelera-previa-hora-como-ver-en-vivo-orix\/\" \/>\n<meta property=\"og:site_name\" content=\"Noticias\" \/>\n<meta property=\"article:published_time\" content=\"2024-09-14T15:03:50+00:00\" \/>\n<meta name=\"twitter:card\" content=\"summary_large_image\" \/>\n<meta name=\"twitter:label1\" content=\"Est. reading time\" \/>\n\t<meta name=\"twitter:data1\" content=\"3 minutos\" \/>\n<script type=\"application\/ld+json\" class=\"yoast-schema-graph\">{\"@context\":\"https:\/\/schema.org\",\"@graph\":[{\"@type\":\"Article\",\"@id\":\"https:\/\/noticiasya.com\/2024\/09\/14\/canelo-alvarez-vs-edgar-berlanga-cartelera-previa-hora-como-ver-en-vivo-orix\/#article\",\"isPartOf\":{\"@id\":\"https:\/\/noticiasya.com\/2024\/09\/14\/canelo-alvarez-vs-edgar-berlanga-cartelera-previa-hora-como-ver-en-vivo-orix\/\"},\"author\":{\"name\":\"\",\"@id\":\"\"},\"headline\":\"Canelo \u00c1lvarez vs. Edgar Berlanga: cartelera, previa, a qu\u00e9 hora y c\u00f3mo ver en vivo el combate\",\"datePublished\":\"2024-09-14T15:03:50+00:00\",\"mainEntityOfPage\":{\"@id\":\"https:\/\/noticiasya.com\/2024\/09\/14\/canelo-alvarez-vs-edgar-berlanga-cartelera-previa-hora-como-ver-en-vivo-orix\/\"},\"wordCount\":655,\"commentCount\":0,\"publisher\":{\"@id\":\"https:\/\/noticiasya.com\/#organization\"},\"articleSection\":[\"Noticias Nacionales\"],\"inLanguage\":\"es\",\"potentialAction\":[{\"@type\":\"CommentAction\",\"name\":\"Comment\",\"target\":[\"https:\/\/noticiasya.com\/2024\/09\/14\/canelo-alvarez-vs-edgar-berlanga-cartelera-previa-hora-como-ver-en-vivo-orix\/#respond\"]}]},{\"@type\":\"WebPage\",\"@id\":\"https:\/\/noticiasya.com\/2024\/09\/14\/canelo-alvarez-vs-edgar-berlanga-cartelera-previa-hora-como-ver-en-vivo-orix\/\",\"url\":\"https:\/\/noticiasya.com\/2024\/09\/14\/canelo-alvarez-vs-edgar-berlanga-cartelera-previa-hora-como-ver-en-vivo-orix\/\",\"name\":\"Canelo \u00c1lvarez vs. Edgar Berlanga: cartelera, previa, a qu\u00e9 hora y c\u00f3mo ver en vivo el combate - Noticias\",\"isPartOf\":{\"@id\":\"https:\/\/noticiasya.com\/#website\"},\"datePublished\":\"2024-09-14T15:03:50+00:00\",\"breadcrumb\":{\"@id\":\"https:\/\/noticiasya.com\/2024\/09\/14\/canelo-alvarez-vs-edgar-berlanga-cartelera-previa-hora-como-ver-en-vivo-orix\/#breadcrumb\"},\"inLanguage\":\"es\",\"potentialAction\":[{\"@type\":\"ReadAction\",\"target\":[\"https:\/\/noticiasya.com\/2024\/09\/14\/canelo-alvarez-vs-edgar-berlanga-cartelera-previa-hora-como-ver-en-vivo-orix\/\"]}]},{\"@type\":\"BreadcrumbList\",\"@id\":\"https:\/\/noticiasya.com\/2024\/09\/14\/canelo-alvarez-vs-edgar-berlanga-cartelera-previa-hora-como-ver-en-vivo-orix\/#breadcrumb\",\"itemListElement\":[{\"@type\":\"ListItem\",\"position\":1,\"name\":\"Home\",\"item\":\"https:\/\/noticiasya.com\/\"},{\"@type\":\"ListItem\",\"position\":2,\"name\":\"Canelo \u00c1lvarez vs. Edgar Berlanga: cartelera, previa, a qu\u00e9 hora y c\u00f3mo ver en vivo el combate\"}]},{\"@type\":\"WebSite\",\"@id\":\"https:\/\/noticiasya.com\/#website\",\"url\":\"https:\/\/noticiasya.com\/\",\"name\":\"Noticias\",\"description\":\"Lo que importa\",\"publisher\":{\"@id\":\"https:\/\/noticiasya.com\/#organization\"},\"potentialAction\":[{\"@type\":\"SearchAction\",\"target\":{\"@type\":\"EntryPoint\",\"urlTemplate\":\"https:\/\/noticiasya.com\/?s={search_term_string}\"},\"query-input\":{\"@type\":\"PropertyValueSpecification\",\"valueRequired\":true,\"valueName\":\"search_term_string\"}}],\"inLanguage\":\"es\"},{\"@type\":\"Organization\",\"@id\":\"https:\/\/noticiasya.com\/#organization\",\"name\":\"Noticias\",\"url\":\"https:\/\/noticiasya.com\/\",\"logo\":{\"@type\":\"ImageObject\",\"inLanguage\":\"es\",\"@id\":\"https:\/\/noticiasya.com\/#\/schema\/logo\/image\/\",\"url\":\"https:\/\/noticiasya.com\/wp-content\/uploads\/sites\/22\/2023\/12\/logo-nacional.png\",\"contentUrl\":\"https:\/\/noticiasya.com\/wp-content\/uploads\/sites\/22\/2023\/12\/logo-nacional.png\",\"width\":1801,\"height\":691,\"caption\":\"Noticias\"},\"image\":{\"@id\":\"https:\/\/noticiasya.com\/#\/schema\/logo\/image\/\"}}]}<\/script>\n<!-- \/ Yoast SEO plugin. -->","yoast_head_json":{"title":"Canelo \u00c1lvarez vs. Edgar Berlanga: cartelera, previa, a qu\u00e9 hora y c\u00f3mo ver en vivo el combate - Noticias","robots":{"index":"index","follow":"follow","max-snippet":"max-snippet:-1","max-image-preview":"max-image-preview:large","max-video-preview":"max-video-preview:-1"},"canonical":"https:\/\/noticiasya.com\/2024\/09\/14\/canelo-alvarez-vs-edgar-berlanga-cartelera-previa-hora-como-ver-en-vivo-orix\/","og_locale":"es_ES","og_type":"article","og_title":"Canelo \u00c1lvarez vs. Edgar Berlanga: cartelera, previa, a qu\u00e9 hora y c\u00f3mo ver en vivo el combate - Noticias","og_description":"(CNN Espa\u00f1ol) &#8212; Sa\u00fal \u201cCanelo\u201d \u00c1lvarez regresar\u00e1 al ring durante el fin de semana de la Independencia de M\u00e9xico para defender al menos uno de los cinturones de campeonato de peso supermediano. Ahora puedes seguirnos en\u00a0WhatsApp Channel Se medir\u00e1 el s\u00e1bado 14 de septiembre ante Edgar Berlanga, boxeador estadounidense de 27 a\u00f1os con ra\u00edces puertorrique\u00f1as [&hellip;]","og_url":"https:\/\/noticiasya.com\/2024\/09\/14\/canelo-alvarez-vs-edgar-berlanga-cartelera-previa-hora-como-ver-en-vivo-orix\/","og_site_name":"Noticias","article_published_time":"2024-09-14T15:03:50+00:00","twitter_card":"summary_large_image","twitter_misc":{"Est. reading time":"3 minutos"},"schema":{"@context":"https:\/\/schema.org","@graph":[{"@type":"Article","@id":"https:\/\/noticiasya.com\/2024\/09\/14\/canelo-alvarez-vs-edgar-berlanga-cartelera-previa-hora-como-ver-en-vivo-orix\/#article","isPartOf":{"@id":"https:\/\/noticiasya.com\/2024\/09\/14\/canelo-alvarez-vs-edgar-berlanga-cartelera-previa-hora-como-ver-en-vivo-orix\/"},"author":{"name":"","@id":""},"headline":"Canelo \u00c1lvarez vs. Edgar Berlanga: cartelera, previa, a qu\u00e9 hora y c\u00f3mo ver en vivo el combate","datePublished":"2024-09-14T15:03:50+00:00","mainEntityOfPage":{"@id":"https:\/\/noticiasya.com\/2024\/09\/14\/canelo-alvarez-vs-edgar-berlanga-cartelera-previa-hora-como-ver-en-vivo-orix\/"},"wordCount":655,"commentCount":0,"publisher":{"@id":"https:\/\/noticiasya.com\/#organization"},"articleSection":["Noticias Nacionales"],"inLanguage":"es","potentialAction":[{"@type":"CommentAction","name":"Comment","target":["https:\/\/noticiasya.com\/2024\/09\/14\/canelo-alvarez-vs-edgar-berlanga-cartelera-previa-hora-como-ver-en-vivo-orix\/#respond"]}]},{"@type":"WebPage","@id":"https:\/\/noticiasya.com\/2024\/09\/14\/canelo-alvarez-vs-edgar-berlanga-cartelera-previa-hora-como-ver-en-vivo-orix\/","url":"https:\/\/noticiasya.com\/2024\/09\/14\/canelo-alvarez-vs-edgar-berlanga-cartelera-previa-hora-como-ver-en-vivo-orix\/","name":"Canelo \u00c1lvarez vs. Edgar Berlanga: cartelera, previa, a qu\u00e9 hora y c\u00f3mo ver en vivo el combate - Noticias","isPartOf":{"@id":"https:\/\/noticiasya.com\/#website"},"datePublished":"2024-09-14T15:03:50+00:00","breadcrumb":{"@id":"https:\/\/noticiasya.com\/2024\/09\/14\/canelo-alvarez-vs-edgar-berlanga-cartelera-previa-hora-como-ver-en-vivo-orix\/#breadcrumb"},"inLanguage":"es","potentialAction":[{"@type":"ReadAction","target":["https:\/\/noticiasya.com\/2024\/09\/14\/canelo-alvarez-vs-edgar-berlanga-cartelera-previa-hora-como-ver-en-vivo-orix\/"]}]},{"@type":"BreadcrumbList","@id":"https:\/\/noticiasya.com\/2024\/09\/14\/canelo-alvarez-vs-edgar-berlanga-cartelera-previa-hora-como-ver-en-vivo-orix\/#breadcrumb","itemListElement":[{"@type":"ListItem","position":1,"name":"Home","item":"https:\/\/noticiasya.com\/"},{"@type":"ListItem","position":2,"name":"Canelo \u00c1lvarez vs. Edgar Berlanga: cartelera, previa, a qu\u00e9 hora y c\u00f3mo ver en vivo el combate"}]},{"@type":"WebSite","@id":"https:\/\/noticiasya.com\/#website","url":"https:\/\/noticiasya.com\/","name":"Noticias","description":"Lo que importa","publisher":{"@id":"https:\/\/noticiasya.com\/#organization"},"potentialAction":[{"@type":"SearchAction","target":{"@type":"EntryPoint","urlTemplate":"https:\/\/noticiasya.com\/?s={search_term_string}"},"query-input":{"@type":"PropertyValueSpecification","valueRequired":true,"valueName":"search_term_string"}}],"inLanguage":"es"},{"@type":"Organization","@id":"https:\/\/noticiasya.com\/#organization","name":"Noticias","url":"https:\/\/noticiasya.com\/","logo":{"@type":"ImageObject","inLanguage":"es","@id":"https:\/\/noticiasya.com\/#\/schema\/logo\/image\/","url":"https:\/\/noticiasya.com\/wp-content\/uploads\/sites\/22\/2023\/12\/logo-nacional.png","contentUrl":"https:\/\/noticiasya.com\/wp-content\/uploads\/sites\/22\/2023\/12\/logo-nacional.png","width":1801,"height":691,"caption":"Noticias"},"image":{"@id":"https:\/\/noticiasya.com\/#\/schema\/logo\/image\/"}}]}},"parsely":{"version":"1.1.0","canonical_url":"https:\/\/noticiasya.com\/el-valle\/2024\/09\/14\/canelo-alvarez-vs-edgar-berlanga-cartelera-previa-hora-como-ver-en-vivo-orix\/","smart_links":{"inbound":0,"outbound":0},"traffic_boost_suggestions_count":0,"meta":{"@context":"https:\/\/schema.org","@type":"NewsArticle","headline":"Canelo \u00c1lvarez vs. Edgar Berlanga: cartelera, previa, a qu\u00e9 hora y c\u00f3mo ver en vivo el combate","url":"http:\/\/noticiasya.com\/el-valle\/2024\/09\/14\/canelo-alvarez-vs-edgar-berlanga-cartelera-previa-hora-como-ver-en-vivo-orix\/","mainEntityOfPage":{"@type":"WebPage","@id":"http:\/\/noticiasya.com\/el-valle\/2024\/09\/14\/canelo-alvarez-vs-edgar-berlanga-cartelera-previa-hora-como-ver-en-vivo-orix\/"},"thumbnailUrl":"","image":{"@type":"ImageObject","url":""},"articleSection":"Noticias Nacionales","author":[],"creator":[],"publisher":{"@type":"Organization","name":"Noticias","logo":""},"keywords":[],"dateCreated":"2024-09-14T15:03:50Z","datePublished":"2024-09-14T15:03:50Z","dateModified":"2024-09-14T15:03:50Z"},"rendered":"<script type=\"application\/ld+json\" class=\"wp-parsely-metadata\">{\"@context\":\"https:\\\/\\\/schema.org\",\"@type\":\"NewsArticle\",\"headline\":\"Canelo \\u00c1lvarez vs. Edgar Berlanga: cartelera, previa, a qu\\u00e9 hora y c\\u00f3mo ver en vivo el combate\",\"url\":\"http:\\\/\\\/noticiasya.com\\\/el-valle\\\/2024\\\/09\\\/14\\\/canelo-alvarez-vs-edgar-berlanga-cartelera-previa-hora-como-ver-en-vivo-orix\\\/\",\"mainEntityOfPage\":{\"@type\":\"WebPage\",\"@id\":\"http:\\\/\\\/noticiasya.com\\\/el-valle\\\/2024\\\/09\\\/14\\\/canelo-alvarez-vs-edgar-berlanga-cartelera-previa-hora-como-ver-en-vivo-orix\\\/\"},\"thumbnailUrl\":\"\",\"image\":{\"@type\":\"ImageObject\",\"url\":\"\"},\"articleSection\":\"Noticias Nacionales\",\"author\":[],\"creator\":[],\"publisher\":{\"@type\":\"Organization\",\"name\":\"Noticias\",\"logo\":\"\"},\"keywords\":[],\"dateCreated\":\"2024-09-14T15:03:50Z\",\"datePublished\":\"2024-09-14T15:03:50Z\",\"dateModified\":\"2024-09-14T15:03:50Z\"}<\/script>","tracker_url":"https:\/\/cdn.parsely.com\/keys\/noticiasya.com\/p.js"},"jetpack_featured_media_url":"","jetpack-related-posts":[{"id":1452684,"url":"https:\/\/noticiasya.com\/el-valle\/2024\/09\/14\/canelo-alvarez-dice-que-esta-100-listo-para-enfrentar-al-invicto-edgar-berlanga-quien-quiere-sorprender-al-mundo\/","url_meta":{"origin":1452675,"position":0},"title":"&#171;Canelo&#187; \u00c1lvarez dice que est\u00e1 &#171;100% listo&#187; para enfrentar al invicto Edgar Berlanga, quien quiere &#171;sorprender al mundo&#187;","author":"","date":"septiembre 14, 2024","format":false,"excerpt":"(CNN) -- La superestrella mexicana Sa\u00fal \"Canelo\" \u00c1lvarez pondr\u00e1 en juego sus campeonatos de peso supermediano del Consejo Mundial de Boxeo (WBC, por sus siglas en ingl\u00e9s), la Asociaci\u00f3n Mundial de Boxeo (WBA, por sus siglas en ingl\u00e9s) y la Organizaci\u00f3n Mundial de Boxeo (WBO, por sus siglas en ingl\u00e9s)\u2026","rel":"","context":"In &quot;Noticias Nacionales&quot;","block_context":{"text":"Noticias Nacionales","link":"https:\/\/noticiasya.com\/el-valle\/categoria\/noticias-nacionales"},"img":{"alt_text":"","src":"","width":0,"height":0},"classes":[]},{"id":1452673,"url":"https:\/\/noticiasya.com\/el-valle\/2024\/09\/14\/entrevista-saul-canelo-alvarez-edgar-berlanga-orix\/","url_meta":{"origin":1452675,"position":1},"title":"Mano a mano con Sa\u00fal &#171;Canelo&#187; \u00c1lvarez y Edgar Berlanga antes del gran combate","author":"","date":"septiembre 14, 2024","format":false,"excerpt":"(CNN Espa\u00f1ol)-- Este s\u00e1bado Sa\u00fal \"Canelo\" \u00c1lvarez se subir\u00e1 al ring del T-Mobile Arena de Las Vegas para enfrentar al estadounidense de origen puertorrique\u00f1o Edgar Berlanga. El mexicano dej\u00f3 de ser campe\u00f3n indiscutido, pero en esta pelea expondr\u00e1 sus t\u00edtulos de peso supermediano del Consejo Mundial de Boxeo, la Organizaci\u00f3n\u2026","rel":"","context":"In &quot;Noticias Nacionales&quot;","block_context":{"text":"Noticias Nacionales","link":"https:\/\/noticiasya.com\/el-valle\/categoria\/noticias-nacionales"},"img":{"alt_text":"","src":"","width":0,"height":0},"classes":[]},{"id":1461925,"url":"https:\/\/noticiasya.com\/el-valle\/2025\/05\/03\/pelea-canelo-alvarez-william-scull-cartelera-previa-horarios-como-ver-en-vivo-orix\/","url_meta":{"origin":1452675,"position":2},"title":"Pelea entre Canelo \u00c1lvarez y William Scull: cartelera, previa, horarios y c\u00f3mo ver en vivo","author":"","date":"mayo 3, 2025","format":false,"excerpt":"El multicampe\u00f3n mexicano Sa\u00fal \u201cCanelo\u201d \u00c1lvarez tendr\u00e1 el s\u00e1bado su primera pelea de 2025, en la que enfrentar\u00e1 a otro campe\u00f3n, el cubano William Scull, durante la funci\u00f3n estelar de box en la ANB Arena de Arabia Saudita.Se trata de la primera vez en la que ambos pugilistas se enfrentan\u2026","rel":"","context":"In &quot;Noticias Nacionales&quot;","block_context":{"text":"Noticias Nacionales","link":"https:\/\/noticiasya.com\/el-valle\/categoria\/noticias-nacionales"},"img":{"alt_text":"","src":"","width":0,"height":0},"classes":[]},{"id":1461938,"url":"https:\/\/noticiasya.com\/el-valle\/2025\/05\/03\/record-canelo-alvarez-boxeo-victorias-derrotas-orix\/","url_meta":{"origin":1452675,"position":3},"title":"As\u00ed est\u00e1 el r\u00e9cord de boxeo del &#171;Canelo&#187; \u00c1lvarez en 2025","author":"","date":"mayo 3, 2025","format":false,"excerpt":"El pugilista Sa\u00fal \u201cCanelo\u201d \u00c1lvarez es uno de los mejores en el mundo del boxeo. El mexicano es el actual campe\u00f3n mundial de la Asociaci\u00f3n Mundial de Boxeo (AMB), Consejo Mundial de Boxeo (CMB), Organizaci\u00f3n Mundial de Boxeo (OMB).Como boxeador profesional, \u00c1lvarez se ha enfrentado a rivales como Jos\u00e9 Miguel\u2026","rel":"","context":"In &quot;Noticias Nacionales&quot;","block_context":{"text":"Noticias Nacionales","link":"https:\/\/noticiasya.com\/el-valle\/categoria\/noticias-nacionales"},"img":{"alt_text":"","src":"","width":0,"height":0},"classes":[]},{"id":1466387,"url":"https:\/\/noticiasya.com\/el-valle\/2025\/09\/12\/canelo-alvarez-record-boxeo-triunfos-derrotas\/","url_meta":{"origin":1452675,"position":4},"title":"Este es el r\u00e9cord de boxeo de &#171;Canelo&#187; \u00c1lvarez antes de pelear con Terence Crawford","author":"","date":"septiembre 12, 2025","format":false,"excerpt":"El pugilista Sa\u00fal \u201cCanelo\u201d \u00c1lvarez es uno de los mejores en el mundo del boxeo. El mexicano es el actual campe\u00f3n mundial de la Asociaci\u00f3n Mundial de Boxeo (AMB), Consejo Mundial de Boxeo (CMB), Organizaci\u00f3n Mundial de Boxeo (OMB).Como boxeador profesional, \u00c1lvarez se ha enfrentado a rivales como Jos\u00e9 Miguel\u2026","rel":"","context":"In &quot;Noticias Nacionales&quot;","block_context":{"text":"Noticias Nacionales","link":"https:\/\/noticiasya.com\/el-valle\/categoria\/noticias-nacionales"},"img":{"alt_text":"","src":"","width":0,"height":0},"classes":[]},{"id":1452667,"url":"https:\/\/noticiasya.com\/el-valle\/2024\/09\/13\/canelo-alvarez-asi-esta-record-2024-contra-quien-fueron-dos-derrotas-orix\/","url_meta":{"origin":1452675,"position":5},"title":"As\u00ed est\u00e1 el r\u00e9cord de boxeo del &#171;Canelo&#187; \u00c1lvarez en 2024, \u00bfcontra qui\u00e9n fueron sus dos derrotas?","author":"","date":"septiembre 13, 2024","format":false,"excerpt":"(CNN Espa\u00f1ol) -- El pugilista Sa\u00fal \"Canelo\" \u00c1lvarez es uno de los mejores en el mundo del boxeo. El mexicano es el actual campe\u00f3n mundial de la Asociaci\u00f3n Mundial de Boxeo (AMB), Consejo Mundial de Boxeo (CMB), Organizaci\u00f3n Mundial de Boxeo (OMB), Federaci\u00f3n Internacional de Boxeo (FIB) y The Ring\u2026","rel":"","context":"In &quot;Noticias Nacionales&quot;","block_context":{"text":"Noticias Nacionales","link":"https:\/\/noticiasya.com\/el-valle\/categoria\/noticias-nacionales"},"img":{"alt_text":"","src":"","width":0,"height":0},"classes":[]}],"jetpack_sharing_enabled":true,"_links":{"self":[{"href":"https:\/\/noticiasya.com\/el-valle\/wp-json\/wp\/v2\/posts\/1452675","targetHints":{"allow":["GET"]}}],"collection":[{"href":"https:\/\/noticiasya.com\/el-valle\/wp-json\/wp\/v2\/posts"}],"about":[{"href":"https:\/\/noticiasya.com\/el-valle\/wp-json\/wp\/v2\/types\/post"}],"replies":[{"embeddable":true,"href":"https:\/\/noticiasya.com\/el-valle\/wp-json\/wp\/v2\/comments?post=1452675"}],"version-history":[{"count":0,"href":"https:\/\/noticiasya.com\/el-valle\/wp-json\/wp\/v2\/posts\/1452675\/revisions"}],"wp:attachment":[{"href":"https:\/\/noticiasya.com\/el-valle\/wp-json\/wp\/v2\/media?parent=1452675"}],"wp:term":[{"taxonomy":"category","embeddable":true,"href":"https:\/\/noticiasya.com\/el-valle\/wp-json\/wp\/v2\/categories?post=1452675"},{"taxonomy":"post_tag","embeddable":true,"href":"https:\/\/noticiasya.com\/el-valle\/wp-json\/wp\/v2\/tags?post=1452675"}],"curies":[{"name":"wp","href":"https:\/\/api.w.org\/{rel}","templated":true}]}}