{"id":1452799,"date":"2024-09-18T09:03:54","date_gmt":"2024-09-18T16:03:54","guid":{"rendered":"https:\/\/noticiasya.com\/2024\/09\/18\/fotos-primera-superluna-octubre-2024-orix\/"},"modified":"2024-09-18T09:03:54","modified_gmt":"2024-09-18T16:03:54","slug":"fotos-primera-superluna-octubre-2024-orix","status":"publish","type":"post","link":"https:\/\/noticiasya.com\/el-valle\/2024\/09\/18\/fotos-primera-superluna-octubre-2024-orix\/","title":{"rendered":"FOTOS | Eclipse lunar y la primera superluna de 2024"},"content":{"rendered":"<p>(CNN Espa\u00f1ol) &#8211;Un eclipse lunar parcial fue visible en Europa, y en la mayor parte de Asia, Norteam\u00e9rica, Sudam\u00e9rica y \u00c1frica la noche del martes 17 de septiembre y madrugada del mi\u00e9rcoles 18. Adem\u00e1s, el eclipse estuvo acompa\u00f1ado de la primera superluna de 2024.<\/p>\n<p>Ahora puedes seguirnos en\u00a0WhatsApp Channel<\/p>\n<p>El t\u00e9rmino superluna\u00a0generalmente denota una luna llena que est\u00e1 m\u00e1s cerca de la Tierra de lo normal y por lo tanto aparece m\u00e1s grande y m\u00e1s brillante en el cielo nocturno. Algunos astr\u00f3nomos afirman que el fen\u00f3meno se produce cuando la luna se encuentra a menos del 90% del perigeo, su mayor aproximaci\u00f3n a la Tierra en \u00f3rbita.<\/p>\n<p>La superluna de este martes es la primera de todo 2024. La segunda y \u00faltima del a\u00f1o ocurrir\u00e1 en octubre.<\/p>\n<p>Estas son algunas de las mejores fotos.<\/p>\n<p>J\u00f3venes palestinos observan c\u00f3mo la luna llena se eleva sobre Khan Yunis en el sur de Gaza el 17 de septiembre de 2024 en medio de la guerra en curso en el territorio palestino entre Israel y Hamas. (Foto de BASHAR TALEB\/AFP v\u00eda Getty Images)<\/p>\n<p>Las tiendas de campa\u00f1a que albergan a los desplazados se encuentran en un campamento mientras la luna llena se eleva sobre Khan Yunis, en el sur de Gaza, el 17 de septiembre de 2024, en medio de la guerra en curso en el territorio palestino entre Israel y Hamas. (Foto de MOHAMMED ABED\/AFP v\u00eda Getty Images)<\/p>\n<p>El minarete de una mezquita se ve a contraluz de la Luna llena en la ciudad de Hebr\u00f3n, en la ocupada Ribera Occidental, el 17 de septiembre de 2024. (Foto de HAZEM BADER\/AFP v\u00eda Getty Images)<\/p>\n<p>Personas observan la Luna llena mientras descienden desde la cima del Puente del Puerto de Sydney el 17 de septiembre de 2024. (Foto de SAEED KHAN\/AFP v\u00eda Getty Images)<\/p>\n<p>La luna llena se eleva sobre el cielo nocturno de Caracas el 17 de septiembre de 2024. (Foto de FEDERICO PARRA\/AFP v\u00eda Getty Images)<\/p>\n<p>The-CNN-Wire<br \/>&trade; &amp; &copy; 2024 Cable News Network, Inc., a Warner Bros. Discovery Company. All rights reserved.<\/p>\n","protected":false},"excerpt":{"rendered":"<p>(CNN Espa\u00f1ol) &#8211;Un eclipse lunar parcial fue visible en Europa, y en la mayor parte de Asia, Norteam\u00e9rica, Sudam\u00e9rica y \u00c1frica la noche del martes 17 de septiembre y madrugada del mi\u00e9rcoles 18. Adem\u00e1s, el eclipse estuvo acompa\u00f1ado de la primera superluna de 2024. Ahora puedes seguirnos en\u00a0WhatsApp Channel El t\u00e9rmino superluna\u00a0generalmente denota una luna [&hellip;]<\/p>\n","protected":false},"author":0,"featured_media":0,"comment_status":"open","ping_status":"open","sticky":false,"template":"","format":"standard","meta":{"_jetpack_memberships_contains_paid_content":false,"footnotes":""},"categories":[10],"tags":[],"class_list":["post-1452799","post","type-post","status-publish","format-standard","hentry","category-noticias-nacionales","market-global"],"yoast_head":"<!-- This site is optimized with the Yoast SEO plugin v24.4 - https:\/\/yoast.com\/wordpress\/plugins\/seo\/ -->\n<title>FOTOS | Eclipse lunar y la primera superluna de 2024 - Noticias<\/title>\n<meta name=\"robots\" content=\"index, follow, max-snippet:-1, max-image-preview:large, max-video-preview:-1\" \/>\n<link rel=\"canonical\" href=\"https:\/\/noticiasya.com\/2024\/09\/18\/fotos-primera-superluna-octubre-2024-orix\/\" \/>\n<meta property=\"og:locale\" content=\"es_ES\" \/>\n<meta property=\"og:type\" content=\"article\" \/>\n<meta property=\"og:title\" content=\"FOTOS | Eclipse lunar y la primera superluna de 2024 - Noticias\" \/>\n<meta property=\"og:description\" content=\"(CNN Espa\u00f1ol) &#8211;Un eclipse lunar parcial fue visible en Europa, y en la mayor parte de Asia, Norteam\u00e9rica, Sudam\u00e9rica y \u00c1frica la noche del martes 17 de septiembre y madrugada del mi\u00e9rcoles 18. Adem\u00e1s, el eclipse estuvo acompa\u00f1ado de la primera superluna de 2024. Ahora puedes seguirnos en\u00a0WhatsApp Channel El t\u00e9rmino superluna\u00a0generalmente denota una luna [&hellip;]\" \/>\n<meta property=\"og:url\" content=\"https:\/\/noticiasya.com\/2024\/09\/18\/fotos-primera-superluna-octubre-2024-orix\/\" \/>\n<meta property=\"og:site_name\" content=\"Noticias\" \/>\n<meta property=\"article:published_time\" content=\"2024-09-18T16:03:54+00:00\" \/>\n<meta name=\"twitter:card\" content=\"summary_large_image\" \/>\n<meta name=\"twitter:label1\" content=\"Est. reading time\" \/>\n\t<meta name=\"twitter:data1\" content=\"2 minutos\" \/>\n<script type=\"application\/ld+json\" class=\"yoast-schema-graph\">{\"@context\":\"https:\/\/schema.org\",\"@graph\":[{\"@type\":\"Article\",\"@id\":\"https:\/\/noticiasya.com\/2024\/09\/18\/fotos-primera-superluna-octubre-2024-orix\/#article\",\"isPartOf\":{\"@id\":\"https:\/\/noticiasya.com\/2024\/09\/18\/fotos-primera-superluna-octubre-2024-orix\/\"},\"author\":{\"name\":\"\",\"@id\":\"\"},\"headline\":\"FOTOS | Eclipse lunar y la primera superluna de 2024\",\"datePublished\":\"2024-09-18T16:03:54+00:00\",\"mainEntityOfPage\":{\"@id\":\"https:\/\/noticiasya.com\/2024\/09\/18\/fotos-primera-superluna-octubre-2024-orix\/\"},\"wordCount\":363,\"commentCount\":0,\"publisher\":{\"@id\":\"https:\/\/noticiasya.com\/#organization\"},\"articleSection\":[\"Noticias Nacionales\"],\"inLanguage\":\"es\",\"potentialAction\":[{\"@type\":\"CommentAction\",\"name\":\"Comment\",\"target\":[\"https:\/\/noticiasya.com\/2024\/09\/18\/fotos-primera-superluna-octubre-2024-orix\/#respond\"]}]},{\"@type\":\"WebPage\",\"@id\":\"https:\/\/noticiasya.com\/2024\/09\/18\/fotos-primera-superluna-octubre-2024-orix\/\",\"url\":\"https:\/\/noticiasya.com\/2024\/09\/18\/fotos-primera-superluna-octubre-2024-orix\/\",\"name\":\"FOTOS | Eclipse lunar y la primera superluna de 2024 - Noticias\",\"isPartOf\":{\"@id\":\"https:\/\/noticiasya.com\/#website\"},\"datePublished\":\"2024-09-18T16:03:54+00:00\",\"breadcrumb\":{\"@id\":\"https:\/\/noticiasya.com\/2024\/09\/18\/fotos-primera-superluna-octubre-2024-orix\/#breadcrumb\"},\"inLanguage\":\"es\",\"potentialAction\":[{\"@type\":\"ReadAction\",\"target\":[\"https:\/\/noticiasya.com\/2024\/09\/18\/fotos-primera-superluna-octubre-2024-orix\/\"]}]},{\"@type\":\"BreadcrumbList\",\"@id\":\"https:\/\/noticiasya.com\/2024\/09\/18\/fotos-primera-superluna-octubre-2024-orix\/#breadcrumb\",\"itemListElement\":[{\"@type\":\"ListItem\",\"position\":1,\"name\":\"Home\",\"item\":\"https:\/\/noticiasya.com\/\"},{\"@type\":\"ListItem\",\"position\":2,\"name\":\"FOTOS | Eclipse lunar y la primera superluna de 2024\"}]},{\"@type\":\"WebSite\",\"@id\":\"https:\/\/noticiasya.com\/#website\",\"url\":\"https:\/\/noticiasya.com\/\",\"name\":\"Noticias\",\"description\":\"Lo que importa\",\"publisher\":{\"@id\":\"https:\/\/noticiasya.com\/#organization\"},\"potentialAction\":[{\"@type\":\"SearchAction\",\"target\":{\"@type\":\"EntryPoint\",\"urlTemplate\":\"https:\/\/noticiasya.com\/?s={search_term_string}\"},\"query-input\":{\"@type\":\"PropertyValueSpecification\",\"valueRequired\":true,\"valueName\":\"search_term_string\"}}],\"inLanguage\":\"es\"},{\"@type\":\"Organization\",\"@id\":\"https:\/\/noticiasya.com\/#organization\",\"name\":\"Noticias\",\"url\":\"https:\/\/noticiasya.com\/\",\"logo\":{\"@type\":\"ImageObject\",\"inLanguage\":\"es\",\"@id\":\"https:\/\/noticiasya.com\/#\/schema\/logo\/image\/\",\"url\":\"https:\/\/noticiasya.com\/wp-content\/uploads\/sites\/22\/2023\/12\/logo-nacional.png\",\"contentUrl\":\"https:\/\/noticiasya.com\/wp-content\/uploads\/sites\/22\/2023\/12\/logo-nacional.png\",\"width\":1801,\"height\":691,\"caption\":\"Noticias\"},\"image\":{\"@id\":\"https:\/\/noticiasya.com\/#\/schema\/logo\/image\/\"}}]}<\/script>\n<!-- \/ Yoast SEO plugin. -->","yoast_head_json":{"title":"FOTOS | Eclipse lunar y la primera superluna de 2024 - Noticias","robots":{"index":"index","follow":"follow","max-snippet":"max-snippet:-1","max-image-preview":"max-image-preview:large","max-video-preview":"max-video-preview:-1"},"canonical":"https:\/\/noticiasya.com\/2024\/09\/18\/fotos-primera-superluna-octubre-2024-orix\/","og_locale":"es_ES","og_type":"article","og_title":"FOTOS | Eclipse lunar y la primera superluna de 2024 - Noticias","og_description":"(CNN Espa\u00f1ol) &#8211;Un eclipse lunar parcial fue visible en Europa, y en la mayor parte de Asia, Norteam\u00e9rica, Sudam\u00e9rica y \u00c1frica la noche del martes 17 de septiembre y madrugada del mi\u00e9rcoles 18. Adem\u00e1s, el eclipse estuvo acompa\u00f1ado de la primera superluna de 2024. Ahora puedes seguirnos en\u00a0WhatsApp Channel El t\u00e9rmino superluna\u00a0generalmente denota una luna [&hellip;]","og_url":"https:\/\/noticiasya.com\/2024\/09\/18\/fotos-primera-superluna-octubre-2024-orix\/","og_site_name":"Noticias","article_published_time":"2024-09-18T16:03:54+00:00","twitter_card":"summary_large_image","twitter_misc":{"Est. reading time":"2 minutos"},"schema":{"@context":"https:\/\/schema.org","@graph":[{"@type":"Article","@id":"https:\/\/noticiasya.com\/2024\/09\/18\/fotos-primera-superluna-octubre-2024-orix\/#article","isPartOf":{"@id":"https:\/\/noticiasya.com\/2024\/09\/18\/fotos-primera-superluna-octubre-2024-orix\/"},"author":{"name":"","@id":""},"headline":"FOTOS | Eclipse lunar y la primera superluna de 2024","datePublished":"2024-09-18T16:03:54+00:00","mainEntityOfPage":{"@id":"https:\/\/noticiasya.com\/2024\/09\/18\/fotos-primera-superluna-octubre-2024-orix\/"},"wordCount":363,"commentCount":0,"publisher":{"@id":"https:\/\/noticiasya.com\/#organization"},"articleSection":["Noticias Nacionales"],"inLanguage":"es","potentialAction":[{"@type":"CommentAction","name":"Comment","target":["https:\/\/noticiasya.com\/2024\/09\/18\/fotos-primera-superluna-octubre-2024-orix\/#respond"]}]},{"@type":"WebPage","@id":"https:\/\/noticiasya.com\/2024\/09\/18\/fotos-primera-superluna-octubre-2024-orix\/","url":"https:\/\/noticiasya.com\/2024\/09\/18\/fotos-primera-superluna-octubre-2024-orix\/","name":"FOTOS | Eclipse lunar y la primera superluna de 2024 - Noticias","isPartOf":{"@id":"https:\/\/noticiasya.com\/#website"},"datePublished":"2024-09-18T16:03:54+00:00","breadcrumb":{"@id":"https:\/\/noticiasya.com\/2024\/09\/18\/fotos-primera-superluna-octubre-2024-orix\/#breadcrumb"},"inLanguage":"es","potentialAction":[{"@type":"ReadAction","target":["https:\/\/noticiasya.com\/2024\/09\/18\/fotos-primera-superluna-octubre-2024-orix\/"]}]},{"@type":"BreadcrumbList","@id":"https:\/\/noticiasya.com\/2024\/09\/18\/fotos-primera-superluna-octubre-2024-orix\/#breadcrumb","itemListElement":[{"@type":"ListItem","position":1,"name":"Home","item":"https:\/\/noticiasya.com\/"},{"@type":"ListItem","position":2,"name":"FOTOS | Eclipse lunar y la primera superluna de 2024"}]},{"@type":"WebSite","@id":"https:\/\/noticiasya.com\/#website","url":"https:\/\/noticiasya.com\/","name":"Noticias","description":"Lo que importa","publisher":{"@id":"https:\/\/noticiasya.com\/#organization"},"potentialAction":[{"@type":"SearchAction","target":{"@type":"EntryPoint","urlTemplate":"https:\/\/noticiasya.com\/?s={search_term_string}"},"query-input":{"@type":"PropertyValueSpecification","valueRequired":true,"valueName":"search_term_string"}}],"inLanguage":"es"},{"@type":"Organization","@id":"https:\/\/noticiasya.com\/#organization","name":"Noticias","url":"https:\/\/noticiasya.com\/","logo":{"@type":"ImageObject","inLanguage":"es","@id":"https:\/\/noticiasya.com\/#\/schema\/logo\/image\/","url":"https:\/\/noticiasya.com\/wp-content\/uploads\/sites\/22\/2023\/12\/logo-nacional.png","contentUrl":"https:\/\/noticiasya.com\/wp-content\/uploads\/sites\/22\/2023\/12\/logo-nacional.png","width":1801,"height":691,"caption":"Noticias"},"image":{"@id":"https:\/\/noticiasya.com\/#\/schema\/logo\/image\/"}}]}},"parsely":{"version":"1.1.0","canonical_url":"https:\/\/noticiasya.com\/el-valle\/2024\/09\/18\/fotos-primera-superluna-octubre-2024-orix\/","smart_links":{"inbound":0,"outbound":0},"traffic_boost_suggestions_count":0,"meta":{"@context":"https:\/\/schema.org","@type":"NewsArticle","headline":"FOTOS | Eclipse lunar y la primera superluna de 2024","url":"http:\/\/noticiasya.com\/el-valle\/2024\/09\/18\/fotos-primera-superluna-octubre-2024-orix\/","mainEntityOfPage":{"@type":"WebPage","@id":"http:\/\/noticiasya.com\/el-valle\/2024\/09\/18\/fotos-primera-superluna-octubre-2024-orix\/"},"thumbnailUrl":"","image":{"@type":"ImageObject","url":""},"articleSection":"Noticias Nacionales","author":[],"creator":[],"publisher":{"@type":"Organization","name":"Noticias","logo":""},"keywords":[],"dateCreated":"2024-09-18T16:03:54Z","datePublished":"2024-09-18T16:03:54Z","dateModified":"2024-09-18T16:03:54Z"},"rendered":"<script type=\"application\/ld+json\" class=\"wp-parsely-metadata\">{\"@context\":\"https:\\\/\\\/schema.org\",\"@type\":\"NewsArticle\",\"headline\":\"FOTOS | Eclipse lunar y la primera superluna de 2024\",\"url\":\"http:\\\/\\\/noticiasya.com\\\/el-valle\\\/2024\\\/09\\\/18\\\/fotos-primera-superluna-octubre-2024-orix\\\/\",\"mainEntityOfPage\":{\"@type\":\"WebPage\",\"@id\":\"http:\\\/\\\/noticiasya.com\\\/el-valle\\\/2024\\\/09\\\/18\\\/fotos-primera-superluna-octubre-2024-orix\\\/\"},\"thumbnailUrl\":\"\",\"image\":{\"@type\":\"ImageObject\",\"url\":\"\"},\"articleSection\":\"Noticias Nacionales\",\"author\":[],\"creator\":[],\"publisher\":{\"@type\":\"Organization\",\"name\":\"Noticias\",\"logo\":\"\"},\"keywords\":[],\"dateCreated\":\"2024-09-18T16:03:54Z\",\"datePublished\":\"2024-09-18T16:03:54Z\",\"dateModified\":\"2024-09-18T16:03:54Z\"}<\/script>","tracker_url":"https:\/\/cdn.parsely.com\/keys\/noticiasya.com\/p.js"},"jetpack_featured_media_url":"","jetpack-related-posts":[{"id":1452726,"url":"https:\/\/noticiasya.com\/el-valle\/2024\/09\/16\/como-donde-ver-eclipse-lunar-superluna-martes-orix\/","url_meta":{"origin":1452799,"position":0},"title":"\u00bfC\u00f3mo y d\u00f3nde ver el eclipse lunar y la superluna del martes?","author":"","date":"septiembre 16, 2024","format":false,"excerpt":"(CNN Espa\u00f1ol) -- Atenci\u00f3n, amantes de los eventos astron\u00f3micos: esta semana se podr\u00e1 ver el \u00faltimo eclipse lunar de 2024 y, junto a \u00e9l, llegar\u00e1 tambi\u00e9n la primera superluna del a\u00f1o.Entre la noche del martes 17 de septiembre y la madrugada del mi\u00e9rcoles 18, tendr\u00e1 lugar este eclipse lunar, que\u2026","rel":"","context":"In &quot;Noticias Nacionales&quot;","block_context":{"text":"Noticias Nacionales","link":"https:\/\/noticiasya.com\/el-valle\/categoria\/noticias-nacionales"},"img":{"alt_text":"","src":"","width":0,"height":0},"classes":[]},{"id":1455144,"url":"https:\/\/noticiasya.com\/el-valle\/2024\/10\/16\/como-donde-ver-ultima-superluna-2024-orix\/","url_meta":{"origin":1452799,"position":1},"title":"\u00bfC\u00f3mo y d\u00f3nde ver la \u00faltima superluna de 2024?","author":"","date":"octubre 16, 2024","format":false,"excerpt":"(CNN Espa\u00f1ol) \u2014 Octubre ha sido un gran mes para todos los amantes de la astronom\u00eda, con eventos asombros como un eclipse solar anular (conocido como \"anillo de fuego\"), lluvias de estrellas, un cometa que nos visita cada 80.000 a\u00f1os... y ahora es turno de una superluna, la \u00faltima de\u2026","rel":"","context":"In &quot;Noticias Nacionales&quot;","block_context":{"text":"Noticias Nacionales","link":"https:\/\/noticiasya.com\/el-valle\/categoria\/noticias-nacionales"},"img":{"alt_text":"","src":"","width":0,"height":0},"classes":[]},{"id":1451967,"url":"https:\/\/noticiasya.com\/el-valle\/2024\/08\/19\/como-ver-la-rara-superluna-azul-de-agosto\/","url_meta":{"origin":1452799,"position":2},"title":"C\u00f3mo ver la rara superluna azul de agosto","author":"","date":"agosto 19, 2024","format":false,"excerpt":"(CNN) -- Agosto sigue siendo un mes apasionante para los observadores del cielo. Poco despu\u00e9s del pico de la lluvia de meteoros de las Perseidas la semana pasada, la primera de las cuatro superlunas consecutivas del a\u00f1o se formar\u00e1 el 19 de agosto. La rara combinaci\u00f3n c\u00f3smica de una superluna\u2026","rel":"","context":"In &quot;Noticias Nacionales&quot;","block_context":{"text":"Noticias Nacionales","link":"https:\/\/noticiasya.com\/el-valle\/categoria\/noticias-nacionales"},"img":{"alt_text":"","src":"","width":0,"height":0},"classes":[]},{"id":1455187,"url":"https:\/\/noticiasya.com\/el-valle\/2024\/10\/17\/luna-cazador-fotos-trax\/","url_meta":{"origin":1452799,"position":3},"title":"FOTOS| La \u00faltima superluna de 2024 ilumina los cielos","author":"","date":"octubre 17, 2024","format":false,"excerpt":"(CNN) -- La luna del cazador de este a\u00f1o tambi\u00e9n fue una superluna, lo que ocurre cuando est\u00e1 m\u00e1s cerca de la Tierra de lo normal. Este fen\u00f3meno celestial sucede varias veces durante cada ciclo lunar, ya que la \u00f3rbita de la luna es el\u00edptica, lo que significa que hay\u2026","rel":"","context":"In &quot;Noticias Nacionales&quot;","block_context":{"text":"Noticias Nacionales","link":"https:\/\/noticiasya.com\/el-valle\/categoria\/noticias-nacionales"},"img":{"alt_text":"","src":"","width":0,"height":0},"classes":[]},{"id":1468928,"url":"https:\/\/noticiasya.com\/el-valle\/2025\/12\/03\/superluna-diciembre-2025-ultima-ano-trax\/","url_meta":{"origin":1452799,"position":4},"title":"La \u00faltima superluna del a\u00f1o brillar\u00e1 esta semana en el cielo","author":"","date":"diciembre 3, 2025","format":false,"excerpt":"Mant\u00e9n la mirada en lo alto del cielo esta semana para ver la \u00faltima superluna del a\u00f1o.La superluna que se ver\u00e1 en diciembre, tambi\u00e9n llamada la luna fr\u00eda, alcanzar\u00e1 su punto m\u00e1s lleno alrededor de las 6:14 p. m., hora de Miami, del jueves, seg\u00fan EarthSky.\u201cEl jueves, la Luna saldr\u00e1\u2026","rel":"","context":"In &quot;Noticias Nacionales&quot;","block_context":{"text":"Noticias Nacionales","link":"https:\/\/noticiasya.com\/el-valle\/categoria\/noticias-nacionales"},"img":{"alt_text":"","src":"","width":0,"height":0},"classes":[]},{"id":1467148,"url":"https:\/\/noticiasya.com\/el-valle\/2025\/10\/06\/superluna-octubre-cosecha-cuando-hora-trax\/","url_meta":{"origin":1452799,"position":5},"title":"Superluna de octubre 2025: cu\u00e1ndo es, a qu\u00e9 hora y c\u00f3mo ver la luna de la cosecha en EE.UU. y otras partes del mundo","author":"","date":"octubre 6, 2025","format":false,"excerpt":"Mant\u00e9n la vista en el horizonte este lunes por la noche para ver la primera superluna del a\u00f1o.La luna llena de octubre, tambi\u00e9n llamada luna de cosecha, ser\u00e1 visible desde la noche de este lunes hasta la madrugada del martes. El sat\u00e9lite plateado alcanzar\u00e1 su m\u00e1ximo esplendor alrededor de las\u2026","rel":"","context":"In &quot;Noticias Nacionales&quot;","block_context":{"text":"Noticias Nacionales","link":"https:\/\/noticiasya.com\/el-valle\/categoria\/noticias-nacionales"},"img":{"alt_text":"","src":"","width":0,"height":0},"classes":[]}],"jetpack_sharing_enabled":true,"_links":{"self":[{"href":"https:\/\/noticiasya.com\/el-valle\/wp-json\/wp\/v2\/posts\/1452799","targetHints":{"allow":["GET"]}}],"collection":[{"href":"https:\/\/noticiasya.com\/el-valle\/wp-json\/wp\/v2\/posts"}],"about":[{"href":"https:\/\/noticiasya.com\/el-valle\/wp-json\/wp\/v2\/types\/post"}],"replies":[{"embeddable":true,"href":"https:\/\/noticiasya.com\/el-valle\/wp-json\/wp\/v2\/comments?post=1452799"}],"version-history":[{"count":0,"href":"https:\/\/noticiasya.com\/el-valle\/wp-json\/wp\/v2\/posts\/1452799\/revisions"}],"wp:attachment":[{"href":"https:\/\/noticiasya.com\/el-valle\/wp-json\/wp\/v2\/media?parent=1452799"}],"wp:term":[{"taxonomy":"category","embeddable":true,"href":"https:\/\/noticiasya.com\/el-valle\/wp-json\/wp\/v2\/categories?post=1452799"},{"taxonomy":"post_tag","embeddable":true,"href":"https:\/\/noticiasya.com\/el-valle\/wp-json\/wp\/v2\/tags?post=1452799"}],"curies":[{"name":"wp","href":"https:\/\/api.w.org\/{rel}","templated":true}]}}