{"id":1452818,"date":"2024-09-18T17:03:43","date_gmt":"2024-09-19T00:03:43","guid":{"rendered":"https:\/\/noticiasya.com\/2024\/09\/18\/onu-exigir-israel-fin-ocupacion-territorios-palestinos-trax\/"},"modified":"2024-09-18T17:03:43","modified_gmt":"2024-09-19T00:03:43","slug":"onu-exigir-israel-fin-ocupacion-territorios-palestinos-trax","status":"publish","type":"post","link":"https:\/\/noticiasya.com\/el-valle\/2024\/09\/18\/onu-exigir-israel-fin-ocupacion-territorios-palestinos-trax\/","title":{"rendered":"Miembros de la ONU votan a favor de exigirle a Israel que ponga fin a la ocupaci\u00f3n de los territorios palestinos en un plazo de 12 meses"},"content":{"rendered":"<p>(CNN) \u2013\u2013 Los miembros de las Naciones Unidas votaron este mi\u00e9rcoles para exigir que Israel ponga fin a su ocupaci\u00f3n de los territorios palestinos en un plazo de 12 meses.<\/p>\n<p>La resoluci\u00f3n fue adoptada en la Asamblea General de la ONU tras recibir 124 votos a favor. Catorce pa\u00edses votaron en contra, entre ellos Estados Unidos, Hungr\u00eda, Israel, Argentina, Chequia, Fiji, Malawi, Micronesia, Nauru, Palau, Pap\u00faa Nueva Guinea, Paraguay, Tonga y Tuvalu. 43 se abstuvieron de votar.<\/p>\n<p>Un funcionario de la ONU entre los 10 muertos durante una operaci\u00f3n militar israel\u00ed en la Ribera Occidental<\/p>\n<p>La votaci\u00f3n se produce despu\u00e9s de que el m\u00e1ximo tribunal de la ONU, la Corte Internacional de Justicia (CIJ), dijera en julio que la presencia de Israel en la Ribera Occidental y Jerusal\u00e9n Oriental es ilegal y pidiera a Israel que pusiera fin a su ocupaci\u00f3n de d\u00e9cadas de territorios reclamados por los palestinos para un futuro Estado.<\/p>\n<p>En su opini\u00f3n consultiva, la CIJ dijo que Israel deber\u00eda poner fin a su ocupaci\u00f3n \u201clo m\u00e1s r\u00e1pidamente posible\u201d. La resoluci\u00f3n de la ONU establece un plazo de 12 meses.<\/p>\n<p>Riyad Mansour, embajador palestino ante la ONU, calific\u00f3 la votaci\u00f3n como un punto de inflexi\u00f3n \u201cen nuestra lucha por la libertad y la justicia\u201d.<\/p>\n<p>La resoluci\u00f3n fue presentada por Palestina, que desde mayo tiene condici\u00f3n de Estado observador y el derecho a presentar propuestas en la asamblea.<\/p>\n<p>Mientras tanto, Danny Danon, embajador de Israel ante la ONU, critic\u00f3 el resultado de la votaci\u00f3n y dijo que es &#171;una decisi\u00f3n vergonzosa que respalda el terrorismo diplom\u00e1tico del Gobierno Aut\u00f3nomo Palestino&#187;.<\/p>\n<p>Ni la opini\u00f3n consultiva de la CIJ ni la resoluci\u00f3n de la Asamblea son vinculantes, pero ambas decisiones podr\u00edan aislar a\u00fan m\u00e1s a Israel mientras los l\u00edderes mundiales se preparan para reunirse la pr\u00f3xima semana en Nueva York para la Asamblea General anual de la ONU.<\/p>\n<p>Se espera que el primer ministro de Israel, Benjamin Netanyahu, y el presidente del Gobierno Aut\u00f3nomo Palestino, Mahmoud Abbas, se dirijan a otros l\u00edderes mundiales en la ONU el 26 de septiembre.<\/p>\n<p>El grupo de vigilancia de derechos humanos Human Rights Watch (HRW) acogi\u00f3 con satisfacci\u00f3n la resoluci\u00f3n del mi\u00e9rcoles.<\/p>\n<p>Mientras el mundo centra su atenci\u00f3n en Gaza, la Ribera Occidental alcanza una situaci\u00f3n cr\u00edtica<\/p>\n<p>\u201cIsrael debe atender de inmediato la demanda de una abrumadora mayor\u00eda de estados miembros de la ONU de acatar el fallo hist\u00f3rico de la Corte Mundial sobre la ocupaci\u00f3n israel\u00ed de hace d\u00e9cadas\u201d, dijo Louis Charbonneau, director de HRW ante la ONU, en un comunicado.<\/p>\n<p>Amnist\u00eda Internacional tambi\u00e9n recibi\u00f3 con satisfacci\u00f3n la resoluci\u00f3n y le pidi\u00f3 a Israel que la cumpliera.<\/p>\n<p>\u201cEsta resoluci\u00f3n reivindica los reclamos de larga data del pueblo palestino y de muchos pa\u00edses alrededor del mundo, al impulsar la implementaci\u00f3n de la hist\u00f3rica opini\u00f3n consultiva de la CIJ que confirm\u00f3 que Israel tiene la obligaci\u00f3n legal de poner fin a su ocupaci\u00f3n ilegal de los territorios palestinos y su discriminaci\u00f3n sist\u00e9mica contra la poblaci\u00f3n palestina\u201d, dijo la secretaria general de Amnist\u00eda, Agnes Callamard.<\/p>\n<p>Durante la guerra de 1967, Israel les arrebat\u00f3 la Ribera Occidental, Jerusal\u00e9n Oriental, Gaza y los altos del Gol\u00e1n a los estados \u00e1rabes vecinos. Poco despu\u00e9s, comenz\u00f3 a establecer asentamientos jud\u00edos en esos territorios.<\/p>\n<p>Los palestinos quieren la Ribera Occidental y Gaza para un futuro Estado, con Jerusal\u00e9n Oriental como su capital. Israel considera la totalidad de Jerusal\u00e9n como su \u201ccapital eterna\u201d.<\/p>\n<p>The-CNN-Wire<br \/>&trade; &amp; &copy; 2024 Cable News Network, Inc., a Warner Bros. Discovery Company. All rights reserved.<\/p>\n","protected":false},"excerpt":{"rendered":"<p>(CNN) \u2013\u2013 Los miembros de las Naciones Unidas votaron este mi\u00e9rcoles para exigir que Israel ponga fin a su ocupaci\u00f3n de los territorios palestinos en un plazo de 12 meses. La resoluci\u00f3n fue adoptada en la Asamblea General de la ONU tras recibir 124 votos a favor. Catorce pa\u00edses votaron en contra, entre ellos Estados [&hellip;]<\/p>\n","protected":false},"author":0,"featured_media":0,"comment_status":"open","ping_status":"open","sticky":false,"template":"","format":"standard","meta":{"_jetpack_memberships_contains_paid_content":false,"footnotes":""},"categories":[10],"tags":[],"class_list":["post-1452818","post","type-post","status-publish","format-standard","hentry","category-noticias-nacionales","market-global"],"yoast_head":"<!-- This site is optimized with the Yoast SEO plugin v24.4 - https:\/\/yoast.com\/wordpress\/plugins\/seo\/ -->\n<title>Miembros de la ONU votan a favor de exigirle a Israel que ponga fin a la ocupaci\u00f3n de los territorios palestinos en un plazo de 12 meses - Noticias<\/title>\n<meta name=\"robots\" content=\"index, follow, max-snippet:-1, max-image-preview:large, max-video-preview:-1\" \/>\n<link rel=\"canonical\" href=\"https:\/\/noticiasya.com\/2024\/09\/18\/onu-exigir-israel-fin-ocupacion-territorios-palestinos-trax\/\" \/>\n<meta property=\"og:locale\" content=\"es_ES\" \/>\n<meta property=\"og:type\" content=\"article\" \/>\n<meta property=\"og:title\" content=\"Miembros de la ONU votan a favor de exigirle a Israel que ponga fin a la ocupaci\u00f3n de los territorios palestinos en un plazo de 12 meses - Noticias\" \/>\n<meta property=\"og:description\" content=\"(CNN) \u2013\u2013 Los miembros de las Naciones Unidas votaron este mi\u00e9rcoles para exigir que Israel ponga fin a su ocupaci\u00f3n de los territorios palestinos en un plazo de 12 meses. La resoluci\u00f3n fue adoptada en la Asamblea General de la ONU tras recibir 124 votos a favor. Catorce pa\u00edses votaron en contra, entre ellos Estados [&hellip;]\" \/>\n<meta property=\"og:url\" content=\"https:\/\/noticiasya.com\/2024\/09\/18\/onu-exigir-israel-fin-ocupacion-territorios-palestinos-trax\/\" \/>\n<meta property=\"og:site_name\" content=\"Noticias\" \/>\n<meta property=\"article:published_time\" content=\"2024-09-19T00:03:43+00:00\" \/>\n<meta name=\"twitter:card\" content=\"summary_large_image\" \/>\n<meta name=\"twitter:label1\" content=\"Est. reading time\" \/>\n\t<meta name=\"twitter:data1\" content=\"3 minutos\" \/>\n<script type=\"application\/ld+json\" class=\"yoast-schema-graph\">{\"@context\":\"https:\/\/schema.org\",\"@graph\":[{\"@type\":\"Article\",\"@id\":\"https:\/\/noticiasya.com\/2024\/09\/18\/onu-exigir-israel-fin-ocupacion-territorios-palestinos-trax\/#article\",\"isPartOf\":{\"@id\":\"https:\/\/noticiasya.com\/2024\/09\/18\/onu-exigir-israel-fin-ocupacion-territorios-palestinos-trax\/\"},\"author\":{\"name\":\"\",\"@id\":\"\"},\"headline\":\"Miembros de la ONU votan a favor de exigirle a Israel que ponga fin a la ocupaci\u00f3n de los territorios palestinos en un plazo de 12 meses\",\"datePublished\":\"2024-09-19T00:03:43+00:00\",\"mainEntityOfPage\":{\"@id\":\"https:\/\/noticiasya.com\/2024\/09\/18\/onu-exigir-israel-fin-ocupacion-territorios-palestinos-trax\/\"},\"wordCount\":663,\"commentCount\":0,\"publisher\":{\"@id\":\"https:\/\/noticiasya.com\/#organization\"},\"articleSection\":[\"Noticias Nacionales\"],\"inLanguage\":\"es\",\"potentialAction\":[{\"@type\":\"CommentAction\",\"name\":\"Comment\",\"target\":[\"https:\/\/noticiasya.com\/2024\/09\/18\/onu-exigir-israel-fin-ocupacion-territorios-palestinos-trax\/#respond\"]}]},{\"@type\":\"WebPage\",\"@id\":\"https:\/\/noticiasya.com\/2024\/09\/18\/onu-exigir-israel-fin-ocupacion-territorios-palestinos-trax\/\",\"url\":\"https:\/\/noticiasya.com\/2024\/09\/18\/onu-exigir-israel-fin-ocupacion-territorios-palestinos-trax\/\",\"name\":\"Miembros de la ONU votan a favor de exigirle a Israel que ponga fin a la ocupaci\u00f3n de los territorios palestinos en un plazo de 12 meses - Noticias\",\"isPartOf\":{\"@id\":\"https:\/\/noticiasya.com\/#website\"},\"datePublished\":\"2024-09-19T00:03:43+00:00\",\"breadcrumb\":{\"@id\":\"https:\/\/noticiasya.com\/2024\/09\/18\/onu-exigir-israel-fin-ocupacion-territorios-palestinos-trax\/#breadcrumb\"},\"inLanguage\":\"es\",\"potentialAction\":[{\"@type\":\"ReadAction\",\"target\":[\"https:\/\/noticiasya.com\/2024\/09\/18\/onu-exigir-israel-fin-ocupacion-territorios-palestinos-trax\/\"]}]},{\"@type\":\"BreadcrumbList\",\"@id\":\"https:\/\/noticiasya.com\/2024\/09\/18\/onu-exigir-israel-fin-ocupacion-territorios-palestinos-trax\/#breadcrumb\",\"itemListElement\":[{\"@type\":\"ListItem\",\"position\":1,\"name\":\"Home\",\"item\":\"https:\/\/noticiasya.com\/\"},{\"@type\":\"ListItem\",\"position\":2,\"name\":\"Miembros de la ONU votan a favor de exigirle a Israel que ponga fin a la ocupaci\u00f3n de los territorios palestinos en un plazo de 12 meses\"}]},{\"@type\":\"WebSite\",\"@id\":\"https:\/\/noticiasya.com\/#website\",\"url\":\"https:\/\/noticiasya.com\/\",\"name\":\"Noticias\",\"description\":\"Lo que importa\",\"publisher\":{\"@id\":\"https:\/\/noticiasya.com\/#organization\"},\"potentialAction\":[{\"@type\":\"SearchAction\",\"target\":{\"@type\":\"EntryPoint\",\"urlTemplate\":\"https:\/\/noticiasya.com\/?s={search_term_string}\"},\"query-input\":{\"@type\":\"PropertyValueSpecification\",\"valueRequired\":true,\"valueName\":\"search_term_string\"}}],\"inLanguage\":\"es\"},{\"@type\":\"Organization\",\"@id\":\"https:\/\/noticiasya.com\/#organization\",\"name\":\"Noticias\",\"url\":\"https:\/\/noticiasya.com\/\",\"logo\":{\"@type\":\"ImageObject\",\"inLanguage\":\"es\",\"@id\":\"https:\/\/noticiasya.com\/#\/schema\/logo\/image\/\",\"url\":\"https:\/\/noticiasya.com\/wp-content\/uploads\/sites\/22\/2023\/12\/logo-nacional.png\",\"contentUrl\":\"https:\/\/noticiasya.com\/wp-content\/uploads\/sites\/22\/2023\/12\/logo-nacional.png\",\"width\":1801,\"height\":691,\"caption\":\"Noticias\"},\"image\":{\"@id\":\"https:\/\/noticiasya.com\/#\/schema\/logo\/image\/\"}}]}<\/script>\n<!-- \/ Yoast SEO plugin. -->","yoast_head_json":{"title":"Miembros de la ONU votan a favor de exigirle a Israel que ponga fin a la ocupaci\u00f3n de los territorios palestinos en un plazo de 12 meses - Noticias","robots":{"index":"index","follow":"follow","max-snippet":"max-snippet:-1","max-image-preview":"max-image-preview:large","max-video-preview":"max-video-preview:-1"},"canonical":"https:\/\/noticiasya.com\/2024\/09\/18\/onu-exigir-israel-fin-ocupacion-territorios-palestinos-trax\/","og_locale":"es_ES","og_type":"article","og_title":"Miembros de la ONU votan a favor de exigirle a Israel que ponga fin a la ocupaci\u00f3n de los territorios palestinos en un plazo de 12 meses - Noticias","og_description":"(CNN) \u2013\u2013 Los miembros de las Naciones Unidas votaron este mi\u00e9rcoles para exigir que Israel ponga fin a su ocupaci\u00f3n de los territorios palestinos en un plazo de 12 meses. La resoluci\u00f3n fue adoptada en la Asamblea General de la ONU tras recibir 124 votos a favor. Catorce pa\u00edses votaron en contra, entre ellos Estados [&hellip;]","og_url":"https:\/\/noticiasya.com\/2024\/09\/18\/onu-exigir-israel-fin-ocupacion-territorios-palestinos-trax\/","og_site_name":"Noticias","article_published_time":"2024-09-19T00:03:43+00:00","twitter_card":"summary_large_image","twitter_misc":{"Est. reading time":"3 minutos"},"schema":{"@context":"https:\/\/schema.org","@graph":[{"@type":"Article","@id":"https:\/\/noticiasya.com\/2024\/09\/18\/onu-exigir-israel-fin-ocupacion-territorios-palestinos-trax\/#article","isPartOf":{"@id":"https:\/\/noticiasya.com\/2024\/09\/18\/onu-exigir-israel-fin-ocupacion-territorios-palestinos-trax\/"},"author":{"name":"","@id":""},"headline":"Miembros de la ONU votan a favor de exigirle a Israel que ponga fin a la ocupaci\u00f3n de los territorios palestinos en un plazo de 12 meses","datePublished":"2024-09-19T00:03:43+00:00","mainEntityOfPage":{"@id":"https:\/\/noticiasya.com\/2024\/09\/18\/onu-exigir-israel-fin-ocupacion-territorios-palestinos-trax\/"},"wordCount":663,"commentCount":0,"publisher":{"@id":"https:\/\/noticiasya.com\/#organization"},"articleSection":["Noticias Nacionales"],"inLanguage":"es","potentialAction":[{"@type":"CommentAction","name":"Comment","target":["https:\/\/noticiasya.com\/2024\/09\/18\/onu-exigir-israel-fin-ocupacion-territorios-palestinos-trax\/#respond"]}]},{"@type":"WebPage","@id":"https:\/\/noticiasya.com\/2024\/09\/18\/onu-exigir-israel-fin-ocupacion-territorios-palestinos-trax\/","url":"https:\/\/noticiasya.com\/2024\/09\/18\/onu-exigir-israel-fin-ocupacion-territorios-palestinos-trax\/","name":"Miembros de la ONU votan a favor de exigirle a Israel que ponga fin a la ocupaci\u00f3n de los territorios palestinos en un plazo de 12 meses - Noticias","isPartOf":{"@id":"https:\/\/noticiasya.com\/#website"},"datePublished":"2024-09-19T00:03:43+00:00","breadcrumb":{"@id":"https:\/\/noticiasya.com\/2024\/09\/18\/onu-exigir-israel-fin-ocupacion-territorios-palestinos-trax\/#breadcrumb"},"inLanguage":"es","potentialAction":[{"@type":"ReadAction","target":["https:\/\/noticiasya.com\/2024\/09\/18\/onu-exigir-israel-fin-ocupacion-territorios-palestinos-trax\/"]}]},{"@type":"BreadcrumbList","@id":"https:\/\/noticiasya.com\/2024\/09\/18\/onu-exigir-israel-fin-ocupacion-territorios-palestinos-trax\/#breadcrumb","itemListElement":[{"@type":"ListItem","position":1,"name":"Home","item":"https:\/\/noticiasya.com\/"},{"@type":"ListItem","position":2,"name":"Miembros de la ONU votan a favor de exigirle a Israel que ponga fin a la ocupaci\u00f3n de los territorios palestinos en un plazo de 12 meses"}]},{"@type":"WebSite","@id":"https:\/\/noticiasya.com\/#website","url":"https:\/\/noticiasya.com\/","name":"Noticias","description":"Lo que importa","publisher":{"@id":"https:\/\/noticiasya.com\/#organization"},"potentialAction":[{"@type":"SearchAction","target":{"@type":"EntryPoint","urlTemplate":"https:\/\/noticiasya.com\/?s={search_term_string}"},"query-input":{"@type":"PropertyValueSpecification","valueRequired":true,"valueName":"search_term_string"}}],"inLanguage":"es"},{"@type":"Organization","@id":"https:\/\/noticiasya.com\/#organization","name":"Noticias","url":"https:\/\/noticiasya.com\/","logo":{"@type":"ImageObject","inLanguage":"es","@id":"https:\/\/noticiasya.com\/#\/schema\/logo\/image\/","url":"https:\/\/noticiasya.com\/wp-content\/uploads\/sites\/22\/2023\/12\/logo-nacional.png","contentUrl":"https:\/\/noticiasya.com\/wp-content\/uploads\/sites\/22\/2023\/12\/logo-nacional.png","width":1801,"height":691,"caption":"Noticias"},"image":{"@id":"https:\/\/noticiasya.com\/#\/schema\/logo\/image\/"}}]}},"parsely":{"version":"1.1.0","canonical_url":"https:\/\/noticiasya.com\/el-valle\/2024\/09\/18\/onu-exigir-israel-fin-ocupacion-territorios-palestinos-trax\/","smart_links":{"inbound":0,"outbound":0},"traffic_boost_suggestions_count":0,"meta":{"@context":"https:\/\/schema.org","@type":"NewsArticle","headline":"Miembros de la ONU votan a favor de exigirle a Israel que ponga fin a la ocupaci\u00f3n de los territorios palestinos en un plazo de 12 meses","url":"http:\/\/noticiasya.com\/el-valle\/2024\/09\/18\/onu-exigir-israel-fin-ocupacion-territorios-palestinos-trax\/","mainEntityOfPage":{"@type":"WebPage","@id":"http:\/\/noticiasya.com\/el-valle\/2024\/09\/18\/onu-exigir-israel-fin-ocupacion-territorios-palestinos-trax\/"},"thumbnailUrl":"","image":{"@type":"ImageObject","url":""},"articleSection":"Noticias Nacionales","author":[],"creator":[],"publisher":{"@type":"Organization","name":"Noticias","logo":""},"keywords":[],"dateCreated":"2024-09-19T00:03:43Z","datePublished":"2024-09-19T00:03:43Z","dateModified":"2024-09-19T00:03:43Z"},"rendered":"<script type=\"application\/ld+json\" class=\"wp-parsely-metadata\">{\"@context\":\"https:\\\/\\\/schema.org\",\"@type\":\"NewsArticle\",\"headline\":\"Miembros de la ONU votan a favor de exigirle a Israel que ponga fin a la ocupaci\\u00f3n de los territorios palestinos en un plazo de 12 meses\",\"url\":\"http:\\\/\\\/noticiasya.com\\\/el-valle\\\/2024\\\/09\\\/18\\\/onu-exigir-israel-fin-ocupacion-territorios-palestinos-trax\\\/\",\"mainEntityOfPage\":{\"@type\":\"WebPage\",\"@id\":\"http:\\\/\\\/noticiasya.com\\\/el-valle\\\/2024\\\/09\\\/18\\\/onu-exigir-israel-fin-ocupacion-territorios-palestinos-trax\\\/\"},\"thumbnailUrl\":\"\",\"image\":{\"@type\":\"ImageObject\",\"url\":\"\"},\"articleSection\":\"Noticias Nacionales\",\"author\":[],\"creator\":[],\"publisher\":{\"@type\":\"Organization\",\"name\":\"Noticias\",\"logo\":\"\"},\"keywords\":[],\"dateCreated\":\"2024-09-19T00:03:43Z\",\"datePublished\":\"2024-09-19T00:03:43Z\",\"dateModified\":\"2024-09-19T00:03:43Z\"}<\/script>","tracker_url":"https:\/\/cdn.parsely.com\/keys\/noticiasya.com\/p.js"},"jetpack_featured_media_url":"","jetpack-related-posts":[{"id":1452991,"url":"https:\/\/noticiasya.com\/el-valle\/2024\/09\/24\/biden-asamblea-onu-desafios-globales-optimista-trax\/","url_meta":{"origin":1452818,"position":0},"title":"En su \u00faltimo discurso como presidente, Biden expone ante la Asamblea de la ONU sobre los desaf\u00edos globales y se muestra optimista","author":"","date":"septiembre 24, 2024","format":false,"excerpt":"(CNN) -- El presidente Joe Biden utiliz\u00f3 su \u00faltimo discurso ante la Asamblea General de las Naciones Unidas para exponer sobre los desaf\u00edos que enfrenta el mundo, pero lo impregn\u00f3 de optimismo y llamados a la paz por parte de los l\u00edderes mundiales.Ahora puedes seguirnos en\u00a0WhatsApp Channel\"Reconozco los desaf\u00edos desde\u2026","rel":"","context":"In &quot;Noticias Nacionales&quot;","block_context":{"text":"Noticias Nacionales","link":"https:\/\/noticiasya.com\/el-valle\/categoria\/noticias-nacionales"},"img":{"alt_text":"","src":"","width":0,"height":0},"classes":[]},{"id":1451263,"url":"https:\/\/noticiasya.com\/el-valle\/2024\/07\/19\/corte-internacional-de-justicia-onu-ocupacion-israeli-ribera-occidental-jerusalen-este-ilegal-trax\/","url_meta":{"origin":1452818,"position":1},"title":"Tribunal superior de la ONU dice que la ocupaci\u00f3n israel\u00ed de la Ribera Occidental y de Jerusal\u00e9n Este es ilegal","author":"","date":"julio 19, 2024","format":false,"excerpt":"(CNN) -- El m\u00e1ximo tribunal de las Naciones Unidas dijo este viernes en una opini\u00f3n consultiva que la ocupaci\u00f3n israel\u00ed de la Ribera Occidental y de Jerusal\u00e9n Este es ilegal, en una opini\u00f3n sin precedentes que pide a Israel que ponga fin a su ocupaci\u00f3n de d\u00e9cadas en los territorios\u2026","rel":"","context":"In &quot;Noticias Nacionales&quot;","block_context":{"text":"Noticias Nacionales","link":"https:\/\/noticiasya.com\/el-valle\/categoria\/noticias-nacionales"},"img":{"alt_text":"","src":"","width":0,"height":0},"classes":[]},{"id":1467632,"url":"https:\/\/noticiasya.com\/el-valle\/2025\/10\/22\/corte-onu-israel-ayuda-gaza-genocidio-trax\/","url_meta":{"origin":1452818,"position":2},"title":"El m\u00e1ximo tribunal de la ONU reprende a Israel por las restricciones de ayuda en Gaza durante su guerra","author":"","date":"octubre 22, 2025","format":false,"excerpt":"El m\u00e1ximo tribunal de las Naciones Unidas emiti\u00f3 el mi\u00e9rcoles una opini\u00f3n legal en la que afirma que Israel, como potencia ocupante, est\u00e1 obligada a trabajar con agencias de la ONU para facilitar la ayuda humanitaria en Gaza, una reprimenda al bloqueo impuesto por Israel al enclave palestino a principios\u2026","rel":"","context":"In &quot;Noticias Nacionales&quot;","block_context":{"text":"Noticias Nacionales","link":"https:\/\/noticiasya.com\/el-valle\/categoria\/noticias-nacionales"},"img":{"alt_text":"","src":"","width":0,"height":0},"classes":[]},{"id":1449391,"url":"https:\/\/noticiasya.com\/el-valle\/2024\/05\/10\/asamblea-general-onu-vota-reconsiderar-membresia-palestina-trax\/","url_meta":{"origin":1452818,"position":3},"title":"La Asamblea General de la ONU vota pedir al Consejo de Seguridad reconsiderar la membres\u00eda palestina","author":"","date":"mayo 10, 2024","format":false,"excerpt":"(CNN) -- Una resoluci\u00f3n de la Asamblea General de la Organizaci\u00f3n de las Naciones Unidas, que pide al Consejo de Seguridad de la ONU reconsiderar la membres\u00eda palestina en la ONU, fue aprobada este viernes con 143 votos a favor, nueve votos en contra y 25 abstenciones.La resoluci\u00f3n pide al\u2026","rel":"","context":"In &quot;Noticias Nacionales&quot;","block_context":{"text":"Noticias Nacionales","link":"https:\/\/noticiasya.com\/el-valle\/categoria\/noticias-nacionales"},"img":{"alt_text":"","src":"","width":0,"height":0},"classes":[]},{"id":1450246,"url":"https:\/\/noticiasya.com\/el-valle\/2024\/06\/12\/investigacion-onu-israel-hamas-crimenes-guerra-gaza-trax\/","url_meta":{"origin":1452818,"position":4},"title":"Investigaci\u00f3n de la ONU concluye que tanto Israel como los grupos militantes palestinos han cometido cr\u00edmenes de guerra desde el 7 de octubre","author":"","date":"junio 12, 2024","format":false,"excerpt":"(CNN) -- Una investigaci\u00f3n de las Naciones Unidas sobre los primeros meses de la guerra en Gaza ha concluido que tanto Israel como Hamas cometieron cr\u00edmenes de guerra y graves violaciones del derecho internacional, en la primera investigaci\u00f3n en profundidad del organismo sobre los ataques del 7 de octubre y\u2026","rel":"","context":"In &quot;Noticias Nacionales&quot;","block_context":{"text":"Noticias Nacionales","link":"https:\/\/noticiasya.com\/el-valle\/categoria\/noticias-nacionales"},"img":{"alt_text":"","src":"","width":0,"height":0},"classes":[]},{"id":1455532,"url":"https:\/\/noticiasya.com\/el-valle\/2024\/11\/03\/israel-agencia-onu-refugiados-palestinos-consecuencias-desastrosas-para-todos-trax\/","url_meta":{"origin":1452818,"position":5},"title":"Israel lleva mucho tiempo queriendo desmantelar la agencia de la ONU para los refugiados palestinos. Las consecuencias podr\u00edan ser desastrosas para todos","author":"","date":"noviembre 3, 2024","format":false,"excerpt":"(CNN) -- Benjamin Netanyahu se sent\u00f3 para su reuni\u00f3n habitual de gabinete y tuvo algunas palabras para un nuevo aliado y un viejo enemigo.\u201cLa semana pasada me reun\u00ed con la embajadora de Estados Unidos ante las Naciones Unidas, Nikki Haley\u201d, dijo el primer ministro de Israel a sus colegas. \u201cLe\u2026","rel":"","context":"In &quot;Noticias Nacionales&quot;","block_context":{"text":"Noticias Nacionales","link":"https:\/\/noticiasya.com\/el-valle\/categoria\/noticias-nacionales"},"img":{"alt_text":"","src":"","width":0,"height":0},"classes":[]}],"jetpack_sharing_enabled":true,"_links":{"self":[{"href":"https:\/\/noticiasya.com\/el-valle\/wp-json\/wp\/v2\/posts\/1452818","targetHints":{"allow":["GET"]}}],"collection":[{"href":"https:\/\/noticiasya.com\/el-valle\/wp-json\/wp\/v2\/posts"}],"about":[{"href":"https:\/\/noticiasya.com\/el-valle\/wp-json\/wp\/v2\/types\/post"}],"replies":[{"embeddable":true,"href":"https:\/\/noticiasya.com\/el-valle\/wp-json\/wp\/v2\/comments?post=1452818"}],"version-history":[{"count":0,"href":"https:\/\/noticiasya.com\/el-valle\/wp-json\/wp\/v2\/posts\/1452818\/revisions"}],"wp:attachment":[{"href":"https:\/\/noticiasya.com\/el-valle\/wp-json\/wp\/v2\/media?parent=1452818"}],"wp:term":[{"taxonomy":"category","embeddable":true,"href":"https:\/\/noticiasya.com\/el-valle\/wp-json\/wp\/v2\/categories?post=1452818"},{"taxonomy":"post_tag","embeddable":true,"href":"https:\/\/noticiasya.com\/el-valle\/wp-json\/wp\/v2\/tags?post=1452818"}],"curies":[{"name":"wp","href":"https:\/\/api.w.org\/{rel}","templated":true}]}}