{"id":1452819,"date":"2024-09-18T19:03:42","date_gmt":"2024-09-19T02:03:42","guid":{"rendered":"https:\/\/noticiasya.com\/2024\/09\/18\/petro-proceso-paz-eln-ataque-colombia-orix\/"},"modified":"2024-09-18T19:03:42","modified_gmt":"2024-09-19T02:03:42","slug":"petro-proceso-paz-eln-ataque-colombia-orix","status":"publish","type":"post","link":"https:\/\/noticiasya.com\/el-valle\/2024\/09\/18\/petro-proceso-paz-eln-ataque-colombia-orix\/","title":{"rendered":"Petro \u201ccierra proceso de paz\u201d con el ELN tras ataque en Puerto Jord\u00e1n que dej\u00f3 2 soldados muertos y 26 heridos"},"content":{"rendered":"<p>(CNN Espa\u00f1ol) \u2013\u2013 El presidente de Colombia, Gustavo Petro, dijo que se \u201ccierra un proceso de paz\u201d que su Gobierno hasta ahora sosten\u00eda con la guerrilla del Ej\u00e9rcito de Liberaci\u00f3n Nacional (ELN), tras un ataque que este martes dej\u00f3 dos soldados muertos y 26 heridos en el departamento de Arauca.<\/p>\n<p>El Ej\u00e9rcito de Colombia confirm\u00f3 en su cuenta de X la agresi\u00f3n con artefactos explosivos contra la base militar ubicada en Puerto Jord\u00e1n, que calific\u00f3 como una \u201cacci\u00f3n terrorista\u201d y atribuy\u00f3 a una facci\u00f3n del ELN.<\/p>\n<p>Agreg\u00f3 que apoyar\u00e1 a las familias de los soldados muertos y que los heridos est\u00e1n recibiendo atenci\u00f3n m\u00e9dica.<\/p>\n<p>Por la noche, Petro se refiri\u00f3 a estos hechos.<\/p>\n<p>\u201cLas consecuencias de las acciones y del flujo de la historia hoy nos traen un hecho dram\u00e1tico, repetido en nuestros \u00faltimos a\u00f1os\u201d, se\u00f1al\u00f3 durante una ceremonia.<\/p>\n<p>Reportan ataque a base militar de Puerto Jord\u00e1n, Colombia<\/p>\n<p>\u201cPr\u00e1cticamente es una acci\u00f3n que cierra un proceso de paz con sangre, y es como un eterno devenir, silenciar a una parte del pueblo y seguir en guerras y mat\u00e1ndonos entre nosotros una y otra vez como si esa fuera nuestra historia\u201d, a\u00f1adi\u00f3 en referencia al ataque.<\/p>\n<p>El Gobierno de Petro, que comenz\u00f3 el 7 de agosto de 2022, ha mantenido negociaciones con grupos armados en busca de acuerdos de paz en el pa\u00eds. En el caso del ELN, los acercamientos han tenido tensiones e intercambios de se\u00f1alamientos entre ambas partes, que acusan incumplimientos.<\/p>\n<p>El ataque en Puerto Jord\u00e1n se dio a conocer por la ma\u00f1ana de este martes, cuando la Octava Divisi\u00f3n del Ej\u00e9rcito inform\u00f3 que cilindros hab\u00edan sido arrojados desde un veh\u00edculo hacia su base en Puerto Jord\u00e1n.<\/p>\n<p>Seg\u00fan la instituci\u00f3n, los explosivos fueron lanzados cerca de una zona donde se ubica una escuela con 300 estudiantes. Hasta ahora, las autoridades no han reportado heridos en el plantel.<\/p>\n<p>The-CNN-Wire<br \/>&trade; &amp; &copy; 2024 Cable News Network, Inc., a Warner Bros. Discovery Company. All rights reserved.<\/p>\n","protected":false},"excerpt":{"rendered":"<p>(CNN Espa\u00f1ol) \u2013\u2013 El presidente de Colombia, Gustavo Petro, dijo que se \u201ccierra un proceso de paz\u201d que su Gobierno hasta ahora sosten\u00eda con la guerrilla del Ej\u00e9rcito de Liberaci\u00f3n Nacional (ELN), tras un ataque que este martes dej\u00f3 dos soldados muertos y 26 heridos en el departamento de Arauca. El Ej\u00e9rcito de Colombia confirm\u00f3 [&hellip;]<\/p>\n","protected":false},"author":0,"featured_media":0,"comment_status":"open","ping_status":"open","sticky":false,"template":"","format":"standard","meta":{"_jetpack_memberships_contains_paid_content":false,"footnotes":""},"categories":[10],"tags":[],"class_list":["post-1452819","post","type-post","status-publish","format-standard","hentry","category-noticias-nacionales","market-global"],"yoast_head":"<!-- This site is optimized with the Yoast SEO plugin v24.4 - https:\/\/yoast.com\/wordpress\/plugins\/seo\/ -->\n<title>Petro \u201ccierra proceso de paz\u201d con el ELN tras ataque en Puerto Jord\u00e1n que dej\u00f3 2 soldados muertos y 26 heridos - Noticias<\/title>\n<meta name=\"robots\" content=\"index, follow, max-snippet:-1, max-image-preview:large, max-video-preview:-1\" \/>\n<link rel=\"canonical\" href=\"https:\/\/noticiasya.com\/2024\/09\/18\/petro-proceso-paz-eln-ataque-colombia-orix\/\" \/>\n<meta property=\"og:locale\" content=\"es_ES\" \/>\n<meta property=\"og:type\" content=\"article\" \/>\n<meta property=\"og:title\" content=\"Petro \u201ccierra proceso de paz\u201d con el ELN tras ataque en Puerto Jord\u00e1n que dej\u00f3 2 soldados muertos y 26 heridos - Noticias\" \/>\n<meta property=\"og:description\" content=\"(CNN Espa\u00f1ol) \u2013\u2013 El presidente de Colombia, Gustavo Petro, dijo que se \u201ccierra un proceso de paz\u201d que su Gobierno hasta ahora sosten\u00eda con la guerrilla del Ej\u00e9rcito de Liberaci\u00f3n Nacional (ELN), tras un ataque que este martes dej\u00f3 dos soldados muertos y 26 heridos en el departamento de Arauca. El Ej\u00e9rcito de Colombia confirm\u00f3 [&hellip;]\" \/>\n<meta property=\"og:url\" content=\"https:\/\/noticiasya.com\/2024\/09\/18\/petro-proceso-paz-eln-ataque-colombia-orix\/\" \/>\n<meta property=\"og:site_name\" content=\"Noticias\" \/>\n<meta property=\"article:published_time\" content=\"2024-09-19T02:03:42+00:00\" \/>\n<meta name=\"twitter:card\" content=\"summary_large_image\" \/>\n<meta name=\"twitter:label1\" content=\"Est. reading time\" \/>\n\t<meta name=\"twitter:data1\" content=\"2 minutos\" \/>\n<script type=\"application\/ld+json\" class=\"yoast-schema-graph\">{\"@context\":\"https:\/\/schema.org\",\"@graph\":[{\"@type\":\"Article\",\"@id\":\"https:\/\/noticiasya.com\/2024\/09\/18\/petro-proceso-paz-eln-ataque-colombia-orix\/#article\",\"isPartOf\":{\"@id\":\"https:\/\/noticiasya.com\/2024\/09\/18\/petro-proceso-paz-eln-ataque-colombia-orix\/\"},\"author\":{\"name\":\"\",\"@id\":\"\"},\"headline\":\"Petro \u201ccierra proceso de paz\u201d con el ELN tras ataque en Puerto Jord\u00e1n que dej\u00f3 2 soldados muertos y 26 heridos\",\"datePublished\":\"2024-09-19T02:03:42+00:00\",\"mainEntityOfPage\":{\"@id\":\"https:\/\/noticiasya.com\/2024\/09\/18\/petro-proceso-paz-eln-ataque-colombia-orix\/\"},\"wordCount\":370,\"commentCount\":0,\"publisher\":{\"@id\":\"https:\/\/noticiasya.com\/#organization\"},\"articleSection\":[\"Noticias Nacionales\"],\"inLanguage\":\"es\",\"potentialAction\":[{\"@type\":\"CommentAction\",\"name\":\"Comment\",\"target\":[\"https:\/\/noticiasya.com\/2024\/09\/18\/petro-proceso-paz-eln-ataque-colombia-orix\/#respond\"]}]},{\"@type\":\"WebPage\",\"@id\":\"https:\/\/noticiasya.com\/2024\/09\/18\/petro-proceso-paz-eln-ataque-colombia-orix\/\",\"url\":\"https:\/\/noticiasya.com\/2024\/09\/18\/petro-proceso-paz-eln-ataque-colombia-orix\/\",\"name\":\"Petro \u201ccierra proceso de paz\u201d con el ELN tras ataque en Puerto Jord\u00e1n que dej\u00f3 2 soldados muertos y 26 heridos - Noticias\",\"isPartOf\":{\"@id\":\"https:\/\/noticiasya.com\/#website\"},\"datePublished\":\"2024-09-19T02:03:42+00:00\",\"breadcrumb\":{\"@id\":\"https:\/\/noticiasya.com\/2024\/09\/18\/petro-proceso-paz-eln-ataque-colombia-orix\/#breadcrumb\"},\"inLanguage\":\"es\",\"potentialAction\":[{\"@type\":\"ReadAction\",\"target\":[\"https:\/\/noticiasya.com\/2024\/09\/18\/petro-proceso-paz-eln-ataque-colombia-orix\/\"]}]},{\"@type\":\"BreadcrumbList\",\"@id\":\"https:\/\/noticiasya.com\/2024\/09\/18\/petro-proceso-paz-eln-ataque-colombia-orix\/#breadcrumb\",\"itemListElement\":[{\"@type\":\"ListItem\",\"position\":1,\"name\":\"Home\",\"item\":\"https:\/\/noticiasya.com\/\"},{\"@type\":\"ListItem\",\"position\":2,\"name\":\"Petro \u201ccierra proceso de paz\u201d con el ELN tras ataque en Puerto Jord\u00e1n que dej\u00f3 2 soldados muertos y 26 heridos\"}]},{\"@type\":\"WebSite\",\"@id\":\"https:\/\/noticiasya.com\/#website\",\"url\":\"https:\/\/noticiasya.com\/\",\"name\":\"Noticias\",\"description\":\"Lo que importa\",\"publisher\":{\"@id\":\"https:\/\/noticiasya.com\/#organization\"},\"potentialAction\":[{\"@type\":\"SearchAction\",\"target\":{\"@type\":\"EntryPoint\",\"urlTemplate\":\"https:\/\/noticiasya.com\/?s={search_term_string}\"},\"query-input\":{\"@type\":\"PropertyValueSpecification\",\"valueRequired\":true,\"valueName\":\"search_term_string\"}}],\"inLanguage\":\"es\"},{\"@type\":\"Organization\",\"@id\":\"https:\/\/noticiasya.com\/#organization\",\"name\":\"Noticias\",\"url\":\"https:\/\/noticiasya.com\/\",\"logo\":{\"@type\":\"ImageObject\",\"inLanguage\":\"es\",\"@id\":\"https:\/\/noticiasya.com\/#\/schema\/logo\/image\/\",\"url\":\"https:\/\/noticiasya.com\/wp-content\/uploads\/sites\/22\/2023\/12\/logo-nacional.png\",\"contentUrl\":\"https:\/\/noticiasya.com\/wp-content\/uploads\/sites\/22\/2023\/12\/logo-nacional.png\",\"width\":1801,\"height\":691,\"caption\":\"Noticias\"},\"image\":{\"@id\":\"https:\/\/noticiasya.com\/#\/schema\/logo\/image\/\"}}]}<\/script>\n<!-- \/ Yoast SEO plugin. -->","yoast_head_json":{"title":"Petro \u201ccierra proceso de paz\u201d con el ELN tras ataque en Puerto Jord\u00e1n que dej\u00f3 2 soldados muertos y 26 heridos - Noticias","robots":{"index":"index","follow":"follow","max-snippet":"max-snippet:-1","max-image-preview":"max-image-preview:large","max-video-preview":"max-video-preview:-1"},"canonical":"https:\/\/noticiasya.com\/2024\/09\/18\/petro-proceso-paz-eln-ataque-colombia-orix\/","og_locale":"es_ES","og_type":"article","og_title":"Petro \u201ccierra proceso de paz\u201d con el ELN tras ataque en Puerto Jord\u00e1n que dej\u00f3 2 soldados muertos y 26 heridos - Noticias","og_description":"(CNN Espa\u00f1ol) \u2013\u2013 El presidente de Colombia, Gustavo Petro, dijo que se \u201ccierra un proceso de paz\u201d que su Gobierno hasta ahora sosten\u00eda con la guerrilla del Ej\u00e9rcito de Liberaci\u00f3n Nacional (ELN), tras un ataque que este martes dej\u00f3 dos soldados muertos y 26 heridos en el departamento de Arauca. El Ej\u00e9rcito de Colombia confirm\u00f3 [&hellip;]","og_url":"https:\/\/noticiasya.com\/2024\/09\/18\/petro-proceso-paz-eln-ataque-colombia-orix\/","og_site_name":"Noticias","article_published_time":"2024-09-19T02:03:42+00:00","twitter_card":"summary_large_image","twitter_misc":{"Est. reading time":"2 minutos"},"schema":{"@context":"https:\/\/schema.org","@graph":[{"@type":"Article","@id":"https:\/\/noticiasya.com\/2024\/09\/18\/petro-proceso-paz-eln-ataque-colombia-orix\/#article","isPartOf":{"@id":"https:\/\/noticiasya.com\/2024\/09\/18\/petro-proceso-paz-eln-ataque-colombia-orix\/"},"author":{"name":"","@id":""},"headline":"Petro \u201ccierra proceso de paz\u201d con el ELN tras ataque en Puerto Jord\u00e1n que dej\u00f3 2 soldados muertos y 26 heridos","datePublished":"2024-09-19T02:03:42+00:00","mainEntityOfPage":{"@id":"https:\/\/noticiasya.com\/2024\/09\/18\/petro-proceso-paz-eln-ataque-colombia-orix\/"},"wordCount":370,"commentCount":0,"publisher":{"@id":"https:\/\/noticiasya.com\/#organization"},"articleSection":["Noticias Nacionales"],"inLanguage":"es","potentialAction":[{"@type":"CommentAction","name":"Comment","target":["https:\/\/noticiasya.com\/2024\/09\/18\/petro-proceso-paz-eln-ataque-colombia-orix\/#respond"]}]},{"@type":"WebPage","@id":"https:\/\/noticiasya.com\/2024\/09\/18\/petro-proceso-paz-eln-ataque-colombia-orix\/","url":"https:\/\/noticiasya.com\/2024\/09\/18\/petro-proceso-paz-eln-ataque-colombia-orix\/","name":"Petro \u201ccierra proceso de paz\u201d con el ELN tras ataque en Puerto Jord\u00e1n que dej\u00f3 2 soldados muertos y 26 heridos - Noticias","isPartOf":{"@id":"https:\/\/noticiasya.com\/#website"},"datePublished":"2024-09-19T02:03:42+00:00","breadcrumb":{"@id":"https:\/\/noticiasya.com\/2024\/09\/18\/petro-proceso-paz-eln-ataque-colombia-orix\/#breadcrumb"},"inLanguage":"es","potentialAction":[{"@type":"ReadAction","target":["https:\/\/noticiasya.com\/2024\/09\/18\/petro-proceso-paz-eln-ataque-colombia-orix\/"]}]},{"@type":"BreadcrumbList","@id":"https:\/\/noticiasya.com\/2024\/09\/18\/petro-proceso-paz-eln-ataque-colombia-orix\/#breadcrumb","itemListElement":[{"@type":"ListItem","position":1,"name":"Home","item":"https:\/\/noticiasya.com\/"},{"@type":"ListItem","position":2,"name":"Petro \u201ccierra proceso de paz\u201d con el ELN tras ataque en Puerto Jord\u00e1n que dej\u00f3 2 soldados muertos y 26 heridos"}]},{"@type":"WebSite","@id":"https:\/\/noticiasya.com\/#website","url":"https:\/\/noticiasya.com\/","name":"Noticias","description":"Lo que importa","publisher":{"@id":"https:\/\/noticiasya.com\/#organization"},"potentialAction":[{"@type":"SearchAction","target":{"@type":"EntryPoint","urlTemplate":"https:\/\/noticiasya.com\/?s={search_term_string}"},"query-input":{"@type":"PropertyValueSpecification","valueRequired":true,"valueName":"search_term_string"}}],"inLanguage":"es"},{"@type":"Organization","@id":"https:\/\/noticiasya.com\/#organization","name":"Noticias","url":"https:\/\/noticiasya.com\/","logo":{"@type":"ImageObject","inLanguage":"es","@id":"https:\/\/noticiasya.com\/#\/schema\/logo\/image\/","url":"https:\/\/noticiasya.com\/wp-content\/uploads\/sites\/22\/2023\/12\/logo-nacional.png","contentUrl":"https:\/\/noticiasya.com\/wp-content\/uploads\/sites\/22\/2023\/12\/logo-nacional.png","width":1801,"height":691,"caption":"Noticias"},"image":{"@id":"https:\/\/noticiasya.com\/#\/schema\/logo\/image\/"}}]}},"parsely":{"version":"1.1.0","canonical_url":"https:\/\/noticiasya.com\/el-valle\/2024\/09\/18\/petro-proceso-paz-eln-ataque-colombia-orix\/","smart_links":{"inbound":0,"outbound":0},"traffic_boost_suggestions_count":0,"meta":{"@context":"https:\/\/schema.org","@type":"NewsArticle","headline":"Petro \u201ccierra proceso de paz\u201d con el ELN tras ataque en Puerto Jord\u00e1n que dej\u00f3 2 soldados muertos y 26 heridos","url":"http:\/\/noticiasya.com\/el-valle\/2024\/09\/18\/petro-proceso-paz-eln-ataque-colombia-orix\/","mainEntityOfPage":{"@type":"WebPage","@id":"http:\/\/noticiasya.com\/el-valle\/2024\/09\/18\/petro-proceso-paz-eln-ataque-colombia-orix\/"},"thumbnailUrl":"","image":{"@type":"ImageObject","url":""},"articleSection":"Noticias Nacionales","author":[],"creator":[],"publisher":{"@type":"Organization","name":"Noticias","logo":""},"keywords":[],"dateCreated":"2024-09-19T02:03:42Z","datePublished":"2024-09-19T02:03:42Z","dateModified":"2024-09-19T02:03:42Z"},"rendered":"<script type=\"application\/ld+json\" class=\"wp-parsely-metadata\">{\"@context\":\"https:\\\/\\\/schema.org\",\"@type\":\"NewsArticle\",\"headline\":\"Petro \\u201ccierra proceso de paz\\u201d con el ELN tras ataque en Puerto Jord\\u00e1n que dej\\u00f3 2 soldados muertos y 26 heridos\",\"url\":\"http:\\\/\\\/noticiasya.com\\\/el-valle\\\/2024\\\/09\\\/18\\\/petro-proceso-paz-eln-ataque-colombia-orix\\\/\",\"mainEntityOfPage\":{\"@type\":\"WebPage\",\"@id\":\"http:\\\/\\\/noticiasya.com\\\/el-valle\\\/2024\\\/09\\\/18\\\/petro-proceso-paz-eln-ataque-colombia-orix\\\/\"},\"thumbnailUrl\":\"\",\"image\":{\"@type\":\"ImageObject\",\"url\":\"\"},\"articleSection\":\"Noticias Nacionales\",\"author\":[],\"creator\":[],\"publisher\":{\"@type\":\"Organization\",\"name\":\"Noticias\",\"logo\":\"\"},\"keywords\":[],\"dateCreated\":\"2024-09-19T02:03:42Z\",\"datePublished\":\"2024-09-19T02:03:42Z\",\"dateModified\":\"2024-09-19T02:03:42Z\"}<\/script>","tracker_url":"https:\/\/cdn.parsely.com\/keys\/noticiasya.com\/p.js"},"jetpack_featured_media_url":"","jetpack-related-posts":[{"id":1452866,"url":"https:\/\/noticiasya.com\/el-valle\/2024\/09\/19\/muere-tercer-militar-colombiano-ataque-puerto-jordan-orix\/","url_meta":{"origin":1452819,"position":0},"title":"Muere tercer militar colombiano tras ataque con explosivos en Puerto Jord\u00e1n","author":"","date":"septiembre 19, 2024","format":false,"excerpt":"(CNN Espa\u00f1ol) -- Un tercer militar colombiano muri\u00f3 este jueves a causa de las heridas que sufri\u00f3 por el ataque con explosivos registrado este martes en la base de Puerto Jord\u00e1n, en el departamento de Arauca, inform\u00f3 el Ej\u00e9rcito en su cuenta de X.El militar fallecido es el sargento viceprimero\u2026","rel":"","context":"In &quot;Noticias Nacionales&quot;","block_context":{"text":"Noticias Nacionales","link":"https:\/\/noticiasya.com\/el-valle\/categoria\/noticias-nacionales"},"img":{"alt_text":"","src":"","width":0,"height":0},"classes":[]},{"id":1469426,"url":"https:\/\/noticiasya.com\/el-valle\/2025\/12\/19\/ataque-eln-ejercito-muertos-colombia-orix\/","url_meta":{"origin":1452819,"position":1},"title":"Sube a 7 el n\u00famero de muertos tras ataque contra una base del Ej\u00e9rcito de Colombia en el norte del pa\u00eds","author":"","date":"diciembre 19, 2025","format":false,"excerpt":"Siete soldados murieron y otros resultaron heridos este jueves tras un ataque con explosivos contra una base del Ej\u00e9rcito de Colombia en el norte del pa\u00eds, seg\u00fan anunci\u00f3 la Segunda Divisi\u00f3n del Ej\u00e9rcito.El presunto atentado tuvo lugar contra la Base Militar del 27, adscrita al Batall\u00f3n de Infanter\u00eda N\u00famero 14,\u2026","rel":"","context":"In &quot;Noticias Nacionales&quot;","block_context":{"text":"Noticias Nacionales","link":"https:\/\/noticiasya.com\/el-valle\/categoria\/noticias-nacionales"},"img":{"alt_text":"","src":"","width":0,"height":0},"classes":[]},{"id":1452843,"url":"https:\/\/noticiasya.com\/el-valle\/2024\/09\/19\/analisis-politica-paz-petro-violencia-colombia-orix\/","url_meta":{"origin":1452819,"position":2},"title":"AN\u00c1LISIS | La encrucijada que enfrenta la llamada pol\u00edtica de \u201cpaz total\u201d de Petro en medio de una ola de violencia en Colombia","author":"","date":"septiembre 19, 2024","format":false,"excerpt":"(CNN Espa\u00f1ol) \u2013\u2013 En medio de procesos de paz con grupos armados ilegales, ceses del fuego bilaterales y anuncios de conversaciones, incluso con bandas criminales al servicio del narcotr\u00e1fico como el llamado Clan del Golfo, la violencia en Colombia parece no tener contenci\u00f3n ni dar tregua. El hecho m\u00e1s reciente\u2026","rel":"","context":"In &quot;Noticias Nacionales&quot;","block_context":{"text":"Noticias Nacionales","link":"https:\/\/noticiasya.com\/el-valle\/categoria\/noticias-nacionales"},"img":{"alt_text":"","src":"","width":0,"height":0},"classes":[]},{"id":1457594,"url":"https:\/\/noticiasya.com\/el-valle\/2025\/01\/17\/gobierno-suspende-proceso-paz-eln-orix\/","url_meta":{"origin":1452819,"position":3},"title":"El Gobierno de Colombia suspende el proceso de paz con la guerrilla del ELN","author":"","date":"enero 17, 2025","format":false,"excerpt":"El presidente de Colombia, Gustavo Petro, anunci\u00f3 este viernes la suspensi\u00f3n del di\u00e1logo con el Ej\u00e9rcito de Liberaci\u00f3n Nacional (ELN).\u201cLo que ha cometido el ELN en el Catatumbo son cr\u00edmenes de guerra\u201d, public\u00f3 Petro en su cuenta en X y agreg\u00f3 que \u201cel ELN no tiene ninguna voluntad de paz\u201d.El\u2026","rel":"","context":"In &quot;Noticias Nacionales&quot;","block_context":{"text":"Noticias Nacionales","link":"https:\/\/noticiasya.com\/el-valle\/categoria\/noticias-nacionales"},"img":{"alt_text":"","src":"","width":0,"height":0},"classes":[]},{"id":1456020,"url":"https:\/\/noticiasya.com\/el-valle\/2024\/11\/21\/militares-mueren-ataque-eln-antioquia-colombia-orix\/","url_meta":{"origin":1452819,"position":4},"title":"Cinco militares mueren tras un ataque atribuido al ELN en Antioquia, reporta el Ej\u00e9rcito de Colombia","author":"","date":"noviembre 21, 2024","format":false,"excerpt":"(CNN Espa\u00f1ol) -- Cinco militares murieron este jueves despu\u00e9s de un ataque con explosivos atribuido a la guerrilla del Ej\u00e9rcito de Liberaci\u00f3n Nacional (ELN) en el municipio de Anor\u00ed, en el departamento de Antioquia, inform\u00f3 el Ej\u00e9rcito de Colombia en un comunicado.Los uniformados fueron atacados cuando estaban custodiando a un\u2026","rel":"","context":"In &quot;Noticias Nacionales&quot;","block_context":{"text":"Noticias Nacionales","link":"https:\/\/noticiasya.com\/el-valle\/categoria\/noticias-nacionales"},"img":{"alt_text":"","src":"","width":0,"height":0},"classes":[]},{"id":1457759,"url":"https:\/\/noticiasya.com\/el-valle\/2025\/01\/22\/reactivan-ordenes-captura-jefes-guerrilla-eln-orix\/","url_meta":{"origin":1452819,"position":5},"title":"Reactivan \u00f3rdenes de captura contra jefes de la guerrilla del ELN","author":"","date":"enero 22, 2025","format":false,"excerpt":"La Fiscal\u00eda General de Colombia reactiv\u00f3 este mi\u00e9rcoles las \u00f3rdenes de captura contra 31 integrantes del Ej\u00e9rcito de Liberaci\u00f3n Nacional (ELN) que estaban en negociaciones de paz con el Gobierno del presidente Gustavo Petro, inform\u00f3 el organismo judicial en un comunicado.Esta resoluci\u00f3n, indica la nota de prensa, obedece a \u201clas\u2026","rel":"","context":"In &quot;Noticias Nacionales&quot;","block_context":{"text":"Noticias Nacionales","link":"https:\/\/noticiasya.com\/el-valle\/categoria\/noticias-nacionales"},"img":{"alt_text":"","src":"","width":0,"height":0},"classes":[]}],"jetpack_sharing_enabled":true,"_links":{"self":[{"href":"https:\/\/noticiasya.com\/el-valle\/wp-json\/wp\/v2\/posts\/1452819","targetHints":{"allow":["GET"]}}],"collection":[{"href":"https:\/\/noticiasya.com\/el-valle\/wp-json\/wp\/v2\/posts"}],"about":[{"href":"https:\/\/noticiasya.com\/el-valle\/wp-json\/wp\/v2\/types\/post"}],"replies":[{"embeddable":true,"href":"https:\/\/noticiasya.com\/el-valle\/wp-json\/wp\/v2\/comments?post=1452819"}],"version-history":[{"count":0,"href":"https:\/\/noticiasya.com\/el-valle\/wp-json\/wp\/v2\/posts\/1452819\/revisions"}],"wp:attachment":[{"href":"https:\/\/noticiasya.com\/el-valle\/wp-json\/wp\/v2\/media?parent=1452819"}],"wp:term":[{"taxonomy":"category","embeddable":true,"href":"https:\/\/noticiasya.com\/el-valle\/wp-json\/wp\/v2\/categories?post=1452819"},{"taxonomy":"post_tag","embeddable":true,"href":"https:\/\/noticiasya.com\/el-valle\/wp-json\/wp\/v2\/tags?post=1452819"}],"curies":[{"name":"wp","href":"https:\/\/api.w.org\/{rel}","templated":true}]}}