{"id":1452845,"date":"2024-09-19T14:03:51","date_gmt":"2024-09-19T21:03:51","guid":{"rendered":"https:\/\/noticiasya.com\/2024\/09\/19\/springfield-poderes-emergencia-seguridad-inmigrantes-trump-trax\/"},"modified":"2024-09-19T14:03:51","modified_gmt":"2024-09-19T21:03:51","slug":"springfield-poderes-emergencia-seguridad-inmigrantes-trump-trax","status":"publish","type":"post","link":"https:\/\/noticiasya.com\/el-valle\/2024\/09\/19\/springfield-poderes-emergencia-seguridad-inmigrantes-trump-trax\/","title":{"rendered":"Tras dichos de Trump, alcalde de Springfield proclama poderes de emergencia por preocupaciones de seguridad p\u00fablica"},"content":{"rendered":"<p>(CNN) \u2013\u2013 El alcalde de Springfield, Ohio, emiti\u00f3 este jueves una proclamaci\u00f3n en la que ped\u00eda poderes de emergencia temporales \u201cpara mitigar las preocupaciones de seguridad p\u00fablica\u201d mientras las afirmaciones falsas sobre los inmigrantes haitianos contin\u00faan alimentando las amenazas de bomba y el espectro de la violencia en la comunidad.<\/p>\n<p>La proclamaci\u00f3n le otorgar\u00eda al alcalde Rob Rue poderes de emergencia temporales para obtener y movilizar recursos, y abordar amenazas potenciales.<\/p>\n<p>\u201cEsto permitir\u00e1 a los departamentos responder de manera m\u00e1s eficiente a los riesgos emergentes, incluidos disturbios civiles, amenazas cibern\u00e9ticas y posibles actos de violencia\u201d, dice el anuncio.<\/p>\n<p>\u00bfPor qu\u00e9 Springfield? C\u00f3mo una peque\u00f1a ciudad de Ohio se convirti\u00f3 en hogar de miles de haitianos<\/p>\n<p>Las falsas afirmaciones del expresidente Donald Trump sobre que los inmigrantes haitianos roban y se comen a las mascotas locales causaron complicaciones a esta peque\u00f1a ciudad del Medio Oeste de Estados Unidos. Las autoridades locales dicen que han recibido m\u00e1s de 30 amenazas de violencia en los d\u00edas transcurridos desde el segundo debate presidencial.<\/p>\n<p>La polic\u00eda de Springfield no ha respondido al pedido de CNN para obtener m\u00e1s informaci\u00f3n sobre las amenazas.<\/p>\n<p>Un portavoz de Walmart le confirm\u00f3 a CNN que dos de sus sucursales de Springfield fueron \u201cevacuadas temporalmente\u201d este mi\u00e9rcoles \u201cpor orden de la polic\u00eda local\u201d. Adem\u00e1s, el Centro de Recursos para el Embarazo del Condado de Clark, un supermercado Kroger local y un centro de Planned Parenthood tambi\u00e9n recibieron amenazas el mi\u00e9rcoles, inform\u00f3 WHIO, afiliada de CNN .<\/p>\n<p>En respuesta a las amenazas, varias universidades de la zona dictaron clases virtuales esta semana, despu\u00e9s de que los estudiantes regresaran a la escuela el martes con seguridad adicional por parte de la polic\u00eda estatal, incluidas c\u00e1maras en la torre y perros detectores de bombas.<\/p>\n<p>Springfield, Ohio, cancela su celebraci\u00f3n cultural anual por preocupaciones de seguridad p\u00fablica<\/p>\n<p>\u201cEstamos abordando estas amenazas con la seriedad que merecen y estamos tomando medidas inmediatas para garantizar la seguridad tanto de nuestra comunidad como de nuestros empleados\u201d, dijo Rue en la proclamaci\u00f3n. \u201cGarantizar la seguridad de los residentes de Springfield es nuestra m\u00e1xima prioridad\u201d.<\/p>\n<p>Carl Ruby, pastor de la Iglesia Cristiana Central de Springfield, le dijo a Jim Acosta de CNN que desde el debate \u201cha sido un completo caos\u201d. Ruby dijo que habl\u00f3 con funcionarios locales este jueves y quienes le dijeron que \u201cse est\u00e1n desarrollando m\u00e1s amenazas en este momento\u201d.<\/p>\n<p>\u201cQuiero que el presidente Trump sepa que rec\u00e9 por su seguridad esta ma\u00f1ana \u2013no tiene mi voto, pero tiene mis oraciones\u2013 y solo deseo que, por la bondad de su coraz\u00f3n, simplemente reconozca que estaba mal informado y pida a los grupos que est\u00e1n aqu\u00ed por razones de odio que abandonen nuestra ciudad\u201d, dijo.<\/p>\n<p>Ruby dijo que si bien est\u00e1 de acuerdo con la postura del presidente Biden sobre la inmigraci\u00f3n y los refugiados porque se alinea con su fe cristiana, hay m\u00e1s cosas que el Gobierno de Biden puede hacer para ayudar a ciudades como Springfield que han visto una afluencia de inmigrantes en los \u00faltimos a\u00f1os.<\/p>\n<p>\u201cCreo que una de las cuestiones \u00e9ticas m\u00e1s claras de la Biblia es que debemos cuidar de los inmigrantes, los hu\u00e9rfanos y las viudas, y estoy totalmente de acuerdo con eso. Pero su pol\u00edtica no proporcion\u00f3 dinero y necesitamos\u2026 Habl\u00e9 con los l\u00edderes de la ciudad esta ma\u00f1ana y necesitamos entre US$ 5 y 10 millones ahora mismo\u201d, dijo Ruby.<\/p>\n<p>Rue le dijo m\u00e1s tarde a CNN: \u201cSer\u00eda muy dif\u00edcil que cualquiera de los candidatos visitara nuestra comunidad\u201d.<\/p>\n<p>En 11 meses, las autoridades de Springfield no recibieron llamadas para reportar que se comieran mascotas en la zona<\/p>\n<p>Trump y su compa\u00f1ero de f\u00f3rmula, J. D. Vance, no dan se\u00f1ales de dar marcha atr\u00e1s en sus falsas afirmaciones sobre Springfield. En un mitin de campa\u00f1a el mi\u00e9rcoles por la noche, Trump prometi\u00f3 visitar la ciudad \u201cen las pr\u00f3ximas dos semanas\u201d y critic\u00f3 a Rue por no expulsar a los inmigrantes.<\/p>\n<p>En su sitio web, la ciudad de Springfield estima que entre 12.000 y 15.000 inmigrantes de todas las nacionalidades viven en la ciudad y en el condado de Clark. La ciudad tambi\u00e9n rechaz\u00f3 las afirmaciones de que los inmigrantes haitianos son \u201cilegales\u201d.<\/p>\n<p>\u201cLos inmigrantes haitianos est\u00e1n aqu\u00ed legalmente, bajo el Programa de Libertad Condicional para Inmigrantes\u201d, afirm\u00f3 la ciudad, en referencia a un programa que el Gobierno Biden lanz\u00f3 en 2023 para crear m\u00e1s v\u00edas legales de ingreso a Estados Unidos.<\/p>\n<p>Para calificar, los participantes deben ser evaluados y contar con un patrocinador en el pa\u00eds. M\u00e1s de 210.000 haitianos obtuvieron permiso para ingresar a Estados Unidos a trav\u00e9s del programa, seg\u00fan datos publicados esta semana por la Oficina de Aduanas y Protecci\u00f3n Fronteriza de Estados Unidos.<\/p>\n<p>\u2013\u2013 Catherine Shoichet, Dana Bash y Chris Boyette de CNN contribuyeron a este informe.<\/p>\n<p>The-CNN-Wire<br \/>&trade; &amp; &copy; 2024 Cable News Network, Inc., a Warner Bros. Discovery Company. All rights reserved.<\/p>\n","protected":false},"excerpt":{"rendered":"<p>(CNN) \u2013\u2013 El alcalde de Springfield, Ohio, emiti\u00f3 este jueves una proclamaci\u00f3n en la que ped\u00eda poderes de emergencia temporales \u201cpara mitigar las preocupaciones de seguridad p\u00fablica\u201d mientras las afirmaciones falsas sobre los inmigrantes haitianos contin\u00faan alimentando las amenazas de bomba y el espectro de la violencia en la comunidad. La proclamaci\u00f3n le otorgar\u00eda al [&hellip;]<\/p>\n","protected":false},"author":0,"featured_media":0,"comment_status":"open","ping_status":"open","sticky":false,"template":"","format":"standard","meta":{"_jetpack_memberships_contains_paid_content":false,"footnotes":""},"categories":[10],"tags":[],"class_list":["post-1452845","post","type-post","status-publish","format-standard","hentry","category-noticias-nacionales","market-global"],"yoast_head":"<!-- This site is optimized with the Yoast SEO plugin v24.4 - https:\/\/yoast.com\/wordpress\/plugins\/seo\/ -->\n<title>Tras dichos de Trump, alcalde de Springfield proclama poderes de emergencia por preocupaciones de seguridad p\u00fablica - Noticias<\/title>\n<meta name=\"robots\" content=\"index, follow, max-snippet:-1, max-image-preview:large, max-video-preview:-1\" \/>\n<link rel=\"canonical\" href=\"https:\/\/noticiasya.com\/2024\/09\/19\/springfield-poderes-emergencia-seguridad-inmigrantes-trump-trax\/\" \/>\n<meta property=\"og:locale\" content=\"es_ES\" \/>\n<meta property=\"og:type\" content=\"article\" \/>\n<meta property=\"og:title\" content=\"Tras dichos de Trump, alcalde de Springfield proclama poderes de emergencia por preocupaciones de seguridad p\u00fablica - Noticias\" \/>\n<meta property=\"og:description\" content=\"(CNN) \u2013\u2013 El alcalde de Springfield, Ohio, emiti\u00f3 este jueves una proclamaci\u00f3n en la que ped\u00eda poderes de emergencia temporales \u201cpara mitigar las preocupaciones de seguridad p\u00fablica\u201d mientras las afirmaciones falsas sobre los inmigrantes haitianos contin\u00faan alimentando las amenazas de bomba y el espectro de la violencia en la comunidad. La proclamaci\u00f3n le otorgar\u00eda al [&hellip;]\" \/>\n<meta property=\"og:url\" content=\"https:\/\/noticiasya.com\/2024\/09\/19\/springfield-poderes-emergencia-seguridad-inmigrantes-trump-trax\/\" \/>\n<meta property=\"og:site_name\" content=\"Noticias\" \/>\n<meta property=\"article:published_time\" content=\"2024-09-19T21:03:51+00:00\" \/>\n<meta name=\"twitter:card\" content=\"summary_large_image\" \/>\n<meta name=\"twitter:label1\" content=\"Est. reading time\" \/>\n\t<meta name=\"twitter:data1\" content=\"4 minutos\" \/>\n<script type=\"application\/ld+json\" class=\"yoast-schema-graph\">{\"@context\":\"https:\/\/schema.org\",\"@graph\":[{\"@type\":\"Article\",\"@id\":\"https:\/\/noticiasya.com\/2024\/09\/19\/springfield-poderes-emergencia-seguridad-inmigrantes-trump-trax\/#article\",\"isPartOf\":{\"@id\":\"https:\/\/noticiasya.com\/2024\/09\/19\/springfield-poderes-emergencia-seguridad-inmigrantes-trump-trax\/\"},\"author\":{\"name\":\"\",\"@id\":\"\"},\"headline\":\"Tras dichos de Trump, alcalde de Springfield proclama poderes de emergencia por preocupaciones de seguridad p\u00fablica\",\"datePublished\":\"2024-09-19T21:03:51+00:00\",\"mainEntityOfPage\":{\"@id\":\"https:\/\/noticiasya.com\/2024\/09\/19\/springfield-poderes-emergencia-seguridad-inmigrantes-trump-trax\/\"},\"wordCount\":874,\"commentCount\":0,\"publisher\":{\"@id\":\"https:\/\/noticiasya.com\/#organization\"},\"articleSection\":[\"Noticias Nacionales\"],\"inLanguage\":\"es\",\"potentialAction\":[{\"@type\":\"CommentAction\",\"name\":\"Comment\",\"target\":[\"https:\/\/noticiasya.com\/2024\/09\/19\/springfield-poderes-emergencia-seguridad-inmigrantes-trump-trax\/#respond\"]}]},{\"@type\":\"WebPage\",\"@id\":\"https:\/\/noticiasya.com\/2024\/09\/19\/springfield-poderes-emergencia-seguridad-inmigrantes-trump-trax\/\",\"url\":\"https:\/\/noticiasya.com\/2024\/09\/19\/springfield-poderes-emergencia-seguridad-inmigrantes-trump-trax\/\",\"name\":\"Tras dichos de Trump, alcalde de Springfield proclama poderes de emergencia por preocupaciones de seguridad p\u00fablica - Noticias\",\"isPartOf\":{\"@id\":\"https:\/\/noticiasya.com\/#website\"},\"datePublished\":\"2024-09-19T21:03:51+00:00\",\"breadcrumb\":{\"@id\":\"https:\/\/noticiasya.com\/2024\/09\/19\/springfield-poderes-emergencia-seguridad-inmigrantes-trump-trax\/#breadcrumb\"},\"inLanguage\":\"es\",\"potentialAction\":[{\"@type\":\"ReadAction\",\"target\":[\"https:\/\/noticiasya.com\/2024\/09\/19\/springfield-poderes-emergencia-seguridad-inmigrantes-trump-trax\/\"]}]},{\"@type\":\"BreadcrumbList\",\"@id\":\"https:\/\/noticiasya.com\/2024\/09\/19\/springfield-poderes-emergencia-seguridad-inmigrantes-trump-trax\/#breadcrumb\",\"itemListElement\":[{\"@type\":\"ListItem\",\"position\":1,\"name\":\"Home\",\"item\":\"https:\/\/noticiasya.com\/\"},{\"@type\":\"ListItem\",\"position\":2,\"name\":\"Tras dichos de Trump, alcalde de Springfield proclama poderes de emergencia por preocupaciones de seguridad p\u00fablica\"}]},{\"@type\":\"WebSite\",\"@id\":\"https:\/\/noticiasya.com\/#website\",\"url\":\"https:\/\/noticiasya.com\/\",\"name\":\"Noticias\",\"description\":\"Lo que importa\",\"publisher\":{\"@id\":\"https:\/\/noticiasya.com\/#organization\"},\"potentialAction\":[{\"@type\":\"SearchAction\",\"target\":{\"@type\":\"EntryPoint\",\"urlTemplate\":\"https:\/\/noticiasya.com\/?s={search_term_string}\"},\"query-input\":{\"@type\":\"PropertyValueSpecification\",\"valueRequired\":true,\"valueName\":\"search_term_string\"}}],\"inLanguage\":\"es\"},{\"@type\":\"Organization\",\"@id\":\"https:\/\/noticiasya.com\/#organization\",\"name\":\"Noticias\",\"url\":\"https:\/\/noticiasya.com\/\",\"logo\":{\"@type\":\"ImageObject\",\"inLanguage\":\"es\",\"@id\":\"https:\/\/noticiasya.com\/#\/schema\/logo\/image\/\",\"url\":\"https:\/\/noticiasya.com\/wp-content\/uploads\/sites\/22\/2023\/12\/logo-nacional.png\",\"contentUrl\":\"https:\/\/noticiasya.com\/wp-content\/uploads\/sites\/22\/2023\/12\/logo-nacional.png\",\"width\":1801,\"height\":691,\"caption\":\"Noticias\"},\"image\":{\"@id\":\"https:\/\/noticiasya.com\/#\/schema\/logo\/image\/\"}}]}<\/script>\n<!-- \/ Yoast SEO plugin. -->","yoast_head_json":{"title":"Tras dichos de Trump, alcalde de Springfield proclama poderes de emergencia por preocupaciones de seguridad p\u00fablica - Noticias","robots":{"index":"index","follow":"follow","max-snippet":"max-snippet:-1","max-image-preview":"max-image-preview:large","max-video-preview":"max-video-preview:-1"},"canonical":"https:\/\/noticiasya.com\/2024\/09\/19\/springfield-poderes-emergencia-seguridad-inmigrantes-trump-trax\/","og_locale":"es_ES","og_type":"article","og_title":"Tras dichos de Trump, alcalde de Springfield proclama poderes de emergencia por preocupaciones de seguridad p\u00fablica - Noticias","og_description":"(CNN) \u2013\u2013 El alcalde de Springfield, Ohio, emiti\u00f3 este jueves una proclamaci\u00f3n en la que ped\u00eda poderes de emergencia temporales \u201cpara mitigar las preocupaciones de seguridad p\u00fablica\u201d mientras las afirmaciones falsas sobre los inmigrantes haitianos contin\u00faan alimentando las amenazas de bomba y el espectro de la violencia en la comunidad. La proclamaci\u00f3n le otorgar\u00eda al [&hellip;]","og_url":"https:\/\/noticiasya.com\/2024\/09\/19\/springfield-poderes-emergencia-seguridad-inmigrantes-trump-trax\/","og_site_name":"Noticias","article_published_time":"2024-09-19T21:03:51+00:00","twitter_card":"summary_large_image","twitter_misc":{"Est. reading time":"4 minutos"},"schema":{"@context":"https:\/\/schema.org","@graph":[{"@type":"Article","@id":"https:\/\/noticiasya.com\/2024\/09\/19\/springfield-poderes-emergencia-seguridad-inmigrantes-trump-trax\/#article","isPartOf":{"@id":"https:\/\/noticiasya.com\/2024\/09\/19\/springfield-poderes-emergencia-seguridad-inmigrantes-trump-trax\/"},"author":{"name":"","@id":""},"headline":"Tras dichos de Trump, alcalde de Springfield proclama poderes de emergencia por preocupaciones de seguridad p\u00fablica","datePublished":"2024-09-19T21:03:51+00:00","mainEntityOfPage":{"@id":"https:\/\/noticiasya.com\/2024\/09\/19\/springfield-poderes-emergencia-seguridad-inmigrantes-trump-trax\/"},"wordCount":874,"commentCount":0,"publisher":{"@id":"https:\/\/noticiasya.com\/#organization"},"articleSection":["Noticias Nacionales"],"inLanguage":"es","potentialAction":[{"@type":"CommentAction","name":"Comment","target":["https:\/\/noticiasya.com\/2024\/09\/19\/springfield-poderes-emergencia-seguridad-inmigrantes-trump-trax\/#respond"]}]},{"@type":"WebPage","@id":"https:\/\/noticiasya.com\/2024\/09\/19\/springfield-poderes-emergencia-seguridad-inmigrantes-trump-trax\/","url":"https:\/\/noticiasya.com\/2024\/09\/19\/springfield-poderes-emergencia-seguridad-inmigrantes-trump-trax\/","name":"Tras dichos de Trump, alcalde de Springfield proclama poderes de emergencia por preocupaciones de seguridad p\u00fablica - Noticias","isPartOf":{"@id":"https:\/\/noticiasya.com\/#website"},"datePublished":"2024-09-19T21:03:51+00:00","breadcrumb":{"@id":"https:\/\/noticiasya.com\/2024\/09\/19\/springfield-poderes-emergencia-seguridad-inmigrantes-trump-trax\/#breadcrumb"},"inLanguage":"es","potentialAction":[{"@type":"ReadAction","target":["https:\/\/noticiasya.com\/2024\/09\/19\/springfield-poderes-emergencia-seguridad-inmigrantes-trump-trax\/"]}]},{"@type":"BreadcrumbList","@id":"https:\/\/noticiasya.com\/2024\/09\/19\/springfield-poderes-emergencia-seguridad-inmigrantes-trump-trax\/#breadcrumb","itemListElement":[{"@type":"ListItem","position":1,"name":"Home","item":"https:\/\/noticiasya.com\/"},{"@type":"ListItem","position":2,"name":"Tras dichos de Trump, alcalde de Springfield proclama poderes de emergencia por preocupaciones de seguridad p\u00fablica"}]},{"@type":"WebSite","@id":"https:\/\/noticiasya.com\/#website","url":"https:\/\/noticiasya.com\/","name":"Noticias","description":"Lo que importa","publisher":{"@id":"https:\/\/noticiasya.com\/#organization"},"potentialAction":[{"@type":"SearchAction","target":{"@type":"EntryPoint","urlTemplate":"https:\/\/noticiasya.com\/?s={search_term_string}"},"query-input":{"@type":"PropertyValueSpecification","valueRequired":true,"valueName":"search_term_string"}}],"inLanguage":"es"},{"@type":"Organization","@id":"https:\/\/noticiasya.com\/#organization","name":"Noticias","url":"https:\/\/noticiasya.com\/","logo":{"@type":"ImageObject","inLanguage":"es","@id":"https:\/\/noticiasya.com\/#\/schema\/logo\/image\/","url":"https:\/\/noticiasya.com\/wp-content\/uploads\/sites\/22\/2023\/12\/logo-nacional.png","contentUrl":"https:\/\/noticiasya.com\/wp-content\/uploads\/sites\/22\/2023\/12\/logo-nacional.png","width":1801,"height":691,"caption":"Noticias"},"image":{"@id":"https:\/\/noticiasya.com\/#\/schema\/logo\/image\/"}}]}},"parsely":{"version":"1.1.0","canonical_url":"https:\/\/noticiasya.com\/el-valle\/2024\/09\/19\/springfield-poderes-emergencia-seguridad-inmigrantes-trump-trax\/","smart_links":{"inbound":0,"outbound":0},"traffic_boost_suggestions_count":0,"meta":{"@context":"https:\/\/schema.org","@type":"NewsArticle","headline":"Tras dichos de Trump, alcalde de Springfield proclama poderes de emergencia por preocupaciones de seguridad p\u00fablica","url":"http:\/\/noticiasya.com\/el-valle\/2024\/09\/19\/springfield-poderes-emergencia-seguridad-inmigrantes-trump-trax\/","mainEntityOfPage":{"@type":"WebPage","@id":"http:\/\/noticiasya.com\/el-valle\/2024\/09\/19\/springfield-poderes-emergencia-seguridad-inmigrantes-trump-trax\/"},"thumbnailUrl":"","image":{"@type":"ImageObject","url":""},"articleSection":"Noticias Nacionales","author":[],"creator":[],"publisher":{"@type":"Organization","name":"Noticias","logo":""},"keywords":[],"dateCreated":"2024-09-19T21:03:51Z","datePublished":"2024-09-19T21:03:51Z","dateModified":"2024-09-19T21:03:51Z"},"rendered":"<script type=\"application\/ld+json\" class=\"wp-parsely-metadata\">{\"@context\":\"https:\\\/\\\/schema.org\",\"@type\":\"NewsArticle\",\"headline\":\"Tras dichos de Trump, alcalde de Springfield proclama poderes de emergencia por preocupaciones de seguridad p\\u00fablica\",\"url\":\"http:\\\/\\\/noticiasya.com\\\/el-valle\\\/2024\\\/09\\\/19\\\/springfield-poderes-emergencia-seguridad-inmigrantes-trump-trax\\\/\",\"mainEntityOfPage\":{\"@type\":\"WebPage\",\"@id\":\"http:\\\/\\\/noticiasya.com\\\/el-valle\\\/2024\\\/09\\\/19\\\/springfield-poderes-emergencia-seguridad-inmigrantes-trump-trax\\\/\"},\"thumbnailUrl\":\"\",\"image\":{\"@type\":\"ImageObject\",\"url\":\"\"},\"articleSection\":\"Noticias Nacionales\",\"author\":[],\"creator\":[],\"publisher\":{\"@type\":\"Organization\",\"name\":\"Noticias\",\"logo\":\"\"},\"keywords\":[],\"dateCreated\":\"2024-09-19T21:03:51Z\",\"datePublished\":\"2024-09-19T21:03:51Z\",\"dateModified\":\"2024-09-19T21:03:51Z\"}<\/script>","tracker_url":"https:\/\/cdn.parsely.com\/keys\/noticiasya.com\/p.js"},"jetpack_featured_media_url":"","jetpack-related-posts":[{"id":1454899,"url":"https:\/\/noticiasya.com\/el-valle\/2024\/10\/03\/trump-revocaria-estatus-proteccion-temporal-inmigrantes-haitianos-springfield-si-es-elegido-trax\/","url_meta":{"origin":1452845,"position":0},"title":"Trump dice que revocar\u00eda el Estatus de Protecci\u00f3n Temporal para inmigrantes haitianos en Springfield si es elegido","author":"","date":"octubre 3, 2024","format":false,"excerpt":"(CNN) -- El expresidente Donald Trump dijo este mi\u00e9rcoles que revocar\u00eda el Estatus de Protecci\u00f3n Temporal para los inmigrantes haitianos en Springfield, Ohio, y los deportar\u00eda si es reelegido en noviembre.\"Hay que sacar a la gente y traerla de vuelta a su propio pa\u00eds. En mi opini\u00f3n, eso no es\u2026","rel":"","context":"In &quot;Noticias Nacionales&quot;","block_context":{"text":"Noticias Nacionales","link":"https:\/\/noticiasya.com\/el-valle\/categoria\/noticias-nacionales"},"img":{"alt_text":"","src":"","width":0,"height":0},"classes":[]},{"id":1452723,"url":"https:\/\/noticiasya.com\/el-valle\/2024\/09\/16\/springfield-ohio-cancela-celebracion-cultural-anual-preocupaciones-seguridad-publica-trax\/","url_meta":{"origin":1452845,"position":1},"title":"Springfield, Ohio, cancela su celebraci\u00f3n cultural anual por preocupaciones de seguridad p\u00fablica","author":"","date":"septiembre 16, 2024","format":false,"excerpt":"(CNN) -- Springfield, Ohio, cancel\u00f3 su festival anual de artes y cultura tras amenazas recientes y preocupaciones de seguridad, anunci\u00f3 la ciudad este lunes.La ciudad \u201ctom\u00f3 la dif\u00edcil decisi\u00f3n de cancelar la celebraci\u00f3n de CultureFest de este a\u00f1o\u201d, dijo en Facebook. \u201cLa decisi\u00f3n se tom\u00f3 con la m\u00e1xima consideraci\u00f3n por\u2026","rel":"","context":"In &quot;Noticias Nacionales&quot;","block_context":{"text":"Noticias Nacionales","link":"https:\/\/noticiasya.com\/el-valle\/categoria\/noticias-nacionales"},"img":{"alt_text":"","src":"","width":0,"height":0},"classes":[]},{"id":1452691,"url":"https:\/\/noticiasya.com\/el-valle\/2024\/09\/14\/trump-afirma-springfield-tomada-inmigrantes-trax\/","url_meta":{"origin":1452845,"position":2},"title":"Trump afirma que Springfield, Ohio, fue &#171;tomada&#187; por inmigrantes","author":"","date":"septiembre 14, 2024","format":false,"excerpt":"(CNN) -- Donald Trump dijo este s\u00e1bado que Springfield, Ohio, ha \"sido tomada por inmigrantes ilegales\" y que no sabe sobre las amenazas de bomba que la ciudad ha estado recibiendo desde que \u00e9l y otros republicanos difundieron afirmaciones falsas sobre inmigrantes haitianos comiendo mascotas all\u00ed.\"No s\u00e9 qu\u00e9 pas\u00f3 con\u2026","rel":"","context":"In &quot;Noticias Nacionales&quot;","block_context":{"text":"Noticias Nacionales","link":"https:\/\/noticiasya.com\/el-valle\/categoria\/noticias-nacionales"},"img":{"alt_text":"","src":"","width":0,"height":0},"classes":[]},{"id":1465987,"url":"https:\/\/noticiasya.com\/el-valle\/2025\/08\/29\/tribunal-trump-utilizo-poderes-emergencia-aranceles-trax\/","url_meta":{"origin":1452845,"position":3},"title":"Tribunal de apelaciones determina que Trump utiliz\u00f3 indebidamente poderes de emergencia para imponer aranceles","author":"","date":"agosto 29, 2025","format":false,"excerpt":"Un tribunal federal de apelaciones determin\u00f3 este viernes que el presidente Donald Trump utiliz\u00f3 indebidamente poderes de emergencia para imponer aranceles generalizados a principios de este a\u00f1o.\u201cDebido a que coincidimos en que la Ley de Poderes Econ\u00f3micos de Emergencia Internacional no otorga al presidente la autoridad para \u2018regular\u2019 importaciones mediante\u2026","rel":"","context":"In &quot;Noticias Nacionales&quot;","block_context":{"text":"Noticias Nacionales","link":"https:\/\/noticiasya.com\/el-valle\/categoria\/noticias-nacionales"},"img":{"alt_text":"","src":"","width":0,"height":0},"classes":[]},{"id":1452697,"url":"https:\/\/noticiasya.com\/el-valle\/2024\/09\/14\/policia-informa-marcha-proud-boys-springfield-trax\/","url_meta":{"origin":1452845,"position":4},"title":"La Polic\u00eda de Ohio informa de una marcha de los Proud Boys en Springfield","author":"","date":"septiembre 14, 2024","format":false,"excerpt":"(CNN) -- La Polic\u00eda de Springfield, Ohio, dice que recibi\u00f3 dos llamadas este s\u00e1bado sobre la presencia de los Proud Boys en la ciudad entre aproximadamente las 3pm y las 5pm ET.Un video que circula en las redes sociales, muestra a un grupo de aproximadamente 15 a 20 individuos, algunos\u2026","rel":"","context":"In &quot;Noticias Nacionales&quot;","block_context":{"text":"Noticias Nacionales","link":"https:\/\/noticiasya.com\/el-valle\/categoria\/noticias-nacionales"},"img":{"alt_text":"","src":"","width":0,"height":0},"classes":[]},{"id":1411634,"url":"https:\/\/noticiasya.com\/el-valle\/2022\/07\/08\/alcalde-pone-en-marcha-festejos-de-pride-en-san-diego-seguridad-es-prioridad\/","url_meta":{"origin":1452845,"position":5},"title":"Alcalde pone en marcha festejos de Pride en San Diego; seguridad es prioridad","author":"agomez","date":"julio 8, 2022","format":"video","excerpt":"Desde este s\u00e1bado, 9 de julio, inician los eventos programados para el Pride de San Diego.","rel":"","context":"In &quot;Comunidad&quot;","block_context":{"text":"Comunidad","link":"https:\/\/noticiasya.com\/el-valle\/categoria\/comunidad"},"img":{"alt_text":"","src":"","width":0,"height":0},"classes":[]}],"jetpack_sharing_enabled":true,"_links":{"self":[{"href":"https:\/\/noticiasya.com\/el-valle\/wp-json\/wp\/v2\/posts\/1452845","targetHints":{"allow":["GET"]}}],"collection":[{"href":"https:\/\/noticiasya.com\/el-valle\/wp-json\/wp\/v2\/posts"}],"about":[{"href":"https:\/\/noticiasya.com\/el-valle\/wp-json\/wp\/v2\/types\/post"}],"replies":[{"embeddable":true,"href":"https:\/\/noticiasya.com\/el-valle\/wp-json\/wp\/v2\/comments?post=1452845"}],"version-history":[{"count":0,"href":"https:\/\/noticiasya.com\/el-valle\/wp-json\/wp\/v2\/posts\/1452845\/revisions"}],"wp:attachment":[{"href":"https:\/\/noticiasya.com\/el-valle\/wp-json\/wp\/v2\/media?parent=1452845"}],"wp:term":[{"taxonomy":"category","embeddable":true,"href":"https:\/\/noticiasya.com\/el-valle\/wp-json\/wp\/v2\/categories?post=1452845"},{"taxonomy":"post_tag","embeddable":true,"href":"https:\/\/noticiasya.com\/el-valle\/wp-json\/wp\/v2\/tags?post=1452845"}],"curies":[{"name":"wp","href":"https:\/\/api.w.org\/{rel}","templated":true}]}}