{"id":1452847,"date":"2024-09-19T14:03:51","date_gmt":"2024-09-19T21:03:51","guid":{"rendered":"https:\/\/noticiasya.com\/2024\/09\/19\/asamblea-nacional-venezuela-repudia-resolucion-parlamento-europeo-gonzalez-presidente-electo-orix\/"},"modified":"2024-09-19T14:03:51","modified_gmt":"2024-09-19T21:03:51","slug":"asamblea-nacional-venezuela-repudia-resolucion-parlamento-europeo-gonzalez-presidente-electo-orix","status":"publish","type":"post","link":"https:\/\/noticiasya.com\/el-valle\/2024\/09\/19\/asamblea-nacional-venezuela-repudia-resolucion-parlamento-europeo-gonzalez-presidente-electo-orix\/","title":{"rendered":"La Asamblea Nacional de Venezuela repudia la resoluci\u00f3n del Parlamento Europeo que reconoce a Edmundo Gonz\u00e1lez como presidente electo"},"content":{"rendered":"<p>(CNN Espa\u00f1ol) &#8212;\u00a0La Asamblea Nacional de Venezuela, de mayor\u00eda oficialista, aprob\u00f3 este jueves un acuerdo que repudia la resoluci\u00f3n del Parlamento Europeo que, horas antes, reconoci\u00f3 al l\u00edder opositor Edmundo Gonz\u00e1lez Urrutia como presidente electo de Venezuela.<\/p>\n<p>El documento aprobado califica la decisi\u00f3n como una \u201cgrosera intromisi\u00f3n en los asuntos internos de la Rep\u00fablica Bolivariana de Venezuela\u201d, de acuerdo con el documento que ley\u00f3 el presidente del Poder Legislativo, Jorge Rodr\u00edguez.<\/p>\n<p>Rodr\u00edguez, uno de los hombres m\u00e1s cercanos al presidente Nicol\u00e1s Maduro, dijo despu\u00e9s de la votaci\u00f3n que los eurodiputados que impulsaron el reconocimiento de Gonz\u00e1lez Urrutia \u201cquieren venir a meterse en los asuntos que solamente competen a la Rep\u00fablica Bolivariana de Venezuela\u201d.<\/p>\n<p>A propuesta del Partido Popular Europeo, el Parlamento Europeo aprob\u00f3 reconocer a Gonz\u00e1lez Urrutia como \u201cpresidente leg\u00edtimo y democr\u00e1ticamente electo de Venezuela\u201d. La resoluci\u00f3n no es vinculante para los 27 pa\u00edses que conforman la Uni\u00f3n Europea (UE).<\/p>\n<p>El Parlamento Europeo reconoce a Edmundo Gonz\u00e1lez como presidente electo de Venezuela<\/p>\n<p>Gonz\u00e1lez Urrutia fue postulado por la Plataforma Unitaria Democr\u00e1tica (PUD) en las elecciones venezolanas del 28 de julio, en las que el Consejo Nacional Electoral (CNE) proclam\u00f3 ganador a Maduro. Sin embargo, varios pa\u00edses como Espa\u00f1a, Italia, Estados Unidos, Argentina y Chile, entre otros, cuestionan el resultado oficial y exigen que se publiquen las actas electorales desglosadas por mesa de votaci\u00f3n.<\/p>\n<p>El domingo 8 de septiembre, Gonz\u00e1lez Urrutia lleg\u00f3 a Espa\u00f1a tras pedir asilo pol\u00edtico en el pa\u00eds. El candidato opositor dice que en Venezuela fue objeto de persecuci\u00f3n y presiones por parte del Gobierno de Maduro.<\/p>\n<p>The-CNN-Wire<br \/>&trade; &amp; &copy; 2024 Cable News Network, Inc., a Warner Bros. Discovery Company. All rights reserved.<\/p>\n","protected":false},"excerpt":{"rendered":"<p>(CNN Espa\u00f1ol) &#8212;\u00a0La Asamblea Nacional de Venezuela, de mayor\u00eda oficialista, aprob\u00f3 este jueves un acuerdo que repudia la resoluci\u00f3n del Parlamento Europeo que, horas antes, reconoci\u00f3 al l\u00edder opositor Edmundo Gonz\u00e1lez Urrutia como presidente electo de Venezuela. El documento aprobado califica la decisi\u00f3n como una \u201cgrosera intromisi\u00f3n en los asuntos internos de la Rep\u00fablica Bolivariana [&hellip;]<\/p>\n","protected":false},"author":0,"featured_media":0,"comment_status":"open","ping_status":"open","sticky":false,"template":"","format":"standard","meta":{"_jetpack_memberships_contains_paid_content":false,"footnotes":""},"categories":[10],"tags":[],"class_list":["post-1452847","post","type-post","status-publish","format-standard","hentry","category-noticias-nacionales","market-global"],"yoast_head":"<!-- This site is optimized with the Yoast SEO plugin v24.4 - https:\/\/yoast.com\/wordpress\/plugins\/seo\/ -->\n<title>La Asamblea Nacional de Venezuela repudia la resoluci\u00f3n del Parlamento Europeo que reconoce a Edmundo Gonz\u00e1lez como presidente electo - Noticias<\/title>\n<meta name=\"robots\" content=\"index, follow, max-snippet:-1, max-image-preview:large, max-video-preview:-1\" \/>\n<link rel=\"canonical\" href=\"https:\/\/noticiasya.com\/2024\/09\/19\/asamblea-nacional-venezuela-repudia-resolucion-parlamento-europeo-gonzalez-presidente-electo-orix\/\" \/>\n<meta property=\"og:locale\" content=\"es_ES\" \/>\n<meta property=\"og:type\" content=\"article\" \/>\n<meta property=\"og:title\" content=\"La Asamblea Nacional de Venezuela repudia la resoluci\u00f3n del Parlamento Europeo que reconoce a Edmundo Gonz\u00e1lez como presidente electo - Noticias\" \/>\n<meta property=\"og:description\" content=\"(CNN Espa\u00f1ol) &#8212;\u00a0La Asamblea Nacional de Venezuela, de mayor\u00eda oficialista, aprob\u00f3 este jueves un acuerdo que repudia la resoluci\u00f3n del Parlamento Europeo que, horas antes, reconoci\u00f3 al l\u00edder opositor Edmundo Gonz\u00e1lez Urrutia como presidente electo de Venezuela. El documento aprobado califica la decisi\u00f3n como una \u201cgrosera intromisi\u00f3n en los asuntos internos de la Rep\u00fablica Bolivariana [&hellip;]\" \/>\n<meta property=\"og:url\" content=\"https:\/\/noticiasya.com\/2024\/09\/19\/asamblea-nacional-venezuela-repudia-resolucion-parlamento-europeo-gonzalez-presidente-electo-orix\/\" \/>\n<meta property=\"og:site_name\" content=\"Noticias\" \/>\n<meta property=\"article:published_time\" content=\"2024-09-19T21:03:51+00:00\" \/>\n<meta name=\"twitter:card\" content=\"summary_large_image\" \/>\n<meta name=\"twitter:label1\" content=\"Est. reading time\" \/>\n\t<meta name=\"twitter:data1\" content=\"2 minutos\" \/>\n<script type=\"application\/ld+json\" class=\"yoast-schema-graph\">{\"@context\":\"https:\/\/schema.org\",\"@graph\":[{\"@type\":\"Article\",\"@id\":\"https:\/\/noticiasya.com\/2024\/09\/19\/asamblea-nacional-venezuela-repudia-resolucion-parlamento-europeo-gonzalez-presidente-electo-orix\/#article\",\"isPartOf\":{\"@id\":\"https:\/\/noticiasya.com\/2024\/09\/19\/asamblea-nacional-venezuela-repudia-resolucion-parlamento-europeo-gonzalez-presidente-electo-orix\/\"},\"author\":{\"name\":\"\",\"@id\":\"\"},\"headline\":\"La Asamblea Nacional de Venezuela repudia la resoluci\u00f3n del Parlamento Europeo que reconoce a Edmundo Gonz\u00e1lez como presidente electo\",\"datePublished\":\"2024-09-19T21:03:51+00:00\",\"mainEntityOfPage\":{\"@id\":\"https:\/\/noticiasya.com\/2024\/09\/19\/asamblea-nacional-venezuela-repudia-resolucion-parlamento-europeo-gonzalez-presidente-electo-orix\/\"},\"wordCount\":327,\"commentCount\":0,\"publisher\":{\"@id\":\"https:\/\/noticiasya.com\/#organization\"},\"articleSection\":[\"Noticias Nacionales\"],\"inLanguage\":\"es\",\"potentialAction\":[{\"@type\":\"CommentAction\",\"name\":\"Comment\",\"target\":[\"https:\/\/noticiasya.com\/2024\/09\/19\/asamblea-nacional-venezuela-repudia-resolucion-parlamento-europeo-gonzalez-presidente-electo-orix\/#respond\"]}]},{\"@type\":\"WebPage\",\"@id\":\"https:\/\/noticiasya.com\/2024\/09\/19\/asamblea-nacional-venezuela-repudia-resolucion-parlamento-europeo-gonzalez-presidente-electo-orix\/\",\"url\":\"https:\/\/noticiasya.com\/2024\/09\/19\/asamblea-nacional-venezuela-repudia-resolucion-parlamento-europeo-gonzalez-presidente-electo-orix\/\",\"name\":\"La Asamblea Nacional de Venezuela repudia la resoluci\u00f3n del Parlamento Europeo que reconoce a Edmundo Gonz\u00e1lez como presidente electo - Noticias\",\"isPartOf\":{\"@id\":\"https:\/\/noticiasya.com\/#website\"},\"datePublished\":\"2024-09-19T21:03:51+00:00\",\"breadcrumb\":{\"@id\":\"https:\/\/noticiasya.com\/2024\/09\/19\/asamblea-nacional-venezuela-repudia-resolucion-parlamento-europeo-gonzalez-presidente-electo-orix\/#breadcrumb\"},\"inLanguage\":\"es\",\"potentialAction\":[{\"@type\":\"ReadAction\",\"target\":[\"https:\/\/noticiasya.com\/2024\/09\/19\/asamblea-nacional-venezuela-repudia-resolucion-parlamento-europeo-gonzalez-presidente-electo-orix\/\"]}]},{\"@type\":\"BreadcrumbList\",\"@id\":\"https:\/\/noticiasya.com\/2024\/09\/19\/asamblea-nacional-venezuela-repudia-resolucion-parlamento-europeo-gonzalez-presidente-electo-orix\/#breadcrumb\",\"itemListElement\":[{\"@type\":\"ListItem\",\"position\":1,\"name\":\"Home\",\"item\":\"https:\/\/noticiasya.com\/\"},{\"@type\":\"ListItem\",\"position\":2,\"name\":\"La Asamblea Nacional de Venezuela repudia la resoluci\u00f3n del Parlamento Europeo que reconoce a Edmundo Gonz\u00e1lez como presidente electo\"}]},{\"@type\":\"WebSite\",\"@id\":\"https:\/\/noticiasya.com\/#website\",\"url\":\"https:\/\/noticiasya.com\/\",\"name\":\"Noticias\",\"description\":\"Lo que importa\",\"publisher\":{\"@id\":\"https:\/\/noticiasya.com\/#organization\"},\"potentialAction\":[{\"@type\":\"SearchAction\",\"target\":{\"@type\":\"EntryPoint\",\"urlTemplate\":\"https:\/\/noticiasya.com\/?s={search_term_string}\"},\"query-input\":{\"@type\":\"PropertyValueSpecification\",\"valueRequired\":true,\"valueName\":\"search_term_string\"}}],\"inLanguage\":\"es\"},{\"@type\":\"Organization\",\"@id\":\"https:\/\/noticiasya.com\/#organization\",\"name\":\"Noticias\",\"url\":\"https:\/\/noticiasya.com\/\",\"logo\":{\"@type\":\"ImageObject\",\"inLanguage\":\"es\",\"@id\":\"https:\/\/noticiasya.com\/#\/schema\/logo\/image\/\",\"url\":\"https:\/\/noticiasya.com\/wp-content\/uploads\/sites\/22\/2023\/12\/logo-nacional.png\",\"contentUrl\":\"https:\/\/noticiasya.com\/wp-content\/uploads\/sites\/22\/2023\/12\/logo-nacional.png\",\"width\":1801,\"height\":691,\"caption\":\"Noticias\"},\"image\":{\"@id\":\"https:\/\/noticiasya.com\/#\/schema\/logo\/image\/\"}}]}<\/script>\n<!-- \/ Yoast SEO plugin. -->","yoast_head_json":{"title":"La Asamblea Nacional de Venezuela repudia la resoluci\u00f3n del Parlamento Europeo que reconoce a Edmundo Gonz\u00e1lez como presidente electo - Noticias","robots":{"index":"index","follow":"follow","max-snippet":"max-snippet:-1","max-image-preview":"max-image-preview:large","max-video-preview":"max-video-preview:-1"},"canonical":"https:\/\/noticiasya.com\/2024\/09\/19\/asamblea-nacional-venezuela-repudia-resolucion-parlamento-europeo-gonzalez-presidente-electo-orix\/","og_locale":"es_ES","og_type":"article","og_title":"La Asamblea Nacional de Venezuela repudia la resoluci\u00f3n del Parlamento Europeo que reconoce a Edmundo Gonz\u00e1lez como presidente electo - Noticias","og_description":"(CNN Espa\u00f1ol) &#8212;\u00a0La Asamblea Nacional de Venezuela, de mayor\u00eda oficialista, aprob\u00f3 este jueves un acuerdo que repudia la resoluci\u00f3n del Parlamento Europeo que, horas antes, reconoci\u00f3 al l\u00edder opositor Edmundo Gonz\u00e1lez Urrutia como presidente electo de Venezuela. El documento aprobado califica la decisi\u00f3n como una \u201cgrosera intromisi\u00f3n en los asuntos internos de la Rep\u00fablica Bolivariana [&hellip;]","og_url":"https:\/\/noticiasya.com\/2024\/09\/19\/asamblea-nacional-venezuela-repudia-resolucion-parlamento-europeo-gonzalez-presidente-electo-orix\/","og_site_name":"Noticias","article_published_time":"2024-09-19T21:03:51+00:00","twitter_card":"summary_large_image","twitter_misc":{"Est. reading time":"2 minutos"},"schema":{"@context":"https:\/\/schema.org","@graph":[{"@type":"Article","@id":"https:\/\/noticiasya.com\/2024\/09\/19\/asamblea-nacional-venezuela-repudia-resolucion-parlamento-europeo-gonzalez-presidente-electo-orix\/#article","isPartOf":{"@id":"https:\/\/noticiasya.com\/2024\/09\/19\/asamblea-nacional-venezuela-repudia-resolucion-parlamento-europeo-gonzalez-presidente-electo-orix\/"},"author":{"name":"","@id":""},"headline":"La Asamblea Nacional de Venezuela repudia la resoluci\u00f3n del Parlamento Europeo que reconoce a Edmundo Gonz\u00e1lez como presidente electo","datePublished":"2024-09-19T21:03:51+00:00","mainEntityOfPage":{"@id":"https:\/\/noticiasya.com\/2024\/09\/19\/asamblea-nacional-venezuela-repudia-resolucion-parlamento-europeo-gonzalez-presidente-electo-orix\/"},"wordCount":327,"commentCount":0,"publisher":{"@id":"https:\/\/noticiasya.com\/#organization"},"articleSection":["Noticias Nacionales"],"inLanguage":"es","potentialAction":[{"@type":"CommentAction","name":"Comment","target":["https:\/\/noticiasya.com\/2024\/09\/19\/asamblea-nacional-venezuela-repudia-resolucion-parlamento-europeo-gonzalez-presidente-electo-orix\/#respond"]}]},{"@type":"WebPage","@id":"https:\/\/noticiasya.com\/2024\/09\/19\/asamblea-nacional-venezuela-repudia-resolucion-parlamento-europeo-gonzalez-presidente-electo-orix\/","url":"https:\/\/noticiasya.com\/2024\/09\/19\/asamblea-nacional-venezuela-repudia-resolucion-parlamento-europeo-gonzalez-presidente-electo-orix\/","name":"La Asamblea Nacional de Venezuela repudia la resoluci\u00f3n del Parlamento Europeo que reconoce a Edmundo Gonz\u00e1lez como presidente electo - Noticias","isPartOf":{"@id":"https:\/\/noticiasya.com\/#website"},"datePublished":"2024-09-19T21:03:51+00:00","breadcrumb":{"@id":"https:\/\/noticiasya.com\/2024\/09\/19\/asamblea-nacional-venezuela-repudia-resolucion-parlamento-europeo-gonzalez-presidente-electo-orix\/#breadcrumb"},"inLanguage":"es","potentialAction":[{"@type":"ReadAction","target":["https:\/\/noticiasya.com\/2024\/09\/19\/asamblea-nacional-venezuela-repudia-resolucion-parlamento-europeo-gonzalez-presidente-electo-orix\/"]}]},{"@type":"BreadcrumbList","@id":"https:\/\/noticiasya.com\/2024\/09\/19\/asamblea-nacional-venezuela-repudia-resolucion-parlamento-europeo-gonzalez-presidente-electo-orix\/#breadcrumb","itemListElement":[{"@type":"ListItem","position":1,"name":"Home","item":"https:\/\/noticiasya.com\/"},{"@type":"ListItem","position":2,"name":"La Asamblea Nacional de Venezuela repudia la resoluci\u00f3n del Parlamento Europeo que reconoce a Edmundo Gonz\u00e1lez como presidente electo"}]},{"@type":"WebSite","@id":"https:\/\/noticiasya.com\/#website","url":"https:\/\/noticiasya.com\/","name":"Noticias","description":"Lo que importa","publisher":{"@id":"https:\/\/noticiasya.com\/#organization"},"potentialAction":[{"@type":"SearchAction","target":{"@type":"EntryPoint","urlTemplate":"https:\/\/noticiasya.com\/?s={search_term_string}"},"query-input":{"@type":"PropertyValueSpecification","valueRequired":true,"valueName":"search_term_string"}}],"inLanguage":"es"},{"@type":"Organization","@id":"https:\/\/noticiasya.com\/#organization","name":"Noticias","url":"https:\/\/noticiasya.com\/","logo":{"@type":"ImageObject","inLanguage":"es","@id":"https:\/\/noticiasya.com\/#\/schema\/logo\/image\/","url":"https:\/\/noticiasya.com\/wp-content\/uploads\/sites\/22\/2023\/12\/logo-nacional.png","contentUrl":"https:\/\/noticiasya.com\/wp-content\/uploads\/sites\/22\/2023\/12\/logo-nacional.png","width":1801,"height":691,"caption":"Noticias"},"image":{"@id":"https:\/\/noticiasya.com\/#\/schema\/logo\/image\/"}}]}},"parsely":{"version":"1.1.0","canonical_url":"https:\/\/noticiasya.com\/el-valle\/2024\/09\/19\/asamblea-nacional-venezuela-repudia-resolucion-parlamento-europeo-gonzalez-presidente-electo-orix\/","smart_links":{"inbound":0,"outbound":0},"traffic_boost_suggestions_count":0,"meta":{"@context":"https:\/\/schema.org","@type":"NewsArticle","headline":"La Asamblea Nacional de Venezuela repudia la resoluci\u00f3n del Parlamento Europeo que reconoce a Edmundo Gonz\u00e1lez como presidente electo","url":"http:\/\/noticiasya.com\/el-valle\/2024\/09\/19\/asamblea-nacional-venezuela-repudia-resolucion-parlamento-europeo-gonzalez-presidente-electo-orix\/","mainEntityOfPage":{"@type":"WebPage","@id":"http:\/\/noticiasya.com\/el-valle\/2024\/09\/19\/asamblea-nacional-venezuela-repudia-resolucion-parlamento-europeo-gonzalez-presidente-electo-orix\/"},"thumbnailUrl":"","image":{"@type":"ImageObject","url":""},"articleSection":"Noticias Nacionales","author":[],"creator":[],"publisher":{"@type":"Organization","name":"Noticias","logo":""},"keywords":[],"dateCreated":"2024-09-19T21:03:51Z","datePublished":"2024-09-19T21:03:51Z","dateModified":"2024-09-19T21:03:51Z"},"rendered":"<script type=\"application\/ld+json\" class=\"wp-parsely-metadata\">{\"@context\":\"https:\\\/\\\/schema.org\",\"@type\":\"NewsArticle\",\"headline\":\"La Asamblea Nacional de Venezuela repudia la resoluci\\u00f3n del Parlamento Europeo que reconoce a Edmundo Gonz\\u00e1lez como presidente electo\",\"url\":\"http:\\\/\\\/noticiasya.com\\\/el-valle\\\/2024\\\/09\\\/19\\\/asamblea-nacional-venezuela-repudia-resolucion-parlamento-europeo-gonzalez-presidente-electo-orix\\\/\",\"mainEntityOfPage\":{\"@type\":\"WebPage\",\"@id\":\"http:\\\/\\\/noticiasya.com\\\/el-valle\\\/2024\\\/09\\\/19\\\/asamblea-nacional-venezuela-repudia-resolucion-parlamento-europeo-gonzalez-presidente-electo-orix\\\/\"},\"thumbnailUrl\":\"\",\"image\":{\"@type\":\"ImageObject\",\"url\":\"\"},\"articleSection\":\"Noticias Nacionales\",\"author\":[],\"creator\":[],\"publisher\":{\"@type\":\"Organization\",\"name\":\"Noticias\",\"logo\":\"\"},\"keywords\":[],\"dateCreated\":\"2024-09-19T21:03:51Z\",\"datePublished\":\"2024-09-19T21:03:51Z\",\"dateModified\":\"2024-09-19T21:03:51Z\"}<\/script>","tracker_url":"https:\/\/cdn.parsely.com\/keys\/noticiasya.com\/p.js"},"jetpack_featured_media_url":"","jetpack-related-posts":[{"id":1452828,"url":"https:\/\/noticiasya.com\/el-valle\/2024\/09\/19\/parlamento-europeo-reconoce-edmundo-gonzalez-presidente-electo-venezuela\/","url_meta":{"origin":1452847,"position":0},"title":"El Parlamento Europeo reconoce a Edmundo Gonz\u00e1lez como presidente electo de Venezuela","author":"","date":"septiembre 19, 2024","format":false,"excerpt":"(CNN Espa\u00f1ol) --\u00a0Por 309 votos a favor, el Parlamento Europeo aprob\u00f3 este jueves la resoluci\u00f3n presentada por el Partido Popular Europeo para que la c\u00e1mara reconozca a Edmundo Gonz\u00e1lez Urrutia como \u201cpresidente leg\u00edtimo y democr\u00e1ticamente electo de Venezuela\u201d, as\u00ed como tambi\u00e9n reconoce a Mar\u00eda Corina Machado \u201ccomo l\u00edder de las\u2026","rel":"","context":"In &quot;Noticias Nacionales&quot;","block_context":{"text":"Noticias Nacionales","link":"https:\/\/noticiasya.com\/el-valle\/categoria\/noticias-nacionales"},"img":{"alt_text":"","src":"","width":0,"height":0},"classes":[]},{"id":1452836,"url":"https:\/\/noticiasya.com\/el-valle\/2024\/09\/19\/venezuela-edmundo-gonzalez-carta-orix\/","url_meta":{"origin":1452847,"position":1},"title":"Edmundo Gonz\u00e1lez dice que fue coaccionado para firmar carta en la que acatar\u00eda decisi\u00f3n del TSJ que ratifica victoria de Maduro","author":"","date":"septiembre 19, 2024","format":false,"excerpt":"(CNN Espa\u00f1ol) -- El presidente de la Asamblea Nacional de Venezuela, Jorge Rodr\u00edguez, mostr\u00f3 este mi\u00e9rcoles una carta supuestamente firmada por el candidato de la Mesa de la Unidad Democr\u00e1tica, Edmundo Gonz\u00e1lez, en la que acata la sentencia de la Sala Electoral del Tribunal Supremo de Justicia de Venezuela (TSJ)\u2026","rel":"","context":"In &quot;Noticias Nacionales&quot;","block_context":{"text":"Noticias Nacionales","link":"https:\/\/noticiasya.com\/el-valle\/categoria\/noticias-nacionales"},"img":{"alt_text":"","src":"","width":0,"height":0},"classes":[]},{"id":1454999,"url":"https:\/\/noticiasya.com\/el-valle\/2024\/10\/08\/venezuela-romper-relaciones-espana-asamblea-nacional-maduro-orix\/","url_meta":{"origin":1452847,"position":2},"title":"La Asamblea Nacional de Venezuela pide a Maduro romper relaciones con Espa\u00f1a","author":"","date":"octubre 8, 2024","format":false,"excerpt":"(CNN Espa\u00f1ol) -- La Asamblea Nacional de Venezuela controlada por el chavismo aprob\u00f3 este martes un acuerdo para pedirle al presidente Nicol\u00e1s Maduro que rompa relaciones diplom\u00e1ticas, consulares y comerciales con el Reino de Espa\u00f1a, en represalia por la decisi\u00f3n del Congreso de los Diputados, aunque con el voto en\u2026","rel":"","context":"In &quot;Noticias Nacionales&quot;","block_context":{"text":"Noticias Nacionales","link":"https:\/\/noticiasya.com\/el-valle\/categoria\/noticias-nacionales"},"img":{"alt_text":"","src":"","width":0,"height":0},"classes":[]},{"id":1452835,"url":"https:\/\/noticiasya.com\/el-valle\/2024\/09\/19\/espana-niega-implicacion-con-documento-que-edmundo-gonzalez-firmo-orix\/","url_meta":{"origin":1452847,"position":3},"title":"Espa\u00f1a niega cualquier implicaci\u00f3n con el documento que Edmundo Gonz\u00e1lez firm\u00f3 antes de salir de Venezuela","author":"","date":"septiembre 19, 2024","format":false,"excerpt":"(CNN Espa\u00f1ol) -- El Ministerio de Asuntos Exteriores de Espa\u00f1a inform\u00f3 este jueves a CNN que \"el Gobierno de Espa\u00f1a no tiene nada que ver con cualquier documento o negociaci\u00f3n entre Edmundo Gonz\u00e1lez y el Gobierno de Venezuela\u201d, en referencia al documento que el l\u00edder opositor firm\u00f3 antes de salir\u2026","rel":"","context":"In &quot;Noticias Nacionales&quot;","block_context":{"text":"Noticias Nacionales","link":"https:\/\/noticiasya.com\/el-valle\/categoria\/noticias-nacionales"},"img":{"alt_text":"","src":"","width":0,"height":0},"classes":[]},{"id":1452457,"url":"https:\/\/noticiasya.com\/el-valle\/2024\/09\/05\/presidente-consejo-ministros-peru-edmundo-gonzalez-venezuela-orix\/","url_meta":{"origin":1452847,"position":4},"title":"Presidente del Consejo de Ministros de Per\u00fa afirma que Edmundo Gonz\u00e1lez no es el presidente electo de Venezuela","author":"","date":"septiembre 5, 2024","format":false,"excerpt":"(CNN Espa\u00f1ol) \u2013\u2013 El presidente del Consejo de Ministros de Per\u00fa, Gustavo Adrianz\u00e9n, neg\u00f3 este jueves que su pa\u00eds haya reconocido a Edmundo Gonz\u00e1lez Urrutia como presidente electo de Venezuela y desautoriz\u00f3 lo que hab\u00eda dicho el entonces canciller Javier Gonz\u00e1lez-Olaechea tras las elecciones.En declaraciones al medio local RPP, Adrianz\u00e9n\u2026","rel":"","context":"In &quot;Noticias Nacionales&quot;","block_context":{"text":"Noticias Nacionales","link":"https:\/\/noticiasya.com\/el-valle\/categoria\/noticias-nacionales"},"img":{"alt_text":"","src":"","width":0,"height":0},"classes":[]},{"id":1456107,"url":"https:\/\/noticiasya.com\/el-valle\/2024\/11\/26\/cancilleres-g7-apoyo-edmundo-gonzalez-venezuela-orix\/","url_meta":{"origin":1452847,"position":5},"title":"Los cancilleres del G7 reiteran apoyo a Edmundo Gonz\u00e1lez en transici\u00f3n democr\u00e1tica en Venezuela y preocupaci\u00f3n por violaciones a DD.HH.","author":"","date":"noviembre 26, 2024","format":false,"excerpt":"(CNN Espa\u00f1ol) \u2013\u2013 Los ministros de Asuntos Exteriores del G7 (integrado por Canad\u00e1, Francia, Alemania, Italia, Jap\u00f3n, Reino Unido, EE.UU. y la Uni\u00f3n Europea) aseguraron que continuar\u00e1n apoyando la transici\u00f3n democr\u00e1tica en Venezuela, al resaltar que el opositor Edmundo Gonz\u00e1lez Urrutia gan\u00f3 por \u201cmayor\u00eda significativa\u201d, seg\u00fan los registros electorales que\u2026","rel":"","context":"In &quot;Noticias Nacionales&quot;","block_context":{"text":"Noticias Nacionales","link":"https:\/\/noticiasya.com\/el-valle\/categoria\/noticias-nacionales"},"img":{"alt_text":"","src":"","width":0,"height":0},"classes":[]}],"jetpack_sharing_enabled":true,"_links":{"self":[{"href":"https:\/\/noticiasya.com\/el-valle\/wp-json\/wp\/v2\/posts\/1452847","targetHints":{"allow":["GET"]}}],"collection":[{"href":"https:\/\/noticiasya.com\/el-valle\/wp-json\/wp\/v2\/posts"}],"about":[{"href":"https:\/\/noticiasya.com\/el-valle\/wp-json\/wp\/v2\/types\/post"}],"replies":[{"embeddable":true,"href":"https:\/\/noticiasya.com\/el-valle\/wp-json\/wp\/v2\/comments?post=1452847"}],"version-history":[{"count":0,"href":"https:\/\/noticiasya.com\/el-valle\/wp-json\/wp\/v2\/posts\/1452847\/revisions"}],"wp:attachment":[{"href":"https:\/\/noticiasya.com\/el-valle\/wp-json\/wp\/v2\/media?parent=1452847"}],"wp:term":[{"taxonomy":"category","embeddable":true,"href":"https:\/\/noticiasya.com\/el-valle\/wp-json\/wp\/v2\/categories?post=1452847"},{"taxonomy":"post_tag","embeddable":true,"href":"https:\/\/noticiasya.com\/el-valle\/wp-json\/wp\/v2\/tags?post=1452847"}],"curies":[{"name":"wp","href":"https:\/\/api.w.org\/{rel}","templated":true}]}}