{"id":1452884,"date":"2024-09-20T11:04:05","date_gmt":"2024-09-20T18:04:05","guid":{"rendered":"https:\/\/noticiasya.com\/2024\/09\/20\/putin-no-asistira-toma-posesion-sheinbaum-mexico-orix\/"},"modified":"2024-09-20T11:04:05","modified_gmt":"2024-09-20T18:04:05","slug":"putin-no-asistira-toma-posesion-sheinbaum-mexico-orix","status":"publish","type":"post","link":"https:\/\/noticiasya.com\/el-valle\/2024\/09\/20\/putin-no-asistira-toma-posesion-sheinbaum-mexico-orix\/","title":{"rendered":"Putin no asistir\u00e1 a la toma de posesi\u00f3n de Sheinbaum en M\u00e9xico, seg\u00fan el Kremlin"},"content":{"rendered":"<p>(CNN Espa\u00f1ol) &#8212; El presidente de Rusia, Vladimir Putin, no planea viajar a M\u00e9xico para asistir a la toma de posesi\u00f3n de la presidenta electa, Claudia Sheinbaum, quien asume el cargo el 1 de octubre, dijo este viernes un portavoz del Kremlin.<\/p>\n<p>\u201cEl presidente no ten\u00eda previsto realizar ese viaje\u201d, dijo Dmitry Peskov a la agencia de noticias estatal rusa TASS.<\/p>\n<p>La agencia rusa hab\u00eda anunciado en agosto que Sheinbaum hab\u00eda invitado a Putin. El equipo de prensa de la futura presidenta mexicana dijo entonces a CNN que hab\u00edan enviado \u201cavisos diplom\u00e1ticos, no equivalentes a una invitaci\u00f3n formal\u201d, a todos los pa\u00edses con los que M\u00e9xico mantiene relaciones.<\/p>\n<p>El anuncio del Kremlin se produce un d\u00eda despu\u00e9s de que el director del Departamento para Am\u00e9rica Latina de la Canciller\u00eda rusa, Alexander Schetinin, confirmara en una entrevista con el canal de televisi\u00f3n RTVI cuyas declaraciones recoge TASS, que el gobierno mexicano extendi\u00f3 una invitaci\u00f3n a Mosc\u00fa.<\/p>\n<p>\u201cRecibimos la invitaci\u00f3n, agradecemos a la parte mexicana por ello. El presidente de la Federaci\u00f3n de Rusia nombr\u00f3 a su representante, lo cual informamos debidamente\u201d, se\u00f1al\u00f3 Schetinin.<\/p>\n<p>En marzo de 2023 la Corte Penal Internacional (CPI) emiti\u00f3 una orden de arresto en contra de Putin por la supuesta deportaci\u00f3n de ni\u00f1os ucranianos a Rusia, orden que Mosc\u00fa desconoce. M\u00e9xico ratific\u00f3 en 2005 el Estatuto de Roma, que se\u00f1ala que \u201ces deber de todo Estado ejercer su jurisdicci\u00f3n penal contra los responsables de cr\u00edmenes internacionales\u201d.<\/p>\n<p>La Casa Blanca anunci\u00f3 el mi\u00e9rcoles que la primera dama de Estados Unidos, Jill Biden, encabezar\u00e1 la delegaci\u00f3n estadounidense que asistir\u00e1 a la toma de posesi\u00f3n de Sheinbaum. Sobre la invitaci\u00f3n a Putin, El Departamento de Estado de EE.UU. dijo a CNN en agosto que su asistencia \u201censombrecer\u00eda\u201d lo que es un \u201cmomento hist\u00f3rico\u201d para M\u00e9xico.<\/p>\n<p>The-CNN-Wire<br \/>&trade; &amp; &copy; 2024 Cable News Network, Inc., a Warner Bros. Discovery Company. All rights reserved.<\/p>\n","protected":false},"excerpt":{"rendered":"<p>(CNN Espa\u00f1ol) &#8212; El presidente de Rusia, Vladimir Putin, no planea viajar a M\u00e9xico para asistir a la toma de posesi\u00f3n de la presidenta electa, Claudia Sheinbaum, quien asume el cargo el 1 de octubre, dijo este viernes un portavoz del Kremlin. \u201cEl presidente no ten\u00eda previsto realizar ese viaje\u201d, dijo Dmitry Peskov a la [&hellip;]<\/p>\n","protected":false},"author":0,"featured_media":0,"comment_status":"open","ping_status":"open","sticky":false,"template":"","format":"standard","meta":{"_jetpack_memberships_contains_paid_content":false,"footnotes":""},"categories":[10],"tags":[],"class_list":["post-1452884","post","type-post","status-publish","format-standard","hentry","category-noticias-nacionales","market-global"],"yoast_head":"<!-- This site is optimized with the Yoast SEO plugin v24.4 - https:\/\/yoast.com\/wordpress\/plugins\/seo\/ -->\n<title>Putin no asistir\u00e1 a la toma de posesi\u00f3n de Sheinbaum en M\u00e9xico, seg\u00fan el Kremlin - Noticias<\/title>\n<meta name=\"robots\" content=\"index, follow, max-snippet:-1, max-image-preview:large, max-video-preview:-1\" \/>\n<link rel=\"canonical\" href=\"https:\/\/noticiasya.com\/2024\/09\/20\/putin-no-asistira-toma-posesion-sheinbaum-mexico-orix\/\" \/>\n<meta property=\"og:locale\" content=\"es_ES\" \/>\n<meta property=\"og:type\" content=\"article\" \/>\n<meta property=\"og:title\" content=\"Putin no asistir\u00e1 a la toma de posesi\u00f3n de Sheinbaum en M\u00e9xico, seg\u00fan el Kremlin - Noticias\" \/>\n<meta property=\"og:description\" content=\"(CNN Espa\u00f1ol) &#8212; El presidente de Rusia, Vladimir Putin, no planea viajar a M\u00e9xico para asistir a la toma de posesi\u00f3n de la presidenta electa, Claudia Sheinbaum, quien asume el cargo el 1 de octubre, dijo este viernes un portavoz del Kremlin. \u201cEl presidente no ten\u00eda previsto realizar ese viaje\u201d, dijo Dmitry Peskov a la [&hellip;]\" \/>\n<meta property=\"og:url\" content=\"https:\/\/noticiasya.com\/2024\/09\/20\/putin-no-asistira-toma-posesion-sheinbaum-mexico-orix\/\" \/>\n<meta property=\"og:site_name\" content=\"Noticias\" \/>\n<meta property=\"article:published_time\" content=\"2024-09-20T18:04:05+00:00\" \/>\n<meta name=\"twitter:card\" content=\"summary_large_image\" \/>\n<meta name=\"twitter:label1\" content=\"Est. reading time\" \/>\n\t<meta name=\"twitter:data1\" content=\"2 minutos\" \/>\n<script type=\"application\/ld+json\" class=\"yoast-schema-graph\">{\"@context\":\"https:\/\/schema.org\",\"@graph\":[{\"@type\":\"Article\",\"@id\":\"https:\/\/noticiasya.com\/2024\/09\/20\/putin-no-asistira-toma-posesion-sheinbaum-mexico-orix\/#article\",\"isPartOf\":{\"@id\":\"https:\/\/noticiasya.com\/2024\/09\/20\/putin-no-asistira-toma-posesion-sheinbaum-mexico-orix\/\"},\"author\":{\"name\":\"\",\"@id\":\"\"},\"headline\":\"Putin no asistir\u00e1 a la toma de posesi\u00f3n de Sheinbaum en M\u00e9xico, seg\u00fan el Kremlin\",\"datePublished\":\"2024-09-20T18:04:05+00:00\",\"mainEntityOfPage\":{\"@id\":\"https:\/\/noticiasya.com\/2024\/09\/20\/putin-no-asistira-toma-posesion-sheinbaum-mexico-orix\/\"},\"wordCount\":360,\"commentCount\":0,\"publisher\":{\"@id\":\"https:\/\/noticiasya.com\/#organization\"},\"articleSection\":[\"Noticias Nacionales\"],\"inLanguage\":\"es\",\"potentialAction\":[{\"@type\":\"CommentAction\",\"name\":\"Comment\",\"target\":[\"https:\/\/noticiasya.com\/2024\/09\/20\/putin-no-asistira-toma-posesion-sheinbaum-mexico-orix\/#respond\"]}]},{\"@type\":\"WebPage\",\"@id\":\"https:\/\/noticiasya.com\/2024\/09\/20\/putin-no-asistira-toma-posesion-sheinbaum-mexico-orix\/\",\"url\":\"https:\/\/noticiasya.com\/2024\/09\/20\/putin-no-asistira-toma-posesion-sheinbaum-mexico-orix\/\",\"name\":\"Putin no asistir\u00e1 a la toma de posesi\u00f3n de Sheinbaum en M\u00e9xico, seg\u00fan el Kremlin - Noticias\",\"isPartOf\":{\"@id\":\"https:\/\/noticiasya.com\/#website\"},\"datePublished\":\"2024-09-20T18:04:05+00:00\",\"breadcrumb\":{\"@id\":\"https:\/\/noticiasya.com\/2024\/09\/20\/putin-no-asistira-toma-posesion-sheinbaum-mexico-orix\/#breadcrumb\"},\"inLanguage\":\"es\",\"potentialAction\":[{\"@type\":\"ReadAction\",\"target\":[\"https:\/\/noticiasya.com\/2024\/09\/20\/putin-no-asistira-toma-posesion-sheinbaum-mexico-orix\/\"]}]},{\"@type\":\"BreadcrumbList\",\"@id\":\"https:\/\/noticiasya.com\/2024\/09\/20\/putin-no-asistira-toma-posesion-sheinbaum-mexico-orix\/#breadcrumb\",\"itemListElement\":[{\"@type\":\"ListItem\",\"position\":1,\"name\":\"Home\",\"item\":\"https:\/\/noticiasya.com\/\"},{\"@type\":\"ListItem\",\"position\":2,\"name\":\"Putin no asistir\u00e1 a la toma de posesi\u00f3n de Sheinbaum en M\u00e9xico, seg\u00fan el Kremlin\"}]},{\"@type\":\"WebSite\",\"@id\":\"https:\/\/noticiasya.com\/#website\",\"url\":\"https:\/\/noticiasya.com\/\",\"name\":\"Noticias\",\"description\":\"Lo que importa\",\"publisher\":{\"@id\":\"https:\/\/noticiasya.com\/#organization\"},\"potentialAction\":[{\"@type\":\"SearchAction\",\"target\":{\"@type\":\"EntryPoint\",\"urlTemplate\":\"https:\/\/noticiasya.com\/?s={search_term_string}\"},\"query-input\":{\"@type\":\"PropertyValueSpecification\",\"valueRequired\":true,\"valueName\":\"search_term_string\"}}],\"inLanguage\":\"es\"},{\"@type\":\"Organization\",\"@id\":\"https:\/\/noticiasya.com\/#organization\",\"name\":\"Noticias\",\"url\":\"https:\/\/noticiasya.com\/\",\"logo\":{\"@type\":\"ImageObject\",\"inLanguage\":\"es\",\"@id\":\"https:\/\/noticiasya.com\/#\/schema\/logo\/image\/\",\"url\":\"https:\/\/noticiasya.com\/wp-content\/uploads\/sites\/22\/2023\/12\/logo-nacional.png\",\"contentUrl\":\"https:\/\/noticiasya.com\/wp-content\/uploads\/sites\/22\/2023\/12\/logo-nacional.png\",\"width\":1801,\"height\":691,\"caption\":\"Noticias\"},\"image\":{\"@id\":\"https:\/\/noticiasya.com\/#\/schema\/logo\/image\/\"}}]}<\/script>\n<!-- \/ Yoast SEO plugin. -->","yoast_head_json":{"title":"Putin no asistir\u00e1 a la toma de posesi\u00f3n de Sheinbaum en M\u00e9xico, seg\u00fan el Kremlin - Noticias","robots":{"index":"index","follow":"follow","max-snippet":"max-snippet:-1","max-image-preview":"max-image-preview:large","max-video-preview":"max-video-preview:-1"},"canonical":"https:\/\/noticiasya.com\/2024\/09\/20\/putin-no-asistira-toma-posesion-sheinbaum-mexico-orix\/","og_locale":"es_ES","og_type":"article","og_title":"Putin no asistir\u00e1 a la toma de posesi\u00f3n de Sheinbaum en M\u00e9xico, seg\u00fan el Kremlin - Noticias","og_description":"(CNN Espa\u00f1ol) &#8212; El presidente de Rusia, Vladimir Putin, no planea viajar a M\u00e9xico para asistir a la toma de posesi\u00f3n de la presidenta electa, Claudia Sheinbaum, quien asume el cargo el 1 de octubre, dijo este viernes un portavoz del Kremlin. \u201cEl presidente no ten\u00eda previsto realizar ese viaje\u201d, dijo Dmitry Peskov a la [&hellip;]","og_url":"https:\/\/noticiasya.com\/2024\/09\/20\/putin-no-asistira-toma-posesion-sheinbaum-mexico-orix\/","og_site_name":"Noticias","article_published_time":"2024-09-20T18:04:05+00:00","twitter_card":"summary_large_image","twitter_misc":{"Est. reading time":"2 minutos"},"schema":{"@context":"https:\/\/schema.org","@graph":[{"@type":"Article","@id":"https:\/\/noticiasya.com\/2024\/09\/20\/putin-no-asistira-toma-posesion-sheinbaum-mexico-orix\/#article","isPartOf":{"@id":"https:\/\/noticiasya.com\/2024\/09\/20\/putin-no-asistira-toma-posesion-sheinbaum-mexico-orix\/"},"author":{"name":"","@id":""},"headline":"Putin no asistir\u00e1 a la toma de posesi\u00f3n de Sheinbaum en M\u00e9xico, seg\u00fan el Kremlin","datePublished":"2024-09-20T18:04:05+00:00","mainEntityOfPage":{"@id":"https:\/\/noticiasya.com\/2024\/09\/20\/putin-no-asistira-toma-posesion-sheinbaum-mexico-orix\/"},"wordCount":360,"commentCount":0,"publisher":{"@id":"https:\/\/noticiasya.com\/#organization"},"articleSection":["Noticias Nacionales"],"inLanguage":"es","potentialAction":[{"@type":"CommentAction","name":"Comment","target":["https:\/\/noticiasya.com\/2024\/09\/20\/putin-no-asistira-toma-posesion-sheinbaum-mexico-orix\/#respond"]}]},{"@type":"WebPage","@id":"https:\/\/noticiasya.com\/2024\/09\/20\/putin-no-asistira-toma-posesion-sheinbaum-mexico-orix\/","url":"https:\/\/noticiasya.com\/2024\/09\/20\/putin-no-asistira-toma-posesion-sheinbaum-mexico-orix\/","name":"Putin no asistir\u00e1 a la toma de posesi\u00f3n de Sheinbaum en M\u00e9xico, seg\u00fan el Kremlin - Noticias","isPartOf":{"@id":"https:\/\/noticiasya.com\/#website"},"datePublished":"2024-09-20T18:04:05+00:00","breadcrumb":{"@id":"https:\/\/noticiasya.com\/2024\/09\/20\/putin-no-asistira-toma-posesion-sheinbaum-mexico-orix\/#breadcrumb"},"inLanguage":"es","potentialAction":[{"@type":"ReadAction","target":["https:\/\/noticiasya.com\/2024\/09\/20\/putin-no-asistira-toma-posesion-sheinbaum-mexico-orix\/"]}]},{"@type":"BreadcrumbList","@id":"https:\/\/noticiasya.com\/2024\/09\/20\/putin-no-asistira-toma-posesion-sheinbaum-mexico-orix\/#breadcrumb","itemListElement":[{"@type":"ListItem","position":1,"name":"Home","item":"https:\/\/noticiasya.com\/"},{"@type":"ListItem","position":2,"name":"Putin no asistir\u00e1 a la toma de posesi\u00f3n de Sheinbaum en M\u00e9xico, seg\u00fan el Kremlin"}]},{"@type":"WebSite","@id":"https:\/\/noticiasya.com\/#website","url":"https:\/\/noticiasya.com\/","name":"Noticias","description":"Lo que importa","publisher":{"@id":"https:\/\/noticiasya.com\/#organization"},"potentialAction":[{"@type":"SearchAction","target":{"@type":"EntryPoint","urlTemplate":"https:\/\/noticiasya.com\/?s={search_term_string}"},"query-input":{"@type":"PropertyValueSpecification","valueRequired":true,"valueName":"search_term_string"}}],"inLanguage":"es"},{"@type":"Organization","@id":"https:\/\/noticiasya.com\/#organization","name":"Noticias","url":"https:\/\/noticiasya.com\/","logo":{"@type":"ImageObject","inLanguage":"es","@id":"https:\/\/noticiasya.com\/#\/schema\/logo\/image\/","url":"https:\/\/noticiasya.com\/wp-content\/uploads\/sites\/22\/2023\/12\/logo-nacional.png","contentUrl":"https:\/\/noticiasya.com\/wp-content\/uploads\/sites\/22\/2023\/12\/logo-nacional.png","width":1801,"height":691,"caption":"Noticias"},"image":{"@id":"https:\/\/noticiasya.com\/#\/schema\/logo\/image\/"}}]}},"parsely":{"version":"1.1.0","canonical_url":"https:\/\/noticiasya.com\/el-valle\/2024\/09\/20\/putin-no-asistira-toma-posesion-sheinbaum-mexico-orix\/","smart_links":{"inbound":0,"outbound":0},"traffic_boost_suggestions_count":0,"meta":{"@context":"https:\/\/schema.org","@type":"NewsArticle","headline":"Putin no asistir\u00e1 a la toma de posesi\u00f3n de Sheinbaum en M\u00e9xico, seg\u00fan el Kremlin","url":"http:\/\/noticiasya.com\/el-valle\/2024\/09\/20\/putin-no-asistira-toma-posesion-sheinbaum-mexico-orix\/","mainEntityOfPage":{"@type":"WebPage","@id":"http:\/\/noticiasya.com\/el-valle\/2024\/09\/20\/putin-no-asistira-toma-posesion-sheinbaum-mexico-orix\/"},"thumbnailUrl":"","image":{"@type":"ImageObject","url":""},"articleSection":"Noticias Nacionales","author":[],"creator":[],"publisher":{"@type":"Organization","name":"Noticias","logo":""},"keywords":[],"dateCreated":"2024-09-20T18:04:05Z","datePublished":"2024-09-20T18:04:05Z","dateModified":"2024-09-20T18:04:05Z"},"rendered":"<script type=\"application\/ld+json\" class=\"wp-parsely-metadata\">{\"@context\":\"https:\\\/\\\/schema.org\",\"@type\":\"NewsArticle\",\"headline\":\"Putin no asistir\\u00e1 a la toma de posesi\\u00f3n de Sheinbaum en M\\u00e9xico, seg\\u00fan el Kremlin\",\"url\":\"http:\\\/\\\/noticiasya.com\\\/el-valle\\\/2024\\\/09\\\/20\\\/putin-no-asistira-toma-posesion-sheinbaum-mexico-orix\\\/\",\"mainEntityOfPage\":{\"@type\":\"WebPage\",\"@id\":\"http:\\\/\\\/noticiasya.com\\\/el-valle\\\/2024\\\/09\\\/20\\\/putin-no-asistira-toma-posesion-sheinbaum-mexico-orix\\\/\"},\"thumbnailUrl\":\"\",\"image\":{\"@type\":\"ImageObject\",\"url\":\"\"},\"articleSection\":\"Noticias Nacionales\",\"author\":[],\"creator\":[],\"publisher\":{\"@type\":\"Organization\",\"name\":\"Noticias\",\"logo\":\"\"},\"keywords\":[],\"dateCreated\":\"2024-09-20T18:04:05Z\",\"datePublished\":\"2024-09-20T18:04:05Z\",\"dateModified\":\"2024-09-20T18:04:05Z\"}<\/script>","tracker_url":"https:\/\/cdn.parsely.com\/keys\/noticiasya.com\/p.js"},"jetpack_featured_media_url":"","jetpack-related-posts":[{"id":1452920,"url":"https:\/\/noticiasya.com\/el-valle\/2024\/09\/21\/boric-petro-lula-y-jill-biden-asistentes-posesion-sheinbaum-presidenta-mexico-orix\/","url_meta":{"origin":1452884,"position":0},"title":"Jill Biden, Petro y Lula da Silva, entre los asistentes a la toma de posesi\u00f3n de Claudia Sheinbaum como presidenta de M\u00e9xico","author":"","date":"septiembre 21, 2024","format":false,"excerpt":"(CNN Espa\u00f1ol) -- Claudia Sheinbaum tomar\u00e1 posesi\u00f3n como la primera presidenta de M\u00e9xico el pr\u00f3ximo 1 de octubre en la C\u00e1mara de Diputados. Al evento asistir\u00e1n representantes de 105 pa\u00edses y 22 organismos internacionales, inform\u00f3 la presidenta electa este jueves en un comunicado publicado en X.En la lista publicada por\u2026","rel":"","context":"In &quot;Noticias Nacionales&quot;","block_context":{"text":"Noticias Nacionales","link":"https:\/\/noticiasya.com\/el-valle\/categoria\/noticias-nacionales"},"img":{"alt_text":"","src":"","width":0,"height":0},"classes":[]},{"id":1451678,"url":"https:\/\/noticiasya.com\/el-valle\/2024\/08\/08\/ucrania-pide-mexico-detener-cij-putin-si-asiste-toma-posesion-sheinbaum-orix\/","url_meta":{"origin":1452884,"position":1},"title":"Ucrania pide a M\u00e9xico detener y entregar a Putin a la Corte Penal Internacional si asiste a la toma de posesi\u00f3n de Sheinbaum","author":"","date":"agosto 8, 2024","format":false,"excerpt":"(CNN Espa\u00f1ol) -- La embajada de Ucrania en M\u00e9xico se pronunci\u00f3 este mi\u00e9rcoles sobre la invitaci\u00f3n al presidente de Rusia, Vladimir Putin, para asistir a la ceremonia de toma de posesi\u00f3n de Claudia Sheinbaum, ganadora de la elecci\u00f3n presidencial, el pr\u00f3ximo 1 de octubre.La representaci\u00f3n diplom\u00e1tica de Ucrania reconoci\u00f3 que\u2026","rel":"","context":"In &quot;Noticias Nacionales&quot;","block_context":{"text":"Noticias Nacionales","link":"https:\/\/noticiasya.com\/el-valle\/categoria\/noticias-nacionales"},"img":{"alt_text":"","src":"","width":0,"height":0},"classes":[]},{"id":1453048,"url":"https:\/\/noticiasya.com\/el-valle\/2024\/09\/25\/sheinbaum-confirma-que-no-invito-al-rey-felipe-vi-a-su-juramentacion-trax\/","url_meta":{"origin":1452884,"position":2},"title":"Sheinbaum confirma que no invit\u00f3 al rey Felipe VI a su juramentaci\u00f3n, el Gobierno de Espa\u00f1a no enviar\u00e1 a ning\u00fan representante","author":"","date":"septiembre 25, 2024","format":false,"excerpt":"(CNN Espa\u00f1ol) -- La presidenta electa de M\u00e9xico, Claudia Sheinbaum, confirm\u00f3 a trav\u00e9s de un comunicado publicado en sus redes sociales que envi\u00f3 una nota diplom\u00e1tica invitando a la ceremonia de posesi\u00f3n al presidente del gobierno espa\u00f1ol, Pedro S\u00e1nchez, y no al rey Felipe VI.Sheinbaum indic\u00f3 que la raz\u00f3n de\u2026","rel":"","context":"In &quot;Noticias Nacionales&quot;","block_context":{"text":"Noticias Nacionales","link":"https:\/\/noticiasya.com\/el-valle\/categoria\/noticias-nacionales"},"img":{"alt_text":"","src":"","width":0,"height":0},"classes":[]},{"id":1455677,"url":"https:\/\/noticiasya.com\/el-valle\/2024\/11\/08\/sheinbaum-detalles-conversacion-con-trump-orix\/","url_meta":{"origin":1452884,"position":3},"title":"Sheinbaum da detalles de su conversaci\u00f3n con Trump y defiende la estrategia migratoria de M\u00e9xico","author":"","date":"noviembre 8, 2024","format":false,"excerpt":"(CNN Espa\u00f1ol) -- La presidenta de M\u00e9xico, Claudia Sheinbaum, dijo este viernes que mantuvo una llamada \"muy cordial\" con el presidente electo de Estados Unidos, Donald Trump, y que \u00e9l \"plante\u00f3 el tema de la frontera\", sin entrar en detalles.\"Fue una llamada muy cordial, quiero destacar esto. \u00c9l inici\u00f3 la\u2026","rel":"","context":"In &quot;Noticias Nacionales&quot;","block_context":{"text":"Noticias Nacionales","link":"https:\/\/noticiasya.com\/el-valle\/categoria\/noticias-nacionales"},"img":{"alt_text":"","src":"","width":0,"height":0},"classes":[]},{"id":1468042,"url":"https:\/\/noticiasya.com\/el-valle\/2025\/11\/05\/putin-misil-nuclear-burevestnik-trax\/","url_meta":{"origin":1452884,"position":4},"title":"Putin elogia a los desarrolladores del misil de propulsi\u00f3n nuclear Burevestnik, en su \u00faltima se\u00f1al a Occidente","author":"","date":"noviembre 5, 2025","format":false,"excerpt":"El presidente de Rusia, Vladimir Putin, otorg\u00f3 premios estatales a los desarrolladores del misil de crucero Burevestnik y del torpedo submarino Poseid\u00f3n, en la \u00faltima se\u00f1al de lo que los analistas consideran acciones del Kremlin para disuadir a Occidente de apoyar a Ucrania.En una ceremonia de premiaci\u00f3n celebrada este martes\u2026","rel":"","context":"In &quot;Noticias Nacionales&quot;","block_context":{"text":"Noticias Nacionales","link":"https:\/\/noticiasya.com\/el-valle\/categoria\/noticias-nacionales"},"img":{"alt_text":"","src":"","width":0,"height":0},"classes":[]},{"id":1457472,"url":"https:\/\/noticiasya.com\/el-valle\/2025\/01\/13\/putin-reunion-trump-kremlin-trax\/","url_meta":{"origin":1452884,"position":5},"title":"Putin est\u00e1 listo para reunirse con Trump pero a\u00fan no hay planes en marcha, dice el Kremlin","author":"","date":"enero 13, 2025","format":false,"excerpt":"El Kremlin dijo que si bien existe voluntad pol\u00edtica para una reuni\u00f3n entre el presidente de Rusia, Vladimir Putin, y el presidente electo de Estados Unidos, Donald Trump, no se han iniciado preparativos sustanciales para una cumbre.\u201cExiste un entendimiento declarado y una voluntad pol\u00edtica de que tales contactos ser\u00edan muy\u2026","rel":"","context":"In &quot;Noticias Nacionales&quot;","block_context":{"text":"Noticias Nacionales","link":"https:\/\/noticiasya.com\/el-valle\/categoria\/noticias-nacionales"},"img":{"alt_text":"","src":"","width":0,"height":0},"classes":[]}],"jetpack_sharing_enabled":true,"_links":{"self":[{"href":"https:\/\/noticiasya.com\/el-valle\/wp-json\/wp\/v2\/posts\/1452884","targetHints":{"allow":["GET"]}}],"collection":[{"href":"https:\/\/noticiasya.com\/el-valle\/wp-json\/wp\/v2\/posts"}],"about":[{"href":"https:\/\/noticiasya.com\/el-valle\/wp-json\/wp\/v2\/types\/post"}],"replies":[{"embeddable":true,"href":"https:\/\/noticiasya.com\/el-valle\/wp-json\/wp\/v2\/comments?post=1452884"}],"version-history":[{"count":0,"href":"https:\/\/noticiasya.com\/el-valle\/wp-json\/wp\/v2\/posts\/1452884\/revisions"}],"wp:attachment":[{"href":"https:\/\/noticiasya.com\/el-valle\/wp-json\/wp\/v2\/media?parent=1452884"}],"wp:term":[{"taxonomy":"category","embeddable":true,"href":"https:\/\/noticiasya.com\/el-valle\/wp-json\/wp\/v2\/categories?post=1452884"},{"taxonomy":"post_tag","embeddable":true,"href":"https:\/\/noticiasya.com\/el-valle\/wp-json\/wp\/v2\/tags?post=1452884"}],"curies":[{"name":"wp","href":"https:\/\/api.w.org\/{rel}","templated":true}]}}