{"id":1452903,"date":"2024-09-20T19:03:52","date_gmt":"2024-09-21T02:03:52","guid":{"rendered":"https:\/\/noticiasya.com\/2024\/09\/20\/declaran-culpable-menchito-cartel-jalisco-nueva-generacion-orix\/"},"modified":"2024-09-20T19:03:52","modified_gmt":"2024-09-21T02:03:52","slug":"declaran-culpable-menchito-cartel-jalisco-nueva-generacion-orix","status":"publish","type":"post","link":"https:\/\/noticiasya.com\/el-valle\/2024\/09\/20\/declaran-culpable-menchito-cartel-jalisco-nueva-generacion-orix\/","title":{"rendered":"Justicia de EE.UU. declara culpable al Menchito, uno de los l\u00edderes del C\u00e1rtel Jalisco Nueva Generaci\u00f3n"},"content":{"rendered":"<p>(CNN Espa\u00f1ol) &#8212;\u00a0Rub\u00e9n Oseguera Gonz\u00e1lez, alias \u201cel Menchito\u201d \u2015uno de los l\u00edderes del poderoso Cartel Jalisco Nueva Generaci\u00f3n\u2015, fue declarado este viernes culpable de conspiraci\u00f3n y uso de armas por un jurado federal de Estados Unidos, tras un juicio que dur\u00f3 dos semanas en la corte del Distrito de Columbia, inform\u00f3 en un comunicado el Departamento de Justicia.<\/p>\n<p>El comunicado agreg\u00f3 que, de acuerdo con pruebas y documentos mostrados en el juicio, Oseguera Gonz\u00e1lez lider\u00f3 durante 10 a\u00f1os (entre 2007 y 2017) una \u201corganizaci\u00f3n criminal internacional responsable de importar grandes cantidades de metanfetamina y coca\u00edna desde M\u00e9xico a Estados Unidos\u201d.<\/p>\n<p>\u201cOseguera Gonz\u00e1lez utiliz\u00f3 personalmente armas de fuego, artefactos destructivos, y cometi\u00f3 asesinatos y secuestros para controlar la organizaci\u00f3n de tr\u00e1fico de drogas\u201d, se\u00f1al\u00f3 el comunicado, donde se identifica a Oseguera Gonz\u00e1lez como el segundo al mando del violento cartel, uno de los m\u00e1s grandes de M\u00e9xico.<\/p>\n<p>El C\u00e1rtel Jalisco Nueva Generaci\u00f3n, \u00bfrepresenta una amenaza para la seguridad nacional de Estados Unidos?<\/p>\n<p>Oseguera Gonz\u00e1lez enfrentar\u00e1 una pena de entre 40 a\u00f1os de prisi\u00f3n y cadena perpetua. Se espera que un juez dicte la sentencia en enero pr\u00f3ximo.<\/p>\n<p>Oseguera Gonz\u00e1lez, quien fue detenido en 2015 en M\u00e9xico y extraditado a Estados Unidos en 2020, es hijo de Nemesio Oseguera Hern\u00e1ndez, \u201cel Mencho\u201d, presunto fundador y l\u00edder del Cartel Jalisco Nueva Generaci\u00f3n y buscado por las autoridades estadounidenses por tr\u00e1fico de drogas a EE.UU., entre ellas fentanilo.<\/p>\n<p>La Administraci\u00f3n de Control de Drogas de Estados Unidos (DEA, por sus siglas en ingl\u00e9s) ofrece una recompensa de US$ 10 millones por informaci\u00f3n que conduzca a su detenci\u00f3n.<\/p>\n<p>The-CNN-Wire<br \/>&trade; &amp; &copy; 2024 Cable News Network, Inc., a Warner Bros. Discovery Company. All rights reserved.<\/p>\n","protected":false},"excerpt":{"rendered":"<p>(CNN Espa\u00f1ol) &#8212;\u00a0Rub\u00e9n Oseguera Gonz\u00e1lez, alias \u201cel Menchito\u201d \u2015uno de los l\u00edderes del poderoso Cartel Jalisco Nueva Generaci\u00f3n\u2015, fue declarado este viernes culpable de conspiraci\u00f3n y uso de armas por un jurado federal de Estados Unidos, tras un juicio que dur\u00f3 dos semanas en la corte del Distrito de Columbia, inform\u00f3 en un comunicado el [&hellip;]<\/p>\n","protected":false},"author":0,"featured_media":0,"comment_status":"open","ping_status":"open","sticky":false,"template":"","format":"standard","meta":{"_jetpack_memberships_contains_paid_content":false,"footnotes":""},"categories":[10],"tags":[],"class_list":["post-1452903","post","type-post","status-publish","format-standard","hentry","category-noticias-nacionales","market-global"],"yoast_head":"<!-- This site is optimized with the Yoast SEO plugin v24.4 - https:\/\/yoast.com\/wordpress\/plugins\/seo\/ -->\n<title>Justicia de EE.UU. declara culpable al Menchito, uno de los l\u00edderes del C\u00e1rtel Jalisco Nueva Generaci\u00f3n - Noticias<\/title>\n<meta name=\"robots\" content=\"index, follow, max-snippet:-1, max-image-preview:large, max-video-preview:-1\" \/>\n<link rel=\"canonical\" href=\"https:\/\/noticiasya.com\/2024\/09\/20\/declaran-culpable-menchito-cartel-jalisco-nueva-generacion-orix\/\" \/>\n<meta property=\"og:locale\" content=\"es_ES\" \/>\n<meta property=\"og:type\" content=\"article\" \/>\n<meta property=\"og:title\" content=\"Justicia de EE.UU. declara culpable al Menchito, uno de los l\u00edderes del C\u00e1rtel Jalisco Nueva Generaci\u00f3n - Noticias\" \/>\n<meta property=\"og:description\" content=\"(CNN Espa\u00f1ol) &#8212;\u00a0Rub\u00e9n Oseguera Gonz\u00e1lez, alias \u201cel Menchito\u201d \u2015uno de los l\u00edderes del poderoso Cartel Jalisco Nueva Generaci\u00f3n\u2015, fue declarado este viernes culpable de conspiraci\u00f3n y uso de armas por un jurado federal de Estados Unidos, tras un juicio que dur\u00f3 dos semanas en la corte del Distrito de Columbia, inform\u00f3 en un comunicado el [&hellip;]\" \/>\n<meta property=\"og:url\" content=\"https:\/\/noticiasya.com\/2024\/09\/20\/declaran-culpable-menchito-cartel-jalisco-nueva-generacion-orix\/\" \/>\n<meta property=\"og:site_name\" content=\"Noticias\" \/>\n<meta property=\"article:published_time\" content=\"2024-09-21T02:03:52+00:00\" \/>\n<meta name=\"twitter:card\" content=\"summary_large_image\" \/>\n<meta name=\"twitter:label1\" content=\"Est. reading time\" \/>\n\t<meta name=\"twitter:data1\" content=\"2 minutos\" \/>\n<script type=\"application\/ld+json\" class=\"yoast-schema-graph\">{\"@context\":\"https:\/\/schema.org\",\"@graph\":[{\"@type\":\"Article\",\"@id\":\"https:\/\/noticiasya.com\/2024\/09\/20\/declaran-culpable-menchito-cartel-jalisco-nueva-generacion-orix\/#article\",\"isPartOf\":{\"@id\":\"https:\/\/noticiasya.com\/2024\/09\/20\/declaran-culpable-menchito-cartel-jalisco-nueva-generacion-orix\/\"},\"author\":{\"name\":\"\",\"@id\":\"\"},\"headline\":\"Justicia de EE.UU. declara culpable al Menchito, uno de los l\u00edderes del C\u00e1rtel Jalisco Nueva Generaci\u00f3n\",\"datePublished\":\"2024-09-21T02:03:52+00:00\",\"mainEntityOfPage\":{\"@id\":\"https:\/\/noticiasya.com\/2024\/09\/20\/declaran-culpable-menchito-cartel-jalisco-nueva-generacion-orix\/\"},\"wordCount\":328,\"commentCount\":0,\"publisher\":{\"@id\":\"https:\/\/noticiasya.com\/#organization\"},\"articleSection\":[\"Noticias Nacionales\"],\"inLanguage\":\"es\",\"potentialAction\":[{\"@type\":\"CommentAction\",\"name\":\"Comment\",\"target\":[\"https:\/\/noticiasya.com\/2024\/09\/20\/declaran-culpable-menchito-cartel-jalisco-nueva-generacion-orix\/#respond\"]}]},{\"@type\":\"WebPage\",\"@id\":\"https:\/\/noticiasya.com\/2024\/09\/20\/declaran-culpable-menchito-cartel-jalisco-nueva-generacion-orix\/\",\"url\":\"https:\/\/noticiasya.com\/2024\/09\/20\/declaran-culpable-menchito-cartel-jalisco-nueva-generacion-orix\/\",\"name\":\"Justicia de EE.UU. declara culpable al Menchito, uno de los l\u00edderes del C\u00e1rtel Jalisco Nueva Generaci\u00f3n - Noticias\",\"isPartOf\":{\"@id\":\"https:\/\/noticiasya.com\/#website\"},\"datePublished\":\"2024-09-21T02:03:52+00:00\",\"breadcrumb\":{\"@id\":\"https:\/\/noticiasya.com\/2024\/09\/20\/declaran-culpable-menchito-cartel-jalisco-nueva-generacion-orix\/#breadcrumb\"},\"inLanguage\":\"es\",\"potentialAction\":[{\"@type\":\"ReadAction\",\"target\":[\"https:\/\/noticiasya.com\/2024\/09\/20\/declaran-culpable-menchito-cartel-jalisco-nueva-generacion-orix\/\"]}]},{\"@type\":\"BreadcrumbList\",\"@id\":\"https:\/\/noticiasya.com\/2024\/09\/20\/declaran-culpable-menchito-cartel-jalisco-nueva-generacion-orix\/#breadcrumb\",\"itemListElement\":[{\"@type\":\"ListItem\",\"position\":1,\"name\":\"Home\",\"item\":\"https:\/\/noticiasya.com\/\"},{\"@type\":\"ListItem\",\"position\":2,\"name\":\"Justicia de EE.UU. declara culpable al Menchito, uno de los l\u00edderes del C\u00e1rtel Jalisco Nueva Generaci\u00f3n\"}]},{\"@type\":\"WebSite\",\"@id\":\"https:\/\/noticiasya.com\/#website\",\"url\":\"https:\/\/noticiasya.com\/\",\"name\":\"Noticias\",\"description\":\"Lo que importa\",\"publisher\":{\"@id\":\"https:\/\/noticiasya.com\/#organization\"},\"potentialAction\":[{\"@type\":\"SearchAction\",\"target\":{\"@type\":\"EntryPoint\",\"urlTemplate\":\"https:\/\/noticiasya.com\/?s={search_term_string}\"},\"query-input\":{\"@type\":\"PropertyValueSpecification\",\"valueRequired\":true,\"valueName\":\"search_term_string\"}}],\"inLanguage\":\"es\"},{\"@type\":\"Organization\",\"@id\":\"https:\/\/noticiasya.com\/#organization\",\"name\":\"Noticias\",\"url\":\"https:\/\/noticiasya.com\/\",\"logo\":{\"@type\":\"ImageObject\",\"inLanguage\":\"es\",\"@id\":\"https:\/\/noticiasya.com\/#\/schema\/logo\/image\/\",\"url\":\"https:\/\/noticiasya.com\/wp-content\/uploads\/sites\/22\/2023\/12\/logo-nacional.png\",\"contentUrl\":\"https:\/\/noticiasya.com\/wp-content\/uploads\/sites\/22\/2023\/12\/logo-nacional.png\",\"width\":1801,\"height\":691,\"caption\":\"Noticias\"},\"image\":{\"@id\":\"https:\/\/noticiasya.com\/#\/schema\/logo\/image\/\"}}]}<\/script>\n<!-- \/ Yoast SEO plugin. -->","yoast_head_json":{"title":"Justicia de EE.UU. declara culpable al Menchito, uno de los l\u00edderes del C\u00e1rtel Jalisco Nueva Generaci\u00f3n - Noticias","robots":{"index":"index","follow":"follow","max-snippet":"max-snippet:-1","max-image-preview":"max-image-preview:large","max-video-preview":"max-video-preview:-1"},"canonical":"https:\/\/noticiasya.com\/2024\/09\/20\/declaran-culpable-menchito-cartel-jalisco-nueva-generacion-orix\/","og_locale":"es_ES","og_type":"article","og_title":"Justicia de EE.UU. declara culpable al Menchito, uno de los l\u00edderes del C\u00e1rtel Jalisco Nueva Generaci\u00f3n - Noticias","og_description":"(CNN Espa\u00f1ol) &#8212;\u00a0Rub\u00e9n Oseguera Gonz\u00e1lez, alias \u201cel Menchito\u201d \u2015uno de los l\u00edderes del poderoso Cartel Jalisco Nueva Generaci\u00f3n\u2015, fue declarado este viernes culpable de conspiraci\u00f3n y uso de armas por un jurado federal de Estados Unidos, tras un juicio que dur\u00f3 dos semanas en la corte del Distrito de Columbia, inform\u00f3 en un comunicado el [&hellip;]","og_url":"https:\/\/noticiasya.com\/2024\/09\/20\/declaran-culpable-menchito-cartel-jalisco-nueva-generacion-orix\/","og_site_name":"Noticias","article_published_time":"2024-09-21T02:03:52+00:00","twitter_card":"summary_large_image","twitter_misc":{"Est. reading time":"2 minutos"},"schema":{"@context":"https:\/\/schema.org","@graph":[{"@type":"Article","@id":"https:\/\/noticiasya.com\/2024\/09\/20\/declaran-culpable-menchito-cartel-jalisco-nueva-generacion-orix\/#article","isPartOf":{"@id":"https:\/\/noticiasya.com\/2024\/09\/20\/declaran-culpable-menchito-cartel-jalisco-nueva-generacion-orix\/"},"author":{"name":"","@id":""},"headline":"Justicia de EE.UU. declara culpable al Menchito, uno de los l\u00edderes del C\u00e1rtel Jalisco Nueva Generaci\u00f3n","datePublished":"2024-09-21T02:03:52+00:00","mainEntityOfPage":{"@id":"https:\/\/noticiasya.com\/2024\/09\/20\/declaran-culpable-menchito-cartel-jalisco-nueva-generacion-orix\/"},"wordCount":328,"commentCount":0,"publisher":{"@id":"https:\/\/noticiasya.com\/#organization"},"articleSection":["Noticias Nacionales"],"inLanguage":"es","potentialAction":[{"@type":"CommentAction","name":"Comment","target":["https:\/\/noticiasya.com\/2024\/09\/20\/declaran-culpable-menchito-cartel-jalisco-nueva-generacion-orix\/#respond"]}]},{"@type":"WebPage","@id":"https:\/\/noticiasya.com\/2024\/09\/20\/declaran-culpable-menchito-cartel-jalisco-nueva-generacion-orix\/","url":"https:\/\/noticiasya.com\/2024\/09\/20\/declaran-culpable-menchito-cartel-jalisco-nueva-generacion-orix\/","name":"Justicia de EE.UU. declara culpable al Menchito, uno de los l\u00edderes del C\u00e1rtel Jalisco Nueva Generaci\u00f3n - Noticias","isPartOf":{"@id":"https:\/\/noticiasya.com\/#website"},"datePublished":"2024-09-21T02:03:52+00:00","breadcrumb":{"@id":"https:\/\/noticiasya.com\/2024\/09\/20\/declaran-culpable-menchito-cartel-jalisco-nueva-generacion-orix\/#breadcrumb"},"inLanguage":"es","potentialAction":[{"@type":"ReadAction","target":["https:\/\/noticiasya.com\/2024\/09\/20\/declaran-culpable-menchito-cartel-jalisco-nueva-generacion-orix\/"]}]},{"@type":"BreadcrumbList","@id":"https:\/\/noticiasya.com\/2024\/09\/20\/declaran-culpable-menchito-cartel-jalisco-nueva-generacion-orix\/#breadcrumb","itemListElement":[{"@type":"ListItem","position":1,"name":"Home","item":"https:\/\/noticiasya.com\/"},{"@type":"ListItem","position":2,"name":"Justicia de EE.UU. declara culpable al Menchito, uno de los l\u00edderes del C\u00e1rtel Jalisco Nueva Generaci\u00f3n"}]},{"@type":"WebSite","@id":"https:\/\/noticiasya.com\/#website","url":"https:\/\/noticiasya.com\/","name":"Noticias","description":"Lo que importa","publisher":{"@id":"https:\/\/noticiasya.com\/#organization"},"potentialAction":[{"@type":"SearchAction","target":{"@type":"EntryPoint","urlTemplate":"https:\/\/noticiasya.com\/?s={search_term_string}"},"query-input":{"@type":"PropertyValueSpecification","valueRequired":true,"valueName":"search_term_string"}}],"inLanguage":"es"},{"@type":"Organization","@id":"https:\/\/noticiasya.com\/#organization","name":"Noticias","url":"https:\/\/noticiasya.com\/","logo":{"@type":"ImageObject","inLanguage":"es","@id":"https:\/\/noticiasya.com\/#\/schema\/logo\/image\/","url":"https:\/\/noticiasya.com\/wp-content\/uploads\/sites\/22\/2023\/12\/logo-nacional.png","contentUrl":"https:\/\/noticiasya.com\/wp-content\/uploads\/sites\/22\/2023\/12\/logo-nacional.png","width":1801,"height":691,"caption":"Noticias"},"image":{"@id":"https:\/\/noticiasya.com\/#\/schema\/logo\/image\/"}}]}},"parsely":{"version":"1.1.0","canonical_url":"https:\/\/noticiasya.com\/el-valle\/2024\/09\/20\/declaran-culpable-menchito-cartel-jalisco-nueva-generacion-orix\/","smart_links":{"inbound":0,"outbound":0},"traffic_boost_suggestions_count":0,"meta":{"@context":"https:\/\/schema.org","@type":"NewsArticle","headline":"Justicia de EE.UU. declara culpable al Menchito, uno de los l\u00edderes del C\u00e1rtel Jalisco Nueva Generaci\u00f3n","url":"http:\/\/noticiasya.com\/el-valle\/2024\/09\/20\/declaran-culpable-menchito-cartel-jalisco-nueva-generacion-orix\/","mainEntityOfPage":{"@type":"WebPage","@id":"http:\/\/noticiasya.com\/el-valle\/2024\/09\/20\/declaran-culpable-menchito-cartel-jalisco-nueva-generacion-orix\/"},"thumbnailUrl":"","image":{"@type":"ImageObject","url":""},"articleSection":"Noticias Nacionales","author":[],"creator":[],"publisher":{"@type":"Organization","name":"Noticias","logo":""},"keywords":[],"dateCreated":"2024-09-21T02:03:52Z","datePublished":"2024-09-21T02:03:52Z","dateModified":"2024-09-21T02:03:52Z"},"rendered":"<script type=\"application\/ld+json\" class=\"wp-parsely-metadata\">{\"@context\":\"https:\\\/\\\/schema.org\",\"@type\":\"NewsArticle\",\"headline\":\"Justicia de EE.UU. declara culpable al Menchito, uno de los l\\u00edderes del C\\u00e1rtel Jalisco Nueva Generaci\\u00f3n\",\"url\":\"http:\\\/\\\/noticiasya.com\\\/el-valle\\\/2024\\\/09\\\/20\\\/declaran-culpable-menchito-cartel-jalisco-nueva-generacion-orix\\\/\",\"mainEntityOfPage\":{\"@type\":\"WebPage\",\"@id\":\"http:\\\/\\\/noticiasya.com\\\/el-valle\\\/2024\\\/09\\\/20\\\/declaran-culpable-menchito-cartel-jalisco-nueva-generacion-orix\\\/\"},\"thumbnailUrl\":\"\",\"image\":{\"@type\":\"ImageObject\",\"url\":\"\"},\"articleSection\":\"Noticias Nacionales\",\"author\":[],\"creator\":[],\"publisher\":{\"@type\":\"Organization\",\"name\":\"Noticias\",\"logo\":\"\"},\"keywords\":[],\"dateCreated\":\"2024-09-21T02:03:52Z\",\"datePublished\":\"2024-09-21T02:03:52Z\",\"dateModified\":\"2024-09-21T02:03:52Z\"}<\/script>","tracker_url":"https:\/\/cdn.parsely.com\/keys\/noticiasya.com\/p.js"},"jetpack_featured_media_url":"","jetpack-related-posts":[{"id":1459649,"url":"https:\/\/noticiasya.com\/el-valle\/2025\/03\/07\/quien-es-ruben-oseguera-gonzalez-alias-el-menchito-orix\/","url_meta":{"origin":1452903,"position":0},"title":"\u00bfQui\u00e9n es Rub\u00e9n Oseguera Gonz\u00e1lez, alias el Menchito?","author":"","date":"marzo 7, 2025","format":false,"excerpt":"Rub\u00e9n Oseguera Gonz\u00e1lez, conocido como el Menchito, uno de los l\u00edderes del poderoso c\u00e1rtel mexicano Jalisco Nueva Generaci\u00f3n, fue condenado este viernes a cadena perpetua por tr\u00e1fico de drogas y armas, inform\u00f3 EFE.La condena fue dictada por la jueza Beryl A. Howell, luego de que Oseguera Gonz\u00e1lez, fuera declarado culpable\u2026","rel":"","context":"In &quot;Noticias Nacionales&quot;","block_context":{"text":"Noticias Nacionales","link":"https:\/\/noticiasya.com\/el-valle\/categoria\/noticias-nacionales"},"img":{"alt_text":"","src":"","width":0,"height":0},"classes":[]},{"id":1471655,"url":"https:\/\/noticiasya.com\/el-valle\/2026\/02\/25\/mujeres-cartel-jalisco-cjng-mencho-orix\/","url_meta":{"origin":1452903,"position":1},"title":"De &#171;parejas sentimentales&#187; a figuras clave en el cartel: las mujeres en el c\u00edrculo cercano del Mencho","author":"","date":"febrero 25, 2026","format":false,"excerpt":"Nemesio Oseguera Cervantes, alias el Mencho, fue por mucho tiempo uno de los capos del narcotr\u00e1fico m\u00e1s buscados por M\u00e9xico y Estados Unidos, y el l\u00edder del poderoso Cartel Jalisco Nueva Generaci\u00f3n (CJNG). Sin embargo, un operativo militar del Gobierno de mexicano para capturarlo termin\u00f3 en su muerte el domingo.\u2026","rel":"","context":"In &quot;Noticias Nacionales&quot;","block_context":{"text":"Noticias Nacionales","link":"https:\/\/noticiasya.com\/el-valle\/categoria\/noticias-nacionales"},"img":{"alt_text":"","src":"","width":0,"height":0},"classes":[]},{"id":1448663,"url":"https:\/\/noticiasya.com\/el-valle\/2024\/04\/29\/don-rodo-mexico-cartel-jalisco-liberan-orix\/","url_meta":{"origin":1452903,"position":2},"title":"Liberan en M\u00e9xico a &#171;Don Rodo&#187;, hermano del l\u00edder del Cartel Jalisco Nueva Generaci\u00f3n","author":"","date":"abril 29, 2024","format":false,"excerpt":"(CNN Espa\u00f1ol) -- Un juez de Distrito del Centro de Justicia Penal Federal en el Estado de M\u00e9xico dispuso este domingo la libertad de Abraham Oseguera Cervantes, \u201cDon Rodo\u201d, hermano del l\u00edder del Cartel de Jalisco Nueva Generaci\u00f3n, Nemesio Oseguera, inform\u00f3 en un comunicado el Consejo de la Judicatura Federal.El\u2026","rel":"","context":"In &quot;Noticias Nacionales&quot;","block_context":{"text":"Noticias Nacionales","link":"https:\/\/noticiasya.com\/el-valle\/categoria\/noticias-nacionales"},"img":{"alt_text":"","src":"","width":0,"height":0},"classes":[]},{"id":1456263,"url":"https:\/\/noticiasya.com\/el-valle\/2024\/12\/04\/ee-uu-usd-15-millones-recompensa-captura-mencho-cjng-orix\/","url_meta":{"origin":1452903,"position":3},"title":"EE.UU. aumenta a US$ 15 millones la recompensa por la captura del &#171;Mencho&#187;, l\u00edder del C\u00e1rtel Jalisco Nueva Generaci\u00f3n","author":"","date":"diciembre 4, 2024","format":false,"excerpt":"El Departamento de Estado de Estados Unidos anunci\u00f3 este mi\u00e9rcoles que aument\u00f3 a US$ 15 millones la recompensa por informaci\u00f3n que conduzca a la captura y condena de Nemesio Rub\u00e9n Oseguera Cervantes, alias \u201cEl Mencho\u201d, presunto cofundador y l\u00edder del C\u00e1rtel Jalisco Nueva Generaci\u00f3n (CJNG), banda criminal se\u00f1alada por el\u2026","rel":"","context":"In &quot;Noticias Nacionales&quot;","block_context":{"text":"Noticias Nacionales","link":"https:\/\/noticiasya.com\/el-valle\/categoria\/noticias-nacionales"},"img":{"alt_text":"","src":"","width":0,"height":0},"classes":[]},{"id":1472595,"url":"https:\/\/noticiasya.com\/el-valle\/2026\/03\/26\/argentina-declara-grupo-terrorista-cartel-jalisco-nueva-generacion-efe\/","url_meta":{"origin":1452903,"position":4},"title":"Gobierno de Argentina declara grupo terrorista al Cartel de Jalisco Nueva Generaci\u00f3n de M\u00e9xico","author":"","date":"marzo 26, 2026","format":false,"excerpt":"El Gobierno de Argentina declar\u00f3 al Cartel Jalisco Nueva Generaci\u00f3n (CJNG) de M\u00e9xico como grupo terrorista, seg\u00fan un comunicado publicado este jueves por la oficina del presidente Javier Milei.\u201cLa Oficina del Presidente informa que el Gobierno Nacional ha declarado al Cartel de Jalisco Nueva Generaci\u00f3n (CING) como organizaci\u00f3n terrorista\u201d, dice\u2026","rel":"","context":"In &quot;Noticias Nacionales&quot;","block_context":{"text":"Noticias Nacionales","link":"https:\/\/noticiasya.com\/el-valle\/categoria\/noticias-nacionales"},"img":{"alt_text":"","src":"","width":0,"height":0},"classes":[]},{"id":1471543,"url":"https:\/\/noticiasya.com\/el-valle\/2026\/02\/22\/quien-era-el-mencho-expolicia-liderar-cjng-violentos-mexico-orix\/","url_meta":{"origin":1452903,"position":5},"title":"\u00bfQui\u00e9n era El Mencho, el expolic\u00eda que avanz\u00f3 en el crimen hasta liderar uno de los carteles m\u00e1s violentos de M\u00e9xico?","author":"","date":"febrero 22, 2026","format":false,"excerpt":"Nemesio \u201cEl Mencho\u201d Oseguera Cervantes, que muri\u00f3 este domingo en un operativo militar en Jalisco, era el temido l\u00edder narco y estaba considerado por las autoridades como el fundador y l\u00edder del C\u00e1rtel Jalisco Nueva Generaci\u00f3n (CJNG), uno de los grupos criminales m\u00e1s violentos de M\u00e9xico. Durante a\u00f1os, fue uno\u2026","rel":"","context":"In &quot;Noticias Nacionales&quot;","block_context":{"text":"Noticias Nacionales","link":"https:\/\/noticiasya.com\/el-valle\/categoria\/noticias-nacionales"},"img":{"alt_text":"","src":"","width":0,"height":0},"classes":[]}],"jetpack_sharing_enabled":true,"_links":{"self":[{"href":"https:\/\/noticiasya.com\/el-valle\/wp-json\/wp\/v2\/posts\/1452903","targetHints":{"allow":["GET"]}}],"collection":[{"href":"https:\/\/noticiasya.com\/el-valle\/wp-json\/wp\/v2\/posts"}],"about":[{"href":"https:\/\/noticiasya.com\/el-valle\/wp-json\/wp\/v2\/types\/post"}],"replies":[{"embeddable":true,"href":"https:\/\/noticiasya.com\/el-valle\/wp-json\/wp\/v2\/comments?post=1452903"}],"version-history":[{"count":0,"href":"https:\/\/noticiasya.com\/el-valle\/wp-json\/wp\/v2\/posts\/1452903\/revisions"}],"wp:attachment":[{"href":"https:\/\/noticiasya.com\/el-valle\/wp-json\/wp\/v2\/media?parent=1452903"}],"wp:term":[{"taxonomy":"category","embeddable":true,"href":"https:\/\/noticiasya.com\/el-valle\/wp-json\/wp\/v2\/categories?post=1452903"},{"taxonomy":"post_tag","embeddable":true,"href":"https:\/\/noticiasya.com\/el-valle\/wp-json\/wp\/v2\/tags?post=1452903"}],"curies":[{"name":"wp","href":"https:\/\/api.w.org\/{rel}","templated":true}]}}