{"id":1453280,"date":"2024-10-02T06:03:44","date_gmt":"2024-10-02T13:03:44","guid":{"rendered":"https:\/\/noticiasya.com\/2024\/10\/02\/maria-corina-machado-no-se-va-venezuela-orix\/"},"modified":"2024-10-02T06:03:44","modified_gmt":"2024-10-02T13:03:44","slug":"maria-corina-machado-no-se-va-venezuela-orix","status":"publish","type":"post","link":"https:\/\/noticiasya.com\/el-valle\/2024\/10\/02\/maria-corina-machado-no-se-va-venezuela-orix\/","title":{"rendered":"Mar\u00eda Corina Machado asegura que no se va de Venezuela luego de que Maduro especulara con una supuesta salida"},"content":{"rendered":"<p>(CNN Espa\u00f1ol) &#8212; La l\u00edder opositora venezolana Mar\u00eda Corina Machado asegur\u00f3 que no tiene planes para salir del pa\u00eds, luego de que el s\u00e1bado el presidente Nicol\u00e1s Maduro dijera, sin pruebas, que la exdiputada \u201cest\u00e1 preparando maletas\u201d para dejar territorio venezolano.<\/p>\n<p>\u201cAqu\u00ed seguimos de frente con los venezolanos, cerca, a pesar de las circunstancias\u201d, se\u00f1al\u00f3 este lunes durante una conferencia virtual con la Asociaci\u00f3n de Prensa Extranjera (APV) de Venezuela.<\/p>\n<p>Dos meses despu\u00e9s de las controversiales elecciones, Nicol\u00e1s Maduro critica la salida de Edmundo Gonz\u00e1lez y sugiere sin pruebas que Mar\u00eda Corina Machado abandonar\u00e1 Venezuela<\/p>\n<p>Machado asegura que el candidato presidencial de la mayor\u00eda opositora Edmundo Gonz\u00e1lez Urrutia \u201cva a juramentarse el 10 de enero\u201d. Tras denunciar que fue coaccionado por las autoridades venezolanas, Gonz\u00e1lez Urrutia viaj\u00f3 a inicios de mes a Espa\u00f1a, donde recibi\u00f3 asilo y desde donde ha insistido en que defender\u00e1 lo que para la oposici\u00f3n fue su victoria en las pasadas elecciones, contrario a los anuncios que dieron el triunfo a Maduro, aunque sin publicar resultados por centro y mesa de votaci\u00f3n.<\/p>\n<p>Mientras que aliados de Maduro como Bolivia, Cuba, Nicaragua y Honduras han reconocido su victoria en las elecciones del 28 de julio, hay pa\u00edses como Espa\u00f1a, Brasil y Colombia que han insistido en que las autoridades deben presentar los resultados desglosados. Otros gobiernos como Estados Unidos y Argentina, as\u00ed como el Parlamento Europeo consideran a Gonz\u00e1lez Urrutia ganador de los comicios, con base en m\u00e1s del 80% de las actas que la oposici\u00f3n public\u00f3 en internet.<\/p>\n<p>Machado reiter\u00f3 que la lucha por la libertad en Venezuela cuenta con el apoyo del mundo.<\/p>\n<p>\u201cVenezuela es la prioridad en materia de seguridad hemisf\u00e9rica y de derechos humanos en Occidente\u201d, agreg\u00f3.<\/p>\n<p>The-CNN-Wire<br \/>&trade; &amp; &copy; 2024 Cable News Network, Inc., a Warner Bros. Discovery Company. All rights reserved.<\/p>\n","protected":false},"excerpt":{"rendered":"<p>(CNN Espa\u00f1ol) &#8212; La l\u00edder opositora venezolana Mar\u00eda Corina Machado asegur\u00f3 que no tiene planes para salir del pa\u00eds, luego de que el s\u00e1bado el presidente Nicol\u00e1s Maduro dijera, sin pruebas, que la exdiputada \u201cest\u00e1 preparando maletas\u201d para dejar territorio venezolano. \u201cAqu\u00ed seguimos de frente con los venezolanos, cerca, a pesar de las circunstancias\u201d, se\u00f1al\u00f3 [&hellip;]<\/p>\n","protected":false},"author":0,"featured_media":0,"comment_status":"open","ping_status":"open","sticky":false,"template":"","format":"standard","meta":{"_jetpack_memberships_contains_paid_content":false,"footnotes":""},"categories":[10],"tags":[],"class_list":["post-1453280","post","type-post","status-publish","format-standard","hentry","category-noticias-nacionales","market-global"],"yoast_head":"<!-- This site is optimized with the Yoast SEO plugin v24.4 - https:\/\/yoast.com\/wordpress\/plugins\/seo\/ -->\n<title>Mar\u00eda Corina Machado asegura que no se va de Venezuela luego de que Maduro especulara con una supuesta salida - Noticias<\/title>\n<meta name=\"robots\" content=\"index, follow, max-snippet:-1, max-image-preview:large, max-video-preview:-1\" \/>\n<link rel=\"canonical\" href=\"https:\/\/noticiasya.com\/2024\/10\/02\/maria-corina-machado-no-se-va-venezuela-orix\/\" \/>\n<meta property=\"og:locale\" content=\"es_ES\" \/>\n<meta property=\"og:type\" content=\"article\" \/>\n<meta property=\"og:title\" content=\"Mar\u00eda Corina Machado asegura que no se va de Venezuela luego de que Maduro especulara con una supuesta salida - Noticias\" \/>\n<meta property=\"og:description\" content=\"(CNN Espa\u00f1ol) &#8212; La l\u00edder opositora venezolana Mar\u00eda Corina Machado asegur\u00f3 que no tiene planes para salir del pa\u00eds, luego de que el s\u00e1bado el presidente Nicol\u00e1s Maduro dijera, sin pruebas, que la exdiputada \u201cest\u00e1 preparando maletas\u201d para dejar territorio venezolano. \u201cAqu\u00ed seguimos de frente con los venezolanos, cerca, a pesar de las circunstancias\u201d, se\u00f1al\u00f3 [&hellip;]\" \/>\n<meta property=\"og:url\" content=\"https:\/\/noticiasya.com\/2024\/10\/02\/maria-corina-machado-no-se-va-venezuela-orix\/\" \/>\n<meta property=\"og:site_name\" content=\"Noticias\" \/>\n<meta property=\"article:published_time\" content=\"2024-10-02T13:03:44+00:00\" \/>\n<meta name=\"twitter:card\" content=\"summary_large_image\" \/>\n<meta name=\"twitter:label1\" content=\"Est. reading time\" \/>\n\t<meta name=\"twitter:data1\" content=\"2 minutos\" \/>\n<script type=\"application\/ld+json\" class=\"yoast-schema-graph\">{\"@context\":\"https:\/\/schema.org\",\"@graph\":[{\"@type\":\"Article\",\"@id\":\"https:\/\/noticiasya.com\/2024\/10\/02\/maria-corina-machado-no-se-va-venezuela-orix\/#article\",\"isPartOf\":{\"@id\":\"https:\/\/noticiasya.com\/2024\/10\/02\/maria-corina-machado-no-se-va-venezuela-orix\/\"},\"author\":{\"name\":\"\",\"@id\":\"\"},\"headline\":\"Mar\u00eda Corina Machado asegura que no se va de Venezuela luego de que Maduro especulara con una supuesta salida\",\"datePublished\":\"2024-10-02T13:03:44+00:00\",\"mainEntityOfPage\":{\"@id\":\"https:\/\/noticiasya.com\/2024\/10\/02\/maria-corina-machado-no-se-va-venezuela-orix\/\"},\"wordCount\":341,\"commentCount\":0,\"publisher\":{\"@id\":\"https:\/\/noticiasya.com\/#organization\"},\"articleSection\":[\"Noticias Nacionales\"],\"inLanguage\":\"es\",\"potentialAction\":[{\"@type\":\"CommentAction\",\"name\":\"Comment\",\"target\":[\"https:\/\/noticiasya.com\/2024\/10\/02\/maria-corina-machado-no-se-va-venezuela-orix\/#respond\"]}]},{\"@type\":\"WebPage\",\"@id\":\"https:\/\/noticiasya.com\/2024\/10\/02\/maria-corina-machado-no-se-va-venezuela-orix\/\",\"url\":\"https:\/\/noticiasya.com\/2024\/10\/02\/maria-corina-machado-no-se-va-venezuela-orix\/\",\"name\":\"Mar\u00eda Corina Machado asegura que no se va de Venezuela luego de que Maduro especulara con una supuesta salida - Noticias\",\"isPartOf\":{\"@id\":\"https:\/\/noticiasya.com\/#website\"},\"datePublished\":\"2024-10-02T13:03:44+00:00\",\"breadcrumb\":{\"@id\":\"https:\/\/noticiasya.com\/2024\/10\/02\/maria-corina-machado-no-se-va-venezuela-orix\/#breadcrumb\"},\"inLanguage\":\"es\",\"potentialAction\":[{\"@type\":\"ReadAction\",\"target\":[\"https:\/\/noticiasya.com\/2024\/10\/02\/maria-corina-machado-no-se-va-venezuela-orix\/\"]}]},{\"@type\":\"BreadcrumbList\",\"@id\":\"https:\/\/noticiasya.com\/2024\/10\/02\/maria-corina-machado-no-se-va-venezuela-orix\/#breadcrumb\",\"itemListElement\":[{\"@type\":\"ListItem\",\"position\":1,\"name\":\"Home\",\"item\":\"https:\/\/noticiasya.com\/\"},{\"@type\":\"ListItem\",\"position\":2,\"name\":\"Mar\u00eda Corina Machado asegura que no se va de Venezuela luego de que Maduro especulara con una supuesta salida\"}]},{\"@type\":\"WebSite\",\"@id\":\"https:\/\/noticiasya.com\/#website\",\"url\":\"https:\/\/noticiasya.com\/\",\"name\":\"Noticias\",\"description\":\"Lo que importa\",\"publisher\":{\"@id\":\"https:\/\/noticiasya.com\/#organization\"},\"potentialAction\":[{\"@type\":\"SearchAction\",\"target\":{\"@type\":\"EntryPoint\",\"urlTemplate\":\"https:\/\/noticiasya.com\/?s={search_term_string}\"},\"query-input\":{\"@type\":\"PropertyValueSpecification\",\"valueRequired\":true,\"valueName\":\"search_term_string\"}}],\"inLanguage\":\"es\"},{\"@type\":\"Organization\",\"@id\":\"https:\/\/noticiasya.com\/#organization\",\"name\":\"Noticias\",\"url\":\"https:\/\/noticiasya.com\/\",\"logo\":{\"@type\":\"ImageObject\",\"inLanguage\":\"es\",\"@id\":\"https:\/\/noticiasya.com\/#\/schema\/logo\/image\/\",\"url\":\"https:\/\/noticiasya.com\/wp-content\/uploads\/sites\/22\/2023\/12\/logo-nacional.png\",\"contentUrl\":\"https:\/\/noticiasya.com\/wp-content\/uploads\/sites\/22\/2023\/12\/logo-nacional.png\",\"width\":1801,\"height\":691,\"caption\":\"Noticias\"},\"image\":{\"@id\":\"https:\/\/noticiasya.com\/#\/schema\/logo\/image\/\"}}]}<\/script>\n<!-- \/ Yoast SEO plugin. -->","yoast_head_json":{"title":"Mar\u00eda Corina Machado asegura que no se va de Venezuela luego de que Maduro especulara con una supuesta salida - Noticias","robots":{"index":"index","follow":"follow","max-snippet":"max-snippet:-1","max-image-preview":"max-image-preview:large","max-video-preview":"max-video-preview:-1"},"canonical":"https:\/\/noticiasya.com\/2024\/10\/02\/maria-corina-machado-no-se-va-venezuela-orix\/","og_locale":"es_ES","og_type":"article","og_title":"Mar\u00eda Corina Machado asegura que no se va de Venezuela luego de que Maduro especulara con una supuesta salida - Noticias","og_description":"(CNN Espa\u00f1ol) &#8212; La l\u00edder opositora venezolana Mar\u00eda Corina Machado asegur\u00f3 que no tiene planes para salir del pa\u00eds, luego de que el s\u00e1bado el presidente Nicol\u00e1s Maduro dijera, sin pruebas, que la exdiputada \u201cest\u00e1 preparando maletas\u201d para dejar territorio venezolano. \u201cAqu\u00ed seguimos de frente con los venezolanos, cerca, a pesar de las circunstancias\u201d, se\u00f1al\u00f3 [&hellip;]","og_url":"https:\/\/noticiasya.com\/2024\/10\/02\/maria-corina-machado-no-se-va-venezuela-orix\/","og_site_name":"Noticias","article_published_time":"2024-10-02T13:03:44+00:00","twitter_card":"summary_large_image","twitter_misc":{"Est. reading time":"2 minutos"},"schema":{"@context":"https:\/\/schema.org","@graph":[{"@type":"Article","@id":"https:\/\/noticiasya.com\/2024\/10\/02\/maria-corina-machado-no-se-va-venezuela-orix\/#article","isPartOf":{"@id":"https:\/\/noticiasya.com\/2024\/10\/02\/maria-corina-machado-no-se-va-venezuela-orix\/"},"author":{"name":"","@id":""},"headline":"Mar\u00eda Corina Machado asegura que no se va de Venezuela luego de que Maduro especulara con una supuesta salida","datePublished":"2024-10-02T13:03:44+00:00","mainEntityOfPage":{"@id":"https:\/\/noticiasya.com\/2024\/10\/02\/maria-corina-machado-no-se-va-venezuela-orix\/"},"wordCount":341,"commentCount":0,"publisher":{"@id":"https:\/\/noticiasya.com\/#organization"},"articleSection":["Noticias Nacionales"],"inLanguage":"es","potentialAction":[{"@type":"CommentAction","name":"Comment","target":["https:\/\/noticiasya.com\/2024\/10\/02\/maria-corina-machado-no-se-va-venezuela-orix\/#respond"]}]},{"@type":"WebPage","@id":"https:\/\/noticiasya.com\/2024\/10\/02\/maria-corina-machado-no-se-va-venezuela-orix\/","url":"https:\/\/noticiasya.com\/2024\/10\/02\/maria-corina-machado-no-se-va-venezuela-orix\/","name":"Mar\u00eda Corina Machado asegura que no se va de Venezuela luego de que Maduro especulara con una supuesta salida - Noticias","isPartOf":{"@id":"https:\/\/noticiasya.com\/#website"},"datePublished":"2024-10-02T13:03:44+00:00","breadcrumb":{"@id":"https:\/\/noticiasya.com\/2024\/10\/02\/maria-corina-machado-no-se-va-venezuela-orix\/#breadcrumb"},"inLanguage":"es","potentialAction":[{"@type":"ReadAction","target":["https:\/\/noticiasya.com\/2024\/10\/02\/maria-corina-machado-no-se-va-venezuela-orix\/"]}]},{"@type":"BreadcrumbList","@id":"https:\/\/noticiasya.com\/2024\/10\/02\/maria-corina-machado-no-se-va-venezuela-orix\/#breadcrumb","itemListElement":[{"@type":"ListItem","position":1,"name":"Home","item":"https:\/\/noticiasya.com\/"},{"@type":"ListItem","position":2,"name":"Mar\u00eda Corina Machado asegura que no se va de Venezuela luego de que Maduro especulara con una supuesta salida"}]},{"@type":"WebSite","@id":"https:\/\/noticiasya.com\/#website","url":"https:\/\/noticiasya.com\/","name":"Noticias","description":"Lo que importa","publisher":{"@id":"https:\/\/noticiasya.com\/#organization"},"potentialAction":[{"@type":"SearchAction","target":{"@type":"EntryPoint","urlTemplate":"https:\/\/noticiasya.com\/?s={search_term_string}"},"query-input":{"@type":"PropertyValueSpecification","valueRequired":true,"valueName":"search_term_string"}}],"inLanguage":"es"},{"@type":"Organization","@id":"https:\/\/noticiasya.com\/#organization","name":"Noticias","url":"https:\/\/noticiasya.com\/","logo":{"@type":"ImageObject","inLanguage":"es","@id":"https:\/\/noticiasya.com\/#\/schema\/logo\/image\/","url":"https:\/\/noticiasya.com\/wp-content\/uploads\/sites\/22\/2023\/12\/logo-nacional.png","contentUrl":"https:\/\/noticiasya.com\/wp-content\/uploads\/sites\/22\/2023\/12\/logo-nacional.png","width":1801,"height":691,"caption":"Noticias"},"image":{"@id":"https:\/\/noticiasya.com\/#\/schema\/logo\/image\/"}}]}},"parsely":{"version":"1.1.0","canonical_url":"https:\/\/noticiasya.com\/el-valle\/2024\/10\/02\/maria-corina-machado-no-se-va-venezuela-orix\/","smart_links":{"inbound":0,"outbound":0},"traffic_boost_suggestions_count":0,"meta":{"@context":"https:\/\/schema.org","@type":"NewsArticle","headline":"Mar\u00eda Corina Machado asegura que no se va de Venezuela luego de que Maduro especulara con una supuesta salida","url":"http:\/\/noticiasya.com\/el-valle\/2024\/10\/02\/maria-corina-machado-no-se-va-venezuela-orix\/","mainEntityOfPage":{"@type":"WebPage","@id":"http:\/\/noticiasya.com\/el-valle\/2024\/10\/02\/maria-corina-machado-no-se-va-venezuela-orix\/"},"thumbnailUrl":"","image":{"@type":"ImageObject","url":""},"articleSection":"Noticias Nacionales","author":[],"creator":[],"publisher":{"@type":"Organization","name":"Noticias","logo":""},"keywords":[],"dateCreated":"2024-10-02T13:03:44Z","datePublished":"2024-10-02T13:03:44Z","dateModified":"2024-10-02T13:03:44Z"},"rendered":"<script type=\"application\/ld+json\" class=\"wp-parsely-metadata\">{\"@context\":\"https:\\\/\\\/schema.org\",\"@type\":\"NewsArticle\",\"headline\":\"Mar\\u00eda Corina Machado asegura que no se va de Venezuela luego de que Maduro especulara con una supuesta salida\",\"url\":\"http:\\\/\\\/noticiasya.com\\\/el-valle\\\/2024\\\/10\\\/02\\\/maria-corina-machado-no-se-va-venezuela-orix\\\/\",\"mainEntityOfPage\":{\"@type\":\"WebPage\",\"@id\":\"http:\\\/\\\/noticiasya.com\\\/el-valle\\\/2024\\\/10\\\/02\\\/maria-corina-machado-no-se-va-venezuela-orix\\\/\"},\"thumbnailUrl\":\"\",\"image\":{\"@type\":\"ImageObject\",\"url\":\"\"},\"articleSection\":\"Noticias Nacionales\",\"author\":[],\"creator\":[],\"publisher\":{\"@type\":\"Organization\",\"name\":\"Noticias\",\"logo\":\"\"},\"keywords\":[],\"dateCreated\":\"2024-10-02T13:03:44Z\",\"datePublished\":\"2024-10-02T13:03:44Z\",\"dateModified\":\"2024-10-02T13:03:44Z\"}<\/script>","tracker_url":"https:\/\/cdn.parsely.com\/keys\/noticiasya.com\/p.js"},"jetpack_featured_media_url":"","jetpack-related-posts":[{"id":1455182,"url":"https:\/\/noticiasya.com\/el-valle\/2024\/10\/16\/machado-niega-huir-venezuela-orix\/","url_meta":{"origin":1453280,"position":0},"title":"Machado niega haber huido de Venezuela, como dijo Maduro","author":"","date":"octubre 16, 2024","format":false,"excerpt":"(CNN Espa\u00f1ol) --\u00a0La dirigente opositora venezolana Mar\u00eda Corina Machado neg\u00f3 haber huido de Venezuela, como dijo antes el presidente Nicol\u00e1s Maduro. \"Los venezolanos saben que estoy aqu\u00ed en Venezuela, la gente lo sabe y Nicol\u00e1s Maduro tambi\u00e9n lo sabe, lo que pasa es que est\u00e1n desesperados por saber d\u00f3nde estoy\u2026","rel":"","context":"In &quot;Noticias Nacionales&quot;","block_context":{"text":"Noticias Nacionales","link":"https:\/\/noticiasya.com\/el-valle\/categoria\/noticias-nacionales"},"img":{"alt_text":"","src":"","width":0,"height":0},"classes":[]},{"id":1453181,"url":"https:\/\/noticiasya.com\/el-valle\/2024\/09\/28\/maduro-venezuela-critica-edmundo-gonzalez-maria-corina-machado-orix\/","url_meta":{"origin":1453280,"position":1},"title":"Dos meses despu\u00e9s de las controversiales elecciones, Nicol\u00e1s Maduro critica la salida de Edmundo Gonz\u00e1lez y sugiere sin pruebas que Mar\u00eda Corina Machado abandonar\u00e1 Venezuela","author":"","date":"septiembre 28, 2024","format":false,"excerpt":"(CNN Espa\u00f1ol) -- El presidente de Venezuela, Nicol\u00e1s Maduro, critic\u00f3 este s\u00e1bado la salida a Espa\u00f1a del candidato presidencial opositor Edmundo Gonz\u00e1lez Urrutia y sugiri\u00f3, sin mayores explicaciones o pruebas, que Mar\u00eda Corina Machado podr\u00eda dejar el pa\u00eds.\"Y el cobarde de Edmundo Gonz\u00e1lez Urrutia huy\u00f3, se fue, claudic\u00f3, capitul\u00f3, abandon\u00f3\u2026","rel":"","context":"In &quot;Noticias Nacionales&quot;","block_context":{"text":"Noticias Nacionales","link":"https:\/\/noticiasya.com\/el-valle\/categoria\/noticias-nacionales"},"img":{"alt_text":"","src":"","width":0,"height":0},"classes":[]},{"id":1451478,"url":"https:\/\/noticiasya.com\/el-valle\/2024\/07\/28\/maria-corina-machado-edmundo-gonzalez-desconocen-triunfo-maduro-orix\/","url_meta":{"origin":1453280,"position":2},"title":"Mar\u00eda Corina Machado y Edmundo Gonz\u00e1lez: &#171;Esto es desconocer y violar la soberan\u00eda popular&#187;","author":"","date":"julio 28, 2024","format":false,"excerpt":"(CNN Espa\u00f1ol) -- La l\u00edder opositora venezolana Mar\u00eda Corina Machado y el candidato presidencial Edmundo Gonz\u00e1lez no reconocen la victoria, seg\u00fan el CNE, de Nicol\u00e1s Maduro en Venezuela.Tras el discurso de Nicol\u00e1s Maduro y despu\u00e9s de la conferencia del CNE, la excandidata habl\u00f3 en una rueda de prensa y dijo:\u2026","rel":"","context":"In &quot;Noticias Nacionales&quot;","block_context":{"text":"Noticias Nacionales","link":"https:\/\/noticiasya.com\/el-valle\/categoria\/noticias-nacionales"},"img":{"alt_text":"","src":"","width":0,"height":0},"classes":[]},{"id":1451552,"url":"https:\/\/noticiasya.com\/el-valle\/2024\/08\/01\/maria-corina-machado-limita-apariciones-publicas-persecucion-maduro-orix\/","url_meta":{"origin":1453280,"position":3},"title":"Mar\u00eda Corina Machado limita sus apariciones p\u00fablicas ante persecuci\u00f3n del Gobierno de Maduro","author":"","date":"agosto 1, 2024","format":false,"excerpt":"(CNN Espa\u00f1ol) --\u00a0La l\u00edder opositora Maria Corina Machado decidi\u00f3 limitar sus apariciones p\u00fablicas en vista de la persecuci\u00f3n iniciada por el Gobierno de Venezuela tras los controvertidos resultados de las elecciones presidenciales del domingo, confirm\u00f3 a CNN una fuente del equipo de campa\u00f1a de la exdiputada y fundadora del movimiento\u2026","rel":"","context":"In &quot;Noticias Nacionales&quot;","block_context":{"text":"Noticias Nacionales","link":"https:\/\/noticiasya.com\/el-valle\/categoria\/noticias-nacionales"},"img":{"alt_text":"","src":"","width":0,"height":0},"classes":[]},{"id":1451349,"url":"https:\/\/noticiasya.com\/el-valle\/2024\/07\/22\/maria-corina-machado-venezuela-elecciones-conclusiones-entrevista-conclu-orix\/","url_meta":{"origin":1453280,"position":4},"title":"Mar\u00eda Corina Machado en Conclusiones: Maduro ha hecho de su campa\u00f1a la violencia, es lo \u00fanico que le queda","author":"","date":"julio 22, 2024","format":false,"excerpt":"(CNN Espa\u00f1ol) -- Mar\u00eda Corina Machado asegur\u00f3 en Conclusiones de CNN con Fernando del Rinc\u00f3n que Nicol\u00e1s Maduro ha hecho de su campa\u00f1a la violencia debido a que es lo \u00fanico que le queda, pues el r\u00e9gimen se ha desgastado tanto que \"ya est\u00e1 derrotado\".La semana pasada, el presidente Nicol\u00e1s\u2026","rel":"","context":"In &quot;Noticias Nacionales&quot;","block_context":{"text":"Noticias Nacionales","link":"https:\/\/noticiasya.com\/el-valle\/categoria\/noticias-nacionales"},"img":{"alt_text":"","src":"","width":0,"height":0},"classes":[]},{"id":1457649,"url":"https:\/\/noticiasya.com\/el-valle\/2025\/01\/19\/maria-corina-machado-no-procede-participar-en-elecciones-orix\/","url_meta":{"origin":1453280,"position":5},"title":"Machado dice que &#171;No procede&#187; participar en elecciones hasta que no entre en vigor la victoria de Edmundo Gonz\u00e1lez","author":"","date":"enero 19, 2025","format":false,"excerpt":"La l\u00edder opositora venezolana Mar\u00eda Corina Machado dijo este domingo que \u201cno procede\u201d participar en m\u00e1s elecciones en ese pa\u00eds hasta que se acaten los resultados de las que, seg\u00fan la oposici\u00f3n, gan\u00f3 Edmundo Gonz\u00e1lez Urrutia.\u201cLas elecciones son para elegir y no para lavarle la cara a la tiran\u00eda\u201d, explic\u00f3\u2026","rel":"","context":"In &quot;Noticias Nacionales&quot;","block_context":{"text":"Noticias Nacionales","link":"https:\/\/noticiasya.com\/el-valle\/categoria\/noticias-nacionales"},"img":{"alt_text":"","src":"","width":0,"height":0},"classes":[]}],"jetpack_sharing_enabled":true,"_links":{"self":[{"href":"https:\/\/noticiasya.com\/el-valle\/wp-json\/wp\/v2\/posts\/1453280","targetHints":{"allow":["GET"]}}],"collection":[{"href":"https:\/\/noticiasya.com\/el-valle\/wp-json\/wp\/v2\/posts"}],"about":[{"href":"https:\/\/noticiasya.com\/el-valle\/wp-json\/wp\/v2\/types\/post"}],"replies":[{"embeddable":true,"href":"https:\/\/noticiasya.com\/el-valle\/wp-json\/wp\/v2\/comments?post=1453280"}],"version-history":[{"count":0,"href":"https:\/\/noticiasya.com\/el-valle\/wp-json\/wp\/v2\/posts\/1453280\/revisions"}],"wp:attachment":[{"href":"https:\/\/noticiasya.com\/el-valle\/wp-json\/wp\/v2\/media?parent=1453280"}],"wp:term":[{"taxonomy":"category","embeddable":true,"href":"https:\/\/noticiasya.com\/el-valle\/wp-json\/wp\/v2\/categories?post=1453280"},{"taxonomy":"post_tag","embeddable":true,"href":"https:\/\/noticiasya.com\/el-valle\/wp-json\/wp\/v2\/tags?post=1453280"}],"curies":[{"name":"wp","href":"https:\/\/api.w.org\/{rel}","templated":true}]}}