{"id":1454936,"date":"2024-10-04T05:03:43","date_gmt":"2024-10-04T12:03:43","guid":{"rendered":"https:\/\/noticiasya.com\/2024\/10\/04\/espana-ofrecera-nacionalidad-135-nicaraguenses-desterrados-guatemala-orix\/"},"modified":"2024-10-04T05:03:43","modified_gmt":"2024-10-04T12:03:43","slug":"espana-ofrecera-nacionalidad-135-nicaraguenses-desterrados-guatemala-orix","status":"publish","type":"post","link":"https:\/\/noticiasya.com\/el-valle\/2024\/10\/04\/espana-ofrecera-nacionalidad-135-nicaraguenses-desterrados-guatemala-orix\/","title":{"rendered":"Espa\u00f1a ofrecer\u00e1 la nacionalidad a los 135 nicarag\u00fcenses desterrados a Guatemala"},"content":{"rendered":"<p>(CNN Espa\u00f1ol) &#8212; El canciller espa\u00f1ol, Jos\u00e9 Manuel Albares, inform\u00f3 este viernes por la ma\u00f1ana en la Comisi\u00f3n de Asuntos Exteriores del Congreso de los Diputados que el Gobierno ofrecer\u00e1 la nacionalidad espa\u00f1ola a los 135 nicarag\u00fcenses que fueron desterrados y desnacionalizados a inicios del pasado mes de septiembre.<\/p>\n<p>\u201cEspa\u00f1a, con nuestra pol\u00edtica exterior actual, es y ser\u00e1 siempre hogar de nuestros hermanos latinoamericanos que defienden la libertad y la democracia\u201d, apunt\u00f3 el ministro en su intervenci\u00f3n.<\/p>\n<p>Una iniciativa que, tal y como record\u00f3 Albares, se une a la decisi\u00f3n tomada a inicios de 2023 cuando el Gobierno espa\u00f1ol decidi\u00f3 hacer lo propio para 222 presos pol\u00edticos nicarag\u00fcenses que corrieron la misma suerte.<\/p>\n<p>Una situaci\u00f3n que ahora tambi\u00e9n se extender\u00e1 a los \u201cfamiliares de primer grado en situaci\u00f3n de precariedad\u201d de est\u00e1s m\u00e1s de doscientas personas ya nacionalizadas, apunt\u00f3 Albares. \u201cNuestro compromiso con ellos es firme\u201d.<\/p>\n<p>Desnacionalizados y desterrados a Guatemala<\/p>\n<p>El Gobierno de Estados Unidos inform\u00f3 a inicios del pasado mes de septiembre que logr\u00f3 la liberaci\u00f3n por razones humanitarias de 135 personas en Nicaragua, a quienes considera presos pol\u00edticos.<\/p>\n<p>La Casa Blanca a\u00f1adi\u00f3 que entre los ciudadanos nicarag\u00fcenses liberados se encuentran 13 miembros de la organizaci\u00f3n Mountain Gateway, con sede en Texas, junto con laicos cat\u00f3licos, estudiantes y otras personas \u201ca quienes Daniel Ortega y Rosario Murillo consideran una amenaza para su r\u00e9gimen autoritario\u201d.<\/p>\n<p>Todos ellos perdieron la nacionalidad, tal y como confirm\u00f3 la Corte Suprema de Justicia de Nicaragua, dado que la autoridad judicial consider\u00f3 que promovieron \u201cla violencia, el odio, el terrorismo y la desestabilizaci\u00f3n econ\u00f3mica, alterando la paz, seguridad y el orden constitucional\u201d.<\/p>\n<p>Tras ser liberados, todos ellos volaron hacia Guatemala.<\/p>\n<p>El Gobierno de Daniel Ortega ha llevado adelante una dura represi\u00f3n particularmente en el periodo previo a las \u00faltimas elecciones en noviembre de 2021 con la encarcelaci\u00f3n de decenas de opositores y activistas.<\/p>\n<p>The-CNN-Wire<br \/>&trade; &amp; &copy; 2024 Cable News Network, Inc., a Warner Bros. Discovery Company. All rights reserved.<\/p>\n","protected":false},"excerpt":{"rendered":"<p>(CNN Espa\u00f1ol) &#8212; El canciller espa\u00f1ol, Jos\u00e9 Manuel Albares, inform\u00f3 este viernes por la ma\u00f1ana en la Comisi\u00f3n de Asuntos Exteriores del Congreso de los Diputados que el Gobierno ofrecer\u00e1 la nacionalidad espa\u00f1ola a los 135 nicarag\u00fcenses que fueron desterrados y desnacionalizados a inicios del pasado mes de septiembre. \u201cEspa\u00f1a, con nuestra pol\u00edtica exterior actual, [&hellip;]<\/p>\n","protected":false},"author":0,"featured_media":0,"comment_status":"open","ping_status":"open","sticky":false,"template":"","format":"standard","meta":{"_jetpack_memberships_contains_paid_content":false,"footnotes":""},"categories":[10],"tags":[],"class_list":["post-1454936","post","type-post","status-publish","format-standard","hentry","category-noticias-nacionales","market-global"],"yoast_head":"<!-- This site is optimized with the Yoast SEO plugin v24.4 - https:\/\/yoast.com\/wordpress\/plugins\/seo\/ -->\n<title>Espa\u00f1a ofrecer\u00e1 la nacionalidad a los 135 nicarag\u00fcenses desterrados a Guatemala - Noticias<\/title>\n<meta name=\"robots\" content=\"index, follow, max-snippet:-1, max-image-preview:large, max-video-preview:-1\" \/>\n<link rel=\"canonical\" href=\"https:\/\/noticiasya.com\/2024\/10\/04\/espana-ofrecera-nacionalidad-135-nicaraguenses-desterrados-guatemala-orix\/\" \/>\n<meta property=\"og:locale\" content=\"es_ES\" \/>\n<meta property=\"og:type\" content=\"article\" \/>\n<meta property=\"og:title\" content=\"Espa\u00f1a ofrecer\u00e1 la nacionalidad a los 135 nicarag\u00fcenses desterrados a Guatemala - Noticias\" \/>\n<meta property=\"og:description\" content=\"(CNN Espa\u00f1ol) &#8212; El canciller espa\u00f1ol, Jos\u00e9 Manuel Albares, inform\u00f3 este viernes por la ma\u00f1ana en la Comisi\u00f3n de Asuntos Exteriores del Congreso de los Diputados que el Gobierno ofrecer\u00e1 la nacionalidad espa\u00f1ola a los 135 nicarag\u00fcenses que fueron desterrados y desnacionalizados a inicios del pasado mes de septiembre. \u201cEspa\u00f1a, con nuestra pol\u00edtica exterior actual, [&hellip;]\" \/>\n<meta property=\"og:url\" content=\"https:\/\/noticiasya.com\/2024\/10\/04\/espana-ofrecera-nacionalidad-135-nicaraguenses-desterrados-guatemala-orix\/\" \/>\n<meta property=\"og:site_name\" content=\"Noticias\" \/>\n<meta property=\"article:published_time\" content=\"2024-10-04T12:03:43+00:00\" \/>\n<meta name=\"twitter:card\" content=\"summary_large_image\" \/>\n<meta name=\"twitter:label1\" content=\"Est. reading time\" \/>\n\t<meta name=\"twitter:data1\" content=\"2 minutos\" \/>\n<script type=\"application\/ld+json\" class=\"yoast-schema-graph\">{\"@context\":\"https:\/\/schema.org\",\"@graph\":[{\"@type\":\"Article\",\"@id\":\"https:\/\/noticiasya.com\/2024\/10\/04\/espana-ofrecera-nacionalidad-135-nicaraguenses-desterrados-guatemala-orix\/#article\",\"isPartOf\":{\"@id\":\"https:\/\/noticiasya.com\/2024\/10\/04\/espana-ofrecera-nacionalidad-135-nicaraguenses-desterrados-guatemala-orix\/\"},\"author\":{\"name\":\"\",\"@id\":\"\"},\"headline\":\"Espa\u00f1a ofrecer\u00e1 la nacionalidad a los 135 nicarag\u00fcenses desterrados a Guatemala\",\"datePublished\":\"2024-10-04T12:03:43+00:00\",\"mainEntityOfPage\":{\"@id\":\"https:\/\/noticiasya.com\/2024\/10\/04\/espana-ofrecera-nacionalidad-135-nicaraguenses-desterrados-guatemala-orix\/\"},\"wordCount\":360,\"commentCount\":0,\"publisher\":{\"@id\":\"https:\/\/noticiasya.com\/#organization\"},\"articleSection\":[\"Noticias Nacionales\"],\"inLanguage\":\"es\",\"potentialAction\":[{\"@type\":\"CommentAction\",\"name\":\"Comment\",\"target\":[\"https:\/\/noticiasya.com\/2024\/10\/04\/espana-ofrecera-nacionalidad-135-nicaraguenses-desterrados-guatemala-orix\/#respond\"]}]},{\"@type\":\"WebPage\",\"@id\":\"https:\/\/noticiasya.com\/2024\/10\/04\/espana-ofrecera-nacionalidad-135-nicaraguenses-desterrados-guatemala-orix\/\",\"url\":\"https:\/\/noticiasya.com\/2024\/10\/04\/espana-ofrecera-nacionalidad-135-nicaraguenses-desterrados-guatemala-orix\/\",\"name\":\"Espa\u00f1a ofrecer\u00e1 la nacionalidad a los 135 nicarag\u00fcenses desterrados a Guatemala - Noticias\",\"isPartOf\":{\"@id\":\"https:\/\/noticiasya.com\/#website\"},\"datePublished\":\"2024-10-04T12:03:43+00:00\",\"breadcrumb\":{\"@id\":\"https:\/\/noticiasya.com\/2024\/10\/04\/espana-ofrecera-nacionalidad-135-nicaraguenses-desterrados-guatemala-orix\/#breadcrumb\"},\"inLanguage\":\"es\",\"potentialAction\":[{\"@type\":\"ReadAction\",\"target\":[\"https:\/\/noticiasya.com\/2024\/10\/04\/espana-ofrecera-nacionalidad-135-nicaraguenses-desterrados-guatemala-orix\/\"]}]},{\"@type\":\"BreadcrumbList\",\"@id\":\"https:\/\/noticiasya.com\/2024\/10\/04\/espana-ofrecera-nacionalidad-135-nicaraguenses-desterrados-guatemala-orix\/#breadcrumb\",\"itemListElement\":[{\"@type\":\"ListItem\",\"position\":1,\"name\":\"Home\",\"item\":\"https:\/\/noticiasya.com\/\"},{\"@type\":\"ListItem\",\"position\":2,\"name\":\"Espa\u00f1a ofrecer\u00e1 la nacionalidad a los 135 nicarag\u00fcenses desterrados a Guatemala\"}]},{\"@type\":\"WebSite\",\"@id\":\"https:\/\/noticiasya.com\/#website\",\"url\":\"https:\/\/noticiasya.com\/\",\"name\":\"Noticias\",\"description\":\"Lo que importa\",\"publisher\":{\"@id\":\"https:\/\/noticiasya.com\/#organization\"},\"potentialAction\":[{\"@type\":\"SearchAction\",\"target\":{\"@type\":\"EntryPoint\",\"urlTemplate\":\"https:\/\/noticiasya.com\/?s={search_term_string}\"},\"query-input\":{\"@type\":\"PropertyValueSpecification\",\"valueRequired\":true,\"valueName\":\"search_term_string\"}}],\"inLanguage\":\"es\"},{\"@type\":\"Organization\",\"@id\":\"https:\/\/noticiasya.com\/#organization\",\"name\":\"Noticias\",\"url\":\"https:\/\/noticiasya.com\/\",\"logo\":{\"@type\":\"ImageObject\",\"inLanguage\":\"es\",\"@id\":\"https:\/\/noticiasya.com\/#\/schema\/logo\/image\/\",\"url\":\"https:\/\/noticiasya.com\/wp-content\/uploads\/sites\/22\/2023\/12\/logo-nacional.png\",\"contentUrl\":\"https:\/\/noticiasya.com\/wp-content\/uploads\/sites\/22\/2023\/12\/logo-nacional.png\",\"width\":1801,\"height\":691,\"caption\":\"Noticias\"},\"image\":{\"@id\":\"https:\/\/noticiasya.com\/#\/schema\/logo\/image\/\"}}]}<\/script>\n<!-- \/ Yoast SEO plugin. -->","yoast_head_json":{"title":"Espa\u00f1a ofrecer\u00e1 la nacionalidad a los 135 nicarag\u00fcenses desterrados a Guatemala - Noticias","robots":{"index":"index","follow":"follow","max-snippet":"max-snippet:-1","max-image-preview":"max-image-preview:large","max-video-preview":"max-video-preview:-1"},"canonical":"https:\/\/noticiasya.com\/2024\/10\/04\/espana-ofrecera-nacionalidad-135-nicaraguenses-desterrados-guatemala-orix\/","og_locale":"es_ES","og_type":"article","og_title":"Espa\u00f1a ofrecer\u00e1 la nacionalidad a los 135 nicarag\u00fcenses desterrados a Guatemala - Noticias","og_description":"(CNN Espa\u00f1ol) &#8212; El canciller espa\u00f1ol, Jos\u00e9 Manuel Albares, inform\u00f3 este viernes por la ma\u00f1ana en la Comisi\u00f3n de Asuntos Exteriores del Congreso de los Diputados que el Gobierno ofrecer\u00e1 la nacionalidad espa\u00f1ola a los 135 nicarag\u00fcenses que fueron desterrados y desnacionalizados a inicios del pasado mes de septiembre. \u201cEspa\u00f1a, con nuestra pol\u00edtica exterior actual, [&hellip;]","og_url":"https:\/\/noticiasya.com\/2024\/10\/04\/espana-ofrecera-nacionalidad-135-nicaraguenses-desterrados-guatemala-orix\/","og_site_name":"Noticias","article_published_time":"2024-10-04T12:03:43+00:00","twitter_card":"summary_large_image","twitter_misc":{"Est. reading time":"2 minutos"},"schema":{"@context":"https:\/\/schema.org","@graph":[{"@type":"Article","@id":"https:\/\/noticiasya.com\/2024\/10\/04\/espana-ofrecera-nacionalidad-135-nicaraguenses-desterrados-guatemala-orix\/#article","isPartOf":{"@id":"https:\/\/noticiasya.com\/2024\/10\/04\/espana-ofrecera-nacionalidad-135-nicaraguenses-desterrados-guatemala-orix\/"},"author":{"name":"","@id":""},"headline":"Espa\u00f1a ofrecer\u00e1 la nacionalidad a los 135 nicarag\u00fcenses desterrados a Guatemala","datePublished":"2024-10-04T12:03:43+00:00","mainEntityOfPage":{"@id":"https:\/\/noticiasya.com\/2024\/10\/04\/espana-ofrecera-nacionalidad-135-nicaraguenses-desterrados-guatemala-orix\/"},"wordCount":360,"commentCount":0,"publisher":{"@id":"https:\/\/noticiasya.com\/#organization"},"articleSection":["Noticias Nacionales"],"inLanguage":"es","potentialAction":[{"@type":"CommentAction","name":"Comment","target":["https:\/\/noticiasya.com\/2024\/10\/04\/espana-ofrecera-nacionalidad-135-nicaraguenses-desterrados-guatemala-orix\/#respond"]}]},{"@type":"WebPage","@id":"https:\/\/noticiasya.com\/2024\/10\/04\/espana-ofrecera-nacionalidad-135-nicaraguenses-desterrados-guatemala-orix\/","url":"https:\/\/noticiasya.com\/2024\/10\/04\/espana-ofrecera-nacionalidad-135-nicaraguenses-desterrados-guatemala-orix\/","name":"Espa\u00f1a ofrecer\u00e1 la nacionalidad a los 135 nicarag\u00fcenses desterrados a Guatemala - Noticias","isPartOf":{"@id":"https:\/\/noticiasya.com\/#website"},"datePublished":"2024-10-04T12:03:43+00:00","breadcrumb":{"@id":"https:\/\/noticiasya.com\/2024\/10\/04\/espana-ofrecera-nacionalidad-135-nicaraguenses-desterrados-guatemala-orix\/#breadcrumb"},"inLanguage":"es","potentialAction":[{"@type":"ReadAction","target":["https:\/\/noticiasya.com\/2024\/10\/04\/espana-ofrecera-nacionalidad-135-nicaraguenses-desterrados-guatemala-orix\/"]}]},{"@type":"BreadcrumbList","@id":"https:\/\/noticiasya.com\/2024\/10\/04\/espana-ofrecera-nacionalidad-135-nicaraguenses-desterrados-guatemala-orix\/#breadcrumb","itemListElement":[{"@type":"ListItem","position":1,"name":"Home","item":"https:\/\/noticiasya.com\/"},{"@type":"ListItem","position":2,"name":"Espa\u00f1a ofrecer\u00e1 la nacionalidad a los 135 nicarag\u00fcenses desterrados a Guatemala"}]},{"@type":"WebSite","@id":"https:\/\/noticiasya.com\/#website","url":"https:\/\/noticiasya.com\/","name":"Noticias","description":"Lo que importa","publisher":{"@id":"https:\/\/noticiasya.com\/#organization"},"potentialAction":[{"@type":"SearchAction","target":{"@type":"EntryPoint","urlTemplate":"https:\/\/noticiasya.com\/?s={search_term_string}"},"query-input":{"@type":"PropertyValueSpecification","valueRequired":true,"valueName":"search_term_string"}}],"inLanguage":"es"},{"@type":"Organization","@id":"https:\/\/noticiasya.com\/#organization","name":"Noticias","url":"https:\/\/noticiasya.com\/","logo":{"@type":"ImageObject","inLanguage":"es","@id":"https:\/\/noticiasya.com\/#\/schema\/logo\/image\/","url":"https:\/\/noticiasya.com\/wp-content\/uploads\/sites\/22\/2023\/12\/logo-nacional.png","contentUrl":"https:\/\/noticiasya.com\/wp-content\/uploads\/sites\/22\/2023\/12\/logo-nacional.png","width":1801,"height":691,"caption":"Noticias"},"image":{"@id":"https:\/\/noticiasya.com\/#\/schema\/logo\/image\/"}}]}},"parsely":{"version":"1.1.0","canonical_url":"https:\/\/noticiasya.com\/el-valle\/2024\/10\/04\/espana-ofrecera-nacionalidad-135-nicaraguenses-desterrados-guatemala-orix\/","smart_links":{"inbound":0,"outbound":0},"traffic_boost_suggestions_count":0,"meta":{"@context":"https:\/\/schema.org","@type":"NewsArticle","headline":"Espa\u00f1a ofrecer\u00e1 la nacionalidad a los 135 nicarag\u00fcenses desterrados a Guatemala","url":"http:\/\/noticiasya.com\/el-valle\/2024\/10\/04\/espana-ofrecera-nacionalidad-135-nicaraguenses-desterrados-guatemala-orix\/","mainEntityOfPage":{"@type":"WebPage","@id":"http:\/\/noticiasya.com\/el-valle\/2024\/10\/04\/espana-ofrecera-nacionalidad-135-nicaraguenses-desterrados-guatemala-orix\/"},"thumbnailUrl":"","image":{"@type":"ImageObject","url":""},"articleSection":"Noticias Nacionales","author":[],"creator":[],"publisher":{"@type":"Organization","name":"Noticias","logo":""},"keywords":[],"dateCreated":"2024-10-04T12:03:43Z","datePublished":"2024-10-04T12:03:43Z","dateModified":"2024-10-04T12:03:43Z"},"rendered":"<script type=\"application\/ld+json\" class=\"wp-parsely-metadata\">{\"@context\":\"https:\\\/\\\/schema.org\",\"@type\":\"NewsArticle\",\"headline\":\"Espa\\u00f1a ofrecer\\u00e1 la nacionalidad a los 135 nicarag\\u00fcenses desterrados a Guatemala\",\"url\":\"http:\\\/\\\/noticiasya.com\\\/el-valle\\\/2024\\\/10\\\/04\\\/espana-ofrecera-nacionalidad-135-nicaraguenses-desterrados-guatemala-orix\\\/\",\"mainEntityOfPage\":{\"@type\":\"WebPage\",\"@id\":\"http:\\\/\\\/noticiasya.com\\\/el-valle\\\/2024\\\/10\\\/04\\\/espana-ofrecera-nacionalidad-135-nicaraguenses-desterrados-guatemala-orix\\\/\"},\"thumbnailUrl\":\"\",\"image\":{\"@type\":\"ImageObject\",\"url\":\"\"},\"articleSection\":\"Noticias Nacionales\",\"author\":[],\"creator\":[],\"publisher\":{\"@type\":\"Organization\",\"name\":\"Noticias\",\"logo\":\"\"},\"keywords\":[],\"dateCreated\":\"2024-10-04T12:03:43Z\",\"datePublished\":\"2024-10-04T12:03:43Z\",\"dateModified\":\"2024-10-04T12:03:43Z\"}<\/script>","tracker_url":"https:\/\/cdn.parsely.com\/keys\/noticiasya.com\/p.js"},"jetpack_featured_media_url":"","jetpack-related-posts":[{"id":1454937,"url":"https:\/\/noticiasya.com\/el-valle\/2024\/10\/04\/espana-ofrecera-proteccion-consular-ciudadanos-detenidos-venezuela-orix\/","url_meta":{"origin":1454936,"position":0},"title":"Espa\u00f1a ofrecer\u00e1 protecci\u00f3n consular a dos ciudadanos detenidos en Venezuela","author":"","date":"octubre 4, 2024","format":false,"excerpt":"(CNN Espa\u00f1ol) -- El canciller espa\u00f1ol, Jos\u00e9 Manuel Albares, inform\u00f3 este viernes en la Comisi\u00f3n de Asuntos Exteriores del Congreso de los Diputados que recibi\u00f3 en horas de la ma\u00f1ana una notificaci\u00f3n verbal de Venezuela por la que se permite a Espa\u00f1a ejercer \u201cprotecci\u00f3n consular\u201d a los dos connacionales detenidos\u2026","rel":"","context":"In &quot;Noticias Nacionales&quot;","block_context":{"text":"Noticias Nacionales","link":"https:\/\/noticiasya.com\/el-valle\/categoria\/noticias-nacionales"},"img":{"alt_text":"","src":"","width":0,"height":0},"classes":[]},{"id":1451704,"url":"https:\/\/noticiasya.com\/el-valle\/2024\/08\/09\/nicaragua-salida-sacerdotes-curas-desterrados-orix\/","url_meta":{"origin":1454936,"position":1},"title":"Gobierno de Nicaragua confirma salida de 7 sacerdotes y la lista de curas \u201cdesterrados\u201d llega a 51 en dos a\u00f1os, seg\u00fan colectivo nicarag\u00fcense","author":"","date":"agosto 9, 2024","format":false,"excerpt":"(CNN Espa\u00f1ol) -- En una escueta nota de prensa, el Gobierno de Nicaragua confirm\u00f3 la salida de siete sacerdotes hacia Roma este mi\u00e9rcoles, lo que seg\u00fan organizaciones de defensa de los derechos humanos como el Colectivo Nicaragua Nunca M\u00e1s, se trata del \u201cdestierro\u201d de curas que hab\u00edan sido detenidos de\u2026","rel":"","context":"In &quot;Noticias Nacionales&quot;","block_context":{"text":"Noticias Nacionales","link":"https:\/\/noticiasya.com\/el-valle\/categoria\/noticias-nacionales"},"img":{"alt_text":"","src":"","width":0,"height":0},"classes":[]},{"id":1451987,"url":"https:\/\/noticiasya.com\/el-valle\/2024\/08\/19\/nicaragua-obliga-cerrar-grupos-eclesiasticos-orix\/","url_meta":{"origin":1454936,"position":2},"title":"Nicaragua obliga a cerrar 1.500 grupos eclesi\u00e1sticos y de la sociedad civil","author":"","date":"agosto 19, 2024","format":false,"excerpt":"(CNN) \u2013\u2013 Nicaragua revoc\u00f3 el registro de 1.500 organizaciones sin fines de lucro. Esta es la medida m\u00e1s reciente de una ofensiva que ya lleva a\u00f1os en la naci\u00f3n centroamericana.Las organizaciones, que incluyen a cientos de grupos religiosos, est\u00e1n acusadas de no informar sus estados financieros durante un per\u00edodo de\u2026","rel":"","context":"In &quot;Noticias Nacionales&quot;","block_context":{"text":"Noticias Nacionales","link":"https:\/\/noticiasya.com\/el-valle\/categoria\/noticias-nacionales"},"img":{"alt_text":"","src":"","width":0,"height":0},"classes":[]},{"id":1472689,"url":"https:\/\/noticiasya.com\/el-valle\/2026\/03\/30\/leopoldo-lopez-ciudadania-espaniola-orix\/","url_meta":{"origin":1454936,"position":3},"title":"El Gobierno espa\u00f1ol conceder\u00e1 la nacionalidad al opositor venezolano Leopoldo L\u00f3pez \u00bfQu\u00e9 significa para su carrera pol\u00edtica?","author":"","date":"marzo 30, 2026","format":false,"excerpt":"El l\u00edder opositor venezolano Leopoldo L\u00f3pez recibir\u00e1 este martes la nacionalidad espa\u00f1ola, asegur\u00f3 el ministro de Asuntos Exteriores, Uni\u00f3n Europea y Cooperaci\u00f3n, Jos\u00e9 Manuel Albares, en una entrevista concedida a la emisora de radio catalana Rac1.Esta condici\u00f3n jur\u00eddica fue gestionada por la v\u00eda de la carta de naturaleza, confirm\u00f3 Albares,\u2026","rel":"","context":"In &quot;Noticias Nacionales&quot;","block_context":{"text":"Noticias Nacionales","link":"https:\/\/noticiasya.com\/el-valle\/categoria\/noticias-nacionales"},"img":{"alt_text":"","src":"","width":0,"height":0},"classes":[]},{"id":1452862,"url":"https:\/\/noticiasya.com\/el-valle\/2024\/09\/19\/edmundo-gonzalez-niega-coaccionado-espana-venezuela-orix\/","url_meta":{"origin":1454936,"position":4},"title":"Edmundo Gonz\u00e1lez niega haber sido coaccionado por funcionarios de Espa\u00f1a y agradece las gestiones para su salida de Venezuela","author":"","date":"septiembre 19, 2024","format":false,"excerpt":"(CNN Espa\u00f1ol) --\u00a0El candidato presidencial de la mayor\u00eda opositora venezolana, Edmundo Gonz\u00e1lez Urrutia, neg\u00f3 este jueves haber sido coaccionado por funcionarios de Espa\u00f1a cuando estuvo en la embajada de ese pa\u00eds en Caracas, como se\u00f1al\u00f3 el l\u00edder del opositor Partido Popular espa\u00f1ol (PP), Alberto N\u00fa\u00f1ez Feij\u00f3o.\u201cNo he sido coaccionado ni\u2026","rel":"","context":"In &quot;Noticias Nacionales&quot;","block_context":{"text":"Noticias Nacionales","link":"https:\/\/noticiasya.com\/el-valle\/categoria\/noticias-nacionales"},"img":{"alt_text":"","src":"","width":0,"height":0},"classes":[]},{"id":1449586,"url":"https:\/\/noticiasya.com\/el-valle\/2024\/05\/19\/espana-consultas-embajadora-gravisimas-declaraciones-milei-orix\/","url_meta":{"origin":1454936,"position":5},"title":"Espa\u00f1a llama a consultas a su embajadora en Buenos Aires por las &#171;grav\u00edsimas&#187; declaraciones de Milei en Madrid","author":"","date":"mayo 19, 2024","format":false,"excerpt":"(CNN Espa\u00f1ol) -- El ministro de Asuntos Exteriores, Uni\u00f3n Europea y Cooperaci\u00f3n de Espa\u00f1a, Jos\u00e9 Manuel Albares, ha llamado este domingo a consultas a la embajadora del pa\u00eds en Buenos Aires tras las pol\u00e9micas declaraciones dadas por el presidente de Argentina, Javier Milei, durante su participaci\u00f3n en el evento Viva24,\u2026","rel":"","context":"In &quot;Noticias Nacionales&quot;","block_context":{"text":"Noticias Nacionales","link":"https:\/\/noticiasya.com\/el-valle\/categoria\/noticias-nacionales"},"img":{"alt_text":"","src":"","width":0,"height":0},"classes":[]}],"jetpack_sharing_enabled":true,"_links":{"self":[{"href":"https:\/\/noticiasya.com\/el-valle\/wp-json\/wp\/v2\/posts\/1454936","targetHints":{"allow":["GET"]}}],"collection":[{"href":"https:\/\/noticiasya.com\/el-valle\/wp-json\/wp\/v2\/posts"}],"about":[{"href":"https:\/\/noticiasya.com\/el-valle\/wp-json\/wp\/v2\/types\/post"}],"replies":[{"embeddable":true,"href":"https:\/\/noticiasya.com\/el-valle\/wp-json\/wp\/v2\/comments?post=1454936"}],"version-history":[{"count":0,"href":"https:\/\/noticiasya.com\/el-valle\/wp-json\/wp\/v2\/posts\/1454936\/revisions"}],"wp:attachment":[{"href":"https:\/\/noticiasya.com\/el-valle\/wp-json\/wp\/v2\/media?parent=1454936"}],"wp:term":[{"taxonomy":"category","embeddable":true,"href":"https:\/\/noticiasya.com\/el-valle\/wp-json\/wp\/v2\/categories?post=1454936"},{"taxonomy":"post_tag","embeddable":true,"href":"https:\/\/noticiasya.com\/el-valle\/wp-json\/wp\/v2\/tags?post=1454936"}],"curies":[{"name":"wp","href":"https:\/\/api.w.org\/{rel}","templated":true}]}}