{"id":1454937,"date":"2024-10-04T07:03:41","date_gmt":"2024-10-04T14:03:41","guid":{"rendered":"https:\/\/noticiasya.com\/2024\/10\/04\/espana-ofrecera-proteccion-consular-ciudadanos-detenidos-venezuela-orix\/"},"modified":"2024-10-04T07:03:41","modified_gmt":"2024-10-04T14:03:41","slug":"espana-ofrecera-proteccion-consular-ciudadanos-detenidos-venezuela-orix","status":"publish","type":"post","link":"https:\/\/noticiasya.com\/el-valle\/2024\/10\/04\/espana-ofrecera-proteccion-consular-ciudadanos-detenidos-venezuela-orix\/","title":{"rendered":"Espa\u00f1a ofrecer\u00e1 protecci\u00f3n consular a dos ciudadanos detenidos en Venezuela"},"content":{"rendered":"<p>(CNN Espa\u00f1ol) &#8212; El canciller espa\u00f1ol, Jos\u00e9 Manuel Albares, inform\u00f3 este viernes en la Comisi\u00f3n de Asuntos Exteriores del Congreso de los Diputados que recibi\u00f3 en horas de la ma\u00f1ana una notificaci\u00f3n verbal de Venezuela por la que se permite a Espa\u00f1a ejercer \u201cprotecci\u00f3n consular\u201d a los dos connacionales detenidos en semanas anteriores por presuntamente formar parte de un complot para matar al presidente Nicol\u00e1s Maduro y otras figuras prominentes de su Gobierno.<\/p>\n<p>\u201cYo he tratado este asunto directamente con el canciller venezolano (Yvan Gil)\u201d, apuntaba Albares. \u201cLe he dejado claro que est\u00e1n injustamente retenidos, que no doy ninguna credibilidad a los cargos que pesan contra ellos que, por supuesto no tienen ning\u00fan v\u00ednculo con ninguna instituci\u00f3n p\u00fablica espa\u00f1ola, mucho menos con el CNI (Centro Nacional de Inteligencia) y que tienen que ser liberados lo antes posible\u201d.<\/p>\n<p>Desde que se conociera su detenci\u00f3n, anunciada por Diosdado Cabello a inicios de septiembre, la Canciller\u00eda espa\u00f1ola ha estado trabajando para lograr ese acceso a los ciudadanos detenidos, quienes son residentes de Bilbao, en el norte de Espa\u00f1a.<\/p>\n<p>Hasta el momento se desconoce los cargos exactos que pesan contra los detenidos, dado que el canciller ha eludido comentarlos cuando ha sido preguntado al respecto en entrevistas realizadas en jornadas anteriores.<\/p>\n<p>En declaraciones p\u00fablicas hechas en el mes de septiembre, el ministro de Interior y Justicia de Venezuela, Diosdado Cabello, se\u00f1al\u00f3 a los dos espa\u00f1oles por presuntamente realizar labores de espionaje en el marco de un plan conspirativo que habr\u00eda tenido como objetivo desestabilizar al Gobierno de Maduro e incluso cometer un magnicidio.<\/p>\n<p>Albares asegur\u00f3 que ahora que lograron este acceso van a \u201cprestarles toda la asistencia que puedan para que puedan regresar en sus casas, en Bilbao, donde ten\u00edan que estar lo antes posible\u201d.<\/p>\n<p>The-CNN-Wire<br \/>&trade; &amp; &copy; 2024 Cable News Network, Inc., a Warner Bros. Discovery Company. All rights reserved.<\/p>\n","protected":false},"excerpt":{"rendered":"<p>(CNN Espa\u00f1ol) &#8212; El canciller espa\u00f1ol, Jos\u00e9 Manuel Albares, inform\u00f3 este viernes en la Comisi\u00f3n de Asuntos Exteriores del Congreso de los Diputados que recibi\u00f3 en horas de la ma\u00f1ana una notificaci\u00f3n verbal de Venezuela por la que se permite a Espa\u00f1a ejercer \u201cprotecci\u00f3n consular\u201d a los dos connacionales detenidos en semanas anteriores por presuntamente [&hellip;]<\/p>\n","protected":false},"author":0,"featured_media":0,"comment_status":"open","ping_status":"open","sticky":false,"template":"","format":"standard","meta":{"_jetpack_memberships_contains_paid_content":false,"footnotes":""},"categories":[10],"tags":[],"class_list":["post-1454937","post","type-post","status-publish","format-standard","hentry","category-noticias-nacionales","market-global"],"yoast_head":"<!-- This site is optimized with the Yoast SEO plugin v24.4 - https:\/\/yoast.com\/wordpress\/plugins\/seo\/ -->\n<title>Espa\u00f1a ofrecer\u00e1 protecci\u00f3n consular a dos ciudadanos detenidos en Venezuela - Noticias<\/title>\n<meta name=\"robots\" content=\"index, follow, max-snippet:-1, max-image-preview:large, max-video-preview:-1\" \/>\n<link rel=\"canonical\" href=\"https:\/\/noticiasya.com\/2024\/10\/04\/espana-ofrecera-proteccion-consular-ciudadanos-detenidos-venezuela-orix\/\" \/>\n<meta property=\"og:locale\" content=\"es_ES\" \/>\n<meta property=\"og:type\" content=\"article\" \/>\n<meta property=\"og:title\" content=\"Espa\u00f1a ofrecer\u00e1 protecci\u00f3n consular a dos ciudadanos detenidos en Venezuela - Noticias\" \/>\n<meta property=\"og:description\" content=\"(CNN Espa\u00f1ol) &#8212; El canciller espa\u00f1ol, Jos\u00e9 Manuel Albares, inform\u00f3 este viernes en la Comisi\u00f3n de Asuntos Exteriores del Congreso de los Diputados que recibi\u00f3 en horas de la ma\u00f1ana una notificaci\u00f3n verbal de Venezuela por la que se permite a Espa\u00f1a ejercer \u201cprotecci\u00f3n consular\u201d a los dos connacionales detenidos en semanas anteriores por presuntamente [&hellip;]\" \/>\n<meta property=\"og:url\" content=\"https:\/\/noticiasya.com\/2024\/10\/04\/espana-ofrecera-proteccion-consular-ciudadanos-detenidos-venezuela-orix\/\" \/>\n<meta property=\"og:site_name\" content=\"Noticias\" \/>\n<meta property=\"article:published_time\" content=\"2024-10-04T14:03:41+00:00\" \/>\n<meta name=\"twitter:card\" content=\"summary_large_image\" \/>\n<meta name=\"twitter:label1\" content=\"Est. reading time\" \/>\n\t<meta name=\"twitter:data1\" content=\"2 minutos\" \/>\n<script type=\"application\/ld+json\" class=\"yoast-schema-graph\">{\"@context\":\"https:\/\/schema.org\",\"@graph\":[{\"@type\":\"Article\",\"@id\":\"https:\/\/noticiasya.com\/2024\/10\/04\/espana-ofrecera-proteccion-consular-ciudadanos-detenidos-venezuela-orix\/#article\",\"isPartOf\":{\"@id\":\"https:\/\/noticiasya.com\/2024\/10\/04\/espana-ofrecera-proteccion-consular-ciudadanos-detenidos-venezuela-orix\/\"},\"author\":{\"name\":\"\",\"@id\":\"\"},\"headline\":\"Espa\u00f1a ofrecer\u00e1 protecci\u00f3n consular a dos ciudadanos detenidos en Venezuela\",\"datePublished\":\"2024-10-04T14:03:41+00:00\",\"mainEntityOfPage\":{\"@id\":\"https:\/\/noticiasya.com\/2024\/10\/04\/espana-ofrecera-proteccion-consular-ciudadanos-detenidos-venezuela-orix\/\"},\"wordCount\":342,\"commentCount\":0,\"publisher\":{\"@id\":\"https:\/\/noticiasya.com\/#organization\"},\"articleSection\":[\"Noticias Nacionales\"],\"inLanguage\":\"es\",\"potentialAction\":[{\"@type\":\"CommentAction\",\"name\":\"Comment\",\"target\":[\"https:\/\/noticiasya.com\/2024\/10\/04\/espana-ofrecera-proteccion-consular-ciudadanos-detenidos-venezuela-orix\/#respond\"]}]},{\"@type\":\"WebPage\",\"@id\":\"https:\/\/noticiasya.com\/2024\/10\/04\/espana-ofrecera-proteccion-consular-ciudadanos-detenidos-venezuela-orix\/\",\"url\":\"https:\/\/noticiasya.com\/2024\/10\/04\/espana-ofrecera-proteccion-consular-ciudadanos-detenidos-venezuela-orix\/\",\"name\":\"Espa\u00f1a ofrecer\u00e1 protecci\u00f3n consular a dos ciudadanos detenidos en Venezuela - Noticias\",\"isPartOf\":{\"@id\":\"https:\/\/noticiasya.com\/#website\"},\"datePublished\":\"2024-10-04T14:03:41+00:00\",\"breadcrumb\":{\"@id\":\"https:\/\/noticiasya.com\/2024\/10\/04\/espana-ofrecera-proteccion-consular-ciudadanos-detenidos-venezuela-orix\/#breadcrumb\"},\"inLanguage\":\"es\",\"potentialAction\":[{\"@type\":\"ReadAction\",\"target\":[\"https:\/\/noticiasya.com\/2024\/10\/04\/espana-ofrecera-proteccion-consular-ciudadanos-detenidos-venezuela-orix\/\"]}]},{\"@type\":\"BreadcrumbList\",\"@id\":\"https:\/\/noticiasya.com\/2024\/10\/04\/espana-ofrecera-proteccion-consular-ciudadanos-detenidos-venezuela-orix\/#breadcrumb\",\"itemListElement\":[{\"@type\":\"ListItem\",\"position\":1,\"name\":\"Home\",\"item\":\"https:\/\/noticiasya.com\/\"},{\"@type\":\"ListItem\",\"position\":2,\"name\":\"Espa\u00f1a ofrecer\u00e1 protecci\u00f3n consular a dos ciudadanos detenidos en Venezuela\"}]},{\"@type\":\"WebSite\",\"@id\":\"https:\/\/noticiasya.com\/#website\",\"url\":\"https:\/\/noticiasya.com\/\",\"name\":\"Noticias\",\"description\":\"Lo que importa\",\"publisher\":{\"@id\":\"https:\/\/noticiasya.com\/#organization\"},\"potentialAction\":[{\"@type\":\"SearchAction\",\"target\":{\"@type\":\"EntryPoint\",\"urlTemplate\":\"https:\/\/noticiasya.com\/?s={search_term_string}\"},\"query-input\":{\"@type\":\"PropertyValueSpecification\",\"valueRequired\":true,\"valueName\":\"search_term_string\"}}],\"inLanguage\":\"es\"},{\"@type\":\"Organization\",\"@id\":\"https:\/\/noticiasya.com\/#organization\",\"name\":\"Noticias\",\"url\":\"https:\/\/noticiasya.com\/\",\"logo\":{\"@type\":\"ImageObject\",\"inLanguage\":\"es\",\"@id\":\"https:\/\/noticiasya.com\/#\/schema\/logo\/image\/\",\"url\":\"https:\/\/noticiasya.com\/wp-content\/uploads\/sites\/22\/2023\/12\/logo-nacional.png\",\"contentUrl\":\"https:\/\/noticiasya.com\/wp-content\/uploads\/sites\/22\/2023\/12\/logo-nacional.png\",\"width\":1801,\"height\":691,\"caption\":\"Noticias\"},\"image\":{\"@id\":\"https:\/\/noticiasya.com\/#\/schema\/logo\/image\/\"}}]}<\/script>\n<!-- \/ Yoast SEO plugin. -->","yoast_head_json":{"title":"Espa\u00f1a ofrecer\u00e1 protecci\u00f3n consular a dos ciudadanos detenidos en Venezuela - Noticias","robots":{"index":"index","follow":"follow","max-snippet":"max-snippet:-1","max-image-preview":"max-image-preview:large","max-video-preview":"max-video-preview:-1"},"canonical":"https:\/\/noticiasya.com\/2024\/10\/04\/espana-ofrecera-proteccion-consular-ciudadanos-detenidos-venezuela-orix\/","og_locale":"es_ES","og_type":"article","og_title":"Espa\u00f1a ofrecer\u00e1 protecci\u00f3n consular a dos ciudadanos detenidos en Venezuela - Noticias","og_description":"(CNN Espa\u00f1ol) &#8212; El canciller espa\u00f1ol, Jos\u00e9 Manuel Albares, inform\u00f3 este viernes en la Comisi\u00f3n de Asuntos Exteriores del Congreso de los Diputados que recibi\u00f3 en horas de la ma\u00f1ana una notificaci\u00f3n verbal de Venezuela por la que se permite a Espa\u00f1a ejercer \u201cprotecci\u00f3n consular\u201d a los dos connacionales detenidos en semanas anteriores por presuntamente [&hellip;]","og_url":"https:\/\/noticiasya.com\/2024\/10\/04\/espana-ofrecera-proteccion-consular-ciudadanos-detenidos-venezuela-orix\/","og_site_name":"Noticias","article_published_time":"2024-10-04T14:03:41+00:00","twitter_card":"summary_large_image","twitter_misc":{"Est. reading time":"2 minutos"},"schema":{"@context":"https:\/\/schema.org","@graph":[{"@type":"Article","@id":"https:\/\/noticiasya.com\/2024\/10\/04\/espana-ofrecera-proteccion-consular-ciudadanos-detenidos-venezuela-orix\/#article","isPartOf":{"@id":"https:\/\/noticiasya.com\/2024\/10\/04\/espana-ofrecera-proteccion-consular-ciudadanos-detenidos-venezuela-orix\/"},"author":{"name":"","@id":""},"headline":"Espa\u00f1a ofrecer\u00e1 protecci\u00f3n consular a dos ciudadanos detenidos en Venezuela","datePublished":"2024-10-04T14:03:41+00:00","mainEntityOfPage":{"@id":"https:\/\/noticiasya.com\/2024\/10\/04\/espana-ofrecera-proteccion-consular-ciudadanos-detenidos-venezuela-orix\/"},"wordCount":342,"commentCount":0,"publisher":{"@id":"https:\/\/noticiasya.com\/#organization"},"articleSection":["Noticias Nacionales"],"inLanguage":"es","potentialAction":[{"@type":"CommentAction","name":"Comment","target":["https:\/\/noticiasya.com\/2024\/10\/04\/espana-ofrecera-proteccion-consular-ciudadanos-detenidos-venezuela-orix\/#respond"]}]},{"@type":"WebPage","@id":"https:\/\/noticiasya.com\/2024\/10\/04\/espana-ofrecera-proteccion-consular-ciudadanos-detenidos-venezuela-orix\/","url":"https:\/\/noticiasya.com\/2024\/10\/04\/espana-ofrecera-proteccion-consular-ciudadanos-detenidos-venezuela-orix\/","name":"Espa\u00f1a ofrecer\u00e1 protecci\u00f3n consular a dos ciudadanos detenidos en Venezuela - Noticias","isPartOf":{"@id":"https:\/\/noticiasya.com\/#website"},"datePublished":"2024-10-04T14:03:41+00:00","breadcrumb":{"@id":"https:\/\/noticiasya.com\/2024\/10\/04\/espana-ofrecera-proteccion-consular-ciudadanos-detenidos-venezuela-orix\/#breadcrumb"},"inLanguage":"es","potentialAction":[{"@type":"ReadAction","target":["https:\/\/noticiasya.com\/2024\/10\/04\/espana-ofrecera-proteccion-consular-ciudadanos-detenidos-venezuela-orix\/"]}]},{"@type":"BreadcrumbList","@id":"https:\/\/noticiasya.com\/2024\/10\/04\/espana-ofrecera-proteccion-consular-ciudadanos-detenidos-venezuela-orix\/#breadcrumb","itemListElement":[{"@type":"ListItem","position":1,"name":"Home","item":"https:\/\/noticiasya.com\/"},{"@type":"ListItem","position":2,"name":"Espa\u00f1a ofrecer\u00e1 protecci\u00f3n consular a dos ciudadanos detenidos en Venezuela"}]},{"@type":"WebSite","@id":"https:\/\/noticiasya.com\/#website","url":"https:\/\/noticiasya.com\/","name":"Noticias","description":"Lo que importa","publisher":{"@id":"https:\/\/noticiasya.com\/#organization"},"potentialAction":[{"@type":"SearchAction","target":{"@type":"EntryPoint","urlTemplate":"https:\/\/noticiasya.com\/?s={search_term_string}"},"query-input":{"@type":"PropertyValueSpecification","valueRequired":true,"valueName":"search_term_string"}}],"inLanguage":"es"},{"@type":"Organization","@id":"https:\/\/noticiasya.com\/#organization","name":"Noticias","url":"https:\/\/noticiasya.com\/","logo":{"@type":"ImageObject","inLanguage":"es","@id":"https:\/\/noticiasya.com\/#\/schema\/logo\/image\/","url":"https:\/\/noticiasya.com\/wp-content\/uploads\/sites\/22\/2023\/12\/logo-nacional.png","contentUrl":"https:\/\/noticiasya.com\/wp-content\/uploads\/sites\/22\/2023\/12\/logo-nacional.png","width":1801,"height":691,"caption":"Noticias"},"image":{"@id":"https:\/\/noticiasya.com\/#\/schema\/logo\/image\/"}}]}},"parsely":{"version":"1.1.0","canonical_url":"https:\/\/noticiasya.com\/el-valle\/2024\/10\/04\/espana-ofrecera-proteccion-consular-ciudadanos-detenidos-venezuela-orix\/","smart_links":{"inbound":0,"outbound":0},"traffic_boost_suggestions_count":0,"meta":{"@context":"https:\/\/schema.org","@type":"NewsArticle","headline":"Espa\u00f1a ofrecer\u00e1 protecci\u00f3n consular a dos ciudadanos detenidos en Venezuela","url":"http:\/\/noticiasya.com\/el-valle\/2024\/10\/04\/espana-ofrecera-proteccion-consular-ciudadanos-detenidos-venezuela-orix\/","mainEntityOfPage":{"@type":"WebPage","@id":"http:\/\/noticiasya.com\/el-valle\/2024\/10\/04\/espana-ofrecera-proteccion-consular-ciudadanos-detenidos-venezuela-orix\/"},"thumbnailUrl":"","image":{"@type":"ImageObject","url":""},"articleSection":"Noticias Nacionales","author":[],"creator":[],"publisher":{"@type":"Organization","name":"Noticias","logo":""},"keywords":[],"dateCreated":"2024-10-04T14:03:41Z","datePublished":"2024-10-04T14:03:41Z","dateModified":"2024-10-04T14:03:41Z"},"rendered":"<script type=\"application\/ld+json\" class=\"wp-parsely-metadata\">{\"@context\":\"https:\\\/\\\/schema.org\",\"@type\":\"NewsArticle\",\"headline\":\"Espa\\u00f1a ofrecer\\u00e1 protecci\\u00f3n consular a dos ciudadanos detenidos en Venezuela\",\"url\":\"http:\\\/\\\/noticiasya.com\\\/el-valle\\\/2024\\\/10\\\/04\\\/espana-ofrecera-proteccion-consular-ciudadanos-detenidos-venezuela-orix\\\/\",\"mainEntityOfPage\":{\"@type\":\"WebPage\",\"@id\":\"http:\\\/\\\/noticiasya.com\\\/el-valle\\\/2024\\\/10\\\/04\\\/espana-ofrecera-proteccion-consular-ciudadanos-detenidos-venezuela-orix\\\/\"},\"thumbnailUrl\":\"\",\"image\":{\"@type\":\"ImageObject\",\"url\":\"\"},\"articleSection\":\"Noticias Nacionales\",\"author\":[],\"creator\":[],\"publisher\":{\"@type\":\"Organization\",\"name\":\"Noticias\",\"logo\":\"\"},\"keywords\":[],\"dateCreated\":\"2024-10-04T14:03:41Z\",\"datePublished\":\"2024-10-04T14:03:41Z\",\"dateModified\":\"2024-10-04T14:03:41Z\"}<\/script>","tracker_url":"https:\/\/cdn.parsely.com\/keys\/noticiasya.com\/p.js"},"jetpack_featured_media_url":"","jetpack-related-posts":[{"id":1453233,"url":"https:\/\/noticiasya.com\/el-valle\/2024\/09\/30\/espana-identidad-cargos-ciudadanos-detenidos-venezuela-orix\/","url_meta":{"origin":1454937,"position":0},"title":"Canciller de Espa\u00f1a asegura que lograron confirmar identidad y cargos contra dos ciudadanos del pa\u00eds detenidos en Venezuela","author":"","date":"septiembre 30, 2024","format":false,"excerpt":"(CNN Espa\u00f1ol) \u2013\u2013 El Gobierno de Venezuela confirm\u00f3 la identidad y los cargos formulados contra dos ciudadanos espa\u00f1oles detenidos en el pa\u00eds sudamericano y que, seg\u00fan ha se\u00f1alado el Ministro de Interior y Justicia, Diosdado Cabello, presuntamente realizaban labores de espionaje en el marco de un plan conspirativo que habr\u00eda\u2026","rel":"","context":"In &quot;Noticias Nacionales&quot;","block_context":{"text":"Noticias Nacionales","link":"https:\/\/noticiasya.com\/el-valle\/categoria\/noticias-nacionales"},"img":{"alt_text":"","src":"","width":0,"height":0},"classes":[]},{"id":1452862,"url":"https:\/\/noticiasya.com\/el-valle\/2024\/09\/19\/edmundo-gonzalez-niega-coaccionado-espana-venezuela-orix\/","url_meta":{"origin":1454937,"position":1},"title":"Edmundo Gonz\u00e1lez niega haber sido coaccionado por funcionarios de Espa\u00f1a y agradece las gestiones para su salida de Venezuela","author":"","date":"septiembre 19, 2024","format":false,"excerpt":"(CNN Espa\u00f1ol) --\u00a0El candidato presidencial de la mayor\u00eda opositora venezolana, Edmundo Gonz\u00e1lez Urrutia, neg\u00f3 este jueves haber sido coaccionado por funcionarios de Espa\u00f1a cuando estuvo en la embajada de ese pa\u00eds en Caracas, como se\u00f1al\u00f3 el l\u00edder del opositor Partido Popular espa\u00f1ol (PP), Alberto N\u00fa\u00f1ez Feij\u00f3o.\u201cNo he sido coaccionado ni\u2026","rel":"","context":"In &quot;Noticias Nacionales&quot;","block_context":{"text":"Noticias Nacionales","link":"https:\/\/noticiasya.com\/el-valle\/categoria\/noticias-nacionales"},"img":{"alt_text":"","src":"","width":0,"height":0},"classes":[]},{"id":1451823,"url":"https:\/\/noticiasya.com\/el-valle\/2024\/08\/13\/espana-intereses-republica-dominicana-en-venezuela-orix\/","url_meta":{"origin":1454937,"position":2},"title":"Espa\u00f1a asume intereses internacionales de Rep\u00fablica Dominicana en Venezuela","author":"","date":"agosto 13, 2024","format":false,"excerpt":"(CNN Espa\u00f1ol) -- Espa\u00f1a asume los intereses internacionales de Rep\u00fablica Dominicana a partir del lunes, anunci\u00f3 este martes el ministro de Asuntos Exteriores, Jos\u00e9 Manuel Albares, tras la decisi\u00f3n de Nicol\u00e1s Maduro de expulsar al personal diplom\u00e1tico dominicano de Caracas. \"Espa\u00f1a siempre estar\u00e1 al lado de los pa\u00edses y los\u2026","rel":"","context":"In &quot;Noticias Nacionales&quot;","block_context":{"text":"Noticias Nacionales","link":"https:\/\/noticiasya.com\/el-valle\/categoria\/noticias-nacionales"},"img":{"alt_text":"","src":"","width":0,"height":0},"classes":[]},{"id":1471475,"url":"https:\/\/noticiasya.com\/el-valle\/2026\/02\/20\/espania-ue-sanciones-delcy-rodriguez-venezuela-ley-amnistia-orix\/","url_meta":{"origin":1454937,"position":3},"title":"Tras la aprobaci\u00f3n de la ley de amnist\u00eda en Venezuela, Espa\u00f1a solicitar\u00e1 a la UE que retire sanciones contra Delcy Rodr\u00edguez","author":"","date":"febrero 20, 2026","format":false,"excerpt":"El ministro de Asuntos Exteriores, Uni\u00f3n Europea y Cooperaci\u00f3n, Jos\u00e9 Manuel Albares, anunci\u00f3 este viernes desde Barcelona que Espa\u00f1a solicitar\u00e1 formalmente a la Uni\u00f3n Europea que retire las sanciones existentes contra la presidenta encargada de Venezuela, Delcy Rodr\u00edguez.La solicitud es en respuesta a la ley de amnist\u00eda para los presos\u2026","rel":"","context":"In &quot;Noticias Nacionales&quot;","block_context":{"text":"Noticias Nacionales","link":"https:\/\/noticiasya.com\/el-valle\/categoria\/noticias-nacionales"},"img":{"alt_text":"","src":"","width":0,"height":0},"classes":[]},{"id":1449586,"url":"https:\/\/noticiasya.com\/el-valle\/2024\/05\/19\/espana-consultas-embajadora-gravisimas-declaraciones-milei-orix\/","url_meta":{"origin":1454937,"position":4},"title":"Espa\u00f1a llama a consultas a su embajadora en Buenos Aires por las &#171;grav\u00edsimas&#187; declaraciones de Milei en Madrid","author":"","date":"mayo 19, 2024","format":false,"excerpt":"(CNN Espa\u00f1ol) -- El ministro de Asuntos Exteriores, Uni\u00f3n Europea y Cooperaci\u00f3n de Espa\u00f1a, Jos\u00e9 Manuel Albares, ha llamado este domingo a consultas a la embajadora del pa\u00eds en Buenos Aires tras las pol\u00e9micas declaraciones dadas por el presidente de Argentina, Javier Milei, durante su participaci\u00f3n en el evento Viva24,\u2026","rel":"","context":"In &quot;Noticias Nacionales&quot;","block_context":{"text":"Noticias Nacionales","link":"https:\/\/noticiasya.com\/el-valle\/categoria\/noticias-nacionales"},"img":{"alt_text":"","src":"","width":0,"height":0},"classes":[]},{"id":1453096,"url":"https:\/\/noticiasya.com\/el-valle\/2024\/09\/26\/espana-brasil-colombia-mexico-venezuela-onu-orix\/","url_meta":{"origin":1454937,"position":5},"title":"Espa\u00f1a se reuni\u00f3 con Brasil, Colombia y M\u00e9xico para hablar de Venezuela","author":"","date":"septiembre 26, 2024","format":false,"excerpt":"(CNN Espa\u00f1ol) -- En el marco de la Asamblea General de las Naciones Unidas, Espa\u00f1a, M\u00e9xico, Colombia y Brasil se reunieron para abordar la crisis poselectoral en Venezuela, inform\u00f3 este mi\u00e9rcoles el ministro de Asuntos Exteriores de Espa\u00f1a, Jos\u00e9 Manuel Albares, en una publicaci\u00f3n en la red social X.El canciller\u2026","rel":"","context":"In &quot;Noticias Nacionales&quot;","block_context":{"text":"Noticias Nacionales","link":"https:\/\/noticiasya.com\/el-valle\/categoria\/noticias-nacionales"},"img":{"alt_text":"","src":"","width":0,"height":0},"classes":[]}],"jetpack_sharing_enabled":true,"_links":{"self":[{"href":"https:\/\/noticiasya.com\/el-valle\/wp-json\/wp\/v2\/posts\/1454937","targetHints":{"allow":["GET"]}}],"collection":[{"href":"https:\/\/noticiasya.com\/el-valle\/wp-json\/wp\/v2\/posts"}],"about":[{"href":"https:\/\/noticiasya.com\/el-valle\/wp-json\/wp\/v2\/types\/post"}],"replies":[{"embeddable":true,"href":"https:\/\/noticiasya.com\/el-valle\/wp-json\/wp\/v2\/comments?post=1454937"}],"version-history":[{"count":0,"href":"https:\/\/noticiasya.com\/el-valle\/wp-json\/wp\/v2\/posts\/1454937\/revisions"}],"wp:attachment":[{"href":"https:\/\/noticiasya.com\/el-valle\/wp-json\/wp\/v2\/media?parent=1454937"}],"wp:term":[{"taxonomy":"category","embeddable":true,"href":"https:\/\/noticiasya.com\/el-valle\/wp-json\/wp\/v2\/categories?post=1454937"},{"taxonomy":"post_tag","embeddable":true,"href":"https:\/\/noticiasya.com\/el-valle\/wp-json\/wp\/v2\/tags?post=1454937"}],"curies":[{"name":"wp","href":"https:\/\/api.w.org\/{rel}","templated":true}]}}